{"id":99865,"date":"2026-05-03T13:38:46","date_gmt":"2026-05-03T13:38:46","guid":{"rendered":"https:\/\/www.shqiperia.com\/blog\/?p=99865"},"modified":"2026-05-03T13:38:46","modified_gmt":"2026-05-03T13:38:46","slug":"hapet-dege-studimi-per-te-mesuar-mbi-magjine","status":"publish","type":"post","link":"https:\/\/www.shqiperia.com\/blog\/hapet-dege-studimi-per-te-mesuar-mbi-magjine\/","title":{"rendered":"Hapet deg\u00eb studimi p\u00ebr t\u00eb m\u00ebsuar mbi magjin\u00eb"},"content":{"rendered":"<p><img data-recalc-dims=\"1\" loading=\"lazy\" decoding=\"async\" data-attachment-id=\"99866\" data-permalink=\"https:\/\/www.shqiperia.com\/blog\/hapet-dege-studimi-per-te-mesuar-mbi-magjine\/640-0-8e22870e93fa7e72379b318b9fb37db0\/\" data-orig-file=\"https:\/\/i0.wp.com\/www.shqiperia.com\/blog\/wp-content\/uploads\/2026\/05\/640-0-8e22870e93fa7e72379b318b9fb37db0.jpg?fit=640%2C408&amp;ssl=1\" data-orig-size=\"640,408\" data-comments-opened=\"1\" data-image-meta=\"{&quot;aperture&quot;:&quot;0&quot;,&quot;credit&quot;:&quot;&quot;,&quot;camera&quot;:&quot;&quot;,&quot;caption&quot;:&quot;&quot;,&quot;created_timestamp&quot;:&quot;0&quot;,&quot;copyright&quot;:&quot;&quot;,&quot;focal_length&quot;:&quot;0&quot;,&quot;iso&quot;:&quot;0&quot;,&quot;shutter_speed&quot;:&quot;0&quot;,&quot;title&quot;:&quot;&quot;,&quot;orientation&quot;:&quot;0&quot;}\" data-image-title=\"-640-0-8e22870e93fa7e72379b318b9fb37db0\" data-image-description=\"\" data-image-caption=\"\" data-medium-file=\"https:\/\/i0.wp.com\/www.shqiperia.com\/blog\/wp-content\/uploads\/2026\/05\/640-0-8e22870e93fa7e72379b318b9fb37db0.jpg?fit=300%2C191&amp;ssl=1\" data-large-file=\"https:\/\/i0.wp.com\/www.shqiperia.com\/blog\/wp-content\/uploads\/2026\/05\/640-0-8e22870e93fa7e72379b318b9fb37db0.jpg?fit=640%2C408&amp;ssl=1\" class=\"alignnone  wp-image-99866\" alt=\"\" src=\"https:\/\/i0.wp.com\/www.shqiperia.com\/blog\/wp-content\/uploads\/2026\/05\/640-0-8e22870e93fa7e72379b318b9fb37db0.jpg?resize=679%2C432&#038;ssl=1\" width=\"679\" height=\"432\" srcset=\"https:\/\/i0.wp.com\/www.shqiperia.com\/blog\/wp-content\/uploads\/2026\/05\/640-0-8e22870e93fa7e72379b318b9fb37db0.jpg?resize=300%2C191&amp;ssl=1 300w, https:\/\/i0.wp.com\/www.shqiperia.com\/blog\/wp-content\/uploads\/2026\/05\/640-0-8e22870e93fa7e72379b318b9fb37db0.jpg?resize=450%2C287&amp;ssl=1 450w, https:\/\/i0.wp.com\/www.shqiperia.com\/blog\/wp-content\/uploads\/2026\/05\/640-0-8e22870e93fa7e72379b318b9fb37db0.jpg?resize=600%2C383&amp;ssl=1 600w, https:\/\/i0.wp.com\/www.shqiperia.com\/blog\/wp-content\/uploads\/2026\/05\/640-0-8e22870e93fa7e72379b318b9fb37db0.jpg?resize=400%2C255&amp;ssl=1 400w, https:\/\/i0.wp.com\/www.shqiperia.com\/blog\/wp-content\/uploads\/2026\/05\/640-0-8e22870e93fa7e72379b318b9fb37db0.jpg?w=640&amp;ssl=1 640w\" sizes=\"auto, (max-width: 679px) 100vw, 679px\" \/><\/p>\n<p>3 Maji 2026<\/p>\n<p>Nj\u00eb program i ri masteri n\u00eb Universitetin e Exeter pritet t\u00eb sjell\u00eb p\u00ebr her\u00eb t\u00eb par\u00eb n\u00eb Mbret\u00ebrin\u00eb e Bashkuar nj\u00eb studim t\u00eb dedikuar t\u00ebr\u00ebsisht magjis\u00eb dhe shkencave okulte.<\/p>\n<p>Ky program vjen n\u00eb nj\u00eb koh\u00eb kur interesi publik p\u00ebr folklorin, praktikat mistike, leximin e tarotit dhe kristalet \u00ebsht\u00eb n\u00eb rritje.<\/p>\n<p>Sipas njoftimeve akademike, programi nuk synon t\u00eb m\u00ebsoj\u00eb praktika magjie, por t\u00eb analizoj\u00eb historin\u00eb, zhvillimin dhe ndikimin kulturor t\u00eb fenomeneve okulte n\u00eb shoq\u00ebri.<\/p>\n<p>Studimet do t\u00eb p\u00ebrfshijn\u00eb gjithashtu m\u00ebnyr\u00ebn se si k\u00ebto besime kan\u00eb ndikuar n\u00eb shkenc\u00eb, kultur\u00eb dhe mendimin njer\u00ebzor nd\u00ebr shekuj.<\/p>\n<p><span class=\"hover:entity-accent entity-underline inline cursor-pointer align-baseline\"><span class=\"whitespace-normal\">University of Exeter<\/span><\/span><span>\u00a0<\/span>thekson se ky kurs \u00ebsht\u00eb pjes\u00eb e qasjes akademike nd\u00ebrdisiplinore, duke trajtuar okultizmin si fenomen historik dhe social, dhe jo si praktik\u00eb e aft\u00ebsive mbinatyrore.<\/p>\n","protected":false},"excerpt":{"rendered":"<p>3 Maji 2026 Nj\u00eb program i ri masteri n\u00eb Universitetin e Exeter pritet t\u00eb sjell\u00eb p\u00ebr her\u00eb t\u00eb par\u00eb n\u00eb Mbret\u00ebrin\u00eb e Bashkuar nj\u00eb studim t\u00eb dedikuar t\u00ebr\u00ebsisht magjis\u00eb dhe shkencave okulte. Ky program vjen n\u00eb nj\u00eb koh\u00eb kur interesi publik p\u00ebr folklorin, praktikat mistike, leximin e tarotit dhe kristalet \u00ebsht\u00eb n\u00eb rritje. Sipas njoftimeve [&hellip;]<\/p>\n","protected":false},"author":9,"featured_media":99866,"comment_status":"open","ping_status":"open","sticky":false,"template":"","format":"standard","meta":{"jetpack_post_was_ever_published":false,"_jetpack_newsletter_access":"","_jetpack_dont_email_post_to_subs":false,"_jetpack_newsletter_tier_id":0,"_jetpack_memberships_contains_paywalled_content":false,"_jetpack_memberships_contains_paid_content":false,"footnotes":"","jetpack_publicize_message":"","jetpack_publicize_feature_enabled":true,"jetpack_social_post_already_shared":true,"jetpack_social_options":{"image_generator_settings":{"template":"highway","default_image_id":0,"font":"","enabled":false},"version":2}},"categories":[1,14,35],"tags":[],"class_list":["post-99865","post","type-post","status-publish","format-standard","has-post-thumbnail","hentry","category-njoftime-shtypi","category-press-releases","category-shoqerore"],"jetpack_publicize_connections":[],"jetpack_featured_media_url":"https:\/\/i0.wp.com\/www.shqiperia.com\/blog\/wp-content\/uploads\/2026\/05\/640-0-8e22870e93fa7e72379b318b9fb37db0.jpg?fit=640%2C408&ssl=1","jetpack_sharing_enabled":true,"jetpack_shortlink":"https:\/\/wp.me\/p5Z6wp-pYJ","jetpack-related-posts":[{"id":84144,"url":"https:\/\/www.shqiperia.com\/blog\/syri-i-keq-eshte-me-i-forte-se-magjia-ka-forca-okulte-qe-po-e-demonizojne-shoqerine\/","url_meta":{"origin":99865,"position":0},"title":"\u201cSyri i keq \u00ebsht\u00eb m\u00eb i fort\u00eb se magjia\u201d. &#8211; Ka forca okulte q\u00eb po e demonizojn\u00eb shoq\u00ebrin\u00eb","author":"Kurt Farka","date":"September 6, 2024","format":false,"excerpt":"6 Shtator 2024 Teologu Miron \u00c7ako thot\u00eb se magjia ekziston dhe gjendet kudo rreth nesh. Ve\u00e7 saj, p\u00ebr t\u00eb cil\u00ebn ai shpjegoi n\u00eb \u201cAldo Morning Show\u201d se \u00ebsht\u00eb nj\u00eb kontrat\u00eb me djallin, ekziston edhe syri i keq. Sipas teologut, syri i keq \u00ebsht\u00eb edhe m\u00eb i fort\u00eb se magjia pasi\u2026","rel":"","context":"In &quot;Blogu i Udh\u00ebtarit&quot;","block_context":{"text":"Blogu i Udh\u00ebtarit","link":"https:\/\/www.shqiperia.com\/blog\/category\/blogu-i-udhetarit\/"},"img":{"alt_text":"","src":"https:\/\/i0.wp.com\/www.shqiperia.com\/blog\/wp-content\/uploads\/2024\/09\/800-0-96121641231507.jpg?fit=800%2C382&ssl=1&resize=350%2C200","width":350,"height":200,"srcset":"https:\/\/i0.wp.com\/www.shqiperia.com\/blog\/wp-content\/uploads\/2024\/09\/800-0-96121641231507.jpg?fit=800%2C382&ssl=1&resize=350%2C200 1x, https:\/\/i0.wp.com\/www.shqiperia.com\/blog\/wp-content\/uploads\/2024\/09\/800-0-96121641231507.jpg?fit=800%2C382&ssl=1&resize=525%2C300 1.5x, https:\/\/i0.wp.com\/www.shqiperia.com\/blog\/wp-content\/uploads\/2024\/09\/800-0-96121641231507.jpg?fit=800%2C382&ssl=1&resize=700%2C400 2x"},"classes":[]},{"id":80394,"url":"https:\/\/www.shqiperia.com\/blog\/panairi-mbarekombetar-i-librit-akademik-e-shkencor-pergjate-3-diteve-ne-tirane\/","url_meta":{"origin":99865,"position":1},"title":"Panairi Mbar\u00ebkomb\u00ebtar i Librit Akademik e Shkencor, p\u00ebrgjat\u00eb 3 dit\u00ebve n\u00eb Tiran\u00eb","author":"Kurt Farka","date":"April 23, 2024","format":false,"excerpt":"23 Prill 2024 Sot n\u00eb Dit\u00ebn Nd\u00ebrkomb\u00ebtare t\u00eb Librit, n\u00eb ambientet e jashtme t\u00eb Akademis\u00eb s\u00eb Shkencave u hap Panairi i 3-t\u00eb mbar\u00ebkomb\u00ebtar i librit akademik dhe shkencor, i cili do t\u00eb vijoj\u00eb deri m\u00eb 25 prill. Ky panair zhvillohet si nism\u00eb e p\u00ebrbashk\u00ebt e Akademis\u00eb s\u00eb Shkencave t\u00eb Shqip\u00ebris\u00eb\u2026","rel":"","context":"In &quot;Blogu i Udh\u00ebtarit&quot;","block_context":{"text":"Blogu i Udh\u00ebtarit","link":"https:\/\/www.shqiperia.com\/blog\/category\/blogu-i-udhetarit\/"},"img":{"alt_text":"","src":"https:\/\/i0.wp.com\/www.shqiperia.com\/blog\/wp-content\/uploads\/2024\/04\/640-0-panairi-1713875086.jpg?fit=640%2C407&ssl=1&resize=350%2C200","width":350,"height":200,"srcset":"https:\/\/i0.wp.com\/www.shqiperia.com\/blog\/wp-content\/uploads\/2024\/04\/640-0-panairi-1713875086.jpg?fit=640%2C407&ssl=1&resize=350%2C200 1x, https:\/\/i0.wp.com\/www.shqiperia.com\/blog\/wp-content\/uploads\/2024\/04\/640-0-panairi-1713875086.jpg?fit=640%2C407&ssl=1&resize=525%2C300 1.5x"},"classes":[]},{"id":99456,"url":"https:\/\/www.shqiperia.com\/blog\/denoncimi-i-forte-i-elisa-spiropalit-institucionet-publike-me-fytyre-personale-perdoren-si-hanxhare-per-te-frikesuar-bizneset\/","url_meta":{"origin":99865,"position":2},"title":"Denoncimi i fort\u00eb i Elisa Spiropalit: Institucionet publike me fytyr\u00eb personale p\u00ebrdoren si hanxhar\u00eb p\u00ebr t\u00eb frik\u00ebsuar bizneset!","author":"Kurt Farka","date":"April 17, 2026","format":false,"excerpt":"17 Prill 2026 Ish-kryetarja e Parlamentit dhe ish-ministrja e Jashtme, Elisa Spiropali, nj\u00ebher\u00ebsh deputete e Partis\u00eb Socialiste ka denoncuar at\u00eb q\u00eb ajo e quan transformimin e qeveris\u00eb n\u00eb nj\u00eb struktur\u00eb q\u00eb funksionon me em\u00ebrime okulte dhe institucionet dhe titullar\u00ebt e saj, nuk zbatojn\u00eb ligjet, por urdhrat politik. N\u00eb nj\u00eb reagim\u2026","rel":"","context":"In &quot;Blogu i Udh\u00ebtarit&quot;","block_context":{"text":"Blogu i Udh\u00ebtarit","link":"https:\/\/www.shqiperia.com\/blog\/category\/blogu-i-udhetarit\/"},"img":{"alt_text":"","src":"https:\/\/i0.wp.com\/www.shqiperia.com\/blog\/wp-content\/uploads\/2026\/04\/Spiropali-Rama-Balluku.jpg?fit=687%2C419&ssl=1&resize=350%2C200","width":350,"height":200,"srcset":"https:\/\/i0.wp.com\/www.shqiperia.com\/blog\/wp-content\/uploads\/2026\/04\/Spiropali-Rama-Balluku.jpg?fit=687%2C419&ssl=1&resize=350%2C200 1x, https:\/\/i0.wp.com\/www.shqiperia.com\/blog\/wp-content\/uploads\/2026\/04\/Spiropali-Rama-Balluku.jpg?fit=687%2C419&ssl=1&resize=525%2C300 1.5x"},"classes":[]},{"id":16976,"url":"https:\/\/www.shqiperia.com\/blog\/moikom-zeqo-opinioni-publik-metafora-okulte-e-kazanit-mediatik-vetem-nje-njeri-arrin-qe-ta-mohoje-tere-median\/","url_meta":{"origin":99865,"position":3},"title":"Moikom Zeqo: Opinioni publik, metafora okulte e \u201ckazanit mediatik\u201d. Vet\u00ebm nj\u00eb njeri  arrin q\u00eb ta mohoje t\u00ebr\u00eb median.","author":"Kurt Farka","date":"February 4, 2019","format":false,"excerpt":"\u00a0Opinioni publik, metafora okulte e \u201ckazanit mediatik\u201d. Vet\u00ebm nj\u00eb njeri\u00a0 arrin q\u00eb ta mohoje t\u00ebr\u00eb median. Nga Moikom Zeqo. Titulli i m\u00ebsip\u00ebrm \u00ebsht\u00eb nj\u00eb subjekt\u00a0 i beft\u00eb, i natyrshem dhe nj\u00ebkoh\u00ebsisht pyetje e tmerrshme e ekzistences\u00a0 se opinionit publik ne Shqiperi si nje premise demokratike dhe epistimologjike. Opinioni publik ka\u2026","rel":"","context":"In &quot;Blogu i Udh\u00ebtarit&quot;","block_context":{"text":"Blogu i Udh\u00ebtarit","link":"https:\/\/www.shqiperia.com\/blog\/category\/blogu-i-udhetarit\/"},"img":{"alt_text":"","src":"https:\/\/i0.wp.com\/www.shqiperia.com\/blog\/wp-content\/uploads\/2019\/02\/41469819_1933387486720322_3286069479485734912_n-905x395.jpg?fit=868%2C395&ssl=1&resize=350%2C200","width":350,"height":200,"srcset":"https:\/\/i0.wp.com\/www.shqiperia.com\/blog\/wp-content\/uploads\/2019\/02\/41469819_1933387486720322_3286069479485734912_n-905x395.jpg?fit=868%2C395&ssl=1&resize=350%2C200 1x, https:\/\/i0.wp.com\/www.shqiperia.com\/blog\/wp-content\/uploads\/2019\/02\/41469819_1933387486720322_3286069479485734912_n-905x395.jpg?fit=868%2C395&ssl=1&resize=525%2C300 1.5x, https:\/\/i0.wp.com\/www.shqiperia.com\/blog\/wp-content\/uploads\/2019\/02\/41469819_1933387486720322_3286069479485734912_n-905x395.jpg?fit=868%2C395&ssl=1&resize=700%2C400 2x"},"classes":[]},{"id":30514,"url":"https:\/\/www.shqiperia.com\/blog\/levizja-e-re-studentore-kercenim-serioz-per-krimin-politik-dhe-politiken-kriminale\/","url_meta":{"origin":99865,"position":4},"title":"L\u00ebvizja e re studentore, k\u00ebrc\u00ebnim serioz p\u00ebr krimin politik dhe politik\u00ebn kriminale.","author":"Kurt Farka","date":"January 20, 2020","format":false,"excerpt":"L\u00ebvizja e re studentore, k\u00ebrc\u00ebnim serioz p\u00ebr krimin politik dhe politik\u00ebn kriminale Nga\u00a0Enida V\u00ebr\u00e7a Mjaft qytetar u zhg\u00ebnjyen nga l\u00ebvizja studentore e Dhjetorit t\u00eb 2-t\u00eb t\u00eb 2018. Ajo qe v\u00ebrtet nj\u00eb l\u00ebvizje p\u00ebr nga dimensioni masive, p\u00ebr nga p\u00ebrmbajtja e r\u00ebnd\u00ebsishme, p\u00ebr nga forma aforme dhe p\u00ebr nga konkluzionet boshe.\u2026","rel":"","context":"In &quot;Blogu i Udh\u00ebtarit&quot;","block_context":{"text":"Blogu i Udh\u00ebtarit","link":"https:\/\/www.shqiperia.com\/blog\/category\/blogu-i-udhetarit\/"},"img":{"alt_text":"","src":"https:\/\/i0.wp.com\/www.shqiperia.com\/blog\/wp-content\/uploads\/2020\/01\/kryesor-682x365-1.png?fit=682%2C365&ssl=1&resize=350%2C200","width":350,"height":200,"srcset":"https:\/\/i0.wp.com\/www.shqiperia.com\/blog\/wp-content\/uploads\/2020\/01\/kryesor-682x365-1.png?fit=682%2C365&ssl=1&resize=350%2C200 1x, https:\/\/i0.wp.com\/www.shqiperia.com\/blog\/wp-content\/uploads\/2020\/01\/kryesor-682x365-1.png?fit=682%2C365&ssl=1&resize=525%2C300 1.5x"},"classes":[]},{"id":87852,"url":"https:\/\/www.shqiperia.com\/blog\/thellohet-skandali-ne-akademine-e-sigurise-rektori-mandro-mbreteron-ne-paligjshmeri-organet-drejtuese\/","url_meta":{"origin":99865,"position":5},"title":"Thellohet skandali n\u00eb Akademin\u00eb e Siguris\u00eb. &#8211; Rektori Mandro mbret\u00ebron n\u00eb paligjshm\u00ebri, organet drejtuese\u2026","author":"Kurt Farka","date":"December 27, 2024","format":false,"excerpt":"27 Dhjetor 2024 Skandali n\u00eb Akademin\u00eb e Siguris\u00eb duket se po thellohet dita-dit\u00ebs, duke ngritur pik\u00ebpyetje t\u00eb m\u00ebdha mbi legjitimitetin e k\u00ebtij institucioni t\u00eb arsimit t\u00eb lart\u00eb dhe mbi veprimet e rektorit t\u00eb saj, Ilirjan Mandro. Si\u00e7 edhe premtuam n\u00eb shkrimin e djesh\u00ebm p\u00ebr Akademin\u00eb e Siguris\u00eb dhe b\u00ebmat e\u2026","rel":"","context":"In &quot;Blogu i Udh\u00ebtarit&quot;","block_context":{"text":"Blogu i Udh\u00ebtarit","link":"https:\/\/www.shqiperia.com\/blog\/category\/blogu-i-udhetarit\/"},"img":{"alt_text":"","src":"https:\/\/i0.wp.com\/www.shqiperia.com\/blog\/wp-content\/uploads\/2024\/12\/Policia-akademike.jpg?fit=596%2C390&ssl=1&resize=350%2C200","width":350,"height":200,"srcset":"https:\/\/i0.wp.com\/www.shqiperia.com\/blog\/wp-content\/uploads\/2024\/12\/Policia-akademike.jpg?fit=596%2C390&ssl=1&resize=350%2C200 1x, https:\/\/i0.wp.com\/www.shqiperia.com\/blog\/wp-content\/uploads\/2024\/12\/Policia-akademike.jpg?fit=596%2C390&ssl=1&resize=525%2C300 1.5x"},"classes":[]}],"_links":{"self":[{"href":"https:\/\/www.shqiperia.com\/blog\/wp-json\/wp\/v2\/posts\/99865","targetHints":{"allow":["GET"]}}],"collection":[{"href":"https:\/\/www.shqiperia.com\/blog\/wp-json\/wp\/v2\/posts"}],"about":[{"href":"https:\/\/www.shqiperia.com\/blog\/wp-json\/wp\/v2\/types\/post"}],"author":[{"embeddable":true,"href":"https:\/\/www.shqiperia.com\/blog\/wp-json\/wp\/v2\/users\/9"}],"replies":[{"embeddable":true,"href":"https:\/\/www.shqiperia.com\/blog\/wp-json\/wp\/v2\/comments?post=99865"}],"version-history":[{"count":1,"href":"https:\/\/www.shqiperia.com\/blog\/wp-json\/wp\/v2\/posts\/99865\/revisions"}],"predecessor-version":[{"id":99867,"href":"https:\/\/www.shqiperia.com\/blog\/wp-json\/wp\/v2\/posts\/99865\/revisions\/99867"}],"wp:featuredmedia":[{"embeddable":true,"href":"https:\/\/www.shqiperia.com\/blog\/wp-json\/wp\/v2\/media\/99866"}],"wp:attachment":[{"href":"https:\/\/www.shqiperia.com\/blog\/wp-json\/wp\/v2\/media?parent=99865"}],"wp:term":[{"taxonomy":"category","embeddable":true,"href":"https:\/\/www.shqiperia.com\/blog\/wp-json\/wp\/v2\/categories?post=99865"},{"taxonomy":"post_tag","embeddable":true,"href":"https:\/\/www.shqiperia.com\/blog\/wp-json\/wp\/v2\/tags?post=99865"}],"curies":[{"name":"wp","href":"https:\/\/api.w.org\/{rel}","templated":true}]}}