{"id":99862,"date":"2026-05-03T13:36:28","date_gmt":"2026-05-03T13:36:28","guid":{"rendered":"https:\/\/www.shqiperia.com\/blog\/?p=99862"},"modified":"2026-05-03T13:36:28","modified_gmt":"2026-05-03T13:36:28","slug":"dalin-ne-drite-faqet-e-humbura-te-testamentit-te-ri","status":"publish","type":"post","link":"https:\/\/www.shqiperia.com\/blog\/dalin-ne-drite-faqet-e-humbura-te-testamentit-te-ri\/","title":{"rendered":"Dalin n\u00eb drit\u00eb faqet e humbura t\u00eb \u201cTestamentit t\u00eb Ri\u201d"},"content":{"rendered":"<p><img data-recalc-dims=\"1\" loading=\"lazy\" decoding=\"async\" data-attachment-id=\"99863\" data-permalink=\"https:\/\/www.shqiperia.com\/blog\/dalin-ne-drite-faqet-e-humbura-te-testamentit-te-ri\/640-0-de0a3db82a29f8d7802345093863164c\/\" data-orig-file=\"https:\/\/i0.wp.com\/www.shqiperia.com\/blog\/wp-content\/uploads\/2026\/05\/640-0-de0a3db82a29f8d7802345093863164c.jpg?fit=640%2C414&amp;ssl=1\" data-orig-size=\"640,414\" data-comments-opened=\"1\" data-image-meta=\"{&quot;aperture&quot;:&quot;0&quot;,&quot;credit&quot;:&quot;&quot;,&quot;camera&quot;:&quot;&quot;,&quot;caption&quot;:&quot;&quot;,&quot;created_timestamp&quot;:&quot;0&quot;,&quot;copyright&quot;:&quot;&quot;,&quot;focal_length&quot;:&quot;0&quot;,&quot;iso&quot;:&quot;0&quot;,&quot;shutter_speed&quot;:&quot;0&quot;,&quot;title&quot;:&quot;&quot;,&quot;orientation&quot;:&quot;0&quot;}\" data-image-title=\"-640-0-de0a3db82a29f8d7802345093863164c\" data-image-description=\"\" data-image-caption=\"\" data-medium-file=\"https:\/\/i0.wp.com\/www.shqiperia.com\/blog\/wp-content\/uploads\/2026\/05\/640-0-de0a3db82a29f8d7802345093863164c.jpg?fit=300%2C194&amp;ssl=1\" data-large-file=\"https:\/\/i0.wp.com\/www.shqiperia.com\/blog\/wp-content\/uploads\/2026\/05\/640-0-de0a3db82a29f8d7802345093863164c.jpg?fit=640%2C414&amp;ssl=1\" class=\"alignnone  wp-image-99863\" alt=\"\" src=\"https:\/\/i0.wp.com\/www.shqiperia.com\/blog\/wp-content\/uploads\/2026\/05\/640-0-de0a3db82a29f8d7802345093863164c.jpg?resize=639%2C413&#038;ssl=1\" width=\"639\" height=\"413\" srcset=\"https:\/\/i0.wp.com\/www.shqiperia.com\/blog\/wp-content\/uploads\/2026\/05\/640-0-de0a3db82a29f8d7802345093863164c.jpg?resize=300%2C194&amp;ssl=1 300w, https:\/\/i0.wp.com\/www.shqiperia.com\/blog\/wp-content\/uploads\/2026\/05\/640-0-de0a3db82a29f8d7802345093863164c.jpg?resize=450%2C291&amp;ssl=1 450w, https:\/\/i0.wp.com\/www.shqiperia.com\/blog\/wp-content\/uploads\/2026\/05\/640-0-de0a3db82a29f8d7802345093863164c.jpg?resize=600%2C388&amp;ssl=1 600w, https:\/\/i0.wp.com\/www.shqiperia.com\/blog\/wp-content\/uploads\/2026\/05\/640-0-de0a3db82a29f8d7802345093863164c.jpg?resize=400%2C259&amp;ssl=1 400w, https:\/\/i0.wp.com\/www.shqiperia.com\/blog\/wp-content\/uploads\/2026\/05\/640-0-de0a3db82a29f8d7802345093863164c.jpg?w=640&amp;ssl=1 640w\" sizes=\"auto, (max-width: 639px) 100vw, 639px\" \/><\/p>\n<p>3 Maji 2026<\/p>\n<p>Zbulim i ri n\u00eb University of Glasgow. Nj\u00eb ekip studiuesish nga universiteti skocez ka arritur t\u00eb rikuperoj\u00eb 42 faqe t\u00eb humbura m\u00eb par\u00eb t\u00eb New Testament, shkruan messaggero.it.<\/p>\n<p>Midis shekujve X dhe XIII, murgjit e Manastirit t\u00eb Madh t\u00eb Lavr\u00ebs n\u00eb Mount Athos, n\u00eb Greqi, \u00e7montonin her\u00eb pas here nj\u00eb dor\u00ebshkrim t\u00eb shekullit VI dhe rip\u00ebrdornin faqet e tij si material lidh\u00ebs dhe si flet\u00eb mbrojt\u00ebse p\u00ebr tekste t\u00eb tjera.<\/p>\n<p>Me kalimin e koh\u00ebs, i ashtuquajturi \u201cCodice H\u201d u zhduk plot\u00ebsisht.<\/p>\n<p>K\u00ebto v\u00ebllime t\u00eb reja u shp\u00ebrndan\u00eb n\u00eb t\u00eb gjith\u00eb Evrop\u00ebn dhe vet\u00ebm fal\u00eb k\u00ebmb\u00ebnguljes s\u00eb nj\u00eb murgu francez t\u00eb shekullit XVIII, i cili arriti t\u00eb identifikoj\u00eb faqet e humbura n\u00eb biblioteka n\u00eb Itali, Greqi, Rusi, Ukrain\u00eb dhe Franc\u00eb, studiuesit e sot\u00ebm arrit\u00ebn t\u2019i gjurmojn\u00eb ato.<\/p>\n<p>Edhe pse p\u00ebrmbajtja e p\u00ebrgjithshme e \u201cCodice H\u201d, q\u00eb p\u00ebrmban nj\u00eb kopje t\u00eb letrave t\u00eb Saint Paul, ishte p\u00ebrgjith\u00ebsisht e njohur, renditja e tij dhe formulimi i sakt\u00eb dukeshin t\u00eb paarritsh\u00ebm.<\/p>\n<p>Nj\u00eb ekip k\u00ebrkuesish nga University of Glasgow ka arritur tani t\u00eb rikuperoj\u00eb 42 faqe t\u00eb humbura m\u00eb par\u00eb nga ky dor\u00ebshkrim i r\u00ebnd\u00ebsish\u00ebm i New Testament.<\/p>\n<p>Sipas Artnet, teknologjia q\u00eb b\u00ebri t\u00eb mundur zbulimin e k\u00ebtyre shkrimeve greke 1500-vje\u00e7are \u00ebsht\u00eb imazheria multispektrale, e cila u lejoi studiuesve t\u00eb identifikojn\u00eb gjurm\u00eb boje pothuajse t\u00eb padukshme p\u00ebr syrin e lir\u00eb.<\/p>\n","protected":false},"excerpt":{"rendered":"<p>3 Maji 2026 Zbulim i ri n\u00eb University of Glasgow. Nj\u00eb ekip studiuesish nga universiteti skocez ka arritur t\u00eb rikuperoj\u00eb 42 faqe t\u00eb humbura m\u00eb par\u00eb t\u00eb New Testament, shkruan messaggero.it. Midis shekujve X dhe XIII, murgjit e Manastirit t\u00eb Madh t\u00eb Lavr\u00ebs n\u00eb Mount Athos, n\u00eb Greqi, \u00e7montonin her\u00eb pas here nj\u00eb dor\u00ebshkrim t\u00eb [&hellip;]<\/p>\n","protected":false},"author":9,"featured_media":99863,"comment_status":"open","ping_status":"open","sticky":false,"template":"","format":"standard","meta":{"jetpack_post_was_ever_published":false,"_jetpack_newsletter_access":"","_jetpack_dont_email_post_to_subs":false,"_jetpack_newsletter_tier_id":0,"_jetpack_memberships_contains_paywalled_content":false,"_jetpack_memberships_contains_paid_content":false,"footnotes":"","jetpack_publicize_message":"","jetpack_publicize_feature_enabled":true,"jetpack_social_post_already_shared":true,"jetpack_social_options":{"image_generator_settings":{"template":"highway","default_image_id":0,"font":"","enabled":false},"version":2}},"categories":[27,85,1],"tags":[],"class_list":["post-99862","post","type-post","status-publish","format-standard","has-post-thumbnail","hentry","category-blogu-i-udhetarit","category-histori","category-njoftime-shtypi"],"jetpack_publicize_connections":[],"jetpack_featured_media_url":"https:\/\/i0.wp.com\/www.shqiperia.com\/blog\/wp-content\/uploads\/2026\/05\/640-0-de0a3db82a29f8d7802345093863164c.jpg?fit=640%2C414&ssl=1","jetpack_sharing_enabled":true,"jetpack_shortlink":"https:\/\/wp.me\/p5Z6wp-pYG","jetpack-related-posts":[{"id":40862,"url":"https:\/\/www.shqiperia.com\/blog\/duncan-grant-zbulohen-vizatimet-erotike-te-humbura-me-vlere-2-mln-dollare\/","url_meta":{"origin":99862,"position":0},"title":"Duncan Grant: &#8211; Zbulohen vizatimet erotike t\u00eb \u2018humbura\u2019 me vler\u00eb 2 mln dollar\u00eb","author":"Kurt Farka","date":"November 14, 2020","format":false,"excerpt":"Duncan Grant: - Zbulohen vizatimet erotike t\u00eb \u2018humbura\u2019 me vler\u00eb 2 mln dollar\u00eb Koh\u00ebt e fundit kan\u00eb dal\u00eb n\u00eb pah disa vizatime t\u00eb qarta nga Duncan Grant, nj\u00eb nga piktor\u00ebt m\u00eb t\u00eb njohur t\u00eb shekullit XX. \u201cT\u00eb gjith\u00eb menduam se ishin shkat\u00ebrruar,\u201d tha Darren Clarke, kreu i koleksioneve n\u00eb Charleston,\u2026","rel":"","context":"In &quot;Arte&quot;","block_context":{"text":"Arte","link":"https:\/\/www.shqiperia.com\/blog\/category\/arte\/"},"img":{"alt_text":"","src":"https:\/\/i0.wp.com\/www.shqiperia.com\/blog\/wp-content\/uploads\/2020\/11\/er2.jpg?fit=624%2C351&ssl=1&resize=350%2C200","width":350,"height":200,"srcset":"https:\/\/i0.wp.com\/www.shqiperia.com\/blog\/wp-content\/uploads\/2020\/11\/er2.jpg?fit=624%2C351&ssl=1&resize=350%2C200 1x, https:\/\/i0.wp.com\/www.shqiperia.com\/blog\/wp-content\/uploads\/2020\/11\/er2.jpg?fit=624%2C351&ssl=1&resize=525%2C300 1.5x"},"classes":[]},{"id":8182,"url":"https:\/\/www.shqiperia.com\/blog\/dokumentohet-per-here-te-pare-katalogu-i-objekteve-te-humbura-1990-2016\/","url_meta":{"origin":99862,"position":1},"title":"Dokumentohet p\u00ebr her\u00eb t\u00eb par\u00eb \u201cKatalogu i Objekteve t\u00eb Humbura 1990 \u2013 2016\u201d. &#8211;","author":"Kurt Farka","date":"May 31, 2018","format":false,"excerpt":"Dokumentohet p\u00ebr her\u00eb t\u00eb par\u00eb \u201cKatalogu i Objekteve t\u00eb Humbura 1990 \u2013 2016\u201d. - P\u00ebr her\u00eb par\u00eb dokumentohen n\u00eb nj\u00eb pun\u00eb serioze dhe p\u00ebrpjekje titanike, objektet e humbura t\u00eb trash\u00ebgimis\u00eb n\u00eb Shqip\u00ebri. Qendra Komb\u00ebtare e Inventarizimit t\u00eb Pasurive Kulturore ka p\u00ebrgatitur botimin \u201cKatalogu i Objekteve t\u00eb Humbura 1990 \u2013 2016\u2026","rel":"","context":"In &quot;Arte&quot;","block_context":{"text":"Arte","link":"https:\/\/www.shqiperia.com\/blog\/category\/arte\/"},"img":{"alt_text":"","src":"https:\/\/i0.wp.com\/www.shqiperia.com\/blog\/wp-content\/uploads\/2018\/05\/ed93b4733db39837bdcd5884894e4b35_XL.jpg?fit=776%2C400&ssl=1&resize=350%2C200","width":350,"height":200,"srcset":"https:\/\/i0.wp.com\/www.shqiperia.com\/blog\/wp-content\/uploads\/2018\/05\/ed93b4733db39837bdcd5884894e4b35_XL.jpg?fit=776%2C400&ssl=1&resize=350%2C200 1x, https:\/\/i0.wp.com\/www.shqiperia.com\/blog\/wp-content\/uploads\/2018\/05\/ed93b4733db39837bdcd5884894e4b35_XL.jpg?fit=776%2C400&ssl=1&resize=525%2C300 1.5x, https:\/\/i0.wp.com\/www.shqiperia.com\/blog\/wp-content\/uploads\/2018\/05\/ed93b4733db39837bdcd5884894e4b35_XL.jpg?fit=776%2C400&ssl=1&resize=700%2C400 2x"},"classes":[]},{"id":76884,"url":"https:\/\/www.shqiperia.com\/blog\/nga-machu-picchu-te-troja-10-qytetet-e-pabesueshme-qe-humben-gjate-historise\/","url_meta":{"origin":99862,"position":2},"title":"Nga Machu Picchu te Troja, 10 qytetet e pabesueshme q\u00eb humb\u00ebn gjat\u00eb historis\u00eb\u2026","author":"Kurt Farka","date":"December 31, 2023","format":false,"excerpt":"31 Dhjetor 2023 Bota \u00ebsht\u00eb plot me qytete t\u00eb humbura, shum\u00eb prej t\u00eb cil\u00ebve u braktis\u00ebn duke mbetur nj\u00eb mister. K\u00ebrkimi p\u00ebr qytete t\u00eb tilla t\u00eb humbura t\u00ebrhoqi eksploruesit e aventurave q\u00eb n\u00eb shekullin e 15-t\u00eb, duke \u00e7uar n\u00eb zhvillimin e arkeologjis\u00eb. Nj\u00eb qytet i humbur nuk duhet t\u00eb ngat\u00ebrrohet\u2026","rel":"","context":"In &quot;Blogu i Udh\u00ebtarit&quot;","block_context":{"text":"Blogu i Udh\u00ebtarit","link":"https:\/\/www.shqiperia.com\/blog\/category\/blogu-i-udhetarit\/"},"img":{"alt_text":"","src":"https:\/\/i0.wp.com\/www.shqiperia.com\/blog\/wp-content\/uploads\/2023\/12\/76193B50-3B09-46D1-B727-F1D321AE286F-1.jpeg?fit=500%2C343&ssl=1&resize=350%2C200","width":350,"height":200},"classes":[]},{"id":32019,"url":"https:\/\/www.shqiperia.com\/blog\/deri-ne-fund-te-shekullit-gjysma-e-plazheve-te-botes-mund-te-zhduken\/","url_meta":{"origin":99862,"position":3},"title":"Deri n\u00eb fund t\u00eb shekullit, gjysma e plazheve t\u00eb bot\u00ebs mund t\u00eb zhduken","author":"Kurt Farka","date":"March 3, 2020","format":false,"excerpt":"Deri n\u00eb fund t\u00eb shekullit, gjysma e plazheve t\u00eb bot\u00ebs mund t\u00eb zhduken 3 Mars 2020 Ndryshimi i klim\u00ebs paraqet nj\u00eb k\u00ebrc\u00ebnim ekzistencial p\u00ebr plazhet me r\u00ebr\u00eb t\u00eb bot\u00ebs, gjysma e t\u00eb cil\u00ebve, sipas nj\u00eb studimi t\u00eb ri, mund t\u00eb zhduken deri n\u00eb fund t\u00eb shekullit. Madje q\u00eb n\u00eb 2050-n,\u2026","rel":"","context":"In &quot;Blogu i Udh\u00ebtarit&quot;","block_context":{"text":"Blogu i Udh\u00ebtarit","link":"https:\/\/www.shqiperia.com\/blog\/category\/blogu-i-udhetarit\/"},"img":{"alt_text":"","src":"https:\/\/i0.wp.com\/www.shqiperia.com\/blog\/wp-content\/uploads\/2020\/03\/191016104113-04-climate-change-beaches-exlarge-169.jpg?fit=780%2C409&ssl=1&resize=350%2C200","width":350,"height":200,"srcset":"https:\/\/i0.wp.com\/www.shqiperia.com\/blog\/wp-content\/uploads\/2020\/03\/191016104113-04-climate-change-beaches-exlarge-169.jpg?fit=780%2C409&ssl=1&resize=350%2C200 1x, https:\/\/i0.wp.com\/www.shqiperia.com\/blog\/wp-content\/uploads\/2020\/03\/191016104113-04-climate-change-beaches-exlarge-169.jpg?fit=780%2C409&ssl=1&resize=525%2C300 1.5x, https:\/\/i0.wp.com\/www.shqiperia.com\/blog\/wp-content\/uploads\/2020\/03\/191016104113-04-climate-change-beaches-exlarge-169.jpg?fit=780%2C409&ssl=1&resize=700%2C400 2x"},"classes":[]},{"id":54084,"url":"https:\/\/www.shqiperia.com\/blog\/rusia-sulmon-ukrainen-hakerat-shkaterrojne-faqet-zyrtare-te-qeverise-dhe-te-bankave\/","url_meta":{"origin":99862,"position":4},"title":"Rusia &#8220;sulmon&#8221; Ukrain\u00ebn: &#8211; \u00a0Hakerat shkat\u00ebrrojn\u00eb faqet zyrtare t\u00eb qeveris\u00eb dhe t\u00eb bankave","author":"Kurt Farka","date":"February 16, 2022","format":false,"excerpt":"Rusia \"sulmon\" Ukrain\u00ebn: - \u00a0Hakerat shkat\u00ebrrojn\u00eb faqet zyrtare t\u00eb qeveris\u00eb dhe t\u00eb bankave 16 SHKURT 2022 Nj\u00eb sulm kibernetik goditi faqet e agjensive qeveritare ukrainase dhe t\u00eb bankave kryesore t\u00eb mart\u00ebn, njoftuan autoritetet ukrainase. T\u00eb pakt\u00ebn 10 faqe ukrainase ishin t\u00eb paarritshme p\u00ebr shkak t\u00eb sulmeve, duke p\u00ebrfshir\u00eb faqet e\u2026","rel":"","context":"In &quot;Blogu i Udh\u00ebtarit&quot;","block_context":{"text":"Blogu i Udh\u00ebtarit","link":"https:\/\/www.shqiperia.com\/blog\/category\/blogu-i-udhetarit\/"},"img":{"alt_text":"","src":"https:\/\/i0.wp.com\/www.shqiperia.com\/blog\/wp-content\/uploads\/2022\/02\/640-0-620d31483acc6.jpg?fit=640%2C360&ssl=1&resize=350%2C200","width":350,"height":200,"srcset":"https:\/\/i0.wp.com\/www.shqiperia.com\/blog\/wp-content\/uploads\/2022\/02\/640-0-620d31483acc6.jpg?fit=640%2C360&ssl=1&resize=350%2C200 1x, https:\/\/i0.wp.com\/www.shqiperia.com\/blog\/wp-content\/uploads\/2022\/02\/640-0-620d31483acc6.jpg?fit=640%2C360&ssl=1&resize=525%2C300 1.5x"},"classes":[]},{"id":98320,"url":"https:\/\/www.shqiperia.com\/blog\/arben-malaj-ben-thirrje-per-rebelim-brenda-ps-rama-i-etur-per-gjak-do-ua-pije-juve\/","url_meta":{"origin":99862,"position":5},"title":"Arben Malaj b\u00ebn thirrje p\u00ebr rebelim brenda PS: &#8211; Rama i etur p\u00ebr gjak, do ua pij\u00eb juve","author":"Kurt Farka","date":"March 11, 2026","format":false,"excerpt":"11 Mars 2026 Ish-ministri socialist i Financave Arben Malaj u b\u00ebri thirrje deputet\u00ebve t\u00eb Partis\u00eb Socialiste q\u00eb t\u00eb rebelohen ndaj kryetarit t\u00eb tyre Edi Rama. Malaj deklaroi se nj\u00eb bllokim i mundsh\u00ebm i k\u00ebrkes\u00ebs s\u00eb SPAK p\u00ebr imunitetin e Ballukut do t\u00eb rrezikoj\u00eb integrimin e vendit n\u00eb Bashkimin Europian. Ish-ministri\u2026","rel":"","context":"In &quot;Blogu i Udh\u00ebtarit&quot;","block_context":{"text":"Blogu i Udh\u00ebtarit","link":"https:\/\/www.shqiperia.com\/blog\/category\/blogu-i-udhetarit\/"},"img":{"alt_text":"","src":"https:\/\/i0.wp.com\/www.shqiperia.com\/blog\/wp-content\/uploads\/2026\/03\/Arben-Malaj.jpg?fit=960%2C554&ssl=1&resize=350%2C200","width":350,"height":200,"srcset":"https:\/\/i0.wp.com\/www.shqiperia.com\/blog\/wp-content\/uploads\/2026\/03\/Arben-Malaj.jpg?fit=960%2C554&ssl=1&resize=350%2C200 1x, https:\/\/i0.wp.com\/www.shqiperia.com\/blog\/wp-content\/uploads\/2026\/03\/Arben-Malaj.jpg?fit=960%2C554&ssl=1&resize=525%2C300 1.5x, https:\/\/i0.wp.com\/www.shqiperia.com\/blog\/wp-content\/uploads\/2026\/03\/Arben-Malaj.jpg?fit=960%2C554&ssl=1&resize=700%2C400 2x"},"classes":[]}],"_links":{"self":[{"href":"https:\/\/www.shqiperia.com\/blog\/wp-json\/wp\/v2\/posts\/99862","targetHints":{"allow":["GET"]}}],"collection":[{"href":"https:\/\/www.shqiperia.com\/blog\/wp-json\/wp\/v2\/posts"}],"about":[{"href":"https:\/\/www.shqiperia.com\/blog\/wp-json\/wp\/v2\/types\/post"}],"author":[{"embeddable":true,"href":"https:\/\/www.shqiperia.com\/blog\/wp-json\/wp\/v2\/users\/9"}],"replies":[{"embeddable":true,"href":"https:\/\/www.shqiperia.com\/blog\/wp-json\/wp\/v2\/comments?post=99862"}],"version-history":[{"count":1,"href":"https:\/\/www.shqiperia.com\/blog\/wp-json\/wp\/v2\/posts\/99862\/revisions"}],"predecessor-version":[{"id":99864,"href":"https:\/\/www.shqiperia.com\/blog\/wp-json\/wp\/v2\/posts\/99862\/revisions\/99864"}],"wp:featuredmedia":[{"embeddable":true,"href":"https:\/\/www.shqiperia.com\/blog\/wp-json\/wp\/v2\/media\/99863"}],"wp:attachment":[{"href":"https:\/\/www.shqiperia.com\/blog\/wp-json\/wp\/v2\/media?parent=99862"}],"wp:term":[{"taxonomy":"category","embeddable":true,"href":"https:\/\/www.shqiperia.com\/blog\/wp-json\/wp\/v2\/categories?post=99862"},{"taxonomy":"post_tag","embeddable":true,"href":"https:\/\/www.shqiperia.com\/blog\/wp-json\/wp\/v2\/tags?post=99862"}],"curies":[{"name":"wp","href":"https:\/\/api.w.org\/{rel}","templated":true}]}}