{"id":99859,"date":"2026-05-03T13:30:34","date_gmt":"2026-05-03T13:30:34","guid":{"rendered":"https:\/\/www.shqiperia.com\/blog\/?p=99859"},"modified":"2026-05-03T13:30:34","modified_gmt":"2026-05-03T13:30:34","slug":"erion-veliaj-u-nis-letra-ambasadave","status":"publish","type":"post","link":"https:\/\/www.shqiperia.com\/blog\/erion-veliaj-u-nis-letra-ambasadave\/","title":{"rendered":"Erion Veliaj u nis letra ambasadave!"},"content":{"rendered":"<p><img data-recalc-dims=\"1\" loading=\"lazy\" decoding=\"async\" data-attachment-id=\"99860\" data-permalink=\"https:\/\/www.shqiperia.com\/blog\/erion-veliaj-u-nis-letra-ambasadave\/800-0-veliaj\/\" data-orig-file=\"https:\/\/i0.wp.com\/www.shqiperia.com\/blog\/wp-content\/uploads\/2026\/05\/800-0-veliaj.jpg?fit=800%2C549&amp;ssl=1\" data-orig-size=\"800,549\" data-comments-opened=\"1\" data-image-meta=\"{&quot;aperture&quot;:&quot;0&quot;,&quot;credit&quot;:&quot;&quot;,&quot;camera&quot;:&quot;&quot;,&quot;caption&quot;:&quot;&quot;,&quot;created_timestamp&quot;:&quot;0&quot;,&quot;copyright&quot;:&quot;&quot;,&quot;focal_length&quot;:&quot;0&quot;,&quot;iso&quot;:&quot;0&quot;,&quot;shutter_speed&quot;:&quot;0&quot;,&quot;title&quot;:&quot;&quot;,&quot;orientation&quot;:&quot;0&quot;}\" data-image-title=\"-800-0-veliaj\" data-image-description=\"\" data-image-caption=\"\" data-medium-file=\"https:\/\/i0.wp.com\/www.shqiperia.com\/blog\/wp-content\/uploads\/2026\/05\/800-0-veliaj.jpg?fit=300%2C206&amp;ssl=1\" data-large-file=\"https:\/\/i0.wp.com\/www.shqiperia.com\/blog\/wp-content\/uploads\/2026\/05\/800-0-veliaj.jpg?fit=800%2C549&amp;ssl=1\" class=\"alignnone  wp-image-99860\" alt=\"\" src=\"https:\/\/i0.wp.com\/www.shqiperia.com\/blog\/wp-content\/uploads\/2026\/05\/800-0-veliaj.jpg?resize=550%2C378&#038;ssl=1\" width=\"550\" height=\"378\" srcset=\"https:\/\/i0.wp.com\/www.shqiperia.com\/blog\/wp-content\/uploads\/2026\/05\/800-0-veliaj.jpg?resize=300%2C206&amp;ssl=1 300w, https:\/\/i0.wp.com\/www.shqiperia.com\/blog\/wp-content\/uploads\/2026\/05\/800-0-veliaj.jpg?resize=768%2C527&amp;ssl=1 768w, https:\/\/i0.wp.com\/www.shqiperia.com\/blog\/wp-content\/uploads\/2026\/05\/800-0-veliaj.jpg?resize=450%2C309&amp;ssl=1 450w, https:\/\/i0.wp.com\/www.shqiperia.com\/blog\/wp-content\/uploads\/2026\/05\/800-0-veliaj.jpg?resize=600%2C412&amp;ssl=1 600w, https:\/\/i0.wp.com\/www.shqiperia.com\/blog\/wp-content\/uploads\/2026\/05\/800-0-veliaj.jpg?resize=400%2C275&amp;ssl=1 400w, https:\/\/i0.wp.com\/www.shqiperia.com\/blog\/wp-content\/uploads\/2026\/05\/800-0-veliaj.jpg?w=800&amp;ssl=1 800w\" sizes=\"auto, (max-width: 550px) 100vw, 550px\" \/><\/p>\n<p>3 Maji 206<\/p>\n<p>I m\u00ebsuar me letra p\u00ebr ambasador\u00ebt dhe emaile q\u00eb as skenarist\u00ebt e filmave horror nuk i \u00e7onin n\u00eb mendje, Erion Veliaj nuk i ndahet zanatit t\u00eb vjet\u00ebr, edhe n\u00eb koh\u00ebn kur ndodhet n\u00eb qeli.<\/p>\n<p>N\u00ebp\u00ebrmjet avokat\u00ebve t\u00eb huaj, q\u00eb Veliaj i paguan 450 mij\u00eb dollar\u00eb n\u00eb vit, k\u00ebrkojn\u00eb pranin\u00eb e p\u00ebrfaq\u00ebsuesve t\u00eb ambasadave n\u00eb vend n\u00eb nj\u00eb proces administrativ q\u00eb ka hapur kund\u00ebr prokurorit Ols Dado, duke pretenduar se \u00ebsht\u00eb em\u00ebruar n\u00eb m\u00ebnyr\u00eb t\u00eb paligjshme.<\/p>\n<p>\u201cKjo \u00ebsht\u00eb nj\u00eb \u00e7\u00ebshtje themelore e sundimit t\u00eb ligjit. N\u00ebse nj\u00eb prokuror nuk ka kualifikimet ligjore p\u00ebr t\u00eb mbajtur detyr\u00ebn, \u00e7do veprim i nd\u00ebrmarr\u00eb n\u00ebn at\u00eb autoritet \u00ebsht\u00eb n\u00eb thelb i dyshimt\u00eb\u201d, pretendon Veliaj n\u00ebp\u00ebrmjet avokat\u00ebve t\u00eb tij, n\u00eb letr\u00ebn d\u00ebrguar ambasadave n\u00eb vend. Po p\u00ebrse ka r\u00ebnd\u00ebsi ky proces dhe p\u00ebrse qenka nevoja p\u00ebr diplomat\u00ebt e huaj t\u00eb ndjekin nj\u00eb \u00e7\u00ebshtje t\u00eb till\u00eb?<\/p>\n<p>Veliaj e ka t\u00eb qart\u00eb se asgj\u00eb nuk ndryshon n\u00eb procesin e tij penal, ku mbi t\u00eb r\u00ebndojn\u00eb n\u00ebnt\u00eb akuza, por m\u00eb shum\u00eb se burgu i vlen dukja, sidomos n\u00ebse ata jan\u00eb t\u00eb huaj. Q\u00eb n\u00eb hapat e par\u00eb t\u00eb rrug\u00ebs politike i p\u00ebrdori ambasadat si marketingun m\u00eb t\u00eb mir\u00eb polik, por edhe monetar, sidomos kur drejtonte organizat\u00ebn Mjaft. M\u00eb von\u00eb ishte nj\u00eb bi\u00e7im koordinatori me sektorin e marr\u00ebdh\u00ebnieve me jasht\u00eb n\u00eb PS, kur nuk hezitoi as t\u2019i niste nj\u00eb email eurodeputetes Tanja Fajon, duke pretenduar se \u201cregjimi i Berish\u00ebs kishte futur element\u00eb kriminal\u00eb p\u00ebr t\u2019i hequr f\u00ebmij\u00ebn nga barku bashk\u00ebjetueses s\u00eb krybashkiakut t\u00eb sapozgjedhur socialist t\u00eb Kavaj\u00ebs n\u00eb vitin 2011\u201d.<\/p>\n<p>E gjith\u00eb karriera politike e m\u00ebtejshme e Veliajt u lidh ngusht\u00ebsisht me \u00e7do t\u00eb huaj, ambasador, m\u00eb pak se aq e m\u00eb shum\u00eb se aq, p\u00ebr t\u00eb dh\u00ebn\u00eb \u00e7mime dhe marr\u00eb \u00e7mime, vetem n\u00eb kuad\u00ebr t\u00eb propagand\u00ebs. S\u00eb fundmi edhe nga qelia i rikthehet edhe nj\u00eb her\u00eb vesi i vjet\u00ebr, p\u00ebr t\u00eb b\u00ebr\u00eb \u00e7\u00ebshtjen e tij \u201cnd\u00ebrkomb\u00ebtare politike\u201d, edhe pse zyrtarisht e akuzojn\u00eb p\u00ebr korrupsion, pastrim parash dhe shp\u00ebrdorim detyre n\u00eb shum\u00eb raste.<\/p>\n<p>Inatet me prokurorin Dado nisin q\u00eb n\u00eb paraditen e 10 shkurtit ku Erion Veliaj zbriti shkall\u00ebt p\u00ebr her\u00eb t\u00eb fundit si kryebashkiak i Tiran\u00ebs, i shoq\u00ebruar nga agjent\u00ebt e BKH-s\u00eb, n\u00eb zbatim t\u00eb urdh\u00ebr-arrestit t\u00eb l\u00ebshuar p\u00ebr t\u00eb. Dy prokuror\u00ebt, Ols Dado dhe Altin Dumani, ky i fundit n\u00eb at\u00eb koh\u00eb nj\u00ebkoh\u00ebsisht edhe kreu i SPAK, i k\u00ebrkuan gjyqtarit Erion Bani miratimin e urdh\u00ebr-arrestit dhe ashtu ndodhi.<\/p>\n<p>Pa u zbardhur dita e 11 shkurtit, Erion Veliaj nisi nj\u00eb sulm t\u00eb hapur ndaj prokurorit Dado dhe gjyqtarit Bani, duke l\u00ebn\u00eb m\u00ebnjan\u00eb Dumanin (p\u00ebr aq koh\u00eb sa ky i fundit direkt dhe indirekt kishte vler\u00ebsimet e Ram\u00ebs), vler\u00ebsime q\u00eb nuk ia kurseu edhe dit\u00ebn e p\u00ebrfundimit t\u00eb mandatit t\u00eb kreut t\u00eb SPAK. Veliaj e mbajti gjat\u00eb sulmin ndaj Dados, duke mos u ndalur n\u00eb asnj\u00eb \u00e7ast dhe tashm\u00eb k\u00ebrkon ta \u201cnd\u00ebrkomb\u00ebtarizoj\u00eb\u201d procesin me pranin\u00eb e ambasador\u00ebve t\u00eb huaj, duke shpresuar se m\u00eb 8 maj ata do jen\u00eb n\u00eb sall\u00eb si \u201cv\u00ebzhgues\u201d t\u00eb shfaqjes Veliaj!\/ Nga\u00a0<a href=\"https:\/\/boldnews.al\/2026\/05\/03\/vesi-del-me-shpirtin-lali-u-nis-letra-ambasadave\/\"><strong>Boldnews.al<\/strong><\/a><\/p>\n","protected":false},"excerpt":{"rendered":"<p>3 Maji 206 I m\u00ebsuar me letra p\u00ebr ambasador\u00ebt dhe emaile q\u00eb as skenarist\u00ebt e filmave horror nuk i \u00e7onin n\u00eb mendje, Erion Veliaj nuk i ndahet zanatit t\u00eb vjet\u00ebr, edhe n\u00eb koh\u00ebn kur ndodhet n\u00eb qeli. N\u00ebp\u00ebrmjet avokat\u00ebve t\u00eb huaj, q\u00eb Veliaj i paguan 450 mij\u00eb dollar\u00eb n\u00eb vit, k\u00ebrkojn\u00eb pranin\u00eb e p\u00ebrfaq\u00ebsuesve t\u00eb [&hellip;]<\/p>\n","protected":false},"author":9,"featured_media":99860,"comment_status":"open","ping_status":"open","sticky":false,"template":"","format":"standard","meta":{"jetpack_post_was_ever_published":false,"_jetpack_newsletter_access":"","_jetpack_dont_email_post_to_subs":false,"_jetpack_newsletter_tier_id":0,"_jetpack_memberships_contains_paywalled_content":false,"_jetpack_memberships_contains_paid_content":false,"footnotes":"","jetpack_publicize_message":"","jetpack_publicize_feature_enabled":true,"jetpack_social_post_already_shared":true,"jetpack_social_options":{"image_generator_settings":{"template":"highway","default_image_id":0,"font":"","enabled":false},"version":2}},"categories":[27,2,14],"tags":[],"class_list":["post-99859","post","type-post","status-publish","format-standard","has-post-thumbnail","hentry","category-blogu-i-udhetarit","category-politika","category-press-releases"],"jetpack_publicize_connections":[],"jetpack_featured_media_url":"https:\/\/i0.wp.com\/www.shqiperia.com\/blog\/wp-content\/uploads\/2026\/05\/800-0-veliaj.jpg?fit=800%2C549&ssl=1","jetpack_sharing_enabled":true,"jetpack_shortlink":"https:\/\/wp.me\/p5Z6wp-pYD","jetpack-related-posts":[{"id":76569,"url":"https:\/\/www.shqiperia.com\/blog\/inceneratori-i-tiranes-braimllari-veliaj-duhej-te-ishte-i-pandehur-para-organeve-te-drejtesise\/","url_meta":{"origin":99859,"position":0},"title":"Inceneratori i Tiran\u00ebs\/ Braimllari: Veliaj duhej t\u00eb ishte i pandehur para organeve t\u00eb drejt\u00ebsis\u00eb","author":"Kurt Farka","date":"December 23, 2023","format":false,"excerpt":"23 Dhjetor 2023 Kryetari i grupit t\u00eb k\u00ebshilltar\u00ebve t\u00eb Partis\u00eb s\u00eb Liris\u00eb, Endrit Braimllari ka hedhur akuza ndajkryebashkiakut Erion Veliaj. Ai thot\u00eb se Bashkia e Tiran\u00ebs gjat\u00eb drejtimit t\u00eb Erion Veliajt \u00ebsht\u00eb kthyer n\u00eb nj\u00eb struktur\u00eb abuzimi n\u00eb raport me qytetar\u00ebt. Sipas tij me faktet p\u00ebr inceneratorin e Tiran\u00ebs sot\u2026","rel":"","context":"In &quot;Blogu i Udh\u00ebtarit&quot;","block_context":{"text":"Blogu i Udh\u00ebtarit","link":"https:\/\/www.shqiperia.com\/blog\/category\/blogu-i-udhetarit\/"},"img":{"alt_text":"","src":"https:\/\/i0.wp.com\/www.shqiperia.com\/blog\/wp-content\/uploads\/2023\/12\/640-0-1686402237xinceneratori-i-tiranes-112.jpg?fit=640%2C483&ssl=1&resize=350%2C200","width":350,"height":200,"srcset":"https:\/\/i0.wp.com\/www.shqiperia.com\/blog\/wp-content\/uploads\/2023\/12\/640-0-1686402237xinceneratori-i-tiranes-112.jpg?fit=640%2C483&ssl=1&resize=350%2C200 1x, https:\/\/i0.wp.com\/www.shqiperia.com\/blog\/wp-content\/uploads\/2023\/12\/640-0-1686402237xinceneratori-i-tiranes-112.jpg?fit=640%2C483&ssl=1&resize=525%2C300 1.5x"},"classes":[]},{"id":87230,"url":"https:\/\/www.shqiperia.com\/blog\/eshte-erion-veliaj-qe-ka-protestuar-kunder-socialisteve-qe-e-ka-nxjerre-ps-ne-ne-opozite-ne-vitin-2005\/","url_meta":{"origin":99859,"position":1},"title":"\u00cbsht\u00eb Erion Veliaj q\u00eb ka protestuar kund\u00ebr socialist\u00ebve, q\u00eb e ka nxjerr\u00eb PS-n\u00eb n\u00eb opozit\u00eb n\u00eb vitin 2005.","author":"Kurt Farka","date":"December 9, 2024","format":false,"excerpt":"9 Dhjetor 2024 Erion Veliaj, n\u00eb kurrizin e socialist\u00ebve. Nj\u00eb barr\u00eb e madhe po u vihet socialist\u00ebve q\u00eb nuk fillon dhe nuk mbaron te zgjedhjet. \u00cbsht\u00eb nj\u00eb pesh\u00eb e r\u00ebnd\u00eb p\u00ebr ta, \u00ebsht\u00eb dikush q\u00eb \u00ebsht\u00eb si nj\u00eb \u00e7iban brenda tyre, q\u00eb nuk ka lidhje me PS-n\u00eb. \u00cbsht\u00eb ai q\u00eb\u2026","rel":"","context":"In &quot;Blogu i Udh\u00ebtarit&quot;","block_context":{"text":"Blogu i Udh\u00ebtarit","link":"https:\/\/www.shqiperia.com\/blog\/category\/blogu-i-udhetarit\/"},"img":{"alt_text":"","src":"https:\/\/i0.wp.com\/www.shqiperia.com\/blog\/wp-content\/uploads\/2024\/12\/640-0-1c65af0ce1d646ce9ca9d946251e4fc1-1.jpg?fit=640%2C336&ssl=1&resize=350%2C200","width":350,"height":200,"srcset":"https:\/\/i0.wp.com\/www.shqiperia.com\/blog\/wp-content\/uploads\/2024\/12\/640-0-1c65af0ce1d646ce9ca9d946251e4fc1-1.jpg?fit=640%2C336&ssl=1&resize=350%2C200 1x, https:\/\/i0.wp.com\/www.shqiperia.com\/blog\/wp-content\/uploads\/2024\/12\/640-0-1c65af0ce1d646ce9ca9d946251e4fc1-1.jpg?fit=640%2C336&ssl=1&resize=525%2C300 1.5x"},"classes":[]},{"id":81210,"url":"https:\/\/www.shqiperia.com\/blog\/spak-nis-hetimet-per-pasurine-e-kolegut-erion-veliaj-dhe-familjareve-te-tij-dosja-si-procedim-penal\/","url_meta":{"origin":99859,"position":2},"title":"SPAK nis hetimet p\u00ebr pasurin\u00eb e &#8220;kolegut&#8221; Erion Veliaj dhe familjar\u00ebve t\u00eb tij: &#8211; Dosja, si procedim penal!","author":"Kurt Farka","date":"May 22, 2024","format":false,"excerpt":"22 maji 2024 Prokuroria e Posa\u00e7me \u00ebsht\u00eb duke verifikuar pasurin\u00eb e kryetarit t\u00eb Bashkis\u00eb s\u00eb Tiran\u00ebs, Erion Veliaj dhe familjar\u00ebve t\u00eb af\u00ebrm t\u00eb tij. N\u00eb nj\u00eb dokumentet e publikuara dje n\u00eb media konfirmohet k\u00ebrkesa q\u00eb prokurori i SPAK, Ols Dado u ka drejtuar t\u00eb gjitha bankave t\u00eb nivelit t\u00eb dyt\u00eb\u2026","rel":"","context":"In &quot;Blogu i Udh\u00ebtarit&quot;","block_context":{"text":"Blogu i Udh\u00ebtarit","link":"https:\/\/www.shqiperia.com\/blog\/category\/blogu-i-udhetarit\/"},"img":{"alt_text":"","src":"https:\/\/i0.wp.com\/www.shqiperia.com\/blog\/wp-content\/uploads\/2024\/05\/Screen-Shot-2021-11-07-at-7.58.11-AM.png?fit=660%2C368&ssl=1&resize=350%2C200","width":350,"height":200,"srcset":"https:\/\/i0.wp.com\/www.shqiperia.com\/blog\/wp-content\/uploads\/2024\/05\/Screen-Shot-2021-11-07-at-7.58.11-AM.png?fit=660%2C368&ssl=1&resize=350%2C200 1x, https:\/\/i0.wp.com\/www.shqiperia.com\/blog\/wp-content\/uploads\/2024\/05\/Screen-Shot-2021-11-07-at-7.58.11-AM.png?fit=660%2C368&ssl=1&resize=525%2C300 1.5x"},"classes":[]},{"id":78175,"url":"https:\/\/www.shqiperia.com\/blog\/mbledhja-e-asamblese-se-ps-se-gazetari-i-njohur-tregon-pretendentet-per-kryeminister-sipas-rames-ka-shpallur-garen-te-pasardhesit\/","url_meta":{"origin":99859,"position":3},"title":"Mbledhja e Asambles\u00eb s\u00eb PS-s\u00eb, gazetari i njohur tregon pretendent\u00ebt p\u00ebr kryeminist\u00ebr sipas Ram\u00ebs: &#8211; Ka shpallur gar\u00ebn t\u00eb pasardh\u00ebsit","author":"Kurt Farka","date":"February 12, 2024","format":false,"excerpt":"12 Shkurt 2024 Nga Gazeta Sot Gazetari Lavdrim Lita, i ftuar n\u00eb nj\u00eb emision televiziv, komentoi mbledhjen e Asambles\u00eb s\u00eb PS-s\u00eb dit\u00ebn e sotme. Ai theksoi se vizioni i deklaruar i Edi Ram\u00ebs \u00ebsht\u00eb 2023, pra q\u00eb ai do ta mbaj\u00eb postin e kreut t\u00eb qeveris\u00eb deri n\u00eb k\u00ebt\u00eb. Sipas\u2026","rel":"","context":"In &quot;Blogu i Udh\u00ebtarit&quot;","block_context":{"text":"Blogu i Udh\u00ebtarit","link":"https:\/\/www.shqiperia.com\/blog\/category\/blogu-i-udhetarit\/"},"img":{"alt_text":"","src":"https:\/\/i0.wp.com\/www.shqiperia.com\/blog\/wp-content\/uploads\/2024\/02\/800-0-65c931fbe23bb-300x183.jpg?resize=350%2C200&ssl=1","width":350,"height":200,"srcset":"https:\/\/i0.wp.com\/www.shqiperia.com\/blog\/wp-content\/uploads\/2024\/02\/800-0-65c931fbe23bb-300x183.jpg?resize=350%2C200&ssl=1 1x, https:\/\/i0.wp.com\/www.shqiperia.com\/blog\/wp-content\/uploads\/2024\/02\/800-0-65c931fbe23bb-300x183.jpg?resize=525%2C300&ssl=1 1.5x, https:\/\/i0.wp.com\/www.shqiperia.com\/blog\/wp-content\/uploads\/2024\/02\/800-0-65c931fbe23bb-300x183.jpg?resize=700%2C400&ssl=1 2x"},"classes":[]},{"id":62610,"url":"https:\/\/www.shqiperia.com\/blog\/a-po-pergatitet-erion-veliaj-te-marre-ps-ne\/","url_meta":{"origin":99859,"position":4},"title":"A po p\u00ebrgatitet Erion Veliaj t\u00eb marr\u00eb PS-n\u00eb?","author":"Kurt Farka","date":"September 23, 2022","format":false,"excerpt":"23 Shtator 2022 Prej koh\u00ebsh n\u00eb media qarkullon lajmi se pasardh\u00ebsi i kryeministri Rama, \u00ebsht\u00eb kryebashkiaku i Tiran\u00ebs, Erion Veliaj. I ftuar n\u00eb nj\u00eb intervist\u00eb televizive, Kryetari i Bashkis\u00eb s\u00eb Tiran\u00ebs, Veliaj \u00ebsht\u00eb shprehur se vizita e tij n\u00eb SHBA dhe takimet q\u00eb zhvilloi atje, nuk kan\u00eb lidhje me synimit\u2026","rel":"","context":"In &quot;Blogu i Udh\u00ebtarit&quot;","block_context":{"text":"Blogu i Udh\u00ebtarit","link":"https:\/\/www.shqiperia.com\/blog\/category\/blogu-i-udhetarit\/"},"img":{"alt_text":"","src":"https:\/\/i0.wp.com\/www.shqiperia.com\/blog\/wp-content\/uploads\/2022\/09\/640-0-632e0fac46f9e.jpg?fit=640%2C382&ssl=1&resize=350%2C200","width":350,"height":200,"srcset":"https:\/\/i0.wp.com\/www.shqiperia.com\/blog\/wp-content\/uploads\/2022\/09\/640-0-632e0fac46f9e.jpg?fit=640%2C382&ssl=1&resize=350%2C200 1x, https:\/\/i0.wp.com\/www.shqiperia.com\/blog\/wp-content\/uploads\/2022\/09\/640-0-632e0fac46f9e.jpg?fit=640%2C382&ssl=1&resize=525%2C300 1.5x"},"classes":[]},{"id":8921,"url":"https:\/\/www.shqiperia.com\/blog\/debati-per-teatrin-erion-veliaj-kumbari-i-kumbaros\/","url_meta":{"origin":99859,"position":5},"title":"Debati p\u00ebr Teatrin, Erion Veliaj \u201ckumbari\u201d i Kumbaros. &#8211;","author":"Kurt Farka","date":"June 20, 2018","format":false,"excerpt":"Debati p\u00ebr Teatrin, Erion Veliaj \u201ckumbari\u201d i Kumbaros. - 19, qershor, 2018 Ministrja e Kultur\u00ebs, Mirela Kumbaro, u largua me shpejt\u00ebsi t\u00eb mart\u00ebn nga Komisioni Parlamentar i Medias, pasi Albana Vokshi dhe deputet\u00eb t\u00eb tjer\u00eb t\u00eb opozit\u00ebs detyruan t\u00eb largohej kryebashkiakun e Tiran\u00ebs, Erion Veliaj nga mbledhja ku do t\u00eb\u2026","rel":"","context":"In &quot;Kultura&quot;","block_context":{"text":"Kultura","link":"https:\/\/www.shqiperia.com\/blog\/category\/kultura\/"},"img":{"alt_text":"","src":"https:\/\/i0.wp.com\/www.shqiperia.com\/blog\/wp-content\/uploads\/2018\/06\/veliaj.png?fit=784%2C423&ssl=1&resize=350%2C200","width":350,"height":200,"srcset":"https:\/\/i0.wp.com\/www.shqiperia.com\/blog\/wp-content\/uploads\/2018\/06\/veliaj.png?fit=784%2C423&ssl=1&resize=350%2C200 1x, https:\/\/i0.wp.com\/www.shqiperia.com\/blog\/wp-content\/uploads\/2018\/06\/veliaj.png?fit=784%2C423&ssl=1&resize=525%2C300 1.5x, https:\/\/i0.wp.com\/www.shqiperia.com\/blog\/wp-content\/uploads\/2018\/06\/veliaj.png?fit=784%2C423&ssl=1&resize=700%2C400 2x"},"classes":[]}],"_links":{"self":[{"href":"https:\/\/www.shqiperia.com\/blog\/wp-json\/wp\/v2\/posts\/99859","targetHints":{"allow":["GET"]}}],"collection":[{"href":"https:\/\/www.shqiperia.com\/blog\/wp-json\/wp\/v2\/posts"}],"about":[{"href":"https:\/\/www.shqiperia.com\/blog\/wp-json\/wp\/v2\/types\/post"}],"author":[{"embeddable":true,"href":"https:\/\/www.shqiperia.com\/blog\/wp-json\/wp\/v2\/users\/9"}],"replies":[{"embeddable":true,"href":"https:\/\/www.shqiperia.com\/blog\/wp-json\/wp\/v2\/comments?post=99859"}],"version-history":[{"count":1,"href":"https:\/\/www.shqiperia.com\/blog\/wp-json\/wp\/v2\/posts\/99859\/revisions"}],"predecessor-version":[{"id":99861,"href":"https:\/\/www.shqiperia.com\/blog\/wp-json\/wp\/v2\/posts\/99859\/revisions\/99861"}],"wp:featuredmedia":[{"embeddable":true,"href":"https:\/\/www.shqiperia.com\/blog\/wp-json\/wp\/v2\/media\/99860"}],"wp:attachment":[{"href":"https:\/\/www.shqiperia.com\/blog\/wp-json\/wp\/v2\/media?parent=99859"}],"wp:term":[{"taxonomy":"category","embeddable":true,"href":"https:\/\/www.shqiperia.com\/blog\/wp-json\/wp\/v2\/categories?post=99859"},{"taxonomy":"post_tag","embeddable":true,"href":"https:\/\/www.shqiperia.com\/blog\/wp-json\/wp\/v2\/tags?post=99859"}],"curies":[{"name":"wp","href":"https:\/\/api.w.org\/{rel}","templated":true}]}}