{"id":99820,"date":"2026-05-02T07:17:19","date_gmt":"2026-05-02T07:17:19","guid":{"rendered":"https:\/\/www.shqiperia.com\/blog\/?p=99820"},"modified":"2026-05-02T07:22:23","modified_gmt":"2026-05-02T07:22:23","slug":"ndahet-nga-jeta-shaban-zeneli-bilbili-i-camerise","status":"publish","type":"post","link":"https:\/\/www.shqiperia.com\/blog\/ndahet-nga-jeta-shaban-zeneli-bilbili-i-camerise\/","title":{"rendered":"Ndahet nga jeta Shaban Zeneli, \u201cBilbili i \u00c7am\u00ebris\u00eb\u201d."},"content":{"rendered":"<div id=\"attachment_99823\" style=\"width: 687px\" class=\"wp-caption alignnone\"><img data-recalc-dims=\"1\" loading=\"lazy\" decoding=\"async\" aria-describedby=\"caption-attachment-99823\" data-attachment-id=\"99823\" data-permalink=\"https:\/\/www.shqiperia.com\/blog\/ndahet-nga-jeta-shaban-zeneli-bilbili-i-camerise\/maxresdefault-107\/\" data-orig-file=\"https:\/\/i0.wp.com\/www.shqiperia.com\/blog\/wp-content\/uploads\/2026\/05\/maxresdefault.jpg?fit=819%2C496&amp;ssl=1\" data-orig-size=\"819,496\" data-comments-opened=\"1\" data-image-meta=\"{&quot;aperture&quot;:&quot;0&quot;,&quot;credit&quot;:&quot;&quot;,&quot;camera&quot;:&quot;&quot;,&quot;caption&quot;:&quot;&quot;,&quot;created_timestamp&quot;:&quot;0&quot;,&quot;copyright&quot;:&quot;&quot;,&quot;focal_length&quot;:&quot;0&quot;,&quot;iso&quot;:&quot;0&quot;,&quot;shutter_speed&quot;:&quot;0&quot;,&quot;title&quot;:&quot;&quot;,&quot;orientation&quot;:&quot;0&quot;}\" data-image-title=\"Shaban Zeneli, \u201cBilbili i \u00c7am\u00ebris\u00eb\" data-image-description=\"\" data-image-caption=\"&lt;p&gt;Shaban Zeneli, \u201cBilbili i \u00c7am\u00ebris\u00eb&lt;\/p&gt;\n\" data-medium-file=\"https:\/\/i0.wp.com\/www.shqiperia.com\/blog\/wp-content\/uploads\/2026\/05\/maxresdefault.jpg?fit=300%2C182&amp;ssl=1\" data-large-file=\"https:\/\/i0.wp.com\/www.shqiperia.com\/blog\/wp-content\/uploads\/2026\/05\/maxresdefault.jpg?fit=819%2C496&amp;ssl=1\" class=\" wp-image-99823\" alt=\"\" src=\"https:\/\/i0.wp.com\/www.shqiperia.com\/blog\/wp-content\/uploads\/2026\/05\/maxresdefault.jpg?resize=677%2C411&#038;ssl=1\" width=\"677\" height=\"411\" srcset=\"https:\/\/i0.wp.com\/www.shqiperia.com\/blog\/wp-content\/uploads\/2026\/05\/maxresdefault.jpg?resize=300%2C182&amp;ssl=1 300w, https:\/\/i0.wp.com\/www.shqiperia.com\/blog\/wp-content\/uploads\/2026\/05\/maxresdefault.jpg?resize=768%2C465&amp;ssl=1 768w, https:\/\/i0.wp.com\/www.shqiperia.com\/blog\/wp-content\/uploads\/2026\/05\/maxresdefault.jpg?resize=450%2C273&amp;ssl=1 450w, https:\/\/i0.wp.com\/www.shqiperia.com\/blog\/wp-content\/uploads\/2026\/05\/maxresdefault.jpg?resize=600%2C363&amp;ssl=1 600w, https:\/\/i0.wp.com\/www.shqiperia.com\/blog\/wp-content\/uploads\/2026\/05\/maxresdefault.jpg?resize=400%2C242&amp;ssl=1 400w, https:\/\/i0.wp.com\/www.shqiperia.com\/blog\/wp-content\/uploads\/2026\/05\/maxresdefault.jpg?w=819&amp;ssl=1 819w\" sizes=\"auto, (max-width: 677px) 100vw, 677px\" \/><p id=\"caption-attachment-99823\" class=\"wp-caption-text\">Shaban Zeneli, \u201cBilbili i \u00c7am\u00ebris\u00eb<\/p><\/div>\n<p><em><strong>2 Maji 2026<\/strong><\/em><\/p>\n<p><em><strong>Ka nd\u00ebrruar jet\u00eb n\u00eb mosh\u00ebn 67-vje\u00e7are artisti i njohur fierak Shaban Zeneli, i njohur gjer\u00ebsisht si \u201cBilbili i \u00c7am\u00ebris\u00eb\u201d, pas nj\u00eb beteje me nj\u00eb s\u00ebmundje t\u00eb pash\u00ebrueshme.<\/strong><\/em><\/p>\n<p>Lajmi i trisht\u00eb \u00ebsht\u00eb b\u00ebr\u00eb i ditur nga familjar\u00ebt e tij, duke shkaktuar dhimbje n\u00eb komunitetin artistik dhe te dashamir\u00ebsit e muzik\u00ebs popullore shqiptare.<\/p>\n<p>Shaban Zeneli ishte nj\u00eb nga p\u00ebrfaq\u00ebsuesit m\u00eb t\u00eb spikatur t\u00eb k\u00ebng\u00ebs \u00e7ame n\u00eb Shqip\u00ebri. Gjat\u00eb nj\u00eb karriere t\u00eb gjat\u00eb artistike, ai u dallua p\u00ebr interpretimet e tij t\u00eb ndjera dhe autentike, duke kontribuar n\u00eb ruajtjen dhe p\u00ebrcjelljen e traditave muzikore t\u00eb \u00c7am\u00ebris\u00eb.<\/p>\n<p>K\u00ebng\u00ebt e tij kan\u00eb qen\u00eb t\u00eb dashura p\u00ebr publikun nd\u00ebr vite, ve\u00e7an\u00ebrisht n\u00eb zon\u00ebn e Fierit dhe m\u00eb gjer\u00eb, ku ai konsiderohej nj\u00eb figur\u00eb e respektuar e artit popullor.<\/p>\n<p>Me ndarjen e tij nga jeta, muzika popullore shqiptare humb nj\u00eb nga z\u00ebrat e saj m\u00eb t\u00eb ve\u00e7ant\u00eb, nd\u00ebrsa vepra dhe interpretimet e tij pritet t\u00eb mbeten pjes\u00eb e trash\u00ebgimis\u00eb kulturore.<\/p>\n","protected":false},"excerpt":{"rendered":"<p>2 Maji 2026 Ka nd\u00ebrruar jet\u00eb n\u00eb mosh\u00ebn 67-vje\u00e7are artisti i njohur fierak Shaban Zeneli, i njohur gjer\u00ebsisht si \u201cBilbili i \u00c7am\u00ebris\u00eb\u201d, pas nj\u00eb beteje me nj\u00eb s\u00ebmundje t\u00eb pash\u00ebrueshme. Lajmi i trisht\u00eb \u00ebsht\u00eb b\u00ebr\u00eb i ditur nga familjar\u00ebt e tij, duke shkaktuar dhimbje n\u00eb komunitetin artistik dhe te dashamir\u00ebsit e muzik\u00ebs popullore shqiptare. Shaban [&hellip;]<\/p>\n","protected":false},"author":9,"featured_media":99823,"comment_status":"open","ping_status":"open","sticky":false,"template":"","format":"standard","meta":{"jetpack_post_was_ever_published":false,"_jetpack_newsletter_access":"","_jetpack_dont_email_post_to_subs":false,"_jetpack_newsletter_tier_id":0,"_jetpack_memberships_contains_paywalled_content":false,"_jetpack_memberships_contains_paid_content":false,"footnotes":"","jetpack_publicize_message":"","jetpack_publicize_feature_enabled":true,"jetpack_social_post_already_shared":true,"jetpack_social_options":{"image_generator_settings":{"template":"highway","default_image_id":0,"font":"","enabled":false},"version":2}},"categories":[1,35,86],"tags":[],"class_list":["post-99820","post","type-post","status-publish","format-standard","has-post-thumbnail","hentry","category-njoftime-shtypi","category-shoqerore","category-trashegimi-kulturore"],"jetpack_publicize_connections":[],"jetpack_featured_media_url":"https:\/\/i0.wp.com\/www.shqiperia.com\/blog\/wp-content\/uploads\/2026\/05\/maxresdefault.jpg?fit=819%2C496&ssl=1","jetpack_sharing_enabled":true,"jetpack_shortlink":"https:\/\/wp.me\/p5Z6wp-pY0","jetpack-related-posts":[{"id":97889,"url":"https:\/\/www.shqiperia.com\/blog\/pervjetori-i-vrasjes-se-shaban-polluzhes\/","url_meta":{"origin":99820,"position":0},"title":"Pervjetori i vrasjes se Shaban Polluzhes","author":"Kurt Farka","date":"February 21, 2026","format":false,"excerpt":"21 Shkurt 2026 M\u00eb 21 shkurt 1945, n\u00eb fshatin T\u00ebrstenik t\u00eb Drenic\u00ebs, u vra Shaban Polluzha, nj\u00eb nga komandant\u00ebt m\u00eb t\u00eb njohur dhe m\u00eb me ndikim t\u00eb k\u00ebsaj zone gjat\u00eb Luft\u00ebs s\u00eb Dyt\u00eb Bot\u00ebrore. Ai njihej p\u00ebr q\u00ebndres\u00ebn e tij t\u00eb vendosur dhe p\u00ebr rolin e r\u00ebnd\u00ebsish\u00ebm n\u00eb mbrojtjen e\u2026","rel":"","context":"In &quot;Blogu i Udh\u00ebtarit&quot;","block_context":{"text":"Blogu i Udh\u00ebtarit","link":"https:\/\/www.shqiperia.com\/blog\/category\/blogu-i-udhetarit\/"},"img":{"alt_text":"","src":"https:\/\/i0.wp.com\/www.shqiperia.com\/blog\/wp-content\/uploads\/2026\/02\/Shaban-Polluzha.jpg?fit=1200%2C887&ssl=1&resize=350%2C200","width":350,"height":200,"srcset":"https:\/\/i0.wp.com\/www.shqiperia.com\/blog\/wp-content\/uploads\/2026\/02\/Shaban-Polluzha.jpg?fit=1200%2C887&ssl=1&resize=350%2C200 1x, https:\/\/i0.wp.com\/www.shqiperia.com\/blog\/wp-content\/uploads\/2026\/02\/Shaban-Polluzha.jpg?fit=1200%2C887&ssl=1&resize=525%2C300 1.5x, https:\/\/i0.wp.com\/www.shqiperia.com\/blog\/wp-content\/uploads\/2026\/02\/Shaban-Polluzha.jpg?fit=1200%2C887&ssl=1&resize=700%2C400 2x, https:\/\/i0.wp.com\/www.shqiperia.com\/blog\/wp-content\/uploads\/2026\/02\/Shaban-Polluzha.jpg?fit=1200%2C887&ssl=1&resize=1050%2C600 3x"},"classes":[]},{"id":92268,"url":"https:\/\/www.shqiperia.com\/blog\/dita-e-deshmorve-shaban-palluzha\/","url_meta":{"origin":99820,"position":1},"title":"Dita e Deshmorve: &#8211; SHABAN PALLUZHA","author":"Kurt Farka","date":"May 5, 2025","format":false,"excerpt":"SHABAN\u00a0 PALLUZHA (1873-1945) Shaban Palluzha u lind n\u00eb vitin 1873 n\u00eb Palluzh\u00eb t\u00eb Drenic\u00ebs. Ishte i biri i Mustaf\u00eb Rexhep Kastratit q\u00eb kishte vet\u00ebm nj\u00eb v\u00eblla, Dervishin, i cili vdes n\u00eb mosh\u00eb t\u00eb re dhe nuk la trash\u00ebgimtar. Shaban Palluzha rrjedh nga nj\u00eb familje me gjendje ekonomike mesatare. Ai nuk\u2026","rel":"","context":"In &quot;Blogu i Udh\u00ebtarit&quot;","block_context":{"text":"Blogu i Udh\u00ebtarit","link":"https:\/\/www.shqiperia.com\/blog\/category\/blogu-i-udhetarit\/"},"img":{"alt_text":"","src":"https:\/\/i0.wp.com\/www.shqiperia.com\/blog\/wp-content\/uploads\/2025\/05\/image_750x500_62eccef0cef8b.jpg?fit=750%2C457&ssl=1&resize=350%2C200","width":350,"height":200,"srcset":"https:\/\/i0.wp.com\/www.shqiperia.com\/blog\/wp-content\/uploads\/2025\/05\/image_750x500_62eccef0cef8b.jpg?fit=750%2C457&ssl=1&resize=350%2C200 1x, https:\/\/i0.wp.com\/www.shqiperia.com\/blog\/wp-content\/uploads\/2025\/05\/image_750x500_62eccef0cef8b.jpg?fit=750%2C457&ssl=1&resize=525%2C300 1.5x, https:\/\/i0.wp.com\/www.shqiperia.com\/blog\/wp-content\/uploads\/2025\/05\/image_750x500_62eccef0cef8b.jpg?fit=750%2C457&ssl=1&resize=700%2C400 2x"},"classes":[]},{"id":58882,"url":"https:\/\/www.shqiperia.com\/blog\/qender-hebraike-dhe-muze-hebraik-po-nuk-kemi-ngritur-ende-as-muzeun-e-kosoves-dhe-as-te-camerise\/","url_meta":{"origin":99820,"position":2},"title":"\u201cQend\u00ebr hebraike dhe muze hebraik? &#8211; Po nuk kemi ngritur ende as muzeun e Kosov\u00ebs dhe as t\u00eb \u00c7am\u00ebris\u00eb\u201d","author":"Kurt Farka","date":"June 11, 2022","format":false,"excerpt":"Nga Shaban Murati 11 Qershor 2022 N\u00eb dit\u00ebn e p\u00ebrvjetorit t\u00eb Lidhjes Shqiptare t\u00eb Prizrenit n\u00eb 10 qershor kryeministri i Shqip\u00ebris\u00eb njoftoi se qeveria e tij do t\u00eb ngrej\u00eb n\u00eb Tiran\u00eb Qendr\u00ebn Hebraike dhe n\u00eb Vlor\u00eb Muzeun Hebraik. Qeveria nuk ka ngritur ende n\u00eb Tiran\u00eb as Muzeun e Kosov\u00ebs dhe\u2026","rel":"","context":"In &quot;Blogu i Udh\u00ebtarit&quot;","block_context":{"text":"Blogu i Udh\u00ebtarit","link":"https:\/\/www.shqiperia.com\/blog\/category\/blogu-i-udhetarit\/"},"img":{"alt_text":"","src":"https:\/\/i0.wp.com\/www.shqiperia.com\/blog\/wp-content\/uploads\/2022\/06\/Foto-Ilustruese-Eksodi-gjate-luftes-se-Kosoves.jpg?fit=1024%2C677&ssl=1&resize=350%2C200","width":350,"height":200,"srcset":"https:\/\/i0.wp.com\/www.shqiperia.com\/blog\/wp-content\/uploads\/2022\/06\/Foto-Ilustruese-Eksodi-gjate-luftes-se-Kosoves.jpg?fit=1024%2C677&ssl=1&resize=350%2C200 1x, https:\/\/i0.wp.com\/www.shqiperia.com\/blog\/wp-content\/uploads\/2022\/06\/Foto-Ilustruese-Eksodi-gjate-luftes-se-Kosoves.jpg?fit=1024%2C677&ssl=1&resize=525%2C300 1.5x, https:\/\/i0.wp.com\/www.shqiperia.com\/blog\/wp-content\/uploads\/2022\/06\/Foto-Ilustruese-Eksodi-gjate-luftes-se-Kosoves.jpg?fit=1024%2C677&ssl=1&resize=700%2C400 2x"},"classes":[]},{"id":2330,"url":"https:\/\/www.shqiperia.com\/blog\/saga-e-blloshmeve-te-berzeshtes-dhe-braktisja-e-kulles-simbol\/","url_meta":{"origin":99820,"position":3},"title":"Saga e Blloshm\u00ebve t\u00eb B\u00ebrzesht\u00ebs dhe braktisja e kull\u00ebs simbol","author":"Kurt Farka","date":"January 31, 2018","format":false,"excerpt":"Nga: Bardha Ndregjoni. - Jeta e 4 figurave t\u00eb k\u00ebsaj familjeje, p\u00ebrndjeket e pushkatimet n\u00eb luft\u00eb dhe komuniz\u00ebm B\u00ebrzeshta e Librazhdit ishte sht\u00ebpia e patriot\u00ebve p\u00ebr m\u00eb shum\u00eb se 100 vjet. Nga ky fshat dol\u00ebn mjaft figura t\u00eb shquara, q\u00eb kontribuuan p\u00ebr arsimin, si patriot\u00eb dhe atdhetar\u00eb. Sot n\u00eb fshatin\u2026","rel":"","context":"In &quot;Blogu i Udh\u00ebtarit&quot;","block_context":{"text":"Blogu i Udh\u00ebtarit","link":"https:\/\/www.shqiperia.com\/blog\/category\/blogu-i-udhetarit\/"},"img":{"alt_text":"","src":"https:\/\/i0.wp.com\/www.shqiperia.com\/blog\/wp-content\/uploads\/2018\/01\/Kulla-e-Blloshmeve..jpg?fit=768%2C576&ssl=1&resize=350%2C200","width":350,"height":200,"srcset":"https:\/\/i0.wp.com\/www.shqiperia.com\/blog\/wp-content\/uploads\/2018\/01\/Kulla-e-Blloshmeve..jpg?fit=768%2C576&ssl=1&resize=350%2C200 1x, https:\/\/i0.wp.com\/www.shqiperia.com\/blog\/wp-content\/uploads\/2018\/01\/Kulla-e-Blloshmeve..jpg?fit=768%2C576&ssl=1&resize=525%2C300 1.5x, https:\/\/i0.wp.com\/www.shqiperia.com\/blog\/wp-content\/uploads\/2018\/01\/Kulla-e-Blloshmeve..jpg?fit=768%2C576&ssl=1&resize=700%2C400 2x"},"classes":[]},{"id":53612,"url":"https:\/\/www.shqiperia.com\/blog\/shkarkohet-nga-detyra-prokurorja-e-njohur-e-vendit-zvarriti-dhjetra-ceshtje-te-nxehta\/","url_meta":{"origin":99820,"position":4},"title":"Shkarkohet nga detyra prokurorja e njohur e vendit. Zvarriti dhjetra \u00e7\u00ebshtje t\u00eb &#8216;nxehta&#8217;","author":"Kurt Farka","date":"January 31, 2022","format":false,"excerpt":"Shkarkohet nga detyra prokurorja e njohur e vendit. Zvarriti dhjetra \u00e7\u00ebshtje t\u00eb 'nxehta' 31 JANAR 2022 K\u00ebshilli i Lart\u00eb i Prokuroris\u00eb ka vendosur sot p\u00ebr shkarkimin e prokurores s\u00eb Dibr\u00ebs Belina Zeneli, e njohur midis t\u00eb tjerash edhe si prokurorja e dosjes 184, p\u00ebr hetimin e blerjes s\u00eb zgjedhjeve p\u00ebr\u2026","rel":"","context":"In &quot;Blogu i Udh\u00ebtarit&quot;","block_context":{"text":"Blogu i Udh\u00ebtarit","link":"https:\/\/www.shqiperia.com\/blog\/category\/blogu-i-udhetarit\/"},"img":{"alt_text":"","src":"https:\/\/i0.wp.com\/www.shqiperia.com\/blog\/wp-content\/uploads\/2022\/01\/800-0-61f7c08aacdfd.png?fit=800%2C415&ssl=1&resize=350%2C200","width":350,"height":200,"srcset":"https:\/\/i0.wp.com\/www.shqiperia.com\/blog\/wp-content\/uploads\/2022\/01\/800-0-61f7c08aacdfd.png?fit=800%2C415&ssl=1&resize=350%2C200 1x, https:\/\/i0.wp.com\/www.shqiperia.com\/blog\/wp-content\/uploads\/2022\/01\/800-0-61f7c08aacdfd.png?fit=800%2C415&ssl=1&resize=525%2C300 1.5x, https:\/\/i0.wp.com\/www.shqiperia.com\/blog\/wp-content\/uploads\/2022\/01\/800-0-61f7c08aacdfd.png?fit=800%2C415&ssl=1&resize=700%2C400 2x"},"classes":[]},{"id":3527,"url":"https:\/\/www.shqiperia.com\/blog\/shaban-polluzha-legjende-e-heroizmit-ne-kosove\/","url_meta":{"origin":99820,"position":5},"title":"Shaban Polluzha-Legjende e Heroizmit ne Kosove. &#8211;","author":"Kurt Farka","date":"February 19, 2018","format":false,"excerpt":"Shaban Polluzha ishte i biri i Mustaf\u00eb Rexhep Kastratit q\u00eb kishte vet\u00ebm nj\u00eb v\u00eblla Dervishin, i cili vdes ne mosh\u00eb t\u00eb re dhe nuk la trashegimtar.\u00a0 Shaban Polluzha rrjedh nga nj\u00eb familje me gjendje ekonomike mesatare. Shabani nuk ishte i arsimuar, por si i ri u inkuadrua n\u00eb jeten politike,\u2026","rel":"","context":"In &quot;Blogu i Udh\u00ebtarit&quot;","block_context":{"text":"Blogu i Udh\u00ebtarit","link":"https:\/\/www.shqiperia.com\/blog\/category\/blogu-i-udhetarit\/"},"img":{"alt_text":"","src":"https:\/\/i0.wp.com\/www.shqiperia.com\/blog\/wp-content\/uploads\/2018\/02\/Saban-Poluza-207x300.jpg?resize=350%2C200","width":350,"height":200},"classes":[]}],"_links":{"self":[{"href":"https:\/\/www.shqiperia.com\/blog\/wp-json\/wp\/v2\/posts\/99820","targetHints":{"allow":["GET"]}}],"collection":[{"href":"https:\/\/www.shqiperia.com\/blog\/wp-json\/wp\/v2\/posts"}],"about":[{"href":"https:\/\/www.shqiperia.com\/blog\/wp-json\/wp\/v2\/types\/post"}],"author":[{"embeddable":true,"href":"https:\/\/www.shqiperia.com\/blog\/wp-json\/wp\/v2\/users\/9"}],"replies":[{"embeddable":true,"href":"https:\/\/www.shqiperia.com\/blog\/wp-json\/wp\/v2\/comments?post=99820"}],"version-history":[{"count":3,"href":"https:\/\/www.shqiperia.com\/blog\/wp-json\/wp\/v2\/posts\/99820\/revisions"}],"predecessor-version":[{"id":99825,"href":"https:\/\/www.shqiperia.com\/blog\/wp-json\/wp\/v2\/posts\/99820\/revisions\/99825"}],"wp:featuredmedia":[{"embeddable":true,"href":"https:\/\/www.shqiperia.com\/blog\/wp-json\/wp\/v2\/media\/99823"}],"wp:attachment":[{"href":"https:\/\/www.shqiperia.com\/blog\/wp-json\/wp\/v2\/media?parent=99820"}],"wp:term":[{"taxonomy":"category","embeddable":true,"href":"https:\/\/www.shqiperia.com\/blog\/wp-json\/wp\/v2\/categories?post=99820"},{"taxonomy":"post_tag","embeddable":true,"href":"https:\/\/www.shqiperia.com\/blog\/wp-json\/wp\/v2\/tags?post=99820"}],"curies":[{"name":"wp","href":"https:\/\/api.w.org\/{rel}","templated":true}]}}