{"id":99815,"date":"2026-05-02T06:31:19","date_gmt":"2026-05-02T06:31:19","guid":{"rendered":"https:\/\/www.shqiperia.com\/blog\/?p=99815"},"modified":"2026-05-02T06:33:05","modified_gmt":"2026-05-02T06:33:05","slug":"letrat-4000-vjecare-ku-tregojne-fuqine-dhe-pavaresine-e-grave-ne-lashtesi","status":"publish","type":"post","link":"https:\/\/www.shqiperia.com\/blog\/letrat-4000-vjecare-ku-tregojne-fuqine-dhe-pavaresine-e-grave-ne-lashtesi\/","title":{"rendered":"Letrat 4000-vje\u00e7are ku tregojn\u00eb fuqin\u00eb dhe pavar\u00ebsin\u00eb e GRAVE n\u00eb lasht\u00ebsi!"},"content":{"rendered":"<p><img data-recalc-dims=\"1\" loading=\"lazy\" decoding=\"async\" data-attachment-id=\"99816\" data-permalink=\"https:\/\/www.shqiperia.com\/blog\/letrat-4000-vjecare-ku-tregojne-fuqine-dhe-pavaresine-e-grave-ne-lashtesi\/640-0-66167e511d95180516e1983d41e48d45\/\" data-orig-file=\"https:\/\/i0.wp.com\/www.shqiperia.com\/blog\/wp-content\/uploads\/2026\/05\/640-0-66167e511d95180516e1983d41e48d45.jpeg?fit=640%2C421&amp;ssl=1\" data-orig-size=\"640,421\" data-comments-opened=\"1\" data-image-meta=\"{&quot;aperture&quot;:&quot;0&quot;,&quot;credit&quot;:&quot;&quot;,&quot;camera&quot;:&quot;&quot;,&quot;caption&quot;:&quot;&quot;,&quot;created_timestamp&quot;:&quot;0&quot;,&quot;copyright&quot;:&quot;&quot;,&quot;focal_length&quot;:&quot;0&quot;,&quot;iso&quot;:&quot;0&quot;,&quot;shutter_speed&quot;:&quot;0&quot;,&quot;title&quot;:&quot;&quot;,&quot;orientation&quot;:&quot;0&quot;}\" data-image-title=\"-640-0-66167e511d95180516e1983d41e48d45\" data-image-description=\"\" data-image-caption=\"\" data-medium-file=\"https:\/\/i0.wp.com\/www.shqiperia.com\/blog\/wp-content\/uploads\/2026\/05\/640-0-66167e511d95180516e1983d41e48d45.jpeg?fit=300%2C197&amp;ssl=1\" data-large-file=\"https:\/\/i0.wp.com\/www.shqiperia.com\/blog\/wp-content\/uploads\/2026\/05\/640-0-66167e511d95180516e1983d41e48d45.jpeg?fit=640%2C421&amp;ssl=1\" class=\"alignnone wp-image-99816\" alt=\"\" src=\"https:\/\/i0.wp.com\/www.shqiperia.com\/blog\/wp-content\/uploads\/2026\/05\/640-0-66167e511d95180516e1983d41e48d45.jpeg?resize=608%2C399&#038;ssl=1\" width=\"608\" height=\"399\" srcset=\"https:\/\/i0.wp.com\/www.shqiperia.com\/blog\/wp-content\/uploads\/2026\/05\/640-0-66167e511d95180516e1983d41e48d45.jpeg?resize=300%2C197&amp;ssl=1 300w, https:\/\/i0.wp.com\/www.shqiperia.com\/blog\/wp-content\/uploads\/2026\/05\/640-0-66167e511d95180516e1983d41e48d45.jpeg?resize=450%2C296&amp;ssl=1 450w, https:\/\/i0.wp.com\/www.shqiperia.com\/blog\/wp-content\/uploads\/2026\/05\/640-0-66167e511d95180516e1983d41e48d45.jpeg?resize=600%2C395&amp;ssl=1 600w, https:\/\/i0.wp.com\/www.shqiperia.com\/blog\/wp-content\/uploads\/2026\/05\/640-0-66167e511d95180516e1983d41e48d45.jpeg?resize=400%2C263&amp;ssl=1 400w, https:\/\/i0.wp.com\/www.shqiperia.com\/blog\/wp-content\/uploads\/2026\/05\/640-0-66167e511d95180516e1983d41e48d45.jpeg?w=640&amp;ssl=1 640w\" sizes=\"auto, (max-width: 608px) 100vw, 608px\" \/><\/p>\n<p>2 Maji 2026<\/p>\n<p>Nj\u00eb zbulim i rrall\u00eb historik po ndryshon m\u00ebnyr\u00ebn si kuptohet roli i grave n\u00eb lasht\u00ebsi. P\u00ebrmes p\u00ebrkthimit t\u00eb mij\u00ebra letrave t\u00eb shkruara rreth 4000 vite m\u00eb par\u00eb n\u00eb Mesopotami dhe Anatoli, del n\u00eb pah nj\u00eb realitet i papritur: grat\u00eb nuk ishin t\u00eb kufizuara n\u00eb role pasive, por menaxhonin ekonomi, familje dhe vendimmarrje me nj\u00eb pavar\u00ebsi t\u00eb konsiderueshme.<\/p>\n<p>K\u00ebto letra i p\u00ebrkasin kryesisht grave q\u00eb jetonin n\u00eb qytetin e lasht\u00eb Assur, nd\u00ebrsa burrat e tyre ishin tregtar\u00eb q\u00eb udh\u00ebtonin shpesh p\u00ebr biznes. P\u00ebr shkak t\u00eb k\u00ebsaj distance, komunikimi p\u00ebrmes letrave ishte thelb\u00ebsor, duke krijuar nj\u00eb arkiv unik prej dhjet\u00ebra mij\u00ebra tabletash argjile t\u00eb zbuluara n\u00eb sitin arkeologjik t\u00eb Kane\u0161.<\/p>\n<p>Nga p\u00ebrmbajtja e tyre kuptohet qart\u00eb se grat\u00eb nuk merreshin vet\u00ebm me \u00e7\u00ebshtje sht\u00ebpiake. Ato administronin pasurit\u00eb, menaxhonin prodhimin dhe shitjen e mallrave, paguanin taksa dhe madje jepnin hua me interes. N\u00eb disa raste, ato kishin edhe llogari financiare t\u00eb ndara nga bashk\u00ebshort\u00ebt, nj\u00eb koncept q\u00eb konsiderohet tep\u00ebr modern edhe p\u00ebr standardet e sotme.<\/p>\n<p>Nj\u00eb nga rastet m\u00eb dometh\u00ebn\u00ebse \u00ebsht\u00eb ai i nj\u00eb gruaje q\u00eb jo vet\u00ebm kujdesej p\u00ebr familjen, por drejtonte aktivitetin ekonomik t\u00eb bashk\u00ebshortit gjat\u00eb munges\u00ebs s\u00eb tij, duke koordinuar p\u00ebrfaq\u00ebsuesit dhe duke mbajtur kontroll mbi t\u00eb ardhurat. Kjo tregon nj\u00eb nivel t\u00eb lart\u00eb besimi dhe p\u00ebrgjegj\u00ebsie q\u00eb u besohej grave n\u00eb at\u00eb koh\u00eb.<\/p>\n<p>P\u00ebrve\u00e7 aspektit ekonomik, letrat zbulojn\u00eb edhe dimensionin emocional dhe social t\u00eb jet\u00ebs s\u00eb tyre. Ato p\u00ebrmbajn\u00eb ankesa p\u00ebr munges\u00eb ushqimi, k\u00ebrkesa p\u00ebr para, konflikte familjare dhe k\u00ebshilla morale, duke reflektuar nj\u00eb jet\u00eb dinamike dhe t\u00eb ngjashme me realitetet e sotme.<\/p>\n<p>Ekspert\u00ebt theksojn\u00eb se k\u00ebto dokumente historike hedhin drit\u00eb mbi nj\u00eb shoq\u00ebri ku grat\u00eb kishin rol aktiv dhe ndikim t\u00eb drejtp\u00ebrdrejt\u00eb n\u00eb ekonomi dhe familje. N\u00eb fakt, sipas studiuesve, n\u00eb disa aspekte ato g\u00ebzonin m\u00eb shum\u00eb autonomi sesa n\u00eb disa shoq\u00ebri moderne, duke sfiduar stereotipet e krijuara p\u00ebr t\u00eb kaluar\u00ebn.<\/p>\n","protected":false},"excerpt":{"rendered":"<p>2 Maji 2026 Nj\u00eb zbulim i rrall\u00eb historik po ndryshon m\u00ebnyr\u00ebn si kuptohet roli i grave n\u00eb lasht\u00ebsi. P\u00ebrmes p\u00ebrkthimit t\u00eb mij\u00ebra letrave t\u00eb shkruara rreth 4000 vite m\u00eb par\u00eb n\u00eb Mesopotami dhe Anatoli, del n\u00eb pah nj\u00eb realitet i papritur: grat\u00eb nuk ishin t\u00eb kufizuara n\u00eb role pasive, por menaxhonin ekonomi, familje dhe vendimmarrje [&hellip;]<\/p>\n","protected":false},"author":9,"featured_media":99816,"comment_status":"open","ping_status":"open","sticky":false,"template":"","format":"standard","meta":{"jetpack_post_was_ever_published":false,"_jetpack_newsletter_access":"","_jetpack_dont_email_post_to_subs":false,"_jetpack_newsletter_tier_id":0,"_jetpack_memberships_contains_paywalled_content":false,"_jetpack_memberships_contains_paid_content":false,"footnotes":"","jetpack_publicize_message":"","jetpack_publicize_feature_enabled":true,"jetpack_social_post_already_shared":true,"jetpack_social_options":{"image_generator_settings":{"template":"highway","default_image_id":0,"font":"","enabled":false},"version":2}},"categories":[85,10,35],"tags":[],"class_list":["post-99815","post","type-post","status-publish","format-standard","has-post-thumbnail","hentry","category-histori","category-kultura","category-shoqerore"],"jetpack_publicize_connections":[],"jetpack_featured_media_url":"https:\/\/i0.wp.com\/www.shqiperia.com\/blog\/wp-content\/uploads\/2026\/05\/640-0-66167e511d95180516e1983d41e48d45.jpeg?fit=640%2C421&ssl=1","jetpack_sharing_enabled":true,"jetpack_shortlink":"https:\/\/wp.me\/p5Z6wp-pXV","jetpack-related-posts":[{"id":98345,"url":"https:\/\/www.shqiperia.com\/blog\/cfare-mendonin-vertet-grate-ne-lashtesi-per-seksin\/","url_meta":{"origin":99815,"position":0},"title":"\u00c7far\u00eb mendonin v\u00ebrtet grat\u00eb n\u00eb lasht\u00ebsi p\u00ebr seksin","author":"Kurt Farka","date":"March 12, 2026","format":false,"excerpt":"12 Mars 2026 Imazhi q\u00eb ka mb\u00ebrritur deri n\u00eb dit\u00ebt tona p\u00ebr seksualitetin fem\u00ebror n\u00eb lasht\u00ebsi \u00ebsht\u00eb formuar n\u00eb mas\u00eb t\u00eb madhe nga z\u00ebra mashkullor\u00eb, shpesh t\u00eb mbushur me paragjykime dhe stereotipe. Megjithat\u00eb, p\u00ebrmes poezive, letrave, veprave t\u00eb artit dhe disa d\u00ebshmive t\u00eb rralla t\u00eb grave, shfaqet nj\u00eb tablo m\u00eb\u2026","rel":"","context":"In &quot;Histori&quot;","block_context":{"text":"Histori","link":"https:\/\/www.shqiperia.com\/blog\/category\/histori\/"},"img":{"alt_text":"","src":"https:\/\/i0.wp.com\/www.shqiperia.com\/blog\/wp-content\/uploads\/2026\/03\/Screenshot-2026-03-11-110743-1024x561-1.jpg?fit=1024%2C561&ssl=1&resize=350%2C200","width":350,"height":200,"srcset":"https:\/\/i0.wp.com\/www.shqiperia.com\/blog\/wp-content\/uploads\/2026\/03\/Screenshot-2026-03-11-110743-1024x561-1.jpg?fit=1024%2C561&ssl=1&resize=350%2C200 1x, https:\/\/i0.wp.com\/www.shqiperia.com\/blog\/wp-content\/uploads\/2026\/03\/Screenshot-2026-03-11-110743-1024x561-1.jpg?fit=1024%2C561&ssl=1&resize=525%2C300 1.5x, https:\/\/i0.wp.com\/www.shqiperia.com\/blog\/wp-content\/uploads\/2026\/03\/Screenshot-2026-03-11-110743-1024x561-1.jpg?fit=1024%2C561&ssl=1&resize=700%2C400 2x"},"classes":[]},{"id":90208,"url":"https:\/\/www.shqiperia.com\/blog\/berisha-rama-eshte-kryeministri-me-mizogjen-ne-histori-zhduku-60-milione-euro-qe-dha-qeveria-franceze-per-grate\/","url_meta":{"origin":99815,"position":1},"title":"Berisha: &#8211; Rama \u00ebsht\u00eb kryeministri m\u00eb mizogjen n\u00eb histori! Zhduku 60 milion\u00eb euro q\u00eb dha qeveria franceze p\u00ebr grat\u00eb","author":"Kurt Farka","date":"March 8, 2025","format":false,"excerpt":"8 Marts 2025 Sali Berisha, prezantoi k\u00ebt\u00eb 8 Mars, n\u00eb dit\u00ebn Nd\u00ebrkomb\u00ebtare t\u00eb Gruas, programin e qeverisjes \u2018Fuqizimi i grave dhe vajzave\u2019. Kryedemokrati tha se gruaja shqiptare ndodhet n\u00eb vitet nd\u00ebr m\u00eb t\u00eb v\u00ebshtirat e saj. Sipas Berish\u00ebs, shkak p\u00ebr k\u00ebt\u00eb \u00ebsht\u00eb kryeministri Rama, i cili zhduku 60 milion\u00eb euro\u2026","rel":"","context":"In &quot;Politika&quot;","block_context":{"text":"Politika","link":"https:\/\/www.shqiperia.com\/blog\/category\/politika\/"},"img":{"alt_text":"","src":"https:\/\/i0.wp.com\/www.shqiperia.com\/blog\/wp-content\/uploads\/2025\/03\/auto_69ee718c-dd09-4468-aadc-2b08b1f9c2251741434849.jpg?fit=900%2C600&ssl=1&resize=350%2C200","width":350,"height":200,"srcset":"https:\/\/i0.wp.com\/www.shqiperia.com\/blog\/wp-content\/uploads\/2025\/03\/auto_69ee718c-dd09-4468-aadc-2b08b1f9c2251741434849.jpg?fit=900%2C600&ssl=1&resize=350%2C200 1x, https:\/\/i0.wp.com\/www.shqiperia.com\/blog\/wp-content\/uploads\/2025\/03\/auto_69ee718c-dd09-4468-aadc-2b08b1f9c2251741434849.jpg?fit=900%2C600&ssl=1&resize=525%2C300 1.5x, https:\/\/i0.wp.com\/www.shqiperia.com\/blog\/wp-content\/uploads\/2025\/03\/auto_69ee718c-dd09-4468-aadc-2b08b1f9c2251741434849.jpg?fit=900%2C600&ssl=1&resize=700%2C400 2x"},"classes":[]},{"id":16702,"url":"https:\/\/www.shqiperia.com\/blog\/anketa-gjysma-e-grave-dhe-39-e-burrave-ne-moshen-15-49-vjec-te-papune\/","url_meta":{"origin":99815,"position":2},"title":"Anketa\/ Gjysma e grave dhe 39% e burrave n\u00eb mosh\u00ebn 15-49 vje\u00e7, t\u00eb papun\u00eb.-","author":"Kurt Farka","date":"January 29, 2019","format":false,"excerpt":"Anketa\/ Gjysma e grave dhe 39% e burrave n\u00eb mosh\u00ebn 15-49 vje\u00e7, t\u00eb papun\u00eb.- 29 janar 2019 Nj\u00eb anket\u00eb e INSTAT e ndryshme nga Sondazhet e Forcave t\u00eb Pun\u00ebs (AFP) ka gjetur nj\u00eb papun\u00ebsi t\u00eb lart\u00eb nd\u00ebr shqiptar\u00ebt gjat\u00eb 2018. Sondazhi i cili u zhvillua n\u00eb kuad\u00ebr t\u00eb nj\u00eb projekti\u2026","rel":"","context":"In &quot;Blogu i Udh\u00ebtarit&quot;","block_context":{"text":"Blogu i Udh\u00ebtarit","link":"https:\/\/www.shqiperia.com\/blog\/category\/blogu-i-udhetarit\/"},"img":{"alt_text":"","src":"https:\/\/i0.wp.com\/www.shqiperia.com\/blog\/wp-content\/uploads\/2019\/01\/popullsia11.jpg?fit=812%2C403&ssl=1&resize=350%2C200","width":350,"height":200,"srcset":"https:\/\/i0.wp.com\/www.shqiperia.com\/blog\/wp-content\/uploads\/2019\/01\/popullsia11.jpg?fit=812%2C403&ssl=1&resize=350%2C200 1x, https:\/\/i0.wp.com\/www.shqiperia.com\/blog\/wp-content\/uploads\/2019\/01\/popullsia11.jpg?fit=812%2C403&ssl=1&resize=525%2C300 1.5x, https:\/\/i0.wp.com\/www.shqiperia.com\/blog\/wp-content\/uploads\/2019\/01\/popullsia11.jpg?fit=812%2C403&ssl=1&resize=700%2C400 2x"},"classes":[]},{"id":11547,"url":"https:\/\/www.shqiperia.com\/blog\/dikush-po-mbjell-erresiren-mes-nesh\/","url_meta":{"origin":99815,"position":3},"title":"Dikush po mbjell err\u00ebsir\u00ebn mes nesh. &#8211;","author":"Kurt Farka","date":"September 15, 2018","format":false,"excerpt":"Dikush po mbjell err\u00ebsir\u00ebn mes nesh. - P\u00ebrshkrim p\u00ebr grat\u00eb dhe vajzat q\u00eb vishen me per\u00e7et e zeza. A ka vajza shqiptare t\u00eb veshura k\u00ebshtu? Nga Alba Malltezi.- Kat\u00ebr gra t\u00eb reja t\u00eb veshura me nixhab t\u00eb zi (shih foton ilustruese)nga koka n\u00eb k\u00ebmb\u00eb, teksa l\u00ebviznin mes ushqimeve t\u00eb nj\u00eb\u2026","rel":"","context":"In &quot;Blogu i Udh\u00ebtarit&quot;","block_context":{"text":"Blogu i Udh\u00ebtarit","link":"https:\/\/www.shqiperia.com\/blog\/category\/blogu-i-udhetarit\/"},"img":{"alt_text":"","src":"https:\/\/i0.wp.com\/www.shqiperia.com\/blog\/wp-content\/uploads\/2018\/09\/1535540352_veshje.jpg?fit=780%2C440&ssl=1&resize=350%2C200","width":350,"height":200,"srcset":"https:\/\/i0.wp.com\/www.shqiperia.com\/blog\/wp-content\/uploads\/2018\/09\/1535540352_veshje.jpg?fit=780%2C440&ssl=1&resize=350%2C200 1x, https:\/\/i0.wp.com\/www.shqiperia.com\/blog\/wp-content\/uploads\/2018\/09\/1535540352_veshje.jpg?fit=780%2C440&ssl=1&resize=525%2C300 1.5x, https:\/\/i0.wp.com\/www.shqiperia.com\/blog\/wp-content\/uploads\/2018\/09\/1535540352_veshje.jpg?fit=780%2C440&ssl=1&resize=700%2C400 2x"},"classes":[]},{"id":57408,"url":"https:\/\/www.shqiperia.com\/blog\/ukraine-grate-ishin-perdhunuar-para-se-te-vriteshin-mjeket-nxjerrin-prova-rreqethese-fytyrat-cope-cope-ndonjehere-nuk-kane-fare-koke\/","url_meta":{"origin":99815,"position":4},"title":"Ukraine: &#8211; \u2018Grat\u00eb ishin p\u00ebrdhunuar para se t\u00eb vriteshin\u2019, mjek\u00ebt nxjerrin prova rr\u00ebqeth\u00ebse: \u201cFytyrat cop\u00eb-cop\u00eb, ndonj\u00ebher\u00eb nuk kan\u00eb fare kok\u00eb\u201d","author":"Kurt Farka","date":"April 30, 2022","format":false,"excerpt":"Ukraine: \u2018Grat\u00eb ishin p\u00ebrdhunuar para se t\u00eb vriteshin\u2019, mjek\u00ebt nxjerrin prova rr\u00ebqeth\u00ebse: \u201cFytyrat cop\u00eb-cop\u00eb, ndonj\u00ebher\u00eb nuk kan\u00eb fare kok\u00eb\u201d 25 Prill 2022 \u2018Grat\u00eb ishin p\u00ebrdhunuar para se t\u00eb vriteshin\u2019, mjek\u00ebt nxjerrin prova rr\u00ebqeth\u00ebse: \u201cFytyrat cop\u00eb-cop\u00eb, ndonj\u00ebher\u00eb nuk kan\u00eb fare kok\u00eb\u201d P\u00ebrdhunimet e grave ukrainase para t\u00eb vriteshin nga rus\u00ebt jan\u00eb\u2026","rel":"","context":"In &quot;Blogu i Udh\u00ebtarit&quot;","block_context":{"text":"Blogu i Udh\u00ebtarit","link":"https:\/\/www.shqiperia.com\/blog\/category\/blogu-i-udhetarit\/"},"img":{"alt_text":"","src":"https:\/\/i0.wp.com\/www.shqiperia.com\/blog\/wp-content\/uploads\/2022\/04\/Screenshot-2022-04-25-142129-905x395-1.jpg?fit=905%2C395&ssl=1&resize=350%2C200","width":350,"height":200,"srcset":"https:\/\/i0.wp.com\/www.shqiperia.com\/blog\/wp-content\/uploads\/2022\/04\/Screenshot-2022-04-25-142129-905x395-1.jpg?fit=905%2C395&ssl=1&resize=350%2C200 1x, https:\/\/i0.wp.com\/www.shqiperia.com\/blog\/wp-content\/uploads\/2022\/04\/Screenshot-2022-04-25-142129-905x395-1.jpg?fit=905%2C395&ssl=1&resize=525%2C300 1.5x, https:\/\/i0.wp.com\/www.shqiperia.com\/blog\/wp-content\/uploads\/2022\/04\/Screenshot-2022-04-25-142129-905x395-1.jpg?fit=905%2C395&ssl=1&resize=700%2C400 2x"},"classes":[]},{"id":64718,"url":"https:\/\/www.shqiperia.com\/blog\/rrihen-publikisht-me-kamxhik-12-persona-ne-afganistan-nuk-do-ta-besoni-arsyen-absurde\/","url_meta":{"origin":99815,"position":5},"title":"Rrihen publikisht me kamxhik 12 persona n\u00eb Afganistan, nuk do ta besoni arsyen absurde","author":"Kurt Farka","date":"November 24, 2022","format":false,"excerpt":"25 Nentor 2022 Dymb\u00ebdhjet\u00eb njer\u00ebz, p\u00ebrfshir\u00eb k\u00ebtu edhe tri gra, jan\u00eb rrahur me kamxhik para mij\u00ebra njer\u00ebzve t\u00eb pranish\u00ebm n\u00eb nj\u00eb stadium futbolli n\u00eb Afganistan. Ata ishin shpallur fajtor\u00eb p\u00ebr kryerjen e \u201ckrimeve morale\u201d, si tradhti bashk\u00ebshortore, pla\u00e7kitje dhe homoseksualitet, tha nj\u00eb zyrtar taleban p\u00ebr transmetuesin publik britanik, BBC. Kjo\u2026","rel":"","context":"In &quot;Blogu i Udh\u00ebtarit&quot;","block_context":{"text":"Blogu i Udh\u00ebtarit","link":"https:\/\/www.shqiperia.com\/blog\/category\/blogu-i-udhetarit\/"},"img":{"alt_text":"","src":"https:\/\/i0.wp.com\/www.shqiperia.com\/blog\/wp-content\/uploads\/2022\/11\/800-0-637f4e1a68d0a.png?fit=800%2C461&ssl=1&resize=350%2C200","width":350,"height":200,"srcset":"https:\/\/i0.wp.com\/www.shqiperia.com\/blog\/wp-content\/uploads\/2022\/11\/800-0-637f4e1a68d0a.png?fit=800%2C461&ssl=1&resize=350%2C200 1x, https:\/\/i0.wp.com\/www.shqiperia.com\/blog\/wp-content\/uploads\/2022\/11\/800-0-637f4e1a68d0a.png?fit=800%2C461&ssl=1&resize=525%2C300 1.5x, https:\/\/i0.wp.com\/www.shqiperia.com\/blog\/wp-content\/uploads\/2022\/11\/800-0-637f4e1a68d0a.png?fit=800%2C461&ssl=1&resize=700%2C400 2x"},"classes":[]}],"_links":{"self":[{"href":"https:\/\/www.shqiperia.com\/blog\/wp-json\/wp\/v2\/posts\/99815","targetHints":{"allow":["GET"]}}],"collection":[{"href":"https:\/\/www.shqiperia.com\/blog\/wp-json\/wp\/v2\/posts"}],"about":[{"href":"https:\/\/www.shqiperia.com\/blog\/wp-json\/wp\/v2\/types\/post"}],"author":[{"embeddable":true,"href":"https:\/\/www.shqiperia.com\/blog\/wp-json\/wp\/v2\/users\/9"}],"replies":[{"embeddable":true,"href":"https:\/\/www.shqiperia.com\/blog\/wp-json\/wp\/v2\/comments?post=99815"}],"version-history":[{"count":1,"href":"https:\/\/www.shqiperia.com\/blog\/wp-json\/wp\/v2\/posts\/99815\/revisions"}],"predecessor-version":[{"id":99817,"href":"https:\/\/www.shqiperia.com\/blog\/wp-json\/wp\/v2\/posts\/99815\/revisions\/99817"}],"wp:featuredmedia":[{"embeddable":true,"href":"https:\/\/www.shqiperia.com\/blog\/wp-json\/wp\/v2\/media\/99816"}],"wp:attachment":[{"href":"https:\/\/www.shqiperia.com\/blog\/wp-json\/wp\/v2\/media?parent=99815"}],"wp:term":[{"taxonomy":"category","embeddable":true,"href":"https:\/\/www.shqiperia.com\/blog\/wp-json\/wp\/v2\/categories?post=99815"},{"taxonomy":"post_tag","embeddable":true,"href":"https:\/\/www.shqiperia.com\/blog\/wp-json\/wp\/v2\/tags?post=99815"}],"curies":[{"name":"wp","href":"https:\/\/api.w.org\/{rel}","templated":true}]}}