{"id":99809,"date":"2026-05-02T06:20:45","date_gmt":"2026-05-02T06:20:45","guid":{"rendered":"https:\/\/www.shqiperia.com\/blog\/?p=99809"},"modified":"2026-05-02T06:20:45","modified_gmt":"2026-05-02T06:20:45","slug":"aleksander-cipa-mistrecet-e-dale-kohe-shfaqen-ne-shkup","status":"publish","type":"post","link":"https:\/\/www.shqiperia.com\/blog\/aleksander-cipa-mistrecet-e-dale-kohe-shfaqen-ne-shkup\/","title":{"rendered":"Aleksand\u00ebr \u00c7ipa: \u201cMistrec\u00ebt\u201d e dal\u00eb kohe, shfaqen n\u00eb Shkup"},"content":{"rendered":"<div class=\"firstP\">\n<div id=\"attachment_99810\" style=\"width: 679px\" class=\"wp-caption alignnone\"><img data-recalc-dims=\"1\" loading=\"lazy\" decoding=\"async\" aria-describedby=\"caption-attachment-99810\" data-attachment-id=\"99810\" data-permalink=\"https:\/\/www.shqiperia.com\/blog\/aleksander-cipa-mistrecet-e-dale-kohe-shfaqen-ne-shkup\/aleksander-cipa-5\/\" data-orig-file=\"https:\/\/i0.wp.com\/www.shqiperia.com\/blog\/wp-content\/uploads\/2026\/05\/Aleksander-Cipa.webp?fit=1280%2C720&amp;ssl=1\" data-orig-size=\"1280,720\" data-comments-opened=\"1\" data-image-meta=\"{&quot;aperture&quot;:&quot;0&quot;,&quot;credit&quot;:&quot;&quot;,&quot;camera&quot;:&quot;&quot;,&quot;caption&quot;:&quot;&quot;,&quot;created_timestamp&quot;:&quot;0&quot;,&quot;copyright&quot;:&quot;&quot;,&quot;focal_length&quot;:&quot;0&quot;,&quot;iso&quot;:&quot;0&quot;,&quot;shutter_speed&quot;:&quot;0&quot;,&quot;title&quot;:&quot;&quot;,&quot;orientation&quot;:&quot;0&quot;}\" data-image-title=\"Aleksand\u00ebr \u00c7ipa\" data-image-description=\"\" data-image-caption=\"&lt;p&gt;Aleksand\u00ebr \u00c7ipa&lt;\/p&gt;\n\" data-medium-file=\"https:\/\/i0.wp.com\/www.shqiperia.com\/blog\/wp-content\/uploads\/2026\/05\/Aleksander-Cipa.webp?fit=300%2C169&amp;ssl=1\" data-large-file=\"https:\/\/i0.wp.com\/www.shqiperia.com\/blog\/wp-content\/uploads\/2026\/05\/Aleksander-Cipa.webp?fit=1024%2C576&amp;ssl=1\" class=\" wp-image-99810\" alt=\"\" src=\"https:\/\/i0.wp.com\/www.shqiperia.com\/blog\/wp-content\/uploads\/2026\/05\/Aleksander-Cipa.webp?resize=669%2C377&#038;ssl=1\" width=\"669\" height=\"377\" srcset=\"https:\/\/i0.wp.com\/www.shqiperia.com\/blog\/wp-content\/uploads\/2026\/05\/Aleksander-Cipa.webp?resize=300%2C169&amp;ssl=1 300w, https:\/\/i0.wp.com\/www.shqiperia.com\/blog\/wp-content\/uploads\/2026\/05\/Aleksander-Cipa.webp?resize=1024%2C576&amp;ssl=1 1024w, https:\/\/i0.wp.com\/www.shqiperia.com\/blog\/wp-content\/uploads\/2026\/05\/Aleksander-Cipa.webp?resize=768%2C432&amp;ssl=1 768w, https:\/\/i0.wp.com\/www.shqiperia.com\/blog\/wp-content\/uploads\/2026\/05\/Aleksander-Cipa.webp?resize=450%2C253&amp;ssl=1 450w, https:\/\/i0.wp.com\/www.shqiperia.com\/blog\/wp-content\/uploads\/2026\/05\/Aleksander-Cipa.webp?resize=600%2C338&amp;ssl=1 600w, https:\/\/i0.wp.com\/www.shqiperia.com\/blog\/wp-content\/uploads\/2026\/05\/Aleksander-Cipa.webp?resize=400%2C225&amp;ssl=1 400w, https:\/\/i0.wp.com\/www.shqiperia.com\/blog\/wp-content\/uploads\/2026\/05\/Aleksander-Cipa.webp?w=1280&amp;ssl=1 1280w\" sizes=\"auto, (max-width: 669px) 100vw, 669px\" \/><p id=\"caption-attachment-99810\" class=\"wp-caption-text\">Aleksand\u00ebr \u00c7ipa<\/p><\/div>\n<p>2 Maji 2026<\/p>\n<p>Nga Aleksand\u00ebr \u00c7ipa<\/p>\n<\/div>\n<p>N\u00ebse thirrjet albanofobe t\u00eb nj\u00eb grupi me em\u00ebr \u201c Komiti\u201d l, t\u00eb tifoz\u00ebve n\u00eb ndeshjen Vardar-Tikvesh, do t\u00eb ishte nj\u00eb rast\u00ebsi e vetme, nuk do t\u00eb merrej fare n\u00eb vler\u00ebsim. Madje as ting\u00ebllimi kanibalesk i shprehjes:<br \/>\n\u201cShqiptari i vdekur, shqiptari i mir\u00eb, o hej!\u201d!<br \/>\nPor kur v\u00ebren se kemi t\u00eb b\u00ebjm\u00eb me pamje koresh antishqiptare, t\u00eb organizuar dhe t\u00eb strukturuar, n\u00eb kund\u00ebrshti dhe shkelje flagrante t\u00eb ligjit themelor t\u00eb nj\u00eb republike t\u00eb mbajtur si \u201c k\u00ebpuc\u00eb e konsumuar\u201d fal\u00eb \u201c k\u00ebpucar\u00ebve\u201d, at\u00ebhere problemi \u00ebsht\u00eb endogjen.<\/p>\n<p>N\u00eb Shkup, jo vet\u00ebm n\u00ebp\u00ebr stadiume, por edhe n\u00eb sjellje dhe gjeste politike, shum\u00ebshfaqen provokacione dhe incidente antishqiptare.<\/p>\n<p>Aktet fyese dhe substancialisht raciste antishqiptare, n\u00eb Maqedonin\u00eb e Veriut, jan\u00eb regres serioz q\u00eb mbart risk p\u00ebr bashk\u00ebjetes\u00ebn n\u00eb Ballkanin Per\u00ebndimor, jo vet\u00ebm e thjesht n\u00eb republik\u00ebn \u201ce arnuar\u201d, kandidate p\u00ebr n\u00eb BE.(!)<\/p>\n<p>Nj\u00eb muaj m\u00eb par\u00eb, k\u00ebsi thirrjesh u d\u00ebgjuan rishtazi n\u00eb nj\u00eb stadium dhe Ministria e Brendshme e RMV, vepr\u00ebn penale e \u201c nd\u00ebshkoi\u201d me gjoba si n\u00eb shkelje qarkullimi apo \u201chedhje mbeturinash jasht\u00eb koshit\u201d!<br \/>\nKjo ministri as sot, pas nj\u00eb muaji, nuk zbulon se cil\u00ebt jan\u00eb t\u00eb identifikuarit e atyre thirrjeve dhe korreve barbare antishqiptare.<br \/>\nN\u00eb gushtin e vitit 2025 rishtazi ndodhi e nj\u00ebjta sken\u00eb n\u00eb Kumanov\u00eb, madje n\u00eb prani t\u00eb kryeministrit Mickovski dhe vart\u00ebsit t\u00eb tij, Toshkovski.<\/p>\n<p>K\u00ebtyre episodeve aq provokative ndaj shqiptar\u00ebve u shtohet s\u00eb fundi edhe gjesti thell\u00ebsisht provokativ i ministrit t\u00eb Mbrojtjes s\u00eb RMV, Vlado Misajlovski.<\/p>\n<p>Ky minist\u00ebr, zhvillon nj\u00eb ceremoni p\u00ebrkujtimore p\u00ebrpara memorialit t\u00eb Batalionit t\u00eb Forcave Speciale n\u00eb nderim t\u00eb kat\u00ebr pjes\u00ebtar\u00ebve t\u00eb ushtris\u00eb s\u00eb vrar\u00eb n\u00eb Vejc\u00eb n\u00eb vitin 2001. P\u00ebrulet dhe pantomimon para pllak\u00ebs q\u00eb i etiketon si \u201cterrorist\u00eb\u201d shqiptar\u00ebt e p\u00ebrfshir\u00eb n\u00eb k\u00ebt\u00eb konflikt, t\u00eb sh\u00ebnuar 25 vite m\u00eb par\u00eb, var\u00ebsisht se ka pasur viktima nga t\u00eb dyja pal\u00ebt.<\/p>\n<p>Gjesti zyrtar, pllaka e shkruar dhe sidomos reagimet e maqedonasve jan\u00eb mjaftueshm\u00ebrisht kund\u00ebr Marr\u00ebveshjes s\u00eb Ohrit, e cila ka sh\u00ebnuar nj\u00eb dakord\u00ebsi ekzistenciale p\u00ebr Maqedonin\u00eb e Veriut, mes maqedonasve dhe shqiptar\u00ebve. Teksti i memorialit, para t\u00eb cilit ministri i Mbrojtjes, maqedonasi Misalojvski, guxon e b\u00ebn veprim politik antishqiptar, nd\u00ebr t\u00eb tjerash ka edhe p\u00ebrmbajtjen:\u201d\u2026Ran\u00eb n\u00eb luft\u00eb kund\u00ebr terrorist\u00ebve shqiptar\u00eb m\u00eb 28.04.2001 n\u00eb rajonin e fshatit Vejc\u00eb\u201d. (B\u00ebhet fjal\u00eb p\u00ebr luft\u00ebn e U\u00c7K)<\/p>\n<p>K\u00ebto episode dhe shum\u00eb e shum\u00eb t\u00eb tjer\u00eb n\u00eb p\u00ebrditshm\u00ebri, d\u00ebshmojn\u00eb qartazi se molepsja raciste antishqiptare e maqedonasve provincial\u00eb, dhe jo vet\u00ebm, \u00ebsht\u00eb nj\u00eb problem bashk\u00ebjetese dhe standarti. Dhe meqen\u00ebse \u00ebsht\u00eb i till\u00eb, pra prapambetje n\u00eb standard bashk\u00ebjetese, institucionalizmi shqiptar, sidomos ai politik dhe nd\u00ebrshtet\u00ebror, do t\u00eb duhej t\u00eb kishte dhe t\u00eb ket\u00eb nj\u00eb qasje dhe reagim kryek\u00ebput t\u00eb ndrysh\u00ebm nga gjer m\u00eb sot.<\/p>\n<p>Kur themi se Maqedonia e Veriut ekziston pik\u00ebrisht prej shqiptar\u00ebve, kjo \u00ebsht\u00eb e vlefshme sa graviteti fizik p\u00ebr k\u00ebt\u00eb republik\u00eb.<br \/>\nMaqedonasit nuk jan\u00eb nd\u00ebrgjegj\u00ebsuar p\u00ebr k\u00ebt\u00eb dhe meritojn\u00eb t\u00eb marrin prova dinjitoze.<br \/>\nFaktori shqiptar n\u00eb jet\u00ebn institucionale te MV duhet t\u00eb d\u00ebshmoj\u00eb kapacitet dhe t\u00eb demonstroj\u00eb dinjitet\u2026!<br \/>\nMemoriale t\u00eb tilla n\u00ebp\u00ebr MV duhet te zhduken me ligj dhe me forc\u00ebn e nj\u00eb task force ligjore.<\/p>\n<p>T\u00eb drejtat kushtetuese t\u00eb shqiptar\u00ebve jan\u00eb barazi shtetasish dhe meganj\u00ebsie etnike shtetformuese.<\/p>\n<p>Diplomacia shqiptare, n\u00eb RMV, Shqip\u00ebri dhe Kosov\u00eb do t\u00eb duhej ta kishin kryer nj\u00eb raport faktmbledh\u00ebs me koh\u00eb n\u00eb partneritet institucional me Komisioner\u00ebt nd\u00ebrkomb\u00ebtar\u00eb dhe sidomos me Brukselin zyrtar.<\/p>\n<p>Maqedonasit jan\u00eb t\u00eb pamjaftuesh\u00ebm p\u00ebr t\u00eb rikthyer edhe historin\u00eb e vjet\u00ebr t\u00eb Ballkanit me urrejtje, edhe mund\u00ebsin\u00eb e tyre raciste antishqiptare e sidomos diferencuese t\u00eb tyre.<\/p>\n<p>Leksionin p\u00ebr demokracin\u00eb dhe sidomos dinjitetin, tashm\u00eb shqiptar\u00ebt kan\u00eb arsye t\u2019ua japin pa hezitim k\u00ebtyre fqinj\u00ebve, sidomos bashk\u00ebjetuesve shtet\u00ebror\u00eb t\u00eb tyre n\u00eb RM.<\/p>\n<p>\u00cbsht\u00eb n\u00eb dinjitet t\u00eb shqiptar\u00ebve t\u00eb mos u l\u00ebn\u00eb asnj\u00eb grim\u00eb mund\u00ebsie si maqedonasve, ashtu edhe siv\u00ebllez\u00ebrve t\u00eb tyre n\u00ebp\u00ebr provinca t\u00eb rajonit, p\u00ebr t\u00eb p\u00ebrs\u00ebritur dhe manifestuar akte racizmi apo albanofobie.<\/p>\n<p>\u00cbsht\u00eb koh\u00eb tjet\u00ebr dhe kan\u00eb \u201cnd\u00ebrruar pasqyrat\u201d, p\u00ebr t\u00eb par\u00eb \u00e7far\u00eb nuk p\u00ebrkon me k\u00ebt\u00eb koh\u00eb p\u00ebr rajonin.<\/p>\n<p>Maqedonasit kan\u00eb arsye m\u00eb shum\u00eb se kushdo nd\u00ebr popujt e k\u00ebtyre trojeve ta p\u00ebrvet\u00ebsojn\u00eb vargun aksiomatik t\u00eb Pushkinit:\u201d Tek e shkuara nuk ka m\u00eb kthim!\u201d.<\/p>\n","protected":false},"excerpt":{"rendered":"<p>2 Maji 2026 Nga Aleksand\u00ebr \u00c7ipa N\u00ebse thirrjet albanofobe t\u00eb nj\u00eb grupi me em\u00ebr \u201c Komiti\u201d l, t\u00eb tifoz\u00ebve n\u00eb ndeshjen Vardar-Tikvesh, do t\u00eb ishte nj\u00eb rast\u00ebsi e vetme, nuk do t\u00eb merrej fare n\u00eb vler\u00ebsim. Madje as ting\u00ebllimi kanibalesk i shprehjes: \u201cShqiptari i vdekur, shqiptari i mir\u00eb, o hej!\u201d! Por kur v\u00ebren se kemi [&hellip;]<\/p>\n","protected":false},"author":9,"featured_media":99810,"comment_status":"open","ping_status":"open","sticky":false,"template":"","format":"standard","meta":{"jetpack_post_was_ever_published":false,"_jetpack_newsletter_access":"","_jetpack_dont_email_post_to_subs":false,"_jetpack_newsletter_tier_id":0,"_jetpack_memberships_contains_paywalled_content":false,"_jetpack_memberships_contains_paid_content":false,"footnotes":"","jetpack_publicize_message":"","jetpack_publicize_feature_enabled":true,"jetpack_social_post_already_shared":true,"jetpack_social_options":{"image_generator_settings":{"template":"highway","default_image_id":0,"font":"","enabled":false},"version":2}},"categories":[27,10,35],"tags":[],"class_list":["post-99809","post","type-post","status-publish","format-standard","has-post-thumbnail","hentry","category-blogu-i-udhetarit","category-kultura","category-shoqerore"],"jetpack_publicize_connections":[],"jetpack_featured_media_url":"https:\/\/i0.wp.com\/www.shqiperia.com\/blog\/wp-content\/uploads\/2026\/05\/Aleksander-Cipa.webp?fit=1280%2C720&ssl=1","jetpack_sharing_enabled":true,"jetpack_shortlink":"https:\/\/wp.me\/p5Z6wp-pXP","jetpack-related-posts":[{"id":36367,"url":"https:\/\/www.shqiperia.com\/blog\/lajm-arkiv-por-aktual-nje-apel-nga-aleksander-cipa\/","url_meta":{"origin":99809,"position":0},"title":"Lajm Arkiv por Aktual: &#8211; Nj\u00eb Apel nga Aleksand\u00ebr \u00c7ipa","author":"Kurt Farka","date":"July 16, 2020","format":false,"excerpt":"Lajm Arkiv por Aktual: - Nj\u00eb Apel nga Aleksand\u00ebr \u00c7ipa Nj\u00eb apel koleg\u00ebve dhe gjith\u00eb mediave vizive, fonike dhe t\u00eb shkruara t\u00eb atdheut tim: Lutem, n\u00eb em\u00ebr t\u00eb Atit, t\u00eb Birit e t\u00eb Shpirtit t\u00eb Shenjt\u00eb Arb\u00ebror! Lutem n\u00eb em\u00ebr te ligjit dhe Kushtetut\u00ebs s\u00eb Atdheut tim! Lutem n\u00eb em\u00ebr\u2026","rel":"","context":"In &quot;Histori&quot;","block_context":{"text":"Histori","link":"https:\/\/www.shqiperia.com\/blog\/category\/histori\/"},"img":{"alt_text":"","src":"https:\/\/i0.wp.com\/www.shqiperia.com\/blog\/wp-content\/uploads\/2020\/07\/hqdefault.jpg?fit=480%2C248&ssl=1&resize=350%2C200","width":350,"height":200},"classes":[]},{"id":38384,"url":"https:\/\/www.shqiperia.com\/blog\/aleksander-cipa-cfare-fshihet-pas-largimit-te-lleshajt-dhe-shahinit-ka-nje-realitet-dhe-kontekst-shume-zhgenjyes-per-shume-ceshtje-te-qeverisjes\/","url_meta":{"origin":99809,"position":1},"title":"Aleksand\u00ebr \u00c7ipa: &#8211; \u00c7far\u00eb fshihet pas largimit t\u00eb Lleshajt dhe Shahinit; Ka nj\u00eb realitet dhe kontekst shum\u00eb zhg\u00ebnjyes p\u00ebr shum\u00eb \u00e7\u00ebshtje t\u00eb qeverisjes","author":"Kurt Farka","date":"September 13, 2020","format":false,"excerpt":"Aleksand\u00ebr \u00c7ipa: - \u00c7far\u00eb fshihet pas largimit t\u00eb Lleshajt dhe Shahinit; Ka nj\u00eb realitet dhe kontekst shum\u00eb zhg\u00ebnjyes p\u00ebr shum\u00eb \u00e7\u00ebshtje t\u00eb qeverisjes 11 SHTATOR 2020 Pak dit\u00eb m\u00eb par\u00eb, ishte ministrja e Arsimit Besa Shahini e cila deklaroi se do t\u00eb largohej nga Shqip\u00ebria me mbarimin e mandatit qeveris\u00ebs.\u2026","rel":"","context":"In &quot;Blogu i Udh\u00ebtarit&quot;","block_context":{"text":"Blogu i Udh\u00ebtarit","link":"https:\/\/www.shqiperia.com\/blog\/category\/blogu-i-udhetarit\/"},"img":{"alt_text":"","src":"https:\/\/i0.wp.com\/www.shqiperia.com\/blog\/wp-content\/uploads\/2020\/09\/Aleksand%C3%ABr-%C3%87ipa.jpg?fit=800%2C450&ssl=1&resize=350%2C200","width":350,"height":200,"srcset":"https:\/\/i0.wp.com\/www.shqiperia.com\/blog\/wp-content\/uploads\/2020\/09\/Aleksand%C3%ABr-%C3%87ipa.jpg?fit=800%2C450&ssl=1&resize=350%2C200 1x, https:\/\/i0.wp.com\/www.shqiperia.com\/blog\/wp-content\/uploads\/2020\/09\/Aleksand%C3%ABr-%C3%87ipa.jpg?fit=800%2C450&ssl=1&resize=525%2C300 1.5x, https:\/\/i0.wp.com\/www.shqiperia.com\/blog\/wp-content\/uploads\/2020\/09\/Aleksand%C3%ABr-%C3%87ipa.jpg?fit=800%2C450&ssl=1&resize=700%2C400 2x"},"classes":[]},{"id":40813,"url":"https:\/\/www.shqiperia.com\/blog\/paralajmeron-termet-brenda-ps-se-aleksander-cipa-tregon-se-cfare-po-i-trazon-ujerat-brenda-socialisteve\/","url_meta":{"origin":99809,"position":2},"title":"Paralajm\u00ebron \u201ct\u00ebrmet\u201d brenda PS-s\u00eb\u00a0 \u00a0&#8211; Aleksand\u00ebr \u00c7ipa tregon se \u00e7far\u00eb po i \u2018trazon uj\u00ebrat\u2019 brenda socialist\u00ebve.","author":"Kurt Farka","date":"November 12, 2020","format":false,"excerpt":"Paralajm\u00ebron \u201ct\u00ebrmet\u201d brenda PS-s\u00eb\u00a0 \u00a0- Aleksand\u00ebr \u00c7ipa tregon se \u00e7far\u00eb po i \u2018trazon uj\u00ebrat\u2019 brenda socialist\u00ebve. 12 N\u00cbNTOR 2020 Gazetari Aleksand\u00ebr \u00c7ipa tha se n\u00eb Shqip\u00ebri kemi nj\u00eb p\u00ebrvoj\u00eb t\u00eb hidhur kur p\u00ebr\u00e7arjet nisin kur partit\u00eb politike largohen nga pushteti, por ai nuk e p\u00ebrjashton mund\u00ebsin\u00eb q\u00eb brenda PS-s\u00eb t\u00eb\u2026","rel":"","context":"In &quot;Blogu i Udh\u00ebtarit&quot;","block_context":{"text":"Blogu i Udh\u00ebtarit","link":"https:\/\/www.shqiperia.com\/blog\/category\/blogu-i-udhetarit\/"},"img":{"alt_text":"","src":"https:\/\/i0.wp.com\/www.shqiperia.com\/blog\/wp-content\/uploads\/2020\/11\/Aleksander-Cipa.jpg?fit=800%2C445&ssl=1&resize=350%2C200","width":350,"height":200,"srcset":"https:\/\/i0.wp.com\/www.shqiperia.com\/blog\/wp-content\/uploads\/2020\/11\/Aleksander-Cipa.jpg?fit=800%2C445&ssl=1&resize=350%2C200 1x, https:\/\/i0.wp.com\/www.shqiperia.com\/blog\/wp-content\/uploads\/2020\/11\/Aleksander-Cipa.jpg?fit=800%2C445&ssl=1&resize=525%2C300 1.5x, https:\/\/i0.wp.com\/www.shqiperia.com\/blog\/wp-content\/uploads\/2020\/11\/Aleksander-Cipa.jpg?fit=800%2C445&ssl=1&resize=700%2C400 2x"},"classes":[]},{"id":29477,"url":"https:\/\/www.shqiperia.com\/blog\/ama-agjenci-censure-cipa-ne-proteste-per-paketen-antishpifje-penalitetet-drastike-dhe-te-paperballueshme-per-gazetaret\/","url_meta":{"origin":99809,"position":3},"title":"\u201cAMA agjenci censure\u201d, \u00c7ipa n\u00eb protest\u00eb p\u00ebr paket\u00ebn antishpifje: Penalitetet drastike dhe t\u00eb pap\u00ebrballueshme p\u00ebr gazetar\u00ebt. &#8211;","author":"Kurt Farka","date":"December 18, 2019","format":false,"excerpt":"\u201cAMA agjenci censure\u201d, \u00c7ipa n\u00eb protest\u00eb p\u00ebr paket\u00ebn antishpifje: Penalitetet drastike dhe t\u00eb pap\u00ebrballueshme p\u00ebr gazetar\u00ebt. 18, dhjetor 2019 Drejtuesi i Unionit t\u00eb Gazetar\u00ebve n\u00eb Shqip\u00ebri, Aleksand\u00ebr \u00c7ipa iu \u00ebsht\u00eb bashkuar koleg\u00ebve t\u00eb tij n\u00eb protest\u00ebn kund\u00ebr paket\u00ebs antishpifje p\u00ebrpara Parlamentit. Gazetari \u00c7ipa tha se ky draft e b\u00ebn AMA-n\u2026","rel":"","context":"In &quot;Blogu i Udh\u00ebtarit&quot;","block_context":{"text":"Blogu i Udh\u00ebtarit","link":"https:\/\/www.shqiperia.com\/blog\/category\/blogu-i-udhetarit\/"},"img":{"alt_text":"","src":"https:\/\/i0.wp.com\/www.shqiperia.com\/blog\/wp-content\/uploads\/2019\/12\/cipa.jpg?fit=623%2C364&ssl=1&resize=350%2C200","width":350,"height":200,"srcset":"https:\/\/i0.wp.com\/www.shqiperia.com\/blog\/wp-content\/uploads\/2019\/12\/cipa.jpg?fit=623%2C364&ssl=1&resize=350%2C200 1x, https:\/\/i0.wp.com\/www.shqiperia.com\/blog\/wp-content\/uploads\/2019\/12\/cipa.jpg?fit=623%2C364&ssl=1&resize=525%2C300 1.5x"},"classes":[]},{"id":79733,"url":"https:\/\/www.shqiperia.com\/blog\/akuzat-per-olsi-ramen-aleksander-cipa-cfare-fshihet-pas-reagimit-te-vellait-te-kryeministrit-bardhi-e-paralajmeroi-dy-muaj-me-pare\/","url_meta":{"origin":99809,"position":4},"title":"Akuzat p\u00ebr Olsi Ram\u00ebn\/ Aleksand\u00ebr \u00c7ipa: &#8211; \u00c7far\u00eb \u2018fshihet\u2019 pas reagimit t\u00eb v\u00ebllait t\u00eb kryeministrit. &#8211; Bardhi e paralajm\u00ebroi dy muaj m\u00eb par\u00eb","author":"Kurt Farka","date":"March 28, 2024","format":false,"excerpt":"29 Mars 2024 Duke komentuar akuzat e kreut t\u00eb grupit parlamentar demokrat, Gazment Bardhi p\u00ebr lidhjen e Olsi Ram\u00ebs me laboratorin e kokain\u00ebs n\u00eb Xibrak\u00eb i zbuluar pak vite m\u00eb par\u00eb, analisti Aleksand\u00ebr \u00c7ipa tha n\u00eb \u201cOpen\u201d n\u00eb News 24, se \u00e7\u00ebshtja por risillet nga opozita n\u00eb betej\u00ebn e saj\u2026","rel":"","context":"In &quot;Blogu i Udh\u00ebtarit&quot;","block_context":{"text":"Blogu i Udh\u00ebtarit","link":"https:\/\/www.shqiperia.com\/blog\/category\/blogu-i-udhetarit\/"},"img":{"alt_text":"","src":"https:\/\/i0.wp.com\/www.shqiperia.com\/blog\/wp-content\/uploads\/2024\/03\/cipa-2-770x410-1.jpg?fit=770%2C410&ssl=1&resize=350%2C200","width":350,"height":200,"srcset":"https:\/\/i0.wp.com\/www.shqiperia.com\/blog\/wp-content\/uploads\/2024\/03\/cipa-2-770x410-1.jpg?fit=770%2C410&ssl=1&resize=350%2C200 1x, https:\/\/i0.wp.com\/www.shqiperia.com\/blog\/wp-content\/uploads\/2024\/03\/cipa-2-770x410-1.jpg?fit=770%2C410&ssl=1&resize=525%2C300 1.5x, https:\/\/i0.wp.com\/www.shqiperia.com\/blog\/wp-content\/uploads\/2024\/03\/cipa-2-770x410-1.jpg?fit=770%2C410&ssl=1&resize=700%2C400 2x"},"classes":[]},{"id":8745,"url":"https:\/\/www.shqiperia.com\/blog\/shoqeri-e-zhytur-ne-poshterim-njerezor-nga-aleksander-cipa\/","url_meta":{"origin":99809,"position":5},"title":"Shoq\u00ebri e zhytur n\u00eb posht\u00ebrim njer\u00ebzor \u2013 Nga Aleksand\u00ebr \u00c7ipa","author":"Kurt Farka","date":"June 15, 2018","format":false,"excerpt":"Shoq\u00ebri e zhytur n\u00eb posht\u00ebrim njer\u00ebzor \u2013 Nga Aleksand\u00ebr \u00c7ipa Sekuenca filmike e qarkulluar n\u00eb rrjetet sociale e m\u00eb pas n\u00eb ueb-et dhe versionet e tjera online, n\u00eb t\u00eb cil\u00ebn posht\u00ebrohet nj\u00eb i ri shqiptar, \u00ebsht\u00eb nj\u00eb pasazh trondit\u00ebs. Protagonist i dhunimit posht\u00ebrues \u00ebsht\u00eb nj\u00eb i ri, p\u00ebr t\u00eb cilin\u2026","rel":"","context":"In &quot;Kultura&quot;","block_context":{"text":"Kultura","link":"https:\/\/www.shqiperia.com\/blog\/category\/kultura\/"},"img":{"alt_text":"","src":"https:\/\/i0.wp.com\/www.shqiperia.com\/blog\/wp-content\/uploads\/2018\/06\/aleksander-cipa.png?fit=632%2C393&ssl=1&resize=350%2C200","width":350,"height":200,"srcset":"https:\/\/i0.wp.com\/www.shqiperia.com\/blog\/wp-content\/uploads\/2018\/06\/aleksander-cipa.png?fit=632%2C393&ssl=1&resize=350%2C200 1x, https:\/\/i0.wp.com\/www.shqiperia.com\/blog\/wp-content\/uploads\/2018\/06\/aleksander-cipa.png?fit=632%2C393&ssl=1&resize=525%2C300 1.5x"},"classes":[]}],"_links":{"self":[{"href":"https:\/\/www.shqiperia.com\/blog\/wp-json\/wp\/v2\/posts\/99809","targetHints":{"allow":["GET"]}}],"collection":[{"href":"https:\/\/www.shqiperia.com\/blog\/wp-json\/wp\/v2\/posts"}],"about":[{"href":"https:\/\/www.shqiperia.com\/blog\/wp-json\/wp\/v2\/types\/post"}],"author":[{"embeddable":true,"href":"https:\/\/www.shqiperia.com\/blog\/wp-json\/wp\/v2\/users\/9"}],"replies":[{"embeddable":true,"href":"https:\/\/www.shqiperia.com\/blog\/wp-json\/wp\/v2\/comments?post=99809"}],"version-history":[{"count":1,"href":"https:\/\/www.shqiperia.com\/blog\/wp-json\/wp\/v2\/posts\/99809\/revisions"}],"predecessor-version":[{"id":99811,"href":"https:\/\/www.shqiperia.com\/blog\/wp-json\/wp\/v2\/posts\/99809\/revisions\/99811"}],"wp:featuredmedia":[{"embeddable":true,"href":"https:\/\/www.shqiperia.com\/blog\/wp-json\/wp\/v2\/media\/99810"}],"wp:attachment":[{"href":"https:\/\/www.shqiperia.com\/blog\/wp-json\/wp\/v2\/media?parent=99809"}],"wp:term":[{"taxonomy":"category","embeddable":true,"href":"https:\/\/www.shqiperia.com\/blog\/wp-json\/wp\/v2\/categories?post=99809"},{"taxonomy":"post_tag","embeddable":true,"href":"https:\/\/www.shqiperia.com\/blog\/wp-json\/wp\/v2\/tags?post=99809"}],"curies":[{"name":"wp","href":"https:\/\/api.w.org\/{rel}","templated":true}]}}