{"id":99806,"date":"2026-05-02T06:15:05","date_gmt":"2026-05-02T06:15:05","guid":{"rendered":"https:\/\/www.shqiperia.com\/blog\/?p=99806"},"modified":"2026-05-02T06:15:05","modified_gmt":"2026-05-02T06:15:05","slug":"arkat-e-veres-vinin-me-200-mije-euro-te-mirlinda-gazetari-zbardh-skemen-e-dyshuar-te-korrupsionit-dhe-zhdukjen","status":"publish","type":"post","link":"https:\/\/www.shqiperia.com\/blog\/arkat-e-veres-vinin-me-200-mije-euro-te-mirlinda-gazetari-zbardh-skemen-e-dyshuar-te-korrupsionit-dhe-zhdukjen\/","title":{"rendered":"\u201cArkat e ver\u00ebs, vinin me 200 mij\u00eb euro te Mirlinda\/ Gazetari zbardh skem\u00ebn e dyshuar t\u00eb korrupsionit dhe zhdukjen\u2026"},"content":{"rendered":"<div id=\"attachment_99807\" style=\"width: 707px\" class=\"wp-caption alignnone\"><img data-recalc-dims=\"1\" loading=\"lazy\" decoding=\"async\" aria-describedby=\"caption-attachment-99807\" data-attachment-id=\"99807\" data-permalink=\"https:\/\/www.shqiperia.com\/blog\/arkat-e-veres-vinin-me-200-mije-euro-te-mirlinda-gazetari-zbardh-skemen-e-dyshuar-te-korrupsionit-dhe-zhdukjen\/ergys-agasii\/\" data-orig-file=\"https:\/\/i0.wp.com\/www.shqiperia.com\/blog\/wp-content\/uploads\/2026\/05\/ergys-agasii.png?fit=640%2C382&amp;ssl=1\" data-orig-size=\"640,382\" data-comments-opened=\"1\" data-image-meta=\"{&quot;aperture&quot;:&quot;0&quot;,&quot;credit&quot;:&quot;&quot;,&quot;camera&quot;:&quot;&quot;,&quot;caption&quot;:&quot;&quot;,&quot;created_timestamp&quot;:&quot;0&quot;,&quot;copyright&quot;:&quot;&quot;,&quot;focal_length&quot;:&quot;0&quot;,&quot;iso&quot;:&quot;0&quot;,&quot;shutter_speed&quot;:&quot;0&quot;,&quot;title&quot;:&quot;&quot;,&quot;orientation&quot;:&quot;0&quot;}\" data-image-title=\"ergys agasii\" data-image-description=\"\" data-image-caption=\"&lt;p&gt;ergys agasii&lt;\/p&gt;\n\" data-medium-file=\"https:\/\/i0.wp.com\/www.shqiperia.com\/blog\/wp-content\/uploads\/2026\/05\/ergys-agasii.png?fit=300%2C179&amp;ssl=1\" data-large-file=\"https:\/\/i0.wp.com\/www.shqiperia.com\/blog\/wp-content\/uploads\/2026\/05\/ergys-agasii.png?fit=640%2C382&amp;ssl=1\" class=\" wp-image-99807\" alt=\"\" src=\"https:\/\/i0.wp.com\/www.shqiperia.com\/blog\/wp-content\/uploads\/2026\/05\/ergys-agasii.png?resize=697%2C416&#038;ssl=1\" width=\"697\" height=\"416\" srcset=\"https:\/\/i0.wp.com\/www.shqiperia.com\/blog\/wp-content\/uploads\/2026\/05\/ergys-agasii.png?resize=300%2C179&amp;ssl=1 300w, https:\/\/i0.wp.com\/www.shqiperia.com\/blog\/wp-content\/uploads\/2026\/05\/ergys-agasii.png?resize=450%2C269&amp;ssl=1 450w, https:\/\/i0.wp.com\/www.shqiperia.com\/blog\/wp-content\/uploads\/2026\/05\/ergys-agasii.png?resize=600%2C358&amp;ssl=1 600w, https:\/\/i0.wp.com\/www.shqiperia.com\/blog\/wp-content\/uploads\/2026\/05\/ergys-agasii.png?resize=400%2C239&amp;ssl=1 400w, https:\/\/i0.wp.com\/www.shqiperia.com\/blog\/wp-content\/uploads\/2026\/05\/ergys-agasii.png?w=640&amp;ssl=1 640w\" sizes=\"auto, (max-width: 697px) 100vw, 697px\" \/><p id=\"caption-attachment-99807\" class=\"wp-caption-text\">ergys agasii<\/p><\/div>\n<p>2 Maji 2026<\/p>\n<p>Nj\u00eb hetim i thelluar p\u00ebr korrupsion me tenderat publik\u00eb ka zbuluar nj\u00eb skem\u00eb t\u00eb sofistikuar ku shishet e ver\u00ebs luksoze p\u00ebrdoreshin si mbules\u00eb p\u00ebr t\u00eb transportuar shuma marramend\u00ebse parash, nd\u00ebrsa zhdukja e 600 shisheve me vler\u00eb 1.3 milion\u00eb euro nga nj\u00eb kantin\u00eb n\u00ebn v\u00ebzhgim, ka ngritur pik\u00ebpyetje serioze mbi funksionimin e institucioneve ligjzbatuese.<\/p>\n<p>N\u00eb qend\u00ebr t\u00eb skandalit q\u00ebndron m\u00ebnyra se si p\u00ebrfituesit e tenderave n\u00eb Agjencin\u00eb e Komb\u00ebtare t\u00eb Shoq\u00ebris\u00eb s\u00eb Informacionit (AKSH) dyshohet se i kthenin favoret.<\/p>\n<p>Sipas t\u00eb dh\u00ebnave nga hetimi, arka vere, t\u00eb cilat n\u00eb vend t\u00eb pijeve t\u00eb shtrenjta mbanin shuma deri n\u00eb 200,000 euro, d\u00ebrgoheshin tek zyrtar\u00eb t\u00eb p\u00ebrfshir\u00eb. Kjo metod\u00eb sh\u00ebrbente p\u00ebr t\u00eb fshehur gjurm\u00ebt e parave, duke e shnd\u00ebrruar nj\u00eb zyrtare n\u00eb nj\u00eb lloj \u201cbankomati\u201d p\u00ebr parat\u00eb e korrupsionit.<\/p>\n<p>Gazetari, Edison Vatnikaj u shpreh se kulmi i k\u00ebsaj historie lidhet me nj\u00eb sasi prej 600 shishesh vere, vlera e t\u00eb cilave kap shifr\u00ebn 1.3 milion\u00eb euro, ose rreth 33,000 euro p\u00ebr shishe. K\u00ebto shishe, t\u00eb cilat ishin importuar nga nj\u00eb vend i Bashkimit Europian, u b\u00ebn\u00eb prov\u00eb ky\u00e7e p\u00ebr Prokurorin\u00eb e Posa\u00e7me (SPAK).<\/p>\n<p>Biznesmeni q\u00eb i solli, pasurit\u00eb e t\u00eb cilit tashm\u00eb jan\u00eb sekuestruar, ka d\u00ebshmuar se ai kishte vepruar vet\u00ebm si porosit\u00ebs dhe se vera ishte destinuar p\u00ebr dik\u00eb tjet\u00ebr.<\/p>\n<p>Misteri thellohet me zhdukjen e k\u00ebsaj prove materiale. Pik\u00ebrisht nj\u00eb nat\u00eb p\u00ebrpara se hetuesit tatimor\u00eb t\u00eb kryenin inventarizimin e kantin\u00ebs ku ruhej vera, e gjith\u00eb sasia u zhduk. Sipas burimeve nga hetimi, Eno Agasi, i af\u00ebrm i nj\u00eb prej personave n\u00ebn hetim, \u00ebsht\u00eb personi q\u00eb ka shkuar n\u00eb kantin\u00eb dhe ka marr\u00eb 600 shishet e ver\u00ebs.<\/p>\n<p>Ngjarja b\u00ebhet edhe m\u00eb shqet\u00ebsuese kur m\u00ebsohet se kantina dhe provat materiale supozohej se ishin n\u00ebn ruajtjen e Policis\u00eb s\u00eb Shtetit. Zhdukja e nj\u00eb prove me vler\u00eb kaq t\u00eb madhe monetare dhe hetimore ka hedhur hije t\u00eb r\u00ebnda dyshimi mbi zinxhirin e p\u00ebrgjegj\u00ebsis\u00eb. N\u00eb vend t\u00eb nj\u00eb hetimi t\u00eb plot\u00eb, veprimi i policis\u00eb u kufizua n\u00eb nj\u00eb referim t\u00eb thjesht\u00eb n\u00eb prokurori p\u00ebr \u201cvjedhje t\u00eb shisheve t\u00eb ver\u00ebs\u201d.<\/p>\n<p>\u201cArkat e ver\u00ebs vinin te Mirlinda, por jo me ver\u00eb, vinin me 200 mij\u00eb euro. Pra, nj\u00eb vler\u00eb n\u00eb shishe, di\u00e7ka e till\u00eb.<\/p>\n<p>Aty as ajo nuk e di nga i kan\u00eb ardhur lek\u00ebt, aty vet\u00ebm i kan\u00eb ardhur asaj, e kupton?<\/p>\n<p>Ajo \u00ebsht\u00eb p\u00ebrdorur si bankomat n\u00eb nj\u00eb far\u00eb m\u00ebnyre, ku t\u00eb gjith\u00eb personat q\u00eb p\u00ebrfitonin tendera n\u00eb AKSH, d\u00ebrgonin nj\u00eb lloj qoke. Apo, si\u00e7 shkojm\u00eb ne te sht\u00ebpia e nj\u00ebri-tjetrit p\u00ebr shembull q\u00eb ka marr\u00eb sht\u00ebpi t\u00eb re t\u2019i lem\u00eb nj\u00eb \u00e7ok\u00eb, po asaj i \u00e7onin 200 mij\u00eb euro.<\/p>\n<p>At\u00ebher\u00eb, te historia e ver\u00ebs \u00ebsht\u00eb, n\u00eb momentin q\u00eb SPAK ka identifikuar edhe kantin\u00ebn e ver\u00ebs, q\u00eb ndodhet pran\u00eb zon\u00ebs n\u00eb periferi t\u00eb Tiran\u00ebs, ishte v\u00ebn\u00eb nga hetimi tatimor pik\u00ebrisht nj\u00eb kontroll p\u00ebr shkak se nes\u00ebr do t\u00eb b\u00ebhej inventarizimi i gjith\u00eb shisheve.<\/p>\n<p>Ishte b\u00ebr\u00eb nj\u00eb paraprak. Duke qen\u00eb se ishte shum\u00eb von\u00eb, operacioni u la q\u00eb t\u00eb b\u00ebhej t\u00eb nes\u00ebrmen. N\u00eb at\u00eb rast futen n\u00eb loj\u00eb njer\u00ebz t\u00eb familjes t\u00eb Ervys Agasit, q\u00eb \u00ebsht\u00eb \u00e7uni i xhaxhait t\u00eb tij, Eno Agasi. Ai shkon te kantina e ver\u00ebs, si\u00e7 thon\u00eb burimet pran\u00eb Prokuroris\u00eb s\u00eb Posa\u00e7me, p\u00ebr shkak se kjo \u00e7\u00ebshtje fillimisht u hetua nga Prokuroria e Tiran\u00ebs, m\u00eb pas kaloi n\u00eb struktur\u00ebn e posa\u00e7me, ka marr\u00eb rreth 600 shishe ver\u00eb q\u00eb llogariten n\u00eb vler\u00ebn e rreth 1.3 milion\u00eb euro.<\/p>\n<p>Jan\u00eb shishe ver\u00eb t\u00eb cilat ishin marr\u00eb apo ishin sjell\u00eb nga nj\u00eb vend i Bashkimit Europian n\u00ebp\u00ebrmjet nj\u00eb biznesmeni q\u00eb merrte ai po tendera n\u00eb AKSH, q\u00eb m\u00eb pas pasurit\u00eb e tij jan\u00eb t\u00eb sekuestruara deri n\u00eb k\u00ebto momente, pra jan\u00eb t\u00eb ngrira pasurit\u00eb e k\u00ebtij personi. Ai ka treguar n\u00eb fakt n\u00eb d\u00ebshmin\u00eb para Prokuroris\u00eb s\u00eb Posa\u00e7me q\u00eb un\u00eb k\u00ebto shishe ver\u00eb i kisha porosi p\u00ebr t\u2019i sjell\u00eb, p\u00ebr shkak se isha un\u00eb personi apo kisha un\u00eb, ishte kompania ime n\u00eb fjal\u00eb q\u00eb kishte, plot\u00ebsonte kushtet p\u00ebr t\u00eb sjell\u00eb k\u00ebto shishe ver\u00eb\u201d, u shpreh Vatnikaj.<\/p>\n","protected":false},"excerpt":{"rendered":"<p>2 Maji 2026 Nj\u00eb hetim i thelluar p\u00ebr korrupsion me tenderat publik\u00eb ka zbuluar nj\u00eb skem\u00eb t\u00eb sofistikuar ku shishet e ver\u00ebs luksoze p\u00ebrdoreshin si mbules\u00eb p\u00ebr t\u00eb transportuar shuma marramend\u00ebse parash, nd\u00ebrsa zhdukja e 600 shisheve me vler\u00eb 1.3 milion\u00eb euro nga nj\u00eb kantin\u00eb n\u00ebn v\u00ebzhgim, ka ngritur pik\u00ebpyetje serioze mbi funksionimin e institucioneve [&hellip;]<\/p>\n","protected":false},"author":9,"featured_media":99807,"comment_status":"open","ping_status":"open","sticky":false,"template":"","format":"standard","meta":{"jetpack_post_was_ever_published":false,"_jetpack_newsletter_access":"","_jetpack_dont_email_post_to_subs":false,"_jetpack_newsletter_tier_id":0,"_jetpack_memberships_contains_paywalled_content":false,"_jetpack_memberships_contains_paid_content":false,"footnotes":"","jetpack_publicize_message":"","jetpack_publicize_feature_enabled":true,"jetpack_social_post_already_shared":true,"jetpack_social_options":{"image_generator_settings":{"template":"highway","default_image_id":0,"font":"","enabled":false},"version":2}},"categories":[27,1,2],"tags":[],"class_list":["post-99806","post","type-post","status-publish","format-standard","has-post-thumbnail","hentry","category-blogu-i-udhetarit","category-njoftime-shtypi","category-politika"],"jetpack_publicize_connections":[],"jetpack_featured_media_url":"https:\/\/i0.wp.com\/www.shqiperia.com\/blog\/wp-content\/uploads\/2026\/05\/ergys-agasii.png?fit=640%2C382&ssl=1","jetpack_sharing_enabled":true,"jetpack_shortlink":"https:\/\/wp.me\/p5Z6wp-pXM","jetpack-related-posts":[{"id":80329,"url":"https:\/\/www.shqiperia.com\/blog\/dosja-5d-pasuria-e-cmendur-e-redi-molles-drejtor-ne-bashkine-e-tiranes\/","url_meta":{"origin":99806,"position":0},"title":"Dosja \u201c5D\u201d\/ Pasuria e \u00e7mendur e Redi Moll\u00ebs, drejtor n\u00eb Bashkin\u00eb e Tiran\u00ebs","author":"Kurt Farka","date":"April 21, 2024","format":false,"excerpt":"21 Prill 2024 Redi Molla \u00ebsht\u00eb nj\u00eb nga drejtor\u00ebt e Bashkis\u00eb s\u00eb Tiran\u00ebs, t\u00eb r\u00ebn\u00eb n\u00eb pranga p\u00ebr dosjen \u201c5D\u201d. SPAK e akuzon Moll\u00ebn si pronarin \u201cde facto\u201d t\u00eb shoq\u00ebris\u00eb \u201c5D Konstruksion\u201d, q\u00eb ka p\u00ebrfituar miliona nga tenderat e Bashkis\u00eb s\u00eb Tiran\u00ebs. CNA sjell pasurin\u00eb e deklaruar nga vet\u00eb Molla\u2026","rel":"","context":"In &quot;Blogu i Udh\u00ebtarit&quot;","block_context":{"text":"Blogu i Udh\u00ebtarit","link":"https:\/\/www.shqiperia.com\/blog\/category\/blogu-i-udhetarit\/"},"img":{"alt_text":"","src":"https:\/\/i0.wp.com\/www.shqiperia.com\/blog\/wp-content\/uploads\/2024\/04\/640-0-c0de8bcfae2f5041c8d0a699eee83b59-1.jpg?fit=640%2C336&ssl=1&resize=350%2C200","width":350,"height":200,"srcset":"https:\/\/i0.wp.com\/www.shqiperia.com\/blog\/wp-content\/uploads\/2024\/04\/640-0-c0de8bcfae2f5041c8d0a699eee83b59-1.jpg?fit=640%2C336&ssl=1&resize=350%2C200 1x, https:\/\/i0.wp.com\/www.shqiperia.com\/blog\/wp-content\/uploads\/2024\/04\/640-0-c0de8bcfae2f5041c8d0a699eee83b59-1.jpg?fit=640%2C336&ssl=1&resize=525%2C300 1.5x"},"classes":[]},{"id":95770,"url":"https:\/\/www.shqiperia.com\/blog\/zhdukja-e-veres-miliona-euro-nga-kantina-e-ergys-agasit-shehaj-imagjinoni-sesi-i-prish-provat-belinda-balluku\/","url_meta":{"origin":99806,"position":1},"title":"Zhdukja e ver\u00ebs miliona euro nga kantina e Ergys Agasit, Shehaj: &#8211; Imagjinoni sesi i prish provat Belinda Balluku!","author":"Kurt Farka","date":"December 21, 2025","format":false,"excerpt":"21 Dgjetor 2025 Kryetari i Partis\u00eb \u201cMund\u00ebsia\u201d dhe deputeti Agron Shehaj, ka denoncuar publikisht nj\u00eb rast, q\u00eb sipas tij, d\u00ebshmon bashk\u00ebpunimin e hapur mes krimit t\u00eb organizuar dhe institucioneve shtet\u00ebrore, lidhur me zhdukjen e ver\u00ebs miliona euro nga kantina e Ergys Agasit. Sipas Shehajt, disa dit\u00eb m\u00eb par\u00eb prokuroria ka\u2026","rel":"","context":"In &quot;Blogu i Udh\u00ebtarit&quot;","block_context":{"text":"Blogu i Udh\u00ebtarit","link":"https:\/\/www.shqiperia.com\/blog\/category\/blogu-i-udhetarit\/"},"img":{"alt_text":"","src":"https:\/\/i0.wp.com\/www.shqiperia.com\/blog\/wp-content\/uploads\/2025\/12\/agron-shehaj-nga-kuvendi.jpeg?fit=1200%2C800&ssl=1&resize=350%2C200","width":350,"height":200,"srcset":"https:\/\/i0.wp.com\/www.shqiperia.com\/blog\/wp-content\/uploads\/2025\/12\/agron-shehaj-nga-kuvendi.jpeg?fit=1200%2C800&ssl=1&resize=350%2C200 1x, https:\/\/i0.wp.com\/www.shqiperia.com\/blog\/wp-content\/uploads\/2025\/12\/agron-shehaj-nga-kuvendi.jpeg?fit=1200%2C800&ssl=1&resize=525%2C300 1.5x, https:\/\/i0.wp.com\/www.shqiperia.com\/blog\/wp-content\/uploads\/2025\/12\/agron-shehaj-nga-kuvendi.jpeg?fit=1200%2C800&ssl=1&resize=700%2C400 2x, https:\/\/i0.wp.com\/www.shqiperia.com\/blog\/wp-content\/uploads\/2025\/12\/agron-shehaj-nga-kuvendi.jpeg?fit=1200%2C800&ssl=1&resize=1050%2C600 3x"},"classes":[]},{"id":99590,"url":"https:\/\/www.shqiperia.com\/blog\/ndryshojne-rregullat-per-deklarimin-e-cash-it-ne-kufi-doganat-mund-te-bllokojne-edhe-shuma-nen-10-mije-euro-masa-e-gjobave\/","url_meta":{"origin":99806,"position":2},"title":"Ndryshojn\u00eb rregullat p\u00ebr deklarimin e cash-it n\u00eb kufi &#8211; Doganat mund t\u00eb bllokojn\u00eb edhe shuma n\u00ebn 10 mij\u00eb euro, masa e gjobave","author":"Kurt Farka","date":"April 20, 2026","format":false,"excerpt":"21 Prill 2026 Qytetar\u00ebt q\u00eb l\u00ebvizin n\u00eb pikat kufitare me para cash n\u00eb vlera mbi 10 mij\u00eb euro do t\u00eb p\u00ebrballen me kontrolle m\u00eb t\u00eb rrepta, p\u00ebrtej detyrimit q\u00eb kan\u00eb p\u00ebr ti deklaruar ato pran\u00eb autoriteteve doganore dhe p\u00ebr ti b\u00ebr\u00eb t\u00eb disponueshme p\u00ebr kontroll. Referuar projektligjit te hedhur p\u00ebr\u2026","rel":"","context":"In &quot;Blogu i Udh\u00ebtarit&quot;","block_context":{"text":"Blogu i Udh\u00ebtarit","link":"https:\/\/www.shqiperia.com\/blog\/category\/blogu-i-udhetarit\/"},"img":{"alt_text":"","src":"https:\/\/i0.wp.com\/www.shqiperia.com\/blog\/wp-content\/uploads\/2026\/04\/900-0-1752747356xdogana-565.jpg?fit=900%2C505&ssl=1&resize=350%2C200","width":350,"height":200,"srcset":"https:\/\/i0.wp.com\/www.shqiperia.com\/blog\/wp-content\/uploads\/2026\/04\/900-0-1752747356xdogana-565.jpg?fit=900%2C505&ssl=1&resize=350%2C200 1x, https:\/\/i0.wp.com\/www.shqiperia.com\/blog\/wp-content\/uploads\/2026\/04\/900-0-1752747356xdogana-565.jpg?fit=900%2C505&ssl=1&resize=525%2C300 1.5x, https:\/\/i0.wp.com\/www.shqiperia.com\/blog\/wp-content\/uploads\/2026\/04\/900-0-1752747356xdogana-565.jpg?fit=900%2C505&ssl=1&resize=700%2C400 2x"},"classes":[]},{"id":82519,"url":"https:\/\/www.shqiperia.com\/blog\/u-perlane-33-mln-euro-nga-fondet-per-bujqesine-be-nuk-fal-asgje-pas-beqajt-kerkon-edhe-koken-e-frida-krifces\/","url_meta":{"origin":99806,"position":3},"title":"U p\u00ebrlan\u00eb 33 mln euro nga fondet p\u00ebr bujq\u00ebsin\u00eb &#8211; BE nuk fal asgj\u00eb, pas Beqajt, k\u00ebrkon edhe \u201ckok\u00ebn\u201d e Frida Krifc\u00ebs","author":"Kurt Farka","date":"July 6, 2024","format":false,"excerpt":"7 Korrik 2024 Arrestimi i Ilir Beqajt p\u00ebr abuzime me fondet e BE duket se \u00ebsht\u00eb nj\u00eb kamban\u00eb alarmi dhe p\u00ebr ish-ministren e Bujq\u00ebsis\u00eb Frida Krifca, pasi edhe asaj i ka dal\u00eb emri n\u00eb nj\u00eb skem\u00eb t\u00eb ngjashme. Beqaj \u00ebsht\u00eb n\u00eb qeli p\u00ebr 500 mij\u00eb euro, nd\u00ebrkoh\u00eb q\u00eb Frida Krifca\u2026","rel":"","context":"In &quot;Blogu i Udh\u00ebtarit&quot;","block_context":{"text":"Blogu i Udh\u00ebtarit","link":"https:\/\/www.shqiperia.com\/blog\/category\/blogu-i-udhetarit\/"},"img":{"alt_text":"","src":"https:\/\/i0.wp.com\/www.shqiperia.com\/blog\/wp-content\/uploads\/2024\/07\/Screen-Shot-2021-11-07-at-7.58.11-AM.png?fit=660%2C368&ssl=1&resize=350%2C200","width":350,"height":200,"srcset":"https:\/\/i0.wp.com\/www.shqiperia.com\/blog\/wp-content\/uploads\/2024\/07\/Screen-Shot-2021-11-07-at-7.58.11-AM.png?fit=660%2C368&ssl=1&resize=350%2C200 1x, https:\/\/i0.wp.com\/www.shqiperia.com\/blog\/wp-content\/uploads\/2024\/07\/Screen-Shot-2021-11-07-at-7.58.11-AM.png?fit=660%2C368&ssl=1&resize=525%2C300 1.5x"},"classes":[]},{"id":82223,"url":"https:\/\/www.shqiperia.com\/blog\/i-fshehu-gjyshi-ne-pakot-e-makaronave-mbesat-gjejne-thesarin-pas-20-vitesh\/","url_meta":{"origin":99806,"position":4},"title":"I fshehu gjyshi n\u00eb pakot e makaronave, mbesat gjejn\u00eb thesarin pas 20 vitesh","author":"Kurt Farka","date":"June 27, 2024","format":false,"excerpt":"27 Qershor 2024 Dy motra nga Xhenova e Italis\u00eb kan\u00eb gjetur nj\u00eb thesar t\u00eb v\u00ebrtet\u00eb, t\u00eb fshehur n\u00eb disa paketime makaronash. Brenda pakove q\u00eb ishin ruajtur n\u00eb bodrumin e gjyshit t\u00eb tyre kan\u00eb qen\u00eb t\u00eb fshehura 150 milion\u00eb lireta. \u201cNuk mund t\u2019u besoja syve\u201d, tha nj\u00ebra nga t\u00eb dyja p\u00ebr\u2026","rel":"","context":"In &quot;Blogu i Udh\u00ebtarit&quot;","block_context":{"text":"Blogu i Udh\u00ebtarit","link":"https:\/\/www.shqiperia.com\/blog\/category\/blogu-i-udhetarit\/"},"img":{"alt_text":"","src":"https:\/\/i0.wp.com\/www.shqiperia.com\/blog\/wp-content\/uploads\/2024\/06\/900-0-1719413447xtrova-161-milioni-di-lire-in-banconote-in-una-cassapanca-ma-l-fb95pp4-v3-large-libera-544-770x433-1.png?fit=770%2C433&ssl=1&resize=350%2C200","width":350,"height":200,"srcset":"https:\/\/i0.wp.com\/www.shqiperia.com\/blog\/wp-content\/uploads\/2024\/06\/900-0-1719413447xtrova-161-milioni-di-lire-in-banconote-in-una-cassapanca-ma-l-fb95pp4-v3-large-libera-544-770x433-1.png?fit=770%2C433&ssl=1&resize=350%2C200 1x, https:\/\/i0.wp.com\/www.shqiperia.com\/blog\/wp-content\/uploads\/2024\/06\/900-0-1719413447xtrova-161-milioni-di-lire-in-banconote-in-una-cassapanca-ma-l-fb95pp4-v3-large-libera-544-770x433-1.png?fit=770%2C433&ssl=1&resize=525%2C300 1.5x, https:\/\/i0.wp.com\/www.shqiperia.com\/blog\/wp-content\/uploads\/2024\/06\/900-0-1719413447xtrova-161-milioni-di-lire-in-banconote-in-una-cassapanca-ma-l-fb95pp4-v3-large-libera-544-770x433-1.png?fit=770%2C433&ssl=1&resize=700%2C400 2x"},"classes":[]},{"id":22232,"url":"https:\/\/www.shqiperia.com\/blog\/te-burgosurit-shqiptare-qe-prodhojne-vere-75-euro-shishja\/","url_meta":{"origin":99806,"position":5},"title":"T\u00eb burgosurit shqiptar\u00eb q\u00eb prodhojn\u00eb ver\u00eb 75 euro shishja. &#8211;","author":"Kurt Farka","date":"June 24, 2019","format":false,"excerpt":"T\u00eb burgosurit shqiptar\u00eb q\u00eb prodhojn\u00eb ver\u00eb 75 euro shishja. - Nga d\u00ebnimi p\u00ebr vrasje, n\u00eb histori suksesi brenda burgut.Kjo u ka ndodhur 3 shqiptar\u00ebve n\u00eb Itali, dy 46-vje\u00e7ar\u00ebve t\u00eb quajtur Andrea dhe Astrit si dhe Has\u00ebs, 43 vje\u00e7, t\u00eb cil\u00ebt punojn\u00eb p\u00ebr prodhuesin vendas t\u00eb ver\u00ebs, Federico Falossi. Gjith\u00e7ka ndodh\u2026","rel":"","context":"In &quot;Blogu i Udh\u00ebtarit&quot;","block_context":{"text":"Blogu i Udh\u00ebtarit","link":"https:\/\/www.shqiperia.com\/blog\/category\/blogu-i-udhetarit\/"},"img":{"alt_text":"","src":"https:\/\/i0.wp.com\/www.shqiperia.com\/blog\/wp-content\/uploads\/2019\/06\/Vreshta.jpg?fit=905%2C450&ssl=1&resize=350%2C200","width":350,"height":200,"srcset":"https:\/\/i0.wp.com\/www.shqiperia.com\/blog\/wp-content\/uploads\/2019\/06\/Vreshta.jpg?fit=905%2C450&ssl=1&resize=350%2C200 1x, https:\/\/i0.wp.com\/www.shqiperia.com\/blog\/wp-content\/uploads\/2019\/06\/Vreshta.jpg?fit=905%2C450&ssl=1&resize=525%2C300 1.5x, https:\/\/i0.wp.com\/www.shqiperia.com\/blog\/wp-content\/uploads\/2019\/06\/Vreshta.jpg?fit=905%2C450&ssl=1&resize=700%2C400 2x"},"classes":[]}],"_links":{"self":[{"href":"https:\/\/www.shqiperia.com\/blog\/wp-json\/wp\/v2\/posts\/99806","targetHints":{"allow":["GET"]}}],"collection":[{"href":"https:\/\/www.shqiperia.com\/blog\/wp-json\/wp\/v2\/posts"}],"about":[{"href":"https:\/\/www.shqiperia.com\/blog\/wp-json\/wp\/v2\/types\/post"}],"author":[{"embeddable":true,"href":"https:\/\/www.shqiperia.com\/blog\/wp-json\/wp\/v2\/users\/9"}],"replies":[{"embeddable":true,"href":"https:\/\/www.shqiperia.com\/blog\/wp-json\/wp\/v2\/comments?post=99806"}],"version-history":[{"count":1,"href":"https:\/\/www.shqiperia.com\/blog\/wp-json\/wp\/v2\/posts\/99806\/revisions"}],"predecessor-version":[{"id":99808,"href":"https:\/\/www.shqiperia.com\/blog\/wp-json\/wp\/v2\/posts\/99806\/revisions\/99808"}],"wp:featuredmedia":[{"embeddable":true,"href":"https:\/\/www.shqiperia.com\/blog\/wp-json\/wp\/v2\/media\/99807"}],"wp:attachment":[{"href":"https:\/\/www.shqiperia.com\/blog\/wp-json\/wp\/v2\/media?parent=99806"}],"wp:term":[{"taxonomy":"category","embeddable":true,"href":"https:\/\/www.shqiperia.com\/blog\/wp-json\/wp\/v2\/categories?post=99806"},{"taxonomy":"post_tag","embeddable":true,"href":"https:\/\/www.shqiperia.com\/blog\/wp-json\/wp\/v2\/tags?post=99806"}],"curies":[{"name":"wp","href":"https:\/\/api.w.org\/{rel}","templated":true}]}}