{"id":99799,"date":"2026-04-30T23:55:18","date_gmt":"2026-04-30T23:55:18","guid":{"rendered":"https:\/\/www.shqiperia.com\/blog\/?p=99799"},"modified":"2026-04-30T23:55:47","modified_gmt":"2026-04-30T23:55:47","slug":"shqiperia-behet-ekonomi-real-estate-qera-shitje-ndertimesh","status":"publish","type":"post","link":"https:\/\/www.shqiperia.com\/blog\/shqiperia-behet-ekonomi-real-estate-qera-shitje-ndertimesh\/","title":{"rendered":"Shqip\u00ebria b\u00ebhet ekonomi \u201creal estate\u201d (qera &#8211; shitje ndertimesh)"},"content":{"rendered":"<p><img data-recalc-dims=\"1\" loading=\"lazy\" decoding=\"async\" data-attachment-id=\"99800\" data-permalink=\"https:\/\/www.shqiperia.com\/blog\/shqiperia-behet-ekonomi-real-estate-qera-shitje-ndertimesh\/investimet-e-huaja\/\" data-orig-file=\"https:\/\/i0.wp.com\/www.shqiperia.com\/blog\/wp-content\/uploads\/2026\/04\/investimet-e-huaja.jpeg?fit=1020%2C574&amp;ssl=1\" data-orig-size=\"1020,574\" data-comments-opened=\"1\" data-image-meta=\"{&quot;aperture&quot;:&quot;0&quot;,&quot;credit&quot;:&quot;&quot;,&quot;camera&quot;:&quot;&quot;,&quot;caption&quot;:&quot;&quot;,&quot;created_timestamp&quot;:&quot;0&quot;,&quot;copyright&quot;:&quot;&quot;,&quot;focal_length&quot;:&quot;0&quot;,&quot;iso&quot;:&quot;0&quot;,&quot;shutter_speed&quot;:&quot;0&quot;,&quot;title&quot;:&quot;&quot;,&quot;orientation&quot;:&quot;0&quot;}\" data-image-title=\"investimet-e-huaja\" data-image-description=\"\" data-image-caption=\"\" data-medium-file=\"https:\/\/i0.wp.com\/www.shqiperia.com\/blog\/wp-content\/uploads\/2026\/04\/investimet-e-huaja.jpeg?fit=300%2C169&amp;ssl=1\" data-large-file=\"https:\/\/i0.wp.com\/www.shqiperia.com\/blog\/wp-content\/uploads\/2026\/04\/investimet-e-huaja.jpeg?fit=1020%2C574&amp;ssl=1\" class=\"alignnone wp-image-99800\" alt=\"\" src=\"https:\/\/i0.wp.com\/www.shqiperia.com\/blog\/wp-content\/uploads\/2026\/04\/investimet-e-huaja.jpeg?resize=582%2C328&#038;ssl=1\" width=\"582\" height=\"328\" srcset=\"https:\/\/i0.wp.com\/www.shqiperia.com\/blog\/wp-content\/uploads\/2026\/04\/investimet-e-huaja.jpeg?resize=300%2C169&amp;ssl=1 300w, https:\/\/i0.wp.com\/www.shqiperia.com\/blog\/wp-content\/uploads\/2026\/04\/investimet-e-huaja.jpeg?resize=768%2C432&amp;ssl=1 768w, https:\/\/i0.wp.com\/www.shqiperia.com\/blog\/wp-content\/uploads\/2026\/04\/investimet-e-huaja.jpeg?resize=450%2C253&amp;ssl=1 450w, https:\/\/i0.wp.com\/www.shqiperia.com\/blog\/wp-content\/uploads\/2026\/04\/investimet-e-huaja.jpeg?resize=600%2C338&amp;ssl=1 600w, https:\/\/i0.wp.com\/www.shqiperia.com\/blog\/wp-content\/uploads\/2026\/04\/investimet-e-huaja.jpeg?resize=400%2C225&amp;ssl=1 400w, https:\/\/i0.wp.com\/www.shqiperia.com\/blog\/wp-content\/uploads\/2026\/04\/investimet-e-huaja.jpeg?w=1020&amp;ssl=1 1020w\" sizes=\"auto, (max-width: 582px) 100vw, 582px\" \/><\/p>\n<p>1 Maji 2026<\/p>\n<p>Nj\u00eb analiz\u00eb e fundit e Bank\u00ebs Bot\u00ebrore p\u00ebr Ballkanin Per\u00ebndimor nxjerr n\u00eb pah se teksa disa vende po konsolidohen si qendra prodhuese Shqip\u00ebria bashk\u00eb me Kosov\u00ebn dhe Malin e Zi po shkojn\u00eb drejt pasurive t\u00eb paluajtshme kur flitet p\u00ebr Investimet e Huaja Direkte (IHD).<\/p>\n<p><em>\u201cM\u00eb e r\u00ebnd\u00ebsishme se nivelet, IHD-t\u00eb n\u00eb WB6 kan\u00eb p\u00ebsuar nj\u00eb zhvendosje t\u00eb dukshme strukturore. Ekonomit\u00eb e rajonit mund t\u00eb grupohen gjer\u00ebsisht n\u00eb destinacione t\u00eb orientuara drejt prodhimit, Serbia, Maqedonia e Veriut dhe Bosnja dhe Hercegovina, dhe destinacione t\u00eb orientuara drejt sh\u00ebrbimeve, Shqip\u00ebria, Kosova dhe Mali i Zi, ku dominojn\u00eb turizmi dhe pasurit\u00eb e paluajtshme\u201d,<\/em><span>\u00a0<\/span>thuhet n\u00eb raport.<\/p>\n<p>I nj\u00ebjti n\u00ebnvizon se ka nj\u00eb p\u00ebrmir\u00ebsim cil\u00ebsor brenda industrive n\u00eb vendet e Ballkanit Per\u00ebndimit ku po b\u00ebhen z\u00ebvend\u00ebsime nga vlera m\u00eb e ul\u00ebt tek nj\u00eb m\u00eb e lart\u00eb.<\/p>\n<div class=\"insertion-box\">\n<div class=\"inset\">\n<div class=\"reklame\"><em>\u201cBosnj\u00eb Hercegovina \u00ebsht\u00eb zhvendosur nga ushqimet dhe pijet drejt industris\u00eb automobilistike dhe pajisjeve t\u00eb transportit, Maqedonia e Veriut ka kaluar drejt makinerive dhe pajisjeve me teknologji m\u00eb t\u00eb lart\u00eb, nd\u00ebrsa Shqip\u00ebria ka par\u00eb pajisjet elektrike t\u00eb z\u00ebvend\u00ebsojn\u00eb tekstilet si n\u00ebnsektorin kryesor t\u00eb IHD-ve\u201d.<\/em><\/div>\n<\/div>\n<\/div>\n<p><strong>IHD-t\u00eb nuk po gjenerojn\u00eb m\u00eb pun\u00ebsim t\u00eb lart\u00eb<\/strong><\/p>\n<p>Nj\u00eb element q\u00eb Banka Bot\u00ebror\u00eb sjell n\u00eb raport \u00ebsht\u00eb pun\u00ebsimi q\u00eb vjen nga investimet e huaja Direkte. Nivelet e tij kan\u00eb r\u00ebn\u00eb n\u00eb raport me nj\u00eb dekad\u00eb m\u00eb par\u00eb dhe kjo sipas BB lidhet edhe me investime q\u00eb kan\u00eb nj\u00eb vler\u00eb t\u00eb shtuar m\u00eb t\u00eb lart\u00eb.<\/p>\n<p>\u201cMegjithat\u00eb, numri i vendeve t\u00eb pun\u00ebs t\u00eb krijuara nga projektet e reja t\u00eb IHD-ve ka ndjekur prirje r\u00ebn\u00ebse n\u00eb shumic\u00ebn e ekonomive, me vet\u00ebm Bosnj\u00ebn dhe Hercegovin\u00ebn dhe Kosov\u00ebn q\u00eb kan\u00eb regjistruar rritje margjinale.<\/p>\n<p>N\u00eb Shqip\u00ebri, p\u00ebr shembull, krijimi vjetor i vendeve t\u00eb pun\u00ebs ishte pran\u00eb 9,000 n\u00eb periudh\u00ebn 2010\u20132014, nd\u00ebrsa n\u00eb vitet 2022\u20132025 ishte rreth 3,700.<\/p>\n<p>N\u00eb Serbi, numri mesatar i vendeve t\u00eb reja t\u00eb pun\u00ebs nga IHD-t\u00eb ra nga rreth 21,000 n\u00eb vit n\u00eb periudh\u00ebn 2010\u20132013, n\u00eb rreth 10,000 n\u00eb vitet 2022\u20132025.<\/p>\n<p>N\u00eb Maqedonin\u00eb e Veriut, mesatarja vjetore ra nga rreth 5,800 n\u00eb periudh\u00ebn 2010\u20132016, n\u00eb af\u00ebrsisht 2,200 n\u00eb vitet 2019\u20132025 (K\u00ebto prirje mund t\u00eb pasqyrojn\u00eb ngopjen graduale t\u00eb tregjeve t\u00eb pun\u00ebs n\u00eb Ballkanin Per\u00ebndimor, ku papun\u00ebsia ka r\u00ebn\u00eb ndjesh\u00ebm gjat\u00eb dy dekadave t\u00eb fundit, por edhe ulja e intensitetit t\u00eb krijimit t\u00eb vendeve t\u00eb pun\u00ebs nga IHD-t\u00eb mund t\u00eb lidhet me nj\u00eb zhvendosje sektoriale n\u00eb vijim, me nj\u00eb pjes\u00eb n\u00eb rritje t\u00eb investimeve t\u00eb drejtuara drejt aktiviteteve me produktivitet m\u00eb t\u00eb lart\u00eb dhe me vler\u00eb t\u00eb shtuar m\u00eb t\u00eb madhe\u201d.<\/p>\n<p><strong>Hap pas, Shqip\u00ebria po zhvendoset drejt sektor\u00ebve me vler\u00eb t\u00eb shtuar t\u00eb mesme<\/strong><\/p>\n<p>Sipas BB \u201cvendet e pun\u00ebs t\u00eb krijuara p\u00ebrmes IHD-ve t\u00eb reja greenfield (investime q\u00eb nisin nga zero) ishin t\u00eb p\u00ebrqendruara n\u00eb sektor\u00eb me vler\u00eb t\u00eb shtuar t\u00eb lart\u00eb dhe t\u00eb mesme. Ky trend u b\u00eb ve\u00e7an\u00ebrisht i theksuar nga viti 2021 e n\u00eb vijim, duke sugjeruar se, nd\u00ebrsa IHD-t\u00eb po krijojn\u00eb m\u00eb pak vende pune, vet\u00eb projektet e investimeve t\u00eb huaja jan\u00eb t\u00eb nj\u00eb shkalle dhe sofistikimi m\u00eb t\u00eb madh.<\/p>\n<p>Serbia dhe Shqip\u00ebria kan\u00eb af\u00ebrsisht 80 p\u00ebr qind t\u00eb vendeve t\u00eb pun\u00ebs nga IHD-t\u00eb n\u00eb sektor\u00eb me vler\u00eb t\u00eb shtuar t\u00eb lart\u00eb, nd\u00ebrsa\u00a0Bosnja dhe Hercegovina, Maqedonia e Veriut dhe Kosova\u00a0rreth 75 p\u00ebr qind.<\/p>\n<p>Mali i Zi \u00ebsht\u00eb nj\u00eb p\u00ebrjashtim i duksh\u00ebm, me vet\u00ebm 37 p\u00ebr qind t\u00eb vendeve t\u00eb pun\u00ebs nga IHD-t\u00eb n\u00eb aktivitete me vler\u00eb t\u00eb shtuar t\u00eb lart\u00eb dhe me nj\u00eb pjes\u00eb m\u00eb t\u00eb madhe n\u00eb sektor\u00eb me vler\u00eb t\u00eb shtuar t\u00eb mesme, megjith\u00ebse ka treguar shenja p\u00ebrmir\u00ebsimi n\u00eb periudh\u00ebn m\u00eb t\u00eb fundit.<\/p>\n<p>Disa ekonomi, p\u00ebrfshir\u00eb Shqip\u00ebrin\u00eb dhe Bosnj\u00ebn dhe Hercegovin\u00ebn, kan\u00eb shfaqur gjithashtu nj\u00eb zhvendosje t\u00eb fundit drejt sektor\u00ebve me vler\u00eb t\u00eb shtuar t\u00eb mesme, duke n\u00ebnvizuar r\u00ebnd\u00ebsin\u00eb e strategjive t\u00eb vazhdueshme t\u00eb promovimit t\u00eb investimeve q\u00eb i japin p\u00ebrpar\u00ebsi cil\u00ebsis\u00eb mbi volumin\u201d n\u00ebnvizon raporti.<\/p>\n<p><strong>Monitor.al<\/strong><\/p>\n","protected":false},"excerpt":{"rendered":"<p>1 Maji 2026 Nj\u00eb analiz\u00eb e fundit e Bank\u00ebs Bot\u00ebrore p\u00ebr Ballkanin Per\u00ebndimor nxjerr n\u00eb pah se teksa disa vende po konsolidohen si qendra prodhuese Shqip\u00ebria bashk\u00eb me Kosov\u00ebn dhe Malin e Zi po shkojn\u00eb drejt pasurive t\u00eb paluajtshme kur flitet p\u00ebr Investimet e Huaja Direkte (IHD). \u201cM\u00eb e r\u00ebnd\u00ebsishme se nivelet, IHD-t\u00eb n\u00eb WB6 [&hellip;]<\/p>\n","protected":false},"author":9,"featured_media":99800,"comment_status":"open","ping_status":"open","sticky":false,"template":"","format":"standard","meta":{"jetpack_post_was_ever_published":false,"_jetpack_newsletter_access":"","_jetpack_dont_email_post_to_subs":false,"_jetpack_newsletter_tier_id":0,"_jetpack_memberships_contains_paywalled_content":false,"_jetpack_memberships_contains_paid_content":false,"footnotes":"","jetpack_publicize_message":"","jetpack_publicize_feature_enabled":true,"jetpack_social_post_already_shared":true,"jetpack_social_options":{"image_generator_settings":{"template":"highway","default_image_id":0,"font":"","enabled":false},"version":2}},"categories":[27,2,35],"tags":[],"class_list":["post-99799","post","type-post","status-publish","format-standard","has-post-thumbnail","hentry","category-blogu-i-udhetarit","category-politika","category-shoqerore"],"jetpack_publicize_connections":[],"jetpack_featured_media_url":"https:\/\/i0.wp.com\/www.shqiperia.com\/blog\/wp-content\/uploads\/2026\/04\/investimet-e-huaja.jpeg?fit=1020%2C574&ssl=1","jetpack_sharing_enabled":true,"jetpack_shortlink":"https:\/\/wp.me\/p5Z6wp-pXF","jetpack-related-posts":[{"id":98285,"url":"https:\/\/www.shqiperia.com\/blog\/nga-trafiku-i-droges-te-armet-raporti-i-spak-per-2025-zbardh-harten-e-krimit-shqiptar-ne-bote\/","url_meta":{"origin":99799,"position":0},"title":"Nga trafiku i drog\u00ebs te arm\u00ebt, Raporti i SPAK p\u00ebr 2025 zbardh hart\u00ebn e krimit shqiptar n\u00eb bot\u00eb","author":"Kurt Farka","date":"March 11, 2026","format":false,"excerpt":"11 Mars 2026 Grupet kriminale veprojn\u00eb gjithnj\u00eb e m\u00eb tep\u00ebr n\u00eb m\u00ebnyr\u00eb t\u00eb strukturuar, p\u00ebrmes zinxhir\u00ebve t\u00eb mir\u00eborganizuar t\u00eb furnizimit, transportit, magazinimit, shp\u00ebrndarjes dhe transferimit t\u00eb p\u00ebrfitimeve financiare, duke shfryt\u00ebzuar rrug\u00ebt detare, ajrore, tok\u00ebsore dhe infrastruktur\u00ebn financiare nd\u00ebrkomb\u00ebtare. Hetimet e Prokuroris\u00eb s\u00eb Posa\u00e7me kan\u00eb d\u00ebshmuar se veprimtaria kriminale karakterizohet nga\u2026","rel":"","context":"In &quot;Njoftime Shtypi&quot;","block_context":{"text":"Njoftime Shtypi","link":"https:\/\/www.shqiperia.com\/blog\/category\/njoftime-shtypi\/"},"img":{"alt_text":"","src":"https:\/\/i0.wp.com\/www.shqiperia.com\/blog\/wp-content\/uploads\/2026\/03\/900-0-1719214445x1716047604-spak-487-768x433-1.jpeg?fit=768%2C433&ssl=1&resize=350%2C200","width":350,"height":200,"srcset":"https:\/\/i0.wp.com\/www.shqiperia.com\/blog\/wp-content\/uploads\/2026\/03\/900-0-1719214445x1716047604-spak-487-768x433-1.jpeg?fit=768%2C433&ssl=1&resize=350%2C200 1x, https:\/\/i0.wp.com\/www.shqiperia.com\/blog\/wp-content\/uploads\/2026\/03\/900-0-1719214445x1716047604-spak-487-768x433-1.jpeg?fit=768%2C433&ssl=1&resize=525%2C300 1.5x, https:\/\/i0.wp.com\/www.shqiperia.com\/blog\/wp-content\/uploads\/2026\/03\/900-0-1719214445x1716047604-spak-487-768x433-1.jpeg?fit=768%2C433&ssl=1&resize=700%2C400 2x"},"classes":[]},{"id":97544,"url":"https:\/\/www.shqiperia.com\/blog\/universitetet-jane-kthyer-ne-treg-diplomash-muka-pse-po-banalizohet-dija-shqiptare\/","url_meta":{"origin":99799,"position":1},"title":"&#8216;Universitetet jan\u00eb kthyer n\u00eb treg diplomash&#8217;\/ Muka: Pse po banalizohet dija shqiptare?","author":"Kurt Farka","date":"February 9, 2026","format":false,"excerpt":"9 Shkurt 2026 Pedagogu dhe ish-z\u00ebvend\u00ebsministri i Arsimit, Taulant Muka, ka ngritur shqet\u00ebsimin p\u00ebr gjendjen e arsimit t\u00eb lart\u00eb n\u00eb hap\u00ebsir\u00ebn shqiptare, duke e cil\u00ebsuar at\u00eb si t\u00eb banalizuar dhe t\u00eb zhveshur nga p\u00ebrmbajtja shkencore. N\u00eb nj\u00eb postim n\u00eb rrjetet sociale, Muka thekson se kombi shqiptar prodhon gjithnj\u00eb e m\u00eb\u2026","rel":"","context":"In &quot;Blogu i Udh\u00ebtarit&quot;","block_context":{"text":"Blogu i Udh\u00ebtarit","link":"https:\/\/www.shqiperia.com\/blog\/category\/blogu-i-udhetarit\/"},"img":{"alt_text":"","src":"https:\/\/i0.wp.com\/www.shqiperia.com\/blog\/wp-content\/uploads\/2026\/02\/auto_Screenshot_301770583241.jpg?fit=900%2C593&ssl=1&resize=350%2C200","width":350,"height":200,"srcset":"https:\/\/i0.wp.com\/www.shqiperia.com\/blog\/wp-content\/uploads\/2026\/02\/auto_Screenshot_301770583241.jpg?fit=900%2C593&ssl=1&resize=350%2C200 1x, https:\/\/i0.wp.com\/www.shqiperia.com\/blog\/wp-content\/uploads\/2026\/02\/auto_Screenshot_301770583241.jpg?fit=900%2C593&ssl=1&resize=525%2C300 1.5x, https:\/\/i0.wp.com\/www.shqiperia.com\/blog\/wp-content\/uploads\/2026\/02\/auto_Screenshot_301770583241.jpg?fit=900%2C593&ssl=1&resize=700%2C400 2x"},"classes":[]},{"id":34281,"url":"https:\/\/www.shqiperia.com\/blog\/pasaportat-me-te-fuqishme-per-2020-ja-ku-renditet-shqiperia\/","url_meta":{"origin":99799,"position":2},"title":"Pasaportat m\u00eb t\u00eb fuqishme p\u00ebr 2020, ja ku renditet Shqip\u00ebria","author":"Kurt Farka","date":"May 5, 2020","format":false,"excerpt":"Pasaportat m\u00eb t\u00eb fuqishme p\u00ebr 2020, ja ku renditet Shqip\u00ebria Radhitja u b\u00eb n\u00eb baz\u00eb t\u00eb numrit t\u00eb vendeve q\u00eb mund t\u00eb ken\u00eb akses poseduesit e k\u00ebtyre pasaportave. N\u00eb m\u00ebnyr\u00eb surprizuese vendin e par\u00eb e z\u00eb Japonia me plot 191 destinacione, e ndjekur nga Singapori me 190 destinacione. N\u00eb vendin\u2026","rel":"","context":"In &quot;Blogu i Udh\u00ebtarit&quot;","block_context":{"text":"Blogu i Udh\u00ebtarit","link":"https:\/\/www.shqiperia.com\/blog\/category\/blogu-i-udhetarit\/"},"img":{"alt_text":"Pasaporta Shqiptare","src":"https:\/\/i0.wp.com\/www.shqiperia.com\/blog\/wp-content\/uploads\/2020\/05\/pasportt-1024x522-1-905x450-1.png?fit=905%2C450&ssl=1&resize=350%2C200","width":350,"height":200,"srcset":"https:\/\/i0.wp.com\/www.shqiperia.com\/blog\/wp-content\/uploads\/2020\/05\/pasportt-1024x522-1-905x450-1.png?fit=905%2C450&ssl=1&resize=350%2C200 1x, https:\/\/i0.wp.com\/www.shqiperia.com\/blog\/wp-content\/uploads\/2020\/05\/pasportt-1024x522-1-905x450-1.png?fit=905%2C450&ssl=1&resize=525%2C300 1.5x, https:\/\/i0.wp.com\/www.shqiperia.com\/blog\/wp-content\/uploads\/2020\/05\/pasportt-1024x522-1-905x450-1.png?fit=905%2C450&ssl=1&resize=700%2C400 2x"},"classes":[]},{"id":47389,"url":"https:\/\/www.shqiperia.com\/blog\/elbasani-pike-kyce-per-raporti-per-krimin-e-organizuar-drogen-azilkerkuesit-dhe-parave-te-pista-shqiperia-vend-kryesor-sa-i-perket-dergesave-te-medha-te-kokaines\/","url_meta":{"origin":99799,"position":3},"title":"\u201cElbasani pik\u00eb ky\u00e7e p\u00ebr\u2026\u201d\/ Raporti p\u00ebr krimin e organizuar, drog\u00ebn, azilk\u00ebrkuesit dhe parave t\u00eb pista: Shqip\u00ebria vend kryesor sa i p\u00ebrket d\u00ebrgesave t\u00eb m\u00ebdha t\u00eb kokain\u00ebs","author":"Kurt Farka","date":"May 10, 2021","format":false,"excerpt":"\u201cElbasani pik\u00eb ky\u00e7e p\u00ebr\u2026\u201d\/ Raporti p\u00ebr krimin e organizuar, drog\u00ebn, azilk\u00ebrkuesit dhe parave t\u00eb pista: Shqip\u00ebria vend kryesor sa i p\u00ebrket d\u00ebrgesave t\u00eb m\u00ebdha t\u00eb kokain\u00ebs 10 maji 2021 Rrjeti \u201cIniciativa Globale Kund\u00ebr Krimit t\u00eb Organizuar Nd\u00ebrkomb\u00ebtar publikoi t\u00eb h\u00ebn\u00ebn nj\u00eb raport t\u00eb ri mbi p\u00ebrmasat, hartat dhe kostot e\u2026","rel":"","context":"In &quot;Blogu i Udh\u00ebtarit&quot;","block_context":{"text":"Blogu i Udh\u00ebtarit","link":"https:\/\/www.shqiperia.com\/blog\/category\/blogu-i-udhetarit\/"},"img":{"alt_text":"","src":"https:\/\/i0.wp.com\/www.shqiperia.com\/blog\/wp-content\/uploads\/2021\/05\/122.jpg?fit=1019%2C546&ssl=1&resize=350%2C200","width":350,"height":200,"srcset":"https:\/\/i0.wp.com\/www.shqiperia.com\/blog\/wp-content\/uploads\/2021\/05\/122.jpg?fit=1019%2C546&ssl=1&resize=350%2C200 1x, https:\/\/i0.wp.com\/www.shqiperia.com\/blog\/wp-content\/uploads\/2021\/05\/122.jpg?fit=1019%2C546&ssl=1&resize=525%2C300 1.5x, https:\/\/i0.wp.com\/www.shqiperia.com\/blog\/wp-content\/uploads\/2021\/05\/122.jpg?fit=1019%2C546&ssl=1&resize=700%2C400 2x"},"classes":[]},{"id":13873,"url":"https:\/\/www.shqiperia.com\/blog\/okb-shqiperia-drejt-plakjes\/","url_meta":{"origin":99799,"position":4},"title":"OKB: &#8211; Shqip\u00ebria drejt plakjes.-","author":"Kurt Farka","date":"November 19, 2018","format":false,"excerpt":"OKB: - Shqip\u00ebria drejt plakjes.- Shqip\u00ebria po plaket me nj\u00eb rit\u00ebm t\u00eb shpejt\u00eb. Ndon\u00ebse n\u00eb fillim t\u00eb viteve \u201990 kishim popullsin\u00eb m\u00eb t\u00eb re n\u00eb rajon edhe n\u00eb Europ\u00eb, me mosh\u00eb mesatare t\u00eb popullat\u00ebs 24 vje\u00e7, llogarit\u00eb e Kombeve t\u00eb Bashkuara mbi Perspektivat e Popullat\u00ebs tregojn\u00eb se deri n\u00eb 2060\u2026","rel":"","context":"In &quot;Histori&quot;","block_context":{"text":"Histori","link":"https:\/\/www.shqiperia.com\/blog\/category\/histori\/"},"img":{"alt_text":"","src":"https:\/\/i0.wp.com\/www.shqiperia.com\/blog\/wp-content\/uploads\/2018\/11\/mosha-mesatare-2021-300x265-300x173.png?resize=350%2C200","width":350,"height":200},"classes":[]},{"id":79757,"url":"https:\/\/www.shqiperia.com\/blog\/mali-i-zi-analistet-per-voa-te-shqetesuar-per-veprimet-nacionaliste-te-forcave-politike-pro-serbe-dhe-pro-ruse\/","url_meta":{"origin":99799,"position":5},"title":"Mali i Zi\/ Analist\u00ebt p\u00ebr VOA : &#8211; T\u00eb shqet\u00ebsuar p\u00ebr veprimet nacionaliste t\u00eb forcave politike pro-serbe dhe pro-ruse","author":"Kurt Farka","date":"March 30, 2024","format":false,"excerpt":"31 Mars 2024 Forcat politike pro-ruse dhe pro-serbe kan\u00eb shtuar retorik\u00ebn n\u00eb mb\u00ebshtetje t\u00eb Mosk\u00ebs dhe Beogradit, gj\u00eb q\u00eb sipas analist\u00ebve do t\u00eb b\u00ebhet penges\u00eb e Malit t\u00eb Zi drejt integrimit t\u00eb shpejt\u00eb n\u00eb BE. Analist\u00ebt vler\u00ebsojn\u00eb se k\u00ebto p\u00ebrpjekje t\u00eb politik\u00ebs pro-serbe dhe pro-ruse po e rrezikojn\u00eb seriozisht marr\u00ebdh\u00ebniet\u2026","rel":"","context":"In &quot;Blogu i Udh\u00ebtarit&quot;","block_context":{"text":"Blogu i Udh\u00ebtarit","link":"https:\/\/www.shqiperia.com\/blog\/category\/blogu-i-udhetarit\/"},"img":{"alt_text":"","src":"https:\/\/i0.wp.com\/www.shqiperia.com\/blog\/wp-content\/uploads\/2024\/03\/800-0-bb90bfc0f73b681485b436e2d43adffe.jpg?fit=800%2C450&ssl=1&resize=350%2C200","width":350,"height":200,"srcset":"https:\/\/i0.wp.com\/www.shqiperia.com\/blog\/wp-content\/uploads\/2024\/03\/800-0-bb90bfc0f73b681485b436e2d43adffe.jpg?fit=800%2C450&ssl=1&resize=350%2C200 1x, https:\/\/i0.wp.com\/www.shqiperia.com\/blog\/wp-content\/uploads\/2024\/03\/800-0-bb90bfc0f73b681485b436e2d43adffe.jpg?fit=800%2C450&ssl=1&resize=525%2C300 1.5x, https:\/\/i0.wp.com\/www.shqiperia.com\/blog\/wp-content\/uploads\/2024\/03\/800-0-bb90bfc0f73b681485b436e2d43adffe.jpg?fit=800%2C450&ssl=1&resize=700%2C400 2x"},"classes":[]}],"_links":{"self":[{"href":"https:\/\/www.shqiperia.com\/blog\/wp-json\/wp\/v2\/posts\/99799","targetHints":{"allow":["GET"]}}],"collection":[{"href":"https:\/\/www.shqiperia.com\/blog\/wp-json\/wp\/v2\/posts"}],"about":[{"href":"https:\/\/www.shqiperia.com\/blog\/wp-json\/wp\/v2\/types\/post"}],"author":[{"embeddable":true,"href":"https:\/\/www.shqiperia.com\/blog\/wp-json\/wp\/v2\/users\/9"}],"replies":[{"embeddable":true,"href":"https:\/\/www.shqiperia.com\/blog\/wp-json\/wp\/v2\/comments?post=99799"}],"version-history":[{"count":2,"href":"https:\/\/www.shqiperia.com\/blog\/wp-json\/wp\/v2\/posts\/99799\/revisions"}],"predecessor-version":[{"id":99802,"href":"https:\/\/www.shqiperia.com\/blog\/wp-json\/wp\/v2\/posts\/99799\/revisions\/99802"}],"wp:featuredmedia":[{"embeddable":true,"href":"https:\/\/www.shqiperia.com\/blog\/wp-json\/wp\/v2\/media\/99800"}],"wp:attachment":[{"href":"https:\/\/www.shqiperia.com\/blog\/wp-json\/wp\/v2\/media?parent=99799"}],"wp:term":[{"taxonomy":"category","embeddable":true,"href":"https:\/\/www.shqiperia.com\/blog\/wp-json\/wp\/v2\/categories?post=99799"},{"taxonomy":"post_tag","embeddable":true,"href":"https:\/\/www.shqiperia.com\/blog\/wp-json\/wp\/v2\/tags?post=99799"}],"curies":[{"name":"wp","href":"https:\/\/api.w.org\/{rel}","templated":true}]}}