{"id":99796,"date":"2026-04-30T23:51:00","date_gmt":"2026-04-30T23:51:00","guid":{"rendered":"https:\/\/www.shqiperia.com\/blog\/?p=99796"},"modified":"2026-04-30T23:51:00","modified_gmt":"2026-04-30T23:51:00","slug":"sateliti-i-rames-albania-1-eshte-djegur-ne-hapesire","status":"publish","type":"post","link":"https:\/\/www.shqiperia.com\/blog\/sateliti-i-rames-albania-1-eshte-djegur-ne-hapesire\/","title":{"rendered":"Sateliti i Rames \u201cAlbania 1\u201d \u00ebsht\u00eb djegur n\u00eb hap\u00ebsir\u00eb"},"content":{"rendered":"<p><img data-recalc-dims=\"1\" loading=\"lazy\" decoding=\"async\" data-attachment-id=\"99797\" data-permalink=\"https:\/\/www.shqiperia.com\/blog\/sateliti-i-rames-albania-1-eshte-djegur-ne-hapesire\/900-0-1777549627xsatelit-553\/\" data-orig-file=\"https:\/\/i0.wp.com\/www.shqiperia.com\/blog\/wp-content\/uploads\/2026\/04\/900-0-1777549627xsatelit-553.jpg?fit=900%2C504&amp;ssl=1\" data-orig-size=\"900,504\" data-comments-opened=\"1\" data-image-meta=\"{&quot;aperture&quot;:&quot;0&quot;,&quot;credit&quot;:&quot;&quot;,&quot;camera&quot;:&quot;&quot;,&quot;caption&quot;:&quot;&quot;,&quot;created_timestamp&quot;:&quot;0&quot;,&quot;copyright&quot;:&quot;&quot;,&quot;focal_length&quot;:&quot;0&quot;,&quot;iso&quot;:&quot;0&quot;,&quot;shutter_speed&quot;:&quot;0&quot;,&quot;title&quot;:&quot;&quot;,&quot;orientation&quot;:&quot;0&quot;}\" data-image-title=\"900-0-1777549627xsatelit-553\" data-image-description=\"\" data-image-caption=\"\" data-medium-file=\"https:\/\/i0.wp.com\/www.shqiperia.com\/blog\/wp-content\/uploads\/2026\/04\/900-0-1777549627xsatelit-553.jpg?fit=300%2C168&amp;ssl=1\" data-large-file=\"https:\/\/i0.wp.com\/www.shqiperia.com\/blog\/wp-content\/uploads\/2026\/04\/900-0-1777549627xsatelit-553.jpg?fit=900%2C504&amp;ssl=1\" class=\"alignnone  wp-image-99797\" alt=\"\" src=\"https:\/\/i0.wp.com\/www.shqiperia.com\/blog\/wp-content\/uploads\/2026\/04\/900-0-1777549627xsatelit-553.jpg?resize=680%2C381&#038;ssl=1\" width=\"680\" height=\"381\" srcset=\"https:\/\/i0.wp.com\/www.shqiperia.com\/blog\/wp-content\/uploads\/2026\/04\/900-0-1777549627xsatelit-553.jpg?resize=300%2C168&amp;ssl=1 300w, https:\/\/i0.wp.com\/www.shqiperia.com\/blog\/wp-content\/uploads\/2026\/04\/900-0-1777549627xsatelit-553.jpg?resize=768%2C430&amp;ssl=1 768w, https:\/\/i0.wp.com\/www.shqiperia.com\/blog\/wp-content\/uploads\/2026\/04\/900-0-1777549627xsatelit-553.jpg?resize=450%2C252&amp;ssl=1 450w, https:\/\/i0.wp.com\/www.shqiperia.com\/blog\/wp-content\/uploads\/2026\/04\/900-0-1777549627xsatelit-553.jpg?resize=600%2C336&amp;ssl=1 600w, https:\/\/i0.wp.com\/www.shqiperia.com\/blog\/wp-content\/uploads\/2026\/04\/900-0-1777549627xsatelit-553.jpg?resize=400%2C224&amp;ssl=1 400w, https:\/\/i0.wp.com\/www.shqiperia.com\/blog\/wp-content\/uploads\/2026\/04\/900-0-1777549627xsatelit-553.jpg?w=900&amp;ssl=1 900w\" sizes=\"auto, (max-width: 680px) 100vw, 680px\" \/><\/p>\n<p>1 Maji 2026<\/p>\n<p>Sateliti \u201cAlbania 1\u201d, i prezantuar vite m\u00eb par\u00eb nga qeveria si pjes\u00eb e projektit t\u00eb mbik\u00ebqyrjes satelitore p\u00ebr kontrollin e territorit, raportohet se \u00ebsht\u00eb djegur n\u00eb atmosfer\u00eb m\u00eb 29 janar 2026, duke dal\u00eb p\u00ebrfundimisht nga funksioni.<\/p>\n<p>Lajmi \u00ebsht\u00eb b\u00ebr\u00eb publik nga eksperti i teknologjis\u00eb\u00a0Besmir Semanaj, i cili ka ngritur pik\u00ebpyetje mbi ecurin\u00eb dhe transparenc\u00ebn e k\u00ebtij projekti.<\/p>\n<p>Dy satelit\u00ebt \u201cAlbania 1\u201d dhe \u201cAlbania 2\u201d u l\u00ebshuan n\u00eb hap\u00ebsir\u00eb m\u00eb 3 janar 2023 nga Cape Canaveral n\u00eb Florida, si pjes\u00eb e nj\u00eb marr\u00ebveshjeje me vler\u00eb rreth 6 milion\u00eb dollar\u00eb mes Agjencis\u00eb Komb\u00ebtare t\u00eb Mbrojtjes Civile dhe kompanis\u00eb amerikane Satellogic USA Inc.<\/p>\n<p>Projekti u prezantua si nj\u00eb hap modern p\u00ebr monitorimin e territorit shqiptar, me fokus n\u00eb nd\u00ebrtimet pa leje, kultivimin e kanabisit, zjarret dhe \u00e7\u00ebshtjet e siguris\u00eb mjedisore e kufitare.<\/p>\n<p>N\u00eb at\u00eb koh\u00eb, autoritetet theksuan se teknologjia satelitore do t\u2019i mund\u00ebsonte institucioneve shqiptare t\u00eb merrnin t\u00eb dh\u00ebna n\u00eb koh\u00eb reale p\u00ebr administrimin m\u00eb efikas t\u00eb territorit dhe p\u00ebr forcimin e politikave publike n\u00eb fusha t\u00eb ndryshme.<\/p>\n<p><img data-recalc-dims=\"1\" loading=\"lazy\" decoding=\"async\" class=\"\" alt=\"Sateliti &quot;Albania 1&quot; \u00ebsht\u00eb djegur n\u00eb\" src=\"https:\/\/i0.wp.com\/cdnimpuls.com\/voxnews.al\/media3\/-640-0-900-0-1777549454xscreenshot-14-928-1777551263.jpg?resize=815%2C395&#038;ssl=1\" width=\"815\" height=\"395\" data-size=\"x\" data-id=\"205785\" \/><\/p>\n<p>E s\u00eb fundmi nj\u00eb postim i b\u00ebr\u00eb n\u00eb rrjetet sociale nga eksperti i teknologjis\u00eb ka rikthyer s\u00ebrish v\u00ebmendjen te dy sateltit\u00ebt.<\/p>\n<p>Semanajt thot\u00eb se nj\u00eb prej satelit\u00ebve, konkretisht\u00a0<strong>Albania 1<\/strong>\u00a0ka p\u00ebrfunduar ciklin e saj, nd\u00ebrkoh\u00eb q\u00eb sipas tij mungesa e transparenc\u00ebs \u00ebsht\u00eb problemi kryesor, pasi ende nuk ka nj\u00eb bilanc sa i p\u00ebrket kostove dhe as nj\u00eb raport t\u00eb detajuar mbi rezultatet konkrete t\u00eb arritura n\u00eb terren.<\/p>\n<p>\u201c<em>Deri sot nuk kemi nj\u00eb shif\u00ebr t\u00eb qart\u00eb se sa ka kushtuar realisht ky projekt. Thuhet 6 milion\u00eb dollar\u00eb, por n\u00eb\u00a0<\/em><strong>Shqip\u00ebri<\/strong>\u00a0<em>\u201cthuhet\u201d dhe \u201c\u00ebsht\u00eb\u201d rrall\u00eb p\u00ebrputhen. Nuk kemi asnj\u00eb raport serioz me rezultate: sa nd\u00ebrtime jan\u00eb zbuluar fal\u00eb k\u00ebtyre satelit\u00ebve, sa parcela kanabisi, sa raste zjarresh jan\u00eb menaxhuar ndryshe p\u00ebr shkak t\u00eb tyre.<\/em><\/p>\n<p><img data-recalc-dims=\"1\" loading=\"lazy\" decoding=\"async\" class=\"\" alt=\"Sateliti &quot;Albania 1&quot; \u00ebsht\u00eb djegur n\u00eb\" src=\"https:\/\/i0.wp.com\/cdnimpuls.com\/voxnews.al\/media3\/-640-0-semanajpng-1777551355.png?resize=830%2C676&#038;ssl=1\" width=\"830\" height=\"676\" data-size=\"x\" data-id=\"205786\" \/><\/p>\n<p><em>Dhe mbi t\u00eb gjitha, nuk kemi nj\u00eb konfirmim zyrtar p\u00ebr di\u00e7ka q\u00eb tashm\u00eb \u00ebsht\u00eb fakt: a do ta thot\u00eb qeveria hapur q\u00eb Albania 1 nuk \u00ebsht\u00eb m\u00eb n\u00eb orbit\u00eb<\/em>?\u201d,\u00a0shkruan ai nd\u00ebr t\u00eb tjera.<\/p>\n","protected":false},"excerpt":{"rendered":"<p>1 Maji 2026 Sateliti \u201cAlbania 1\u201d, i prezantuar vite m\u00eb par\u00eb nga qeveria si pjes\u00eb e projektit t\u00eb mbik\u00ebqyrjes satelitore p\u00ebr kontrollin e territorit, raportohet se \u00ebsht\u00eb djegur n\u00eb atmosfer\u00eb m\u00eb 29 janar 2026, duke dal\u00eb p\u00ebrfundimisht nga funksioni. Lajmi \u00ebsht\u00eb b\u00ebr\u00eb publik nga eksperti i teknologjis\u00eb\u00a0Besmir Semanaj, i cili ka ngritur pik\u00ebpyetje mbi ecurin\u00eb [&hellip;]<\/p>\n","protected":false},"author":9,"featured_media":99797,"comment_status":"open","ping_status":"open","sticky":false,"template":"","format":"standard","meta":{"jetpack_post_was_ever_published":false,"_jetpack_newsletter_access":"","_jetpack_dont_email_post_to_subs":false,"_jetpack_newsletter_tier_id":0,"_jetpack_memberships_contains_paywalled_content":false,"_jetpack_memberships_contains_paid_content":false,"footnotes":"","jetpack_publicize_message":"","jetpack_publicize_feature_enabled":true,"jetpack_social_post_already_shared":true,"jetpack_social_options":{"image_generator_settings":{"template":"highway","default_image_id":0,"font":"","enabled":false},"version":2}},"categories":[1,2,35],"tags":[],"class_list":["post-99796","post","type-post","status-publish","format-standard","has-post-thumbnail","hentry","category-njoftime-shtypi","category-politika","category-shoqerore"],"jetpack_publicize_connections":[],"jetpack_featured_media_url":"https:\/\/i0.wp.com\/www.shqiperia.com\/blog\/wp-content\/uploads\/2026\/04\/900-0-1777549627xsatelit-553.jpg?fit=900%2C504&ssl=1","jetpack_sharing_enabled":true,"jetpack_shortlink":"https:\/\/wp.me\/p5Z6wp-pXC","jetpack-related-posts":[{"id":50899,"url":"https:\/\/www.shqiperia.com\/blog\/albania-12-se-shpejti-ne-orbite-por-sa-kushton-nje-satelit-dhe-leshimi-i-tij-ne-hapesire\/","url_meta":{"origin":99796,"position":0},"title":"&#8220;Albania 1&amp;2&#8221; s\u00eb shpejti n\u00eb orbit\u00eb, por sa kushton nj\u00eb satelit dhe l\u00ebshimi i tij n\u00eb hap\u00ebsir\u00eb?","author":"Kurt Farka","date":"October 26, 2021","format":false,"excerpt":"\"Albania 1&2\" s\u00eb shpejti n\u00eb orbit\u00eb, por sa kushton nj\u00eb satelit dhe l\u00ebshimi i tij n\u00eb hap\u00ebsir\u00eb? 26 Tetor 2021, 15:51 Kryeministri Rama paralajm\u00ebroi para disa dit\u00ebsh n\u00eb Kuvend se brenda vitit t\u00eb ardhsh\u00ebm qeveria do t\u00eb d\u00ebrgoj\u00eb n\u00eb hap\u00ebsir\u00eb dy satelit\u00eb \u201cAlbania 1\u201d dhe \u201cAlbania 2\u201d. Shqip\u00ebria pritet t\u00eb\u2026","rel":"","context":"In &quot;Press Releases&quot;","block_context":{"text":"Press Releases","link":"https:\/\/www.shqiperia.com\/blog\/category\/press-releases\/"},"img":{"alt_text":"","src":"https:\/\/i0.wp.com\/www.shqiperia.com\/blog\/wp-content\/uploads\/2021\/10\/Edi-Rama-dhe-Sateliti.jpg?fit=581%2C319&ssl=1&resize=350%2C200","width":350,"height":200,"srcset":"https:\/\/i0.wp.com\/www.shqiperia.com\/blog\/wp-content\/uploads\/2021\/10\/Edi-Rama-dhe-Sateliti.jpg?fit=581%2C319&ssl=1&resize=350%2C200 1x, https:\/\/i0.wp.com\/www.shqiperia.com\/blog\/wp-content\/uploads\/2021\/10\/Edi-Rama-dhe-Sateliti.jpg?fit=581%2C319&ssl=1&resize=525%2C300 1.5x"},"classes":[]},{"id":56123,"url":"https:\/\/www.shqiperia.com\/blog\/rama-per-ngritjen-e-sateliteve-ne-hapesire-ne-kujtim-te-servantesin-me-mullite-e-eres\/","url_meta":{"origin":99796,"position":1},"title":"Rama per ngritjen e satelit\u00ebve n\u00eb hap\u00ebsir\u00eb ne kujtim te Servantesin me \u201cMullite e Eres\u201d","author":"Kurt Farka","date":"March 31, 2022","format":false,"excerpt":"Rama per ngritjen e satelit\u00ebve n\u00eb hap\u00ebsir\u00eb ne kujtim te Servantesin me \u201cMullite e Eres.\u201d - 31.03.22 \u201cShqip\u00ebria n\u00eb orbit\u00eb, e pabesueshme por e v\u00ebrtet\u00eb\u201d. K\u00ebshtu do t\u00eb shprehej Kryeministri Edi Rama, n\u00eb dat\u00ebn 20 tetor, nd\u00ebrsa publikoi nj\u00eb videokomunikim mbi p\u00ebrgatitjet q\u00eb po b\u00ebhen p\u00ebr l\u00ebshimin e satelit\u00ebve Albania\u2026","rel":"","context":"In &quot;Blogu i Udh\u00ebtarit&quot;","block_context":{"text":"Blogu i Udh\u00ebtarit","link":"https:\/\/www.shqiperia.com\/blog\/category\/blogu-i-udhetarit\/"},"img":{"alt_text":"","src":"https:\/\/i0.wp.com\/www.shqiperia.com\/blog\/wp-content\/uploads\/2022\/03\/640-0-61687a5fa54ae.jpg?fit=640%2C434&ssl=1&resize=350%2C200","width":350,"height":200,"srcset":"https:\/\/i0.wp.com\/www.shqiperia.com\/blog\/wp-content\/uploads\/2022\/03\/640-0-61687a5fa54ae.jpg?fit=640%2C434&ssl=1&resize=350%2C200 1x, https:\/\/i0.wp.com\/www.shqiperia.com\/blog\/wp-content\/uploads\/2022\/03\/640-0-61687a5fa54ae.jpg?fit=640%2C434&ssl=1&resize=525%2C300 1.5x"},"classes":[]},{"id":16521,"url":"https:\/\/www.shqiperia.com\/blog\/zeri-i-amerikes-pse-po-ikin-drejtoret-kur-dh-albania-ishte-ne-rregull\/","url_meta":{"origin":99796,"position":2},"title":"Z\u00ebri i Amerik\u00ebs: Pse po ikin drejtor\u00ebt kur DH Albania ishte \u201cn\u00eb rregull\u201d?","author":"Kurt Farka","date":"January 23, 2019","format":false,"excerpt":"Z\u00ebri i Amerik\u00ebs: Pse po ikin drejtor\u00ebt kur DH Albania ishte \u201cn\u00eb rregull\u201d? 23 janar 2019. Drejtuesit e dy institucioneve n\u00eb Shqip\u00ebri, pran\u00eb t\u00eb cilave kompania DH Albania kishte mundur t\u00eb fitonte dy gara publike p\u00ebrmes dokumenteve t\u00eb falsifikuara, jan\u00eb larguar nga detyra. Dy dit\u00eb m\u00eb par\u00eb, administratori i Operatorit\u2026","rel":"","context":"In &quot;Blogu i Udh\u00ebtarit&quot;","block_context":{"text":"Blogu i Udh\u00ebtarit","link":"https:\/\/www.shqiperia.com\/blog\/category\/blogu-i-udhetarit\/"},"img":{"alt_text":"","src":"https:\/\/i0.wp.com\/www.shqiperia.com\/blog\/wp-content\/uploads\/2019\/01\/drejtoret-Gjiknuri-1-905x395.jpg?fit=797%2C395&ssl=1&resize=350%2C200","width":350,"height":200,"srcset":"https:\/\/i0.wp.com\/www.shqiperia.com\/blog\/wp-content\/uploads\/2019\/01\/drejtoret-Gjiknuri-1-905x395.jpg?fit=797%2C395&ssl=1&resize=350%2C200 1x, https:\/\/i0.wp.com\/www.shqiperia.com\/blog\/wp-content\/uploads\/2019\/01\/drejtoret-Gjiknuri-1-905x395.jpg?fit=797%2C395&ssl=1&resize=525%2C300 1.5x, https:\/\/i0.wp.com\/www.shqiperia.com\/blog\/wp-content\/uploads\/2019\/01\/drejtoret-Gjiknuri-1-905x395.jpg?fit=797%2C395&ssl=1&resize=700%2C400 2x"},"classes":[]},{"id":78758,"url":"https:\/\/www.shqiperia.com\/blog\/ditmir-bushati-be-po-perkedhel-serbine-biznes-me-rusine\/","url_meta":{"origin":99796,"position":3},"title":"Ditmir Bushati: BE po p\u00ebrk\u00ebdhel Serbin\u00eb! Biznes me Rusin\u00eb","author":"Kurt Farka","date":"February 29, 2024","format":false,"excerpt":"29 Shkurt 2024 Ish-ministri i Jasht\u00ebm i Shqip\u00ebris\u00eb, Ditmir Bushati ishte k\u00ebt\u00eb t\u00eb m\u00ebrkur\u00eb i ftuar n\u00eb nj\u00eb lidhje direkte p\u00ebr \u201cNow me Erla M\u00ebhillin\u201d ku foli p\u00ebr samitin e mbajtur k\u00ebt\u00eb t\u00eb m\u00ebrkur\u00eb n\u00eb Tiran\u00eb, por edhe p\u00ebr situat\u00ebn ku ndodhet rajoni i Ballkanit Per\u00ebndimor. Sipas tij politika q\u00eb\u2026","rel":"","context":"In &quot;Blogu i Udh\u00ebtarit&quot;","block_context":{"text":"Blogu i Udh\u00ebtarit","link":"https:\/\/www.shqiperia.com\/blog\/category\/blogu-i-udhetarit\/"},"img":{"alt_text":"","src":"https:\/\/i0.wp.com\/www.shqiperia.com\/blog\/wp-content\/uploads\/2024\/02\/1675455107xditmir-bushati-181.jpg?fit=823%2C542&ssl=1&resize=350%2C200","width":350,"height":200,"srcset":"https:\/\/i0.wp.com\/www.shqiperia.com\/blog\/wp-content\/uploads\/2024\/02\/1675455107xditmir-bushati-181.jpg?fit=823%2C542&ssl=1&resize=350%2C200 1x, https:\/\/i0.wp.com\/www.shqiperia.com\/blog\/wp-content\/uploads\/2024\/02\/1675455107xditmir-bushati-181.jpg?fit=823%2C542&ssl=1&resize=525%2C300 1.5x, https:\/\/i0.wp.com\/www.shqiperia.com\/blog\/wp-content\/uploads\/2024\/02\/1675455107xditmir-bushati-181.jpg?fit=823%2C542&ssl=1&resize=700%2C400 2x"},"classes":[]},{"id":4070,"url":"https:\/\/www.shqiperia.com\/blog\/nje-park-arti-ne-oborrin-e-ministrise-se-kultures-qe-dedikohet-antonio-gramshit\/","url_meta":{"origin":99796,"position":4},"title":"Nje park arti ne oborrin e Ministris\u00eb s\u00eb Kultur\u00ebs, qe i dedikohet Antonio Gramshit. &#8211;","author":"Kurt Farka","date":"February 28, 2018","format":false,"excerpt":"Vete ministrja Kumbaro, theksoi ne nje prononcim ne TCH para disa muajsh se\u00a0\u201c Ministria e Kultur\u00ebs kishte mendimin q\u00eb k\u00ebt\u00eb hap\u00ebsir\u00eb mos ta linte bosh, por t\u2019i jepte nj\u00eb karakter funksional dhe estetik me konceptin e nj\u00eb parku arti, se si ky park mund t\u00eb kthehej nga nj\u00eb hap\u00ebsir\u00eb thjesht\u2026","rel":"","context":"In &quot;Arte&quot;","block_context":{"text":"Arte","link":"https:\/\/www.shqiperia.com\/blog\/category\/arte\/"},"img":{"alt_text":"","src":"https:\/\/i0.wp.com\/www.shqiperia.com\/blog\/wp-content\/uploads\/2018\/02\/ministria-e-kultures.jpg?fit=600%2C400&ssl=1&resize=350%2C200","width":350,"height":200,"srcset":"https:\/\/i0.wp.com\/www.shqiperia.com\/blog\/wp-content\/uploads\/2018\/02\/ministria-e-kultures.jpg?fit=600%2C400&ssl=1&resize=350%2C200 1x, https:\/\/i0.wp.com\/www.shqiperia.com\/blog\/wp-content\/uploads\/2018\/02\/ministria-e-kultures.jpg?fit=600%2C400&ssl=1&resize=525%2C300 1.5x"},"classes":[]},{"id":81404,"url":"https:\/\/www.shqiperia.com\/blog\/koncesionet-kane-gllaberuar-223-milione-euro-ne-5-muaj-shqiptaret-paguajne-shifra-marramendese-per-sherbime-te-pakryera\/","url_meta":{"origin":99796,"position":5},"title":"Koncesionet kan\u00eb gllab\u00ebruar 223 milion\u00eb euro n\u00eb 5 muaj.  &#8211; Shqiptar\u00ebt paguajn\u00eb shifra marramend\u00ebse p\u00ebr sh\u00ebrbime t\u00eb pakryera","author":"Kurt Farka","date":"May 29, 2024","format":false,"excerpt":"Koncesionet vijojn\u00eb t\u00eb jen\u00eb gangrena e buxhetit t\u00eb shtetit. Ndon\u00ebse nd\u00ebrkomb\u00ebtar\u00ebt e opozita kan\u00eb shfaqur shum\u00eb rezerva dhe k\u00ebrkojn\u00eb q\u00eb qeveria t\u00eb mos turret te koncesionet (PPP-t\u00eb), n\u00eb fakt ka ndodhur e kund\u00ebrta. \u00c7do rrug\u00eb, sh\u00ebrbim sh\u00ebndet\u00ebsor dhe investim tjet\u00ebr, jovet\u00ebm q\u00eb po jepet me PPP, por k\u00ebto koncesione vijojn\u00eb\u2026","rel":"","context":"In &quot;Blogu i Udh\u00ebtarit&quot;","block_context":{"text":"Blogu i Udh\u00ebtarit","link":"https:\/\/www.shqiperia.com\/blog\/category\/blogu-i-udhetarit\/"},"img":{"alt_text":"","src":"https:\/\/i0.wp.com\/www.shqiperia.com\/blog\/wp-content\/uploads\/2024\/05\/800-0-6656e4fb1eea6.jpg?fit=800%2C331&ssl=1&resize=350%2C200","width":350,"height":200,"srcset":"https:\/\/i0.wp.com\/www.shqiperia.com\/blog\/wp-content\/uploads\/2024\/05\/800-0-6656e4fb1eea6.jpg?fit=800%2C331&ssl=1&resize=350%2C200 1x, https:\/\/i0.wp.com\/www.shqiperia.com\/blog\/wp-content\/uploads\/2024\/05\/800-0-6656e4fb1eea6.jpg?fit=800%2C331&ssl=1&resize=525%2C300 1.5x, https:\/\/i0.wp.com\/www.shqiperia.com\/blog\/wp-content\/uploads\/2024\/05\/800-0-6656e4fb1eea6.jpg?fit=800%2C331&ssl=1&resize=700%2C400 2x"},"classes":[]}],"_links":{"self":[{"href":"https:\/\/www.shqiperia.com\/blog\/wp-json\/wp\/v2\/posts\/99796","targetHints":{"allow":["GET"]}}],"collection":[{"href":"https:\/\/www.shqiperia.com\/blog\/wp-json\/wp\/v2\/posts"}],"about":[{"href":"https:\/\/www.shqiperia.com\/blog\/wp-json\/wp\/v2\/types\/post"}],"author":[{"embeddable":true,"href":"https:\/\/www.shqiperia.com\/blog\/wp-json\/wp\/v2\/users\/9"}],"replies":[{"embeddable":true,"href":"https:\/\/www.shqiperia.com\/blog\/wp-json\/wp\/v2\/comments?post=99796"}],"version-history":[{"count":1,"href":"https:\/\/www.shqiperia.com\/blog\/wp-json\/wp\/v2\/posts\/99796\/revisions"}],"predecessor-version":[{"id":99798,"href":"https:\/\/www.shqiperia.com\/blog\/wp-json\/wp\/v2\/posts\/99796\/revisions\/99798"}],"wp:featuredmedia":[{"embeddable":true,"href":"https:\/\/www.shqiperia.com\/blog\/wp-json\/wp\/v2\/media\/99797"}],"wp:attachment":[{"href":"https:\/\/www.shqiperia.com\/blog\/wp-json\/wp\/v2\/media?parent=99796"}],"wp:term":[{"taxonomy":"category","embeddable":true,"href":"https:\/\/www.shqiperia.com\/blog\/wp-json\/wp\/v2\/categories?post=99796"},{"taxonomy":"post_tag","embeddable":true,"href":"https:\/\/www.shqiperia.com\/blog\/wp-json\/wp\/v2\/tags?post=99796"}],"curies":[{"name":"wp","href":"https:\/\/api.w.org\/{rel}","templated":true}]}}