{"id":99793,"date":"2026-04-30T23:47:14","date_gmt":"2026-04-30T23:47:14","guid":{"rendered":"https:\/\/www.shqiperia.com\/blog\/?p=99793"},"modified":"2026-04-30T23:47:14","modified_gmt":"2026-04-30T23:47:14","slug":"evropa-ne-erresire-nuk-e-di-se-sa-karburant-i-ka-mbetur-be-propozon-nje-observator-karburanti","status":"publish","type":"post","link":"https:\/\/www.shqiperia.com\/blog\/evropa-ne-erresire-nuk-e-di-se-sa-karburant-i-ka-mbetur-be-propozon-nje-observator-karburanti\/","title":{"rendered":"Evropa n\u00eb err\u00ebsir\u00eb, nuk e di se sa karburant i ka mbetur! BE propozon nj\u00eb Observator Karburanti"},"content":{"rendered":"<p><img data-recalc-dims=\"1\" loading=\"lazy\" decoding=\"async\" data-attachment-id=\"99794\" data-permalink=\"https:\/\/www.shqiperia.com\/blog\/evropa-ne-erresire-nuk-e-di-se-sa-karburant-i-ka-mbetur-be-propozon-nje-observator-karburanti\/avion\/\" data-orig-file=\"https:\/\/i0.wp.com\/www.shqiperia.com\/blog\/wp-content\/uploads\/2026\/04\/avion.jpg?fit=750%2C375&amp;ssl=1\" data-orig-size=\"750,375\" data-comments-opened=\"1\" data-image-meta=\"{&quot;aperture&quot;:&quot;0&quot;,&quot;credit&quot;:&quot;&quot;,&quot;camera&quot;:&quot;&quot;,&quot;caption&quot;:&quot;&quot;,&quot;created_timestamp&quot;:&quot;0&quot;,&quot;copyright&quot;:&quot;&quot;,&quot;focal_length&quot;:&quot;0&quot;,&quot;iso&quot;:&quot;0&quot;,&quot;shutter_speed&quot;:&quot;0&quot;,&quot;title&quot;:&quot;&quot;,&quot;orientation&quot;:&quot;0&quot;}\" data-image-title=\"avion\" data-image-description=\"\" data-image-caption=\"\" data-medium-file=\"https:\/\/i0.wp.com\/www.shqiperia.com\/blog\/wp-content\/uploads\/2026\/04\/avion.jpg?fit=300%2C150&amp;ssl=1\" data-large-file=\"https:\/\/i0.wp.com\/www.shqiperia.com\/blog\/wp-content\/uploads\/2026\/04\/avion.jpg?fit=750%2C375&amp;ssl=1\" class=\"alignnone  wp-image-99794\" alt=\"\" src=\"https:\/\/i0.wp.com\/www.shqiperia.com\/blog\/wp-content\/uploads\/2026\/04\/avion.jpg?resize=634%2C317&#038;ssl=1\" width=\"634\" height=\"317\" srcset=\"https:\/\/i0.wp.com\/www.shqiperia.com\/blog\/wp-content\/uploads\/2026\/04\/avion.jpg?resize=300%2C150&amp;ssl=1 300w, https:\/\/i0.wp.com\/www.shqiperia.com\/blog\/wp-content\/uploads\/2026\/04\/avion.jpg?resize=450%2C225&amp;ssl=1 450w, https:\/\/i0.wp.com\/www.shqiperia.com\/blog\/wp-content\/uploads\/2026\/04\/avion.jpg?resize=600%2C300&amp;ssl=1 600w, https:\/\/i0.wp.com\/www.shqiperia.com\/blog\/wp-content\/uploads\/2026\/04\/avion.jpg?resize=400%2C200&amp;ssl=1 400w, https:\/\/i0.wp.com\/www.shqiperia.com\/blog\/wp-content\/uploads\/2026\/04\/avion.jpg?w=750&amp;ssl=1 750w\" sizes=\"auto, (max-width: 634px) 100vw, 634px\" \/><\/p>\n<p>1 Maji 2026<\/p>\n<p>N\u00eb nj\u00eb analiz\u00eb dhe raportim t\u00eb zgjeruar, \u201cPolitico\u201d nxjerr n\u00eb pah problemin e kostos dhe mjaftueshm\u00ebris\u00eb s\u00eb burimeve energjetike n\u00eb Bashkimin Evropian, p\u00ebr shkak t\u00eb luft\u00ebs n\u00eb Lindjen e Mesme.<\/p>\n<p>Si\u00e7 zbulohet nga media n\u00eb fjal\u00eb, stoku i karburantit i 27 shteteve an\u00ebtare \u00ebsht\u00eb i paqart\u00eb, nd\u00ebrsa mungon komunikimi q\u00eb mund t\u00eb \u00e7oj\u00eb n\u00eb koordinim optimal dhe organizim m\u00eb t\u00eb mir\u00eb nga ana e Brukselit.<\/p>\n<p>Sipas botimit, Greqia thuhet gjithashtu se ka paraqitur nj\u00eb k\u00ebrkes\u00eb p\u00ebr nj\u00eb linj\u00eb t\u00eb hapur komunikimi midis vendeve evropiane n\u00eb lidhje me rezervat e tyre t\u00eb karburantit.<\/p>\n<p>Sipas \u201cPolitico\u201d, nd\u00ebrsa Presidentja e Komisionit Evropian, Ursula von der Leyen, thekson se \u00e7do dit\u00eb lufte i kushton BE-s\u00eb pothuajse 500 milion\u00eb euro p\u00ebr shkak t\u00eb kostos s\u00eb energjis\u00eb, dhe Donald Trump planifikon nj\u00eb bllokad\u00eb t\u00eb p\u00ebrhershme t\u00eb porteve iraniane, qeverit\u00eb evropiane nuk jan\u00eb n\u00eb dijeni t\u00eb rezervave evropiane t\u00eb karburantit, pasi nuk ka asnj\u00eb mekaniz\u00ebm q\u00eb i detyron ata q\u00eb i ruajn\u00eb ato n\u00eb sektorin shtet\u00ebror dhe privat t\u2019i deklarojn\u00eb ato dhe m\u00eb pas t\u00eb informojn\u00eb pjes\u00ebn tjet\u00ebr t\u00eb vendeve evropiane p\u00ebr k\u00ebt\u00eb.<\/p>\n<p><em>\u201cN\u00eb Evrop\u00eb, kemi dukshm\u00ebri dhe angazhime p\u00ebr majin dhe qershorin\u2026 \u00e7far\u00eb ndodh pas k\u00ebsaj \u00ebsht\u00eb e v\u00ebshtir\u00eb t\u00eb parashikohet\u201d,<span>\u00a0<\/span><\/em>tha Tobias Mayer, CEO i DHL Group, gjat\u00eb nj\u00eb informimi.<\/p>\n<p><em>\u201cKa rezerva strategjike, por nuk ka shum\u00eb dukshm\u00ebri se sa \u00ebsht\u00eb t\u00ebrhequr\u201d,<span>\u00a0<\/span><\/em>shpjegoi ai.<\/p>\n<p>Raporti shton se Brukseli nuk \u00ebsht\u00eb plot\u00ebsisht n\u00eb err\u00ebsir\u00eb. Informacioni mbi rezervat shtet\u00ebrore t\u00eb naft\u00ebs dhe gazit \u00ebsht\u00eb p\u00ebrgjith\u00ebsisht transparent dhe i azhurnuar, me zyrtar\u00eb komb\u00ebtar\u00eb q\u00eb mbajn\u00eb takime t\u00eb rregullta p\u00ebr shk\u00ebmbimin e informacionit dhe kompanit\u00eb q\u00eb her\u00eb pas here ofrojn\u00eb vullnetarisht informacion n\u00eb lidhje me rezervat e tyre.<\/p>\n<p>P\u00ebrtej k\u00ebsaj, megjithat\u00eb, zyrtar\u00ebt q\u00eb duan t\u00eb din\u00eb se kur mund t\u00eb mbarojn\u00eb depozitat kan\u00eb shum\u00eb pak p\u00ebr t\u00eb th\u00ebn\u00eb.<\/p>\n<p>Kjo, si\u00e7 theksohet, \u00ebsht\u00eb nj\u00eb pik\u00eb e verb\u00ebr q\u00eb rrezikon t\u2019i privoj\u00eb ata nga aft\u00ebsia p\u00ebr t\u00eb identifikuar mang\u00ebsit\u00eb ose t\u2019i detyroj\u00eb t\u00eb marrin vendime emergjente bazuar n\u00eb informacion t\u00eb paplot\u00eb.<\/p>\n<p>N\u00eb nj\u00eb takim t\u00eb ministrave evropian\u00eb muajin e kaluar, ministrat nga Belgjika, Holanda dhe Spanja t\u00ebrhoq\u00ebn v\u00ebmendjen ndaj k\u00ebtyre boshll\u00ebqeve n\u00eb informacion, duke i k\u00ebrkuar BE-s\u00eb t\u00eb koordinoj\u00eb m\u00eb mir\u00eb monitorimin dhe analiz\u00ebn n\u00eb koh\u00eb reale, ve\u00e7an\u00ebrisht n\u00eb lidhje me produktet e rafinuara, sipas procesverbaleve t\u00eb para nga \u2018Politico\u2019.<\/p>\n<p>Madje shtohet se delegacioni grek shkoi deri aty sa i k\u00ebrkoi Komisionit t\u00eb krijonte nj\u00eb kanal n\u00eb WhatsApp ose Signal midis shteteve an\u00ebtare dhe Komisionit.<\/p>\n<p><em>\u201cNe kemi njohuri dhe t\u00eb dh\u00ebna shum\u00eb t\u00eb kufizuara nga tregu i gazit natyror dhe naft\u00ebs. \u00c7far\u00eb po vihet n\u00eb qarkullim, \u00e7far\u00eb po t\u00ebrhiqet dhe \u00e7far\u00eb po transportohet p\u00ebrmes rrug\u00ebve t\u00eb ndryshme\u2026 padyshim q\u00eb ka munges\u00eb t\u00eb monitorimit t\u00eb tregut\u201d,<\/em><span>\u00a0<\/span>tha nj\u00eb zyrtar i lart\u00eb nga nj\u00eb ministri evropiane e energjis\u00eb.<\/p>\n<p>P\u00ebr karburantet e rafinuara si nafta dhe karburanti i avion\u00ebve, pamja \u00ebsht\u00eb ve\u00e7an\u00ebrisht e err\u00ebt. BE mb\u00ebshtetet kryesisht n\u00eb Eurostat dhe takimet koordinuese me shtetet an\u00ebtare p\u00ebr t\u00eb matur nivelet e furnizimit. Por shumica e stoqeve jan\u00eb t\u00eb fshehura n\u00eb depo tregtare t\u00eb shp\u00ebrndara n\u00eb t\u00eb gjith\u00eb sektor\u00ebt, me kompanit\u00eb q\u00eb ngurrojn\u00eb t\u00eb zbulojn\u00eb t\u00eb dh\u00ebna t\u00eb ndjeshme biznesi q\u00eb nuk jan\u00eb t\u00eb detyruara ligj\u00ebrisht t\u2019i raportojn\u00eb.<\/p>\n<p>Edhe t\u00eb dh\u00ebnat e ofruara nga Agjencia Nd\u00ebrkomb\u00ebtare e Energjis\u00eb \u2013 e cila koordinoi lirimin historik t\u00eb 400 milion\u00eb fu\u00e7ive naft\u00eb muajin e kaluar \u2013 jan\u00eb domosdoshm\u00ebrisht t\u00eb kufizuara p\u00ebr k\u00ebt\u00eb arsye, tha nj\u00eb zyrtar i Komisionit.<\/p>\n<p>\u00abN\u00eb nj\u00eb bot\u00eb ideale, do t\u00eb kishim qasje n\u00eb informacion t\u00eb p\u00ebrsosur, por n\u00eb fund t\u00eb fundit po veprojm\u00eb me at\u00eb q\u00eb kemi\u00bb, shtoi zyrtari i Komisionit. \u00abDhe kam d\u00ebgjuar koleg\u00eb t\u00eb shprehin t\u00eb nj\u00ebjtin shqet\u00ebsim \u2013 shpresojm\u00eb t\u00eb kemi informacionin e duhur\u00bb.<\/p>\n<p><strong>Planet p\u00ebr nj\u00eb \u201cObservator Karburanti\u201d<\/strong><\/p>\n<p>Q\u00eb kur filloi lufta m\u00eb 28 shkurt, ministrat e energjis\u00eb i kan\u00eb b\u00ebr\u00eb thirrje Komisionit Evropian q\u00eb t\u00eb forcoj\u00eb aft\u00ebsin\u00eb e BE-s\u00eb p\u00ebr t\u00eb matur furnizimet e mbajtura n\u00eb t\u00eb gjith\u00eb kontinentin n\u00eb objekte n\u00ebntok\u00ebsore, n\u00eb tanke n\u00eb portet kryesore, n\u00eb anije cisterna t\u00eb m\u00ebdha t\u00eb ankoruara pran\u00eb brigjeve evropiane dhe n\u00eb depo n\u00eb aeroporte, si dhe p\u00ebrgjat\u00eb tubacioneve kryesore.<\/p>\n<p>Vet\u00eb Komisioni e ka pranuar munges\u00ebn e informacionit, duke zbuluar k\u00ebt\u00eb muaj planet p\u00ebr nj\u00eb \u201cObservator t\u00eb Karburantit\u201d, i cili do t\u00eb \u201cmonitoronte prodhimin, importet, eksportet dhe nivelet e stokut t\u00eb karburanteve t\u00eb transportit n\u00eb BE\u201d, nj\u00ebsoj si Administrata Amerikane e Informacionit p\u00ebr Energjin\u00eb, shum\u00eb m\u00eb gjith\u00ebp\u00ebrfshir\u00ebse.<\/p>\n<p><em>\u201cSigurisht q\u00eb duam t\u00eb kemi nj\u00eb pamje m\u00eb t\u00eb mir\u00eb t\u00eb situat\u00ebs s\u00eb karburantit n\u00eb t\u00eb gjith\u00eb BE-n\u00eb\u201d, tha z\u00ebdh\u00ebn\u00ebsja e Komisionit, Anna-Kaisa Itkonen, p\u00ebr Politico. \u201cPo punojm\u00eb p\u00ebr k\u00ebt\u00eb, por \u00ebsht\u00eb shum\u00eb her\u00ebt p\u00ebr t\u00eb th\u00ebn\u00eb tani se si do t\u00eb funksionoj\u00eb\u201d,<span>\u00a0<\/span><\/em>pranoi ajo.<\/p>\n<p>Nga: Gazeta Dita<\/p>\n","protected":false},"excerpt":{"rendered":"<p>1 Maji 2026 N\u00eb nj\u00eb analiz\u00eb dhe raportim t\u00eb zgjeruar, \u201cPolitico\u201d nxjerr n\u00eb pah problemin e kostos dhe mjaftueshm\u00ebris\u00eb s\u00eb burimeve energjetike n\u00eb Bashkimin Evropian, p\u00ebr shkak t\u00eb luft\u00ebs n\u00eb Lindjen e Mesme. Si\u00e7 zbulohet nga media n\u00eb fjal\u00eb, stoku i karburantit i 27 shteteve an\u00ebtare \u00ebsht\u00eb i paqart\u00eb, nd\u00ebrsa mungon komunikimi q\u00eb mund t\u00eb [&hellip;]<\/p>\n","protected":false},"author":9,"featured_media":99794,"comment_status":"open","ping_status":"open","sticky":false,"template":"","format":"standard","meta":{"jetpack_post_was_ever_published":false,"_jetpack_newsletter_access":"","_jetpack_dont_email_post_to_subs":false,"_jetpack_newsletter_tier_id":0,"_jetpack_memberships_contains_paywalled_content":false,"_jetpack_memberships_contains_paid_content":false,"footnotes":"","jetpack_publicize_message":"","jetpack_publicize_feature_enabled":true,"jetpack_social_post_already_shared":true,"jetpack_social_options":{"image_generator_settings":{"template":"highway","default_image_id":0,"font":"","enabled":false},"version":2}},"categories":[1,35],"tags":[],"class_list":["post-99793","post","type-post","status-publish","format-standard","has-post-thumbnail","hentry","category-njoftime-shtypi","category-shoqerore"],"jetpack_publicize_connections":[],"jetpack_featured_media_url":"https:\/\/i0.wp.com\/www.shqiperia.com\/blog\/wp-content\/uploads\/2026\/04\/avion.jpg?fit=750%2C375&ssl=1","jetpack_sharing_enabled":true,"jetpack_shortlink":"https:\/\/wp.me\/p5Z6wp-pXz","jetpack-related-posts":[{"id":5991,"url":"https:\/\/www.shqiperia.com\/blog\/ne-shqiperi-nga-taksa-e-qarkullimit-mblidhen-rreth-160-milione-euro-ne-vit-shume-qe-eshte-mese-dyfishi-i-kostos-vjetore-te-mirembajtjes-se-rrugeve-sipas-programit-ipa-te-komisionit-europian\/","url_meta":{"origin":99793,"position":0},"title":"N\u00eb Shqip\u00ebri nga taksa e qarkullimit mblidhen rreth 160 milion\u00eb euro n\u00eb vit, shum\u00eb q\u00eb \u00ebsht\u00eb m\u00ebse dyfishi i kostos vjetore t\u00eb mir\u00ebmbajtjes s\u00eb rrug\u00ebve- sipas programit IPA te Komisionit Europian.","author":"Kurt Farka","date":"April 7, 2018","format":false,"excerpt":"\u00a0 \u00a0 Shuplak\u00eb nga BE: Shqip\u00ebria mbledh taksa p\u00ebr qarkulliminrrugor m\u00eb shum\u00eb se nevoja p\u00ebr mir\u00ebmbajtjen e rrug\u00ebve. Qeveria shqiptare ka nj\u00eb zbatim nj\u00eb strategji p\u00ebr mir\u00ebmbajtjen e rrug\u00ebve 2015-2019 sipas t\u00eb cil\u00ebs kostoja arrin n\u00eb 329 milion\u00eb euro, ose 65.8 milion\u00eb euro n\u00eb vit. Komisioni Europian n\u00ebp\u00ebrmjet programit IPA\u2026","rel":"","context":"In &quot;Politika&quot;","block_context":{"text":"Politika","link":"https:\/\/www.shqiperia.com\/blog\/category\/politika\/"},"img":{"alt_text":"","src":"https:\/\/i0.wp.com\/www.shqiperia.com\/blog\/wp-content\/uploads\/2018\/04\/Rruga-e-Kombit-semafori-640x378.jpg?fit=458%2C326&ssl=1&resize=350%2C200","width":350,"height":200},"classes":[]},{"id":98580,"url":"https:\/\/www.shqiperia.com\/blog\/ja-masat-e-marra-nga-qeveria-greke-per-te-perballuar-rritjen-cmimeve-nga-subvencioni-per-naften-te-karta-dixhitale-e-karburantit-dhe-ndihma-per-fermeret-ja-masat-e-marra-nga-qeve\/","url_meta":{"origin":99793,"position":1},"title":"Ja masat e marra nga qeveria greke p\u00ebr t\u00eb p\u00ebrballuar rritjen \u00e7mimeve. &#8211; Nga subvencioni p\u00ebr naft\u00ebn te \u2018Karta Dixhitale e Karburantit\u2019 dhe ndihma p\u00ebr fermer\u00ebt! Ja masat e marra nga qeveria greke p\u00ebr t\u00eb p\u00ebrballuar rritjen \u00e7mimeve","author":"Kurt Farka","date":"March 23, 2026","format":false,"excerpt":"23 Mars 2026 Nj\u00eb paket\u00eb prej kat\u00ebr masash t\u00eb synuara me vler\u00eb totale 300 milion\u00eb euro p\u00ebr periudh\u00ebn prill-maj \u00ebsht\u00eb shpallur nga kryeministri grek Kyriakos Mitsotakis, me q\u00ebllim p\u00ebrballimin e rritjes s\u00eb \u00e7mimeve t\u00eb energjis\u00eb dhe mb\u00ebshtetjen e qytetar\u00ebve dhe sektor\u00ebve ky\u00e7 t\u00eb ekonomis\u00eb. Sipas njoftimit zyrtar, masat p\u00ebrfshijn\u00eb zgjerimin\u2026","rel":"","context":"In &quot;Blogu i Udh\u00ebtarit&quot;","block_context":{"text":"Blogu i Udh\u00ebtarit","link":"https:\/\/www.shqiperia.com\/blog\/category\/blogu-i-udhetarit\/"},"img":{"alt_text":"","src":"https:\/\/i0.wp.com\/www.shqiperia.com\/blog\/wp-content\/uploads\/2026\/03\/micotakis.jpg?fit=978%2C613&ssl=1&resize=350%2C200","width":350,"height":200,"srcset":"https:\/\/i0.wp.com\/www.shqiperia.com\/blog\/wp-content\/uploads\/2026\/03\/micotakis.jpg?fit=978%2C613&ssl=1&resize=350%2C200 1x, https:\/\/i0.wp.com\/www.shqiperia.com\/blog\/wp-content\/uploads\/2026\/03\/micotakis.jpg?fit=978%2C613&ssl=1&resize=525%2C300 1.5x, https:\/\/i0.wp.com\/www.shqiperia.com\/blog\/wp-content\/uploads\/2026\/03\/micotakis.jpg?fit=978%2C613&ssl=1&resize=700%2C400 2x"},"classes":[]},{"id":55671,"url":"https:\/\/www.shqiperia.com\/blog\/250-milione-euro-ka-dhene-be-per-shqiperine-per-rimekembjen-ekonomike-te-vendit-pas-pandemise-nuk-dihet-ku-shkuan\/","url_meta":{"origin":99793,"position":2},"title":"250 milion\u00eb euro ka dh\u00ebn\u00eb BE p\u00ebr Shqip\u00ebrin\u00eb p\u00ebr rim\u00ebk\u00ebmbjen ekonomike t\u00eb vendit pas pandemis\u00eb. Nuk dihet ku shkuan","author":"Kurt Farka","date":"March 20, 2022","format":false,"excerpt":"250 milion\u00eb euro ka dh\u00ebn\u00eb BE p\u00ebr Shqip\u00ebrin\u00eb p\u00ebr rim\u00ebk\u00ebmbjen ekonomike t\u00eb vendit pas pandemis\u00eb. Nuk dihet ku shkuan Lexoni lajmin e dt. 19 mars cfare pohon Soreka. BE premton euro n\u00ebse lufta zgjat, Soreca: Rritja e \u00e7mimeve p\u00ebr shkak t\u00eb luft\u00ebs, jo sanksioneve Nga OraNews 19 Mars 2022 Ambasadori\u2026","rel":"","context":"In &quot;Blogu i Udh\u00ebtarit&quot;","block_context":{"text":"Blogu i Udh\u00ebtarit","link":"https:\/\/www.shqiperia.com\/blog\/category\/blogu-i-udhetarit\/"},"img":{"alt_text":"","src":"https:\/\/i0.wp.com\/www.shqiperia.com\/blog\/wp-content\/uploads\/2022\/03\/Luigi-Soreca.jpg?fit=1200%2C673&ssl=1&resize=350%2C200","width":350,"height":200,"srcset":"https:\/\/i0.wp.com\/www.shqiperia.com\/blog\/wp-content\/uploads\/2022\/03\/Luigi-Soreca.jpg?fit=1200%2C673&ssl=1&resize=350%2C200 1x, https:\/\/i0.wp.com\/www.shqiperia.com\/blog\/wp-content\/uploads\/2022\/03\/Luigi-Soreca.jpg?fit=1200%2C673&ssl=1&resize=525%2C300 1.5x, https:\/\/i0.wp.com\/www.shqiperia.com\/blog\/wp-content\/uploads\/2022\/03\/Luigi-Soreca.jpg?fit=1200%2C673&ssl=1&resize=700%2C400 2x, https:\/\/i0.wp.com\/www.shqiperia.com\/blog\/wp-content\/uploads\/2022\/03\/Luigi-Soreca.jpg?fit=1200%2C673&ssl=1&resize=1050%2C600 3x"},"classes":[]},{"id":96489,"url":"https:\/\/www.shqiperia.com\/blog\/protesta-ne-iran-me-65-te-vdekur-deshmite-tronditese-te-mjekeve-shumica-jane-te-rinj-morgu-i-mbushur\/","url_meta":{"origin":99793,"position":3},"title":"Protesta n\u00eb Iran me 65 t\u00eb vdekur, d\u00ebshmit\u00eb trondit\u00ebse t\u00eb mjek\u00ebve: &#8211; Shumica jan\u00eb t\u00eb rinj, morgu i mbushur\u2026","author":"Kurt Farka","date":"January 11, 2026","format":false,"excerpt":"11 Janar 2026 Stafi i tre spitaleve n\u00eb Iran ka deklaruar se spitalet e tyre jan\u00eb t\u00eb mbipopulluara me pacient\u00eb t\u00eb plagosur dhe t\u00eb vdekur, nd\u00ebrsa protestat masive antiqeveritare vazhdojn\u00eb. Nj\u00eb mjek n\u00eb Teheran raportoi p\u00ebr \u201ct\u00eb sht\u00ebna direkte n\u00eb kokat dhe zemrat e t\u00eb rinjve\u201d, nd\u00ebrsa nj\u00eb spital i\u2026","rel":"","context":"In &quot;Blogu i Udh\u00ebtarit&quot;","block_context":{"text":"Blogu i Udh\u00ebtarit","link":"https:\/\/www.shqiperia.com\/blog\/category\/blogu-i-udhetarit\/"},"img":{"alt_text":"","src":"https:\/\/i0.wp.com\/www.shqiperia.com\/blog\/wp-content\/uploads\/2026\/01\/protestat-iran-dita-11-eskalime-te-medha-2026.jpg?fit=1000%2C563&ssl=1&resize=350%2C200","width":350,"height":200,"srcset":"https:\/\/i0.wp.com\/www.shqiperia.com\/blog\/wp-content\/uploads\/2026\/01\/protestat-iran-dita-11-eskalime-te-medha-2026.jpg?fit=1000%2C563&ssl=1&resize=350%2C200 1x, https:\/\/i0.wp.com\/www.shqiperia.com\/blog\/wp-content\/uploads\/2026\/01\/protestat-iran-dita-11-eskalime-te-medha-2026.jpg?fit=1000%2C563&ssl=1&resize=525%2C300 1.5x, https:\/\/i0.wp.com\/www.shqiperia.com\/blog\/wp-content\/uploads\/2026\/01\/protestat-iran-dita-11-eskalime-te-medha-2026.jpg?fit=1000%2C563&ssl=1&resize=700%2C400 2x"},"classes":[]},{"id":66907,"url":"https:\/\/www.shqiperia.com\/blog\/amerikane-pa-viza-ne-evrope-shqiperia-kryeson-listen-jashte-zones-shengen\/","url_meta":{"origin":99793,"position":4},"title":"Amerikan\u00eb, pa viza n\u00eb Evrop\u00eb? &#8211; Shqip\u00ebria kryeson list\u00ebn jasht\u00eb zon\u00ebs Shengen","author":"Kurt Farka","date":"January 29, 2023","format":false,"excerpt":"29 Janar 2023 Shqip\u00ebria kryeson list\u00ebn e shteteve ku qytetar\u00ebt amerikan\u00eb mund t\u00eb q\u00ebndrojn\u00eb p\u00ebr nj\u00eb koh\u00eb t\u00eb gjat\u00eb pa aplikuar p\u00ebr viz\u00eb. Travel OffPath ka listuar 6 vendet m\u00eb interesante n\u00eb Evrop\u00eb ku p\u00ebrjashtohen ato t\u00eb zon\u00ebs Shengen. Zona Shengen p\u00ebrb\u00ebhet nga 27 vende n\u00eb Evrop\u00eb (23 prej t\u00eb\u2026","rel":"","context":"In &quot;Blogu i Udh\u00ebtarit&quot;","block_context":{"text":"Blogu i Udh\u00ebtarit","link":"https:\/\/www.shqiperia.com\/blog\/category\/blogu-i-udhetarit\/"},"img":{"alt_text":"","src":"https:\/\/i0.wp.com\/www.shqiperia.com\/blog\/wp-content\/uploads\/2023\/01\/000000.jpg?fit=1200%2C800&ssl=1&resize=350%2C200","width":350,"height":200,"srcset":"https:\/\/i0.wp.com\/www.shqiperia.com\/blog\/wp-content\/uploads\/2023\/01\/000000.jpg?fit=1200%2C800&ssl=1&resize=350%2C200 1x, https:\/\/i0.wp.com\/www.shqiperia.com\/blog\/wp-content\/uploads\/2023\/01\/000000.jpg?fit=1200%2C800&ssl=1&resize=525%2C300 1.5x, https:\/\/i0.wp.com\/www.shqiperia.com\/blog\/wp-content\/uploads\/2023\/01\/000000.jpg?fit=1200%2C800&ssl=1&resize=700%2C400 2x, https:\/\/i0.wp.com\/www.shqiperia.com\/blog\/wp-content\/uploads\/2023\/01\/000000.jpg?fit=1200%2C800&ssl=1&resize=1050%2C600 3x"},"classes":[]},{"id":77221,"url":"https:\/\/www.shqiperia.com\/blog\/franca-shkaterroi-dhe-me-pas-riberi-serish-27-milione-monedha-shkak-rregullimi-i-yjeve-ne-flamur\/","url_meta":{"origin":99793,"position":5},"title":"Franca shkat\u00ebrroi dhe m\u00eb pas rib\u00ebri s\u00ebrish 27 milion\u00eb monedha, shkak rregullimi i yjeve n\u00eb flamur","author":"Kurt Farka","date":"January 13, 2024","format":false,"excerpt":"13 Janar 2024 Franca ka shkat\u00ebrruar dhe riformuar 27 milion\u00eb monedha pasi dizajni origjinal nuk u miratua nga Bashkimi Evropian (BE). Shtet\u00ebrorja preu monedha 10, 20 dhe 50 cent euro n\u00eb n\u00ebntor me nj\u00eb model t\u00eb ri, por m\u00eb von\u00eb u konstatua se m\u00ebnyra se si ishin renditur yjet n\u00eb\u2026","rel":"","context":"In &quot;Blogu i Udh\u00ebtarit&quot;","block_context":{"text":"Blogu i Udh\u00ebtarit","link":"https:\/\/www.shqiperia.com\/blog\/category\/blogu-i-udhetarit\/"},"img":{"alt_text":"","src":"https:\/\/i0.wp.com\/www.shqiperia.com\/blog\/wp-content\/uploads\/2024\/01\/monedha-euro.jpg?fit=640%2C349&ssl=1&resize=350%2C200","width":350,"height":200,"srcset":"https:\/\/i0.wp.com\/www.shqiperia.com\/blog\/wp-content\/uploads\/2024\/01\/monedha-euro.jpg?fit=640%2C349&ssl=1&resize=350%2C200 1x, https:\/\/i0.wp.com\/www.shqiperia.com\/blog\/wp-content\/uploads\/2024\/01\/monedha-euro.jpg?fit=640%2C349&ssl=1&resize=525%2C300 1.5x"},"classes":[]}],"_links":{"self":[{"href":"https:\/\/www.shqiperia.com\/blog\/wp-json\/wp\/v2\/posts\/99793","targetHints":{"allow":["GET"]}}],"collection":[{"href":"https:\/\/www.shqiperia.com\/blog\/wp-json\/wp\/v2\/posts"}],"about":[{"href":"https:\/\/www.shqiperia.com\/blog\/wp-json\/wp\/v2\/types\/post"}],"author":[{"embeddable":true,"href":"https:\/\/www.shqiperia.com\/blog\/wp-json\/wp\/v2\/users\/9"}],"replies":[{"embeddable":true,"href":"https:\/\/www.shqiperia.com\/blog\/wp-json\/wp\/v2\/comments?post=99793"}],"version-history":[{"count":1,"href":"https:\/\/www.shqiperia.com\/blog\/wp-json\/wp\/v2\/posts\/99793\/revisions"}],"predecessor-version":[{"id":99795,"href":"https:\/\/www.shqiperia.com\/blog\/wp-json\/wp\/v2\/posts\/99793\/revisions\/99795"}],"wp:featuredmedia":[{"embeddable":true,"href":"https:\/\/www.shqiperia.com\/blog\/wp-json\/wp\/v2\/media\/99794"}],"wp:attachment":[{"href":"https:\/\/www.shqiperia.com\/blog\/wp-json\/wp\/v2\/media?parent=99793"}],"wp:term":[{"taxonomy":"category","embeddable":true,"href":"https:\/\/www.shqiperia.com\/blog\/wp-json\/wp\/v2\/categories?post=99793"},{"taxonomy":"post_tag","embeddable":true,"href":"https:\/\/www.shqiperia.com\/blog\/wp-json\/wp\/v2\/tags?post=99793"}],"curies":[{"name":"wp","href":"https:\/\/api.w.org\/{rel}","templated":true}]}}