{"id":99788,"date":"2026-04-30T23:43:20","date_gmt":"2026-04-30T23:43:20","guid":{"rendered":"https:\/\/www.shqiperia.com\/blog\/?p=99788"},"modified":"2026-04-30T23:43:35","modified_gmt":"2026-04-30T23:43:35","slug":"ne-vend-te-urimit-per-1-majin-diten-e-punetoreve-apo-diten-e-atyre-qe-nuk-kane-ku-te-punojne","status":"publish","type":"post","link":"https:\/\/www.shqiperia.com\/blog\/ne-vend-te-urimit-per-1-majin-diten-e-punetoreve-apo-diten-e-atyre-qe-nuk-kane-ku-te-punojne\/","title":{"rendered":"N\u00eb vend t\u00eb urimit p\u00ebr 1 MAJIN \u2013 DIT\u00cbN E PUN\u00cbTOR\u00cbVE (apo dit\u00ebn e atyre q\u00eb nuk kan\u00eb ku t\u00eb punojn\u00eb)"},"content":{"rendered":"<div class=\"xdj266r x14z9mp xat24cr x1lziwak x1vvkbs x126k92a\"><\/div>\n<div><\/div>\n<div><img data-recalc-dims=\"1\" loading=\"lazy\" decoding=\"async\" data-attachment-id=\"99790\" data-permalink=\"https:\/\/www.shqiperia.com\/blog\/ne-vend-te-urimit-per-1-majin-diten-e-punetoreve-apo-diten-e-atyre-qe-nuk-kane-ku-te-punojne\/684700443_1485149563013518_4635151347408652327_n-2\/\" data-orig-file=\"https:\/\/i0.wp.com\/www.shqiperia.com\/blog\/wp-content\/uploads\/2026\/04\/684700443_1485149563013518_4635151347408652327_n-1.jpg?fit=1402%2C927&amp;ssl=1\" data-orig-size=\"1402,927\" data-comments-opened=\"1\" data-image-meta=\"{&quot;aperture&quot;:&quot;0&quot;,&quot;credit&quot;:&quot;&quot;,&quot;camera&quot;:&quot;&quot;,&quot;caption&quot;:&quot;&quot;,&quot;created_timestamp&quot;:&quot;0&quot;,&quot;copyright&quot;:&quot;&quot;,&quot;focal_length&quot;:&quot;0&quot;,&quot;iso&quot;:&quot;0&quot;,&quot;shutter_speed&quot;:&quot;0&quot;,&quot;title&quot;:&quot;&quot;,&quot;orientation&quot;:&quot;0&quot;}\" data-image-title=\"684700443_1485149563013518_4635151347408652327_n\" data-image-description=\"\" data-image-caption=\"\" data-medium-file=\"https:\/\/i0.wp.com\/www.shqiperia.com\/blog\/wp-content\/uploads\/2026\/04\/684700443_1485149563013518_4635151347408652327_n-1.jpg?fit=300%2C198&amp;ssl=1\" data-large-file=\"https:\/\/i0.wp.com\/www.shqiperia.com\/blog\/wp-content\/uploads\/2026\/04\/684700443_1485149563013518_4635151347408652327_n-1.jpg?fit=1024%2C677&amp;ssl=1\" class=\"alignnone  wp-image-99790\" alt=\"\" src=\"https:\/\/i0.wp.com\/www.shqiperia.com\/blog\/wp-content\/uploads\/2026\/04\/684700443_1485149563013518_4635151347408652327_n-1.jpg?resize=555%2C366&#038;ssl=1\" width=\"555\" height=\"366\" srcset=\"https:\/\/i0.wp.com\/www.shqiperia.com\/blog\/wp-content\/uploads\/2026\/04\/684700443_1485149563013518_4635151347408652327_n-1.jpg?resize=300%2C198&amp;ssl=1 300w, https:\/\/i0.wp.com\/www.shqiperia.com\/blog\/wp-content\/uploads\/2026\/04\/684700443_1485149563013518_4635151347408652327_n-1.jpg?resize=1024%2C677&amp;ssl=1 1024w, https:\/\/i0.wp.com\/www.shqiperia.com\/blog\/wp-content\/uploads\/2026\/04\/684700443_1485149563013518_4635151347408652327_n-1.jpg?resize=768%2C508&amp;ssl=1 768w, https:\/\/i0.wp.com\/www.shqiperia.com\/blog\/wp-content\/uploads\/2026\/04\/684700443_1485149563013518_4635151347408652327_n-1.jpg?resize=450%2C298&amp;ssl=1 450w, https:\/\/i0.wp.com\/www.shqiperia.com\/blog\/wp-content\/uploads\/2026\/04\/684700443_1485149563013518_4635151347408652327_n-1.jpg?resize=600%2C397&amp;ssl=1 600w, https:\/\/i0.wp.com\/www.shqiperia.com\/blog\/wp-content\/uploads\/2026\/04\/684700443_1485149563013518_4635151347408652327_n-1.jpg?resize=1300%2C860&amp;ssl=1 1300w, https:\/\/i0.wp.com\/www.shqiperia.com\/blog\/wp-content\/uploads\/2026\/04\/684700443_1485149563013518_4635151347408652327_n-1.jpg?resize=400%2C264&amp;ssl=1 400w, https:\/\/i0.wp.com\/www.shqiperia.com\/blog\/wp-content\/uploads\/2026\/04\/684700443_1485149563013518_4635151347408652327_n-1.jpg?w=1402&amp;ssl=1 1402w\" sizes=\"auto, (max-width: 555px) 100vw, 555px\" \/><\/div>\n<div class=\"x14z9mp xat24cr x1lziwak x1vvkbs xtlvy1s x126k92a\">\n<div>1 Maji 2026<\/div>\n<div>Nga: <a class=\"x1i10hfl xjbqb8w x1ejq31n x18oe1m7 x1sy0etr xstzfhl x972fbf x10w94by x1qhh985 x14e42zd x9f619 x1ypdohk xt0psk2 x3ct3a4 xdj266r x14z9mp xat24cr x1lziwak xexx8yu xyri2b x18d9i69 x1c1uobl x16tdsg8 x1hl2dhg xggy1nq x1a2a7pz xkrqix3 x1sur9pj xzsf02u x1s688f\" href=\"https:\/\/www.facebook.com\/nexhat.cocaj.9?__cft__[0]=AZYOT6pWJdAjJklMESKSfUWck6rYgSna-dnjCNFx8Xej5hysuCbFEP7qn4CkZ3hv_95GIJ6b9rCBwRaUqARW0oaIYhSy5Xt8odiGhLvXsN-JMtx25eRbiHpcrzcPb56efw-mLN_xdmDdtuKg4ofCv1ckBYzdIGVO0cposmftK7zVZw&amp;__tn__=-UC%2CP-R\"><b class=\"html-b xdj266r x14z9mp xat24cr x1lziwak xexx8yu xyri2b x18d9i69 x1c1uobl x1hl2dhg x16tdsg8 x1vvkbs x1s688f\"><span class=\"xt0psk2\"><span class=\"xjp7ctv\"><span><span class=\"html-span xdj266r x14z9mp xat24cr x1lziwak xexx8yu xyri2b x18d9i69 x1c1uobl x1hl2dhg x16tdsg8 x1vvkbs\">Nexhat \u00c7o\u00e7aj<\/span><\/span><\/span><\/span><\/b><\/a><\/div>\n<\/div>\n<div class=\"x14z9mp xat24cr x1lziwak x1vvkbs xtlvy1s x126k92a\">\n<div>Sot \u00ebsht\u00eb 1 Maji.<\/div>\n<div>Dita nd\u00ebrkomb\u00ebtare e pun\u00ebtor\u00ebve.<\/div>\n<div>Dita kur festohet puna\u2026 n\u00eb nj\u00eb vend ku puna \u00ebsht\u00eb b\u00ebr\u00eb luks, nd\u00ebrsa papun\u00ebsia norm\u00eb.<\/div>\n<div>N\u00eb Kosov\u00eb, kjo dit\u00eb festohet ndryshe.<\/div>\n<div>Jo me parada pun\u00ebtor\u00ebsh, por me radh\u00eb p\u00ebr ta l\u00ebshuar vendin.<\/div>\n<div>1 Maji festohet tene:<\/div>\n<div>Jo me krenari p\u00ebr prodhim, por me valixhe t\u00eb mbushura me zhg\u00ebnjim.<\/div>\n<div>Jo me kontrata pune, por me bileta nj\u00ebdrejtim\u00ebshe p\u00ebr Per\u00ebndim.<\/div>\n<div>Sepse k\u00ebtu, \u00e7do dit\u00eb q\u00eb kalon, nuk ikin vet\u00ebm njer\u00ebzit, ik\u00ebn besimi, ik\u00ebn durimi, ik\u00ebn shpresa.<\/div>\n<div>Dikur thuhej se m\u00ebrgimi ishte sakrific\u00eb p\u00ebr familjen. M\u00ebrgimtar\u00ebt dikur ishin ambasador\u00eb, sot as vet s&#8217;e din\u00eb se \u00e7far\u00eb jan\u00eb: i sh\u00ebrbejn\u00eb familjes, apo politik\u00ebs&#8230;<\/div>\n<div>Sot \u00ebsht\u00eb shp\u00ebtim nga realiteti.<\/div>\n<div>Dikur pritej kthimi.<\/div>\n<div>Sot pritet vet\u00ebm largimi.<\/div>\n<div>E nd\u00ebrkoh\u00eb, ne vazhdojm\u00eb ta festojm\u00eb 1 Majin\u2026 si nj\u00eb kujtim t\u00eb nj\u00eb jete q\u00eb nuk e jetuam kurr\u00eb.<\/div>\n<div>N\u00eb k\u00ebt\u00eb realitet absurd, m\u00eb kujtohet nj\u00eb mendim i gjeniut popullor:<\/div>\n<div>\u201cKujt i ndodh nj\u00eb vdekje n\u00eb sht\u00ebpi, do t\u00eb qaj\u00eb nj\u00eb dit\u00eb; nd\u00ebrsa kujt i ndodh nj\u00eb i \u00e7mendur n\u00eb sht\u00ebpi, do t\u00eb qaj\u00eb p\u00ebr \u00e7do dit\u00eb.\u201d<\/div>\n<div>Kosova nuk po p\u00ebrballet me nj\u00eb fatkeq\u00ebsi t\u00eb vetme, por me nj\u00eb gjendje q\u00eb p\u00ebrs\u00ebritet \u00e7do dit\u00eb.<\/div>\n<div>Nj\u00eb plag\u00eb q\u00eb nuk mbyllet.<\/div>\n<div>Nj\u00eb dhimbje q\u00eb nuk kalon.<\/div>\n<div>Sepse kur shpresa vdes \u00e7do dit\u00eb,<\/div>\n<div>at\u00ebher\u00eb jeta nuk \u00ebsht\u00eb m\u00eb jet\u00eb,<\/div>\n<div>por nj\u00eb pritje e gjat\u00eb p\u00ebr t\u2019u larguar.<\/div>\n<\/div>\n<div class=\"x14z9mp xat24cr x1lziwak x1vvkbs xtlvy1s x126k92a\">\n<div>G\u00ebzuar 1 Maji\u2026atyre q\u00eb ende presin t\u00eb jetojn\u00eb k\u00ebtu n\u00eb Kosov\u00eb<\/div>\n<div>Dhe atyre q\u00eb e kan\u00eb kuptuar se p\u00ebr t\u00eb jetuar, duhet t\u00eb ikin.<\/div>\n<\/div>\n","protected":false},"excerpt":{"rendered":"<p>1 Maji 2026 Nga: Nexhat \u00c7o\u00e7aj Sot \u00ebsht\u00eb 1 Maji. Dita nd\u00ebrkomb\u00ebtare e pun\u00ebtor\u00ebve. Dita kur festohet puna\u2026 n\u00eb nj\u00eb vend ku puna \u00ebsht\u00eb b\u00ebr\u00eb luks, nd\u00ebrsa papun\u00ebsia norm\u00eb. N\u00eb Kosov\u00eb, kjo dit\u00eb festohet ndryshe. Jo me parada pun\u00ebtor\u00ebsh, por me radh\u00eb p\u00ebr ta l\u00ebshuar vendin. 1 Maji festohet tene: Jo me krenari p\u00ebr prodhim, [&hellip;]<\/p>\n","protected":false},"author":9,"featured_media":99790,"comment_status":"open","ping_status":"open","sticky":false,"template":"","format":"standard","meta":{"jetpack_post_was_ever_published":false,"_jetpack_newsletter_access":"","_jetpack_dont_email_post_to_subs":false,"_jetpack_newsletter_tier_id":0,"_jetpack_memberships_contains_paywalled_content":false,"_jetpack_memberships_contains_paid_content":false,"footnotes":"","jetpack_publicize_message":"","jetpack_publicize_feature_enabled":true,"jetpack_social_post_already_shared":true,"jetpack_social_options":{"image_generator_settings":{"template":"highway","default_image_id":0,"font":"","enabled":false},"version":2}},"categories":[2,35],"tags":[],"class_list":["post-99788","post","type-post","status-publish","format-standard","has-post-thumbnail","hentry","category-politika","category-shoqerore"],"jetpack_publicize_connections":[],"jetpack_featured_media_url":"https:\/\/i0.wp.com\/www.shqiperia.com\/blog\/wp-content\/uploads\/2026\/04\/684700443_1485149563013518_4635151347408652327_n-1.jpg?fit=1402%2C927&ssl=1","jetpack_sharing_enabled":true,"jetpack_shortlink":"https:\/\/wp.me\/p5Z6wp-pXu","jetpack-related-posts":[{"id":88279,"url":"https:\/\/www.shqiperia.com\/blog\/nis-operacioni-kck-deputete-dhe-ministra-socialiste-mesyjne-ne-athine-per-te-regjistruar-emigrantet\/","url_meta":{"origin":99788,"position":0},"title":"Nis operacioni &#8220;K\u00c7K&#8221; &#8211; Deputet\u00eb dhe ministra socialist\u00eb m\u00ebsyjn\u00eb n\u00eb Athin\u00eb p\u00ebr t\u00eb &#8220;regjistruar&#8221; emigrant\u00ebt","author":"Kurt Farka","date":"January 12, 2025","format":false,"excerpt":"12 Janar 2025 \"Kap \u00e7far\u00eb t\u00eb kap\u00ebsh\", ose kap k\u00eb t\u00eb mundesh nga shqiptar\u00ebt q\u00eb jetojn\u00eb e punojn\u00eb jasht\u00eb atdheut t\u00eb tyre. Esht\u00eb kjo parrulla e socialist\u00ebve q\u00eb n\u00eb dit\u00ebn e par\u00eb t\u00eb nisjes s\u00eb regjistrimit t\u00eb emigrant\u00ebve n\u00eb kuad\u00ebr t\u00eb zgjedhjeve parlamentare. Sot nj\u00eb grup i madh i drejtuesve\u2026","rel":"","context":"In &quot;Blogu i Udh\u00ebtarit&quot;","block_context":{"text":"Blogu i Udh\u00ebtarit","link":"https:\/\/www.shqiperia.com\/blog\/category\/blogu-i-udhetarit\/"},"img":{"alt_text":"","src":"https:\/\/i0.wp.com\/www.shqiperia.com\/blog\/wp-content\/uploads\/2025\/01\/640-0-eec4f57b1bef097774677fa86cf47111.jpg?fit=640%2C336&ssl=1&resize=350%2C200","width":350,"height":200,"srcset":"https:\/\/i0.wp.com\/www.shqiperia.com\/blog\/wp-content\/uploads\/2025\/01\/640-0-eec4f57b1bef097774677fa86cf47111.jpg?fit=640%2C336&ssl=1&resize=350%2C200 1x, https:\/\/i0.wp.com\/www.shqiperia.com\/blog\/wp-content\/uploads\/2025\/01\/640-0-eec4f57b1bef097774677fa86cf47111.jpg?fit=640%2C336&ssl=1&resize=525%2C300 1.5x"},"classes":[]},{"id":57643,"url":"https:\/\/www.shqiperia.com\/blog\/shkodra-feston-diten-e-luleve-6-maji-kthehet-ne-tradite\/","url_meta":{"origin":99788,"position":1},"title":"Shkodra feston dit\u00ebn e luleve, 6 maji kthehet n\u00eb tradit\u00eb","author":"Kurt Farka","date":"May 6, 2022","format":false,"excerpt":"Shkodra feston dit\u00ebn e luleve, 6 maji kthehet n\u00eb tradit\u00eb 6 Maj 2022 Shkodran\u00ebt festojn\u00eb prej 30 vitesh mes lulesh e k\u00ebng\u00ebsh ardhjen e pranver\u00ebs. 6 Maji \u00ebsht\u00eb kthyer tashme n\u00eb nj\u00eb fest\u00eb tradicionale q\u00eb prej vitesh b\u00ebn bashk\u00eb t\u00eb vegj\u00ebl dhe t\u00eb m\u00ebdhenj, ku t\u00eb gjith\u00eb i k\u00ebndojn\u00eb luleve\u2026","rel":"","context":"In &quot;Blogu i Udh\u00ebtarit&quot;","block_context":{"text":"Blogu i Udh\u00ebtarit","link":"https:\/\/www.shqiperia.com\/blog\/category\/blogu-i-udhetarit\/"},"img":{"alt_text":"","src":"https:\/\/i0.wp.com\/www.shqiperia.com\/blog\/wp-content\/uploads\/2022\/05\/Shkodra-feston-diten-e-luleve-6-maji-kthehet-ne-tradite-4.jpg?fit=800%2C471&ssl=1&resize=350%2C200","width":350,"height":200,"srcset":"https:\/\/i0.wp.com\/www.shqiperia.com\/blog\/wp-content\/uploads\/2022\/05\/Shkodra-feston-diten-e-luleve-6-maji-kthehet-ne-tradite-4.jpg?fit=800%2C471&ssl=1&resize=350%2C200 1x, https:\/\/i0.wp.com\/www.shqiperia.com\/blog\/wp-content\/uploads\/2022\/05\/Shkodra-feston-diten-e-luleve-6-maji-kthehet-ne-tradite-4.jpg?fit=800%2C471&ssl=1&resize=525%2C300 1.5x, https:\/\/i0.wp.com\/www.shqiperia.com\/blog\/wp-content\/uploads\/2022\/05\/Shkodra-feston-diten-e-luleve-6-maji-kthehet-ne-tradite-4.jpg?fit=800%2C471&ssl=1&resize=700%2C400 2x"},"classes":[]},{"id":71762,"url":"https:\/\/www.shqiperia.com\/blog\/ne-nje-vend-ku-te-burgosurit-votojne-100-qeverine-nuk-ka-demokraci\/","url_meta":{"origin":99788,"position":2},"title":"N\u00eb nj\u00eb vend ku t\u00eb burgosurit votojn\u00eb 100 % qeverin\u00eb, nuk ka demokraci","author":"Kurt Farka","date":"May 26, 2023","format":false,"excerpt":"26 Maji 2023 Analisti Fatos Lubonja, \u00ebsht\u00eb shprehur se n\u00eb Shqip\u00ebri nuk ka demokraci, por regjim t\u00eb kryeministrit Edi Rama. Komentet Lubonja i b\u00ebri teksa ishte i ftuar n\u00eb emisionin \u201cOpen\u201d n\u00eb News 24, ku tha se Rama ka k\u00ebrc\u00ebnuar qytetar\u00ebt p\u00ebr t\u00eb mos marr\u00eb pjes\u00eb n\u00eb zgjedhjet lokale t\u00eb\u2026","rel":"","context":"In &quot;Blogu i Udh\u00ebtarit&quot;","block_context":{"text":"Blogu i Udh\u00ebtarit","link":"https:\/\/www.shqiperia.com\/blog\/category\/blogu-i-udhetarit\/"},"img":{"alt_text":"","src":"https:\/\/i0.wp.com\/www.shqiperia.com\/blog\/wp-content\/uploads\/2023\/05\/800-0-64457fcd33205-1.jpg?fit=800%2C427&ssl=1&resize=350%2C200","width":350,"height":200,"srcset":"https:\/\/i0.wp.com\/www.shqiperia.com\/blog\/wp-content\/uploads\/2023\/05\/800-0-64457fcd33205-1.jpg?fit=800%2C427&ssl=1&resize=350%2C200 1x, https:\/\/i0.wp.com\/www.shqiperia.com\/blog\/wp-content\/uploads\/2023\/05\/800-0-64457fcd33205-1.jpg?fit=800%2C427&ssl=1&resize=525%2C300 1.5x, https:\/\/i0.wp.com\/www.shqiperia.com\/blog\/wp-content\/uploads\/2023\/05\/800-0-64457fcd33205-1.jpg?fit=800%2C427&ssl=1&resize=700%2C400 2x"},"classes":[]},{"id":80839,"url":"https:\/\/www.shqiperia.com\/blog\/mes-syte-nga-te-huajt-por-ne-shqiperi-ka-me-pak-se-10-mije-qe-punojne-1-e-totalit\/","url_meta":{"origin":99788,"position":3},"title":"Mes syt\u00eb nga t\u00eb huajt, por n\u00eb Shqip\u00ebri ka m\u00eb pak se 10 mij\u00eb q\u00eb punojn\u00eb, 1% e totalit","author":"Kurt Farka","date":"May 9, 2024","format":false,"excerpt":"9 Maji 2024 Me ikjen e forc\u00ebs pun\u00ebtore n\u00eb emigrim, sidomos t\u00eb t\u00eb rinjve, \u201cshpresa\u201d e bizneseve, por edhe e qeveris\u00eb ishte te punonj\u00ebsit e huaj. Prej m\u00eb shum\u00eb se tre vitesh, sip\u00ebrmarrjet po tentojn\u00eb t\u00eb sjellin punonj\u00ebs t\u00eb huaj, por n\u00eb pjes\u00ebn m\u00eb t\u00eb madhe ky ka rezultuar nj\u00eb\u2026","rel":"","context":"In &quot;Blogu i Udh\u00ebtarit&quot;","block_context":{"text":"Blogu i Udh\u00ebtarit","link":"https:\/\/www.shqiperia.com\/blog\/category\/blogu-i-udhetarit\/"},"img":{"alt_text":"","src":"https:\/\/i0.wp.com\/www.shqiperia.com\/blog\/wp-content\/uploads\/2024\/05\/640-0-7d738fc058f3ed401aa8e9a281abf6ab.jpg?fit=640%2C427&ssl=1&resize=350%2C200","width":350,"height":200,"srcset":"https:\/\/i0.wp.com\/www.shqiperia.com\/blog\/wp-content\/uploads\/2024\/05\/640-0-7d738fc058f3ed401aa8e9a281abf6ab.jpg?fit=640%2C427&ssl=1&resize=350%2C200 1x, https:\/\/i0.wp.com\/www.shqiperia.com\/blog\/wp-content\/uploads\/2024\/05\/640-0-7d738fc058f3ed401aa8e9a281abf6ab.jpg?fit=640%2C427&ssl=1&resize=525%2C300 1.5x"},"classes":[]},{"id":40323,"url":"https:\/\/www.shqiperia.com\/blog\/ministria-kulturen-e-ben-me-thenie-ne-facebook-flet-arben-derhemi\/","url_meta":{"origin":99788,"position":4},"title":"Ministria, kultur\u00ebn e b\u00ebn me th\u00ebnie n\u00eb facebook. Flet Arben Derhemi.","author":"Kurt Farka","date":"October 31, 2020","format":false,"excerpt":"Ministria, kultur\u00ebn e b\u00ebn me th\u00ebnie n\u00eb facebook. Flet Arben Derhemi. Aktori Arben Derhemi kritikon hapur ministren e Kultur\u00ebs p\u00ebr kriz\u00ebn e artit n\u00eb Shqip\u00ebri. Sipas tij, Ministria e Kultur\u00ebs nuk ka politika afatgjata p\u00ebr mb\u00ebshtetjen e artit n\u00eb vend. Derhemi shpreh keqardhjen se artist\u00ebt jan\u00eb p\u00ebr\u00e7ar\u00eb nga politika. Nga:\u2026","rel":"","context":"In &quot;Blogu i Udh\u00ebtarit&quot;","block_context":{"text":"Blogu i Udh\u00ebtarit","link":"https:\/\/www.shqiperia.com\/blog\/category\/blogu-i-udhetarit\/"},"img":{"alt_text":"","src":"https:\/\/i0.wp.com\/www.shqiperia.com\/blog\/wp-content\/uploads\/2020\/10\/Arben-DERHEMI.jpg?fit=780%2C440&ssl=1&resize=350%2C200","width":350,"height":200,"srcset":"https:\/\/i0.wp.com\/www.shqiperia.com\/blog\/wp-content\/uploads\/2020\/10\/Arben-DERHEMI.jpg?fit=780%2C440&ssl=1&resize=350%2C200 1x, https:\/\/i0.wp.com\/www.shqiperia.com\/blog\/wp-content\/uploads\/2020\/10\/Arben-DERHEMI.jpg?fit=780%2C440&ssl=1&resize=525%2C300 1.5x, https:\/\/i0.wp.com\/www.shqiperia.com\/blog\/wp-content\/uploads\/2020\/10\/Arben-DERHEMI.jpg?fit=780%2C440&ssl=1&resize=700%2C400 2x"},"classes":[]},{"id":88300,"url":"https:\/\/www.shqiperia.com\/blog\/reforma-shqiptaret-ne-burg-per-faturat-veliaj-dhe-balla-mes-kolegesh\/","url_meta":{"origin":99788,"position":5},"title":"&#8220;Reforma&#8221;, shqiptar\u00ebt n\u00eb burg p\u00ebr faturat&#8230; Veliaj dhe Balla mes &#8220;Koleg\u00ebsh&#8221;","author":"Kurt Farka","date":"January 12, 2025","format":false,"excerpt":"Nga Avni Nezaj A e mbani mend pak vite me par\u00eb kur Edi Rama mori drejtimin e qeveris\u00eb pas 2013 e Policia e Shtetit bashk\u00eb me institucionet e drejt\u00ebsis\u00eb nuk lan\u00eb burr\u00eb e grua pa arrestuar vet\u00ebm p\u00ebr borxhet q\u00eb k\u00ebta burra dhe gra i kishin OSHEE dhe uj\u00ebsjell\u00ebsve t\u00eb\u2026","rel":"","context":"In &quot;Blogu i Udh\u00ebtarit&quot;","block_context":{"text":"Blogu i Udh\u00ebtarit","link":"https:\/\/www.shqiperia.com\/blog\/category\/blogu-i-udhetarit\/"},"img":{"alt_text":"","src":"https:\/\/i0.wp.com\/www.shqiperia.com\/blog\/wp-content\/uploads\/2025\/01\/640-0-1698408151xxxxxxxxx-911.jpg?fit=640%2C375&ssl=1&resize=350%2C200","width":350,"height":200,"srcset":"https:\/\/i0.wp.com\/www.shqiperia.com\/blog\/wp-content\/uploads\/2025\/01\/640-0-1698408151xxxxxxxxx-911.jpg?fit=640%2C375&ssl=1&resize=350%2C200 1x, https:\/\/i0.wp.com\/www.shqiperia.com\/blog\/wp-content\/uploads\/2025\/01\/640-0-1698408151xxxxxxxxx-911.jpg?fit=640%2C375&ssl=1&resize=525%2C300 1.5x"},"classes":[]}],"_links":{"self":[{"href":"https:\/\/www.shqiperia.com\/blog\/wp-json\/wp\/v2\/posts\/99788","targetHints":{"allow":["GET"]}}],"collection":[{"href":"https:\/\/www.shqiperia.com\/blog\/wp-json\/wp\/v2\/posts"}],"about":[{"href":"https:\/\/www.shqiperia.com\/blog\/wp-json\/wp\/v2\/types\/post"}],"author":[{"embeddable":true,"href":"https:\/\/www.shqiperia.com\/blog\/wp-json\/wp\/v2\/users\/9"}],"replies":[{"embeddable":true,"href":"https:\/\/www.shqiperia.com\/blog\/wp-json\/wp\/v2\/comments?post=99788"}],"version-history":[{"count":2,"href":"https:\/\/www.shqiperia.com\/blog\/wp-json\/wp\/v2\/posts\/99788\/revisions"}],"predecessor-version":[{"id":99792,"href":"https:\/\/www.shqiperia.com\/blog\/wp-json\/wp\/v2\/posts\/99788\/revisions\/99792"}],"wp:featuredmedia":[{"embeddable":true,"href":"https:\/\/www.shqiperia.com\/blog\/wp-json\/wp\/v2\/media\/99790"}],"wp:attachment":[{"href":"https:\/\/www.shqiperia.com\/blog\/wp-json\/wp\/v2\/media?parent=99788"}],"wp:term":[{"taxonomy":"category","embeddable":true,"href":"https:\/\/www.shqiperia.com\/blog\/wp-json\/wp\/v2\/categories?post=99788"},{"taxonomy":"post_tag","embeddable":true,"href":"https:\/\/www.shqiperia.com\/blog\/wp-json\/wp\/v2\/tags?post=99788"}],"curies":[{"name":"wp","href":"https:\/\/api.w.org\/{rel}","templated":true}]}}