{"id":99783,"date":"2026-04-30T21:45:20","date_gmt":"2026-04-30T21:45:20","guid":{"rendered":"https:\/\/www.shqiperia.com\/blog\/?p=99783"},"modified":"2026-04-30T21:45:20","modified_gmt":"2026-04-30T21:45:20","slug":"takohen-lumir-abdixhiku-dhe-vjosa-osmani","status":"publish","type":"post","link":"https:\/\/www.shqiperia.com\/blog\/takohen-lumir-abdixhiku-dhe-vjosa-osmani\/","title":{"rendered":"Takohen Lumir Abdixhiku dhe Vjosa Osmani"},"content":{"rendered":"<p><img data-recalc-dims=\"1\" loading=\"lazy\" decoding=\"async\" data-attachment-id=\"99784\" data-permalink=\"https:\/\/www.shqiperia.com\/blog\/takohen-lumir-abdixhiku-dhe-vjosa-osmani\/auto_lumjir-vjosa-presidence1777573937\/\" data-orig-file=\"https:\/\/i0.wp.com\/www.shqiperia.com\/blog\/wp-content\/uploads\/2026\/04\/auto_lumjir-vjosa-presidence1777573937.jpg?fit=900%2C601&amp;ssl=1\" data-orig-size=\"900,601\" data-comments-opened=\"1\" data-image-meta=\"{&quot;aperture&quot;:&quot;0&quot;,&quot;credit&quot;:&quot;&quot;,&quot;camera&quot;:&quot;&quot;,&quot;caption&quot;:&quot;&quot;,&quot;created_timestamp&quot;:&quot;0&quot;,&quot;copyright&quot;:&quot;&quot;,&quot;focal_length&quot;:&quot;0&quot;,&quot;iso&quot;:&quot;0&quot;,&quot;shutter_speed&quot;:&quot;0&quot;,&quot;title&quot;:&quot;&quot;,&quot;orientation&quot;:&quot;0&quot;}\" data-image-title=\"auto_lumjir-vjosa-presidence1777573937\" data-image-description=\"\" data-image-caption=\"\" data-medium-file=\"https:\/\/i0.wp.com\/www.shqiperia.com\/blog\/wp-content\/uploads\/2026\/04\/auto_lumjir-vjosa-presidence1777573937.jpg?fit=300%2C200&amp;ssl=1\" data-large-file=\"https:\/\/i0.wp.com\/www.shqiperia.com\/blog\/wp-content\/uploads\/2026\/04\/auto_lumjir-vjosa-presidence1777573937.jpg?fit=900%2C601&amp;ssl=1\" class=\"alignnone  wp-image-99784\" alt=\"\" src=\"https:\/\/i0.wp.com\/www.shqiperia.com\/blog\/wp-content\/uploads\/2026\/04\/auto_lumjir-vjosa-presidence1777573937.jpg?resize=569%2C379&#038;ssl=1\" width=\"569\" height=\"379\" srcset=\"https:\/\/i0.wp.com\/www.shqiperia.com\/blog\/wp-content\/uploads\/2026\/04\/auto_lumjir-vjosa-presidence1777573937.jpg?resize=300%2C200&amp;ssl=1 300w, https:\/\/i0.wp.com\/www.shqiperia.com\/blog\/wp-content\/uploads\/2026\/04\/auto_lumjir-vjosa-presidence1777573937.jpg?resize=768%2C513&amp;ssl=1 768w, https:\/\/i0.wp.com\/www.shqiperia.com\/blog\/wp-content\/uploads\/2026\/04\/auto_lumjir-vjosa-presidence1777573937.jpg?resize=600%2C401&amp;ssl=1 600w, https:\/\/i0.wp.com\/www.shqiperia.com\/blog\/wp-content\/uploads\/2026\/04\/auto_lumjir-vjosa-presidence1777573937.jpg?resize=450%2C301&amp;ssl=1 450w, https:\/\/i0.wp.com\/www.shqiperia.com\/blog\/wp-content\/uploads\/2026\/04\/auto_lumjir-vjosa-presidence1777573937.jpg?resize=400%2C267&amp;ssl=1 400w, https:\/\/i0.wp.com\/www.shqiperia.com\/blog\/wp-content\/uploads\/2026\/04\/auto_lumjir-vjosa-presidence1777573937.jpg?w=900&amp;ssl=1 900w\" sizes=\"auto, (max-width: 569px) 100vw, 569px\" \/><\/p>\n<p>30 Prill 2026<\/p>\n<p>Kryetari i LDK-s\u00eb, Lumir Abdixhiku dhe ish-presidentja Vjosa Osmani po zhvillojn\u00eb takim sonte n\u00eb nj\u00eb restorant n\u00eb Prishtin\u00eb, rrug\u00ebs p\u00ebr G\u00ebrmi, si\u00e7 shihet edhe n\u00eb k\u00ebt\u00eb fotografi, t\u00eb siguruar nga KosovaPress.<\/p>\n<p>Abdixhiku tashm\u00eb e ka b\u00ebr\u00eb publike q\u00ebndrimin partiak p\u00ebr kthimin e Osmanit n\u00eb LDK.<\/p>\n<p>Nd\u00ebrkoh\u00eb, Osmani koh\u00ebt e fundit i ka intensifikuar takimet me qytetar\u00eb, por ende<\/p>\n<p>nuk \u00ebsht\u00eb deklaruar se a do t\u2019i bashkohet LDK-s\u00eb n\u00eb zgjedhjet e 7 qershorit.<\/p>\n","protected":false},"excerpt":{"rendered":"<p>30 Prill 2026 Kryetari i LDK-s\u00eb, Lumir Abdixhiku dhe ish-presidentja Vjosa Osmani po zhvillojn\u00eb takim sonte n\u00eb nj\u00eb restorant n\u00eb Prishtin\u00eb, rrug\u00ebs p\u00ebr G\u00ebrmi, si\u00e7 shihet edhe n\u00eb k\u00ebt\u00eb fotografi, t\u00eb siguruar nga KosovaPress. Abdixhiku tashm\u00eb e ka b\u00ebr\u00eb publike q\u00ebndrimin partiak p\u00ebr kthimin e Osmanit n\u00eb LDK. Nd\u00ebrkoh\u00eb, Osmani koh\u00ebt e fundit i ka [&hellip;]<\/p>\n","protected":false},"author":9,"featured_media":99784,"comment_status":"open","ping_status":"open","sticky":false,"template":"","format":"standard","meta":{"jetpack_post_was_ever_published":false,"_jetpack_newsletter_access":"","_jetpack_dont_email_post_to_subs":false,"_jetpack_newsletter_tier_id":0,"_jetpack_memberships_contains_paywalled_content":false,"_jetpack_memberships_contains_paid_content":false,"footnotes":"","jetpack_publicize_message":"","jetpack_publicize_feature_enabled":true,"jetpack_social_post_already_shared":true,"jetpack_social_options":{"image_generator_settings":{"template":"highway","default_image_id":0,"font":"","enabled":false},"version":2}},"categories":[1],"tags":[],"class_list":["post-99783","post","type-post","status-publish","format-standard","has-post-thumbnail","hentry","category-njoftime-shtypi"],"jetpack_publicize_connections":[],"jetpack_featured_media_url":"https:\/\/i0.wp.com\/www.shqiperia.com\/blog\/wp-content\/uploads\/2026\/04\/auto_lumjir-vjosa-presidence1777573937.jpg?fit=900%2C601&ssl=1","jetpack_sharing_enabled":true,"jetpack_shortlink":"https:\/\/wp.me\/p5Z6wp-pXp","jetpack-related-posts":[{"id":66437,"url":"https:\/\/www.shqiperia.com\/blog\/kosove-gjermanet-zbulojne-planifikimin-e-atentatit-ndaj-kreut-te-ldk\/","url_meta":{"origin":99783,"position":0},"title":"Kosov\u00eb: &#8211; Gjerman\u00ebt zbulojn\u00eb planifikimin e atentatit ndaj kreut t\u00eb LDK &#8230;","author":"Kurt Farka","date":"January 19, 2023","format":false,"excerpt":"19 Janar 2023 Nga OraNews Mediat e Kosov\u00ebs kan\u00eb raportuar mbr\u00ebmjen e sotme se ishte planifikuar nj\u00eb atentat me sh\u00ebnjest\u00ebr kreun dhe disa deputet\u00eb t\u00eb Lidhjes Demokratike t\u00eb Kosov\u00ebs. N\u00eb lidhje me ngjarjen kan\u00eb reaguar autoritetet policore t\u00eb Kosov\u00ebs, t\u00eb cilat kan\u00eb b\u00ebr\u00eb me dije detaje n\u00eb lidhje me ngjarjen.\u2026","rel":"","context":"In &quot;Blogu i Udh\u00ebtarit&quot;","block_context":{"text":"Blogu i Udh\u00ebtarit","link":"https:\/\/www.shqiperia.com\/blog\/category\/blogu-i-udhetarit\/"},"img":{"alt_text":"","src":"https:\/\/i0.wp.com\/www.shqiperia.com\/blog\/wp-content\/uploads\/2023\/01\/640-0-capture-126-1674074916.jpg?fit=640%2C368&ssl=1&resize=350%2C200","width":350,"height":200,"srcset":"https:\/\/i0.wp.com\/www.shqiperia.com\/blog\/wp-content\/uploads\/2023\/01\/640-0-capture-126-1674074916.jpg?fit=640%2C368&ssl=1&resize=350%2C200 1x, https:\/\/i0.wp.com\/www.shqiperia.com\/blog\/wp-content\/uploads\/2023\/01\/640-0-capture-126-1674074916.jpg?fit=640%2C368&ssl=1&resize=525%2C300 1.5x"},"classes":[]},{"id":61385,"url":"https:\/\/www.shqiperia.com\/blog\/escobar-dhe-lajcak-ne-kosove-sot-takimi-me-perfaqesuesit-e-opozites-zbardhet-axhenda\/","url_meta":{"origin":99783,"position":1},"title":"Escobar dhe Laj\u00e7ak n\u00eb Kosov\u00eb\/ Sot takimi me p\u00ebrfaq\u00ebsuesit e opozit\u00ebs, zbardhet axhenda","author":"Kurt Farka","date":"August 24, 2022","format":false,"excerpt":"24 Gusht 2022 Dit\u00ebn e sotme do t\u00eb vijojn\u00eb takimet mes t\u00eb d\u00ebrguarit Miroslav Laj\u00e7ak dhe Gabriel Escobar dhe zyrtar\u00ebve n\u00eb Prishtin\u00eb. M\u00ebsohet se n\u00eb or\u00ebn 16:00 n\u00eb Zyr\u00ebn e BE-s\u00eb n\u00eb Prishtin\u00eb, Laj\u00e7ak do t\u00eb jet\u00eb mikprit\u00ebsi i takimit me opozit\u00ebn. Gazeta Express b\u00ebn me dije se bashk\u00eb me\u2026","rel":"","context":"In &quot;Blogu i Udh\u00ebtarit&quot;","block_context":{"text":"Blogu i Udh\u00ebtarit","link":"https:\/\/www.shqiperia.com\/blog\/category\/blogu-i-udhetarit\/"},"img":{"alt_text":"","src":"https:\/\/i0.wp.com\/www.shqiperia.com\/blog\/wp-content\/uploads\/2022\/08\/640-0-6305d45aac011.jpeg?fit=640%2C360&ssl=1&resize=350%2C200","width":350,"height":200,"srcset":"https:\/\/i0.wp.com\/www.shqiperia.com\/blog\/wp-content\/uploads\/2022\/08\/640-0-6305d45aac011.jpeg?fit=640%2C360&ssl=1&resize=350%2C200 1x, https:\/\/i0.wp.com\/www.shqiperia.com\/blog\/wp-content\/uploads\/2022\/08\/640-0-6305d45aac011.jpeg?fit=640%2C360&ssl=1&resize=525%2C300 1.5x"},"classes":[]},{"id":50125,"url":"https:\/\/www.shqiperia.com\/blog\/edi-rama-neser-vizite-zyrtare-ne-kosove-ja-axhenda\/","url_meta":{"origin":99783,"position":2},"title":"Edi Rama nes\u00ebr vizit\u00eb zyrtare n\u00eb Kosov\u00eb, ja axhenda.","author":"Kurt Farka","date":"September 26, 2021","format":false,"excerpt":"Edi Rama nes\u00ebr vizit\u00eb zyrtare n\u00eb Kosov\u00eb, ja axhenda. - 26.09.21 Rama viziton Kosov\u00ebn pas kthimit nga SHBA ku mori pjes\u00eb n\u00eb Asamblen\u00eb e OKB-s\u00eb. Bashk\u00eb me Ram\u00ebn do t\u00eb jet\u00eb edhe nj\u00eb pjes\u00eb e kabinetit qeveritar. Vizita e Ram\u00ebs zhvillohet pas ftes\u00ebs s\u00eb Kurtit, kur ky i fundit e\u2026","rel":"","context":"In &quot;Njoftime Shtypi&quot;","block_context":{"text":"Njoftime Shtypi","link":"https:\/\/www.shqiperia.com\/blog\/category\/njoftime-shtypi\/"},"img":{"alt_text":"","src":"https:\/\/i0.wp.com\/www.shqiperia.com\/blog\/wp-content\/uploads\/2021\/09\/kurti-rama6-scaled-1-780x439-770x433-1.jpg?fit=770%2C401&ssl=1&resize=350%2C200","width":350,"height":200,"srcset":"https:\/\/i0.wp.com\/www.shqiperia.com\/blog\/wp-content\/uploads\/2021\/09\/kurti-rama6-scaled-1-780x439-770x433-1.jpg?fit=770%2C401&ssl=1&resize=350%2C200 1x, https:\/\/i0.wp.com\/www.shqiperia.com\/blog\/wp-content\/uploads\/2021\/09\/kurti-rama6-scaled-1-780x439-770x433-1.jpg?fit=770%2C401&ssl=1&resize=525%2C300 1.5x, https:\/\/i0.wp.com\/www.shqiperia.com\/blog\/wp-content\/uploads\/2021\/09\/kurti-rama6-scaled-1-780x439-770x433-1.jpg?fit=770%2C401&ssl=1&resize=700%2C400 2x"},"classes":[]},{"id":44265,"url":"https:\/\/www.shqiperia.com\/blog\/shkrihet-kupola-e-ldk-isa-mustafa-flet-pas-doreheqjes-lutfi-haziri-edhe-kryesia-e-larguar\/","url_meta":{"origin":99783,"position":3},"title":"Shkrihet kupola e LDK. &#8211; Isa Mustafa flet pas dor\u00ebheqjes, Lutfi Haziri: Edhe Kryesia e larguar","author":"Kurt Farka","date":"February 15, 2021","format":false,"excerpt":"Shkrihet kupola e LDK. - Isa Mustafa flet pas dor\u00ebheqjes, Lutfi Haziri: Edhe Kryesia e larguar 15 SHKURT 2021 Isa Mustafa e ka konfirmuar largimin e tij nga pozita e kryetarit t\u00eb Lidhjes Demokratike t\u00eb Kosov\u00ebs. Pas mbledhjes s\u00eb Kryesis\u00eb, Isa Mustafa para gazetar\u00ebve ka th\u00ebn\u00eb se ka b\u00ebr\u00eb thirrje\u2026","rel":"","context":"In &quot;Blogu i Udh\u00ebtarit&quot;","block_context":{"text":"Blogu i Udh\u00ebtarit","link":"https:\/\/www.shqiperia.com\/blog\/category\/blogu-i-udhetarit\/"},"img":{"alt_text":"","src":"https:\/\/i0.wp.com\/www.shqiperia.com\/blog\/wp-content\/uploads\/2021\/02\/640-0-602a82b2c2053.jpg?fit=640%2C349&ssl=1&resize=350%2C200","width":350,"height":200,"srcset":"https:\/\/i0.wp.com\/www.shqiperia.com\/blog\/wp-content\/uploads\/2021\/02\/640-0-602a82b2c2053.jpg?fit=640%2C349&ssl=1&resize=350%2C200 1x, https:\/\/i0.wp.com\/www.shqiperia.com\/blog\/wp-content\/uploads\/2021\/02\/640-0-602a82b2c2053.jpg?fit=640%2C349&ssl=1&resize=525%2C300 1.5x"},"classes":[]},{"id":80350,"url":"https:\/\/www.shqiperia.com\/blog\/vjosa-osmani-dhe-aleksander-vucic-perballen-sot-ne-keshillin-e-sigurimit-te-okb-se-presidenti-serb-do-vazhdojme-te-luftojme\/","url_meta":{"origin":99783,"position":4},"title":"Vjosa Osmani dhe Aleksand\u00ebr Vu\u00e7i\u00e7 p\u00ebrballen sot n\u00eb K\u00ebshillin e Sigurimit t\u00eb OKB-s\u00eb! Presidenti serb: &#8211; Do vazhdojm\u00eb t\u00eb luftojm\u00eb\u2026","author":"Kurt Farka","date":"April 22, 2024","format":false,"excerpt":"22 Prill 2024 Presidentja e\u00a0 Kosov\u00ebs, Vjosa Osmani do ta p\u00ebrfaq\u00ebsoj\u00eb Kosov\u00ebn t\u00eb h\u00ebn\u00ebn n\u00eb K\u00ebshillin e Sigurimit, n\u00eb seanc\u00ebn q\u00eb pritet t\u00eb mbahet nga ora 16:00, sipas koh\u00ebs lokale n\u00eb Prishtin\u00eb. Osmani n\u00eb k\u00ebt\u00eb seanc\u00eb do t\u00eb p\u00ebrballet me presidentin serb, Aleksandar Vu\u00e7i\u00e7. Si\u00e7 ka njoftuar Presidenca, Osmani pritet\u2026","rel":"","context":"In &quot;Blogu i Udh\u00ebtarit&quot;","block_context":{"text":"Blogu i Udh\u00ebtarit","link":"https:\/\/www.shqiperia.com\/blog\/category\/blogu-i-udhetarit\/"},"img":{"alt_text":"","src":"https:\/\/i0.wp.com\/www.shqiperia.com\/blog\/wp-content\/uploads\/2024\/04\/vucic-osmani.jpg?fit=1200%2C675&ssl=1&resize=350%2C200","width":350,"height":200,"srcset":"https:\/\/i0.wp.com\/www.shqiperia.com\/blog\/wp-content\/uploads\/2024\/04\/vucic-osmani.jpg?fit=1200%2C675&ssl=1&resize=350%2C200 1x, https:\/\/i0.wp.com\/www.shqiperia.com\/blog\/wp-content\/uploads\/2024\/04\/vucic-osmani.jpg?fit=1200%2C675&ssl=1&resize=525%2C300 1.5x, https:\/\/i0.wp.com\/www.shqiperia.com\/blog\/wp-content\/uploads\/2024\/04\/vucic-osmani.jpg?fit=1200%2C675&ssl=1&resize=700%2C400 2x, https:\/\/i0.wp.com\/www.shqiperia.com\/blog\/wp-content\/uploads\/2024\/04\/vucic-osmani.jpg?fit=1200%2C675&ssl=1&resize=1050%2C600 3x"},"classes":[]},{"id":41977,"url":"https:\/\/www.shqiperia.com\/blog\/takimi-vjosa-osmani-me-ilir-meta\/","url_meta":{"origin":99783,"position":5},"title":"Takimi Vjosa Osmani me Ilir Meta.","author":"Kurt Farka","date":"December 16, 2020","format":false,"excerpt":"Takimi Vjosa Osmani me Ilir Meta. Ushtruesja e detyr\u00ebs s\u00eb Presidentja e Republik\u00ebs s\u00eb Kosov\u00ebs, Vjosa Osmani, nisi sot nj\u00eb vizit\u00eb zyrtare n\u00eb Shqip\u00ebri. Zonja Osmani u prit me ceremoni shtet\u00ebrore nga Presidenti i Republik\u00ebs s\u00eb Shqip\u00ebris\u00eb, Ilir Meta. Ata do t\u00eb ken\u00eb nj\u00eb konferenc\u00eb shtypi dhe m\u00eb pas zonja\u2026","rel":"","context":"In &quot;Blogu i Udh\u00ebtarit&quot;","block_context":{"text":"Blogu i Udh\u00ebtarit","link":"https:\/\/www.shqiperia.com\/blog\/category\/blogu-i-udhetarit\/"},"img":{"alt_text":"","src":"https:\/\/i0.wp.com\/www.shqiperia.com\/blog\/wp-content\/uploads\/2020\/12\/download-7.jpg?resize=350%2C200&ssl=1","width":350,"height":200,"srcset":"https:\/\/i0.wp.com\/www.shqiperia.com\/blog\/wp-content\/uploads\/2020\/12\/download-7.jpg?resize=350%2C200&ssl=1 1x, https:\/\/i0.wp.com\/www.shqiperia.com\/blog\/wp-content\/uploads\/2020\/12\/download-7.jpg?resize=525%2C300&ssl=1 1.5x"},"classes":[]}],"_links":{"self":[{"href":"https:\/\/www.shqiperia.com\/blog\/wp-json\/wp\/v2\/posts\/99783","targetHints":{"allow":["GET"]}}],"collection":[{"href":"https:\/\/www.shqiperia.com\/blog\/wp-json\/wp\/v2\/posts"}],"about":[{"href":"https:\/\/www.shqiperia.com\/blog\/wp-json\/wp\/v2\/types\/post"}],"author":[{"embeddable":true,"href":"https:\/\/www.shqiperia.com\/blog\/wp-json\/wp\/v2\/users\/9"}],"replies":[{"embeddable":true,"href":"https:\/\/www.shqiperia.com\/blog\/wp-json\/wp\/v2\/comments?post=99783"}],"version-history":[{"count":1,"href":"https:\/\/www.shqiperia.com\/blog\/wp-json\/wp\/v2\/posts\/99783\/revisions"}],"predecessor-version":[{"id":99785,"href":"https:\/\/www.shqiperia.com\/blog\/wp-json\/wp\/v2\/posts\/99783\/revisions\/99785"}],"wp:featuredmedia":[{"embeddable":true,"href":"https:\/\/www.shqiperia.com\/blog\/wp-json\/wp\/v2\/media\/99784"}],"wp:attachment":[{"href":"https:\/\/www.shqiperia.com\/blog\/wp-json\/wp\/v2\/media?parent=99783"}],"wp:term":[{"taxonomy":"category","embeddable":true,"href":"https:\/\/www.shqiperia.com\/blog\/wp-json\/wp\/v2\/categories?post=99783"},{"taxonomy":"post_tag","embeddable":true,"href":"https:\/\/www.shqiperia.com\/blog\/wp-json\/wp\/v2\/tags?post=99783"}],"curies":[{"name":"wp","href":"https:\/\/api.w.org\/{rel}","templated":true}]}}