{"id":99779,"date":"2026-04-30T21:37:32","date_gmt":"2026-04-30T21:37:32","guid":{"rendered":"https:\/\/www.shqiperia.com\/blog\/?p=99779"},"modified":"2026-04-30T21:38:06","modified_gmt":"2026-04-30T21:38:06","slug":"ministria-e-kultures-hesht-per-mbylljen-e-pjesshme-te-kalase-se-prizrenit","status":"publish","type":"post","link":"https:\/\/www.shqiperia.com\/blog\/ministria-e-kultures-hesht-per-mbylljen-e-pjesshme-te-kalase-se-prizrenit\/","title":{"rendered":"Ministria e Kultur\u00ebs hesht p\u00ebr mbylljen e pjesshme t\u00eb Kalas\u00eb s\u00eb Prizrenit"},"content":{"rendered":"<div id=\"attachment_99780\" style=\"width: 651px\" class=\"wp-caption alignnone\"><img data-recalc-dims=\"1\" loading=\"lazy\" decoding=\"async\" aria-describedby=\"caption-attachment-99780\" data-attachment-id=\"99780\" data-permalink=\"https:\/\/www.shqiperia.com\/blog\/ministria-e-kultures-hesht-per-mbylljen-e-pjesshme-te-kalase-se-prizrenit\/kalaja-e-prizrenit-2\/\" data-orig-file=\"https:\/\/i0.wp.com\/www.shqiperia.com\/blog\/wp-content\/uploads\/2026\/04\/Kalaja-e-Prizrenit.webp?fit=1360%2C870&amp;ssl=1\" data-orig-size=\"1360,870\" data-comments-opened=\"1\" data-image-meta=\"{&quot;aperture&quot;:&quot;0&quot;,&quot;credit&quot;:&quot;&quot;,&quot;camera&quot;:&quot;&quot;,&quot;caption&quot;:&quot;&quot;,&quot;created_timestamp&quot;:&quot;0&quot;,&quot;copyright&quot;:&quot;&quot;,&quot;focal_length&quot;:&quot;0&quot;,&quot;iso&quot;:&quot;0&quot;,&quot;shutter_speed&quot;:&quot;0&quot;,&quot;title&quot;:&quot;&quot;,&quot;orientation&quot;:&quot;0&quot;}\" data-image-title=\"Kalaja e Prizrenit\" data-image-description=\"\" data-image-caption=\"&lt;p&gt;Kalaja e Prizrenit&lt;\/p&gt;\n\" data-medium-file=\"https:\/\/i0.wp.com\/www.shqiperia.com\/blog\/wp-content\/uploads\/2026\/04\/Kalaja-e-Prizrenit.webp?fit=300%2C192&amp;ssl=1\" data-large-file=\"https:\/\/i0.wp.com\/www.shqiperia.com\/blog\/wp-content\/uploads\/2026\/04\/Kalaja-e-Prizrenit.webp?fit=1024%2C655&amp;ssl=1\" class=\" wp-image-99780\" alt=\"\" src=\"https:\/\/i0.wp.com\/www.shqiperia.com\/blog\/wp-content\/uploads\/2026\/04\/Kalaja-e-Prizrenit.webp?resize=641%2C410&#038;ssl=1\" width=\"641\" height=\"410\" srcset=\"https:\/\/i0.wp.com\/www.shqiperia.com\/blog\/wp-content\/uploads\/2026\/04\/Kalaja-e-Prizrenit.webp?resize=300%2C192&amp;ssl=1 300w, https:\/\/i0.wp.com\/www.shqiperia.com\/blog\/wp-content\/uploads\/2026\/04\/Kalaja-e-Prizrenit.webp?resize=1024%2C655&amp;ssl=1 1024w, https:\/\/i0.wp.com\/www.shqiperia.com\/blog\/wp-content\/uploads\/2026\/04\/Kalaja-e-Prizrenit.webp?resize=768%2C491&amp;ssl=1 768w, https:\/\/i0.wp.com\/www.shqiperia.com\/blog\/wp-content\/uploads\/2026\/04\/Kalaja-e-Prizrenit.webp?resize=450%2C288&amp;ssl=1 450w, https:\/\/i0.wp.com\/www.shqiperia.com\/blog\/wp-content\/uploads\/2026\/04\/Kalaja-e-Prizrenit.webp?resize=600%2C384&amp;ssl=1 600w, https:\/\/i0.wp.com\/www.shqiperia.com\/blog\/wp-content\/uploads\/2026\/04\/Kalaja-e-Prizrenit.webp?resize=1300%2C832&amp;ssl=1 1300w, https:\/\/i0.wp.com\/www.shqiperia.com\/blog\/wp-content\/uploads\/2026\/04\/Kalaja-e-Prizrenit.webp?resize=400%2C256&amp;ssl=1 400w, https:\/\/i0.wp.com\/www.shqiperia.com\/blog\/wp-content\/uploads\/2026\/04\/Kalaja-e-Prizrenit.webp?w=1360&amp;ssl=1 1360w\" sizes=\"auto, (max-width: 641px) 100vw, 641px\" \/><p id=\"caption-attachment-99780\" class=\"wp-caption-text\">Kalaja e Prizrenit<\/p><\/div>\n<h5>30 Prill 2026<\/h5>\n<h5>Tri dit\u00eb pas njoftimit se \u201cpas vler\u00ebsimeve profesionale q\u00eb evidentojn\u00eb gjendje t\u00eb r\u00ebnduar t\u00eb disa strukturave dhe rrezik potencial p\u00ebr vizitor\u00ebt\u201d, Kalaja e Prizrenit \u00ebsht\u00eb e mbyllur pjes\u00ebrisht p\u00ebr vizitor\u00eb, Ministria e Kultur\u00ebs dhe Turizmit, nuk ka p\u00ebrgjigje se p\u00ebrse \u00ebsht\u00eb arritur deri n\u00eb gjendjen q\u00eb t\u00eb mbyllen disa pjes\u00eb t\u00eb monumentit ku jan\u00eb investuar mbi nj\u00eb milion euro, kush mban p\u00ebrgjegj\u00ebsi p\u00ebr k\u00ebt\u00eb degradim dhe si planifikohet t\u00eb dilet nga kjo situat\u00eb. P\u00ebr ata q\u00eb jan\u00eb marr\u00eb drejtp\u00ebrdrejt me Kalan\u00eb, kjo gjendje tregon moskujdesin e institucioneve p\u00ebrgjegj\u00ebse p\u00ebr monumentin, ku jan\u00eb investuar mbi nj\u00eb milion euro<\/h5>\n<p>Lajmi p\u00ebr mbylljen e disa zonave t\u00eb Kalas\u00eb s\u00eb Prizrenit p\u00ebr vizitor\u00eb ka shp\u00ebrfaqur degradimin e monumentit dhe moskujdesin e shtetit n\u00eb raport me nj\u00eb prej aseteve m\u00eb t\u00eb vizituara t\u00eb trash\u00ebgimis\u00eb kulturore n\u00eb Kosov\u00eb. Por prej s\u00eb h\u00ebn\u00ebs, kur Ministria e Kultur\u00ebs dhe Turizmit ka dh\u00ebn\u00eb lajmin p\u00ebr mbyllje t\u00eb paafatshme t\u00eb disa zonave p\u00ebr shkak t\u00eb rrezikut, ky institucion, e as Instituti Arkeologjik i Kosov\u00ebs, nuk kan\u00eb treguar se n\u00eb baz\u00eb t\u00eb cilit raport \u00ebsht\u00eb arritur deri te ky p\u00ebrfundim, e as se cil\u00ebt do t\u00eb jen\u00eb hapat e ardhsh\u00ebm. P\u00ebr ata q\u00eb jan\u00eb marr\u00eb drejtp\u00ebrdrejt me Kalan\u00eb, kjo gjendje tregon moskujdesin e institucioneve p\u00ebrgjegj\u00ebse p\u00ebr monumentin, ku jan\u00eb investuar mbi nj\u00eb milion euro.<\/p>\n<p>KOHA, t\u00eb h\u00ebn\u00ebn, me t\u2019u b\u00ebr\u00eb publik njoftimi i Ministris\u00eb s\u00eb Kultur\u00ebs dhe Turizmit, ka k\u00ebrkuar nga ky institucion sqarime se p\u00ebrse \u00ebsht\u00eb arritur deri n\u00eb gjendjen q\u00eb t\u00eb mbyllen disa pjes\u00eb t\u00eb Kalas\u00eb s\u00eb Prizrenit p\u00ebr vizitor\u00ebt, kush mban p\u00ebrgjegj\u00ebsi p\u00ebr k\u00ebt\u00eb degradim t\u00eb monumentit dhe si planifikohet t\u00eb dilet nga kjo situat\u00eb. Por Ministria nuk \u00ebsht\u00eb p\u00ebrgjigjur as t\u00eb m\u00ebrkur\u00ebn. Nuk \u00ebsht\u00eb p\u00ebrgjigjur as ndaj k\u00ebrkes\u00ebs p\u00ebr t\u00eb pasur qasje n\u00eb raportin, i cili n\u00eb njoftim p\u00ebrmendet si arsyetim i vendimit p\u00ebr mbyllje.<\/p>\n<p>KOHA t\u00eb nj\u00ebjtat sqarime i ka k\u00ebrkuar edhe nga ushtruesja e detyr\u00ebs s\u00eb drejtoresh\u00ebs s\u00eb Institutit Arkeologjik t\u00eb Kosov\u00ebs, Zana Rama. Por Rama, si\u00e7 vepron vazhdimisht, nuk ka kthyer kurrfar\u00eb p\u00ebrgjigje.<\/p>\n<p>\u201cN\u00eb funksion t\u00eb mbrojtjes s\u00eb trash\u00ebgimis\u00eb kulturore dhe siguris\u00eb s\u00eb qytetar\u00ebve, Ministria e Kultur\u00ebs dhe Turizmit njofton se monumenti Kalaja e Prizrenit do t\u00eb mbyllet p\u00ebrkoh\u00ebsisht n\u00eb disa prej zonave t\u00eb saj. Ky vendim \u00ebsht\u00eb marr\u00eb pas vler\u00ebsimeve profesionale q\u00eb evidentojn\u00eb gjendje t\u00eb r\u00ebnduar t\u00eb disa strukturave dhe rrezik potencial p\u00ebr vizitor\u00ebt. Zonat me rrezik do t\u00eb jen\u00eb t\u00eb sh\u00ebnuara dhe t\u00eb kufizuara deri n\u00eb nj\u00eb njoftim t\u00eb radh\u00ebs\u201d, shkruhet n\u00eb njoftimin e s\u00eb h\u00ebn\u00ebs t\u00eb l\u00ebshuar nga Ministria e Kultur\u00ebs dhe Turizmit. Aty b\u00ebhet e ditur se, po ashtu, pezullohet menj\u00ebher\u00eb dh\u00ebnia n\u00eb shfryt\u00ebzim e hap\u00ebsirave t\u00eb kalas\u00eb p\u00ebr aktivitete nga organizata, iniciativa kulturore dhe artist\u00eb t\u00eb pavarur, deri n\u00eb stabilizimin e gjendjes dhe krijimin e kushteve t\u00eb sigurta.<\/p>\n<p>\u201cPubliku do t\u00eb njoftohet me koh\u00eb p\u00ebr \u00e7do zhvillim t\u00eb m\u00ebtejm\u00eb dhe p\u00ebr afatet e mundshme t\u00eb rihapjes. K\u00ebrkojm\u00eb mir\u00ebkuptimin e t\u00eb gjith\u00eb qytetar\u00ebve dhe pal\u00ebve t\u00eb interesuara, duke theksuar se ky vendim \u00ebsht\u00eb n\u00eb sh\u00ebrbim t\u00eb ruajtjes s\u00eb nj\u00eb prej monumenteve m\u00eb t\u00eb r\u00ebnd\u00ebsishme t\u00eb trash\u00ebgimis\u00eb son\u00eb dhe t\u00eb siguris\u00eb s\u00eb vizitor\u00ebve\u201d, shkruhet n\u00eb njoftim.<\/p>\n<p>Fondacioni Kosovar p\u00ebr Trash\u00ebgimi Kulturore pa Kufij, \u201cCHwB Kosova\u201d, ka qen\u00eb partner me Institutin Arkeologjik t\u00eb Kosov\u00ebs m\u00eb 2014, kur n\u00eb monument jan\u00eb investuar 700 mij\u00eb dollar\u00eb t\u00eb Ambasad\u00ebs s\u00eb Shteteve t\u00eb Bashkuara t\u00eb Amerik\u00ebs n\u00eb Kosov\u00eb, p\u00ebrkat\u00ebsisht t\u00eb Fondit t\u00eb Ambasadorit p\u00ebr Trash\u00ebgimin\u00eb Kulturore.<\/p>\n<p>Drejtuesi i \u201cCHwB Kosova\u201d, Sali Shoshi, ka th\u00ebn\u00eb se koh\u00ebve t\u00eb fundit nuk e ka vizituar Kalan\u00eb.<br \/>\n\u201cPor, si\u00e7 kam th\u00ebn\u00eb gjithmon\u00eb, monumentet k\u00ebrkojn\u00eb plan menaxhimi dhe mir\u00ebmbajtjeje, n\u00eb m\u00ebnyr\u00eb q\u00eb \u00e7do dit\u00eb t\u00eb ket\u00eb kujdes t\u00eb vazhduesh\u00ebm. N\u00ebse nuk e kan\u00eb k\u00ebt\u00eb, gjendja e tyre degradohet. Q\u00eb nga fillimi, Kalas\u00eb i ka munguar struktura q\u00eb e menaxhon dhe implementimi i planit t\u00eb menaxhimit, ashtu si\u00e7 \u00ebsht\u00eb draftuar nga \u2018CHwB Kosova\u2019\u201d, ka th\u00ebn\u00eb ai. Sipas Shoshit, monumentet duhet t\u00eb mir\u00ebmbahen, jo vet\u00ebm teknikisht, por edhe t\u00eb jen\u00eb t\u00eb qasshme. Ai ka th\u00ebn\u00eb se plani i menaxhimit \u00ebsht\u00eb instrumenti q\u00eb hartohet p\u00ebr t\u00eb qen\u00eb operacional, p\u00ebr t\u2019i mbrojtur, p\u00ebr t\u2019i b\u00ebr\u00eb t\u00eb qasshme monumentet dhe p\u00ebr t\u2019i mir\u00ebmbajtur ato.<\/p>\n<p>\u201c\u00c7do degradim ka pasoja. Ka kosto p\u00ebr restaurim dhe rehabilitim, nd\u00ebrsa monumentet nuk jan\u00eb t\u00eb qasshme p\u00ebr publikun. Aktualisht, Kalaja po e d\u00ebmton edhe aspektin e promovimit kulturor t\u00eb Prizrenit. Sipas dijenis\u00eb sime, ai lokalitet ka deri n\u00eb pes\u00eb mij\u00eb vizitor\u00eb n\u00eb dit\u00eb gjat\u00eb ver\u00ebs. Sikur t\u00eb ishte mir\u00ebmbajtur, do t\u00eb mund t\u00eb gjeneronte edhe t\u00eb hyra. Kjo do t\u00eb krijonte mund\u00ebsi q\u00eb t\u00eb mos ket\u00eb nevoj\u00eb q\u00eb shteti t\u00eb ndaj\u00eb mjete shtes\u00eb. \u00cbsht\u00eb e nevojshme t\u00eb fillohet me zbatimin e planit t\u00eb menaxhimit, pasi pasojat mund t\u00eb jen\u00eb edhe m\u00eb t\u00eb m\u00ebdha, edhe p\u00ebr lokalitete t\u00eb tjera\u201d, ka th\u00ebn\u00eb Shoshi.<\/p>\n<p>Plani i menaxhimit, i miratuar n\u00eb fund t\u00eb vitit 2020, ka qen\u00eb pes\u00ebvje\u00e7ar. Ministria e Kultur\u00ebs nuk i \u00ebsht\u00eb p\u00ebrmbajtur k\u00ebtij plani n\u00eb plot\u00ebsin\u00eb e tij, dhe monumenti ka ardhur n\u00eb gjendjen q\u00eb t\u00eb mbyllet n\u00eb disa pjes\u00eb.<\/p>\n<p>Ministria e Kultur\u00ebs, muajve t\u00eb fundit, ka d\u00ebshtuar tri her\u00eb radhazi q\u00eb t\u00eb b\u00ebj\u00eb nj\u00eb intervenim emergjent n\u00eb Kala. Nuk ka gjetur kompani q\u00eb, p\u00ebr afro 85 mij\u00eb euro, t\u00eb realizoj\u00eb pun\u00ebt e klasifikuara si \u201cnd\u00ebrhyrje emergjente\u201d. Institucioni m\u00eb i lart\u00eb kulturor n\u00eb vend ka hapur dhe mbyllur tri thirrje publike, por pa sukses.<\/p>\n<p>KOHA disa her\u00eb ka raportuar p\u00ebr gjendje jo t\u00eb mir\u00eb n\u00eb k\u00ebt\u00eb aset.<\/p>\n<p>Kalaja e Prizrenit, ende pa u futur brenda rrethoj\u00ebs, shihet se \u00ebsht\u00eb nj\u00ebfar\u00eb lokaliteti i braktisur. N\u00eb cilindo drejtim q\u00eb nisen vizitor\u00ebt, nuk marrin vesh gj\u00eb. Tabelat informuese i ka bjerr\u00eb koha. Sh\u00ebrbejn\u00eb vet\u00ebm si pamje t\u00eb sh\u00ebmtuara dhe relikte q\u00eb d\u00ebshmojn\u00eb moskujdesin e shtetit. Shtigjet e drunjta kan\u00eb degraduar deri n\u00eb mas\u00ebn sa rrezikojn\u00eb vizitor\u00ebt. Jan\u00eb arnuar me d\u00ebrrasa, por si zgjidhje q\u00eb e ka sh\u00ebmtuar hap\u00ebsir\u00ebn dhe vet\u00ebm pak e ka rritur sigurin\u00eb. Viteve t\u00eb fundit, ky aset dhe shum\u00eb t\u00eb tjera, jo rrall\u00eb kan\u00eb mbetur edhe pa roje dhe pa mir\u00ebmbajtje. Jan\u00eb braktisur nga shteti.<\/p>\n<p>T\u00eb h\u00ebn\u00ebn, arkeologu i Institutit Arkeologjik t\u00eb Kosov\u00ebs, Shafi Gashi, kishte th\u00ebn\u00eb se Kalaja, n\u00eb t\u00eb gjitha fazat e saj, asnj\u00ebher\u00eb nuk \u00ebsht\u00eb mbyllur.<\/p>\n<p>\u201cMbyllja e nj\u00eb pjese t\u00eb caktuar, n\u00ebse fillohet me punime, ka nj\u00eb logjik\u00eb. Por, meqen\u00ebse deri m\u00eb sot nuk kemi asnj\u00eb raport ose t\u00eb dh\u00ebn\u00eb q\u00eb ka ndodhur ose mund t\u00eb ndodhin l\u00ebndime, at\u00ebher\u00eb cila \u00ebsht\u00eb logjika e mbylljes s\u00eb disa zonave? P\u00ebr m\u00eb tep\u00ebr, nuk e kuptoj n\u00eb asnj\u00eb form\u00eb se p\u00ebrse nuk merren hapa praktik\u00eb. Emergjente jan\u00eb shtigjet e ecjes dhe tabelat informuese. Ato nuk kan\u00eb kosto t\u00eb madhe financiare\u201d, kishte th\u00ebn\u00eb ai.<\/p>\n<p>Gashi kishte th\u00ebn\u00eb se, n\u00eb fund t\u00eb fundit, duhet ditur cili person, k\u00ebshill apo komision e ka konstatuar se Kalaja paraqet rrezik.<\/p>\n<p>\u201cMe sa di un\u00eb, asnj\u00eb specialist i trash\u00ebgimis\u00eb kulturore q\u00eb ka qen\u00eb pjes\u00eb e projekteve t\u00eb Kalas\u00eb nuk \u00ebsht\u00eb i inkuadruar n\u00eb k\u00ebt\u00eb proces. Nuk \u00ebsht\u00eb konsultuar asnj\u00eb njeri q\u00eb ka qen\u00eb pjes\u00eb e proceseve. Kurse un\u00eb jam i p\u00ebrjashtuar krejt\u00ebsisht nga \u00e7do gj\u00eb n\u00eb Kala. Gjykoj se nuk \u00ebsht\u00eb e mir\u00eb p\u00ebr institucionin q\u00eb t\u00eb b\u00ebhen shk\u00ebputje t\u00eb tilla drastike nga njer\u00ebzit q\u00eb jan\u00eb marr\u00eb me Kalan\u00eb\u201d, ka th\u00ebn\u00eb ai.<\/p>\n<p>Sipas Gashit, duket sikur Kalas\u00eb i \u00ebsht\u00eb shpallur luft\u00eb, pasi q\u00eb nga viti 2019 \u00ebsht\u00eb e pafalshme q\u00eb p\u00ebr nj\u00eb monument t\u00eb ket\u00eb zero angazhim nga institucionet kompetente.<\/p>\n<p>Ministria e Kultur\u00ebs nuk ia ka dal\u00eb q\u00eb, as n\u00eb dy tentime, ta pajis\u00eb Kalan\u00eb e Prizrenit me ciceron\u00eb. I ka anuluar konkurset vitin e kaluar dhe sivjet. N\u00eb baz\u00eb t\u00eb Ligjit mbi ndarjet buxhetore p\u00ebr vitin 2026, p\u00ebr k\u00ebt\u00eb aset jan\u00eb 85 mij\u00eb euro si vazhdim i vitit t\u00eb kaluar. Mjete t\u00eb reja nuk ka shtes\u00eb. Deri sivjet, sipas k\u00ebtij ligji, aty jan\u00eb shpenzuar 1 milion e 117 mij\u00eb euro.<\/p>\n<p>Gazeta Koha, Prishtine<\/p>\n","protected":false},"excerpt":{"rendered":"<p>30 Prill 2026 Tri dit\u00eb pas njoftimit se \u201cpas vler\u00ebsimeve profesionale q\u00eb evidentojn\u00eb gjendje t\u00eb r\u00ebnduar t\u00eb disa strukturave dhe rrezik potencial p\u00ebr vizitor\u00ebt\u201d, Kalaja e Prizrenit \u00ebsht\u00eb e mbyllur pjes\u00ebrisht p\u00ebr vizitor\u00eb, Ministria e Kultur\u00ebs dhe Turizmit, nuk ka p\u00ebrgjigje se p\u00ebrse \u00ebsht\u00eb arritur deri n\u00eb gjendjen q\u00eb t\u00eb mbyllen disa pjes\u00eb t\u00eb monumentit [&hellip;]<\/p>\n","protected":false},"author":9,"featured_media":99780,"comment_status":"open","ping_status":"open","sticky":false,"template":"","format":"standard","meta":{"jetpack_post_was_ever_published":false,"_jetpack_newsletter_access":"","_jetpack_dont_email_post_to_subs":false,"_jetpack_newsletter_tier_id":0,"_jetpack_memberships_contains_paywalled_content":false,"_jetpack_memberships_contains_paid_content":false,"footnotes":"","jetpack_publicize_message":"","jetpack_publicize_feature_enabled":true,"jetpack_social_post_already_shared":true,"jetpack_social_options":{"image_generator_settings":{"template":"highway","default_image_id":0,"font":"","enabled":false},"version":2}},"categories":[85,10,86],"tags":[],"class_list":["post-99779","post","type-post","status-publish","format-standard","has-post-thumbnail","hentry","category-histori","category-kultura","category-trashegimi-kulturore"],"jetpack_publicize_connections":[],"jetpack_featured_media_url":"https:\/\/i0.wp.com\/www.shqiperia.com\/blog\/wp-content\/uploads\/2026\/04\/Kalaja-e-Prizrenit.webp?fit=1360%2C870&ssl=1","jetpack_sharing_enabled":true,"jetpack_shortlink":"https:\/\/wp.me\/p5Z6wp-pXl","jetpack-related-posts":[{"id":80406,"url":"https:\/\/www.shqiperia.com\/blog\/kalaja-e-prizrenit-ne-dekaden-e-investimit-milionesh-braktiset-nga-shteti\/","url_meta":{"origin":99779,"position":0},"title":"Kalaja e Prizrenit n\u00eb dekad\u00ebn e investimit milion\u00ebsh, braktiset nga shteti","author":"Kurt Farka","date":"April 23, 2024","format":false,"excerpt":"23 Prill 2024 Ende nuk \u00ebsht\u00eb rrumbullakuar dekada prejse aty u investuan mbi nj\u00eb milion euro, e u parashikua e ardhmja e ndritur e monumentit. Kur shkohet n\u00eb Kalan\u00eb e Prizrenit ende pa u futur brenda rrethoj\u00ebs shihet se b\u00ebhet fjal\u00eb p\u00ebr nj\u00eb lokalitet t\u00eb braktisur. Nuk ekziston mir\u00ebmbajtja. Tabelat\u2026","rel":"","context":"In &quot;Blogu i Udh\u00ebtarit&quot;","block_context":{"text":"Blogu i Udh\u00ebtarit","link":"https:\/\/www.shqiperia.com\/blog\/category\/blogu-i-udhetarit\/"},"img":{"alt_text":"","src":"https:\/\/i0.wp.com\/www.shqiperia.com\/blog\/wp-content\/uploads\/2024\/04\/39014537-b8d6-44c5-a3b4-abd7432b772b.jpg?fit=860%2C542&ssl=1&resize=350%2C200","width":350,"height":200,"srcset":"https:\/\/i0.wp.com\/www.shqiperia.com\/blog\/wp-content\/uploads\/2024\/04\/39014537-b8d6-44c5-a3b4-abd7432b772b.jpg?fit=860%2C542&ssl=1&resize=350%2C200 1x, https:\/\/i0.wp.com\/www.shqiperia.com\/blog\/wp-content\/uploads\/2024\/04\/39014537-b8d6-44c5-a3b4-abd7432b772b.jpg?fit=860%2C542&ssl=1&resize=525%2C300 1.5x, https:\/\/i0.wp.com\/www.shqiperia.com\/blog\/wp-content\/uploads\/2024\/04\/39014537-b8d6-44c5-a3b4-abd7432b772b.jpg?fit=860%2C542&ssl=1&resize=700%2C400 2x"},"classes":[]},{"id":24469,"url":"https:\/\/www.shqiperia.com\/blog\/lashtesia-ne-lartesi-kalaja-e-gurit-qe-simbolizon-prizrenin\/","url_meta":{"origin":99779,"position":1},"title":"Lasht\u00ebsia n\u00eb lart\u00ebsi, Kalaja e Gurit q\u00eb simbolizon Prizrenin","author":"Kurt Farka","date":"August 8, 2019","format":false,"excerpt":"Lasht\u00ebsia n\u00eb lart\u00ebsi, Kalaja e Gurit q\u00eb simbolizon Prizrenin \u00a0Nga Shafi Gashi \u201cP\u00ebrpara meje \u00ebsht\u00eb i shtrir\u00eb Prizreni, i zhytur n\u00eb gjelb\u00ebrim nga i cili dalin minaret e m\u00eb shum\u00eb se nj\u00ebzet\u00eb xhamive t\u00eb cilat zbardh\u00ebllojn\u00eb e shk\u00eblqejn\u00eb si shigjeta t\u00eb gjata, t\u00eb drejtuara kah qielli. Kalt\u00ebron kisha ortodokse, kuq\u00ebrrohet\u2026","rel":"","context":"In &quot;Histori&quot;","block_context":{"text":"Histori","link":"https:\/\/www.shqiperia.com\/blog\/category\/histori\/"},"img":{"alt_text":"","src":"https:\/\/i0.wp.com\/www.shqiperia.com\/blog\/wp-content\/uploads\/2019\/08\/1-Kalaja-e-Prizrenit.jpg?fit=1200%2C628&ssl=1&resize=350%2C200","width":350,"height":200,"srcset":"https:\/\/i0.wp.com\/www.shqiperia.com\/blog\/wp-content\/uploads\/2019\/08\/1-Kalaja-e-Prizrenit.jpg?fit=1200%2C628&ssl=1&resize=350%2C200 1x, https:\/\/i0.wp.com\/www.shqiperia.com\/blog\/wp-content\/uploads\/2019\/08\/1-Kalaja-e-Prizrenit.jpg?fit=1200%2C628&ssl=1&resize=525%2C300 1.5x, https:\/\/i0.wp.com\/www.shqiperia.com\/blog\/wp-content\/uploads\/2019\/08\/1-Kalaja-e-Prizrenit.jpg?fit=1200%2C628&ssl=1&resize=700%2C400 2x, https:\/\/i0.wp.com\/www.shqiperia.com\/blog\/wp-content\/uploads\/2019\/08\/1-Kalaja-e-Prizrenit.jpg?fit=1200%2C628&ssl=1&resize=1050%2C600 3x"},"classes":[]},{"id":48246,"url":"https:\/\/www.shqiperia.com\/blog\/per-te-paren-here-ne-histori-koloseu-hap-dyert-per-publikun\/","url_meta":{"origin":99779,"position":2},"title":"P\u00ebr t\u00eb par\u00ebn her\u00eb n\u00eb histori. &#8211; Koloseu hap dyert p\u00ebr publikun","author":"Kurt Farka","date":"June 29, 2021","format":false,"excerpt":"P\u00ebr t\u00eb par\u00ebn her\u00eb n\u00eb histori. -\u00a0 Koloseu hap dyert p\u00ebr publikun Thuhet se n\u00eb Rom\u00eb disa gj\u00ebra nuk ndryshojn\u00eb kurr\u00eb. Megjithat\u00eb k\u00ebt\u00eb her\u00eb Koloseu e ka nxjerr\u00eb k\u00ebt\u00eb teori gabim, duke hapur p\u00ebr t\u00eb par\u00eb her\u00eb n\u00eb historin\u00eb e tij korridoret n\u00ebntok\u00ebsore p\u00ebr publikun. 26 Qershor 2021 Thuhet se\u2026","rel":"","context":"In &quot;Arte&quot;","block_context":{"text":"Arte","link":"https:\/\/www.shqiperia.com\/blog\/category\/arte\/"},"img":{"alt_text":"","src":"https:\/\/i0.wp.com\/www.shqiperia.com\/blog\/wp-content\/uploads\/2021\/06\/Koloseu-Rome-2.jpg?fit=634%2C357&ssl=1&resize=350%2C200","width":350,"height":200,"srcset":"https:\/\/i0.wp.com\/www.shqiperia.com\/blog\/wp-content\/uploads\/2021\/06\/Koloseu-Rome-2.jpg?fit=634%2C357&ssl=1&resize=350%2C200 1x, https:\/\/i0.wp.com\/www.shqiperia.com\/blog\/wp-content\/uploads\/2021\/06\/Koloseu-Rome-2.jpg?fit=634%2C357&ssl=1&resize=525%2C300 1.5x"},"classes":[]},{"id":81421,"url":"https:\/\/www.shqiperia.com\/blog\/fundjave-ne-prizren-kryeqytetin-kulturor-te-kosoves-njohje-me-historine-krojet-e-legjendave-dhe-realiteteve-shqiptare\/","url_meta":{"origin":99779,"position":3},"title":"Fundjav\u00eb n\u00eb Prizren, \u2018kryeqytetin kulturor\u2019 t\u00eb Kosov\u00ebs! &#8211; Njohje me historin\u00eb, krojet e legjendave dhe realiteteve shqiptare","author":"Kurt Farka","date":"May 29, 2024","format":false,"excerpt":"Nga Benet Beqiri\u00a0 Nd\u00ebr shekuj njihet si qytet i kultur\u00ebs dhe i tradit\u00ebs. Ky \u00ebsht\u00eb Prizreni q\u00eb ka b\u00ebr\u00eb kurioz\u00eb udh\u00ebp\u00ebrshkrues, historian\u00eb, gjeograf\u00eb e shkenc\u00ebtar\u00eb t\u00eb ndrysh\u00ebm, t\u00eb cil\u00ebt botuan shum\u00eb vepra p\u00ebr k\u00ebt\u00eb trev\u00eb. Kjo ur\u00eb lidh\u00ebse mes dy shteteve shqiptare \u00ebsht\u00eb edhe nj\u00eb destinacion i af\u00ebrt turistik p\u00ebr\u2026","rel":"","context":"In &quot;Blogu i Udh\u00ebtarit&quot;","block_context":{"text":"Blogu i Udh\u00ebtarit","link":"https:\/\/www.shqiperia.com\/blog\/category\/blogu-i-udhetarit\/"},"img":{"alt_text":"","src":"https:\/\/i0.wp.com\/www.shqiperia.com\/blog\/wp-content\/uploads\/2024\/05\/Prizreni-696x348-1.jpg?fit=696%2C348&ssl=1&resize=350%2C200","width":350,"height":200,"srcset":"https:\/\/i0.wp.com\/www.shqiperia.com\/blog\/wp-content\/uploads\/2024\/05\/Prizreni-696x348-1.jpg?fit=696%2C348&ssl=1&resize=350%2C200 1x, https:\/\/i0.wp.com\/www.shqiperia.com\/blog\/wp-content\/uploads\/2024\/05\/Prizreni-696x348-1.jpg?fit=696%2C348&ssl=1&resize=525%2C300 1.5x"},"classes":[]},{"id":18176,"url":"https:\/\/www.shqiperia.com\/blog\/kalaja-e-gjon-bocarit-tragjas-vlore-historiku-dhe-detaje-mbi-te\/","url_meta":{"origin":99779,"position":4},"title":"Kalaja e Gjon Bo\u00e7arit, Tragjas, Vlor\u00eb\/ Historiku dhe detaje mbi t\u00eb","author":"Kurt Farka","date":"March 10, 2019","format":false,"excerpt":"Kalaja e Gjon Bo\u00e7arit, Tragjas, Vlor\u00eb\/ Historiku dhe detaje mbi t\u00eb March 8, 2019. Kalaja e Gjon Bo\u00e7arit Statusi i objektit: Kalaja e Gjon Bo\u00e7arit \u00ebsht\u00eb shpallur monument kulture i kategoris\u00eb s\u00eb par\u00eb nga Rektorati i Universitetit Shtet\u00ebror t\u00eb Tiran\u00ebs me vendim Nr. 6, dat\u00eb 15. 01. 1963. Viti\/koha e\u2026","rel":"","context":"In &quot;Blogu i Udh\u00ebtarit&quot;","block_context":{"text":"Blogu i Udh\u00ebtarit","link":"https:\/\/www.shqiperia.com\/blog\/category\/blogu-i-udhetarit\/"},"img":{"alt_text":"","src":"https:\/\/i0.wp.com\/www.shqiperia.com\/blog\/wp-content\/uploads\/2019\/03\/53057820_2342066869360960_3915013417886285824_o.jpg?fit=1140%2C641&ssl=1&resize=350%2C200","width":350,"height":200,"srcset":"https:\/\/i0.wp.com\/www.shqiperia.com\/blog\/wp-content\/uploads\/2019\/03\/53057820_2342066869360960_3915013417886285824_o.jpg?fit=1140%2C641&ssl=1&resize=350%2C200 1x, https:\/\/i0.wp.com\/www.shqiperia.com\/blog\/wp-content\/uploads\/2019\/03\/53057820_2342066869360960_3915013417886285824_o.jpg?fit=1140%2C641&ssl=1&resize=525%2C300 1.5x, https:\/\/i0.wp.com\/www.shqiperia.com\/blog\/wp-content\/uploads\/2019\/03\/53057820_2342066869360960_3915013417886285824_o.jpg?fit=1140%2C641&ssl=1&resize=700%2C400 2x, https:\/\/i0.wp.com\/www.shqiperia.com\/blog\/wp-content\/uploads\/2019\/03\/53057820_2342066869360960_3915013417886285824_o.jpg?fit=1140%2C641&ssl=1&resize=1050%2C600 3x"},"classes":[]},{"id":2022,"url":"https:\/\/www.shqiperia.com\/blog\/kompleksi-lidhjes-shqiptare-te-prizrenit\/","url_meta":{"origin":99779,"position":5},"title":"Kompleksi i Lidhjes Shqiptare t\u00eb Prizrenit.","author":"Kurt Farka","date":"January 26, 2018","format":false,"excerpt":"Kompleksi i Lidhjes Shqiptare t\u00eb Prizrenit, si t\u00ebr\u00ebsi urbane-arkitektonike n\u00eb aspektin hap\u00ebsinor \u00ebsht\u00eb vendosur n\u00eb b\u00ebrtham\u00ebn e vjet\u00ebr t\u00eb qytetit dhe ka vler\u00eb t\u00eb ve\u00e7ant\u00eb kulturo-historike, shoq\u00ebrore dhe ambientale. Ky kompleks \u00ebsht\u00eb formuar me nd\u00ebrtimin e Xhamis\u00eb s\u00eb Gazi Mehmed Pash\u00ebs, ku pastaj rreth saj jan\u00eb nd\u00ebrtuar edhe objekte tjera\u2026","rel":"","context":"In &quot;Kultura&quot;","block_context":{"text":"Kultura","link":"https:\/\/www.shqiperia.com\/blog\/category\/kultura\/"},"img":{"alt_text":"","src":"https:\/\/i0.wp.com\/www.shqiperia.com\/blog\/wp-content\/uploads\/2018\/01\/Kompleksi-i-Lidhjes-Shqiptare-t%C3%AB-Prizrenit-Copy.jpg?fit=359%2C352&ssl=1&resize=350%2C200","width":350,"height":200},"classes":[]}],"_links":{"self":[{"href":"https:\/\/www.shqiperia.com\/blog\/wp-json\/wp\/v2\/posts\/99779","targetHints":{"allow":["GET"]}}],"collection":[{"href":"https:\/\/www.shqiperia.com\/blog\/wp-json\/wp\/v2\/posts"}],"about":[{"href":"https:\/\/www.shqiperia.com\/blog\/wp-json\/wp\/v2\/types\/post"}],"author":[{"embeddable":true,"href":"https:\/\/www.shqiperia.com\/blog\/wp-json\/wp\/v2\/users\/9"}],"replies":[{"embeddable":true,"href":"https:\/\/www.shqiperia.com\/blog\/wp-json\/wp\/v2\/comments?post=99779"}],"version-history":[{"count":2,"href":"https:\/\/www.shqiperia.com\/blog\/wp-json\/wp\/v2\/posts\/99779\/revisions"}],"predecessor-version":[{"id":99782,"href":"https:\/\/www.shqiperia.com\/blog\/wp-json\/wp\/v2\/posts\/99779\/revisions\/99782"}],"wp:featuredmedia":[{"embeddable":true,"href":"https:\/\/www.shqiperia.com\/blog\/wp-json\/wp\/v2\/media\/99780"}],"wp:attachment":[{"href":"https:\/\/www.shqiperia.com\/blog\/wp-json\/wp\/v2\/media?parent=99779"}],"wp:term":[{"taxonomy":"category","embeddable":true,"href":"https:\/\/www.shqiperia.com\/blog\/wp-json\/wp\/v2\/categories?post=99779"},{"taxonomy":"post_tag","embeddable":true,"href":"https:\/\/www.shqiperia.com\/blog\/wp-json\/wp\/v2\/tags?post=99779"}],"curies":[{"name":"wp","href":"https:\/\/api.w.org\/{rel}","templated":true}]}}