{"id":99776,"date":"2026-04-30T21:03:34","date_gmt":"2026-04-30T21:03:34","guid":{"rendered":"https:\/\/www.shqiperia.com\/blog\/?p=99776"},"modified":"2026-04-30T21:03:34","modified_gmt":"2026-04-30T21:03:34","slug":"pranvere-me-debore-zbardhen-zonat-malore-te-kukesit-nuk-shkaktohen-probleme-ne-qarkullim","status":"publish","type":"post","link":"https:\/\/www.shqiperia.com\/blog\/pranvere-me-debore-zbardhen-zonat-malore-te-kukesit-nuk-shkaktohen-probleme-ne-qarkullim\/","title":{"rendered":"Pranver\u00eb me d\u00ebbor\u00eb\/ Zbardhen zonat malore t\u00eb Kuk\u00ebsit, nuk shkaktohen probleme n\u00eb qarkullim"},"content":{"rendered":"<div class=\"firstP\">\n<p><img data-recalc-dims=\"1\" loading=\"lazy\" decoding=\"async\" data-attachment-id=\"99777\" data-permalink=\"https:\/\/www.shqiperia.com\/blog\/pranvere-me-debore-zbardhen-zonat-malore-te-kukesit-nuk-shkaktohen-probleme-ne-qarkullim\/untitled-design-1_sd-6-800x450\/\" data-orig-file=\"https:\/\/i0.wp.com\/www.shqiperia.com\/blog\/wp-content\/uploads\/2026\/04\/Untitled-design-1_sd-6-800x450-1.webp?fit=800%2C450&amp;ssl=1\" data-orig-size=\"800,450\" data-comments-opened=\"1\" data-image-meta=\"{&quot;aperture&quot;:&quot;0&quot;,&quot;credit&quot;:&quot;&quot;,&quot;camera&quot;:&quot;&quot;,&quot;caption&quot;:&quot;&quot;,&quot;created_timestamp&quot;:&quot;0&quot;,&quot;copyright&quot;:&quot;&quot;,&quot;focal_length&quot;:&quot;0&quot;,&quot;iso&quot;:&quot;0&quot;,&quot;shutter_speed&quot;:&quot;0&quot;,&quot;title&quot;:&quot;&quot;,&quot;orientation&quot;:&quot;0&quot;}\" data-image-title=\"Untitled-design-1_sd-6-800&#215;450\" data-image-description=\"\" data-image-caption=\"\" data-medium-file=\"https:\/\/i0.wp.com\/www.shqiperia.com\/blog\/wp-content\/uploads\/2026\/04\/Untitled-design-1_sd-6-800x450-1.webp?fit=300%2C169&amp;ssl=1\" data-large-file=\"https:\/\/i0.wp.com\/www.shqiperia.com\/blog\/wp-content\/uploads\/2026\/04\/Untitled-design-1_sd-6-800x450-1.webp?fit=800%2C450&amp;ssl=1\" class=\"alignnone  wp-image-99777\" alt=\"\" src=\"https:\/\/i0.wp.com\/www.shqiperia.com\/blog\/wp-content\/uploads\/2026\/04\/Untitled-design-1_sd-6-800x450-1.webp?resize=618%2C348&#038;ssl=1\" width=\"618\" height=\"348\" srcset=\"https:\/\/i0.wp.com\/www.shqiperia.com\/blog\/wp-content\/uploads\/2026\/04\/Untitled-design-1_sd-6-800x450-1.webp?resize=300%2C169&amp;ssl=1 300w, https:\/\/i0.wp.com\/www.shqiperia.com\/blog\/wp-content\/uploads\/2026\/04\/Untitled-design-1_sd-6-800x450-1.webp?resize=768%2C432&amp;ssl=1 768w, https:\/\/i0.wp.com\/www.shqiperia.com\/blog\/wp-content\/uploads\/2026\/04\/Untitled-design-1_sd-6-800x450-1.webp?resize=450%2C253&amp;ssl=1 450w, https:\/\/i0.wp.com\/www.shqiperia.com\/blog\/wp-content\/uploads\/2026\/04\/Untitled-design-1_sd-6-800x450-1.webp?resize=600%2C338&amp;ssl=1 600w, https:\/\/i0.wp.com\/www.shqiperia.com\/blog\/wp-content\/uploads\/2026\/04\/Untitled-design-1_sd-6-800x450-1.webp?resize=400%2C225&amp;ssl=1 400w, https:\/\/i0.wp.com\/www.shqiperia.com\/blog\/wp-content\/uploads\/2026\/04\/Untitled-design-1_sd-6-800x450-1.webp?w=800&amp;ssl=1 800w\" sizes=\"auto, (max-width: 618px) 100vw, 618px\" \/><\/p>\n<p>30 Prill 2026<\/p>\n<p>Reshjet e d\u00ebbor\u00ebs jan\u00eb rikthyer s\u00ebrish n\u00eb veri t\u00eb vendit, kryesisht n\u00eb zonat malore t\u00eb Kuk\u00ebsit.<\/p>\n<\/div>\n<p>Fshatra si Turaj, Breki, Shishtavec, Novosej, Borje, Shkinak dhe Buzmadhe jan\u00eb zbardhur pasditen e sotme nga reshjet e bor\u00ebs. Pas reshjeve t\u00eb shiut dhe nj\u00eb r\u00ebnieje t\u00eb ndjeshme t\u00eb temperaturave, bora ka p\u00ebrfshir\u00eb lart\u00ebsit\u00eb mbi 1000 metra.<\/p>\n<p>Deri m\u00eb tani nuk raportohen probleme n\u00eb qarkullimin e mjeteve apo n\u00eb jet\u00ebn e banor\u00ebve.<\/p>\n<p>Autoritetet vijojn\u00eb t\u00eb monitorojn\u00eb situat\u00ebn, nd\u00ebrsa kushtet e motit mbeten t\u00eb paq\u00ebndrueshme.<\/p>\n<p class=\"last\"><strong>Top Channel<\/strong><\/p>\n","protected":false},"excerpt":{"rendered":"<p>30 Prill 2026 Reshjet e d\u00ebbor\u00ebs jan\u00eb rikthyer s\u00ebrish n\u00eb veri t\u00eb vendit, kryesisht n\u00eb zonat malore t\u00eb Kuk\u00ebsit. Fshatra si Turaj, Breki, Shishtavec, Novosej, Borje, Shkinak dhe Buzmadhe jan\u00eb zbardhur pasditen e sotme nga reshjet e bor\u00ebs. Pas reshjeve t\u00eb shiut dhe nj\u00eb r\u00ebnieje t\u00eb ndjeshme t\u00eb temperaturave, bora ka p\u00ebrfshir\u00eb lart\u00ebsit\u00eb mbi 1000 [&hellip;]<\/p>\n","protected":false},"author":9,"featured_media":99777,"comment_status":"open","ping_status":"open","sticky":false,"template":"","format":"standard","meta":{"jetpack_post_was_ever_published":false,"_jetpack_newsletter_access":"","_jetpack_dont_email_post_to_subs":false,"_jetpack_newsletter_tier_id":0,"_jetpack_memberships_contains_paywalled_content":false,"_jetpack_memberships_contains_paid_content":false,"footnotes":"","jetpack_publicize_message":"","jetpack_publicize_feature_enabled":true,"jetpack_social_post_already_shared":true,"jetpack_social_options":{"image_generator_settings":{"template":"highway","default_image_id":0,"font":"","enabled":false},"version":2}},"categories":[1,35],"tags":[],"class_list":["post-99776","post","type-post","status-publish","format-standard","has-post-thumbnail","hentry","category-njoftime-shtypi","category-shoqerore"],"jetpack_publicize_connections":[],"jetpack_featured_media_url":"https:\/\/i0.wp.com\/www.shqiperia.com\/blog\/wp-content\/uploads\/2026\/04\/Untitled-design-1_sd-6-800x450-1.webp?fit=800%2C450&ssl=1","jetpack_sharing_enabled":true,"jetpack_shortlink":"https:\/\/wp.me\/p5Z6wp-pXi","jetpack-related-posts":[{"id":50528,"url":"https:\/\/www.shqiperia.com\/blog\/troket-dimri-ne-shqiperi-temperaturat-bien-dhe-debora-e-pare-zbardh-malet-ne-korce-dhe-kukes-qarkullimi-i-mjeteve-pa-probleme\/","url_meta":{"origin":99776,"position":0},"title":"\u201cTroket\u201d dimri n\u00eb Shqip\u00ebri, temperaturat bien dhe d\u00ebbora e par\u00eb zbardh malet n\u00eb Kor\u00e7\u00eb dhe Kuk\u00ebs. Qarkullimi i mjeteve pa probleme","author":"Kurt Farka","date":"October 14, 2021","format":false,"excerpt":"\u201cTroket\u201d dimri n\u00eb Shqip\u00ebri, temperaturat bien dhe d\u00ebbora e par\u00eb zbardh malet n\u00eb Kor\u00e7\u00eb dhe Kuk\u00ebs. Qarkullimi i mjeteve pa probleme 14 tetor\u00a0 2021 FOTO\/ Zonat malore n\u00eb juglindje dhe veri t\u00eb vendit jan\u00eb zbardhur m\u00ebngjesin e k\u00ebsaj t\u00eb enjteje nga reshjet e para t\u00eb d\u00ebbor\u00ebs, duke paralajm\u00ebruar ardhjen e\u2026","rel":"","context":"In &quot;Blogu i Udh\u00ebtarit&quot;","block_context":{"text":"Blogu i Udh\u00ebtarit","link":"https:\/\/www.shqiperia.com\/blog\/category\/blogu-i-udhetarit\/"},"img":{"alt_text":"","src":"https:\/\/i0.wp.com\/www.shqiperia.com\/blog\/wp-content\/uploads\/2021\/10\/pana-4-905x450-1.jpg?fit=817%2C450&ssl=1&resize=350%2C200","width":350,"height":200,"srcset":"https:\/\/i0.wp.com\/www.shqiperia.com\/blog\/wp-content\/uploads\/2021\/10\/pana-4-905x450-1.jpg?fit=817%2C450&ssl=1&resize=350%2C200 1x, https:\/\/i0.wp.com\/www.shqiperia.com\/blog\/wp-content\/uploads\/2021\/10\/pana-4-905x450-1.jpg?fit=817%2C450&ssl=1&resize=525%2C300 1.5x, https:\/\/i0.wp.com\/www.shqiperia.com\/blog\/wp-content\/uploads\/2021\/10\/pana-4-905x450-1.jpg?fit=817%2C450&ssl=1&resize=700%2C400 2x"},"classes":[]},{"id":98922,"url":"https:\/\/www.shqiperia.com\/blog\/mjegull-e-dendur-stuhi-dhe-reshje-bore-moti-i-keq-godet-kukesin-zbardhet-malesia-disa-keshilla-per-udhetaret-dhe-si-paraqitet-situata-ne-rrugen-e-kombit\/","url_meta":{"origin":99776,"position":1},"title":"Mjegull e dendur, stuhi dhe reshje bore, moti i keq godet Kuk\u00ebsin! Zbardhet mal\u00ebsia, disa k\u00ebshilla p\u00ebr udh\u00ebtar\u00ebt dhe si paraqitet situata n\u00eb \u201cRrug\u00ebn e Kombit\u201d","author":"Kurt Farka","date":"April 1, 2026","format":false,"excerpt":"1 Prill 2026 Temperaturat e ul\u00ebta kan\u00eb sjell\u00eb reshje d\u00ebbore n\u00eb disa zona t\u00eb qarkut t\u00eb Kuk\u00ebsit, kryesisht n\u00eb segmentet e larta malore, ku \u00ebsht\u00eb shfaqur edhe mjegull e dendur. Gjat\u00eb nat\u00ebs dhe n\u00eb or\u00ebt e para t\u00eb m\u00ebngjesit t\u00eb s\u00eb m\u00ebrkur\u00ebs (1 prill), reshjet e d\u00ebbor\u00ebs jan\u00eb regjistruar n\u00eb\u2026","rel":"","context":"In &quot;Njoftime Shtypi&quot;","block_context":{"text":"Njoftime Shtypi","link":"https:\/\/www.shqiperia.com\/blog\/category\/njoftime-shtypi\/"},"img":{"alt_text":"","src":"https:\/\/i0.wp.com\/www.shqiperia.com\/blog\/wp-content\/uploads\/2026\/04\/kukes-bora.jpg?fit=1110%2C617&ssl=1&resize=350%2C200","width":350,"height":200,"srcset":"https:\/\/i0.wp.com\/www.shqiperia.com\/blog\/wp-content\/uploads\/2026\/04\/kukes-bora.jpg?fit=1110%2C617&ssl=1&resize=350%2C200 1x, https:\/\/i0.wp.com\/www.shqiperia.com\/blog\/wp-content\/uploads\/2026\/04\/kukes-bora.jpg?fit=1110%2C617&ssl=1&resize=525%2C300 1.5x, https:\/\/i0.wp.com\/www.shqiperia.com\/blog\/wp-content\/uploads\/2026\/04\/kukes-bora.jpg?fit=1110%2C617&ssl=1&resize=700%2C400 2x, https:\/\/i0.wp.com\/www.shqiperia.com\/blog\/wp-content\/uploads\/2026\/04\/kukes-bora.jpg?fit=1110%2C617&ssl=1&resize=1050%2C600 3x"},"classes":[]},{"id":50385,"url":"https:\/\/www.shqiperia.com\/blog\/aktualitettemperatura-ne-4-grade-ne-zonat-malore-sinoptikania-reshjet-te-pranishme-por-jo-permbytje-dy-episode-te-tjera-ne-tetor-ja-si-do-te-jete-fundjavalexime\/","url_meta":{"origin":99776,"position":2},"title":"Aktualitet\u201cTemperatura n\u00eb 4 grad\u00eb n\u00eb zonat malore\u201d, sinoptikania: &#8211; Reshjet t\u00eb pranishme, por jo p\u00ebrmbytje. Dy episode t\u00eb tjera n\u00eb tetor. Ja si do t\u00eb jet\u00eb fundjavaLexime.","author":"Kurt Farka","date":"October 8, 2021","format":false,"excerpt":"Aktualitet\u201cTemperatura n\u00eb 4 grad\u00eb n\u00eb zonat malore\u201d, sinoptikania: - Reshjet t\u00eb pranishme, por jo p\u00ebrmbytje. Dy episode t\u00eb tjera n\u00eb tetor. Ja si do t\u00eb jet\u00eb fundjavaLexime. - 08.10.21 Do t\u00eb ket\u00eb dhe dy episode reshjesh gjat\u00eb muajit tetor, teksa temperaturat do t\u00eb jen\u00eb n\u00eb vlerat normale t\u00eb vjesht\u00ebs. K\u00ebshtu\u2026","rel":"","context":"In &quot;Blogu i Udh\u00ebtarit&quot;","block_context":{"text":"Blogu i Udh\u00ebtarit","link":"https:\/\/www.shqiperia.com\/blog\/category\/blogu-i-udhetarit\/"},"img":{"alt_text":"","src":"https:\/\/i0.wp.com\/www.shqiperia.com\/blog\/wp-content\/uploads\/2021\/10\/auto_shiu-6273_9937-780x4391626356026-1.jpg?fit=850%2C478&ssl=1&resize=350%2C200","width":350,"height":200,"srcset":"https:\/\/i0.wp.com\/www.shqiperia.com\/blog\/wp-content\/uploads\/2021\/10\/auto_shiu-6273_9937-780x4391626356026-1.jpg?fit=850%2C478&ssl=1&resize=350%2C200 1x, https:\/\/i0.wp.com\/www.shqiperia.com\/blog\/wp-content\/uploads\/2021\/10\/auto_shiu-6273_9937-780x4391626356026-1.jpg?fit=850%2C478&ssl=1&resize=525%2C300 1.5x, https:\/\/i0.wp.com\/www.shqiperia.com\/blog\/wp-content\/uploads\/2021\/10\/auto_shiu-6273_9937-780x4391626356026-1.jpg?fit=850%2C478&ssl=1&resize=700%2C400 2x"},"classes":[]},{"id":80286,"url":"https:\/\/www.shqiperia.com\/blog\/dimer-ne-kukes-debora-zbardh-zonat-malore\/","url_meta":{"origin":99776,"position":3},"title":"\u201cDim\u00ebr\u201d n\u00eb Kuk\u00ebs, d\u00ebbora zbardh zonat malore","author":"Kurt Farka","date":"April 18, 2024","format":false,"excerpt":"18 Prill 2024 KUK\u00cbS\u2013 Pranver\u00eb me d\u00ebbor\u00eb. Ky \u00ebsht\u00eb peizazhi, q\u00eb iu shfaq para syve k\u00ebt\u00eb t\u00eb enjte banor\u00ebve t\u00eb\u00a0 zonave t\u00eb thella malore, kryesisht n\u00eb verilindje t\u00eb Shqip\u00ebris\u00eb. N\u00eb Shishtavec t\u00eb Kuk\u00ebsit reshjet e d\u00ebbor\u00ebs kan\u00eb \u201czbukuruar\u201d zon\u00ebn n\u00eb mes t\u00eb muajit prill. ABC News sjell pamjet fantastike t\u00eb\u2026","rel":"","context":"In &quot;Blogu i Udh\u00ebtarit&quot;","block_context":{"text":"Blogu i Udh\u00ebtarit","link":"https:\/\/www.shqiperia.com\/blog\/category\/blogu-i-udhetarit\/"},"img":{"alt_text":"","src":"https:\/\/i0.wp.com\/www.shqiperia.com\/blog\/wp-content\/uploads\/2024\/04\/debore.jpg?fit=1072%2C645&ssl=1&resize=350%2C200","width":350,"height":200,"srcset":"https:\/\/i0.wp.com\/www.shqiperia.com\/blog\/wp-content\/uploads\/2024\/04\/debore.jpg?fit=1072%2C645&ssl=1&resize=350%2C200 1x, https:\/\/i0.wp.com\/www.shqiperia.com\/blog\/wp-content\/uploads\/2024\/04\/debore.jpg?fit=1072%2C645&ssl=1&resize=525%2C300 1.5x, https:\/\/i0.wp.com\/www.shqiperia.com\/blog\/wp-content\/uploads\/2024\/04\/debore.jpg?fit=1072%2C645&ssl=1&resize=700%2C400 2x, https:\/\/i0.wp.com\/www.shqiperia.com\/blog\/wp-content\/uploads\/2024\/04\/debore.jpg?fit=1072%2C645&ssl=1&resize=1050%2C600 3x"},"classes":[]},{"id":78141,"url":"https:\/\/www.shqiperia.com\/blog\/reshjet-e-bores-ne-vend-probleme-ne-aksin-rrugor-shkoder-dukagjin\/","url_meta":{"origin":99776,"position":4},"title":"Reshjet e bor\u00ebs n\u00eb vend, probleme n\u00eb aksin rrugor Shkod\u00ebr-Dukagjin","author":"Kurt Farka","date":"February 11, 2024","format":false,"excerpt":"11 Shkurt 2024 N\u00eb zonat malore t\u00eb qarkut t\u00eb Shkodr\u00ebs jan\u00eb rikthyer reshjet e bor\u00ebs. Rruga e Vermoshit drejt Mal\u00ebsis\u00eb s\u00eb Madhe dhe aksi n\u00eb Qaf\u00eb-Thore q\u00eb lidh Shkodr\u00ebn me Dukagjinin jan\u00eb m\u00eb problematikat sa i p\u00ebrket reshjeve t\u00eb bor\u00ebs por deri m\u00eb tani nuk kan\u00eb shfaqur probleme pasi jan\u00eb\u2026","rel":"","context":"In &quot;Blogu i Udh\u00ebtarit&quot;","block_context":{"text":"Blogu i Udh\u00ebtarit","link":"https:\/\/www.shqiperia.com\/blog\/category\/blogu-i-udhetarit\/"},"img":{"alt_text":"","src":"https:\/\/i0.wp.com\/www.shqiperia.com\/blog\/wp-content\/uploads\/2024\/02\/800-0-65c8f8fcd04e9.jpg?fit=800%2C399&ssl=1&resize=350%2C200","width":350,"height":200,"srcset":"https:\/\/i0.wp.com\/www.shqiperia.com\/blog\/wp-content\/uploads\/2024\/02\/800-0-65c8f8fcd04e9.jpg?fit=800%2C399&ssl=1&resize=350%2C200 1x, https:\/\/i0.wp.com\/www.shqiperia.com\/blog\/wp-content\/uploads\/2024\/02\/800-0-65c8f8fcd04e9.jpg?fit=800%2C399&ssl=1&resize=525%2C300 1.5x, https:\/\/i0.wp.com\/www.shqiperia.com\/blog\/wp-content\/uploads\/2024\/02\/800-0-65c8f8fcd04e9.jpg?fit=800%2C399&ssl=1&resize=700%2C400 2x"},"classes":[]},{"id":50143,"url":"https:\/\/www.shqiperia.com\/blog\/moti-merr-kthesen-e-madhe-sot-ne-mbremje-zonat-qe-do-perfshihen-nga-reshjet-e-shiut\/","url_meta":{"origin":99776,"position":5},"title":"Moti merr kthes\u00ebn e madhe sot n\u00eb mbr\u00ebmje.\u00a0 &#8211; Zonat q\u00eb do p\u00ebrfshihen nga reshjet e shiut","author":"Kurt Farka","date":"September 27, 2021","format":false,"excerpt":"Moti merr kthes\u00ebn e madhe sot n\u00eb mbr\u00ebmje.\u00a0 - Zonat q\u00eb do p\u00ebrfshihen nga reshjet e shiut 27 SHTATOR 2021 Meteorologia Lajda Porja b\u00ebn t\u00eb ditur se moti me kushte atmosferike t\u00eb paq\u00ebndrueshme ka p\u00ebrfshir\u00eb sot vendin ton\u00eb, duke b\u00ebr\u00eb q\u00eb vran\u00ebsirat t\u00eb jen\u00eb t\u00eb pranishme q\u00eb n\u00eb or\u00ebt e\u2026","rel":"","context":"In &quot;Blogu i Udh\u00ebtarit&quot;","block_context":{"text":"Blogu i Udh\u00ebtarit","link":"https:\/\/www.shqiperia.com\/blog\/category\/blogu-i-udhetarit\/"},"img":{"alt_text":"","src":"https:\/\/i0.wp.com\/www.shqiperia.com\/blog\/wp-content\/uploads\/2021\/09\/moti.jpg?fit=900%2C493&ssl=1&resize=350%2C200","width":350,"height":200,"srcset":"https:\/\/i0.wp.com\/www.shqiperia.com\/blog\/wp-content\/uploads\/2021\/09\/moti.jpg?fit=900%2C493&ssl=1&resize=350%2C200 1x, https:\/\/i0.wp.com\/www.shqiperia.com\/blog\/wp-content\/uploads\/2021\/09\/moti.jpg?fit=900%2C493&ssl=1&resize=525%2C300 1.5x, https:\/\/i0.wp.com\/www.shqiperia.com\/blog\/wp-content\/uploads\/2021\/09\/moti.jpg?fit=900%2C493&ssl=1&resize=700%2C400 2x"},"classes":[]}],"_links":{"self":[{"href":"https:\/\/www.shqiperia.com\/blog\/wp-json\/wp\/v2\/posts\/99776","targetHints":{"allow":["GET"]}}],"collection":[{"href":"https:\/\/www.shqiperia.com\/blog\/wp-json\/wp\/v2\/posts"}],"about":[{"href":"https:\/\/www.shqiperia.com\/blog\/wp-json\/wp\/v2\/types\/post"}],"author":[{"embeddable":true,"href":"https:\/\/www.shqiperia.com\/blog\/wp-json\/wp\/v2\/users\/9"}],"replies":[{"embeddable":true,"href":"https:\/\/www.shqiperia.com\/blog\/wp-json\/wp\/v2\/comments?post=99776"}],"version-history":[{"count":1,"href":"https:\/\/www.shqiperia.com\/blog\/wp-json\/wp\/v2\/posts\/99776\/revisions"}],"predecessor-version":[{"id":99778,"href":"https:\/\/www.shqiperia.com\/blog\/wp-json\/wp\/v2\/posts\/99776\/revisions\/99778"}],"wp:featuredmedia":[{"embeddable":true,"href":"https:\/\/www.shqiperia.com\/blog\/wp-json\/wp\/v2\/media\/99777"}],"wp:attachment":[{"href":"https:\/\/www.shqiperia.com\/blog\/wp-json\/wp\/v2\/media?parent=99776"}],"wp:term":[{"taxonomy":"category","embeddable":true,"href":"https:\/\/www.shqiperia.com\/blog\/wp-json\/wp\/v2\/categories?post=99776"},{"taxonomy":"post_tag","embeddable":true,"href":"https:\/\/www.shqiperia.com\/blog\/wp-json\/wp\/v2\/tags?post=99776"}],"curies":[{"name":"wp","href":"https:\/\/api.w.org\/{rel}","templated":true}]}}