{"id":99773,"date":"2026-04-30T20:03:54","date_gmt":"2026-04-30T20:03:54","guid":{"rendered":"https:\/\/www.shqiperia.com\/blog\/?p=99773"},"modified":"2026-04-30T20:03:54","modified_gmt":"2026-04-30T20:03:54","slug":"balla-u-kap-ne-11-genjeshtra-gjate-seances-e-kishte-kapur-demenca-harresa-nuk-kujtonte-asgje","status":"publish","type":"post","link":"https:\/\/www.shqiperia.com\/blog\/balla-u-kap-ne-11-genjeshtra-gjate-seances-e-kishte-kapur-demenca-harresa-nuk-kujtonte-asgje\/","title":{"rendered":"Balla u kap n\u00eb 11 g\u00ebnjeshtra gjat\u00eb seanc\u00ebs, e kishte kapur demenca (harresa), nuk kujtonte asgj\u00eb"},"content":{"rendered":"<p><img data-recalc-dims=\"1\" loading=\"lazy\" decoding=\"async\" data-attachment-id=\"99774\" data-permalink=\"https:\/\/www.shqiperia.com\/blog\/balla-u-kap-ne-11-genjeshtra-gjate-seances-e-kishte-kapur-demenca-harresa-nuk-kujtonte-asgje\/screenshot_9-1\/\" data-orig-file=\"https:\/\/i0.wp.com\/www.shqiperia.com\/blog\/wp-content\/uploads\/2026\/04\/Screenshot_9-1.png?fit=968%2C612&amp;ssl=1\" data-orig-size=\"968,612\" data-comments-opened=\"1\" data-image-meta=\"{&quot;aperture&quot;:&quot;0&quot;,&quot;credit&quot;:&quot;&quot;,&quot;camera&quot;:&quot;&quot;,&quot;caption&quot;:&quot;&quot;,&quot;created_timestamp&quot;:&quot;0&quot;,&quot;copyright&quot;:&quot;&quot;,&quot;focal_length&quot;:&quot;0&quot;,&quot;iso&quot;:&quot;0&quot;,&quot;shutter_speed&quot;:&quot;0&quot;,&quot;title&quot;:&quot;&quot;,&quot;orientation&quot;:&quot;0&quot;}\" data-image-title=\"Screenshot_9-1\" data-image-description=\"\" data-image-caption=\"\" data-medium-file=\"https:\/\/i0.wp.com\/www.shqiperia.com\/blog\/wp-content\/uploads\/2026\/04\/Screenshot_9-1.png?fit=300%2C190&amp;ssl=1\" data-large-file=\"https:\/\/i0.wp.com\/www.shqiperia.com\/blog\/wp-content\/uploads\/2026\/04\/Screenshot_9-1.png?fit=968%2C612&amp;ssl=1\" class=\"alignnone  wp-image-99774\" alt=\"\" src=\"https:\/\/i0.wp.com\/www.shqiperia.com\/blog\/wp-content\/uploads\/2026\/04\/Screenshot_9-1.png?resize=709%2C449&#038;ssl=1\" width=\"709\" height=\"449\" srcset=\"https:\/\/i0.wp.com\/www.shqiperia.com\/blog\/wp-content\/uploads\/2026\/04\/Screenshot_9-1.png?resize=300%2C190&amp;ssl=1 300w, https:\/\/i0.wp.com\/www.shqiperia.com\/blog\/wp-content\/uploads\/2026\/04\/Screenshot_9-1.png?resize=768%2C486&amp;ssl=1 768w, https:\/\/i0.wp.com\/www.shqiperia.com\/blog\/wp-content\/uploads\/2026\/04\/Screenshot_9-1.png?resize=450%2C285&amp;ssl=1 450w, https:\/\/i0.wp.com\/www.shqiperia.com\/blog\/wp-content\/uploads\/2026\/04\/Screenshot_9-1.png?resize=600%2C379&amp;ssl=1 600w, https:\/\/i0.wp.com\/www.shqiperia.com\/blog\/wp-content\/uploads\/2026\/04\/Screenshot_9-1.png?resize=400%2C253&amp;ssl=1 400w, https:\/\/i0.wp.com\/www.shqiperia.com\/blog\/wp-content\/uploads\/2026\/04\/Screenshot_9-1.png?w=968&amp;ssl=1 968w\" sizes=\"auto, (max-width: 709px) 100vw, 709px\" \/><\/p>\n<p>30 Prill 2026<\/p>\n<p>Gjat\u00eb bised\u00ebs <span>\u00a0Jamarb\u00ebr Malltezi<\/span> me moderatoren Armela Ferko, Malltezi u shpreh se, Balla nuk ishte n\u00eb gjendje t\u00eb mb\u00ebshteste me prova asnj\u00eb nga pretendimet e tij. \u2018P\u00ebr t\u00eb gjitha pyetjet q\u00eb u pyet, a keni fakt, a keni prov\u00eb, tha ose nuk m\u00eb kujtohet, ose \u00ebsht\u00eb n\u00eb vler\u00ebsimin tim\u2019, deklaroi Malltezi, duke shtuar se deputeti socialist luajti \u2018rolin e demenc\u00ebs\u2019 gjat\u00eb gjith\u00eb seanc\u00ebs.<\/p>\n<p>Malltezi tha se gjat\u00eb pyetjeve arriti t\u00eb kapte Ball\u00ebn n\u00eb t\u00eb pakt\u00ebn 11 g\u00ebnjeshtra t\u00eb dokumentuara, nd\u00ebr t\u00eb cilat edhe mosnjohja e nj\u00eb dokumenti q\u00eb vet\u00eb Balla e kishte dor\u00ebzuar n\u00eb prokurori, i shoq\u00ebruar me num\u00ebr protokolli dhe dat\u00eb. \u2018Si mund t\u00eb shkosh me shtat\u00eb, e deri n\u00eb fund me nj\u00ebmb\u00ebdhjet\u00eb, g\u00ebnjeshtra para gjykat\u00ebs?\u2019 u shpreh Malltezi.<\/p>\n<p><em>\u2018Sot ishte nj\u00eb moment p\u00ebr t\u00eb par\u00eb q\u00eb fatkeq\u00ebsisht Ball\u00ebn e ka z\u00ebn\u00eb demenca e parakohshme. Balla p\u00ebr t\u00eb gjith\u00eb pyetjet q\u00eb u pyet, a keni fakt, a keni prov\u00eb, p\u00ebr t\u00eb gjitha tha ose nuk m\u00eb kujtohet, ose tha \u00ebsht\u00eb n\u00eb vler\u00ebsimin tim. Kur u pyet p\u00ebr prova tha nuk kam, \u00ebsht\u00eb n\u00eb vler\u00ebsimin tim.<\/em><\/p>\n<p><em>Ku e bazoni k\u00ebt\u00eb q\u00eb keni deklaruar? E bazoj ose n\u00eb vler\u00ebsimin tim, ose n\u00eb informacione nga mediat, kryesisht nga Shqiptarja.com. K\u00ebt\u00eb e tha vet\u00eb. Dhe \u00ebsht\u00eb p\u00ebr t\u00eb ardhur keq q\u00eb ka b\u00ebr\u00eb nj\u00eb kall\u00ebzim n\u00eb t\u00eb cilin nuk i referohet n\u00eb kall\u00ebzim asnj\u00eb media, asnj\u00eb fakti nga media, b\u00ebn insinuata n\u00eb kall\u00ebzim t\u00eb rreme.<\/em><\/p>\n<p><em>Dhe tani nuk i del p\u00ebr zot asnj\u00ebr\u00ebs prej tyre, po n\u00eb fakt b\u00ebn sikur e ka z\u00ebn\u00eb demenca. Pra, sikur nuk i kujtohej t\u00eb gjitha. Po, qartazi ai priste q\u00eb toka t\u00eb ishte e shpron\u00ebsuar, si\u00e7 e ka deklaruar. Dhe po t\u00eb kemi parasysh, n\u00eb kall\u00ebzimin e tij ai e ka th\u00ebn\u00eb n\u00eb vet\u00eb t\u00eb par\u00eb, nuk e ka th\u00ebn\u00eb un\u00eb vler\u00ebsoj, un\u00eb gjykoj, un\u00eb dyshoj. Po e ka th\u00ebn\u00eb, k\u00ebto gjasme pronar\u00eb bile, jan\u00eb shpron\u00ebsuar nga Italia.<\/em><\/p>\n<p><em>Sot u zhduk, e kishte z\u00ebn\u00eb demenca, nuk e p\u00ebrmendi fare. Ju desh q\u00eb t&#8217;ia p\u00ebrmendte prokurorja, ore shiko, p\u00ebr pron\u00ebn, ke ndonj\u00eb gj\u00eb ti? Dhe aty e drodhi, aty tha; shiko, n\u00eb vler\u00ebsimin tim un\u00eb mendoj k\u00ebshtu. Nd\u00ebrkoh\u00eb q\u00eb e ka shkruajtur ndryshe.<\/em><\/p>\n<p><em>Pra ky person dhe kur u ballafaqua q\u00eb ti ke th\u00ebn\u00eb ndryshe, pra e ke paraqitur n\u00eb kall\u00ebzim ndryshe, dhe tani po thua ndryshe, tha, po un\u00eb ato q\u00eb kam pasur i kam shkruar, tani nuk i mbaj mend, kan\u00eb kaluar pes\u00eb-gjasht\u00eb vite. Dometh\u00ebn\u00eb luajti, luajti rolin e demenc\u00ebs.<\/em><\/p>\n<p><em>Kur i tha, ore, e shoq\u00ebron me fakt ti k\u00ebt\u00eb? E shoq\u00ebroj vet\u00ebm me ato q\u00eb jan\u00eb b\u00ebr\u00eb publike nga mediat.<\/em><\/p>\n<p><em>U tha, ore, na jep nj\u00eb prov\u00eb, na jep nj\u00eb ligj, cili ligj \u00ebsht\u00eb shkelur? Jo, un\u00eb k\u00ebshtu e gjykoj. Pra p\u00ebr t\u00eb gjitha Balla nuk kishte asnj\u00eb prov\u00eb, asnj\u00eb fakt, asnj\u00eb ligj q\u00eb t\u00eb referohej, po thjesht thonte, un\u00eb k\u00ebshtu e vler\u00ebsoj n\u00eb mendimin tim dhe un\u00eb k\u00ebt\u00eb e kam d\u00ebgjuar nga mediat. Dometh\u00ebn\u00eb ishte nj\u00eb, nj\u00eb d\u00ebshmi, dukej e nj\u00eb personi t\u00eb kapur n\u00eb faj, t\u00eb kapur n\u00eb g\u00ebnjesht\u00ebr, q\u00eb p\u00ebrpiqej t&#8217;i p\u00ebrvidhej.<\/em><\/p>\n<p><em>Shiko, ne sot pam\u00eb dy gj\u00ebra. E para ishte kjo p\u00ebrvjedhja dhe ikja, p\u00ebrvjedhja e Taulant Ball\u00ebs nga ato q\u00eb ka shkruar. Pra qartazi tregon q\u00eb ky nuk kishte fakte. N\u00eb nj\u00eb moment q\u00eb u pa aty p\u00ebr fat t\u00eb keq nuk e kan\u00eb kapur mir\u00eb gazetar\u00ebt, Balla deklaroi aty q\u00eb un\u00eb kam l\u00ebn\u00eb 10 detyra prokuror\u00ebve q\u00eb t\u00eb ndjekin. Dhe kjo \u00ebsht\u00eb shum\u00eb e r\u00ebnd\u00eb.<\/em><\/p>\n<p><em>Pra, kryetari i grupit parlamentar t\u00eb PS-s\u00eb i l\u00eb detyra sht\u00ebpie prokuror\u00ebve dhe prokuror\u00ebt bien n\u00eb sh\u00ebrbim t\u00eb politik\u00ebs. Dhe kjo \u00ebsht\u00eb e r\u00ebnd\u00eb. Dometh\u00ebn\u00eb u tha aty, u d\u00ebgjua nga t\u00eb gjith\u00eb. \u00cb, fakti q\u00eb Taulant Balla u provokua dhe nuk tregoi dot asnj\u00eb fakt, asnj\u00eb ligj, asnj\u00eb gj\u00eb, po thjesht opinionet e tij, e zhb\u00ebn procesin.<\/em><\/p>\n<p><em>Por duhet th\u00ebn\u00eb edhe dy momente t\u00eb tjera. Nj\u00eb moment ishte shum\u00eb interesant kur arriti Taulant Balla t\u00eb t\u00eb \u00e7udis\u00eb apo t\u00eb shfytyroj\u00eb dhe avokatin Klodian Sk\u00ebnderaj, q\u00eb \u00ebsht\u00eb nj\u00eb qytetar Vlore i shk\u00eblqyer, shum\u00eb i qet\u00eb, q\u00eb nuk \u00e7uditet nga natyra. Mir\u00ebpo g\u00ebnjeshtrat e Taulant Ball\u00ebs ishin kaq t\u00eb paftyra, saq\u00eb t\u00eb linin pa tekst. Sepse nd\u00ebr pyetjet q\u00eb i b\u00ebri ishte, a e keni dor\u00ebzuar, a keni dor\u00ebzuar dokumente shoq\u00ebrues n\u00eb k\u00ebt\u00eb \u00eb kall\u00ebzim, n\u00eb deklarat\u00eb? Dhe tha jo.<\/em><\/p>\n<p><em>Ju kujtua q\u00eb, ore shiko, un\u00eb kam k\u00ebt\u00eb dhe ka dhe dokumente shoq\u00ebrues. Po, po pastaj jo se mbaj mend se kan\u00eb kaluar gjat\u00eb. Mir\u00eb. Pastaj i tha, te kjo q\u00eb ke sh\u00ebnuar, ti ke th\u00ebn\u00eb k\u00ebt\u00eb dokument. Dhe ja citoi numrin e dokumentit.<\/em><\/p>\n<p><em>T\u00eb t\u00eb kujtoj v\u00ebmendjen dhe i thot\u00eb, sepse gjith\u00eb ideja ishte te pron\u00ebsia. Taulant Balla kishte paraqitur nj\u00eb let\u00ebr t\u00eb 94-s p\u00ebr nj\u00eb familje krejt tjet\u00ebr dhe thonte, p\u00ebrderisa i \u00ebsht\u00eb dh\u00ebn\u00eb k\u00ebsaj familje, duhet t&#8217;i shpron\u00ebsohet tek kjo familje. Nj\u00eb lloj si t\u00eb thuash, meq\u00ebn\u00ebse ka vjedhur Belinda Balluku me tunelin, duhet t\u00eb ket\u00eb vjedhur dhe Taulant Balla me tunelin.<\/em><\/p>\n<p><em>Gj\u00eb e cila, dometh\u00ebn\u00eb, prokurori nuk ta merr apriori. Dometh\u00ebn\u00eb do t\u00eb thot\u00eb, ore, ku e ke faktin? Dhe k\u00ebtu natyrisht prokuror\u00ebt q\u00eb jan\u00eb t\u00eb n\u00ebnshtruar ndaj Taulant Ball\u00ebs nuk e kishin pyetur. Po nd\u00ebrkoh\u00eb avokati jon\u00eb i tha, ore, urdh\u00ebro, po t\u00eb kujtoj, po t\u00eb rifreskoj kujtes\u00ebn.<\/em><\/p>\n<p><em>Po t\u00eb jap k\u00ebt\u00eb dokument q\u00eb ti e ke paraqitur vet\u00eb. Dhe \u00ebsht\u00eb sh\u00ebnuar kur e ka marr\u00eb prokurorja, e ka sh\u00ebnuar me num\u00ebr protokolli, me dat\u00ebn e t\u00eb gjitha. Ja tha Taulanti, a e ke fjal\u00ebn p\u00ebr k\u00ebt\u00eb dokument i tha? Jo, tha, e kam fjal\u00ebn p\u00ebr dokument tjet\u00ebr. Aty iku, iku pastaj edhe nga normaliteti dhe avokati, q\u00eb \u00ebsht\u00eb shum\u00eb, shum\u00eb i civilizuar.<\/em><\/p>\n<p><em>Thot\u00eb, si, si mund t\u00eb shkosh deri n\u00eb k\u00ebt\u00eb g\u00ebnjesht\u00ebr t\u00eb till\u00eb dometh\u00ebn\u00eb? N\u00eb t\u00eb cilin ti t\u00eb g\u00ebnjesh p\u00ebr at\u00eb q\u00eb e ke dor\u00ebzuar vet\u00eb, q\u00eb e ke me dokument t\u00eb shkruar, q\u00eb i referohesh edhe prokuroria e gjith\u00eb me radh\u00eb. K\u00ebshtu q\u00eb qartazi Taulant Balla ishte n\u00eb pozit\u00ebn e personit i cili ka b\u00ebr\u00eb nj\u00eb kall\u00ebzim t\u00eb rrem\u00eb, q\u00eb donte t&#8217;i shmangej kall\u00ebzimit t\u00eb rrem\u00eb duke th\u00ebn\u00eb q\u00eb i kam t\u00eb d\u00ebgjuara nga mediat, nd\u00ebrkoh\u00eb q\u00eb n\u00eb kall\u00ebzim nuk p\u00ebrmend asnj\u00eb nga mediat, q\u00eb u kap n\u00eb g\u00ebnjesht\u00ebr t\u00eb pakt\u00ebn 11 her\u00eb q\u00eb i kam listuar un\u00eb.<\/em><\/p>\n<p><em>Po t\u00eb kemi parasysh dhe gjat\u00eb, dhe gjat\u00eb seanc\u00ebs, nd\u00ebrkoh\u00eb q\u00eb un\u00eb po e pyesja, ky b\u00ebri dhe un\u00eb nd\u00ebrkoh\u00eb i kisha kapur nja shtat\u00eb g\u00ebnjeshtra. Po, dhe ju lutem regjia dhe shpres\u00ebn, n\u00ebse \u00ebsht\u00eb e mundur me list\u00ebn. Nuk mbajta veten, ore, shiko, deri tani ke th\u00ebn\u00eb shtat\u00eb g\u00ebnjeshtra, si mund t\u00eb shkosh me shtat\u00eb g\u00ebnjeshtra dometh\u00ebn\u00eb para gjykat\u00ebs?<\/em><\/p>\n<p><em>Mir\u00ebpo deri n\u00eb fund shkuan 11 ato. Nj\u00eb gj\u00eb tjet\u00ebr shum\u00eb interesante gjithashtu, \u00ebsht\u00eb q\u00eb edhe nj\u00eb, nj\u00eb person tjet\u00ebr i sjell\u00eb nga akuza, gjithashtu kishte shkruar let\u00ebr, Isa Tare, kishte shkruar let\u00ebr q\u00eb nuk \u00ebsht\u00eb n\u00eb gjendje t\u00eb, t\u00eb p\u00ebrgjigjet, se e ka kapur demenca.<\/em><\/p>\n<p><em>Pse \u00ebsht\u00eb interesant ky? Si moment? I kap, i kap demenca t\u00eb gjith\u00eb k\u00ebto, k\u00ebto militant\u00ebt e PS-s\u00eb q\u00eb b\u00ebjn\u00eb kall\u00ebzime t\u00eb rreme, b\u00ebjn\u00eb deklarata t\u00eb rreme dhe pastaj i kap demenca. Dhe kjo p\u00ebrb\u00ebn vetvete kjo nj\u00eb p\u00ebrgjegj\u00ebsi penale n\u00eb fund t\u00eb dit\u00ebs? Sigurisht ky do duhet t\u00eb ishte n\u00eb nj\u00eb moment, do duhet t\u00eb jet\u00eb ndonj\u00eb moment t\u00eb dyt\u00eb, po a krijohet baza drejt k\u00ebsaj?<\/em><\/p>\n<p><em>Sepse jan\u00eb b\u00ebr\u00eb disa \u00eb deklarata t\u00eb forta, si p\u00ebr sa i p\u00ebrket asaj, kan\u00eb dal\u00eb me kompetenc\u00eb dhe n\u00eb studio televizive, jo vet\u00ebm k\u00ebshtu zoti Balla, por edhe t\u00eb tjer\u00eb\u2019,<span>\u00a0<\/span><\/em>tha Jamarb\u00ebr Malltezi n\u00eb SYRI TV.<\/p>\n","protected":false},"excerpt":{"rendered":"<p>30 Prill 2026 Gjat\u00eb bised\u00ebs \u00a0Jamarb\u00ebr Malltezi me moderatoren Armela Ferko, Malltezi u shpreh se, Balla nuk ishte n\u00eb gjendje t\u00eb mb\u00ebshteste me prova asnj\u00eb nga pretendimet e tij. \u2018P\u00ebr t\u00eb gjitha pyetjet q\u00eb u pyet, a keni fakt, a keni prov\u00eb, tha ose nuk m\u00eb kujtohet, ose \u00ebsht\u00eb n\u00eb vler\u00ebsimin tim\u2019, deklaroi Malltezi, duke [&hellip;]<\/p>\n","protected":false},"author":9,"featured_media":99774,"comment_status":"open","ping_status":"open","sticky":false,"template":"","format":"standard","meta":{"jetpack_post_was_ever_published":false,"_jetpack_newsletter_access":"","_jetpack_dont_email_post_to_subs":false,"_jetpack_newsletter_tier_id":0,"_jetpack_memberships_contains_paywalled_content":false,"_jetpack_memberships_contains_paid_content":false,"footnotes":"","jetpack_publicize_message":"","jetpack_publicize_feature_enabled":true,"jetpack_social_post_already_shared":true,"jetpack_social_options":{"image_generator_settings":{"template":"highway","default_image_id":0,"font":"","enabled":false},"version":2}},"categories":[27,10,2,35],"tags":[],"class_list":["post-99773","post","type-post","status-publish","format-standard","has-post-thumbnail","hentry","category-blogu-i-udhetarit","category-kultura","category-politika","category-shoqerore"],"jetpack_publicize_connections":[],"jetpack_featured_media_url":"https:\/\/i0.wp.com\/www.shqiperia.com\/blog\/wp-content\/uploads\/2026\/04\/Screenshot_9-1.png?fit=968%2C612&ssl=1","jetpack_sharing_enabled":true,"jetpack_shortlink":"https:\/\/wp.me\/p5Z6wp-pXf","jetpack-related-posts":[{"id":97069,"url":"https:\/\/www.shqiperia.com\/blog\/taulant-balla-del-ne-komunikim-me-banda-kriminale-zbardhet-dokumenti-hetimet-ndaj-suel-celes-implikojne\/","url_meta":{"origin":99773,"position":0},"title":"Taulant Balla del n\u00eb komunikim me banda kriminale, zbardhet dokumenti, hetimet ndaj Suel \u00c7el\u00ebs implikojn\u00eb\u2026","author":"Kurt Farka","date":"January 29, 2026","format":false,"excerpt":"29 Janar 2026 Nga: Gazeta Sot Taulant Balla del n\u00eb komunikim me banda kriminale, zbardhet dokumenti, hetimet ndaj Suel \u00c7el\u00ebs implikojn\u00eb kreun e grupit t\u00eb PS, dalin detajet nga p\u00ebrgjimet n\u00eb dosjen hetimore Hetimet e zhvilluara ndaj Suel \u00c7el\u00ebs kan\u00eb nxjerr\u00eb n\u00eb drit\u00eb p\u00ebrgjime q\u00eb, sipas dokumenteve hetimore, implikojn\u00eb edhe\u2026","rel":"","context":"In &quot;Blogu i Udh\u00ebtarit&quot;","block_context":{"text":"Blogu i Udh\u00ebtarit","link":"https:\/\/www.shqiperia.com\/blog\/category\/blogu-i-udhetarit\/"},"img":{"alt_text":"","src":"https:\/\/i0.wp.com\/www.shqiperia.com\/blog\/wp-content\/uploads\/2026\/01\/foto-5-2-1140x570-1.jpeg?fit=1140%2C570&ssl=1&resize=350%2C200","width":350,"height":200,"srcset":"https:\/\/i0.wp.com\/www.shqiperia.com\/blog\/wp-content\/uploads\/2026\/01\/foto-5-2-1140x570-1.jpeg?fit=1140%2C570&ssl=1&resize=350%2C200 1x, https:\/\/i0.wp.com\/www.shqiperia.com\/blog\/wp-content\/uploads\/2026\/01\/foto-5-2-1140x570-1.jpeg?fit=1140%2C570&ssl=1&resize=525%2C300 1.5x, https:\/\/i0.wp.com\/www.shqiperia.com\/blog\/wp-content\/uploads\/2026\/01\/foto-5-2-1140x570-1.jpeg?fit=1140%2C570&ssl=1&resize=700%2C400 2x, https:\/\/i0.wp.com\/www.shqiperia.com\/blog\/wp-content\/uploads\/2026\/01\/foto-5-2-1140x570-1.jpeg?fit=1140%2C570&ssl=1&resize=1050%2C600 3x"},"classes":[]},{"id":84721,"url":"https:\/\/www.shqiperia.com\/blog\/a-do-kandidoje-per-deputete-ne-zgjedhjet-e-ardhshme-argita-malltezi-seshte-ne-planin-tim-primar-do-e-konsideroja-vetem-nese\/","url_meta":{"origin":99773,"position":1},"title":"A do kandidoj\u00eb p\u00ebr deputete n\u00eb zgjedhjet e ardhshme? Argita Malltezi: &#8211; S\u2019\u00ebsht\u00eb n\u00eb planin tim primar, do e konsideroja vet\u00ebm n\u00ebse\u2026","author":"Kurt Farka","date":"September 19, 2024","format":false,"excerpt":"19 Shtator 2024 Vajza e ish-kryeministrit Sali Berisha, Argita Malltezi, ka treguar n\u00ebse do t\u00eb jet\u00eb ajo q\u00eb do t\u00eb marr\u00eb drejtimin e Partis\u00eb Demokratike, nisur nga fakti q\u00eb Berisha si drejtues ndodhet n\u00eb arrest sht\u00ebpie dhe n\u00ebn hetim nga SPAK. Malltezi u shpreh se ajo nuk \u00ebsht\u00eb plani B\u2026","rel":"","context":"In &quot;Blogu i Udh\u00ebtarit&quot;","block_context":{"text":"Blogu i Udh\u00ebtarit","link":"https:\/\/www.shqiperia.com\/blog\/category\/blogu-i-udhetarit\/"},"img":{"alt_text":"","src":"https:\/\/i0.wp.com\/www.shqiperia.com\/blog\/wp-content\/uploads\/2024\/09\/argita-.jpg?fit=869%2C558&ssl=1&resize=350%2C200","width":350,"height":200,"srcset":"https:\/\/i0.wp.com\/www.shqiperia.com\/blog\/wp-content\/uploads\/2024\/09\/argita-.jpg?fit=869%2C558&ssl=1&resize=350%2C200 1x, https:\/\/i0.wp.com\/www.shqiperia.com\/blog\/wp-content\/uploads\/2024\/09\/argita-.jpg?fit=869%2C558&ssl=1&resize=525%2C300 1.5x, https:\/\/i0.wp.com\/www.shqiperia.com\/blog\/wp-content\/uploads\/2024\/09\/argita-.jpg?fit=869%2C558&ssl=1&resize=700%2C400 2x"},"classes":[]},{"id":84506,"url":"https:\/\/www.shqiperia.com\/blog\/a-do-te-kandidoje-per-deputete-ja-si-pergjigjet-argita-malltezi-nese-do-kandidoi-do-jem-pjese-e-listave-te-hapura\/","url_meta":{"origin":99773,"position":2},"title":"A do t\u00eb kandidoj\u00eb p\u00ebr deputete? Ja si p\u00ebrgjigjet Argita Malltezi. &#8211; N\u00ebse do kandidoi, do jem pjes\u00eb e listave t\u00eb hapura.","author":"Kurt Farka","date":"September 14, 2024","format":false,"excerpt":"14 Shtator 2024 Argita Malltezi, vajza e ish-kryeministrit Sali Berisha ishte e ftuar n\u00eb nj\u00eb program televiziv, ku foli edhe rreth mund\u00ebsis\u00eb p\u00ebr t\u00eb kandiduar si deputete n\u00eb zgjedhjet e ardhshme parlamentare. Teksa tregoi se ende nuk ka vendimmarrje prej saj p\u00ebr k\u00ebt\u00eb \u00e7\u00ebshtje, vajza e ish-kryeministrit u shpreh se\u2026","rel":"","context":"In &quot;Blogu i Udh\u00ebtarit&quot;","block_context":{"text":"Blogu i Udh\u00ebtarit","link":"https:\/\/www.shqiperia.com\/blog\/category\/blogu-i-udhetarit\/"},"img":{"alt_text":"","src":"https:\/\/i0.wp.com\/www.shqiperia.com\/blog\/wp-content\/uploads\/2024\/09\/Argita-Malltezi-2-750x422-1.jpg?fit=750%2C422&ssl=1&resize=350%2C200","width":350,"height":200,"srcset":"https:\/\/i0.wp.com\/www.shqiperia.com\/blog\/wp-content\/uploads\/2024\/09\/Argita-Malltezi-2-750x422-1.jpg?fit=750%2C422&ssl=1&resize=350%2C200 1x, https:\/\/i0.wp.com\/www.shqiperia.com\/blog\/wp-content\/uploads\/2024\/09\/Argita-Malltezi-2-750x422-1.jpg?fit=750%2C422&ssl=1&resize=525%2C300 1.5x, https:\/\/i0.wp.com\/www.shqiperia.com\/blog\/wp-content\/uploads\/2024\/09\/Argita-Malltezi-2-750x422-1.jpg?fit=750%2C422&ssl=1&resize=700%2C400 2x"},"classes":[]},{"id":95811,"url":"https:\/\/www.shqiperia.com\/blog\/avokatja-e-dosjes-partizani-spak-ne-aktet-e-formulimit-te-akuzes-nuk-ka-parashtruar-fakte\/","url_meta":{"origin":99773,"position":3},"title":"Avokatja e Dosjes Partizani: &#8211; SPAK n\u00eb aktet e formulimit t\u00eb akuz\u00ebs nuk ka parashtruar fakte","author":"Kurt Farka","date":"December 22, 2025","format":false,"excerpt":"22 Dhjetor 2025 Ka nisur seanca gjyq\u00ebsore p\u00ebr dosjen \u2018Partizani\u2019. Avokatja e ish kryeministrit Sali Berisha, Klodiana Gjyzari sapo ka nisur parashtrimet. Mbrojtja e kreut t\u00eb PD, argumenton se SPAK nuk ka asnj\u00eb prov\u00eb apo veprim konkret se \u00e7far\u00eb ka b\u00ebr\u00eb Berisha. \u201cSPAK si n\u00eb aktet e formulimit t\u00eb akuz\u00ebs\u2026","rel":"","context":"In &quot;Blogu i Udh\u00ebtarit&quot;","block_context":{"text":"Blogu i Udh\u00ebtarit","link":"https:\/\/www.shqiperia.com\/blog\/category\/blogu-i-udhetarit\/"},"img":{"alt_text":"","src":"https:\/\/i0.wp.com\/www.shqiperia.com\/blog\/wp-content\/uploads\/2025\/12\/SPAKK.jpeg?fit=780%2C440&ssl=1&resize=350%2C200","width":350,"height":200,"srcset":"https:\/\/i0.wp.com\/www.shqiperia.com\/blog\/wp-content\/uploads\/2025\/12\/SPAKK.jpeg?fit=780%2C440&ssl=1&resize=350%2C200 1x, https:\/\/i0.wp.com\/www.shqiperia.com\/blog\/wp-content\/uploads\/2025\/12\/SPAKK.jpeg?fit=780%2C440&ssl=1&resize=525%2C300 1.5x, https:\/\/i0.wp.com\/www.shqiperia.com\/blog\/wp-content\/uploads\/2025\/12\/SPAKK.jpeg?fit=780%2C440&ssl=1&resize=700%2C400 2x"},"classes":[]},{"id":29213,"url":"https:\/\/www.shqiperia.com\/blog\/malltezi-16-pyetje-qe-top-channel-nuk-guxoi-ti-bente-dje-ne-emision\/","url_meta":{"origin":99773,"position":4},"title":"Malltezi: 16 pyetje q\u00eb Top Channel nuk guxoi t\u2019i b\u00ebnte dje n\u00eb emision. &#8211;","author":"Kurt Farka","date":"December 12, 2019","format":false,"excerpt":"Malltezi: 16 pyetje q\u00eb Top Channel nuk guxoi t\u2019i b\u00ebnte dje n\u00eb emision Nga Gazeta Telegraf 11 Dhjetor, 2019 Nga\u00a0Jamarb\u00ebr Malltezi: Dje media e Blushit dhe oligark\u00ebve t\u00eb tjere u rrek t\u00eb na tregonte se fajin p\u00ebr t\u00ebrmetin e kishin nd\u00ebrtuesit dhe xhuxhi. Nd\u00ebrsa p\u00ebr Edi Ram\u00ebn, asgj\u00eb, p\u00ebrve\u00e7 vones\u00ebs\u2026","rel":"","context":"In &quot;Blogu i Udh\u00ebtarit&quot;","block_context":{"text":"Blogu i Udh\u00ebtarit","link":"https:\/\/www.shqiperia.com\/blog\/category\/blogu-i-udhetarit\/"},"img":{"alt_text":"","src":"https:\/\/i0.wp.com\/www.shqiperia.com\/blog\/wp-content\/uploads\/2019\/12\/Edi-Rama-4.jpg?fit=628%2C424&ssl=1&resize=350%2C200","width":350,"height":200,"srcset":"https:\/\/i0.wp.com\/www.shqiperia.com\/blog\/wp-content\/uploads\/2019\/12\/Edi-Rama-4.jpg?fit=628%2C424&ssl=1&resize=350%2C200 1x, https:\/\/i0.wp.com\/www.shqiperia.com\/blog\/wp-content\/uploads\/2019\/12\/Edi-Rama-4.jpg?fit=628%2C424&ssl=1&resize=525%2C300 1.5x"},"classes":[]},{"id":92464,"url":"https:\/\/www.shqiperia.com\/blog\/skandali-malltezi-giro-ditalia-organizohet-nga-privati-edi-rama-i-jep-7-milion-e-para-publike\/","url_meta":{"origin":99773,"position":5},"title":"Skandali\/ Malltezi: &#8211; Giro d\u2019Italia organizohet nga privati, Edi Rama i jep 7 milion \u20ac para publike","author":"Kurt Farka","date":"May 9, 2025","format":false,"excerpt":"9 Maji 2025 Drejtuesi i Departamentit t\u00eb Mjedisit n\u00eb PD Jamarb\u00ebr Malltezi, ka reaguar me nj\u00eb sh\u00ebnim n\u00eb faqen e tij n\u00eb facebook pas publikimit t\u00eb lajmit se Edi Rama ka paguar 7 milion \u20ac para publike p\u00ebr Giro d\u2019Italia. \u201cGiro d\u2019Italia organizohet nga privati, Edi Rama i jep 7\u2026","rel":"","context":"In &quot;Njoftime Shtypi&quot;","block_context":{"text":"Njoftime Shtypi","link":"https:\/\/www.shqiperia.com\/blog\/category\/njoftime-shtypi\/"},"img":{"alt_text":"","src":"https:\/\/i0.wp.com\/www.shqiperia.com\/blog\/wp-content\/uploads\/2025\/05\/0-2025-05-02T142434.092.jpg?fit=1200%2C675&ssl=1&resize=350%2C200","width":350,"height":200,"srcset":"https:\/\/i0.wp.com\/www.shqiperia.com\/blog\/wp-content\/uploads\/2025\/05\/0-2025-05-02T142434.092.jpg?fit=1200%2C675&ssl=1&resize=350%2C200 1x, https:\/\/i0.wp.com\/www.shqiperia.com\/blog\/wp-content\/uploads\/2025\/05\/0-2025-05-02T142434.092.jpg?fit=1200%2C675&ssl=1&resize=525%2C300 1.5x, https:\/\/i0.wp.com\/www.shqiperia.com\/blog\/wp-content\/uploads\/2025\/05\/0-2025-05-02T142434.092.jpg?fit=1200%2C675&ssl=1&resize=700%2C400 2x, https:\/\/i0.wp.com\/www.shqiperia.com\/blog\/wp-content\/uploads\/2025\/05\/0-2025-05-02T142434.092.jpg?fit=1200%2C675&ssl=1&resize=1050%2C600 3x"},"classes":[]}],"_links":{"self":[{"href":"https:\/\/www.shqiperia.com\/blog\/wp-json\/wp\/v2\/posts\/99773","targetHints":{"allow":["GET"]}}],"collection":[{"href":"https:\/\/www.shqiperia.com\/blog\/wp-json\/wp\/v2\/posts"}],"about":[{"href":"https:\/\/www.shqiperia.com\/blog\/wp-json\/wp\/v2\/types\/post"}],"author":[{"embeddable":true,"href":"https:\/\/www.shqiperia.com\/blog\/wp-json\/wp\/v2\/users\/9"}],"replies":[{"embeddable":true,"href":"https:\/\/www.shqiperia.com\/blog\/wp-json\/wp\/v2\/comments?post=99773"}],"version-history":[{"count":1,"href":"https:\/\/www.shqiperia.com\/blog\/wp-json\/wp\/v2\/posts\/99773\/revisions"}],"predecessor-version":[{"id":99775,"href":"https:\/\/www.shqiperia.com\/blog\/wp-json\/wp\/v2\/posts\/99773\/revisions\/99775"}],"wp:featuredmedia":[{"embeddable":true,"href":"https:\/\/www.shqiperia.com\/blog\/wp-json\/wp\/v2\/media\/99774"}],"wp:attachment":[{"href":"https:\/\/www.shqiperia.com\/blog\/wp-json\/wp\/v2\/media?parent=99773"}],"wp:term":[{"taxonomy":"category","embeddable":true,"href":"https:\/\/www.shqiperia.com\/blog\/wp-json\/wp\/v2\/categories?post=99773"},{"taxonomy":"post_tag","embeddable":true,"href":"https:\/\/www.shqiperia.com\/blog\/wp-json\/wp\/v2\/tags?post=99773"}],"curies":[{"name":"wp","href":"https:\/\/api.w.org\/{rel}","templated":true}]}}