{"id":99770,"date":"2026-04-30T19:56:39","date_gmt":"2026-04-30T19:56:39","guid":{"rendered":"https:\/\/www.shqiperia.com\/blog\/?p=99770"},"modified":"2026-04-30T19:56:39","modified_gmt":"2026-04-30T19:56:39","slug":"shkolla-e-athines-aty-ku-raffaeli-skaliti-me-penel-dhe-ngjyrje-korifejt-e-historise-se-dijes-dhe-filozofise","status":"publish","type":"post","link":"https:\/\/www.shqiperia.com\/blog\/shkolla-e-athines-aty-ku-raffaeli-skaliti-me-penel-dhe-ngjyrje-korifejt-e-historise-se-dijes-dhe-filozofise\/","title":{"rendered":"\u201cShkolla e Athin\u00ebs\u201d, aty ku Raffaeli skaliti me penel dhe ngjyrje korifejt e historis\u00eb s\u00eb dijes dhe filozofis\u00eb"},"content":{"rendered":"<p><img data-recalc-dims=\"1\" loading=\"lazy\" decoding=\"async\" data-attachment-id=\"99771\" data-permalink=\"https:\/\/www.shqiperia.com\/blog\/shkolla-e-athines-aty-ku-raffaeli-skaliti-me-penel-dhe-ngjyrje-korifejt-e-historise-se-dijes-dhe-filozofise\/640-0-athina-1777547449\/\" data-orig-file=\"https:\/\/i0.wp.com\/www.shqiperia.com\/blog\/wp-content\/uploads\/2026\/04\/640-0-athina-1777547449.jpg?fit=640%2C428&amp;ssl=1\" data-orig-size=\"640,428\" data-comments-opened=\"1\" data-image-meta=\"{&quot;aperture&quot;:&quot;0&quot;,&quot;credit&quot;:&quot;&quot;,&quot;camera&quot;:&quot;&quot;,&quot;caption&quot;:&quot;&quot;,&quot;created_timestamp&quot;:&quot;0&quot;,&quot;copyright&quot;:&quot;&quot;,&quot;focal_length&quot;:&quot;0&quot;,&quot;iso&quot;:&quot;0&quot;,&quot;shutter_speed&quot;:&quot;0&quot;,&quot;title&quot;:&quot;&quot;,&quot;orientation&quot;:&quot;0&quot;}\" data-image-title=\"-640-0-athina-1777547449\" data-image-description=\"\" data-image-caption=\"\" data-medium-file=\"https:\/\/i0.wp.com\/www.shqiperia.com\/blog\/wp-content\/uploads\/2026\/04\/640-0-athina-1777547449.jpg?fit=300%2C201&amp;ssl=1\" data-large-file=\"https:\/\/i0.wp.com\/www.shqiperia.com\/blog\/wp-content\/uploads\/2026\/04\/640-0-athina-1777547449.jpg?fit=640%2C428&amp;ssl=1\" class=\"alignnone  wp-image-99771\" alt=\"\" src=\"https:\/\/i0.wp.com\/www.shqiperia.com\/blog\/wp-content\/uploads\/2026\/04\/640-0-athina-1777547449.jpg?resize=512%2C343&#038;ssl=1\" width=\"512\" height=\"343\" srcset=\"https:\/\/i0.wp.com\/www.shqiperia.com\/blog\/wp-content\/uploads\/2026\/04\/640-0-athina-1777547449.jpg?resize=300%2C201&amp;ssl=1 300w, https:\/\/i0.wp.com\/www.shqiperia.com\/blog\/wp-content\/uploads\/2026\/04\/640-0-athina-1777547449.jpg?resize=450%2C301&amp;ssl=1 450w, https:\/\/i0.wp.com\/www.shqiperia.com\/blog\/wp-content\/uploads\/2026\/04\/640-0-athina-1777547449.jpg?resize=600%2C401&amp;ssl=1 600w, https:\/\/i0.wp.com\/www.shqiperia.com\/blog\/wp-content\/uploads\/2026\/04\/640-0-athina-1777547449.jpg?resize=400%2C268&amp;ssl=1 400w, https:\/\/i0.wp.com\/www.shqiperia.com\/blog\/wp-content\/uploads\/2026\/04\/640-0-athina-1777547449.jpg?w=640&amp;ssl=1 640w\" sizes=\"auto, (max-width: 512px) 100vw, 512px\" \/><\/p>\n<p>30 Prill 2026<\/p>\n<p>N\u00eb nd\u00ebrkohje kur dielli i artit driti me shpirtin krijues, kur mendimi k\u00ebrkonte hap\u00ebsir\u00eb p\u00ebr t\u00eb marr\u00eb frym\u00eb dhe dija k\u00ebrkonte tempullin e saj, Raffaeli ngriti me penel at\u00eb q\u00eb historia nuk mundi ta nd\u00ebrtoj\u00eb me koh\u00eb: nj\u00eb bashk\u00ebbisedim t\u00eb p\u00ebrjetsh\u00ebm t\u00eb mendjeve m\u00eb t\u00eb ndritura t\u00eb njer\u00ebzimit.<\/p>\n<p>\u201cShkolla e Athin\u00ebs\u201d nuk \u00ebsht\u00eb thjesht nj\u00eb afresk; \u00ebsht\u00eb nj\u00eb univers ku ideja merr trajt\u00eb, ku filozofia b\u00ebhet prani dhe ku koha dor\u00ebzohet p\u00ebrball\u00eb pavdek\u00ebsis\u00eb s\u00eb dijes.<\/p>\n<p>N\u00eb k\u00ebt\u00eb sken\u00eb madh\u00ebshtore, t\u00eb vendosur n\u00eb zem\u00ebr t\u00eb Stanza della Segnatura, arti nuk sh\u00ebrben m\u00eb si zbukurim, por si arkiv i gjall\u00eb i mendimit njer\u00ebzor. Aty ku Platoni dhe Aristotli ecin n\u00eb qend\u00ebr, si dy pole t\u00eb p\u00ebrhershme t\u00eb s\u00eb v\u00ebrtet\u00ebs, Raffaeli nuk pikturon thjesht figura, ai rind\u00ebrton vet\u00eb dram\u00ebn e k\u00ebrkimit, konfliktit dhe harmonis\u00eb s\u00eb dijes.<\/p>\n<p>N\u00eb asnj\u00eb piktur\u00eb, t\u00eb m\u00ebher\u00ebt as t\u00eb m\u00ebvonshme, nj\u00eb artist nuk ka mundur t\u00eb shkrij brendaj saj kaq shum\u00eb personalitete t\u00eb dijes, shkenc\u00ebs dhe filozofis\u00eb, sa \u00e7\u2019futi Raffaeli n\u00eb \u201cShkolla e Athin\u00ebs\u201d.<\/p>\n<p>Ky afresk do t\u00eb ishte i denj\u00eb p\u00ebr \u00e7do auditor dhe vend ku pasioni p\u00ebr dijen gjallon m\u00eb shum\u00eb se p\u00ebr shum\u00eb\u00e7ka tjet\u00ebr.<\/p>\n<p>Jan\u00eb plot 21 personalitete n\u00eb k\u00ebt\u00eb afresk, p\u00ebrfshi dhe vetveten, piktori.<\/p>\n<p>\u201cShkolla e Athin\u00ebs\u201d , \u00ebsht\u00eb nj\u00eb nga afresket m\u00eb t\u00eb famshme t\u00eb Raffaeli, kryevepra dhe mish\u00ebrim i p\u00ebrsosur e shpirtit klasik i Rilindjes italiane.<\/p>\n<p><img data-recalc-dims=\"1\" loading=\"lazy\" decoding=\"async\" data-attachment-id=\"99771\" data-permalink=\"https:\/\/www.shqiperia.com\/blog\/shkolla-e-athines-aty-ku-raffaeli-skaliti-me-penel-dhe-ngjyrje-korifejt-e-historise-se-dijes-dhe-filozofise\/640-0-athina-1777547449\/\" data-orig-file=\"https:\/\/i0.wp.com\/www.shqiperia.com\/blog\/wp-content\/uploads\/2026\/04\/640-0-athina-1777547449.jpg?fit=640%2C428&amp;ssl=1\" data-orig-size=\"640,428\" data-comments-opened=\"1\" data-image-meta=\"{&quot;aperture&quot;:&quot;0&quot;,&quot;credit&quot;:&quot;&quot;,&quot;camera&quot;:&quot;&quot;,&quot;caption&quot;:&quot;&quot;,&quot;created_timestamp&quot;:&quot;0&quot;,&quot;copyright&quot;:&quot;&quot;,&quot;focal_length&quot;:&quot;0&quot;,&quot;iso&quot;:&quot;0&quot;,&quot;shutter_speed&quot;:&quot;0&quot;,&quot;title&quot;:&quot;&quot;,&quot;orientation&quot;:&quot;0&quot;}\" data-image-title=\"-640-0-athina-1777547449\" data-image-description=\"\" data-image-caption=\"\" data-medium-file=\"https:\/\/i0.wp.com\/www.shqiperia.com\/blog\/wp-content\/uploads\/2026\/04\/640-0-athina-1777547449.jpg?fit=300%2C201&amp;ssl=1\" data-large-file=\"https:\/\/i0.wp.com\/www.shqiperia.com\/blog\/wp-content\/uploads\/2026\/04\/640-0-athina-1777547449.jpg?fit=640%2C428&amp;ssl=1\" class=\"alignnone  wp-image-99771\" alt=\"\" src=\"https:\/\/i0.wp.com\/www.shqiperia.com\/blog\/wp-content\/uploads\/2026\/04\/640-0-athina-1777547449.jpg?resize=899%2C602&#038;ssl=1\" width=\"899\" height=\"602\" srcset=\"https:\/\/i0.wp.com\/www.shqiperia.com\/blog\/wp-content\/uploads\/2026\/04\/640-0-athina-1777547449.jpg?resize=300%2C201&amp;ssl=1 300w, https:\/\/i0.wp.com\/www.shqiperia.com\/blog\/wp-content\/uploads\/2026\/04\/640-0-athina-1777547449.jpg?resize=450%2C301&amp;ssl=1 450w, https:\/\/i0.wp.com\/www.shqiperia.com\/blog\/wp-content\/uploads\/2026\/04\/640-0-athina-1777547449.jpg?resize=600%2C401&amp;ssl=1 600w, https:\/\/i0.wp.com\/www.shqiperia.com\/blog\/wp-content\/uploads\/2026\/04\/640-0-athina-1777547449.jpg?resize=400%2C268&amp;ssl=1 400w, https:\/\/i0.wp.com\/www.shqiperia.com\/blog\/wp-content\/uploads\/2026\/04\/640-0-athina-1777547449.jpg?w=640&amp;ssl=1 640w\" sizes=\"auto, (max-width: 899px) 100vw, 899px\" \/><\/p>\n<p>Shkolla e Athin\u00ebs \u00ebsht\u00eb nj\u00eb afresk i piktorit Raffael, q\u00eb ai krijoi prej 1510 deri m\u00eb 1511 n\u00eb Stanza della Segnatura t\u00eb Vatikanit (biblioteka n\u00eb dhom\u00ebn private t\u00eb pap\u00ebs) p\u00ebr pap\u00ebn Julius II..<\/p>\n<p>Piktura shfaq nj\u00eb konstrukt me perspektiv\u00eb qendrore, dhom\u00eb monumentale e brendshme, n\u00eb t\u00eb cil\u00ebn jan\u00eb takuar shkenc\u00ebtar\u00ebt dhe filozof\u00ebt e antik\u00ebs dhe t\u00eb rilindjes. Majtas grupojn\u00eb platonik\u00ebt, djathtas personalitete t\u00eb orientuar aristotelik.<\/p>\n<p><strong>Personat t\u00eb pikturuar m\u00eb t\u00eb r\u00ebnd\u00ebsish\u00ebm:<\/strong><\/p>\n<p><em>1) Zenoni i Kicionit (themeluesi i shkoll\u00ebs Stoike)<\/em><\/p>\n<p><em>2) Epikur (themeluesi i shkoll\u00ebs Epikurike)<\/em><\/p>\n<p><em>3) Federico II. Gonzaga (hercogi nga Mantua)<\/em><\/p>\n<p><em>4) Averroes (filozof dhe teolog nga Arabia)<\/em><\/p>\n<p><em>6) Pitagora (matematikan)<\/em><\/p>\n<p><em>7) Alkibiades (politikan dhe komandant nga Athenia)<\/em><\/p>\n<p><em>9) Francesco Maria della Rovere (papa Sixtus IV.)<\/em><\/p>\n<p><em>10) Ksenofoni (historik dhe biograf i Sokratit)<\/em><\/p>\n<p><em>12) Sokrati (filozof dhe m\u00ebsues i Platonit)<\/em><\/p>\n<p><em>13) Herakliti (filozof, imituar prej Michelangelo)<\/em><\/p>\n<p><em>14) Platoni me shkrimin &#8220;Timaios&#8221; (filozof, imituar prej Leonardo da Vinci)<\/em><\/p>\n<p><em>15) Aristoteli me shkrimin &#8220;Ethik&#8221; (filozof dhe nx\u00ebn\u00ebs i Platonit)<\/em><\/p>\n<p><em>16) Diogjeni (filozof dhe Kiniker)<\/em><\/p>\n<p><em>18) Euklidi (matematikan, imituar prej Bramante)<\/em><\/p>\n<p><em>19) Zarathustra (themeluesi religjionit persik)<\/em><\/p>\n<p><em>20) Ptolemeu (astronom dhe gjeograf)<\/em><\/p>\n<p><em>R &amp; 21) Raffael, para atine Sodoma (artist)<\/em><\/p>\n<p>\u201cShkolla e Athin\u00ebs\u201d mbetet nj\u00eb testament i pashlyesh\u00ebm i asaj q\u00eb njeriu \u00ebsht\u00eb i aft\u00eb t\u00eb krijoj\u00eb kur i beson mendimit dhe i p\u00ebrkushtohet s\u00eb bukur\u00ebs. N\u00eb k\u00ebt\u00eb afresk, Sokrati vazhdon t\u00eb dialogoj\u00eb, Pitagora t\u00eb num\u00ebroj\u00eb rendin e universit dhe Euklidi t\u00eb mas\u00eb harmonin\u00eb e form\u00ebs, nd\u00ebrsa vet\u00eb Raffaeli, i p\u00ebrfshir\u00eb mes tyre, d\u00ebshmon se arti \u00ebsht\u00eb nj\u00eb m\u00ebnyr\u00eb p\u00ebr t\u00eb hyr\u00eb n\u00eb p\u00ebrjet\u00ebsi. Kjo vep\u00ebr nuk i p\u00ebrket vet\u00ebm Rilindjes, as vet\u00ebm historis\u00eb s\u00eb artit; ajo \u00ebsht\u00eb nj\u00eb thirrje e vazhdueshme p\u00ebr t\u00eb mos reshtur s\u00eb k\u00ebrkuari, p\u00ebr t\u00eb mos u pajtuar me sip\u00ebrfaqen, p\u00ebr t\u00eb besuar se dija, kur vendoset n\u00eb sh\u00ebrbim t\u00eb shpirtit, b\u00ebhet forma m\u00eb e lart\u00eb e liris\u00eb njer\u00ebzore.<\/p>\n<p><strong>P\u00ebrgatiti: Albert Vataj<\/strong><\/p>\n","protected":false},"excerpt":{"rendered":"<p>30 Prill 2026 N\u00eb nd\u00ebrkohje kur dielli i artit driti me shpirtin krijues, kur mendimi k\u00ebrkonte hap\u00ebsir\u00eb p\u00ebr t\u00eb marr\u00eb frym\u00eb dhe dija k\u00ebrkonte tempullin e saj, Raffaeli ngriti me penel at\u00eb q\u00eb historia nuk mundi ta nd\u00ebrtoj\u00eb me koh\u00eb: nj\u00eb bashk\u00ebbisedim t\u00eb p\u00ebrjetsh\u00ebm t\u00eb mendjeve m\u00eb t\u00eb ndritura t\u00eb njer\u00ebzimit. \u201cShkolla e Athin\u00ebs\u201d nuk [&hellip;]<\/p>\n","protected":false},"author":9,"featured_media":99771,"comment_status":"open","ping_status":"open","sticky":false,"template":"","format":"standard","meta":{"jetpack_post_was_ever_published":false,"_jetpack_newsletter_access":"","_jetpack_dont_email_post_to_subs":false,"_jetpack_newsletter_tier_id":0,"_jetpack_memberships_contains_paywalled_content":false,"_jetpack_memberships_contains_paid_content":false,"footnotes":"","jetpack_publicize_message":"","jetpack_publicize_feature_enabled":true,"jetpack_social_post_already_shared":true,"jetpack_social_options":{"image_generator_settings":{"template":"highway","default_image_id":0,"font":"","enabled":false},"version":2}},"categories":[87,85,10,86],"tags":[],"class_list":["post-99770","post","type-post","status-publish","format-standard","has-post-thumbnail","hentry","category-arte","category-histori","category-kultura","category-trashegimi-kulturore"],"jetpack_publicize_connections":[],"jetpack_featured_media_url":"https:\/\/i0.wp.com\/www.shqiperia.com\/blog\/wp-content\/uploads\/2026\/04\/640-0-athina-1777547449.jpg?fit=640%2C428&ssl=1","jetpack_sharing_enabled":true,"jetpack_shortlink":"https:\/\/wp.me\/p5Z6wp-pXc","jetpack-related-posts":[{"id":94753,"url":"https:\/\/www.shqiperia.com\/blog\/abdurrahim-buza-piktori-qe-shkroi-me-penel-historine-e-shqiptareve\/","url_meta":{"origin":99770,"position":0},"title":"Abdurrahim Buza, piktori q\u00eb shkroi me penel historin\u00eb e shqiptar\u00ebve","author":"Kurt Farka","date":"November 9, 2025","format":false,"excerpt":"9 Nentor 2025 Nga Albert Vataj N\u00eb p\u00ebrvjetorin e ndarjes nga jeta t\u00eb Abdurrahim Buz\u00ebs, kujtesa jon\u00eb kolektive rikthehet tek ai njeri q\u00eb i dha ngjyr\u00eb nj\u00eb epoke t\u00eb t\u00ebr\u00eb; q\u00eb i foli historis\u00eb son\u00eb me z\u00ebrin e nj\u00eb peneli t\u00eb ndezur e nj\u00eb shpirti q\u00eb nuk u lodh s\u00eb\u2026","rel":"","context":"In &quot;Arte&quot;","block_context":{"text":"Arte","link":"https:\/\/www.shqiperia.com\/blog\/category\/arte\/"},"img":{"alt_text":"","src":"https:\/\/i0.wp.com\/www.shqiperia.com\/blog\/wp-content\/uploads\/2025\/11\/640-0-piktori-5-1762548093.jpg?fit=538%2C324&ssl=1&resize=350%2C200","width":350,"height":200,"srcset":"https:\/\/i0.wp.com\/www.shqiperia.com\/blog\/wp-content\/uploads\/2025\/11\/640-0-piktori-5-1762548093.jpg?fit=538%2C324&ssl=1&resize=350%2C200 1x, https:\/\/i0.wp.com\/www.shqiperia.com\/blog\/wp-content\/uploads\/2025\/11\/640-0-piktori-5-1762548093.jpg?fit=538%2C324&ssl=1&resize=525%2C300 1.5x"},"classes":[]},{"id":11902,"url":"https:\/\/www.shqiperia.com\/blog\/sjellesit-e-mynxyres\/","url_meta":{"origin":99770,"position":1},"title":"Sjell\u00ebsit e mynxyr\u00ebs. &#8211;","author":"Kurt Farka","date":"September 23, 2018","format":false,"excerpt":"Sjell\u00ebsit e mynxyr\u00ebs. - Nga Aurel Plasari \u2013 Jan\u00eb mbyllur 150 shkolla? Apo 133? Po \u00e7\u2019r\u00ebnd\u00ebsi ka sakt\u00ebsimi i numrit? Edhe sikur vet\u00ebm 10 shkolla t\u00eb jen\u00eb mbyllur ky fakt \u00ebsht\u00eb i mynxyrsh\u00ebm si sinjal. Prandaj autor\u00ebt nuk po i quaj \u201csjell\u00ebs t\u00eb fatkeq\u00ebsis\u00eb\u201d, simbas tregimit t\u00eb shkrimtarit ton\u00eb, por\u2026","rel":"","context":"In &quot;Blogu i Udh\u00ebtarit&quot;","block_context":{"text":"Blogu i Udh\u00ebtarit","link":"https:\/\/www.shqiperia.com\/blog\/category\/blogu-i-udhetarit\/"},"img":{"alt_text":"","src":"https:\/\/i0.wp.com\/www.shqiperia.com\/blog\/wp-content\/uploads\/2018\/09\/Aurel-plasari-300x200.jpg?resize=350%2C200","width":350,"height":200},"classes":[]},{"id":27373,"url":"https:\/\/www.shqiperia.com\/blog\/piktorja-xheneta-kadillari-ne-kerkim-te-drites-dhe-diellit-foto\/","url_meta":{"origin":99770,"position":2},"title":"Piktorja Xheneta Kadillari n\u00eb k\u00ebrkim t\u00eb drit\u00ebs dhe diellit (FOTO)","author":"Kurt Farka","date":"October 27, 2019","format":false,"excerpt":"Piktorja Xheneta Kadillari n\u00eb k\u00ebrkim t\u00eb drit\u00ebs dhe diellit (FOTO) N\u00eb Galerin\u00eb e Artit Shkod\u00ebr k\u00ebto dit\u00eb u hap ekspozita e piktores Xheneta Kadillari. N\u00eb t\u00eb j\u00ebn\u00eb paraqitur peizazhe, portrete, kompozime, nudo. Vjen si nj\u00eb mozaik i bukur shum\u00ebngjyr\u00ebsh n\u00eb nj\u00eb vij\u00ebm\u00ebsi krijuese me punime t\u00eb koh\u00ebve t\u00eb fundit. Jan\u00eb\u2026","rel":"","context":"In &quot;Arte&quot;","block_context":{"text":"Arte","link":"https:\/\/www.shqiperia.com\/blog\/category\/arte\/"},"img":{"alt_text":"","src":"https:\/\/i0.wp.com\/www.shqiperia.com\/blog\/wp-content\/uploads\/2019\/10\/1571755301_xhanetakadillari5.jpg?fit=1200%2C609&ssl=1&resize=350%2C200","width":350,"height":200,"srcset":"https:\/\/i0.wp.com\/www.shqiperia.com\/blog\/wp-content\/uploads\/2019\/10\/1571755301_xhanetakadillari5.jpg?fit=1200%2C609&ssl=1&resize=350%2C200 1x, https:\/\/i0.wp.com\/www.shqiperia.com\/blog\/wp-content\/uploads\/2019\/10\/1571755301_xhanetakadillari5.jpg?fit=1200%2C609&ssl=1&resize=525%2C300 1.5x, https:\/\/i0.wp.com\/www.shqiperia.com\/blog\/wp-content\/uploads\/2019\/10\/1571755301_xhanetakadillari5.jpg?fit=1200%2C609&ssl=1&resize=700%2C400 2x, https:\/\/i0.wp.com\/www.shqiperia.com\/blog\/wp-content\/uploads\/2019\/10\/1571755301_xhanetakadillari5.jpg?fit=1200%2C609&ssl=1&resize=1050%2C600 3x"},"classes":[]},{"id":98884,"url":"https:\/\/www.shqiperia.com\/blog\/spiropali-flet-per-perplasjen-me-ramen-ajo-qe-ndodhi-nuk-eshte-thjesht-ceshtje-personale-por-model-qe-po-zgjerohet-frika\/","url_meta":{"origin":99770,"position":3},"title":"Spiropali flet p\u00ebr p\u00ebrplasjen me Ram\u00ebn: &#8211; Ajo q\u00eb ndodhi nuk \u00ebsht\u00eb thjesht \u00e7\u00ebshtje personale, por model q\u00eb po zgjerohet! Frika?","author":"Kurt Farka","date":"March 31, 2026","format":false,"excerpt":"31 Mars 2026 Ish-ministrja e Jashtme,\u00a0nj\u00ebher\u00ebsh deputetja e PS, Elisa Spiropali\u00a0ka reaguar p\u00ebr her\u00eb t\u00eb par\u00eb pas p\u00ebrplasjes q\u00eb ndodhi me kryeministrin Edi Rama gjat\u00eb mbledhjes s\u00eb me dyer t\u00eb mbyllura t\u00eb Grupit Parlamentar t\u00eb PS. Gjat\u00eb k\u00ebsaj mbledhje me tone t\u00eb larta, Rama i \u00ebsht\u00eb drejtuar Spiropalit q\u00eb t\u00eb\u2026","rel":"","context":"In &quot;Blogu i Udh\u00ebtarit&quot;","block_context":{"text":"Blogu i Udh\u00ebtarit","link":"https:\/\/www.shqiperia.com\/blog\/category\/blogu-i-udhetarit\/"},"img":{"alt_text":"","src":"https:\/\/i0.wp.com\/www.shqiperia.com\/blog\/wp-content\/uploads\/2026\/03\/rama-spiropali.jpg?fit=634%2C364&ssl=1&resize=350%2C200","width":350,"height":200,"srcset":"https:\/\/i0.wp.com\/www.shqiperia.com\/blog\/wp-content\/uploads\/2026\/03\/rama-spiropali.jpg?fit=634%2C364&ssl=1&resize=350%2C200 1x, https:\/\/i0.wp.com\/www.shqiperia.com\/blog\/wp-content\/uploads\/2026\/03\/rama-spiropali.jpg?fit=634%2C364&ssl=1&resize=525%2C300 1.5x"},"classes":[]},{"id":97298,"url":"https:\/\/www.shqiperia.com\/blog\/300-shkolla-pa-sherbim-psiko-social-93-mije-nxenes-pa-mbeshtetje-ne-shume-shkolla-nuk-ka-psikologe\/","url_meta":{"origin":99770,"position":4},"title":"300 shkolla pa sh\u00ebrbim psiko-social\/ 93 mij\u00eb nx\u00ebn\u00ebs pa mb\u00ebshtetje, n\u00eb shum\u00eb shkolla nuk ka psikolog\u00eb","author":"Kurt Farka","date":"February 3, 2026","format":false,"excerpt":"3 Shkurt 2026 M\u00eb shum\u00eb se p\u00ebr 300 shkolla n\u00eb Shqip\u00ebri nuk ofrohet sh\u00ebrbimi psiko-social, arrin n\u00eb p\u00ebrfundim Kontrolli i Lart\u00eb i Shtetit. Edhe pse sh\u00ebrbimi psikologjik ka nisur n\u00eb shkolla q\u00eb prej vitit 2004, ende pas mbi dy dekadash sh\u00ebrbimi i zgjeruar n\u00eb psiko-social nuk mbulon plot\u00ebsisht me punonj\u00ebs\u2026","rel":"","context":"In &quot;Blogu i Udh\u00ebtarit&quot;","block_context":{"text":"Blogu i Udh\u00ebtarit","link":"https:\/\/www.shqiperia.com\/blog\/category\/blogu-i-udhetarit\/"},"img":{"alt_text":"","src":"https:\/\/i0.wp.com\/www.shqiperia.com\/blog\/wp-content\/uploads\/2026\/02\/300-shkolla-pa-sherbim-psiko-social.webp?fit=1200%2C675&ssl=1&resize=350%2C200","width":350,"height":200,"srcset":"https:\/\/i0.wp.com\/www.shqiperia.com\/blog\/wp-content\/uploads\/2026\/02\/300-shkolla-pa-sherbim-psiko-social.webp?fit=1200%2C675&ssl=1&resize=350%2C200 1x, https:\/\/i0.wp.com\/www.shqiperia.com\/blog\/wp-content\/uploads\/2026\/02\/300-shkolla-pa-sherbim-psiko-social.webp?fit=1200%2C675&ssl=1&resize=525%2C300 1.5x, https:\/\/i0.wp.com\/www.shqiperia.com\/blog\/wp-content\/uploads\/2026\/02\/300-shkolla-pa-sherbim-psiko-social.webp?fit=1200%2C675&ssl=1&resize=700%2C400 2x, https:\/\/i0.wp.com\/www.shqiperia.com\/blog\/wp-content\/uploads\/2026\/02\/300-shkolla-pa-sherbim-psiko-social.webp?fit=1200%2C675&ssl=1&resize=1050%2C600 3x"},"classes":[]},{"id":94365,"url":"https:\/\/www.shqiperia.com\/blog\/trump-konfirmon-anulimin-e-takimit-me-putin-nuk-do-arrinim-aty-ku-duhej-sa-here-flas-me-telefon-me-te\/","url_meta":{"origin":99770,"position":5},"title":"Trump konfirmon anulimin e takimit me Putin: &#8211; Nuk do arrinim aty ku duhej, sa her\u00eb flas m\u00eb telefon me t\u00eb\u2026","author":"Kurt Farka","date":"October 23, 2025","format":false,"excerpt":"23 Tetor 2025 Presidenti Donald Trump tha t\u00eb m\u00ebrkur\u00ebn se kishte \u201canuluar\u201d nj\u00eb takim t\u00eb planifikuar me presidentin rus Vladimir Putin, duke u th\u00ebn\u00eb gazetar\u00ebve n\u00eb Sht\u00ebpin\u00eb e Bardh\u00eb: \u201cThjesht nuk m\u00eb dukej e drejt\u00eb.\u201d \u201cNuk m\u00eb dukej sikur do t\u00eb arrinim aty ku duhet t\u00eb arrijm\u00eb \u2013 k\u00ebshtu q\u00eb\u2026","rel":"","context":"In &quot;Blogu i Udh\u00ebtarit&quot;","block_context":{"text":"Blogu i Udh\u00ebtarit","link":"https:\/\/www.shqiperia.com\/blog\/category\/blogu-i-udhetarit\/"},"img":{"alt_text":"","src":"https:\/\/i0.wp.com\/www.shqiperia.com\/blog\/wp-content\/uploads\/2025\/10\/putin-trump.jpg?fit=824%2C455&ssl=1&resize=350%2C200","width":350,"height":200,"srcset":"https:\/\/i0.wp.com\/www.shqiperia.com\/blog\/wp-content\/uploads\/2025\/10\/putin-trump.jpg?fit=824%2C455&ssl=1&resize=350%2C200 1x, https:\/\/i0.wp.com\/www.shqiperia.com\/blog\/wp-content\/uploads\/2025\/10\/putin-trump.jpg?fit=824%2C455&ssl=1&resize=525%2C300 1.5x, https:\/\/i0.wp.com\/www.shqiperia.com\/blog\/wp-content\/uploads\/2025\/10\/putin-trump.jpg?fit=824%2C455&ssl=1&resize=700%2C400 2x"},"classes":[]}],"_links":{"self":[{"href":"https:\/\/www.shqiperia.com\/blog\/wp-json\/wp\/v2\/posts\/99770","targetHints":{"allow":["GET"]}}],"collection":[{"href":"https:\/\/www.shqiperia.com\/blog\/wp-json\/wp\/v2\/posts"}],"about":[{"href":"https:\/\/www.shqiperia.com\/blog\/wp-json\/wp\/v2\/types\/post"}],"author":[{"embeddable":true,"href":"https:\/\/www.shqiperia.com\/blog\/wp-json\/wp\/v2\/users\/9"}],"replies":[{"embeddable":true,"href":"https:\/\/www.shqiperia.com\/blog\/wp-json\/wp\/v2\/comments?post=99770"}],"version-history":[{"count":1,"href":"https:\/\/www.shqiperia.com\/blog\/wp-json\/wp\/v2\/posts\/99770\/revisions"}],"predecessor-version":[{"id":99772,"href":"https:\/\/www.shqiperia.com\/blog\/wp-json\/wp\/v2\/posts\/99770\/revisions\/99772"}],"wp:featuredmedia":[{"embeddable":true,"href":"https:\/\/www.shqiperia.com\/blog\/wp-json\/wp\/v2\/media\/99771"}],"wp:attachment":[{"href":"https:\/\/www.shqiperia.com\/blog\/wp-json\/wp\/v2\/media?parent=99770"}],"wp:term":[{"taxonomy":"category","embeddable":true,"href":"https:\/\/www.shqiperia.com\/blog\/wp-json\/wp\/v2\/categories?post=99770"},{"taxonomy":"post_tag","embeddable":true,"href":"https:\/\/www.shqiperia.com\/blog\/wp-json\/wp\/v2\/tags?post=99770"}],"curies":[{"name":"wp","href":"https:\/\/api.w.org\/{rel}","templated":true}]}}