{"id":99767,"date":"2026-04-30T19:48:20","date_gmt":"2026-04-30T19:48:20","guid":{"rendered":"https:\/\/www.shqiperia.com\/blog\/?p=99767"},"modified":"2026-04-30T19:48:20","modified_gmt":"2026-04-30T19:48:20","slug":"kafazi-mu-duk-i-tepruar-lubonja-gjyqi-ndaj-ilir-metes-politik-rama-formoi-nje-bande-te-madhe-per-eliminimin-e-berishes-dhe-metes","status":"publish","type":"post","link":"https:\/\/www.shqiperia.com\/blog\/kafazi-mu-duk-i-tepruar-lubonja-gjyqi-ndaj-ilir-metes-politik-rama-formoi-nje-bande-te-madhe-per-eliminimin-e-berishes-dhe-metes\/","title":{"rendered":"\u201cKafazi m\u2019u duk i tepruar\u201d- Lubonja: Gjyqi ndaj Ilir Met\u00ebs, politik! &#8211; Rama formoi nj\u00eb band\u00eb t\u00eb madhe p\u00ebr \u201celiminimin\u201d e Berish\u00ebs dhe Met\u00ebs"},"content":{"rendered":"<p><img data-recalc-dims=\"1\" loading=\"lazy\" decoding=\"async\" data-attachment-id=\"99768\" data-permalink=\"https:\/\/www.shqiperia.com\/blog\/kafazi-mu-duk-i-tepruar-lubonja-gjyqi-ndaj-ilir-metes-politik-rama-formoi-nje-bande-te-madhe-per-eliminimin-e-berishes-dhe-metes\/lubonja-11\/\" data-orig-file=\"https:\/\/i0.wp.com\/www.shqiperia.com\/blog\/wp-content\/uploads\/2026\/04\/lubonja.jpg?fit=1097%2C776&amp;ssl=1\" data-orig-size=\"1097,776\" data-comments-opened=\"1\" data-image-meta=\"{&quot;aperture&quot;:&quot;0&quot;,&quot;credit&quot;:&quot;Panorama Live&quot;,&quot;camera&quot;:&quot;&quot;,&quot;caption&quot;:&quot;&quot;,&quot;created_timestamp&quot;:&quot;1777583892&quot;,&quot;copyright&quot;:&quot;&quot;,&quot;focal_length&quot;:&quot;0&quot;,&quot;iso&quot;:&quot;0&quot;,&quot;shutter_speed&quot;:&quot;0&quot;,&quot;title&quot;:&quot;&quot;,&quot;orientation&quot;:&quot;0&quot;}\" data-image-title=\"lubonja\" data-image-description=\"\" data-image-caption=\"\" data-medium-file=\"https:\/\/i0.wp.com\/www.shqiperia.com\/blog\/wp-content\/uploads\/2026\/04\/lubonja.jpg?fit=300%2C212&amp;ssl=1\" data-large-file=\"https:\/\/i0.wp.com\/www.shqiperia.com\/blog\/wp-content\/uploads\/2026\/04\/lubonja.jpg?fit=1024%2C724&amp;ssl=1\" class=\"alignnone  wp-image-99768\" alt=\"\" src=\"https:\/\/i0.wp.com\/www.shqiperia.com\/blog\/wp-content\/uploads\/2026\/04\/lubonja.jpg?resize=624%2C441&#038;ssl=1\" width=\"624\" height=\"441\" srcset=\"https:\/\/i0.wp.com\/www.shqiperia.com\/blog\/wp-content\/uploads\/2026\/04\/lubonja.jpg?resize=300%2C212&amp;ssl=1 300w, https:\/\/i0.wp.com\/www.shqiperia.com\/blog\/wp-content\/uploads\/2026\/04\/lubonja.jpg?resize=1024%2C724&amp;ssl=1 1024w, https:\/\/i0.wp.com\/www.shqiperia.com\/blog\/wp-content\/uploads\/2026\/04\/lubonja.jpg?resize=768%2C543&amp;ssl=1 768w, https:\/\/i0.wp.com\/www.shqiperia.com\/blog\/wp-content\/uploads\/2026\/04\/lubonja.jpg?resize=450%2C318&amp;ssl=1 450w, https:\/\/i0.wp.com\/www.shqiperia.com\/blog\/wp-content\/uploads\/2026\/04\/lubonja.jpg?resize=600%2C424&amp;ssl=1 600w, https:\/\/i0.wp.com\/www.shqiperia.com\/blog\/wp-content\/uploads\/2026\/04\/lubonja.jpg?resize=400%2C283&amp;ssl=1 400w, https:\/\/i0.wp.com\/www.shqiperia.com\/blog\/wp-content\/uploads\/2026\/04\/lubonja.jpg?w=1097&amp;ssl=1 1097w\" sizes=\"auto, (max-width: 624px) 100vw, 624px\" \/><\/p>\n<p><strong>30 Prill 2026<\/strong><\/p>\n<p><strong>Analisti Fatos Lubonja ishte mbr\u00ebmjen e sotme n\u00eb \u201cKjo Jav\u00eb\u201d, p\u00ebr t\u00eb komentuar gjyqin ndaj Ilir Met\u00ebs n\u00eb GJKKO. Lubonja theksoi se kafazi ku q\u00ebndronte Meta n\u00eb gjyq \u00ebsht\u00eb i tepruar, nd\u00ebrsa shtoi se gjyqi ndaj tij \u00ebsht\u00eb politik.<\/strong><\/p>\n<p>Sakaq, u shpreh se m\u00eb par\u00eb sistemi politik n\u00eb Shqip\u00ebri udh\u00ebhiqej nga 3 banda, PD, LSI dhe PS.<\/p>\n<p>Tashm\u00eb me Ram\u00ebn kryeminist\u00ebr prej disa vitesh ky sistem p\u00ebsoi mutacion sipas tij, pasi Rama eliminoi me band\u00ebn e tij Berish\u00ebn dhe Met\u00ebn.<\/p>\n<p><strong>Lubonja:<\/strong><span>\u00a0<\/span><em>Gj\u00ebja q\u00eb m\u00eb b\u00ebri p\u00ebrshtypje ishte kafazi. Mu duk e tepruar e sh\u00ebmtuar, p\u00ebrgjith\u00ebsisht. Pastaj, lidhur me \u00e7\u00ebshtjen q\u00eb kemi kaq koh\u00eb n\u00ebp\u00ebr goj\u00eb shoh disa plane. E para, a \u00ebsht\u00eb gjyq politik apo \u00ebsht\u00eb ndonj\u00eb gjyq q\u00eb e b\u00ebn drejt\u00ebsi e pavarur. Duke u nisur me deduksion mendoj se \u00ebsht\u00eb politik. Drejt\u00ebsia n\u00ebse do ishte e pavarur, duhet t\u00eb kishte p\u00ebrdorur t\u00eb nj\u00ebjt\u00ebn standard me shum\u00eb t\u00eb tjer\u00eb q\u00eb nga Fatos Nano. Edhe Rama vet\u00eb q\u00eb ka shum\u00eb gj\u00ebra q\u00eb drejt\u00ebsia duhet t\u00eb kishte vepruar.<\/em><\/p>\n<p><em>Fatos Nano ishte i t\u00ebrhequr nuk kishte rrezik pavar\u00ebsisht se kishte akuza. Me k\u00ebt\u00eb merren se \u00ebsht\u00eb luft\u00eb politike. Po mir\u00eb k\u00ebta, p\u00ebr k\u00ebt\u00eb sistem kan\u00eb reflektuar ndonj\u00eb \u00e7ik p\u00ebr k\u00ebt\u00eb sistem q\u00eb kan\u00eb ngritur k\u00ebshtu? Q\u00eb t\u00eb mbash klient\u00ebt, t\u00eb formosh parti me klient\u00eb, t\u00eb p\u00ebrdor\u00ebsh pushtetin p\u00ebr t\u00eb rritur partin\u00eb? Ky sistem q\u00eb ishte m\u00eb i moderuar kur ishin t\u00eb tre, kur ishte dhe Ilir Meta. Se kishte rotacion. Iliri nj\u00eb her\u00eb ishte k\u00ebtej dhe pastaj ishte andej. Por gjithsesi mendoj q\u00eb ky sistem me Ram\u00ebn ka p\u00ebsuar nj\u00eb mutacion, se nuk ka m\u00eb 3 banda por nj\u00eb, q\u00eb ka eliminuar t\u00eb tjerat.<\/em><\/p>\n<p><em>\u00c7far\u00eb kemi b\u00ebr\u00eb ne q\u00eb \u00ebsht\u00eb katandisur Shqip\u00ebria k\u00ebshtu? Rama ishte njeriu m\u00eb i af\u00ebrt i Met\u00ebs kur sulmonte Nanon at\u00ebher\u00eb.<\/em><\/p>\n","protected":false},"excerpt":{"rendered":"<p>30 Prill 2026 Analisti Fatos Lubonja ishte mbr\u00ebmjen e sotme n\u00eb \u201cKjo Jav\u00eb\u201d, p\u00ebr t\u00eb komentuar gjyqin ndaj Ilir Met\u00ebs n\u00eb GJKKO. Lubonja theksoi se kafazi ku q\u00ebndronte Meta n\u00eb gjyq \u00ebsht\u00eb i tepruar, nd\u00ebrsa shtoi se gjyqi ndaj tij \u00ebsht\u00eb politik. Sakaq, u shpreh se m\u00eb par\u00eb sistemi politik n\u00eb Shqip\u00ebri udh\u00ebhiqej nga 3 [&hellip;]<\/p>\n","protected":false},"author":9,"featured_media":99768,"comment_status":"open","ping_status":"open","sticky":false,"template":"","format":"standard","meta":{"jetpack_post_was_ever_published":false,"_jetpack_newsletter_access":"","_jetpack_dont_email_post_to_subs":false,"_jetpack_newsletter_tier_id":0,"_jetpack_memberships_contains_paywalled_content":false,"_jetpack_memberships_contains_paid_content":false,"footnotes":"","jetpack_publicize_message":"","jetpack_publicize_feature_enabled":true,"jetpack_social_post_already_shared":true,"jetpack_social_options":{"image_generator_settings":{"template":"highway","default_image_id":0,"font":"","enabled":false},"version":2}},"categories":[10,2,35],"tags":[],"class_list":["post-99767","post","type-post","status-publish","format-standard","has-post-thumbnail","hentry","category-kultura","category-politika","category-shoqerore"],"jetpack_publicize_connections":[],"jetpack_featured_media_url":"https:\/\/i0.wp.com\/www.shqiperia.com\/blog\/wp-content\/uploads\/2026\/04\/lubonja.jpg?fit=1097%2C776&ssl=1","jetpack_sharing_enabled":true,"jetpack_shortlink":"https:\/\/wp.me\/p5Z6wp-pX9","jetpack-related-posts":[{"id":47306,"url":"https:\/\/www.shqiperia.com\/blog\/kercenoi-me-sfurqe-e-hanxhare-befason-me-reagimin-fatos-lubonja-ilir-meta-u-ndje-i-kercenuar-ja-cfare-e-pret-vendin-nese-e-shkarkojne\/","url_meta":{"origin":99767,"position":0},"title":"K\u00ebrc\u00ebnoi me sfurqe e hanxhar\u00eb, befason me reagimin Fatos Lubonja: Ilir Meta u ndje i k\u00ebrc\u00ebnuar! Ja \u00e7far\u00eb e pret vendin n\u00ebse e shkarkojn\u00eb","author":"Kurt Farka","date":"May 6, 2021","format":false,"excerpt":"K\u00ebrc\u00ebnoi me sfurqe e hanxhar\u00eb, befason me reagimin Fatos Lubonja: Ilir Meta u ndje i k\u00ebrc\u00ebnuar! Ja \u00e7far\u00eb e pret vendin n\u00ebse e shkarkojn\u00eb 6 MAJ 2021 Analisti Fatos Lubonja, argumentoi se shkarkimi i presidentit do t\u00eb thellonte m\u00eb shum\u00eb diktatur\u00ebn, q\u00eb sipas tij \u00ebsht\u00eb instaluar n\u00eb vend. Ai tha\u2026","rel":"","context":"In &quot;Blogu i Udh\u00ebtarit&quot;","block_context":{"text":"Blogu i Udh\u00ebtarit","link":"https:\/\/www.shqiperia.com\/blog\/category\/blogu-i-udhetarit\/"},"img":{"alt_text":"","src":"https:\/\/i0.wp.com\/www.shqiperia.com\/blog\/wp-content\/uploads\/2021\/05\/800-0-60944fb570cac.jpg?fit=800%2C426&ssl=1&resize=350%2C200","width":350,"height":200,"srcset":"https:\/\/i0.wp.com\/www.shqiperia.com\/blog\/wp-content\/uploads\/2021\/05\/800-0-60944fb570cac.jpg?fit=800%2C426&ssl=1&resize=350%2C200 1x, https:\/\/i0.wp.com\/www.shqiperia.com\/blog\/wp-content\/uploads\/2021\/05\/800-0-60944fb570cac.jpg?fit=800%2C426&ssl=1&resize=525%2C300 1.5x, https:\/\/i0.wp.com\/www.shqiperia.com\/blog\/wp-content\/uploads\/2021\/05\/800-0-60944fb570cac.jpg?fit=800%2C426&ssl=1&resize=700%2C400 2x"},"classes":[]},{"id":77415,"url":"https:\/\/www.shqiperia.com\/blog\/nga-gjeneral-bajram-begaj-u-be-ushtar-analisti-lubonja-katandisja-e-presidentit-tregon-situaten-ku-jemi-ai-duhej-ta-dinte\/","url_meta":{"origin":99767,"position":1},"title":"\u201cNga gjeneral, Bajram Begaj u b\u00eb ushtar\u201d- Analisti Lubonja: Katandisja e presidentit tregon situat\u00ebn ku jemi, ai duhej ta dinte\u2026","author":"Kurt Farka","date":"January 19, 2024","format":false,"excerpt":"19 Janar 2024 Analisti Fatos Lubonja ka komentuar dekretin e fundit t\u00eb presidentit Bajram Begaj, at\u00eb t\u00eb ligjit p\u00ebr Komisionet Hetimore, q\u00eb ka sjell\u00eb shum\u00eb reagime n\u00eb kampion opozitar. Lubonja, n\u00eb nj\u00eb lidhje n\u00eb emisionin \u2018Open\u2019, tha se t\u00eb gjith\u00eb president\u00ebt jan\u00eb zgjatime t\u00eb qeverive, nd\u00ebrsa p\u00ebr Begajn tha se\u2026","rel":"","context":"In &quot;Blogu i Udh\u00ebtarit&quot;","block_context":{"text":"Blogu i Udh\u00ebtarit","link":"https:\/\/www.shqiperia.com\/blog\/category\/blogu-i-udhetarit\/"},"img":{"alt_text":"","src":"https:\/\/i0.wp.com\/www.shqiperia.com\/blog\/wp-content\/uploads\/2024\/01\/begaj1-2.jpg?fit=1200%2C733&ssl=1&resize=350%2C200","width":350,"height":200,"srcset":"https:\/\/i0.wp.com\/www.shqiperia.com\/blog\/wp-content\/uploads\/2024\/01\/begaj1-2.jpg?fit=1200%2C733&ssl=1&resize=350%2C200 1x, https:\/\/i0.wp.com\/www.shqiperia.com\/blog\/wp-content\/uploads\/2024\/01\/begaj1-2.jpg?fit=1200%2C733&ssl=1&resize=525%2C300 1.5x, https:\/\/i0.wp.com\/www.shqiperia.com\/blog\/wp-content\/uploads\/2024\/01\/begaj1-2.jpg?fit=1200%2C733&ssl=1&resize=700%2C400 2x, https:\/\/i0.wp.com\/www.shqiperia.com\/blog\/wp-content\/uploads\/2024\/01\/begaj1-2.jpg?fit=1200%2C733&ssl=1&resize=1050%2C600 3x"},"classes":[]},{"id":44673,"url":"https:\/\/www.shqiperia.com\/blog\/lubonja-nese-vepron-spak-per-kallezimin-ndaj-balles-terhiqem-nga-kritikat\/","url_meta":{"origin":99767,"position":2},"title":"Lubonja: &#8211; N\u00ebse vepron SPAK p\u00ebr kall\u00ebzimin ndaj Ball\u00ebs, t\u00ebrhiqem nga kritikat","author":"Kurt Farka","date":"February 26, 2021","format":false,"excerpt":"Lubonja: N\u00ebse vepron SPAK p\u00ebr kall\u00ebzimin ndaj Ball\u00ebs, t\u00ebrhiqem nga kritikat - 25\/02\/21 Gazmend Bardhi solli sonte n\u00eb debat nj\u00eb rast konkret se si, shtabi i Taulant Ball\u00ebs telefonon personat q\u00eb jan\u00eb n\u00eb list\u00ebn e ndihm\u00ebs ekonomike, dhe n\u00eb nj\u00eb rast i k\u00ebrc\u00ebnon me heqje nga skema n\u00ebse nuk votojn\u00eb\u2026","rel":"","context":"In &quot;Blogu i Udh\u00ebtarit&quot;","block_context":{"text":"Blogu i Udh\u00ebtarit","link":"https:\/\/www.shqiperia.com\/blog\/category\/blogu-i-udhetarit\/"},"img":{"alt_text":"","src":"https:\/\/i0.wp.com\/www.shqiperia.com\/blog\/wp-content\/uploads\/2021\/02\/fatos-lubonja.jpg?fit=696%2C382&ssl=1&resize=350%2C200","width":350,"height":200,"srcset":"https:\/\/i0.wp.com\/www.shqiperia.com\/blog\/wp-content\/uploads\/2021\/02\/fatos-lubonja.jpg?fit=696%2C382&ssl=1&resize=350%2C200 1x, https:\/\/i0.wp.com\/www.shqiperia.com\/blog\/wp-content\/uploads\/2021\/02\/fatos-lubonja.jpg?fit=696%2C382&ssl=1&resize=525%2C300 1.5x"},"classes":[]},{"id":25709,"url":"https:\/\/www.shqiperia.com\/blog\/lubonja-zberthen-deklaratat-e-metes-duhej-hetuar-informacioni-nga-shish-e-drejta-krah-presidentit\/","url_meta":{"origin":99767,"position":3},"title":"Lubonja \u2018zb\u00ebrthen\u2019 deklaratat e Met\u00ebs: Duhej hetuar informacioni nga SHISH. E drejta krah presidentit","author":"Kurt Farka","date":"September 9, 2019","format":false,"excerpt":"Lubonja \u2018zb\u00ebrthen\u2019 deklaratat e Met\u00ebs: Duhej hetuar informacioni nga SHISH. E drejta krah presidentit Nd\u00ebrsa i mori me radh\u00eb tre argumentet kryesore t\u00eb dh\u00ebna sot nga Kreu i Shtetit q\u00eb \u00e7uan n\u00eb anulimin e zgjedhjeve t\u00eb 30 qershorit, Lubonja tha se n\u00ebse do t\u00eb kishte nj\u00eb dokument nga SHISH p\u00ebr\u2026","rel":"","context":"In &quot;Blogu i Udh\u00ebtarit&quot;","block_context":{"text":"Blogu i Udh\u00ebtarit","link":"https:\/\/www.shqiperia.com\/blog\/category\/blogu-i-udhetarit\/"},"img":{"alt_text":"","src":"https:\/\/i0.wp.com\/www.shqiperia.com\/blog\/wp-content\/uploads\/2019\/09\/lubonja-2.jpg?fit=780%2C440&ssl=1&resize=350%2C200","width":350,"height":200,"srcset":"https:\/\/i0.wp.com\/www.shqiperia.com\/blog\/wp-content\/uploads\/2019\/09\/lubonja-2.jpg?fit=780%2C440&ssl=1&resize=350%2C200 1x, https:\/\/i0.wp.com\/www.shqiperia.com\/blog\/wp-content\/uploads\/2019\/09\/lubonja-2.jpg?fit=780%2C440&ssl=1&resize=525%2C300 1.5x, https:\/\/i0.wp.com\/www.shqiperia.com\/blog\/wp-content\/uploads\/2019\/09\/lubonja-2.jpg?fit=780%2C440&ssl=1&resize=700%2C400 2x"},"classes":[]},{"id":42942,"url":"https:\/\/www.shqiperia.com\/blog\/nuk-pres-qe-kjo-ps-te-jete-e-te-varferve-por-te-linte-dhe-te-tjeret-te-hanin-lubonja-ku-ndryshon-rama-nga-berisha-ne-raportet-me-oligarket\/","url_meta":{"origin":99767,"position":4},"title":"\u201cNuk pres q\u00eb kjo PS t\u00eb jet\u00eb e t\u00eb varf\u00ebrve, por t\u00eb linte dhe t\u00eb tjer\u00ebt t\u00eb hanin\u201d. Lubonja: &#8211; Ku ndryshon Rama nga Berisha n\u00eb raportet me oligark\u00ebt","author":"Kurt Farka","date":"January 14, 2021","format":false,"excerpt":"\u201cNuk pres q\u00eb kjo PS t\u00eb jet\u00eb e t\u00eb varf\u00ebrve, por t\u00eb linte dhe t\u00eb tjer\u00ebt t\u00eb hanin\u201d. Lubonja: - Ku ndryshon Rama nga Berisha n\u00eb raportet me oligark\u00ebt 14 janar 2021 Analisti Fatos Lubonja i ftuar n\u00eb emisionin \u2018\u2019Real Story\u2019\u2019 t\u00eb Sokol Ball\u00ebs n\u00eb\u00a0News24\u00a0ka folur p\u00ebr raportet e Ram\u00ebs\u2026","rel":"","context":"In &quot;Blogu i Udh\u00ebtarit&quot;","block_context":{"text":"Blogu i Udh\u00ebtarit","link":"https:\/\/www.shqiperia.com\/blog\/category\/blogu-i-udhetarit\/"},"img":{"alt_text":"","src":"https:\/\/i0.wp.com\/www.shqiperia.com\/blog\/wp-content\/uploads\/2021\/01\/LUBONJA-3-750x450-1.png?fit=750%2C408&ssl=1&resize=350%2C200","width":350,"height":200,"srcset":"https:\/\/i0.wp.com\/www.shqiperia.com\/blog\/wp-content\/uploads\/2021\/01\/LUBONJA-3-750x450-1.png?fit=750%2C408&ssl=1&resize=350%2C200 1x, https:\/\/i0.wp.com\/www.shqiperia.com\/blog\/wp-content\/uploads\/2021\/01\/LUBONJA-3-750x450-1.png?fit=750%2C408&ssl=1&resize=525%2C300 1.5x, https:\/\/i0.wp.com\/www.shqiperia.com\/blog\/wp-content\/uploads\/2021\/01\/LUBONJA-3-750x450-1.png?fit=750%2C408&ssl=1&resize=700%2C400 2x"},"classes":[]},{"id":28420,"url":"https:\/\/www.shqiperia.com\/blog\/lubonja-eliminimi-i-metes-alarm-i-madh-per-shqiptaret\/","url_meta":{"origin":99767,"position":5},"title":"Lubonja: \u201cEliminimi\u201d i Met\u00ebs, alarm i madh p\u00ebr shqiptar\u00ebt. &#8211;","author":"Kurt Farka","date":"November 22, 2019","format":false,"excerpt":"Lubonja: \u201cEliminimi\u201d i Met\u00ebs, alarm i madh p\u00ebr shqiptar\u00ebt 21\/11\/19 Nga: mapo.al Analisti Fatos Lubonja deklaroi se \u2018eliminimi\u2019 i presidentit Ilir Meta nga maxhoranca \u00ebsht\u00eb alarm i madh p\u00ebr shoq\u00ebrin\u00eb shqiptare. I ftuar n\u00eb emisionin \u201cReal Story\u201d, Lubonja tha se p\u00ebr zgjidhjen e ng\u00ebr\u00e7it institucional p\u00ebr Gjykat\u00ebn Kushtetuese nuk duhet\u2026","rel":"","context":"In &quot;Kultura&quot;","block_context":{"text":"Kultura","link":"https:\/\/www.shqiperia.com\/blog\/category\/kultura\/"},"img":{"alt_text":"","src":"https:\/\/i0.wp.com\/www.shqiperia.com\/blog\/wp-content\/uploads\/2019\/11\/Fatos-Lubonja1.jpg?fit=500%2C261&ssl=1&resize=350%2C200","width":350,"height":200},"classes":[]}],"_links":{"self":[{"href":"https:\/\/www.shqiperia.com\/blog\/wp-json\/wp\/v2\/posts\/99767","targetHints":{"allow":["GET"]}}],"collection":[{"href":"https:\/\/www.shqiperia.com\/blog\/wp-json\/wp\/v2\/posts"}],"about":[{"href":"https:\/\/www.shqiperia.com\/blog\/wp-json\/wp\/v2\/types\/post"}],"author":[{"embeddable":true,"href":"https:\/\/www.shqiperia.com\/blog\/wp-json\/wp\/v2\/users\/9"}],"replies":[{"embeddable":true,"href":"https:\/\/www.shqiperia.com\/blog\/wp-json\/wp\/v2\/comments?post=99767"}],"version-history":[{"count":1,"href":"https:\/\/www.shqiperia.com\/blog\/wp-json\/wp\/v2\/posts\/99767\/revisions"}],"predecessor-version":[{"id":99769,"href":"https:\/\/www.shqiperia.com\/blog\/wp-json\/wp\/v2\/posts\/99767\/revisions\/99769"}],"wp:featuredmedia":[{"embeddable":true,"href":"https:\/\/www.shqiperia.com\/blog\/wp-json\/wp\/v2\/media\/99768"}],"wp:attachment":[{"href":"https:\/\/www.shqiperia.com\/blog\/wp-json\/wp\/v2\/media?parent=99767"}],"wp:term":[{"taxonomy":"category","embeddable":true,"href":"https:\/\/www.shqiperia.com\/blog\/wp-json\/wp\/v2\/categories?post=99767"},{"taxonomy":"post_tag","embeddable":true,"href":"https:\/\/www.shqiperia.com\/blog\/wp-json\/wp\/v2\/tags?post=99767"}],"curies":[{"name":"wp","href":"https:\/\/api.w.org\/{rel}","templated":true}]}}