{"id":99764,"date":"2026-04-30T19:43:09","date_gmt":"2026-04-30T19:43:09","guid":{"rendered":"https:\/\/www.shqiperia.com\/blog\/?p=99764"},"modified":"2026-04-30T19:43:09","modified_gmt":"2026-04-30T19:43:09","slug":"skandali-ne-lushnje-si-u-pajis-me-certifikate-pronesie-uzurpuesi-i-prones-private-roli-i-ish-kryebashkiakut-fatos-tushe-dhe-kreut-te-aluizni-evis-qyra","status":"publish","type":"post","link":"https:\/\/www.shqiperia.com\/blog\/skandali-ne-lushnje-si-u-pajis-me-certifikate-pronesie-uzurpuesi-i-prones-private-roli-i-ish-kryebashkiakut-fatos-tushe-dhe-kreut-te-aluizni-evis-qyra\/","title":{"rendered":"Skandali n\u00eb Lushnje, si u pajis me certifikat\u00eb pron\u00ebsie uzurpuesi i pron\u00ebs private. Roli i ish-kryebashkiakut Fatos Tushe dhe kreut t\u00eb ALUIZNI Evis Qyra"},"content":{"rendered":"<p><img data-recalc-dims=\"1\" loading=\"lazy\" decoding=\"async\" data-attachment-id=\"99765\" data-permalink=\"https:\/\/www.shqiperia.com\/blog\/skandali-ne-lushnje-si-u-pajis-me-certifikate-pronesie-uzurpuesi-i-prones-private-roli-i-ish-kryebashkiakut-fatos-tushe-dhe-kreut-te-aluizni-evis-qyra\/prona-ne-lushnje\/\" data-orig-file=\"https:\/\/i0.wp.com\/www.shqiperia.com\/blog\/wp-content\/uploads\/2026\/04\/Prona-ne-Lushnje.jpg?fit=1600%2C900&amp;ssl=1\" data-orig-size=\"1600,900\" data-comments-opened=\"1\" data-image-meta=\"{&quot;aperture&quot;:&quot;0&quot;,&quot;credit&quot;:&quot;&quot;,&quot;camera&quot;:&quot;&quot;,&quot;caption&quot;:&quot;&quot;,&quot;created_timestamp&quot;:&quot;0&quot;,&quot;copyright&quot;:&quot;&quot;,&quot;focal_length&quot;:&quot;0&quot;,&quot;iso&quot;:&quot;0&quot;,&quot;shutter_speed&quot;:&quot;0&quot;,&quot;title&quot;:&quot;&quot;,&quot;orientation&quot;:&quot;0&quot;}\" data-image-title=\"Prona-ne-Lushnje\" data-image-description=\"\" data-image-caption=\"\" data-medium-file=\"https:\/\/i0.wp.com\/www.shqiperia.com\/blog\/wp-content\/uploads\/2026\/04\/Prona-ne-Lushnje.jpg?fit=300%2C169&amp;ssl=1\" data-large-file=\"https:\/\/i0.wp.com\/www.shqiperia.com\/blog\/wp-content\/uploads\/2026\/04\/Prona-ne-Lushnje.jpg?fit=1024%2C576&amp;ssl=1\" class=\"alignnone  wp-image-99765\" alt=\"\" src=\"https:\/\/i0.wp.com\/www.shqiperia.com\/blog\/wp-content\/uploads\/2026\/04\/Prona-ne-Lushnje.jpg?resize=655%2C369&#038;ssl=1\" width=\"655\" height=\"369\" srcset=\"https:\/\/i0.wp.com\/www.shqiperia.com\/blog\/wp-content\/uploads\/2026\/04\/Prona-ne-Lushnje.jpg?resize=300%2C169&amp;ssl=1 300w, https:\/\/i0.wp.com\/www.shqiperia.com\/blog\/wp-content\/uploads\/2026\/04\/Prona-ne-Lushnje.jpg?resize=1024%2C576&amp;ssl=1 1024w, https:\/\/i0.wp.com\/www.shqiperia.com\/blog\/wp-content\/uploads\/2026\/04\/Prona-ne-Lushnje.jpg?resize=768%2C432&amp;ssl=1 768w, https:\/\/i0.wp.com\/www.shqiperia.com\/blog\/wp-content\/uploads\/2026\/04\/Prona-ne-Lushnje.jpg?resize=1536%2C864&amp;ssl=1 1536w, https:\/\/i0.wp.com\/www.shqiperia.com\/blog\/wp-content\/uploads\/2026\/04\/Prona-ne-Lushnje.jpg?resize=450%2C253&amp;ssl=1 450w, https:\/\/i0.wp.com\/www.shqiperia.com\/blog\/wp-content\/uploads\/2026\/04\/Prona-ne-Lushnje.jpg?resize=600%2C338&amp;ssl=1 600w, https:\/\/i0.wp.com\/www.shqiperia.com\/blog\/wp-content\/uploads\/2026\/04\/Prona-ne-Lushnje.jpg?resize=1500%2C844&amp;ssl=1 1500w, https:\/\/i0.wp.com\/www.shqiperia.com\/blog\/wp-content\/uploads\/2026\/04\/Prona-ne-Lushnje.jpg?resize=1300%2C731&amp;ssl=1 1300w, https:\/\/i0.wp.com\/www.shqiperia.com\/blog\/wp-content\/uploads\/2026\/04\/Prona-ne-Lushnje.jpg?resize=400%2C225&amp;ssl=1 400w, https:\/\/i0.wp.com\/www.shqiperia.com\/blog\/wp-content\/uploads\/2026\/04\/Prona-ne-Lushnje.jpg?w=1600&amp;ssl=1 1600w\" sizes=\"auto, (max-width: 655px) 100vw, 655px\" \/><\/p>\n<p><strong>30 Prill 2026<\/strong><\/p>\n<p><strong>Emisioni Vetting<\/strong><\/p>\n<p><strong>Gjykata demaskon Prokurorin\u00eb, nuk kryente hetimet p\u00ebr familjen Bo\u00e7i<\/strong><br \/>\nN\u00eb vitin 2017, Prokuroria e Lushnjes me prokuror t\u00eb \u00e7\u00ebshtjes Sk\u00ebnder Mestani do t\u00eb nisnin hetimet p\u00ebr rastin e familjes Bo\u00e7i. Bukuria dhe Dhimo do t\u00eb b\u00ebnin kall\u00ebzim p\u00ebr shp\u00ebrdorim detyre, por edhe p\u00ebr falsifikim dokumentesh dhe k\u00ebto dy kall\u00ebzime do t\u00eb bashkoheshin n\u00ebn nj\u00eb hetim t\u00eb vet\u00ebm. Vet\u00ebm se n\u00eb k\u00ebt\u00eb rast do t\u00eb kishim nj\u00eb p\u00ebrplasje midis Prokuroris\u00eb dhe Gjykat\u00ebs s\u00eb Lushnjes, ku kjo e fundit do ti k\u00ebrkonte Prokuroris\u00eb n\u00eb t\u00eb dyja raste t\u00eb kryente hetime t\u00eb thelluara. Ish-prokurori Mestani do t\u00eb k\u00ebrkonte pushimin e \u00e7\u00ebshtjes, por Gjykata e Lushnjes do t\u00eb k\u00ebrkonte rihapjen e hetimeve pasi nuk ishin kryer n\u00eb m\u00ebnyr\u00eb t\u00eb plot\u00eb, nd\u00ebrkoh\u00eb q\u00eb n\u00eb m\u00ebnyr\u00eb paradoksale Prokuroria pretendonte se mund t\u00eb ishim n\u00eb kushtet e parashkrimit.<\/p>\n<p>Nga ana tjet\u00ebr Prokuroria nuk kishte kryer verifikime t\u00eb plota dhe hetime p\u00ebr t\u00eb siguruar k\u00ebto konkluzione. T\u00eb nj\u00ebjt\u00ebn gj\u00eb do t\u00eb b\u00ebnte edhe Prokuroria e Apelit Vlor\u00eb, e cila do t\u00eb k\u00ebrkonte pushimin e \u00e7\u00ebshtjes, por rasti do t\u00eb rikthehej n\u00eb Lushnje p\u00ebr t\u00eb kryer hetimet e plota pasi kishte veprime q\u00eb nuk jan\u00eb verifikuar.<img loading=\"lazy\" decoding=\"async\" alt=\"\" src=\"https:\/\/ads.balkanweb.com\/www\/delivery\/lg.php?bannerid=0&amp;campaignid=0&amp;zoneid=629&amp;loc=https%3A%2F%2Fwww.balkanweb.com%2Fperplasje-mes-institucioneve-per-rastin-e-familjes-boci-ne-lushnje-gjykata-kerkon-hetime-te-plota-prokuroria-tenton-te-mbylle-ceshtjen%2F&amp;referer=https%3A%2F%2Fwww.balkanweb.com%2F&amp;cb=aed80d2d2e\" width=\"0\" height=\"0\" \/><\/p>\n<p>\u201cK\u00ebrkuam kall\u00ebzimin penal, kall\u00ebzimin penal na e mori Vasillaq Ziu, por ne nuk e dinim, ne hajde se po b\u00ebjm\u00eb kall\u00ebzim penal. \u00c7far\u00eb b\u00ebri Vasillaq Ziu?<\/p>\n<p>Nuk mori kall\u00ebzim penal, por mori deklarim. Kur e m\u00ebsuam neve k\u00ebt\u00eb?! Ne k\u00ebt\u00eb e m\u00ebsuam se tham\u00eb pse s\u2019po na th\u00ebrret Prokuroria p\u00ebr k\u00ebt\u00eb ngjarje kaq t\u00eb bujshme q\u00eb ne na dhunuan. Vajt\u00ebm atje, prokuror ishte Artan Azbiu. Ne i tham\u00eb kemi nj\u00eb pron\u00eb, vajt\u00ebm n\u00eb Bubullim\u00eb\u2026 a do b\u00ebhet gjyq p\u00ebr k\u00ebt\u00eb c\u00ebshtje? Na tha, juve nuk kini kall\u00ebzim penal. Po cfar\u00eb kemi? Juve keni deklarim dhe p\u00ebr ju s\u2019ka kall\u00ebzim\u201d, shprehet e zhg\u00ebnjyer Bukuria.<\/p>\n<p>Bukuria pohon se \u00e7\u00ebshtja \u00ebsht\u00eb zvarritur dhe nuk \u00ebsht\u00eb konstatuar askundi se ajo dhe bashk\u00ebshorti jan\u00eb dhunuar, duke akuzuar p\u00ebr nd\u00ebrhyrje nga Policia e Shtetit n\u00eb d\u00ebm t\u00eb tyre. Nga dosja e Prokuroris\u00eb del n\u00eb pah nj\u00eb element interesant, ku t\u00eb gjith\u00eb personat e pyetur duke filluar nga p\u00ebrmbaruesit dhe personat pran\u00eb ish ALUIZNI dhe ish Zyr\u00ebs s\u00eb Regjistrimit t\u00eb Pasurive pretendojn\u00eb se nuk e dinin q\u00eb prona ishte e regjistruar n\u00eb em\u00ebr t\u00eb familjes Bo\u00e7i.<\/p>\n<p>\u201cAtje bashk\u00ebshortit iu thye proteza dhe pati d\u00ebmtime n\u00eb kraharor dhe ne nuk na mor\u00ebn parasysh k\u00ebto gj\u00ebra sepse e mori n\u00eb telefon nj\u00eb dit\u00eb para Vasillaq Ziu, se ne tham\u00eb \u201csot nuk po shkojm\u00eb sepse nuk jemi n\u00eb gj\u00ebndje t\u00eb shkojm\u00eb sepse na dhunuan\u201d, por vajt\u00ebm t\u00eb nes\u00ebrmen te mjeku ligjor dhe pas k\u00ebsaj vajt\u00ebm biseduam me prokurorin. Ky b\u00ebri grafi dhe e ka treguar grafia q\u00eb kishte shembje n\u00eb kraharor. Nuk na tha, kjo ishte detyr\u00eb e mjekut ligjor q\u00eb ta conte p\u00ebr kontroll bashk\u00ebshortin tim\u201d, tha Bukuria duke evidentuar se dhunimi i tyre \u00ebsht\u00eb groposur nga institucionet.<\/p>\n<p>Nga hetimet e ish prokurorit Sk\u00ebnder Mestani rezulton se jan\u00eb marr\u00eb n\u00eb pyetje specialist\u00eb dhe p\u00ebrgjegj\u00ebs\u00ebt pran\u00eb Inspektoriatit Komb\u00ebtar t\u00eb Mbrojtjes s\u00eb Territorit p\u00ebr arsyet se pse nuk \u00ebsht\u00eb mb\u00ebshtetur me makineri P\u00ebrmbarimi dhe Inspektoriati i Mbrojtjes s\u00eb Territorit n\u00eb Bashkin\u00eb Lushnje.<br \/>\nPor d\u00ebshtimi n\u00eb terren nuk ishte rast\u00ebsi. Dokumentet zbulojn\u00eb se pas \u00e7do difekti t\u00eb fadrom\u00ebs fshihej nj\u00eb zinxhir d\u00ebshmish kontradiktore nd\u00ebrsa ish-kreu i IMT Lushnje, Shaqir Zhama, pretendon se k\u00ebrkesat e tij u injoruan, drejtuesit e tjer\u00eb t\u00eb Bashkis\u00eb Lushnje kan\u00eb harruar ngjarjen, duke e l\u00ebn\u00eb p\u00ebrgjegj\u00ebsin\u00eb pa autor.<\/p>\n<p>Nga ana tjet\u00ebr, IKMT-ja p\u00ebrgjigjej duke deklaruar se p\u00ebrgjegj\u00ebsia ishte e Bashkis\u00eb Lushnje dhe se mjetet e tyre ishin t\u00eb z\u00ebna me aksione n\u00eb qytete si Himara apo n\u00eb rrug\u00ebt komb\u00ebtare. N\u00eb nj\u00eb moment, p\u00ebrmbaruesja Luiza Gjergjova tentoi ta kryente nd\u00ebrhyrjne me fadrom\u00ebn e gjetur nga vet\u00eb pronari Dhimo Bo\u00e7i, por aksioni d\u00ebshtoi p\u00ebr shkak t\u00eb konflikteve n\u00eb terren me familjar\u00ebt e Genci Gjoka, gj\u00eb q\u00eb detyroi nd\u00ebrhyrjen e Policis\u00eb. Pas k\u00ebtij incidenti, asnj\u00eb mjet nuk pranoi m\u00eb t\u00eb shkonte n\u00eb at\u00eb pron\u00eb nga frika e p\u00ebrplasjeve me pronar\u00ebt e nd\u00ebrtes\u00ebs.<\/p>\n<div class=\"post-copyright\"><span>Balkan<\/span><span>Web<\/span><\/div>\n","protected":false},"excerpt":{"rendered":"<p>30 Prill 2026 Emisioni Vetting Gjykata demaskon Prokurorin\u00eb, nuk kryente hetimet p\u00ebr familjen Bo\u00e7i N\u00eb vitin 2017, Prokuroria e Lushnjes me prokuror t\u00eb \u00e7\u00ebshtjes Sk\u00ebnder Mestani do t\u00eb nisnin hetimet p\u00ebr rastin e familjes Bo\u00e7i. Bukuria dhe Dhimo do t\u00eb b\u00ebnin kall\u00ebzim p\u00ebr shp\u00ebrdorim detyre, por edhe p\u00ebr falsifikim dokumentesh dhe k\u00ebto dy kall\u00ebzime do [&hellip;]<\/p>\n","protected":false},"author":9,"featured_media":99765,"comment_status":"open","ping_status":"open","sticky":false,"template":"","format":"standard","meta":{"jetpack_post_was_ever_published":false,"_jetpack_newsletter_access":"","_jetpack_dont_email_post_to_subs":false,"_jetpack_newsletter_tier_id":0,"_jetpack_memberships_contains_paywalled_content":false,"_jetpack_memberships_contains_paid_content":false,"footnotes":"","jetpack_publicize_message":"","jetpack_publicize_feature_enabled":true,"jetpack_social_post_already_shared":true,"jetpack_social_options":{"image_generator_settings":{"template":"highway","default_image_id":0,"font":"","enabled":false},"version":2}},"categories":[27,85,10,2,35],"tags":[],"class_list":["post-99764","post","type-post","status-publish","format-standard","has-post-thumbnail","hentry","category-blogu-i-udhetarit","category-histori","category-kultura","category-politika","category-shoqerore"],"jetpack_publicize_connections":[],"jetpack_featured_media_url":"https:\/\/i0.wp.com\/www.shqiperia.com\/blog\/wp-content\/uploads\/2026\/04\/Prona-ne-Lushnje.jpg?fit=1600%2C900&ssl=1","jetpack_sharing_enabled":true,"jetpack_shortlink":"https:\/\/wp.me\/p5Z6wp-pX6","jetpack-related-posts":[{"id":2153,"url":"https:\/\/www.shqiperia.com\/blog\/kongresi-lushnjes-21-janar-1920\/","url_meta":{"origin":99764,"position":0},"title":"Kongresi i Lushnj\u00ebs (21 janar 1920)","author":"Kurt Farka","date":"January 29, 2018","format":false,"excerpt":"Kongresi i Lushnj\u00ebs (21 janar 1920) ) Kongresi i Lushnj\u00ebs hapi zyrtarisht punimet me 21 janar 1920, nd\u00ebrsa punimet i zhvilloi nga data 28 deri m\u00eb 31 janar 1920. \u00cbsht\u00eb nj\u00eb nga kuvendet komb\u00ebtare m\u00eb t\u00eb r\u00ebnd\u00ebsishme n\u00eb historin\u00eb e kombit shqiptar. Q\u00ebllimi i mbajtjes s\u00eb Kongresit t\u00eb Lushnj\u00ebs ishte\u2026","rel":"","context":"In &quot;Histori&quot;","block_context":{"text":"Histori","link":"https:\/\/www.shqiperia.com\/blog\/category\/histori\/"},"img":{"alt_text":"","src":"https:\/\/i0.wp.com\/www.shqiperia.com\/blog\/wp-content\/uploads\/2018\/01\/Shtepia-ku-u-mbajt-Kongresi-i-Lushnjes.jpg?fit=720%2C541&ssl=1&resize=350%2C200","width":350,"height":200,"srcset":"https:\/\/i0.wp.com\/www.shqiperia.com\/blog\/wp-content\/uploads\/2018\/01\/Shtepia-ku-u-mbajt-Kongresi-i-Lushnjes.jpg?fit=720%2C541&ssl=1&resize=350%2C200 1x, https:\/\/i0.wp.com\/www.shqiperia.com\/blog\/wp-content\/uploads\/2018\/01\/Shtepia-ku-u-mbajt-Kongresi-i-Lushnjes.jpg?fit=720%2C541&ssl=1&resize=525%2C300 1.5x, https:\/\/i0.wp.com\/www.shqiperia.com\/blog\/wp-content\/uploads\/2018\/01\/Shtepia-ku-u-mbajt-Kongresi-i-Lushnjes.jpg?fit=720%2C541&ssl=1&resize=700%2C400 2x"},"classes":[]},{"id":48458,"url":"https:\/\/www.shqiperia.com\/blog\/ministria-e-bujqesise-pranon-mbjelljen-e-kanabisit-ne-seren-e-lushnjes-kryhet-me-kerkese-te-prokurorise-dhe-policise-se-shtetit\/","url_meta":{"origin":99764,"position":1},"title":"Ministria e Bujq\u00ebsis\u00eb pranon mbjelljen e kanabisit n\u00eb ser\u00ebn e Lushnjes: &#8211; Kryhet me k\u00ebrkes\u00eb t\u00eb Prokuroris\u00eb dhe Policis\u00eb s\u00eb Shtetit","author":"Kurt Farka","date":"July 13, 2021","format":false,"excerpt":"Ministria e Bujq\u00ebsis\u00eb pranon mbjelljen e kanabisit n\u00eb ser\u00ebn e Lushnjes: - Kryhet me k\u00ebrkes\u00eb t\u00eb Prokuroris\u00eb dhe Policis\u00eb s\u00eb Shtetit 13 korrik 2021 Ministria e Bujq\u00ebsis\u00eb pranon mbjelljen e kanabisit n\u00eb ser\u00ebn e Lushnjes: Kryhet me k\u00ebrkes\u00eb t\u00eb Prokuroris\u00eb dhe Policis\u00eb s\u00eb Shtetit Ministria e Bujq\u00ebsis\u00eb ka reaguar pas\u2026","rel":"","context":"In &quot;Blogu i Udh\u00ebtarit&quot;","block_context":{"text":"Blogu i Udh\u00ebtarit","link":"https:\/\/www.shqiperia.com\/blog\/category\/blogu-i-udhetarit\/"},"img":{"alt_text":"","src":"https:\/\/i0.wp.com\/www.shqiperia.com\/blog\/wp-content\/uploads\/2021\/07\/rtytyty-1024x593-1-905x450-1.jpg?fit=905%2C450&ssl=1&resize=350%2C200","width":350,"height":200,"srcset":"https:\/\/i0.wp.com\/www.shqiperia.com\/blog\/wp-content\/uploads\/2021\/07\/rtytyty-1024x593-1-905x450-1.jpg?fit=905%2C450&ssl=1&resize=350%2C200 1x, https:\/\/i0.wp.com\/www.shqiperia.com\/blog\/wp-content\/uploads\/2021\/07\/rtytyty-1024x593-1-905x450-1.jpg?fit=905%2C450&ssl=1&resize=525%2C300 1.5x, https:\/\/i0.wp.com\/www.shqiperia.com\/blog\/wp-content\/uploads\/2021\/07\/rtytyty-1024x593-1-905x450-1.jpg?fit=905%2C450&ssl=1&resize=700%2C400 2x"},"classes":[]},{"id":29273,"url":"https:\/\/www.shqiperia.com\/blog\/basha-i-pandehur-hidhet-shorti-ne-gjykate-ja-kush-do-e-gjykoje\/","url_meta":{"origin":99764,"position":2},"title":"Basha i pandehur\/ Hidhet shorti n\u00eb gjykat\u00eb, ja kush do e gjykoj\u00eb. &#8211;","author":"Kurt Farka","date":"December 13, 2019","format":false,"excerpt":"Basha i pandehur\/ Hidhet shorti n\u00eb gjykat\u00eb, ja kush do e gjykoj\u00eb. - 13 Dhjetor 2019 Mesdit\u00ebn e sotme n\u00eb Gjykat\u00ebn e Tiran\u00ebs \u00ebsht\u00eb hedhur shorti, se kush gjyqtar do t\u00eb marr\u00eb n\u00eb shqyrtim \u00e7\u00ebshtjen penale n\u00eb ngarkim t\u00eb Lulzim Bash\u00ebs, Arben Ristanit dhe Ilir Dervishit. Kjo ka ndodhur nj\u00eb\u2026","rel":"","context":"In &quot;Njoftime Shtypi&quot;","block_context":{"text":"Njoftime Shtypi","link":"https:\/\/www.shqiperia.com\/blog\/category\/njoftime-shtypi\/"},"img":{"alt_text":"","src":"https:\/\/i0.wp.com\/www.shqiperia.com\/blog\/wp-content\/uploads\/2019\/12\/2-14-2.jpg?fit=696%2C393&ssl=1&resize=350%2C200","width":350,"height":200,"srcset":"https:\/\/i0.wp.com\/www.shqiperia.com\/blog\/wp-content\/uploads\/2019\/12\/2-14-2.jpg?fit=696%2C393&ssl=1&resize=350%2C200 1x, https:\/\/i0.wp.com\/www.shqiperia.com\/blog\/wp-content\/uploads\/2019\/12\/2-14-2.jpg?fit=696%2C393&ssl=1&resize=525%2C300 1.5x"},"classes":[]},{"id":60041,"url":"https:\/\/www.shqiperia.com\/blog\/nga-tahiri-beqaj-tek-blendi-gonxhe-te-gjithe-rilindasit-e-rames-qe-perfunduan-ne-dyert-e-spak\/","url_meta":{"origin":99764,"position":3},"title":"Nga Tahiri, Beqaj tek Blendi Gonxhe, t\u00eb gjith\u00eb \u2018Rilindasit\u2019 e Ram\u00ebs q\u00eb p\u00ebrfunduan n\u00eb dyert e SPAK","author":"Kurt Farka","date":"July 25, 2022","format":false,"excerpt":"\u00a0-\u00a0 25.07.2022 Ministrat dhe ish zyrtar\u00ebt e lart\u00eb t\u00eb rilindjes kan\u00eb p\u00ebrfunduar s\u00eb fundmi n\u00eb dyer e Prokuroris\u00eb s\u00eb Posa\u00e7me Anti-Korrupsion (SPAK). I pari q\u00eb shkeli n\u00eb SPAK ishte Saimir Tahiri, ish-ministri i brendsh\u00ebm, m\u00eb i suksessh\u00ebm sipas kryeministrit Rama, i cili u d\u00ebnua me burgim nga Gjykata e Posa\u00e7me\u2026","rel":"","context":"In &quot;Blogu i Udh\u00ebtarit&quot;","block_context":{"text":"Blogu i Udh\u00ebtarit","link":"https:\/\/www.shqiperia.com\/blog\/category\/blogu-i-udhetarit\/"},"img":{"alt_text":"","src":"https:\/\/i0.wp.com\/www.shqiperia.com\/blog\/wp-content\/uploads\/2022\/07\/Desktop160-770x433-1.jpg?fit=770%2C433&ssl=1&resize=350%2C200","width":350,"height":200,"srcset":"https:\/\/i0.wp.com\/www.shqiperia.com\/blog\/wp-content\/uploads\/2022\/07\/Desktop160-770x433-1.jpg?fit=770%2C433&ssl=1&resize=350%2C200 1x, https:\/\/i0.wp.com\/www.shqiperia.com\/blog\/wp-content\/uploads\/2022\/07\/Desktop160-770x433-1.jpg?fit=770%2C433&ssl=1&resize=525%2C300 1.5x, https:\/\/i0.wp.com\/www.shqiperia.com\/blog\/wp-content\/uploads\/2022\/07\/Desktop160-770x433-1.jpg?fit=770%2C433&ssl=1&resize=700%2C400 2x"},"classes":[]},{"id":77522,"url":"https:\/\/www.shqiperia.com\/blog\/kongresi-kombetar-i-lushnjes-dhe-roli-i-mbretit-zog-i\/","url_meta":{"origin":99764,"position":4},"title":"Kongresi Komb\u00ebtar i Lushnjes dhe roli i Mbretit Zog I.","author":"Kurt Farka","date":"January 21, 2024","format":false,"excerpt":"21 Janar 2024 ... Prandaj Ahmet Zogu, me plot kuptimin e fjal\u00ebs mb\u00ebshtetur n\u00eb fakte t\u00eb pakontestueshme mund t\u00eb themi, Ai luajti rol kryesor n\u00eb jet\u00ebsimin e vendimeve t\u00eb Kongresit t\u00eb Lushnjes. ... Para 104 vitesh, Ahmet Zogu vinte n\u00eb Kongresin e Lushnjes si nj\u00eb nga p\u00ebrfaq\u00ebsuesit e krahinave me\u2026","rel":"","context":"In &quot;Blogu i Udh\u00ebtarit&quot;","block_context":{"text":"Blogu i Udh\u00ebtarit","link":"https:\/\/www.shqiperia.com\/blog\/category\/blogu-i-udhetarit\/"},"img":{"alt_text":"","src":"https:\/\/i0.wp.com\/www.shqiperia.com\/blog\/wp-content\/uploads\/2024\/01\/640-0-zogu-1705864892.jpg?fit=640%2C353&ssl=1&resize=350%2C200","width":350,"height":200,"srcset":"https:\/\/i0.wp.com\/www.shqiperia.com\/blog\/wp-content\/uploads\/2024\/01\/640-0-zogu-1705864892.jpg?fit=640%2C353&ssl=1&resize=350%2C200 1x, https:\/\/i0.wp.com\/www.shqiperia.com\/blog\/wp-content\/uploads\/2024\/01\/640-0-zogu-1705864892.jpg?fit=640%2C353&ssl=1&resize=525%2C300 1.5x"},"classes":[]},{"id":98096,"url":"https:\/\/www.shqiperia.com\/blog\/raporti-per-ballukun-bardhi-kuvendi-smund-te-percaktoje-se-cila-mase-sigurimi-eshte-e-pershtatshme\/","url_meta":{"origin":99764,"position":5},"title":"Raporti p\u00ebr Ballukun, Bardhi: Kuvendi s\u2019mund t\u00eb p\u00ebrcaktoj\u00eb se cila mas\u00eb sigurimi \u00ebsht\u00eb e p\u00ebrshtatshme","author":"Kurt Farka","date":"March 2, 2026","format":false,"excerpt":"2 Mars 2026 Kreu i Grupit Parlamentar t\u00eb PD-s\u00eb, Gazment Bardhi, n\u00eb nj\u00eb deklarat\u00eb p\u00ebr mediat, prezantoi raportin e opozit\u00ebs q\u00eb do t\u00eb depozitohet n\u00eb Kuvend pas mbledhjes s\u00eb K\u00ebshillit t\u00eb Mandateve dhe Imunitetit me q\u00ebllim heqjen e imuniteti t\u00eb Belinda Ballukut, k\u00ebrkes\u00eb e SPAK, dhe arrestimin e saj. Bardhi\u2026","rel":"","context":"In &quot;Njoftime Shtypi&quot;","block_context":{"text":"Njoftime Shtypi","link":"https:\/\/www.shqiperia.com\/blog\/category\/njoftime-shtypi\/"},"img":{"alt_text":"","src":"https:\/\/i0.wp.com\/www.shqiperia.com\/blog\/wp-content\/uploads\/2026\/03\/69a58fdd27d44WhatsApp-Image-2026-03-02-at-14.17.55.jpeg?fit=1200%2C800&ssl=1&resize=350%2C200","width":350,"height":200,"srcset":"https:\/\/i0.wp.com\/www.shqiperia.com\/blog\/wp-content\/uploads\/2026\/03\/69a58fdd27d44WhatsApp-Image-2026-03-02-at-14.17.55.jpeg?fit=1200%2C800&ssl=1&resize=350%2C200 1x, https:\/\/i0.wp.com\/www.shqiperia.com\/blog\/wp-content\/uploads\/2026\/03\/69a58fdd27d44WhatsApp-Image-2026-03-02-at-14.17.55.jpeg?fit=1200%2C800&ssl=1&resize=525%2C300 1.5x, https:\/\/i0.wp.com\/www.shqiperia.com\/blog\/wp-content\/uploads\/2026\/03\/69a58fdd27d44WhatsApp-Image-2026-03-02-at-14.17.55.jpeg?fit=1200%2C800&ssl=1&resize=700%2C400 2x, https:\/\/i0.wp.com\/www.shqiperia.com\/blog\/wp-content\/uploads\/2026\/03\/69a58fdd27d44WhatsApp-Image-2026-03-02-at-14.17.55.jpeg?fit=1200%2C800&ssl=1&resize=1050%2C600 3x"},"classes":[]}],"_links":{"self":[{"href":"https:\/\/www.shqiperia.com\/blog\/wp-json\/wp\/v2\/posts\/99764","targetHints":{"allow":["GET"]}}],"collection":[{"href":"https:\/\/www.shqiperia.com\/blog\/wp-json\/wp\/v2\/posts"}],"about":[{"href":"https:\/\/www.shqiperia.com\/blog\/wp-json\/wp\/v2\/types\/post"}],"author":[{"embeddable":true,"href":"https:\/\/www.shqiperia.com\/blog\/wp-json\/wp\/v2\/users\/9"}],"replies":[{"embeddable":true,"href":"https:\/\/www.shqiperia.com\/blog\/wp-json\/wp\/v2\/comments?post=99764"}],"version-history":[{"count":1,"href":"https:\/\/www.shqiperia.com\/blog\/wp-json\/wp\/v2\/posts\/99764\/revisions"}],"predecessor-version":[{"id":99766,"href":"https:\/\/www.shqiperia.com\/blog\/wp-json\/wp\/v2\/posts\/99764\/revisions\/99766"}],"wp:featuredmedia":[{"embeddable":true,"href":"https:\/\/www.shqiperia.com\/blog\/wp-json\/wp\/v2\/media\/99765"}],"wp:attachment":[{"href":"https:\/\/www.shqiperia.com\/blog\/wp-json\/wp\/v2\/media?parent=99764"}],"wp:term":[{"taxonomy":"category","embeddable":true,"href":"https:\/\/www.shqiperia.com\/blog\/wp-json\/wp\/v2\/categories?post=99764"},{"taxonomy":"post_tag","embeddable":true,"href":"https:\/\/www.shqiperia.com\/blog\/wp-json\/wp\/v2\/tags?post=99764"}],"curies":[{"name":"wp","href":"https:\/\/api.w.org\/{rel}","templated":true}]}}