{"id":99762,"date":"2026-04-30T19:39:31","date_gmt":"2026-04-30T19:39:31","guid":{"rendered":"https:\/\/www.shqiperia.com\/blog\/?p=99762"},"modified":"2026-04-30T19:39:31","modified_gmt":"2026-04-30T19:39:31","slug":"rama-i-kercenuar-politikisht-mertiri-ngre-alarmin-per-zhvillimet-ne-ps-spak-mund-te-shkoje-deri-te","status":"publish","type":"post","link":"https:\/\/www.shqiperia.com\/blog\/rama-i-kercenuar-politikisht-mertiri-ngre-alarmin-per-zhvillimet-ne-ps-spak-mund-te-shkoje-deri-te\/","title":{"rendered":"\u201cRama i k\u00ebrc\u00ebnuar politikisht\u201d, M\u00ebrtiri ngre alarmin p\u00ebr zhvillimet n\u00eb PS: SPAK mund t\u00eb shkoj\u00eb deri te\u2026"},"content":{"rendered":"<div id=\"attachment_98639\" style=\"width: 485px\" class=\"wp-caption alignnone\"><img data-recalc-dims=\"1\" loading=\"lazy\" decoding=\"async\" aria-describedby=\"caption-attachment-98639\" data-attachment-id=\"98639\" data-permalink=\"https:\/\/www.shqiperia.com\/blog\/rama-dergon-kriminele-per-te-shpuar-shishet-e-ujit-te-ilir-metes\/edi-rama-3-17\/\" data-orig-file=\"https:\/\/i0.wp.com\/www.shqiperia.com\/blog\/wp-content\/uploads\/2026\/03\/Edi-Rama-3-1.jpg?fit=640%2C480&amp;ssl=1\" data-orig-size=\"640,480\" data-comments-opened=\"1\" data-image-meta=\"{&quot;aperture&quot;:&quot;0&quot;,&quot;credit&quot;:&quot;&quot;,&quot;camera&quot;:&quot;&quot;,&quot;caption&quot;:&quot;&quot;,&quot;created_timestamp&quot;:&quot;0&quot;,&quot;copyright&quot;:&quot;&quot;,&quot;focal_length&quot;:&quot;0&quot;,&quot;iso&quot;:&quot;0&quot;,&quot;shutter_speed&quot;:&quot;0&quot;,&quot;title&quot;:&quot;&quot;,&quot;orientation&quot;:&quot;0&quot;}\" data-image-title=\"Edi Rama\" data-image-description=\"\" data-image-caption=\"&lt;p&gt;Edi Rama &lt;\/p&gt;\n\" data-medium-file=\"https:\/\/i0.wp.com\/www.shqiperia.com\/blog\/wp-content\/uploads\/2026\/03\/Edi-Rama-3-1.jpg?fit=300%2C225&amp;ssl=1\" data-large-file=\"https:\/\/i0.wp.com\/www.shqiperia.com\/blog\/wp-content\/uploads\/2026\/03\/Edi-Rama-3-1.jpg?fit=640%2C480&amp;ssl=1\" class=\" wp-image-98639\" alt=\"\" src=\"https:\/\/i0.wp.com\/www.shqiperia.com\/blog\/wp-content\/uploads\/2026\/03\/Edi-Rama-3-1.jpg?resize=475%2C356&#038;ssl=1\" width=\"475\" height=\"356\" srcset=\"https:\/\/i0.wp.com\/www.shqiperia.com\/blog\/wp-content\/uploads\/2026\/03\/Edi-Rama-3-1.jpg?resize=300%2C225&amp;ssl=1 300w, https:\/\/i0.wp.com\/www.shqiperia.com\/blog\/wp-content\/uploads\/2026\/03\/Edi-Rama-3-1.jpg?resize=450%2C338&amp;ssl=1 450w, https:\/\/i0.wp.com\/www.shqiperia.com\/blog\/wp-content\/uploads\/2026\/03\/Edi-Rama-3-1.jpg?resize=600%2C450&amp;ssl=1 600w, https:\/\/i0.wp.com\/www.shqiperia.com\/blog\/wp-content\/uploads\/2026\/03\/Edi-Rama-3-1.jpg?resize=400%2C300&amp;ssl=1 400w, https:\/\/i0.wp.com\/www.shqiperia.com\/blog\/wp-content\/uploads\/2026\/03\/Edi-Rama-3-1.jpg?w=640&amp;ssl=1 640w\" sizes=\"auto, (max-width: 475px) 100vw, 475px\" \/><p id=\"caption-attachment-98639\" class=\"wp-caption-text\">Edi Rama<\/p><\/div>\n<p>30 Prill 2026<\/p>\n<p>Analisti Ergys M\u00ebrtiri, nd\u00ebrsa komentoi zhvillimet e brendshme dhe p\u00ebrplasjet n\u00eb Partin\u00eb Socialiste, tha se kryeministri Rama gjithmon\u00eb ka k\u00ebrkuar q\u00eb t\u00eb ket\u00eb sh\u00ebrb\u00ebtor\u00eb p\u00ebr bashk\u00ebpunim dhe jo partner\u00eb.<\/p>\n<p>Gjat\u00eb ne nje emision televiziv, M\u00ebrtiri tha se edhe n\u00eb PS ka grupe influencash \u2018posht\u00eb hijes s\u00eb kryetarit, nj\u00ebri sipas tij i Ballukut dhe tjetri i Veliajt.<\/p>\n<p>M\u00eb tej n\u00ebnvizoi se kryeministri Rama ka zgjedhur t\u00eb destabilizoj\u00eb PS q\u00eb t\u00eb mbroj\u00eb Ballukun sepse \u2018Balluku \u00ebsht\u00eb barriera e fundit q\u00eb hetimi i SPAK t\u00eb mos shkoj\u00eb te Rama\u2019.<\/p>\n<p>\u201cRama k\u00ebrkon t\u00eb ket\u00eb sh\u00ebrb\u00ebtor\u00eb p\u00ebr bashk\u00ebpun\u00ebtor\u00eb dhe jo partner\u00eb. Njer\u00ebzit q\u00eb ka pasur posht\u00eb, i ka pasur njer\u00ebz q\u00eb i kan\u00eb sh\u00ebrbyer Ram\u00ebs. Pas skandaleve dhe zullumeve dhe humbjes s\u00eb legjitimiteti, duhet t\u00eb themi se autotarizmi vjen sepse lideri nuk ka legjitimitetit. Njer\u00ebzit e din\u00eb q\u00eb \u00ebsht\u00eb i korruptuar , i kriminalizuar dhe ndaj k\u00ebrkon t\u00eb shuaj\u00eb z\u00ebrat n\u00eb parti. N\u00eb PS ka grupe influencash posht\u00eb hijes s\u00eb kryetarit, nj\u00ebri i Ballukut dhe tjetri i Veliajt. PS ishte n\u00eb prag t\u00eb nj\u00eb konflikti t\u00eb brendsh\u00ebm mendoj un\u00eb, Rama \u00ebsht\u00eb p\u00ebrball\u00eb dy zjarresh. Rama k\u00ebrc\u00ebnohet nga ky destabilizim i situat\u00ebs brenda vet\u00eb PS. Ka edhe nj\u00eb k\u00ebrc\u00ebnim q\u00eb i vjen nga SPAK q\u00eb mund t\u00eb shkoj\u00eb edhe m\u00eb lart t\u00eb prek\u00eb vet\u00eb Ram\u00ebn. Pra ka zgjedhur t\u00eb destabilizoj\u00eb PS q\u00eb t\u00eb mbroj\u00eb Ballukun sepse Balluku \u00ebsht\u00eb barriera e fundit q\u00eb hetimi t\u00eb mos shkoj\u00eb te Rama\u201d, theksoi ai.<\/p>\n","protected":false},"excerpt":{"rendered":"<p>30 Prill 2026 Analisti Ergys M\u00ebrtiri, nd\u00ebrsa komentoi zhvillimet e brendshme dhe p\u00ebrplasjet n\u00eb Partin\u00eb Socialiste, tha se kryeministri Rama gjithmon\u00eb ka k\u00ebrkuar q\u00eb t\u00eb ket\u00eb sh\u00ebrb\u00ebtor\u00eb p\u00ebr bashk\u00ebpunim dhe jo partner\u00eb. Gjat\u00eb ne nje emision televiziv, M\u00ebrtiri tha se edhe n\u00eb PS ka grupe influencash \u2018posht\u00eb hijes s\u00eb kryetarit, nj\u00ebri sipas tij i Ballukut [&hellip;]<\/p>\n","protected":false},"author":9,"featured_media":0,"comment_status":"open","ping_status":"open","sticky":false,"template":"","format":"standard","meta":{"jetpack_post_was_ever_published":false,"_jetpack_newsletter_access":"","_jetpack_dont_email_post_to_subs":false,"_jetpack_newsletter_tier_id":0,"_jetpack_memberships_contains_paywalled_content":false,"_jetpack_memberships_contains_paid_content":false,"footnotes":"","jetpack_publicize_message":"","jetpack_publicize_feature_enabled":true,"jetpack_social_post_already_shared":true,"jetpack_social_options":{"image_generator_settings":{"template":"highway","default_image_id":0,"font":"","enabled":false},"version":2}},"categories":[27,2],"tags":[],"class_list":["post-99762","post","type-post","status-publish","format-standard","hentry","category-blogu-i-udhetarit","category-politika"],"jetpack_publicize_connections":[],"jetpack_featured_media_url":"","jetpack_sharing_enabled":true,"jetpack_shortlink":"https:\/\/wp.me\/p5Z6wp-pX4","jetpack-related-posts":[{"id":56016,"url":"https:\/\/www.shqiperia.com\/blog\/kush-eshte-mirel-mertiri-bosi-i-inceneratoreve-i-shpallur-ne-kerkim-basha-e-akuzoi-si-anetar-te-bandes-se-lushnjes\/","url_meta":{"origin":99762,"position":0},"title":"Kush \u00ebsht\u00eb Mirel M\u00ebrtiri, bosi i incenerator\u00ebve i shpallur n\u00eb k\u00ebrkim, Basha e akuzoi si an\u00ebtar t\u00eb Band\u00ebs s\u00eb Lushnjes","author":"Kurt Farka","date":"March 28, 2022","format":false,"excerpt":"Kush \u00ebsht\u00eb Mirel M\u00ebrtiri, bosi i incenerator\u00ebve i shpallur n\u00eb k\u00ebrkim, Basha e akuzoi si an\u00ebtar t\u00eb Band\u00ebs s\u00eb Lushnjes - 24.02.22 Kryetari i Partis\u00eb Demokratike, Lulzim Basha b\u00ebri sot nj\u00eb denoncim t\u00eb fort\u00eb, ku para gazetar\u00ebve t\u00eb mbledhur n\u00eb dalje t\u00eb sall\u00ebs s\u00eb Parlamentit t\u00eb Shqip\u00ebris\u00eb, i u shpreh\u2026","rel":"","context":"In &quot;Blogu i Udh\u00ebtarit&quot;","block_context":{"text":"Blogu i Udh\u00ebtarit","link":"https:\/\/www.shqiperia.com\/blog\/category\/blogu-i-udhetarit\/"},"img":{"alt_text":"","src":"https:\/\/i0.wp.com\/www.shqiperia.com\/blog\/wp-content\/uploads\/2022\/03\/mirel-mirel.png?fit=686%2C460&ssl=1&resize=350%2C200","width":350,"height":200,"srcset":"https:\/\/i0.wp.com\/www.shqiperia.com\/blog\/wp-content\/uploads\/2022\/03\/mirel-mirel.png?fit=686%2C460&ssl=1&resize=350%2C200 1x, https:\/\/i0.wp.com\/www.shqiperia.com\/blog\/wp-content\/uploads\/2022\/03\/mirel-mirel.png?fit=686%2C460&ssl=1&resize=525%2C300 1.5x"},"classes":[]},{"id":89974,"url":"https:\/\/www.shqiperia.com\/blog\/rama-i-shqetesuar-nga-goditja-e-industrise-se-blerjes-se-votave\/","url_meta":{"origin":99762,"position":1},"title":"Rama i shqet\u00ebsuar nga goditja e industris\u00eb s\u00eb blerjes s\u00eb votave","author":"Kurt Farka","date":"February 27, 2025","format":false,"excerpt":"27 Shkurt 2025 Ai theksoi se Reforma n\u00eb Drejt\u00ebsi ka krijuar nj\u00eb mund\u00ebsi p\u00ebr SPAK q\u00eb t\u00eb godas\u00eb shtyllat e sistemit politik aktual, nj\u00eb mekaniz\u00ebm ky q\u00eb, sipas tij, ka mund\u00ebsuar q\u00eb Edi Rama t\u00eb q\u00ebndroj\u00eb n\u00eb pushtet p\u00ebr kaq shum\u00eb vite. M\u00ebrtiri u shpreh se, n\u00ebse nj\u00eb prokuror nis\u2026","rel":"","context":"In &quot;Blogu i Udh\u00ebtarit&quot;","block_context":{"text":"Blogu i Udh\u00ebtarit","link":"https:\/\/www.shqiperia.com\/blog\/category\/blogu-i-udhetarit\/"},"img":{"alt_text":"","src":"https:\/\/i0.wp.com\/www.shqiperia.com\/blog\/wp-content\/uploads\/2025\/02\/RAMA-18-1.jpg?fit=1024%2C603&ssl=1&resize=350%2C200","width":350,"height":200,"srcset":"https:\/\/i0.wp.com\/www.shqiperia.com\/blog\/wp-content\/uploads\/2025\/02\/RAMA-18-1.jpg?fit=1024%2C603&ssl=1&resize=350%2C200 1x, https:\/\/i0.wp.com\/www.shqiperia.com\/blog\/wp-content\/uploads\/2025\/02\/RAMA-18-1.jpg?fit=1024%2C603&ssl=1&resize=525%2C300 1.5x, https:\/\/i0.wp.com\/www.shqiperia.com\/blog\/wp-content\/uploads\/2025\/02\/RAMA-18-1.jpg?fit=1024%2C603&ssl=1&resize=700%2C400 2x"},"classes":[]},{"id":23513,"url":"https:\/\/www.shqiperia.com\/blog\/eja-na-nxirrni-mertiri-sfidon-ramen-po-qe-i-forte-bej-referendum-per-teatrin\/","url_meta":{"origin":99762,"position":2},"title":"\u2018Eja na nxirrni\u2019\/ M\u00ebrtiri sfidon Ram\u00ebn. &#8216;Po qe i fort\u00eb, b\u00ebj referendum p\u00ebr Teatrin\u2019","author":"Kurt Farka","date":"July 24, 2019","format":false,"excerpt":"\u2018Eja na nxirrni\u2019\/ M\u00ebrtiri sfidon Ram\u00ebn. 'Po qe i fort\u00eb, b\u00ebj referendum p\u00ebr Teatrin\u2019 17:04,\u00a024\/07\/2019 Sociologu Ergys M\u00ebrtiri, nj\u00eb nga aktivist\u00ebt n\u00eb mbrojtje t\u00eb Teatrit Komb\u00ebtar, duke komentuar reagimin e kryeministrit Rama i cili i quajti pakic\u00eb, e ftoi Ram\u00ebn t\u00eb mbaj\u00eb referendum p\u00ebr Teatrin n\u00ebse mendon se ata jan\u00eb\u2026","rel":"","context":"In &quot;Blogu i Udh\u00ebtarit&quot;","block_context":{"text":"Blogu i Udh\u00ebtarit","link":"https:\/\/www.shqiperia.com\/blog\/category\/blogu-i-udhetarit\/"},"img":{"alt_text":"","src":"https:\/\/i0.wp.com\/www.shqiperia.com\/blog\/wp-content\/uploads\/2019\/07\/auto_Untitled-191563980716-Copy.jpg?fit=579%2C285&ssl=1&resize=350%2C200","width":350,"height":200,"srcset":"https:\/\/i0.wp.com\/www.shqiperia.com\/blog\/wp-content\/uploads\/2019\/07\/auto_Untitled-191563980716-Copy.jpg?fit=579%2C285&ssl=1&resize=350%2C200 1x, https:\/\/i0.wp.com\/www.shqiperia.com\/blog\/wp-content\/uploads\/2019\/07\/auto_Untitled-191563980716-Copy.jpg?fit=579%2C285&ssl=1&resize=525%2C300 1.5x"},"classes":[]},{"id":87791,"url":"https:\/\/www.shqiperia.com\/blog\/veliaj-neser-do-shkoje-ne-spak-kalaja-ben-deklaraten-e-forte-kam-informacione-qe-rama-i-ka-kerkuar-doreheqjen\/","url_meta":{"origin":99762,"position":3},"title":"\u201cVeliaj nes\u00ebr do shkoj\u00eb n\u00eb SPAK\u201d\/ Kalaja b\u00ebn deklarat\u00ebn e fort\u00eb: &#8211; Kam informacione q\u00eb Rama i ka k\u00ebrkuar dor\u00ebheqjen","author":"Kurt Farka","date":"December 25, 2024","format":false,"excerpt":"26 Dhjetor 2024 Avokatja Adriana Kalaja tha q\u00eb kryebashkiaku i Tiran\u00ebs Erion Veliaj do t\u00eb shkoj\u00eb drejt arrestimit, her\u00ebt ose von\u00eb. Ajo theksoi se ka informacione q\u00eb kryeministri Rama i ka k\u00ebrkuar dor\u00ebheqjen, por Veliaj s\u2019ka pranuar ta jap\u00eb. Sipas Kalas\u00eb ndon\u00ebse kemi hetime me regji, dosja \u00ebsht\u00eb e pamundur\u2026","rel":"","context":"In &quot;Blogu i Udh\u00ebtarit&quot;","block_context":{"text":"Blogu i Udh\u00ebtarit","link":"https:\/\/www.shqiperia.com\/blog\/category\/blogu-i-udhetarit\/"},"img":{"alt_text":"","src":"https:\/\/i0.wp.com\/www.shqiperia.com\/blog\/wp-content\/uploads\/2024\/12\/Edi-Rama-Erion-Veliaj-Burg-qeli-750x438-1-1.jpg?fit=750%2C438&ssl=1&resize=350%2C200","width":350,"height":200,"srcset":"https:\/\/i0.wp.com\/www.shqiperia.com\/blog\/wp-content\/uploads\/2024\/12\/Edi-Rama-Erion-Veliaj-Burg-qeli-750x438-1-1.jpg?fit=750%2C438&ssl=1&resize=350%2C200 1x, https:\/\/i0.wp.com\/www.shqiperia.com\/blog\/wp-content\/uploads\/2024\/12\/Edi-Rama-Erion-Veliaj-Burg-qeli-750x438-1-1.jpg?fit=750%2C438&ssl=1&resize=525%2C300 1.5x, https:\/\/i0.wp.com\/www.shqiperia.com\/blog\/wp-content\/uploads\/2024\/12\/Edi-Rama-Erion-Veliaj-Burg-qeli-750x438-1-1.jpg?fit=750%2C438&ssl=1&resize=700%2C400 2x"},"classes":[]},{"id":88373,"url":"https:\/\/www.shqiperia.com\/blog\/edi-rama-do-te-largoje-emra-vip-nga-ps-kryeministri-po-pergatitet-te-shkoje-ne-zgjedhjet-e-11-majit-me\/","url_meta":{"origin":99762,"position":4},"title":"Edi Rama do t\u00eb largoj\u00eb emra \u201cVIP\u201d nga PS, kryeministri po p\u00ebrgatitet t\u00eb shkoj\u00eb n\u00eb zgjedhjet e 11 majit me\u2026","author":"Kurt Farka","date":"January 13, 2025","format":false,"excerpt":"13 Janar 2025 Kryeministri Edi Rama, n\u00ebn presionin e Prokuroris\u00eb s\u00eb Posa\u00e7me (SPAK) duket se po p\u00ebrgatitet p\u00ebr ndryshime drastike n\u00eb ekipin e tij politik. Burime t\u00eb brendshme pran\u00eb selis\u00eb roz\u00eb konfirmojn\u00eb se Rama synon t\u00eb largoj\u00eb disa nga figurat e njohura t\u00eb PS-s\u00eb, p\u00ebr t\u00eb hapur rrug\u00ebn p\u00ebr kandidatura\u2026","rel":"","context":"In &quot;Blogu i Udh\u00ebtarit&quot;","block_context":{"text":"Blogu i Udh\u00ebtarit","link":"https:\/\/www.shqiperia.com\/blog\/category\/blogu-i-udhetarit\/"},"img":{"alt_text":"","src":"https:\/\/i0.wp.com\/www.shqiperia.com\/blog\/wp-content\/uploads\/2025\/01\/edi-rama-3-1-770x431-1.png?fit=770%2C431&ssl=1&resize=350%2C200","width":350,"height":200,"srcset":"https:\/\/i0.wp.com\/www.shqiperia.com\/blog\/wp-content\/uploads\/2025\/01\/edi-rama-3-1-770x431-1.png?fit=770%2C431&ssl=1&resize=350%2C200 1x, https:\/\/i0.wp.com\/www.shqiperia.com\/blog\/wp-content\/uploads\/2025\/01\/edi-rama-3-1-770x431-1.png?fit=770%2C431&ssl=1&resize=525%2C300 1.5x, https:\/\/i0.wp.com\/www.shqiperia.com\/blog\/wp-content\/uploads\/2025\/01\/edi-rama-3-1-770x431-1.png?fit=770%2C431&ssl=1&resize=700%2C400 2x"},"classes":[]},{"id":49577,"url":"https:\/\/www.shqiperia.com\/blog\/kabineti-qeveritar-roland-bejko-ben-reagimin-e-papritur-spak-te-nderhyje-dhe-7-prej-tyre-ti-prese-koken-neser-ky-eshte-nderi-qe-kryeministri-i-ka-bere-opozites\/","url_meta":{"origin":99762,"position":5},"title":"Kabineti qeveritar, Roland Bejko b\u00ebn reagimin e papritur: &#8211; SPAK t\u00eb nd\u00ebrhyj\u00eb dhe 7 prej tyre t\u2019i \u2018pres\u00eb kok\u00ebn\u2019 nes\u00ebr! &#8211; Ky \u00ebsht\u00eb nderi q\u00eb kryeministri i ka b\u00ebr\u00eb opozit\u00ebs","author":"Kurt Farka","date":"September 2, 2021","format":false,"excerpt":"Kabineti qeveritar, Roland Bejko b\u00ebn reagimin e papritur: - SPAK t\u00eb nd\u00ebrhyj\u00eb dhe 7 prej tyre t\u2019i \u2018pres\u00eb kok\u00ebn\u2019 nes\u00ebr! Ky \u00ebsht\u00eb nderi q\u00eb kryeministri i ka b\u00ebr\u00eb opozit\u00ebs 2 SHTATOR 2021 An\u00ebtari i K\u00ebshillit Komb\u00ebtar t\u00eb PD-s\u00eb, Roland Bejko ka komentuar zhvillimet e fundit politike. Ai ka folur p\u00ebr\u2026","rel":"","context":"In &quot;Blogu i Udh\u00ebtarit&quot;","block_context":{"text":"Blogu i Udh\u00ebtarit","link":"https:\/\/www.shqiperia.com\/blog\/category\/blogu-i-udhetarit\/"},"img":{"alt_text":"","src":"https:\/\/i0.wp.com\/www.shqiperia.com\/blog\/wp-content\/uploads\/2021\/09\/qeveria-rama.jpg?fit=640%2C380&ssl=1&resize=350%2C200","width":350,"height":200,"srcset":"https:\/\/i0.wp.com\/www.shqiperia.com\/blog\/wp-content\/uploads\/2021\/09\/qeveria-rama.jpg?fit=640%2C380&ssl=1&resize=350%2C200 1x, https:\/\/i0.wp.com\/www.shqiperia.com\/blog\/wp-content\/uploads\/2021\/09\/qeveria-rama.jpg?fit=640%2C380&ssl=1&resize=525%2C300 1.5x"},"classes":[]}],"_links":{"self":[{"href":"https:\/\/www.shqiperia.com\/blog\/wp-json\/wp\/v2\/posts\/99762","targetHints":{"allow":["GET"]}}],"collection":[{"href":"https:\/\/www.shqiperia.com\/blog\/wp-json\/wp\/v2\/posts"}],"about":[{"href":"https:\/\/www.shqiperia.com\/blog\/wp-json\/wp\/v2\/types\/post"}],"author":[{"embeddable":true,"href":"https:\/\/www.shqiperia.com\/blog\/wp-json\/wp\/v2\/users\/9"}],"replies":[{"embeddable":true,"href":"https:\/\/www.shqiperia.com\/blog\/wp-json\/wp\/v2\/comments?post=99762"}],"version-history":[{"count":1,"href":"https:\/\/www.shqiperia.com\/blog\/wp-json\/wp\/v2\/posts\/99762\/revisions"}],"predecessor-version":[{"id":99763,"href":"https:\/\/www.shqiperia.com\/blog\/wp-json\/wp\/v2\/posts\/99762\/revisions\/99763"}],"wp:attachment":[{"href":"https:\/\/www.shqiperia.com\/blog\/wp-json\/wp\/v2\/media?parent=99762"}],"wp:term":[{"taxonomy":"category","embeddable":true,"href":"https:\/\/www.shqiperia.com\/blog\/wp-json\/wp\/v2\/categories?post=99762"},{"taxonomy":"post_tag","embeddable":true,"href":"https:\/\/www.shqiperia.com\/blog\/wp-json\/wp\/v2\/tags?post=99762"}],"curies":[{"name":"wp","href":"https:\/\/api.w.org\/{rel}","templated":true}]}}