{"id":99759,"date":"2026-04-30T11:41:38","date_gmt":"2026-04-30T11:41:38","guid":{"rendered":"https:\/\/www.shqiperia.com\/blog\/?p=99759"},"modified":"2026-04-30T11:41:38","modified_gmt":"2026-04-30T11:41:38","slug":"gravura-nje-burre-qe-nxjerr-ne-ankand-gruan-e-tij-viti-1832-ne-qytetin-anglez-te-carlisle","status":"publish","type":"post","link":"https:\/\/www.shqiperia.com\/blog\/gravura-nje-burre-qe-nxjerr-ne-ankand-gruan-e-tij-viti-1832-ne-qytetin-anglez-te-carlisle\/","title":{"rendered":"GRAVURA\/ Nj\u00eb burr\u00eb q\u00eb nxjerr n\u00eb ankand gruan e tij, viti 1832, n\u00eb qytetin anglez t\u00eb Carlisle"},"content":{"rendered":"<p><img data-recalc-dims=\"1\" loading=\"lazy\" decoding=\"async\" data-attachment-id=\"99760\" data-permalink=\"https:\/\/www.shqiperia.com\/blog\/gravura-nje-burre-qe-nxjerr-ne-ankand-gruan-e-tij-viti-1832-ne-qytetin-anglez-te-carlisle\/640-0-angli-1777547642\/\" data-orig-file=\"https:\/\/i0.wp.com\/www.shqiperia.com\/blog\/wp-content\/uploads\/2026\/04\/640-0-angli-1777547642.jpg?fit=640%2C399&amp;ssl=1\" data-orig-size=\"640,399\" data-comments-opened=\"1\" data-image-meta=\"{&quot;aperture&quot;:&quot;0&quot;,&quot;credit&quot;:&quot;&quot;,&quot;camera&quot;:&quot;&quot;,&quot;caption&quot;:&quot;&quot;,&quot;created_timestamp&quot;:&quot;0&quot;,&quot;copyright&quot;:&quot;&quot;,&quot;focal_length&quot;:&quot;0&quot;,&quot;iso&quot;:&quot;0&quot;,&quot;shutter_speed&quot;:&quot;0&quot;,&quot;title&quot;:&quot;&quot;,&quot;orientation&quot;:&quot;0&quot;}\" data-image-title=\"-640-0-angli-1777547642\" data-image-description=\"\" data-image-caption=\"\" data-medium-file=\"https:\/\/i0.wp.com\/www.shqiperia.com\/blog\/wp-content\/uploads\/2026\/04\/640-0-angli-1777547642.jpg?fit=300%2C187&amp;ssl=1\" data-large-file=\"https:\/\/i0.wp.com\/www.shqiperia.com\/blog\/wp-content\/uploads\/2026\/04\/640-0-angli-1777547642.jpg?fit=640%2C399&amp;ssl=1\" class=\"alignnone  wp-image-99760\" alt=\"\" src=\"https:\/\/i0.wp.com\/www.shqiperia.com\/blog\/wp-content\/uploads\/2026\/04\/640-0-angli-1777547642.jpg?resize=776%2C484&#038;ssl=1\" width=\"776\" height=\"484\" srcset=\"https:\/\/i0.wp.com\/www.shqiperia.com\/blog\/wp-content\/uploads\/2026\/04\/640-0-angli-1777547642.jpg?resize=300%2C187&amp;ssl=1 300w, https:\/\/i0.wp.com\/www.shqiperia.com\/blog\/wp-content\/uploads\/2026\/04\/640-0-angli-1777547642.jpg?resize=450%2C281&amp;ssl=1 450w, https:\/\/i0.wp.com\/www.shqiperia.com\/blog\/wp-content\/uploads\/2026\/04\/640-0-angli-1777547642.jpg?resize=600%2C374&amp;ssl=1 600w, https:\/\/i0.wp.com\/www.shqiperia.com\/blog\/wp-content\/uploads\/2026\/04\/640-0-angli-1777547642.jpg?resize=400%2C249&amp;ssl=1 400w, https:\/\/i0.wp.com\/www.shqiperia.com\/blog\/wp-content\/uploads\/2026\/04\/640-0-angli-1777547642.jpg?w=640&amp;ssl=1 640w\" sizes=\"auto, (max-width: 776px) 100vw, 776px\" \/><\/p>\n<p>30 Prill 2026<\/p>\n<p>Kjo gravur\u00eb, ashtu si edhe p\u00ebrshkrimi i ngjarjes q\u00eb ke sjell\u00eb, pasqyron nj\u00eb fenomen t\u00eb err\u00ebt, por dometh\u00ebn\u00ebs t\u00eb Anglis\u00eb s\u00eb shekujve XVIII-XIX: shitja publike e grave, nj\u00eb praktik\u00eb q\u00eb nuk ishte ligj\u00ebrisht e vlefshme, por n\u00eb disa rrethana shihej si nj\u00eb m\u00ebnyr\u00eb \u201ce pranueshme\u201d shoq\u00ebrore p\u00ebr t\u00eb p\u00ebrfunduar nj\u00eb martes\u00eb t\u00eb d\u00ebshtuar. Le t\u00eb zgjerojm\u00eb dhe pasurojm\u00eb k\u00ebt\u00eb ngjarje dhe kontekstin e saj:<\/p>\n<p>N\u00eb vitin 1832, qyteti anglez i Carlisle u b\u00eb skena e nj\u00eb ngjarjeje sa tragjike aq edhe groteske, q\u00eb mbart n\u00eb vetvete nj\u00eb d\u00ebshmi t\u00eb qart\u00eb t\u00eb pozit\u00ebs s\u00eb gruas n\u00eb nj\u00eb shoq\u00ebri patriarkale dhe t\u00eb dhunshme n\u00eb heshtje. Joseph Thomson, nj\u00eb fermer nga Cumbria, mori vendimin p\u00ebr t\u00eb &#8220;shitur&#8221; gruan e tij, Mary Anne Thomson, n\u00eb nj\u00eb treg publik \u2013 jo thjesht si akt rebelimi ndaj nj\u00eb martese t\u00eb palumtur, por si nj\u00eb ritual i turpsh\u00ebm i shk\u00ebputjes s\u00eb lidhjes martesore.<\/p>\n<p>E gjith\u00eb skena u zhvillua n\u00eb m\u00ebnyr\u00eb teatrale. Thomson e vendosi Mary Anne mbi nj\u00eb karrige prej druri t\u00eb r\u00ebnd\u00eb, si nj\u00eb simbol i mallrave n\u00eb ankand. Nj\u00eb kap\u00ebse prej kashte, e lidhur rreth qaf\u00ebs s\u00eb saj, e paraqiste at\u00eb jo si nj\u00eb qenie njer\u00ebzore, por si nj\u00eb kafsh\u00eb n\u00eb treg. Nj\u00eb litar e lidhte me dor\u00ebn e burrit, i cili, duke q\u00ebndruar mbi nj\u00eb platform\u00eb, nisi fjalimin e tij para nj\u00eb turme t\u00eb mbledhur, q\u00eb e shihte k\u00ebt\u00eb akt me nj\u00eb p\u00ebrzierje kurioziteti, habie dhe ndoshta edhe zbavitjeje t\u00eb pashpirt.<\/p>\n<p>Me tone t\u00eb hidhura dhe cinike, Thomson tha:<\/p>\n<p>\u201cM\u00eb duhet t&#8217;jua ofroj gruan time, Mary Anne Thomson&#8230; ajo ka qen\u00eb p\u00ebr mua vet\u00ebm nj\u00eb gjarp\u00ebr i lindur.\u201d<\/p>\n<p>E portretizoi at\u00eb si nj\u00eb barr\u00eb dhe nj\u00eb mallkim, duke p\u00ebrshkruar t\u00eb metat e saj t\u00eb supozuara me nj\u00eb poezi t\u00eb zymt\u00eb. Megjithat\u00eb, nuk munguan edhe \u201creklamat\u201d p\u00ebr aft\u00ebsit\u00eb e saj:<\/p>\n<p>\u201cAjo mund t\u00eb lexoj\u00eb romane dhe t\u00eb mjel\u00eb lop\u00ebt; ajo mund t\u00eb k\u00ebndoj\u00eb melodit\u00eb e Moore-it dhe t\u00eb qart\u00ebsoj\u00eb frikat dhe kapelet e saj.\u201d<\/p>\n<p>Kjo p\u00ebrzierje ofendimesh dhe virtytesh e shnd\u00ebrroi ngjarjen n\u00eb nj\u00eb tragjikomed\u00ed t\u00eb jet\u00ebs reale.<\/p>\n<p>Ankandi nisi me nj\u00eb \u00e7mim prej 50 shilingash, por mungesa e interesit e detyroi Thomsonin ta ulte vler\u00ebn. N\u00eb fund, ai e pranoi ofert\u00ebn prej 20 shilingash dhe nj\u00eb qen t\u00eb rac\u00ebs Newfoundland, e cila u ble nga nj\u00eb tjet\u00ebr fermer, nga Z. Henry Mears.<\/p>\n<p>Ky ankand nuk ishte ligj\u00ebrisht i vlefsh\u00ebm, sepse ligjet e Mbret\u00ebris\u00eb s\u00eb Bashkuar nuk parashikonin shitjen e gruas, por kjo praktik\u00eb u b\u00eb nj\u00eb m\u00ebnyr\u00eb e heshtur, shpesh e mbuluar nga nj\u00eb pakt i pashkruar social, p\u00ebr t\u2019i dh\u00ebn\u00eb fund martesave pa u p\u00ebrfshir\u00eb n\u00eb procedurat e kushtueshme t\u00eb divorcit, t\u00eb rezervuara vet\u00ebm p\u00ebr elit\u00ebn.<\/p>\n<p>Ky incident nuk ishte i vetmi. Midis shekullit XVIII dhe fillimit t\u00eb shekullit XIX, dokumentohen dhjet\u00ebra raste t\u00eb tilla n\u00eb gjith\u00eb Anglin\u00eb rurale. Shpesh, k\u00ebto \u201cshitje\u201d ishin rezultat i marr\u00ebveshjes paraprake midis bashk\u00ebshort\u00ebve, dhe ndodhte q\u00eb vet\u00eb grat\u00eb pranonin \u201ct\u00eb transferoheshin\u201d te dikush tjet\u00ebr, me shpres\u00ebn e nj\u00eb jete m\u00eb t\u00eb mir\u00eb. Megjithat\u00eb, p\u00ebrballja me publikun, posht\u00ebrimi dhe objektifikimi ishin pjes\u00eb e dhimbshme e k\u00ebtij \u201crituali\u201d.<\/p>\n<p>Ky akt nuk flet vet\u00ebm p\u00ebr nj\u00eb marr\u00ebdh\u00ebnie t\u00eb d\u00ebshtuar, por p\u00ebr nj\u00eb sistem t\u00eb t\u00ebr\u00eb shoq\u00ebror ku gruaja ishte pron\u00eb, dhe jo person; ku ndarja dhe dhimbja nuk kishin vend n\u00eb ligj, por n\u00eb spektak\u00ebl. Ky \u201cankand\u201d mbetet si nj\u00eb shenj\u00eb e err\u00ebt n\u00eb historin\u00eb e marr\u00ebdh\u00ebnieve gjinore, por edhe si nj\u00eb kujtes\u00eb e nevoj\u00ebs p\u00ebr t\u00eb v\u00ebn\u00eb dinjitetin p\u00ebrpara zakonit.<\/p>\n<p><strong>P\u00ebrgatiti: Albert Vataj<\/strong><\/p>\n","protected":false},"excerpt":{"rendered":"<p>30 Prill 2026 Kjo gravur\u00eb, ashtu si edhe p\u00ebrshkrimi i ngjarjes q\u00eb ke sjell\u00eb, pasqyron nj\u00eb fenomen t\u00eb err\u00ebt, por dometh\u00ebn\u00ebs t\u00eb Anglis\u00eb s\u00eb shekujve XVIII-XIX: shitja publike e grave, nj\u00eb praktik\u00eb q\u00eb nuk ishte ligj\u00ebrisht e vlefshme, por n\u00eb disa rrethana shihej si nj\u00eb m\u00ebnyr\u00eb \u201ce pranueshme\u201d shoq\u00ebrore p\u00ebr t\u00eb p\u00ebrfunduar nj\u00eb martes\u00eb t\u00eb [&hellip;]<\/p>\n","protected":false},"author":9,"featured_media":99760,"comment_status":"open","ping_status":"open","sticky":false,"template":"","format":"standard","meta":{"jetpack_post_was_ever_published":false,"_jetpack_newsletter_access":"","_jetpack_dont_email_post_to_subs":false,"_jetpack_newsletter_tier_id":0,"_jetpack_memberships_contains_paywalled_content":false,"_jetpack_memberships_contains_paid_content":false,"footnotes":"","jetpack_publicize_message":"","jetpack_publicize_feature_enabled":true,"jetpack_social_post_already_shared":true,"jetpack_social_options":{"image_generator_settings":{"template":"highway","default_image_id":0,"font":"","enabled":false},"version":2}},"categories":[27,85,10,35],"tags":[],"class_list":["post-99759","post","type-post","status-publish","format-standard","has-post-thumbnail","hentry","category-blogu-i-udhetarit","category-histori","category-kultura","category-shoqerore"],"jetpack_publicize_connections":[],"jetpack_featured_media_url":"https:\/\/i0.wp.com\/www.shqiperia.com\/blog\/wp-content\/uploads\/2026\/04\/640-0-angli-1777547642.jpg?fit=640%2C399&ssl=1","jetpack_sharing_enabled":true,"jetpack_shortlink":"https:\/\/wp.me\/p5Z6wp-pX1","jetpack-related-posts":[{"id":28726,"url":"https:\/\/www.shqiperia.com\/blog\/e-hapa-vete-vrimen-dola-qytetari-tregon-si-i-spostoi-nje-per-nje-rrenojat-dhe-shpetoi-edhe-gruan-kam-brenda-ende-vajzen-21-vjecare\/","url_meta":{"origin":99759,"position":0},"title":"\u201cE hapa vet\u00eb vrim\u00ebn, dola\u201d, qytetari tregon si i spostoi nj\u00eb p\u00ebr nj\u00eb rr\u00ebnojat dhe shp\u00ebtoi edhe gruan: Kam brenda ende vajz\u00ebn 21-vje\u00e7are!","author":"Kurt Farka","date":"November 27, 2019","format":false,"excerpt":"\u201cE hapa vet\u00eb vrim\u00ebn, dola\u201d, qytetari tregon si i spostoi nj\u00eb p\u00ebr nj\u00eb rr\u00ebnojat dhe shp\u00ebtoi edhe gruan: Kam brenda ende vajz\u00ebn 21-vje\u00e7are! 27\/11\/2019 Haxhi Kabili, \u00ebsht\u00eb nj\u00eb nga t\u00eb mbijetuarit e t\u00ebrmetit q\u00eb ra m\u00ebngjesin e djesh\u00ebm n\u00eb Shqip\u00ebri, ku zonat m\u00eb t\u00eb prekura ishin Thumana dhe Durr\u00ebsi. Por\u2026","rel":"","context":"In &quot;Blogu i Udh\u00ebtarit&quot;","block_context":{"text":"Blogu i Udh\u00ebtarit","link":"https:\/\/www.shqiperia.com\/blog\/category\/blogu-i-udhetarit\/"},"img":{"alt_text":"","src":"https:\/\/i0.wp.com\/www.shqiperia.com\/blog\/wp-content\/uploads\/2019\/11\/1574840250_fc5d187f60f44b8382b40e6e5e784dd5_0-300x171.jpg?resize=350%2C200&ssl=1","width":350,"height":200,"srcset":"https:\/\/i0.wp.com\/www.shqiperia.com\/blog\/wp-content\/uploads\/2019\/11\/1574840250_fc5d187f60f44b8382b40e6e5e784dd5_0-300x171.jpg?resize=350%2C200&ssl=1 1x, https:\/\/i0.wp.com\/www.shqiperia.com\/blog\/wp-content\/uploads\/2019\/11\/1574840250_fc5d187f60f44b8382b40e6e5e784dd5_0-300x171.jpg?resize=525%2C300&ssl=1 1.5x"},"classes":[]},{"id":24704,"url":"https:\/\/www.shqiperia.com\/blog\/shpetoi-70-njerez-nje-vit-me-pare-vdes-ne-greqi-shqiptari-reagon-edhe-kryeministri-grek\/","url_meta":{"origin":99759,"position":1},"title":"Shp\u00ebtoi 70 njer\u00ebz nj\u00eb vit m\u00eb par\u00eb, vdes n\u00eb Greqi shqiptari. &#8211; Reagon edhe kryeministri grek. &#8211;","author":"Kurt Farka","date":"August 12, 2019","format":false,"excerpt":"Shp\u00ebtoi 70 njer\u00ebz nj\u00eb vit m\u00eb par\u00eb, vdes n\u00eb Greqi shqiptari. - Reagon edhe kryeministri grek. - 12 gusht 2019 Ka nd\u00ebrruar jet\u00eb n\u00eb Greqi, Kostas Arvanitisi, me origjin\u00eb shqiptare, i cili vitin e shkuar arriti t\u00eb shp\u00ebtonte 70 persona n\u00eb nj\u00eb ishull grek q\u00eb u p\u00ebrfshi nga zjarri. Shqiptari\u2026","rel":"","context":"In &quot;Blogu i Udh\u00ebtarit&quot;","block_context":{"text":"Blogu i Udh\u00ebtarit","link":"https:\/\/www.shqiperia.com\/blog\/category\/blogu-i-udhetarit\/"},"img":{"alt_text":"","src":"https:\/\/i0.wp.com\/www.shqiperia.com\/blog\/wp-content\/uploads\/2019\/08\/Kostas-Arvanitisi.jpg?fit=460%2C262&ssl=1&resize=350%2C200","width":350,"height":200},"classes":[]},{"id":32762,"url":"https:\/\/www.shqiperia.com\/blog\/kryeveprat-qe-u-shkruan-ne-karantine-nga-shekspir-e-deri-tek-pushkini\/","url_meta":{"origin":99759,"position":2},"title":"Kryeveprat q\u00eb u shkruan n\u00eb karantin\u00eb nga Shekspir e deri tek Pushkini","author":"Kurt Farka","date":"March 26, 2020","format":false,"excerpt":"Kryeveprat q\u00eb u shkruan n\u00eb karantin\u00eb nga Shekspir e deri tek Pushkini Koronavirusi, ka detyruar miliarda njer\u00ebz t\u00eb izolohen n\u00eb sht\u00ebpit\u00eb e tyre. P\u00ebr shum\u00ebk\u00ebnd, kjo \u00ebsht\u00eb nj\u00eb p\u00ebrvoj\u00eb e r\u00ebnd\u00eb, sidomos n\u00eb aspektin psikologjik. Por nga artist\u00ebt deri tek shpik\u00ebsit m\u00eb t\u00eb m\u00ebdhenj, kan\u00eb arritur q\u00eb t\u00eb ndryshojn\u00eb bot\u00ebn\u2026","rel":"","context":"In &quot;Blogu i Udh\u00ebtarit&quot;","block_context":{"text":"Blogu i Udh\u00ebtarit","link":"https:\/\/www.shqiperia.com\/blog\/category\/blogu-i-udhetarit\/"},"img":{"alt_text":"","src":"https:\/\/i0.wp.com\/www.shqiperia.com\/blog\/wp-content\/uploads\/2020\/03\/William-Shakespeare-780x439-1.jpg?fit=780%2C439&ssl=1&resize=350%2C200","width":350,"height":200,"srcset":"https:\/\/i0.wp.com\/www.shqiperia.com\/blog\/wp-content\/uploads\/2020\/03\/William-Shakespeare-780x439-1.jpg?fit=780%2C439&ssl=1&resize=350%2C200 1x, https:\/\/i0.wp.com\/www.shqiperia.com\/blog\/wp-content\/uploads\/2020\/03\/William-Shakespeare-780x439-1.jpg?fit=780%2C439&ssl=1&resize=525%2C300 1.5x, https:\/\/i0.wp.com\/www.shqiperia.com\/blog\/wp-content\/uploads\/2020\/03\/William-Shakespeare-780x439-1.jpg?fit=780%2C439&ssl=1&resize=700%2C400 2x"},"classes":[]},{"id":5034,"url":"https:\/\/www.shqiperia.com\/blog\/majori-anglez-greket-kishin-zili-dhe-urrejtje-ndaj-cameve\/","url_meta":{"origin":99759,"position":3},"title":"Majori anglez: Grek\u00ebt kishin zili dhe urrejtje ndaj \u00e7am\u00ebve. &#8211;","author":"Kurt Farka","date":"March 16, 2018","format":false,"excerpt":"Nga Nexhat Merxhushi Nj\u00eb nga zyrtar\u00ebt m\u00eb t\u00eb lart\u00eb t\u00eb misionit anglez\u00a0n\u00eb Shqip\u00ebri, majori Palmer, i cili kreu nj\u00eb udh\u00ebtim eksplorues n\u00eb Greqin\u00eb e Veriut, pohon se \u201cgjerman\u00ebt n\u00eb k\u00ebt\u00eb rast nuk p\u00ebrfill\u00ebn as lutjet e nacionalist\u00ebve shqiptar\u00eb \u00e7am\u00eb, q\u00eb kishin besim tek ata p\u00ebr t\u00eb realizuar aspiratat e tyre\u2026","rel":"","context":"In &quot;Histori&quot;","block_context":{"text":"Histori","link":"https:\/\/www.shqiperia.com\/blog\/category\/histori\/"},"img":{"alt_text":"","src":"https:\/\/i0.wp.com\/www.shqiperia.com\/blog\/wp-content\/uploads\/2018\/03\/genocidi_mbi_camet-1.jpg?fit=520%2C370&ssl=1&resize=350%2C200","width":350,"height":200},"classes":[]},{"id":89050,"url":"https:\/\/www.shqiperia.com\/blog\/a-do-terhiqet-nese-ia-kerkojne-ambasadoret-e-shba-dhe-britanise-pergjigjet-berisha\/","url_meta":{"origin":99759,"position":4},"title":"A do t\u00ebrhiqet n\u00ebse ia k\u00ebrkojn\u00eb ambasador\u00ebt e SHBA dhe Britanis\u00eb, p\u00ebrgjigjet Berisha!","author":"Kurt Farka","date":"February 5, 2025","format":false,"excerpt":"4 Shkurt 2025 N\u00eb rast se ambasadori anglez dhe ambasadori amerikan ngjiten n\u00eb zyr\u00ebn e PD-s\u00eb dhe ju thon\u00eb q\u00eb t\u00eb largoheni e t\u00eb zgjidhet nj\u00eb kandidat tjet\u00ebr? Sali Berisha:\u00a0Problemi \u00ebsht\u00eb q\u00eb k\u00ebto eksperimente jan\u00eb b\u00ebr\u00eb me Sali Berish\u00ebn dhe kan\u00eb d\u00ebshtuar, kan\u00eb pir\u00eb uj\u00eb, dhe n\u00eb nj\u00eb koh\u00eb m\u00eb\u2026","rel":"","context":"In &quot;Blogu i Udh\u00ebtarit&quot;","block_context":{"text":"Blogu i Udh\u00ebtarit","link":"https:\/\/www.shqiperia.com\/blog\/category\/blogu-i-udhetarit\/"},"img":{"alt_text":"","src":"https:\/\/i0.wp.com\/www.shqiperia.com\/blog\/wp-content\/uploads\/2025\/02\/Berisha1-7.jpg?fit=770%2C444&ssl=1&resize=350%2C200","width":350,"height":200,"srcset":"https:\/\/i0.wp.com\/www.shqiperia.com\/blog\/wp-content\/uploads\/2025\/02\/Berisha1-7.jpg?fit=770%2C444&ssl=1&resize=350%2C200 1x, https:\/\/i0.wp.com\/www.shqiperia.com\/blog\/wp-content\/uploads\/2025\/02\/Berisha1-7.jpg?fit=770%2C444&ssl=1&resize=525%2C300 1.5x, https:\/\/i0.wp.com\/www.shqiperia.com\/blog\/wp-content\/uploads\/2025\/02\/Berisha1-7.jpg?fit=770%2C444&ssl=1&resize=700%2C400 2x"},"classes":[]},{"id":15711,"url":"https:\/\/www.shqiperia.com\/blog\/nje-foto-dhe-disa-pyetje-edit-dhe-lindes\/","url_meta":{"origin":99759,"position":5},"title":"Nj\u00eb foto dhe disa pyetje Edit dhe Lind\u00ebs. &#8211;","author":"Kurt Farka","date":"January 9, 2019","format":false,"excerpt":"Nj\u00eb foto dhe disa pyetje Edit dhe Lind\u00ebs. - 8 janar 2019 N\u00eb shtator 2017 zyra e shtypit n\u00eb Kryeministri njoftoi publikun se kryeministri Edi Rama udh\u00ebtoi drejt Nju Jorkut n\u00eb kuad\u00ebr te sesionit vjetor t\u00eb OKB-s\u00eb. Por si asnj\u00ebher\u00eb tjet\u00ebr raportimet e zyr\u00ebs s\u00eb shtypit pran\u00eb kryeministrit kan\u00eb qen\u00eb\u2026","rel":"","context":"In &quot;Blogu i Udh\u00ebtarit&quot;","block_context":{"text":"Blogu i Udh\u00ebtarit","link":"https:\/\/www.shqiperia.com\/blog\/category\/blogu-i-udhetarit\/"},"img":{"alt_text":"","src":"https:\/\/i0.wp.com\/www.shqiperia.com\/blog\/wp-content\/uploads\/2019\/01\/rama-300x131.jpg?resize=350%2C200","width":350,"height":200},"classes":[]}],"_links":{"self":[{"href":"https:\/\/www.shqiperia.com\/blog\/wp-json\/wp\/v2\/posts\/99759","targetHints":{"allow":["GET"]}}],"collection":[{"href":"https:\/\/www.shqiperia.com\/blog\/wp-json\/wp\/v2\/posts"}],"about":[{"href":"https:\/\/www.shqiperia.com\/blog\/wp-json\/wp\/v2\/types\/post"}],"author":[{"embeddable":true,"href":"https:\/\/www.shqiperia.com\/blog\/wp-json\/wp\/v2\/users\/9"}],"replies":[{"embeddable":true,"href":"https:\/\/www.shqiperia.com\/blog\/wp-json\/wp\/v2\/comments?post=99759"}],"version-history":[{"count":1,"href":"https:\/\/www.shqiperia.com\/blog\/wp-json\/wp\/v2\/posts\/99759\/revisions"}],"predecessor-version":[{"id":99761,"href":"https:\/\/www.shqiperia.com\/blog\/wp-json\/wp\/v2\/posts\/99759\/revisions\/99761"}],"wp:featuredmedia":[{"embeddable":true,"href":"https:\/\/www.shqiperia.com\/blog\/wp-json\/wp\/v2\/media\/99760"}],"wp:attachment":[{"href":"https:\/\/www.shqiperia.com\/blog\/wp-json\/wp\/v2\/media?parent=99759"}],"wp:term":[{"taxonomy":"category","embeddable":true,"href":"https:\/\/www.shqiperia.com\/blog\/wp-json\/wp\/v2\/categories?post=99759"},{"taxonomy":"post_tag","embeddable":true,"href":"https:\/\/www.shqiperia.com\/blog\/wp-json\/wp\/v2\/tags?post=99759"}],"curies":[{"name":"wp","href":"https:\/\/api.w.org\/{rel}","templated":true}]}}