{"id":99756,"date":"2026-04-30T11:37:43","date_gmt":"2026-04-30T11:37:43","guid":{"rendered":"https:\/\/www.shqiperia.com\/blog\/?p=99756"},"modified":"2026-04-30T11:37:43","modified_gmt":"2026-04-30T11:37:43","slug":"ministrja-mirela-kumbaro-paraqitet-ne-spak","status":"publish","type":"post","link":"https:\/\/www.shqiperia.com\/blog\/ministrja-mirela-kumbaro-paraqitet-ne-spak\/","title":{"rendered":"Ministrja Mirela Kumbaro, paraqitet n\u00eb SPAK"},"content":{"rendered":"<p><img data-recalc-dims=\"1\" loading=\"lazy\" decoding=\"async\" data-attachment-id=\"99757\" data-permalink=\"https:\/\/www.shqiperia.com\/blog\/ministrja-mirela-kumbaro-paraqitet-ne-spak\/600-388-46a67e4b17ead72acbd5c0d77c004a72-1\/\" data-orig-file=\"https:\/\/i0.wp.com\/www.shqiperia.com\/blog\/wp-content\/uploads\/2026\/04\/600-388-46a67e4b17ead72acbd5c0d77c004a72-1.png?fit=600%2C388&amp;ssl=1\" data-orig-size=\"600,388\" data-comments-opened=\"1\" data-image-meta=\"{&quot;aperture&quot;:&quot;0&quot;,&quot;credit&quot;:&quot;&quot;,&quot;camera&quot;:&quot;&quot;,&quot;caption&quot;:&quot;&quot;,&quot;created_timestamp&quot;:&quot;0&quot;,&quot;copyright&quot;:&quot;&quot;,&quot;focal_length&quot;:&quot;0&quot;,&quot;iso&quot;:&quot;0&quot;,&quot;shutter_speed&quot;:&quot;0&quot;,&quot;title&quot;:&quot;&quot;,&quot;orientation&quot;:&quot;0&quot;}\" data-image-title=\"-600-388-46a67e4b17ead72acbd5c0d77c004a72 (1)\" data-image-description=\"\" data-image-caption=\"\" data-medium-file=\"https:\/\/i0.wp.com\/www.shqiperia.com\/blog\/wp-content\/uploads\/2026\/04\/600-388-46a67e4b17ead72acbd5c0d77c004a72-1.png?fit=300%2C194&amp;ssl=1\" data-large-file=\"https:\/\/i0.wp.com\/www.shqiperia.com\/blog\/wp-content\/uploads\/2026\/04\/600-388-46a67e4b17ead72acbd5c0d77c004a72-1.png?fit=600%2C388&amp;ssl=1\" class=\"alignnone  wp-image-99757\" alt=\"\" src=\"https:\/\/i0.wp.com\/www.shqiperia.com\/blog\/wp-content\/uploads\/2026\/04\/600-388-46a67e4b17ead72acbd5c0d77c004a72-1.png?resize=549%2C355&#038;ssl=1\" width=\"549\" height=\"355\" srcset=\"https:\/\/i0.wp.com\/www.shqiperia.com\/blog\/wp-content\/uploads\/2026\/04\/600-388-46a67e4b17ead72acbd5c0d77c004a72-1.png?resize=300%2C194&amp;ssl=1 300w, https:\/\/i0.wp.com\/www.shqiperia.com\/blog\/wp-content\/uploads\/2026\/04\/600-388-46a67e4b17ead72acbd5c0d77c004a72-1.png?resize=450%2C291&amp;ssl=1 450w, https:\/\/i0.wp.com\/www.shqiperia.com\/blog\/wp-content\/uploads\/2026\/04\/600-388-46a67e4b17ead72acbd5c0d77c004a72-1.png?resize=400%2C259&amp;ssl=1 400w, https:\/\/i0.wp.com\/www.shqiperia.com\/blog\/wp-content\/uploads\/2026\/04\/600-388-46a67e4b17ead72acbd5c0d77c004a72-1.png?w=600&amp;ssl=1 600w\" sizes=\"auto, (max-width: 549px) 100vw, 549px\" \/><\/p>\n<p>30 Prill 2026<\/p>\n<p>Ministrja e Arsimit, Mirela Kumbaro, \u00ebsht\u00eb paraqitur mesdit\u00ebn e k\u00ebsaj t\u00eb enjte n\u00eb Prokurorin\u00eb e Posa\u00e7me, SPAK.<\/p>\n<p>Kumbaro \u00ebsht\u00eb par\u00eb pak minuta m\u00eb her\u00ebt t\u00eb futet n\u00eb institucionin e drejt\u00ebsis\u00eb.<\/p>\n<p>Nuk dihet ende arsyeja se pse ministrja \u00ebsht\u00eb paraqitur n\u00eb ambientet e Prokuroris\u00eb s\u00eb Posa\u00e7me.<\/p>\n","protected":false},"excerpt":{"rendered":"<p>30 Prill 2026 Ministrja e Arsimit, Mirela Kumbaro, \u00ebsht\u00eb paraqitur mesdit\u00ebn e k\u00ebsaj t\u00eb enjte n\u00eb Prokurorin\u00eb e Posa\u00e7me, SPAK. Kumbaro \u00ebsht\u00eb par\u00eb pak minuta m\u00eb her\u00ebt t\u00eb futet n\u00eb institucionin e drejt\u00ebsis\u00eb. Nuk dihet ende arsyeja se pse ministrja \u00ebsht\u00eb paraqitur n\u00eb ambientet e Prokuroris\u00eb s\u00eb Posa\u00e7me.<\/p>\n","protected":false},"author":9,"featured_media":99757,"comment_status":"open","ping_status":"open","sticky":false,"template":"","format":"standard","meta":{"jetpack_post_was_ever_published":false,"_jetpack_newsletter_access":"","_jetpack_dont_email_post_to_subs":false,"_jetpack_newsletter_tier_id":0,"_jetpack_memberships_contains_paywalled_content":false,"_jetpack_memberships_contains_paid_content":false,"footnotes":"","jetpack_publicize_message":"","jetpack_publicize_feature_enabled":true,"jetpack_social_post_already_shared":true,"jetpack_social_options":{"image_generator_settings":{"template":"highway","default_image_id":0,"font":"","enabled":false},"version":2}},"categories":[27,2,35],"tags":[],"class_list":["post-99756","post","type-post","status-publish","format-standard","has-post-thumbnail","hentry","category-blogu-i-udhetarit","category-politika","category-shoqerore"],"jetpack_publicize_connections":[],"jetpack_featured_media_url":"https:\/\/i0.wp.com\/www.shqiperia.com\/blog\/wp-content\/uploads\/2026\/04\/600-388-46a67e4b17ead72acbd5c0d77c004a72-1.png?fit=600%2C388&ssl=1","jetpack_sharing_enabled":true,"jetpack_shortlink":"https:\/\/wp.me\/p5Z6wp-pWY","jetpack-related-posts":[{"id":11137,"url":"https:\/\/www.shqiperia.com\/blog\/mirela-kumbaro-propagande-investimet-me-fondet-publike-i-ka-marre-lumi\/","url_meta":{"origin":99756,"position":0},"title":"Mirela Kumbaro propagand\u00eb, &#8211; investimet me fondet publike i ka marr\u00eb lumi. &#8211;","author":"Kurt Farka","date":"August 31, 2018","format":false,"excerpt":"Mirela Kumbaro propagand\u00eb, - investimet me fondet publike i ka marr\u00eb lumi. - Ministrja e Kultur\u00ebs Mirela Kumbaro shkruan p\u00ebr projekte apo vizitor\u00eb n\u00eb parqet arkeologjike, por p\u00ebr specialist\u00eb t\u00eb trash\u00ebgimis\u00eb n\u00eb shum\u00eb raste \u00ebsht\u00eb vet\u00ebm propaganda q\u00eb b\u00ebhet. Realiteti sipas tyre n\u00eb disa parqe arkeologjike \u00ebsht\u00eb ndryshe nga sa\u2026","rel":"","context":"In &quot;Blogu i Udh\u00ebtarit&quot;","block_context":{"text":"Blogu i Udh\u00ebtarit","link":"https:\/\/www.shqiperia.com\/blog\/category\/blogu-i-udhetarit\/"},"img":{"alt_text":"","src":"https:\/\/i0.wp.com\/www.shqiperia.com\/blog\/wp-content\/uploads\/2018\/08\/maxresdefault-2.jpg?fit=938%2C577&ssl=1&resize=350%2C200","width":350,"height":200,"srcset":"https:\/\/i0.wp.com\/www.shqiperia.com\/blog\/wp-content\/uploads\/2018\/08\/maxresdefault-2.jpg?fit=938%2C577&ssl=1&resize=350%2C200 1x, https:\/\/i0.wp.com\/www.shqiperia.com\/blog\/wp-content\/uploads\/2018\/08\/maxresdefault-2.jpg?fit=938%2C577&ssl=1&resize=525%2C300 1.5x, https:\/\/i0.wp.com\/www.shqiperia.com\/blog\/wp-content\/uploads\/2018\/08\/maxresdefault-2.jpg?fit=938%2C577&ssl=1&resize=700%2C400 2x"},"classes":[]},{"id":57378,"url":"https:\/\/www.shqiperia.com\/blog\/pas-shpopullimit-nga-varferia-dhe-korupsioni-i-9-viteve-ministerja-e-rilindjes-kerkon-mirela-kumbaro-i-ben-ftesen-e-papritur-te-rinjve-grek\/","url_meta":{"origin":99756,"position":1},"title":"Pas shpopullimit nga varferia dhe korupsioni i 9 viteve Ministerja e Rilindjes kerkon: Mirela Kumbaro i b\u00ebn ftes\u00ebn e papritur t\u00eb rinjve grek","author":"Kurt Farka","date":"April 29, 2022","format":false,"excerpt":"Pas shpopullimit nga varferia dhe korupsioni i 9 viteve Ministerja e Rilindjes kerkon: Mirela Kumbaro i b\u00ebn ftes\u00ebn e papritur t\u00eb rinjve grek 29 PRILL 2022 Ministrja e Turizmit, Mirela Kumbaro, u ka b\u00ebr\u00eb thirrje djemve grek\u00eb t\u00eb vijn\u00eb t\u00eb punojn\u00eb, jetojn\u00eb dhe martohen n\u00eb Shqip\u00ebri. Ftesa e Kumbaros \u00ebsht\u00eb\u2026","rel":"","context":"In &quot;Blogu i Udh\u00ebtarit&quot;","block_context":{"text":"Blogu i Udh\u00ebtarit","link":"https:\/\/www.shqiperia.com\/blog\/category\/blogu-i-udhetarit\/"},"img":{"alt_text":"","src":"https:\/\/i0.wp.com\/www.shqiperia.com\/blog\/wp-content\/uploads\/2022\/04\/Ministerja-Mirela-Kumbaro.png?fit=800%2C426&ssl=1&resize=350%2C200","width":350,"height":200,"srcset":"https:\/\/i0.wp.com\/www.shqiperia.com\/blog\/wp-content\/uploads\/2022\/04\/Ministerja-Mirela-Kumbaro.png?fit=800%2C426&ssl=1&resize=350%2C200 1x, https:\/\/i0.wp.com\/www.shqiperia.com\/blog\/wp-content\/uploads\/2022\/04\/Ministerja-Mirela-Kumbaro.png?fit=800%2C426&ssl=1&resize=525%2C300 1.5x, https:\/\/i0.wp.com\/www.shqiperia.com\/blog\/wp-content\/uploads\/2022\/04\/Ministerja-Mirela-Kumbaro.png?fit=800%2C426&ssl=1&resize=700%2C400 2x"},"classes":[]},{"id":74742,"url":"https:\/\/www.shqiperia.com\/blog\/612-zyrtare-te-larte-gjysma-e-qeverise-dhe-oligarke-te-lidhur-me-pushtetin-dosje-korruptive-ne-spak-ja-lista-me-ministra-dhe-ish-ministra-qe-po-prangat\/","url_meta":{"origin":99756,"position":2},"title":"612 zyrtar\u00eb t\u00eb lart\u00eb, gjysma e qeveris\u00eb dhe oligark\u00eb t\u00eb lidhur me pushtetin dosje korruptive n\u00eb SPAK, ja lista me ministra dhe ish-ministra q\u00eb po&#8230; prangat","author":"Kurt Farka","date":"October 10, 2023","format":false,"excerpt":"10 Tetor 2023 Nga Elmas BOGDANI Vet\u00eb kreu i SPAK Altin Dumani ka zbuluar n\u00eb nj\u00eb raport shifr\u00ebn p\u00ebr numrin e personave q\u00eb jan\u00eb n\u00ebn hetim nga prokuror\u00ebt special\u00eb. Ai tha se jan\u00eb plot 612 zyrtar\u00eb t\u00eb lart\u00eb q\u00eb jan\u00eb futur \u201cn\u00eb rrethin e kuq\u201d q\u00eb nga viti 2020, kur\u2026","rel":"","context":"In &quot;Blogu i Udh\u00ebtarit&quot;","block_context":{"text":"Blogu i Udh\u00ebtarit","link":"https:\/\/www.shqiperia.com\/blog\/category\/blogu-i-udhetarit\/"},"img":{"alt_text":"","src":"https:\/\/i0.wp.com\/www.shqiperia.com\/blog\/wp-content\/uploads\/2023\/10\/640-0-6259a2902922e-Copy.jpg?fit=640%2C425&ssl=1&resize=350%2C200","width":350,"height":200,"srcset":"https:\/\/i0.wp.com\/www.shqiperia.com\/blog\/wp-content\/uploads\/2023\/10\/640-0-6259a2902922e-Copy.jpg?fit=640%2C425&ssl=1&resize=350%2C200 1x, https:\/\/i0.wp.com\/www.shqiperia.com\/blog\/wp-content\/uploads\/2023\/10\/640-0-6259a2902922e-Copy.jpg?fit=640%2C425&ssl=1&resize=525%2C300 1.5x"},"classes":[]},{"id":73283,"url":"https:\/\/www.shqiperia.com\/blog\/spak-merret-ne-pyetje-ish-ministrja-e-financave-anila-denaj\/","url_meta":{"origin":99756,"position":3},"title":"SPAK, Merret n\u00eb pyetje ish-ministrja e Financave Anila Denaj","author":"Kurt Farka","date":"August 4, 2023","format":false,"excerpt":"4 Gusht 2023 Ish-ministrja e Financave, Anila Denaj \u00ebsht\u00eb paraqitur sot n\u00eb SPAK. Denaj \u00ebsht\u00eb paraqitur sot e vetme n\u00eb Prokurorin\u00eb e Posa\u00e7me, nd\u00ebrsa m\u00ebsohet se do t\u00eb merret n\u00eb pyetje p\u00ebr \u00e7\u00ebshtjen e sterilizimit. Lajmi konfirmohet p\u00ebr BalkanWeb nga gazetarja Klodiana Lala. Kujtojm\u00eb se koncesioni i sterilizimit \u00ebsht\u00eb kall\u00ebzimi\u2026","rel":"","context":"In &quot;Blogu i Udh\u00ebtarit&quot;","block_context":{"text":"Blogu i Udh\u00ebtarit","link":"https:\/\/www.shqiperia.com\/blog\/category\/blogu-i-udhetarit\/"},"img":{"alt_text":"","src":"https:\/\/i0.wp.com\/www.shqiperia.com\/blog\/wp-content\/uploads\/2023\/08\/edi_rama_ilir_beqaj_32121.jpg?fit=726%2C428&ssl=1&resize=350%2C200","width":350,"height":200,"srcset":"https:\/\/i0.wp.com\/www.shqiperia.com\/blog\/wp-content\/uploads\/2023\/08\/edi_rama_ilir_beqaj_32121.jpg?fit=726%2C428&ssl=1&resize=350%2C200 1x, https:\/\/i0.wp.com\/www.shqiperia.com\/blog\/wp-content\/uploads\/2023\/08\/edi_rama_ilir_beqaj_32121.jpg?fit=726%2C428&ssl=1&resize=525%2C300 1.5x, https:\/\/i0.wp.com\/www.shqiperia.com\/blog\/wp-content\/uploads\/2023\/08\/edi_rama_ilir_beqaj_32121.jpg?fit=726%2C428&ssl=1&resize=700%2C400 2x"},"classes":[]},{"id":53552,"url":"https:\/\/www.shqiperia.com\/blog\/edhe-ministrat-e-rames-ne-sulm-per-duken-niko-peleshi-presione-ne-korce-mirela-kumbaro-ne-gjirokaster\/","url_meta":{"origin":99756,"position":4},"title":"Edhe ministrat e Ram\u00ebs n\u00eb sulm p\u00ebr Duk\u00ebn. &#8211; Niko Peleshi presione n\u00eb Kor\u00e7\u00eb, Mirela Kumbaro n\u00eb Gjirokast\u00ebr","author":"Kurt Farka","date":"January 28, 2022","format":false,"excerpt":"Edhe ministrat e Ram\u00ebs n\u00eb sulm p\u00ebr Duk\u00ebn. - Niko Peleshi presione n\u00eb Kor\u00e7\u00eb, Mirela Kumbaro n\u00eb Gjirokast\u00ebr Nga OraNews 28 Janar 2022 Ve\u00e7 kryebashkiakut t\u00eb Tiran\u00ebs, Erion Veliaj n\u00eb tentativ\u00ebn e politik\u00ebs p\u00ebr nd\u00ebrhyrje n\u00eb Federat\u00ebn Shqiptare t\u00eb Futbollit duket se jan\u00eb p\u00ebrfshir\u00eb edhe ministra t\u00eb qeveris\u00eb Rama N\u00eb\u2026","rel":"","context":"In &quot;Blogu i Udh\u00ebtarit&quot;","block_context":{"text":"Blogu i Udh\u00ebtarit","link":"https:\/\/www.shqiperia.com\/blog\/category\/blogu-i-udhetarit\/"},"img":{"alt_text":"","src":"https:\/\/i0.wp.com\/www.shqiperia.com\/blog\/wp-content\/uploads\/2022\/01\/640-0-27b2a5c2e76c7fff6298c6acb5b62fdb.jpg?fit=640%2C412&ssl=1&resize=350%2C200","width":350,"height":200,"srcset":"https:\/\/i0.wp.com\/www.shqiperia.com\/blog\/wp-content\/uploads\/2022\/01\/640-0-27b2a5c2e76c7fff6298c6acb5b62fdb.jpg?fit=640%2C412&ssl=1&resize=350%2C200 1x, https:\/\/i0.wp.com\/www.shqiperia.com\/blog\/wp-content\/uploads\/2022\/01\/640-0-27b2a5c2e76c7fff6298c6acb5b62fdb.jpg?fit=640%2C412&ssl=1&resize=525%2C300 1.5x"},"classes":[]},{"id":16244,"url":"https:\/\/www.shqiperia.com\/blog\/forumi-per-trashegimine-kumbaro-u-largua-me-ndjenje-turpi\/","url_meta":{"origin":99756,"position":5},"title":"Forumi p\u00ebr Trash\u00ebgimin\u00eb: Kumbaro u largua me ndjenj\u00eb turpi. &#8211;","author":"Kurt Farka","date":"January 17, 2019","format":false,"excerpt":"Forumi p\u00ebr Trash\u00ebgimin\u00eb: Kumbaro u largua me ndjenj\u00eb turpi. - 17\/01\/2019. \u00a0Forumi p\u00ebr Mbrojtjen e Trash\u00ebgimis\u00eb Kulturore shkruan se Mirela Kumbaro u largua nga drejtimi i Ministris\u00eb s\u00eb Kultur\u00ebs duke l\u00ebn\u00eb pas pun\u00ebn e dob\u00ebt n\u00eb trash\u00ebgimin\u00eb kulturore. Forumi jo pak kritik gjat\u00eb mandatit t\u00eb par\u00eb dhe n\u00eb vijim t\u00eb\u2026","rel":"","context":"In &quot;Histori&quot;","block_context":{"text":"Histori","link":"https:\/\/www.shqiperia.com\/blog\/category\/histori\/"},"img":{"alt_text":"","src":"https:\/\/i0.wp.com\/www.shqiperia.com\/blog\/wp-content\/uploads\/2019\/01\/gjirokastra.jpg?fit=900%2C500&ssl=1&resize=350%2C200","width":350,"height":200,"srcset":"https:\/\/i0.wp.com\/www.shqiperia.com\/blog\/wp-content\/uploads\/2019\/01\/gjirokastra.jpg?fit=900%2C500&ssl=1&resize=350%2C200 1x, https:\/\/i0.wp.com\/www.shqiperia.com\/blog\/wp-content\/uploads\/2019\/01\/gjirokastra.jpg?fit=900%2C500&ssl=1&resize=525%2C300 1.5x, https:\/\/i0.wp.com\/www.shqiperia.com\/blog\/wp-content\/uploads\/2019\/01\/gjirokastra.jpg?fit=900%2C500&ssl=1&resize=700%2C400 2x"},"classes":[]}],"_links":{"self":[{"href":"https:\/\/www.shqiperia.com\/blog\/wp-json\/wp\/v2\/posts\/99756","targetHints":{"allow":["GET"]}}],"collection":[{"href":"https:\/\/www.shqiperia.com\/blog\/wp-json\/wp\/v2\/posts"}],"about":[{"href":"https:\/\/www.shqiperia.com\/blog\/wp-json\/wp\/v2\/types\/post"}],"author":[{"embeddable":true,"href":"https:\/\/www.shqiperia.com\/blog\/wp-json\/wp\/v2\/users\/9"}],"replies":[{"embeddable":true,"href":"https:\/\/www.shqiperia.com\/blog\/wp-json\/wp\/v2\/comments?post=99756"}],"version-history":[{"count":1,"href":"https:\/\/www.shqiperia.com\/blog\/wp-json\/wp\/v2\/posts\/99756\/revisions"}],"predecessor-version":[{"id":99758,"href":"https:\/\/www.shqiperia.com\/blog\/wp-json\/wp\/v2\/posts\/99756\/revisions\/99758"}],"wp:featuredmedia":[{"embeddable":true,"href":"https:\/\/www.shqiperia.com\/blog\/wp-json\/wp\/v2\/media\/99757"}],"wp:attachment":[{"href":"https:\/\/www.shqiperia.com\/blog\/wp-json\/wp\/v2\/media?parent=99756"}],"wp:term":[{"taxonomy":"category","embeddable":true,"href":"https:\/\/www.shqiperia.com\/blog\/wp-json\/wp\/v2\/categories?post=99756"},{"taxonomy":"post_tag","embeddable":true,"href":"https:\/\/www.shqiperia.com\/blog\/wp-json\/wp\/v2\/tags?post=99756"}],"curies":[{"name":"wp","href":"https:\/\/api.w.org\/{rel}","templated":true}]}}