{"id":99753,"date":"2026-04-30T11:30:19","date_gmt":"2026-04-30T11:30:19","guid":{"rendered":"https:\/\/www.shqiperia.com\/blog\/?p=99753"},"modified":"2026-04-30T11:30:19","modified_gmt":"2026-04-30T11:30:19","slug":"taulant-balla-ia-ka-futur-rames-me-kallezimin-per-dosjen-partizan-ish-prokurori-kryeministri-pritet-te-merret-i","status":"publish","type":"post","link":"https:\/\/www.shqiperia.com\/blog\/taulant-balla-ia-ka-futur-rames-me-kallezimin-per-dosjen-partizan-ish-prokurori-kryeministri-pritet-te-merret-i\/","title":{"rendered":"\u201cTaulant Balla \u201cia ka futur\u201d Ram\u00ebs me kall\u00ebzimin p\u00ebr dosjen \u201cPartizan\u201d, ish-prokurori: &#8211; Kryeministri pritet t\u00eb merret i.."},"content":{"rendered":"<p><img data-recalc-dims=\"1\" loading=\"lazy\" decoding=\"async\" data-attachment-id=\"99754\" data-permalink=\"https:\/\/www.shqiperia.com\/blog\/taulant-balla-ia-ka-futur-rames-me-kallezimin-per-dosjen-partizan-ish-prokurori-kryeministri-pritet-te-merret-i\/rama-balla\/\" data-orig-file=\"https:\/\/i0.wp.com\/www.shqiperia.com\/blog\/wp-content\/uploads\/2026\/04\/rama-balla.jpg?fit=640%2C405&amp;ssl=1\" data-orig-size=\"640,405\" data-comments-opened=\"1\" data-image-meta=\"{&quot;aperture&quot;:&quot;0&quot;,&quot;credit&quot;:&quot;&quot;,&quot;camera&quot;:&quot;&quot;,&quot;caption&quot;:&quot;&quot;,&quot;created_timestamp&quot;:&quot;0&quot;,&quot;copyright&quot;:&quot;&quot;,&quot;focal_length&quot;:&quot;0&quot;,&quot;iso&quot;:&quot;0&quot;,&quot;shutter_speed&quot;:&quot;0&quot;,&quot;title&quot;:&quot;&quot;,&quot;orientation&quot;:&quot;0&quot;}\" data-image-title=\"rama balla\" data-image-description=\"\" data-image-caption=\"\" data-medium-file=\"https:\/\/i0.wp.com\/www.shqiperia.com\/blog\/wp-content\/uploads\/2026\/04\/rama-balla.jpg?fit=300%2C190&amp;ssl=1\" data-large-file=\"https:\/\/i0.wp.com\/www.shqiperia.com\/blog\/wp-content\/uploads\/2026\/04\/rama-balla.jpg?fit=640%2C405&amp;ssl=1\" class=\"alignnone  wp-image-99754\" alt=\"\" src=\"https:\/\/i0.wp.com\/www.shqiperia.com\/blog\/wp-content\/uploads\/2026\/04\/rama-balla.jpg?resize=572%2C362&#038;ssl=1\" width=\"572\" height=\"362\" srcset=\"https:\/\/i0.wp.com\/www.shqiperia.com\/blog\/wp-content\/uploads\/2026\/04\/rama-balla.jpg?resize=300%2C190&amp;ssl=1 300w, https:\/\/i0.wp.com\/www.shqiperia.com\/blog\/wp-content\/uploads\/2026\/04\/rama-balla.jpg?resize=450%2C285&amp;ssl=1 450w, https:\/\/i0.wp.com\/www.shqiperia.com\/blog\/wp-content\/uploads\/2026\/04\/rama-balla.jpg?resize=600%2C380&amp;ssl=1 600w, https:\/\/i0.wp.com\/www.shqiperia.com\/blog\/wp-content\/uploads\/2026\/04\/rama-balla.jpg?resize=400%2C253&amp;ssl=1 400w, https:\/\/i0.wp.com\/www.shqiperia.com\/blog\/wp-content\/uploads\/2026\/04\/rama-balla.jpg?w=640&amp;ssl=1 640w\" sizes=\"auto, (max-width: 572px) 100vw, 572px\" \/><\/p>\n<p>30 Prill 2026<\/p>\n<p>Ish-prokurori i Krimeve t\u00eb R\u00ebnda, Eugen Be\u00e7i, deklaroi n\u00eb nje emision televiziv se nga dosja \u201cPartizani\u201d, ka shum\u00eb gjasa q\u00eb Berisha t\u00eb dal\u00eb i pafajsh\u00ebm, duke mohuar nj\u00eb mund\u00ebsi q\u00eb kryeministri Edi Rama t\u00eb merret i pandehur.<\/p>\n<p>Be\u00e7i tha se duhet t\u00eb provohet q\u00eb b\u00ebhet fjal\u00eb p\u00ebr fakt penal apo p\u00ebrgjegj\u00ebsi politike.<\/p>\n<p>\u201cKa shum\u00eb dyshime n\u00ebse \u00ebsht\u00eb fakt penal apo p\u00ebrgjegj\u00ebsi politike apo institucionale e ligjeve t\u00eb tjera t\u00eb Shqip\u00ebris\u00eb q\u00eb kontrollohet VKM n\u00eb Kushtetuese, n\u00eb Gjykat\u00ebn Administrative.<\/p>\n<p>N\u00ebse do t\u00eb b\u00ebhet nj\u00eb themel i fort\u00eb i hetimit, ka shum\u00eb fakte q\u00eb t\u00eb mos ket\u00eb nj\u00eb fakt penal, sesa shanse q\u00eb ti shtohet Rama Berish\u00ebs si i pandehur\u201d, tha Be\u00e7i.<\/p>\n<p>I pyetur p\u00ebr kall\u00ebzimin e b\u00ebr\u00eb n\u00eb SPAK, nga kreu i grupit parlamentar t\u00eb PS, Taulant Balla n\u00eb vitin 2020, ndaj Berish\u00ebs dhe Jamarb\u00ebr Malltezit t\u00eb cil\u00ebt i akuzon p\u00ebr korrupsion, pastrim parash dhe fshehje e deklarim t\u00eb rrem\u00eb t\u00eb pasuris\u00eb, ish-prokurori tha se kjo l\u00ebvizje \u00ebsht\u00eb n\u00eb d\u00ebm t\u00eb Ram\u00ebs.<\/p>\n<p>\u201cN\u00ebse do t\u00eb b\u00ebhet nj\u00eb themel i fort\u00eb i hetimit, ka shum\u00eb fakte q\u00eb t\u00eb mos ket\u00eb nj\u00eb fakt penal, sesa shanse q\u00eb ti shtohet Rama Berish\u00ebs si i pandehur.<\/p>\n<p>N\u00ebse aplikon logjik\u00ebn e kall\u00ebzimit t\u00eb Taulant Ball\u00ebs, ai ja ka futur kryetarit t\u00eb parties\u201d, tha Be\u00e7i.<\/p>\n<p>Eugen Be\u00e7i: Ka shum\u00eb shanse q\u00eb hetimi m\u00eb shum\u00eb t\u00eb nxjerr\u00eb t\u00eb nxjerr\u00eb t\u00eb pafajsh\u00ebm Berish\u00ebn sesa ti shtoj\u00eb Berish\u00ebs, Ram\u00ebn t\u00eb pandehur.<\/p>\n<p>Sepse fakti q\u00eb p\u00ebrmendet e gjykohet, ka shum\u00eb dyshime n\u00ebse \u00ebsht\u00eb fakt penal apo p\u00ebrgjegj\u00ebsi politike apo institucionale e ligjeve t\u00eb tjera t\u00eb Shqip\u00ebris\u00eb q\u00eb kontrollohet VKM n\u00eb Kushtetuese, n\u00eb Gjykat\u00ebn Administrative. N\u00ebse do t\u00eb b\u00ebhet nj\u00eb themel i fort\u00eb i hetimit, ka shum\u00eb fakte q\u00eb t\u00eb mos ket\u00eb nj\u00eb fakt penal, sesa shanse q\u00eb ti shtohet Rama Berish\u00ebs si i pandehur.<\/p>\n<p>N\u00ebse aplikon logjik\u00ebn e kall\u00ebzimit t\u00eb Taulant Ball\u00ebs, ai ja ka futur kryetarit t\u00eb partis\u00eb.<\/p>\n","protected":false},"excerpt":{"rendered":"<p>30 Prill 2026 Ish-prokurori i Krimeve t\u00eb R\u00ebnda, Eugen Be\u00e7i, deklaroi n\u00eb nje emision televiziv se nga dosja \u201cPartizani\u201d, ka shum\u00eb gjasa q\u00eb Berisha t\u00eb dal\u00eb i pafajsh\u00ebm, duke mohuar nj\u00eb mund\u00ebsi q\u00eb kryeministri Edi Rama t\u00eb merret i pandehur. Be\u00e7i tha se duhet t\u00eb provohet q\u00eb b\u00ebhet fjal\u00eb p\u00ebr fakt penal apo p\u00ebrgjegj\u00ebsi politike. [&hellip;]<\/p>\n","protected":false},"author":9,"featured_media":99754,"comment_status":"open","ping_status":"open","sticky":false,"template":"","format":"standard","meta":{"jetpack_post_was_ever_published":false,"_jetpack_newsletter_access":"","_jetpack_dont_email_post_to_subs":false,"_jetpack_newsletter_tier_id":0,"_jetpack_memberships_contains_paywalled_content":false,"_jetpack_memberships_contains_paid_content":false,"footnotes":"","jetpack_publicize_message":"","jetpack_publicize_feature_enabled":true,"jetpack_social_post_already_shared":true,"jetpack_social_options":{"image_generator_settings":{"template":"highway","default_image_id":0,"font":"","enabled":false},"version":2}},"categories":[27,1,2],"tags":[],"class_list":["post-99753","post","type-post","status-publish","format-standard","has-post-thumbnail","hentry","category-blogu-i-udhetarit","category-njoftime-shtypi","category-politika"],"jetpack_publicize_connections":[],"jetpack_featured_media_url":"https:\/\/i0.wp.com\/www.shqiperia.com\/blog\/wp-content\/uploads\/2026\/04\/rama-balla.jpg?fit=640%2C405&ssl=1","jetpack_sharing_enabled":true,"jetpack_shortlink":"https:\/\/wp.me\/p5Z6wp-pWV","jetpack-related-posts":[{"id":99430,"url":"https:\/\/www.shqiperia.com\/blog\/taulant-balla-ia-ka-futur-rames-me-kallezimin-per-dosjen-partizanish-prokurori-kryeministri-pritet-te-merret-i\/","url_meta":{"origin":99753,"position":0},"title":"\u201cTaulant Balla \u201cia ka futur\u201d Ram\u00ebs me kall\u00ebzimin p\u00ebr dosjen \u201cPartizan\u201d,ish-prokurori: &#8211; Kryeministri pritet t\u00eb merret i..","author":"Kurt Farka","date":"April 16, 2026","format":false,"excerpt":"17 Prill 2926 Ish-prokurori i Krimeve t\u00eb R\u00ebnda, Eugen Be\u00e7i, deklaroi n\u00eb nje emision televiziv se nga dosja \u201cPartizani\u201d, ka shum\u00eb gjasa q\u00eb Berisha t\u00eb dal\u00eb i pafajsh\u00ebm, duke mohuar nj\u00eb mund\u00ebsi q\u00eb kryeministri Edi Rama t\u00eb merret i pandehur. Be\u00e7i tha se duhet t\u00eb provohet q\u00eb b\u00ebhet fjal\u00eb p\u00ebr\u2026","rel":"","context":"In &quot;Blogu i Udh\u00ebtarit&quot;","block_context":{"text":"Blogu i Udh\u00ebtarit","link":"https:\/\/www.shqiperia.com\/blog\/category\/blogu-i-udhetarit\/"},"img":{"alt_text":"","src":"https:\/\/i0.wp.com\/www.shqiperia.com\/blog\/wp-content\/uploads\/2026\/04\/640-0-eugen-becijpg-770.jpg?fit=640%2C400&ssl=1&resize=350%2C200","width":350,"height":200,"srcset":"https:\/\/i0.wp.com\/www.shqiperia.com\/blog\/wp-content\/uploads\/2026\/04\/640-0-eugen-becijpg-770.jpg?fit=640%2C400&ssl=1&resize=350%2C200 1x, https:\/\/i0.wp.com\/www.shqiperia.com\/blog\/wp-content\/uploads\/2026\/04\/640-0-eugen-becijpg-770.jpg?fit=640%2C400&ssl=1&resize=525%2C300 1.5x"},"classes":[]},{"id":66104,"url":"https:\/\/www.shqiperia.com\/blog\/nje-vlonjat-denoncoi-vjedhjen-e-100-kg-hashash-ish-prokurori-zbulon-cudirat-erdhi-pa-frike-dhe-beri-kallezimin\/","url_meta":{"origin":99753,"position":1},"title":"\u201cNj\u00eb vlonjat denoncoi vjedhjen e 100 kg hashash\u201d: &#8211; Ish-prokurori zbulon \u201c\u00e7udirat\u201d: &#8211; Erdhi pa frik\u00eb dhe b\u00ebri kall\u00ebzimin","author":"Kurt Farka","date":"January 8, 2023","format":false,"excerpt":"8 Janar 2023 Ish-prokurori i Krimeve t\u00eb R\u00ebnda, Eugen Beci, zbuloi n\u00eb emisionin Review, denoncime t\u00eb \u00e7uditshme q\u00eb i kan\u00eb ardhur nga qytetar\u00eb n\u00eb koh\u00ebn q\u00eb ai ushtronte detyr\u00ebn n\u00eb organin e akuz\u00ebs. Beci tha se nj\u00eb qytetar nga Vlora i kishte shkuar t\u00eb b\u00ebnte nj\u00eb denoncim se i kishin\u2026","rel":"","context":"In &quot;Blogu i Udh\u00ebtarit&quot;","block_context":{"text":"Blogu i Udh\u00ebtarit","link":"https:\/\/www.shqiperia.com\/blog\/category\/blogu-i-udhetarit\/"},"img":{"alt_text":"","src":"https:\/\/i0.wp.com\/www.shqiperia.com\/blog\/wp-content\/uploads\/2023\/01\/800-0-63bb2fa85b6b3-1.jpg?fit=800%2C448&ssl=1&resize=350%2C200","width":350,"height":200,"srcset":"https:\/\/i0.wp.com\/www.shqiperia.com\/blog\/wp-content\/uploads\/2023\/01\/800-0-63bb2fa85b6b3-1.jpg?fit=800%2C448&ssl=1&resize=350%2C200 1x, https:\/\/i0.wp.com\/www.shqiperia.com\/blog\/wp-content\/uploads\/2023\/01\/800-0-63bb2fa85b6b3-1.jpg?fit=800%2C448&ssl=1&resize=525%2C300 1.5x, https:\/\/i0.wp.com\/www.shqiperia.com\/blog\/wp-content\/uploads\/2023\/01\/800-0-63bb2fa85b6b3-1.jpg?fit=800%2C448&ssl=1&resize=700%2C400 2x"},"classes":[]},{"id":95698,"url":"https:\/\/www.shqiperia.com\/blog\/benet-beci-kryebashkiaku-i-shkodres-merret-i-pandehur\/","url_meta":{"origin":99753,"position":2},"title":"Benet Beci kryebashkiaku i Shkodr\u00ebs merret i pandehur","author":"Kurt Farka","date":"December 19, 2025","format":false,"excerpt":"19 Dhjetor 2025 Nj\u00eb tjet\u00ebr funksionar i dyshuar. Si\u00e7 rezulton, radha ishte p\u00ebr kryetarin e bashkis\u00eb s\u00eb Shkodr\u00ebs, i cili \u00ebsht\u00eb marr\u00eb i pandehur, raporton Anila Hoxha. Pas disa her\u00ebve i k\u00ebrkuar nga Prokuroria e Posa\u00e7me, Benet Beci ishte thirrur dhe q\u00ebndroi para grupit t\u00eb hetimit p\u00ebr gati dy or\u00eb\u2026","rel":"","context":"In &quot;Blogu i Udh\u00ebtarit&quot;","block_context":{"text":"Blogu i Udh\u00ebtarit","link":"https:\/\/www.shqiperia.com\/blog\/category\/blogu-i-udhetarit\/"},"img":{"alt_text":"","src":"https:\/\/i0.wp.com\/www.shqiperia.com\/blog\/wp-content\/uploads\/2025\/12\/Benet-Beci.jpg?resize=350%2C200&ssl=1","width":350,"height":200,"srcset":"https:\/\/i0.wp.com\/www.shqiperia.com\/blog\/wp-content\/uploads\/2025\/12\/Benet-Beci.jpg?resize=350%2C200&ssl=1 1x, https:\/\/i0.wp.com\/www.shqiperia.com\/blog\/wp-content\/uploads\/2025\/12\/Benet-Beci.jpg?resize=525%2C300&ssl=1 1.5x"},"classes":[]},{"id":99446,"url":"https:\/\/www.shqiperia.com\/blog\/gjkko-duket-se-ka-gjetur-lidhjen-e-rames-me-ceshtjen-partizani-ndaj-e-ka-thirrur-si-deshmitar\/","url_meta":{"origin":99753,"position":3},"title":"\u201cGJKKO duket se ka gjetur lidhjen e Ram\u00ebs me \u00e7\u00ebshtjen \u201cPartizani\u201d, ndaj e ka thirrur si d\u00ebshmitar\u201d.","author":"Kurt Farka","date":"April 17, 2026","format":false,"excerpt":"17 Prill 2026 Ish-prokurori Eugen Be\u00e7i, i ftuar n\u00eb emisionin \u201cKjo jav\u00eb\u201d n\u00eb News24, theksoi se n\u00eb lidhje me \u00e7\u00ebshtjen \u201cPartizani\u201d, GJKKO ka gjetur lidhjen e kryeministrit Edi Rama me faktin penal, p\u00ebrderisa ka pranuar k\u00ebrkes\u00ebn e mbrojtjes p\u00ebr ta thirrur at\u00eb n\u00eb cil\u00ebsin\u00eb e d\u00ebshmitarit. Be\u00e7i tha se, fakti\u2026","rel":"","context":"In &quot;Njoftime Shtypi&quot;","block_context":{"text":"Njoftime Shtypi","link":"https:\/\/www.shqiperia.com\/blog\/category\/njoftime-shtypi\/"},"img":{"alt_text":"","src":"https:\/\/i0.wp.com\/www.shqiperia.com\/blog\/wp-content\/uploads\/2026\/04\/669727241_1581309826951622_2541617370553397301_n.jpg?fit=1068%2C1003&ssl=1&resize=350%2C200","width":350,"height":200,"srcset":"https:\/\/i0.wp.com\/www.shqiperia.com\/blog\/wp-content\/uploads\/2026\/04\/669727241_1581309826951622_2541617370553397301_n.jpg?fit=1068%2C1003&ssl=1&resize=350%2C200 1x, https:\/\/i0.wp.com\/www.shqiperia.com\/blog\/wp-content\/uploads\/2026\/04\/669727241_1581309826951622_2541617370553397301_n.jpg?fit=1068%2C1003&ssl=1&resize=525%2C300 1.5x, https:\/\/i0.wp.com\/www.shqiperia.com\/blog\/wp-content\/uploads\/2026\/04\/669727241_1581309826951622_2541617370553397301_n.jpg?fit=1068%2C1003&ssl=1&resize=700%2C400 2x, https:\/\/i0.wp.com\/www.shqiperia.com\/blog\/wp-content\/uploads\/2026\/04\/669727241_1581309826951622_2541617370553397301_n.jpg?fit=1068%2C1003&ssl=1&resize=1050%2C600 3x"},"classes":[]},{"id":94608,"url":"https:\/\/www.shqiperia.com\/blog\/nen-hetim-nga-spak-beci-urdheron-vartesit-fushate-per-pastrimin-e-imazhit-online\/","url_meta":{"origin":99753,"position":4},"title":"N\u00ebn hetim nga SPAK, Beci urdh\u00ebron vart\u00ebsit: &#8211; Fushat\u00eb p\u00ebr \u2018pastrimin e imazhit\u2019 online","author":"Kurt Farka","date":"November 3, 2025","format":false,"excerpt":"3 Nentor 2025 Benet Beci \u00ebsht\u00eb nj\u00eb tjet\u00ebr zyrtar i mazhoranc\u00ebs n\u00ebn akuz\u00eb zyrtare nga Prokuroria e Posa\u00e7me. Ai \u00ebsht\u00eb marr\u00eb i pandehur gjat\u00eb koh\u00ebs q\u00eb drejtonte Korporat\u00ebn Elektroenergjitike Shqiptare, teksa zb\u00ebrthimi i telefonit t\u00eb ish-drejtorit Ergys Verdho, i ka zbuluar aferat, ashtu si disa zyrtar\u00eb t\u00eb tjer\u00eb. SPAK-u e\u2026","rel":"","context":"In &quot;Blogu i Udh\u00ebtarit&quot;","block_context":{"text":"Blogu i Udh\u00ebtarit","link":"https:\/\/www.shqiperia.com\/blog\/category\/blogu-i-udhetarit\/"},"img":{"alt_text":"","src":"https:\/\/i0.wp.com\/www.shqiperia.com\/blog\/wp-content\/uploads\/2025\/11\/benet-beci-900x570-1.jpg?fit=900%2C570&ssl=1&resize=350%2C200","width":350,"height":200,"srcset":"https:\/\/i0.wp.com\/www.shqiperia.com\/blog\/wp-content\/uploads\/2025\/11\/benet-beci-900x570-1.jpg?fit=900%2C570&ssl=1&resize=350%2C200 1x, https:\/\/i0.wp.com\/www.shqiperia.com\/blog\/wp-content\/uploads\/2025\/11\/benet-beci-900x570-1.jpg?fit=900%2C570&ssl=1&resize=525%2C300 1.5x, https:\/\/i0.wp.com\/www.shqiperia.com\/blog\/wp-content\/uploads\/2025\/11\/benet-beci-900x570-1.jpg?fit=900%2C570&ssl=1&resize=700%2C400 2x"},"classes":[]},{"id":73377,"url":"https:\/\/www.shqiperia.com\/blog\/ja-pse-duhet-te-merret-i-pandehur-kryebashkiaku-i-tiranes\/","url_meta":{"origin":99753,"position":5},"title":"Ja pse duhet t\u00eb merret i pandehur kryebashkiaku i Tiran\u00ebs!","author":"Kurt Farka","date":"August 7, 2023","format":false,"excerpt":"7 Gusht 2023 Ish-kryetarja e LSI-s\u00eb, Monika Kryemadhi, aktualisht deputetja e PL ka reaguar lidhur\u00a0 me sekuestrimin e inceneratorit t\u00eb Tiran\u00ebs nga SPAK dhe hetimet q\u00eb po kryen p\u00ebr k\u00ebt\u00eb afer\u00eb. Sipas Kryemadhit p\u00ebr k\u00ebt\u00eb ngjarje duhet t\u00eb merret i pandehur, Erion Veliaj, pasi sipas saj, kryebashkiaku Tiran\u00ebs ka firmosur\u2026","rel":"","context":"In &quot;Blogu i Udh\u00ebtarit&quot;","block_context":{"text":"Blogu i Udh\u00ebtarit","link":"https:\/\/www.shqiperia.com\/blog\/category\/blogu-i-udhetarit\/"},"img":{"alt_text":"","src":"https:\/\/i0.wp.com\/www.shqiperia.com\/blog\/wp-content\/uploads\/2023\/08\/monikakryemadhi-e1691415976574.jpg?fit=658%2C385&ssl=1&resize=350%2C200","width":350,"height":200,"srcset":"https:\/\/i0.wp.com\/www.shqiperia.com\/blog\/wp-content\/uploads\/2023\/08\/monikakryemadhi-e1691415976574.jpg?fit=658%2C385&ssl=1&resize=350%2C200 1x, https:\/\/i0.wp.com\/www.shqiperia.com\/blog\/wp-content\/uploads\/2023\/08\/monikakryemadhi-e1691415976574.jpg?fit=658%2C385&ssl=1&resize=525%2C300 1.5x"},"classes":[]}],"_links":{"self":[{"href":"https:\/\/www.shqiperia.com\/blog\/wp-json\/wp\/v2\/posts\/99753","targetHints":{"allow":["GET"]}}],"collection":[{"href":"https:\/\/www.shqiperia.com\/blog\/wp-json\/wp\/v2\/posts"}],"about":[{"href":"https:\/\/www.shqiperia.com\/blog\/wp-json\/wp\/v2\/types\/post"}],"author":[{"embeddable":true,"href":"https:\/\/www.shqiperia.com\/blog\/wp-json\/wp\/v2\/users\/9"}],"replies":[{"embeddable":true,"href":"https:\/\/www.shqiperia.com\/blog\/wp-json\/wp\/v2\/comments?post=99753"}],"version-history":[{"count":1,"href":"https:\/\/www.shqiperia.com\/blog\/wp-json\/wp\/v2\/posts\/99753\/revisions"}],"predecessor-version":[{"id":99755,"href":"https:\/\/www.shqiperia.com\/blog\/wp-json\/wp\/v2\/posts\/99753\/revisions\/99755"}],"wp:featuredmedia":[{"embeddable":true,"href":"https:\/\/www.shqiperia.com\/blog\/wp-json\/wp\/v2\/media\/99754"}],"wp:attachment":[{"href":"https:\/\/www.shqiperia.com\/blog\/wp-json\/wp\/v2\/media?parent=99753"}],"wp:term":[{"taxonomy":"category","embeddable":true,"href":"https:\/\/www.shqiperia.com\/blog\/wp-json\/wp\/v2\/categories?post=99753"},{"taxonomy":"post_tag","embeddable":true,"href":"https:\/\/www.shqiperia.com\/blog\/wp-json\/wp\/v2\/tags?post=99753"}],"curies":[{"name":"wp","href":"https:\/\/api.w.org\/{rel}","templated":true}]}}