{"id":99747,"date":"2026-04-30T06:30:10","date_gmt":"2026-04-30T06:30:10","guid":{"rendered":"https:\/\/www.shqiperia.com\/blog\/?p=99747"},"modified":"2026-04-30T06:30:10","modified_gmt":"2026-04-30T06:30:10","slug":"maqedonasit-duan-te-na-poshterojne-studentja-shqiptare-ne-maqedonine-e-veriut-jemi-ne-token-tone-nuk-ka-ligj-qe-na-nenshtron","status":"publish","type":"post","link":"https:\/\/www.shqiperia.com\/blog\/maqedonasit-duan-te-na-poshterojne-studentja-shqiptare-ne-maqedonine-e-veriut-jemi-ne-token-tone-nuk-ka-ligj-qe-na-nenshtron\/","title":{"rendered":"\u201cMaqedonasit duan t\u00eb na posht\u00ebrojn\u00eb\u201d\/ Studentja shqiptare n\u00eb Maqedonin\u00eb e Veriut: &#8211; Jemi n\u00eb tok\u00ebn ton\u00eb, nuk ka ligj q\u00eb na n\u00ebnshtron"},"content":{"rendered":"<div class=\"firstP\">\n<p><img data-recalc-dims=\"1\" loading=\"lazy\" decoding=\"async\" data-attachment-id=\"99748\" data-permalink=\"https:\/\/www.shqiperia.com\/blog\/maqedonasit-duan-te-na-poshterojne-studentja-shqiptare-ne-maqedonine-e-veriut-jemi-ne-token-tone-nuk-ka-ligj-qe-na-nenshtron\/capture_sd-19\/\" data-orig-file=\"https:\/\/i0.wp.com\/www.shqiperia.com\/blog\/wp-content\/uploads\/2026\/04\/Capture_sd-19.webp?fit=1280%2C720&amp;ssl=1\" data-orig-size=\"1280,720\" data-comments-opened=\"1\" data-image-meta=\"{&quot;aperture&quot;:&quot;0&quot;,&quot;credit&quot;:&quot;&quot;,&quot;camera&quot;:&quot;&quot;,&quot;caption&quot;:&quot;&quot;,&quot;created_timestamp&quot;:&quot;0&quot;,&quot;copyright&quot;:&quot;&quot;,&quot;focal_length&quot;:&quot;0&quot;,&quot;iso&quot;:&quot;0&quot;,&quot;shutter_speed&quot;:&quot;0&quot;,&quot;title&quot;:&quot;&quot;,&quot;orientation&quot;:&quot;0&quot;}\" data-image-title=\"Capture_sd-19\" data-image-description=\"\" data-image-caption=\"\" data-medium-file=\"https:\/\/i0.wp.com\/www.shqiperia.com\/blog\/wp-content\/uploads\/2026\/04\/Capture_sd-19.webp?fit=300%2C169&amp;ssl=1\" data-large-file=\"https:\/\/i0.wp.com\/www.shqiperia.com\/blog\/wp-content\/uploads\/2026\/04\/Capture_sd-19.webp?fit=1024%2C576&amp;ssl=1\" class=\"alignnone  wp-image-99748\" alt=\"\" src=\"https:\/\/i0.wp.com\/www.shqiperia.com\/blog\/wp-content\/uploads\/2026\/04\/Capture_sd-19.webp?resize=517%2C291&#038;ssl=1\" width=\"517\" height=\"291\" srcset=\"https:\/\/i0.wp.com\/www.shqiperia.com\/blog\/wp-content\/uploads\/2026\/04\/Capture_sd-19.webp?resize=300%2C169&amp;ssl=1 300w, https:\/\/i0.wp.com\/www.shqiperia.com\/blog\/wp-content\/uploads\/2026\/04\/Capture_sd-19.webp?resize=1024%2C576&amp;ssl=1 1024w, https:\/\/i0.wp.com\/www.shqiperia.com\/blog\/wp-content\/uploads\/2026\/04\/Capture_sd-19.webp?resize=768%2C432&amp;ssl=1 768w, https:\/\/i0.wp.com\/www.shqiperia.com\/blog\/wp-content\/uploads\/2026\/04\/Capture_sd-19.webp?resize=450%2C253&amp;ssl=1 450w, https:\/\/i0.wp.com\/www.shqiperia.com\/blog\/wp-content\/uploads\/2026\/04\/Capture_sd-19.webp?resize=600%2C338&amp;ssl=1 600w, https:\/\/i0.wp.com\/www.shqiperia.com\/blog\/wp-content\/uploads\/2026\/04\/Capture_sd-19.webp?resize=400%2C225&amp;ssl=1 400w, https:\/\/i0.wp.com\/www.shqiperia.com\/blog\/wp-content\/uploads\/2026\/04\/Capture_sd-19.webp?w=1280&amp;ssl=1 1280w\" sizes=\"auto, (max-width: 517px) 100vw, 517px\" \/><\/p>\n<p>30 Prill 2026<\/p>\n<p>\u201cTop Story\u201d ishte k\u00ebt\u00eb t\u00eb m\u00ebrkur\u00eb n\u00eb nj\u00eb takim me student\u00ebt e Maqedonis\u00eb s\u00eb Veriut, t\u00eb cil\u00ebt protestojn\u00eb p\u00ebr lejimin e dh\u00ebnies s\u00eb provimit n\u00eb Fakultetin e Drejt\u00ebsis\u00eb n\u00eb gjuh\u00ebn shqipe.<\/p>\n<\/div>\n<p>Nj\u00ebra prej studenteve ka deklaruar se shqiptar\u00ebt q\u00eb jan\u00eb n\u00eb Maqedonin\u00eb e Veriut, maqedonasit jan\u00eb munduar t\u2019i n\u00ebnshtrojn\u00eb dhe posht\u00ebrojn\u00eb.<\/p>\n<p><em>\u201cDuan t\u00eb na posht\u00ebrojn\u00eb. T\u00eb tregojn\u00eb q\u00eb ata jan\u00eb Zot i k\u00ebtij vendi dhe ne t\u00eb n\u00ebnshtrohemi tek ata. Nuk \u00ebsht\u00eb hamend\u00ebsim, ne e dim\u00eb q\u00eb duan t\u00eb na n\u00ebnshtrojn\u00eb. Nuk ka shanse q\u00eb shqiptar\u00ebt t\u00eb n\u00ebnshtrohen n\u00eb vendin e tyre, ky \u00ebsht\u00eb vendi yn\u00eb. Nuk ka Zot q\u00eb t\u2019i n\u00ebnshtroj\u00eb shqiptar\u00ebt, nuk ka ligj q\u00eb mund ta b\u00ebjn\u00eb at\u00eb.<\/em><\/p>\n<p><em>Edhe pse nuk jemi nga i nj\u00ebjti fakultet, por q\u00eb t\u00eb gjith\u00eb edhe pse nuk jemi nga i nj\u00ebjti fakultet ne e ndjejm\u00eb posht\u00ebrimin q\u00eb po na b\u00ebjn\u00eb, ne do t\u00eb jemi deri n\u00eb fund ata q\u00eb do t\u00eb luftojm\u00eb p\u00ebr k\u00ebt\u00eb ngjarje q\u00eb na ka prekur t\u00eb gjith\u00ebve shum\u00eb. Nuk e dinim ku fshihej lepuri, por tani e dim\u00eb dhe nuk do t\u00eb ndalemi. Kjo betej\u00eb \u00ebsht\u00eb e fituar tashm\u00eb, n\u00eb thjesht presim pak m\u00eb shum\u00eb suport nga Kosova dhe Shqip\u00ebria, \u00ebsht\u00eb ajo q\u00eb do t\u00eb na mbaj\u00eb n\u00eb k\u00ebmb\u00eb\u201d,<\/em><span>\u00a0<\/span>tha studentja.<\/p>\n","protected":false},"excerpt":{"rendered":"<p>30 Prill 2026 \u201cTop Story\u201d ishte k\u00ebt\u00eb t\u00eb m\u00ebrkur\u00eb n\u00eb nj\u00eb takim me student\u00ebt e Maqedonis\u00eb s\u00eb Veriut, t\u00eb cil\u00ebt protestojn\u00eb p\u00ebr lejimin e dh\u00ebnies s\u00eb provimit n\u00eb Fakultetin e Drejt\u00ebsis\u00eb n\u00eb gjuh\u00ebn shqipe. Nj\u00ebra prej studenteve ka deklaruar se shqiptar\u00ebt q\u00eb jan\u00eb n\u00eb Maqedonin\u00eb e Veriut, maqedonasit jan\u00eb munduar t\u2019i n\u00ebnshtrojn\u00eb dhe posht\u00ebrojn\u00eb. \u201cDuan [&hellip;]<\/p>\n","protected":false},"author":9,"featured_media":99748,"comment_status":"open","ping_status":"open","sticky":false,"template":"","format":"standard","meta":{"jetpack_post_was_ever_published":false,"_jetpack_newsletter_access":"","_jetpack_dont_email_post_to_subs":false,"_jetpack_newsletter_tier_id":0,"_jetpack_memberships_contains_paywalled_content":false,"_jetpack_memberships_contains_paid_content":false,"footnotes":"","jetpack_publicize_message":"","jetpack_publicize_feature_enabled":true,"jetpack_social_post_already_shared":true,"jetpack_social_options":{"image_generator_settings":{"template":"highway","default_image_id":0,"font":"","enabled":false},"version":2}},"categories":[85,10,2,35],"tags":[],"class_list":["post-99747","post","type-post","status-publish","format-standard","has-post-thumbnail","hentry","category-histori","category-kultura","category-politika","category-shoqerore"],"jetpack_publicize_connections":[],"jetpack_featured_media_url":"https:\/\/i0.wp.com\/www.shqiperia.com\/blog\/wp-content\/uploads\/2026\/04\/Capture_sd-19.webp?fit=1280%2C720&ssl=1","jetpack_sharing_enabled":true,"jetpack_shortlink":"https:\/\/wp.me\/p5Z6wp-pWP","jetpack-related-posts":[{"id":48079,"url":"https:\/\/www.shqiperia.com\/blog\/rama-bashkimi-europian-ka-deshtuar-serish-te-mbaje-premtimin-keta-njerez-i-fryjne-ketij-absurditeti-ose-nuk\/","url_meta":{"origin":99747,"position":0},"title":"Rama: &#8211; Bashkimi Europian ka d\u00ebshtuar s\u00ebrish t\u00eb mbaj\u00eb premtimin! K\u00ebta nj\u00ebr\u00ebz i fryjn\u00eb k\u00ebtij absurditeti ose nuk\u2026","author":"Kurt Farka","date":"June 23, 2021","format":false,"excerpt":"Rama: - Bashkimi Europian ka d\u00ebshtuar s\u00ebrish t\u00eb mbaj\u00eb premtimin! K\u00ebta nj\u00ebr\u00ebz i fryjn\u00eb k\u00ebtij absurditeti ose nuk\u2026 23 qershor 2021 Nj\u00eb dit\u00eb pasi Bullgaria \u201cbllokoi\u201d negociatat p\u00ebr Shqip\u00ebrin\u00eb dhe Maqedonin\u00eb e Veriut p\u00ebr procesin e integrimit europian, kryeministri Edi Rama deklaroi se Bashkimi Europian ka\u00a0d\u00ebshtuar s\u00ebrish t\u00eb mbaj\u00eb premtimin\u2026","rel":"","context":"In &quot;Blogu i Udh\u00ebtarit&quot;","block_context":{"text":"Blogu i Udh\u00ebtarit","link":"https:\/\/www.shqiperia.com\/blog\/category\/blogu-i-udhetarit\/"},"img":{"alt_text":"","src":"https:\/\/i0.wp.com\/www.shqiperia.com\/blog\/wp-content\/uploads\/2021\/06\/Edi-Rama.png?fit=640%2C377&ssl=1&resize=350%2C200","width":350,"height":200,"srcset":"https:\/\/i0.wp.com\/www.shqiperia.com\/blog\/wp-content\/uploads\/2021\/06\/Edi-Rama.png?fit=640%2C377&ssl=1&resize=350%2C200 1x, https:\/\/i0.wp.com\/www.shqiperia.com\/blog\/wp-content\/uploads\/2021\/06\/Edi-Rama.png?fit=640%2C377&ssl=1&resize=525%2C300 1.5x"},"classes":[]},{"id":99084,"url":"https:\/\/www.shqiperia.com\/blog\/debatet-per-gjuhen-shqipe-ne-maqedonine-e-veriut-unioni-i-gazetareve-dhe-pedagogu-studentet-kane-te-drejte-ne-gjuhen-amtare-nuk-eshte-luks\/","url_meta":{"origin":99747,"position":1},"title":"Debatet p\u00ebr gjuh\u00ebn shqipe n\u00eb Maqedonin\u00eb e Veriut, Unioni i Gazetar\u00ebve dhe pedagogu: &#8211; Student\u00ebt kan\u00eb t\u00eb drejt\u00eb n\u00eb gjuh\u00ebn amtare, nuk \u00ebsht\u00eb luks","author":"Kurt Farka","date":"April 5, 2026","format":false,"excerpt":"5 Prill 2026 P\u00ebrdorimi i gjuh\u00ebs shqipe n\u00eb Maqedonin\u00eb e Veriut po p\u00ebrballet me disa debate t\u00eb vazhdueshme, situat\u00eb q\u00eb ka ngritur shqet\u00ebsimin e Unionit t\u00eb Gazetar\u00ebve shqiptar\u00eb dhe ish-udh\u00ebheq\u00ebsi i L\u00ebvizjes Studentore t\u00eb viteve t\u00eb 90-ta n\u00eb Kosov\u00eb dhe profesori universitar, Bujar Dugolli. Dugolli ka deklaruar se pengimi i\u2026","rel":"","context":"In &quot;Blogu i Udh\u00ebtarit&quot;","block_context":{"text":"Blogu i Udh\u00ebtarit","link":"https:\/\/www.shqiperia.com\/blog\/category\/blogu-i-udhetarit\/"},"img":{"alt_text":"","src":"https:\/\/i0.wp.com\/www.shqiperia.com\/blog\/wp-content\/uploads\/2026\/04\/maqedoni-e-veriut-1024x555_sd.webp?fit=1200%2C675&ssl=1&resize=350%2C200","width":350,"height":200,"srcset":"https:\/\/i0.wp.com\/www.shqiperia.com\/blog\/wp-content\/uploads\/2026\/04\/maqedoni-e-veriut-1024x555_sd.webp?fit=1200%2C675&ssl=1&resize=350%2C200 1x, https:\/\/i0.wp.com\/www.shqiperia.com\/blog\/wp-content\/uploads\/2026\/04\/maqedoni-e-veriut-1024x555_sd.webp?fit=1200%2C675&ssl=1&resize=525%2C300 1.5x, https:\/\/i0.wp.com\/www.shqiperia.com\/blog\/wp-content\/uploads\/2026\/04\/maqedoni-e-veriut-1024x555_sd.webp?fit=1200%2C675&ssl=1&resize=700%2C400 2x, https:\/\/i0.wp.com\/www.shqiperia.com\/blog\/wp-content\/uploads\/2026\/04\/maqedoni-e-veriut-1024x555_sd.webp?fit=1200%2C675&ssl=1&resize=1050%2C600 3x"},"classes":[]},{"id":37716,"url":"https:\/\/www.shqiperia.com\/blog\/rilindja-perze-shqiptaret-por-merr-sirianet-dhe-afganet\/","url_meta":{"origin":99747,"position":2},"title":"Rilindja p\u00ebrz\u00eb shqiptar\u00ebt, por merr sirian\u00ebt dhe afgan\u00ebt","author":"Kurt Farka","date":"August 27, 2020","format":false,"excerpt":"Rilindja p\u00ebrz\u00eb shqiptar\u00ebt, por merr sirian\u00ebt dhe afgan\u00ebt 22\/08\/2020 Instituti i Statistikave publikoi dje t\u00eb dh\u00ebnat p\u00ebr personat q\u00eb kan\u00eb k\u00ebrkuar azil n\u00eb Shqip\u00ebri gjat\u00eb vitit 2019. Shifrat e institucioneve shtet\u00ebrore tregojn\u00eb se gjat\u00eb vitit q\u00eb lam\u00eb pas 6 567 qytetar\u00eb t\u00eb huaj kan\u00eb aplikuar n\u00eb Ministrin\u00eb e Brendshme p\u00ebr\u2026","rel":"","context":"In &quot;Blogu i Udh\u00ebtarit&quot;","block_context":{"text":"Blogu i Udh\u00ebtarit","link":"https:\/\/www.shqiperia.com\/blog\/category\/blogu-i-udhetarit\/"},"img":{"alt_text":"","src":"https:\/\/i0.wp.com\/www.shqiperia.com\/blog\/wp-content\/uploads\/2020\/08\/siriane-693x450-1-693x375-1.jpg?fit=693%2C375&ssl=1&resize=350%2C200","width":350,"height":200,"srcset":"https:\/\/i0.wp.com\/www.shqiperia.com\/blog\/wp-content\/uploads\/2020\/08\/siriane-693x450-1-693x375-1.jpg?fit=693%2C375&ssl=1&resize=350%2C200 1x, https:\/\/i0.wp.com\/www.shqiperia.com\/blog\/wp-content\/uploads\/2020\/08\/siriane-693x450-1-693x375-1.jpg?fit=693%2C375&ssl=1&resize=525%2C300 1.5x"},"classes":[]},{"id":4604,"url":"https:\/\/www.shqiperia.com\/blog\/shenim-kush-po-perze-shqiptaret-nga-vendi-tyre\/","url_meta":{"origin":99747,"position":3},"title":"Sh\u00ebnim \u2013 Kush po i p\u00ebrz\u00eb shqiptar\u00ebt nga vendi i tyre. &#8211;","author":"Kurt Farka","date":"March 11, 2018","format":false,"excerpt":"320 mij\u00eb shqiptar\u00eb jan\u00eb larguar p\u00ebr 6 vite nga Shqip\u00ebria. Tre vitet e fundit, e kan\u00eb l\u00ebn\u00eb vendin m\u00eb shum\u00eb se 600 mjek\u00eb, ku vet\u00ebm gjat\u00eb 2017 kan\u00eb k\u00ebrkuar referenc\u00eb largimi rreth 167 t\u00eb tjer\u00eb Erjola dhe Altini, dy t\u00eb rinj shqiptar\u00eb, p\u00ebrfunduan pak jav\u00eb m\u00eb par\u00eb pas hekurave t\u00eb\u2026","rel":"","context":"In &quot;Blogu i Udh\u00ebtarit&quot;","block_context":{"text":"Blogu i Udh\u00ebtarit","link":"https:\/\/www.shqiperia.com\/blog\/category\/blogu-i-udhetarit\/"},"img":{"alt_text":"","src":"https:\/\/i0.wp.com\/www.shqiperia.com\/blog\/wp-content\/uploads\/2018\/03\/images-1-300x156.jpg?resize=350%2C200","width":350,"height":200},"classes":[]},{"id":27165,"url":"https:\/\/www.shqiperia.com\/blog\/ministria-e-jashtme-franceze-qellimi-eshte-te-bejme-te-mundur-qe-ceshtjet-shume-te-rendesishme-si-sundimi-i-ligjit-pavaresia-e-mediave-te-zgjidhen-gjate-procesit-te-zgjerimit\/","url_meta":{"origin":99747,"position":4},"title":"Ministria e Jashtme franceze: &#8211; Q\u00ebllimi \u00ebsht\u00eb t\u00eb b\u00ebjm\u00eb t\u00eb mundur q\u00eb \u00e7\u00ebshtjet shum\u00eb t\u00eb r\u00ebnd\u00ebsishme si sundimi i ligjit, pavar\u00ebsia e mediave t\u00eb zgjidhen gjat\u00eb procesit t\u00eb zgjerimit.","author":"Kurt Farka","date":"October 19, 2019","format":false,"excerpt":"Ministria e Jashtme franceze: - Q\u00ebllimi \u00ebsht\u00eb t\u00eb b\u00ebjm\u00eb t\u00eb mundur q\u00eb \u00e7\u00ebshtjet shum\u00eb t\u00eb r\u00ebnd\u00ebsishme si sundimi i ligjit, pavar\u00ebsia e mediave t\u00eb zgjidhen gjat\u00eb procesit t\u00eb zgjerimit. 19 tetor 2019 \u00a0\u201cFranca nuk \u00ebsht\u00eb delja e zez\u00eb, nuk jemi kund\u00ebr hapjes s\u00eb negociatave, por duhet t\u00eb shohim t\u00eb p\u00ebrmbushura\u2026","rel":"","context":"In &quot;Blogu i Udh\u00ebtarit&quot;","block_context":{"text":"Blogu i Udh\u00ebtarit","link":"https:\/\/www.shqiperia.com\/blog\/category\/blogu-i-udhetarit\/"},"img":{"alt_text":"","src":"https:\/\/i0.wp.com\/www.shqiperia.com\/blog\/wp-content\/uploads\/2019\/10\/Frederic-Mondoloni-1-1-300x152.jpg?resize=350%2C200&ssl=1","width":350,"height":200},"classes":[]},{"id":25765,"url":"https:\/\/www.shqiperia.com\/blog\/ditmir-bushati-me-kritika-ne-kuvend-krize-vlerash-qe-vjen-nga-grykesia-pafytyresia-dhe-paaftesia-per\/","url_meta":{"origin":99747,"position":5},"title":"Ditmir Bushati me kritika ne Kuvend: &#8211; Kriz\u00eb vlerash, q\u00eb vjen nga gryk\u00ebsia, pafytyr\u00ebsia dhe paaft\u00ebsia p\u00ebr\u2026","author":"Kurt Farka","date":"September 12, 2019","format":false,"excerpt":"Ditmir Bushati me kritika ne Kuvend: - Kriz\u00eb vlerash, q\u00eb vjen nga gryk\u00ebsia, pafytyr\u00ebsia dhe paaft\u00ebsia p\u00ebr\u2026 12 shtator2019 Ish-ministri i Jasht\u00ebm, Ditmir Bushati ka num\u00ebruar gjith\u00eb shqet\u00ebsimet e tij lidhur me sa nuk \u00ebsht\u00eb b\u00ebr\u00eb p\u00ebr diaspor\u00ebn. Me tone te forta, ai ka deklaruar se ne nuk mund te\u2026","rel":"","context":"In &quot;Blogu i Udh\u00ebtarit&quot;","block_context":{"text":"Blogu i Udh\u00ebtarit","link":"https:\/\/www.shqiperia.com\/blog\/category\/blogu-i-udhetarit\/"},"img":{"alt_text":"","src":"https:\/\/i0.wp.com\/www.shqiperia.com\/blog\/wp-content\/uploads\/2019\/09\/bushati-ne-parlament-ditmir-1024x739.jpg?fit=1024%2C528&ssl=1&resize=350%2C200","width":350,"height":200,"srcset":"https:\/\/i0.wp.com\/www.shqiperia.com\/blog\/wp-content\/uploads\/2019\/09\/bushati-ne-parlament-ditmir-1024x739.jpg?fit=1024%2C528&ssl=1&resize=350%2C200 1x, https:\/\/i0.wp.com\/www.shqiperia.com\/blog\/wp-content\/uploads\/2019\/09\/bushati-ne-parlament-ditmir-1024x739.jpg?fit=1024%2C528&ssl=1&resize=525%2C300 1.5x, https:\/\/i0.wp.com\/www.shqiperia.com\/blog\/wp-content\/uploads\/2019\/09\/bushati-ne-parlament-ditmir-1024x739.jpg?fit=1024%2C528&ssl=1&resize=700%2C400 2x"},"classes":[]}],"_links":{"self":[{"href":"https:\/\/www.shqiperia.com\/blog\/wp-json\/wp\/v2\/posts\/99747","targetHints":{"allow":["GET"]}}],"collection":[{"href":"https:\/\/www.shqiperia.com\/blog\/wp-json\/wp\/v2\/posts"}],"about":[{"href":"https:\/\/www.shqiperia.com\/blog\/wp-json\/wp\/v2\/types\/post"}],"author":[{"embeddable":true,"href":"https:\/\/www.shqiperia.com\/blog\/wp-json\/wp\/v2\/users\/9"}],"replies":[{"embeddable":true,"href":"https:\/\/www.shqiperia.com\/blog\/wp-json\/wp\/v2\/comments?post=99747"}],"version-history":[{"count":1,"href":"https:\/\/www.shqiperia.com\/blog\/wp-json\/wp\/v2\/posts\/99747\/revisions"}],"predecessor-version":[{"id":99749,"href":"https:\/\/www.shqiperia.com\/blog\/wp-json\/wp\/v2\/posts\/99747\/revisions\/99749"}],"wp:featuredmedia":[{"embeddable":true,"href":"https:\/\/www.shqiperia.com\/blog\/wp-json\/wp\/v2\/media\/99748"}],"wp:attachment":[{"href":"https:\/\/www.shqiperia.com\/blog\/wp-json\/wp\/v2\/media?parent=99747"}],"wp:term":[{"taxonomy":"category","embeddable":true,"href":"https:\/\/www.shqiperia.com\/blog\/wp-json\/wp\/v2\/categories?post=99747"},{"taxonomy":"post_tag","embeddable":true,"href":"https:\/\/www.shqiperia.com\/blog\/wp-json\/wp\/v2\/tags?post=99747"}],"curies":[{"name":"wp","href":"https:\/\/api.w.org\/{rel}","templated":true}]}}