{"id":99744,"date":"2026-04-30T06:13:19","date_gmt":"2026-04-30T06:13:19","guid":{"rendered":"https:\/\/www.shqiperia.com\/blog\/?p=99744"},"modified":"2026-04-30T06:13:19","modified_gmt":"2026-04-30T06:13:19","slug":"sherri-spiropali-rama-paskal-milo-kemi-nje-parti-shtet-ne-duart-e-kryetarit-po-nisi-lemshi-se-ndal-dot","status":"publish","type":"post","link":"https:\/\/www.shqiperia.com\/blog\/sherri-spiropali-rama-paskal-milo-kemi-nje-parti-shtet-ne-duart-e-kryetarit-po-nisi-lemshi-se-ndal-dot\/","title":{"rendered":"Sherri Spiropali-Rama, Paskal Milo: &#8211; Kemi nj\u00eb parti-shtet n\u00eb duart e kryetarit. Po nisi l\u00ebmshi s\u2019e ndal dot"},"content":{"rendered":"<p><img data-recalc-dims=\"1\" loading=\"lazy\" decoding=\"async\" data-attachment-id=\"99745\" data-permalink=\"https:\/\/www.shqiperia.com\/blog\/sherri-spiropali-rama-paskal-milo-kemi-nje-parti-shtet-ne-duart-e-kryetarit-po-nisi-lemshi-se-ndal-dot\/paskal-milo-2\/\" data-orig-file=\"https:\/\/i0.wp.com\/www.shqiperia.com\/blog\/wp-content\/uploads\/2026\/04\/Paskal-Milo.webp?fit=800%2C450&amp;ssl=1\" data-orig-size=\"800,450\" data-comments-opened=\"1\" data-image-meta=\"{&quot;aperture&quot;:&quot;0&quot;,&quot;credit&quot;:&quot;&quot;,&quot;camera&quot;:&quot;&quot;,&quot;caption&quot;:&quot;&quot;,&quot;created_timestamp&quot;:&quot;0&quot;,&quot;copyright&quot;:&quot;&quot;,&quot;focal_length&quot;:&quot;0&quot;,&quot;iso&quot;:&quot;0&quot;,&quot;shutter_speed&quot;:&quot;0&quot;,&quot;title&quot;:&quot;&quot;,&quot;orientation&quot;:&quot;0&quot;}\" data-image-title=\"Paskal Milo\" data-image-description=\"\" data-image-caption=\"\" data-medium-file=\"https:\/\/i0.wp.com\/www.shqiperia.com\/blog\/wp-content\/uploads\/2026\/04\/Paskal-Milo.webp?fit=300%2C169&amp;ssl=1\" data-large-file=\"https:\/\/i0.wp.com\/www.shqiperia.com\/blog\/wp-content\/uploads\/2026\/04\/Paskal-Milo.webp?fit=800%2C450&amp;ssl=1\" class=\"alignnone  wp-image-99745\" alt=\"\" src=\"https:\/\/i0.wp.com\/www.shqiperia.com\/blog\/wp-content\/uploads\/2026\/04\/Paskal-Milo.webp?resize=600%2C338&#038;ssl=1\" width=\"600\" height=\"338\" srcset=\"https:\/\/i0.wp.com\/www.shqiperia.com\/blog\/wp-content\/uploads\/2026\/04\/Paskal-Milo.webp?resize=300%2C169&amp;ssl=1 300w, https:\/\/i0.wp.com\/www.shqiperia.com\/blog\/wp-content\/uploads\/2026\/04\/Paskal-Milo.webp?resize=768%2C432&amp;ssl=1 768w, https:\/\/i0.wp.com\/www.shqiperia.com\/blog\/wp-content\/uploads\/2026\/04\/Paskal-Milo.webp?resize=450%2C253&amp;ssl=1 450w, https:\/\/i0.wp.com\/www.shqiperia.com\/blog\/wp-content\/uploads\/2026\/04\/Paskal-Milo.webp?resize=600%2C338&amp;ssl=1 600w, https:\/\/i0.wp.com\/www.shqiperia.com\/blog\/wp-content\/uploads\/2026\/04\/Paskal-Milo.webp?resize=400%2C225&amp;ssl=1 400w, https:\/\/i0.wp.com\/www.shqiperia.com\/blog\/wp-content\/uploads\/2026\/04\/Paskal-Milo.webp?w=800&amp;ssl=1 800w\" sizes=\"auto, (max-width: 600px) 100vw, 600px\" \/><\/p>\n<p>30 Prill 2026<\/p>\n<p>Ish-ministri i Jasht\u00ebm, Paskal Milo flet p\u00ebr p\u00ebrplasjet publike dhe kritikat ndaj drejtimit t\u00eb PS-s\u00eb, ku kryefjal\u00eb jan\u00eb q\u00ebndrimet e forta t\u00eb Elisa Spiropalit ndaj kryeministrtit Edi Rama. P\u00ebr t\u00eb PS ka pasur p\u00ebrplasje gjat\u00eb viteve t\u00eb drejtimit nga Edi Rama. Ai theksoi se q\u00eb nga viti 2005 partia ka hyr\u00eb n\u00eb nj\u00eb faz\u00eb t\u00eb re, ku strukturat dhe forumet e saj kan\u00eb humbur rolin real n\u00eb vendimmarrje.<\/p>\n<p>Sipas tij, m\u00ebnyra e organizimit ka krijuar nj\u00eb model ku pushteti \u00ebsht\u00eb i centralizuar dhe ku kryetari ka ndikimin kryesor n\u00eb \u00e7do hallk\u00eb t\u00eb partis\u00eb dhe qeverisjes. Milo shtoi se z\u00ebrat kritik\u00eb q\u00eb po d\u00ebgjohen sot, p\u00ebrfshir\u00eb figura si Elisa Spiropali dhe t\u00eb tjer\u00eb, nuk jan\u00eb nj\u00eb fenomen i ri, por reflektim i problemeve t\u00eb hershme brenda partis\u00eb, t\u00eb cilat sipas tij vet\u00ebm tani po dalin m\u00eb hapur n\u00eb sip\u00ebrfaqe.<\/p>\n<p><em>\u201dPushteti absolut q\u00eb ka zoti Rama brenda PS ka diktuar nj\u00eb politik\u00eb t\u00eb atill\u00eb q\u00eb k\u00ebto institucione ku an\u00ebtar\u00eb t\u00eb ve\u00e7ant\u00eb nuk kan\u00eb rol ose e kan\u00eb minimal. Kjo \u00ebsht\u00eb m\u00ebnyr\u00eb e dukshme. PS sot portretizohet si ekip politik administrativ i nj\u00eb parti-shtet, q\u00eb i ka t\u00eb gjitha hallkat n\u00eb dor\u00ebn e saj dhe aty vendos kryetari i partis\u00eb. Mund t\u00eb mos jet\u00eb p\u00ebrjashtim, kjo varet. Nuk dua t\u00eb hy n\u00eb detaje. Aty \u00ebsht\u00eb krijuar nj\u00eb m\u00ebnyr\u00eb qeverisjeje dhe administrimi q\u00eb l\u00eb vend p\u00ebr debat, p\u00ebr ankesa sepse ka humbur koncepti baz\u00eb i funksionimit t\u00eb nj\u00eb partie politike q\u00eb \u00ebsht\u00eb demokracia e brendshme.<\/em><\/p>\n<p><em>Ka shum\u00eb q\u00eb i d\u00ebgjoj q\u00eb p\u00ebrgjegj\u00ebsin\u00eb kryesore ia japin zotit Rama p\u00ebr at\u00eb \u00e7ka po ndodh n\u00eb PS, por jam pjes\u00ebrisht dakord me ta. P\u00ebr mendimin tim sa p\u00ebrgjegj\u00ebs \u00ebsht\u00eb zoti Rama p\u00ebr k\u00ebt\u00eb trajektore t\u00eb PS nga nj\u00eb parti e hapur n\u00eb nj\u00eb t\u00eb mbyllur, p\u00ebrgjegj\u00ebsi kan\u00eb dhe ata t\u00eb tjer\u00ebt q\u00eb vin\u00eb rrotull tij. Asnj\u00eb prej tyre nuk ka pasur as kurajo dhe as mend\u00ebsi demokratike europiane p\u00ebr t\u00eb th\u00ebn\u00eb mendimin e tyre. Duke vler\u00ebsuar at\u00eb \u00e7ka po ndodh tani n\u00eb kuptimin e shprehjes s\u00eb mendimeve dhe v\u00ebnien e gishtit te plaga e PS, ata i kan\u00eb thurur lavde kryetarit t\u00eb partis\u00eb, e kan\u00eb mb\u00ebshtetur at\u00eb, kan\u00eb qen\u00eb pjes\u00eb e ekipit p\u00ebr t\u00eb cilat ata ankohen sot.<\/em><\/p>\n<p><em>N\u00eb momentin kur kan\u00eb humbur pozicionin n\u00eb qeveri apo hierarkin\u00eb politike t\u00eb PS, kan\u00eb marr\u00eb kurajon t\u00eb v\u00ebn\u00eb gishtin n\u00eb plag\u00eb. Jo se nuk kan\u00eb t\u00eb drejt\u00eb, por k\u00ebto jan\u00eb probleme t\u00eb vjetra n\u00eb PS dhe nuk jan\u00eb manifestuar tani. Qoft\u00eb p\u00ebr zonj\u00ebn Spiropali apo dhe Bra\u00e7en apo dhe z\u00ebra t\u00eb tjer\u00eb q\u00eb nuk flasin publikisht. Duhet vepruar me qet\u00ebsi dhe t\u00eb kishte m\u00eb shum\u00eb urt\u00ebsi dhe m\u00eb shum\u00eb kolegjialitet dhe t\u00eb korrigjohet sa nuk \u00ebsht\u00eb von\u00eb. Po nisi nj\u00eb l\u00ebmsh t\u00eb shthuret, se ndalon dot\u2019<\/em>\u2018,-tha n\u00eb \u201dNews 24\u201d.<\/p>\n","protected":false},"excerpt":{"rendered":"<p>30 Prill 2026 Ish-ministri i Jasht\u00ebm, Paskal Milo flet p\u00ebr p\u00ebrplasjet publike dhe kritikat ndaj drejtimit t\u00eb PS-s\u00eb, ku kryefjal\u00eb jan\u00eb q\u00ebndrimet e forta t\u00eb Elisa Spiropalit ndaj kryeministrtit Edi Rama. P\u00ebr t\u00eb PS ka pasur p\u00ebrplasje gjat\u00eb viteve t\u00eb drejtimit nga Edi Rama. Ai theksoi se q\u00eb nga viti 2005 partia ka hyr\u00eb n\u00eb [&hellip;]<\/p>\n","protected":false},"author":9,"featured_media":99745,"comment_status":"open","ping_status":"open","sticky":false,"template":"","format":"standard","meta":{"jetpack_post_was_ever_published":false,"_jetpack_newsletter_access":"","_jetpack_dont_email_post_to_subs":false,"_jetpack_newsletter_tier_id":0,"_jetpack_memberships_contains_paywalled_content":false,"_jetpack_memberships_contains_paid_content":false,"footnotes":"","jetpack_publicize_message":"","jetpack_publicize_feature_enabled":true,"jetpack_social_post_already_shared":true,"jetpack_social_options":{"image_generator_settings":{"template":"highway","default_image_id":0,"font":"","enabled":false},"version":2}},"categories":[27,2,35],"tags":[],"class_list":["post-99744","post","type-post","status-publish","format-standard","has-post-thumbnail","hentry","category-blogu-i-udhetarit","category-politika","category-shoqerore"],"jetpack_publicize_connections":[],"jetpack_featured_media_url":"https:\/\/i0.wp.com\/www.shqiperia.com\/blog\/wp-content\/uploads\/2026\/04\/Paskal-Milo.webp?fit=800%2C450&ssl=1","jetpack_sharing_enabled":true,"jetpack_shortlink":"https:\/\/wp.me\/p5Z6wp-pWM","jetpack-related-posts":[{"id":43186,"url":"https:\/\/www.shqiperia.com\/blog\/paskal-milo-dhe-andi-bushati-demaskojne-lojen-e-kryeministrit-per-21-janarin\/","url_meta":{"origin":99744,"position":0},"title":"Paskal Milo dhe Andi Bushati demaskojn\u00eb loj\u00ebn e kryeministrit p\u00ebr 21 Janarin","author":"Kurt Farka","date":"January 22, 2021","format":false,"excerpt":"Paskal Milo dhe Andi Bushati demaskojn\u00eb loj\u00ebn e kryeministrit p\u00ebr 21 Janarin 21\/01\/2021 Sot mbushen plot 10 vite nga ngjarja e r\u00ebnd\u00eb e 21 janarit, ku mbet\u00ebn t\u00eb vrar\u00eb 4 qytetar\u00eb t\u00eb pafajsh\u00ebm, gjat\u00eb nj\u00eb tubimi n\u00ebn drejtimin e opozit\u00ebs kund\u00ebr kryeministrit t\u00eb asaj kohe, Sali Berisha. Kjo \u00ebsht\u00eb tema\u2026","rel":"","context":"In &quot;Blogu i Udh\u00ebtarit&quot;","block_context":{"text":"Blogu i Udh\u00ebtarit","link":"https:\/\/www.shqiperia.com\/blog\/category\/blogu-i-udhetarit\/"},"img":{"alt_text":"","src":"https:\/\/i0.wp.com\/www.shqiperia.com\/blog\/wp-content\/uploads\/2021\/01\/PPPP-1-750x375-1.jpg?fit=679%2C375&ssl=1&resize=350%2C200","width":350,"height":200,"srcset":"https:\/\/i0.wp.com\/www.shqiperia.com\/blog\/wp-content\/uploads\/2021\/01\/PPPP-1-750x375-1.jpg?fit=679%2C375&ssl=1&resize=350%2C200 1x, https:\/\/i0.wp.com\/www.shqiperia.com\/blog\/wp-content\/uploads\/2021\/01\/PPPP-1-750x375-1.jpg?fit=679%2C375&ssl=1&resize=525%2C300 1.5x"},"classes":[]},{"id":98911,"url":"https:\/\/www.shqiperia.com\/blog\/edi-rama-paralajmeron-shkermoqjen-e-ps-ne-fraksione-situata-e-degraduar-e-mazhorances-detyron-kryeministrin\/","url_meta":{"origin":99744,"position":1},"title":"Edi Rama paralajm\u00ebron shk\u00ebrmoqjen e PS n\u00eb fraksione, situata e degraduar e mazhoranc\u00ebs detyron kryeministrin\u2026","author":"Kurt Farka","date":"March 31, 2026","format":false,"excerpt":"31 Mars 2026 Nj\u00eb alarm i fort\u00eb ka tronditur korridoret e pushtetit, teksa kryeministri Edi Rama ka paralajm\u00ebruar p\u00ebr nj\u00eb skenar t\u00eb err\u00ebt brenda Partia Socialiste. Burime nga mbledhja e fundit e zgjeruar e grupit parlamentar socialiste dhe qeveris\u00eb e mbajtur k\u00ebt\u00eb fundjav\u00eb (t\u00eb shtun\u00eb 28 mars 2026) flasin p\u00ebr\u2026","rel":"","context":"In &quot;Blogu i Udh\u00ebtarit&quot;","block_context":{"text":"Blogu i Udh\u00ebtarit","link":"https:\/\/www.shqiperia.com\/blog\/category\/blogu-i-udhetarit\/"},"img":{"alt_text":"","src":"https:\/\/i0.wp.com\/www.shqiperia.com\/blog\/wp-content\/uploads\/2026\/02\/Rruga-eshte-hapur--300x245.jpg?resize=350%2C200&ssl=1","width":350,"height":200,"srcset":"https:\/\/i0.wp.com\/www.shqiperia.com\/blog\/wp-content\/uploads\/2026\/02\/Rruga-eshte-hapur--300x245.jpg?resize=350%2C200&ssl=1 1x, https:\/\/i0.wp.com\/www.shqiperia.com\/blog\/wp-content\/uploads\/2026\/02\/Rruga-eshte-hapur--300x245.jpg?resize=525%2C300&ssl=1 1.5x"},"classes":[]},{"id":98155,"url":"https:\/\/www.shqiperia.com\/blog\/rama-e-perzuri-spiropalin-pas-takimeve-ne-shtepine-e-bardhe-kellici-zbardh-prapaskenat-kryeministri-u-frikesua\/","url_meta":{"origin":99744,"position":2},"title":"\u201cRama e p\u00ebrzuri Spiropalin pas takimeve n\u00eb Sht\u00ebpin\u00eb e Bardh\u00eb\u201d, K\u00eblli\u00e7i zbardh prapaskenat: Kryeministri u frik\u00ebsua..","author":"Kurt Farka","date":"March 5, 2026","format":false,"excerpt":"5 Mars 2026 Deputeti demokrat Belind K\u00eblli\u00e7i zbardhi sot n\u00eb nj\u00eb emision televiziv tregon prapaskenat e shkarkimit t\u00eb Elisa Spiropalit nga kryeministri Edi Rama. I kthyer n\u00eb Kuvend pas pezullimit p\u00ebr mbi 2 muaj, vendim i marr\u00eb nga maxhoranca, K\u00eblli\u00e7i tha se gjeti nj\u00eb situat\u00eb t\u00eb tensionuar brenda maxhoran c\u00ebs.\u2026","rel":"","context":"In &quot;Blogu i Udh\u00ebtarit&quot;","block_context":{"text":"Blogu i Udh\u00ebtarit","link":"https:\/\/www.shqiperia.com\/blog\/category\/blogu-i-udhetarit\/"},"img":{"alt_text":"","src":"https:\/\/i0.wp.com\/www.shqiperia.com\/blog\/wp-content\/uploads\/2026\/03\/640-0-2d503d149071e6139289845c1d0fdf60.jpg?fit=640%2C336&ssl=1&resize=350%2C200","width":350,"height":200,"srcset":"https:\/\/i0.wp.com\/www.shqiperia.com\/blog\/wp-content\/uploads\/2026\/03\/640-0-2d503d149071e6139289845c1d0fdf60.jpg?fit=640%2C336&ssl=1&resize=350%2C200 1x, https:\/\/i0.wp.com\/www.shqiperia.com\/blog\/wp-content\/uploads\/2026\/03\/640-0-2d503d149071e6139289845c1d0fdf60.jpg?fit=640%2C336&ssl=1&resize=525%2C300 1.5x"},"classes":[]},{"id":98179,"url":"https:\/\/www.shqiperia.com\/blog\/foli-nen-ze-se-belinda-po-krijon-kalaja-spiropali-kerkoi-distancimin-e-ps-nga-belinda\/","url_meta":{"origin":99744,"position":3},"title":"\u201cFoli n\u00ebn z\u00eb se Belinda po krijon\u2026\u201d\/ Kalaja: Spiropali k\u00ebrkoi distancimin e PS nga Belinda","author":"Kurt Farka","date":"March 6, 2026","format":false,"excerpt":"6 Mars 2026 Ish-kandidati i PD n\u00eb qarkun e Durr\u00ebsit, n\u00eb zgjedhjet e p\u00ebrgjithshme t\u00eb 11 majit, Aulon Kalaja, i ftuar n\u00eb nje studio televizive, deklaroi se arsyeja pse Elisa Spiropali u largua nga qeveria, \u00ebsht\u00eb nd\u00ebr t\u00eb tjera dhe q\u00ebndrimi i saj ndaj ish-zv\/kryeministres Belinda Balluku. Kalaja tha se\u2026","rel":"","context":"In &quot;Blogu i Udh\u00ebtarit&quot;","block_context":{"text":"Blogu i Udh\u00ebtarit","link":"https:\/\/www.shqiperia.com\/blog\/category\/blogu-i-udhetarit\/"},"img":{"alt_text":"","src":"https:\/\/i0.wp.com\/www.shqiperia.com\/blog\/wp-content\/uploads\/2026\/03\/aulon-kalaja.jpg?fit=900%2C506&ssl=1&resize=350%2C200","width":350,"height":200,"srcset":"https:\/\/i0.wp.com\/www.shqiperia.com\/blog\/wp-content\/uploads\/2026\/03\/aulon-kalaja.jpg?fit=900%2C506&ssl=1&resize=350%2C200 1x, https:\/\/i0.wp.com\/www.shqiperia.com\/blog\/wp-content\/uploads\/2026\/03\/aulon-kalaja.jpg?fit=900%2C506&ssl=1&resize=525%2C300 1.5x, https:\/\/i0.wp.com\/www.shqiperia.com\/blog\/wp-content\/uploads\/2026\/03\/aulon-kalaja.jpg?fit=900%2C506&ssl=1&resize=700%2C400 2x"},"classes":[]},{"id":42506,"url":"https:\/\/www.shqiperia.com\/blog\/befason-paskal-milo-zbulon-pse-rama-riktheu-niko-peleshin-ne-qeveri-ka-zera-qe-brenda-ps-se-eshte-krijuar-nje\/","url_meta":{"origin":99744,"position":4},"title":"Befason Paskal Milo, zbulon pse Rama riktheu Niko Peleshin n\u00eb qeveri: &#8211; Ka z\u00ebra q\u00eb brenda PS-s\u00eb \u00ebsht\u00eb krijuar nj\u00eb&#8230;","author":"Kurt Farka","date":"December 31, 2020","format":false,"excerpt":"Befason Paskal Milo, zbulon pse Rama riktheu Niko Peleshin n\u00eb qeveri: - Ka z\u00ebra q\u00eb brenda PS-s\u00eb \u00ebsht\u00eb krijuar nj\u00eb... Ministrja e Mbrojtjes Olta Xha\u00e7ka do t\u00eb marr\u00eb drejtimin e Ministris\u00eb s\u00eb Jashtme, nd\u00ebrsa postin e l\u00ebn\u00eb bosh prej saj do ta marr\u00eb Niko Peleshi,\u00a0nj\u00eb figur\u00eb e r\u00ebnd\u00ebsishme n\u00eb\u00a0PS, ish-numri\u2026","rel":"","context":"In &quot;Blogu i Udh\u00ebtarit&quot;","block_context":{"text":"Blogu i Udh\u00ebtarit","link":"https:\/\/www.shqiperia.com\/blog\/category\/blogu-i-udhetarit\/"},"img":{"alt_text":"","src":"https:\/\/i0.wp.com\/www.shqiperia.com\/blog\/wp-content\/uploads\/2020\/12\/Paskal-Milo.jpg?fit=563%2C302&ssl=1&resize=350%2C200","width":350,"height":200,"srcset":"https:\/\/i0.wp.com\/www.shqiperia.com\/blog\/wp-content\/uploads\/2020\/12\/Paskal-Milo.jpg?fit=563%2C302&ssl=1&resize=350%2C200 1x, https:\/\/i0.wp.com\/www.shqiperia.com\/blog\/wp-content\/uploads\/2020\/12\/Paskal-Milo.jpg?fit=563%2C302&ssl=1&resize=525%2C300 1.5x"},"classes":[]},{"id":15412,"url":"https:\/\/www.shqiperia.com\/blog\/15412-2\/","url_meta":{"origin":99744,"position":5},"title":"Paralajm\u00ebrimi i fort\u00eb i profesorit nga SHBA: Kryeministri do rr\u00ebshqas\u00eb tat\u00ebpjet\u00eb!","author":"Kurt Farka","date":"December 30, 2018","format":false,"excerpt":"Paralajm\u00ebrimi i fort\u00eb i profesorit nga SHBA: Kryeministri do rr\u00ebshqas\u00eb tat\u00ebpjet\u00eb! Edi Rama \u00ebsht\u00eb mjesht\u00ebr i loj\u00ebs, por cdo loj\u00eb e ka nj\u00eb fund, dhe kush ngjitet n\u00eb maj\u00eb nuk ku ka shkon, p\u00ebrvecse t\u00eb rr\u00ebshqas\u00eb tat\u00ebpjet\u00eb \u00a0Nga: Shinasi Rama Edi shkon n\u00eb luft\u00eb: ndryshimet n\u00eb qeveri, kongresi dhe zgjedhjet\u2026","rel":"","context":"In &quot;Blogu i Udh\u00ebtarit&quot;","block_context":{"text":"Blogu i Udh\u00ebtarit","link":"https:\/\/www.shqiperia.com\/blog\/category\/blogu-i-udhetarit\/"},"img":{"alt_text":"","src":"https:\/\/i0.wp.com\/www.shqiperia.com\/blog\/wp-content\/uploads\/2018\/12\/shinasi1-768x501-e1546008453920.jpg?fit=613%2C400&ssl=1&resize=350%2C200","width":350,"height":200,"srcset":"https:\/\/i0.wp.com\/www.shqiperia.com\/blog\/wp-content\/uploads\/2018\/12\/shinasi1-768x501-e1546008453920.jpg?fit=613%2C400&ssl=1&resize=350%2C200 1x, https:\/\/i0.wp.com\/www.shqiperia.com\/blog\/wp-content\/uploads\/2018\/12\/shinasi1-768x501-e1546008453920.jpg?fit=613%2C400&ssl=1&resize=525%2C300 1.5x"},"classes":[]}],"_links":{"self":[{"href":"https:\/\/www.shqiperia.com\/blog\/wp-json\/wp\/v2\/posts\/99744","targetHints":{"allow":["GET"]}}],"collection":[{"href":"https:\/\/www.shqiperia.com\/blog\/wp-json\/wp\/v2\/posts"}],"about":[{"href":"https:\/\/www.shqiperia.com\/blog\/wp-json\/wp\/v2\/types\/post"}],"author":[{"embeddable":true,"href":"https:\/\/www.shqiperia.com\/blog\/wp-json\/wp\/v2\/users\/9"}],"replies":[{"embeddable":true,"href":"https:\/\/www.shqiperia.com\/blog\/wp-json\/wp\/v2\/comments?post=99744"}],"version-history":[{"count":1,"href":"https:\/\/www.shqiperia.com\/blog\/wp-json\/wp\/v2\/posts\/99744\/revisions"}],"predecessor-version":[{"id":99746,"href":"https:\/\/www.shqiperia.com\/blog\/wp-json\/wp\/v2\/posts\/99744\/revisions\/99746"}],"wp:featuredmedia":[{"embeddable":true,"href":"https:\/\/www.shqiperia.com\/blog\/wp-json\/wp\/v2\/media\/99745"}],"wp:attachment":[{"href":"https:\/\/www.shqiperia.com\/blog\/wp-json\/wp\/v2\/media?parent=99744"}],"wp:term":[{"taxonomy":"category","embeddable":true,"href":"https:\/\/www.shqiperia.com\/blog\/wp-json\/wp\/v2\/categories?post=99744"},{"taxonomy":"post_tag","embeddable":true,"href":"https:\/\/www.shqiperia.com\/blog\/wp-json\/wp\/v2\/tags?post=99744"}],"curies":[{"name":"wp","href":"https:\/\/api.w.org\/{rel}","templated":true}]}}