{"id":99741,"date":"2026-04-29T21:54:39","date_gmt":"2026-04-29T21:54:39","guid":{"rendered":"https:\/\/www.shqiperia.com\/blog\/?p=99741"},"modified":"2026-04-29T21:54:39","modified_gmt":"2026-04-29T21:54:39","slug":"evropa-kontinenti-qe-po-ngrohet-me-shpejt-ne-planet","status":"publish","type":"post","link":"https:\/\/www.shqiperia.com\/blog\/evropa-kontinenti-qe-po-ngrohet-me-shpejt-ne-planet\/","title":{"rendered":"Evropa, kontinenti q\u00eb po ngrohet m\u00eb shpejt n\u00eb planet"},"content":{"rendered":"<p><img data-recalc-dims=\"1\" loading=\"lazy\" decoding=\"async\" data-attachment-id=\"99742\" data-permalink=\"https:\/\/www.shqiperia.com\/blog\/evropa-kontinenti-qe-po-ngrohet-me-shpejt-ne-planet\/640-0-c15d8c8743027e9d203cf5cdecf2616e\/\" data-orig-file=\"https:\/\/i0.wp.com\/www.shqiperia.com\/blog\/wp-content\/uploads\/2026\/04\/640-0-c15d8c8743027e9d203cf5cdecf2616e.jpg?fit=640%2C426&amp;ssl=1\" data-orig-size=\"640,426\" data-comments-opened=\"1\" data-image-meta=\"{&quot;aperture&quot;:&quot;0&quot;,&quot;credit&quot;:&quot;&quot;,&quot;camera&quot;:&quot;&quot;,&quot;caption&quot;:&quot;&quot;,&quot;created_timestamp&quot;:&quot;0&quot;,&quot;copyright&quot;:&quot;&quot;,&quot;focal_length&quot;:&quot;0&quot;,&quot;iso&quot;:&quot;0&quot;,&quot;shutter_speed&quot;:&quot;0&quot;,&quot;title&quot;:&quot;&quot;,&quot;orientation&quot;:&quot;0&quot;}\" data-image-title=\"-640-0-c15d8c8743027e9d203cf5cdecf2616e\" data-image-description=\"\" data-image-caption=\"\" data-medium-file=\"https:\/\/i0.wp.com\/www.shqiperia.com\/blog\/wp-content\/uploads\/2026\/04\/640-0-c15d8c8743027e9d203cf5cdecf2616e.jpg?fit=300%2C200&amp;ssl=1\" data-large-file=\"https:\/\/i0.wp.com\/www.shqiperia.com\/blog\/wp-content\/uploads\/2026\/04\/640-0-c15d8c8743027e9d203cf5cdecf2616e.jpg?fit=640%2C426&amp;ssl=1\" class=\"alignnone  wp-image-99742\" alt=\"\" src=\"https:\/\/i0.wp.com\/www.shqiperia.com\/blog\/wp-content\/uploads\/2026\/04\/640-0-c15d8c8743027e9d203cf5cdecf2616e.jpg?resize=620%2C413&#038;ssl=1\" width=\"620\" height=\"413\" srcset=\"https:\/\/i0.wp.com\/www.shqiperia.com\/blog\/wp-content\/uploads\/2026\/04\/640-0-c15d8c8743027e9d203cf5cdecf2616e.jpg?resize=300%2C200&amp;ssl=1 300w, https:\/\/i0.wp.com\/www.shqiperia.com\/blog\/wp-content\/uploads\/2026\/04\/640-0-c15d8c8743027e9d203cf5cdecf2616e.jpg?resize=600%2C399&amp;ssl=1 600w, https:\/\/i0.wp.com\/www.shqiperia.com\/blog\/wp-content\/uploads\/2026\/04\/640-0-c15d8c8743027e9d203cf5cdecf2616e.jpg?resize=450%2C300&amp;ssl=1 450w, https:\/\/i0.wp.com\/www.shqiperia.com\/blog\/wp-content\/uploads\/2026\/04\/640-0-c15d8c8743027e9d203cf5cdecf2616e.jpg?resize=400%2C266&amp;ssl=1 400w, https:\/\/i0.wp.com\/www.shqiperia.com\/blog\/wp-content\/uploads\/2026\/04\/640-0-c15d8c8743027e9d203cf5cdecf2616e.jpg?w=640&amp;ssl=1 640w\" sizes=\"auto, (max-width: 620px) 100vw, 620px\" \/><\/p>\n<p>29 Prill 2026<\/p>\n<p>Evropa, n\u00eb nj\u00eb p\u00ebrqindje d\u00ebrrmuese prej t\u00eb pakt\u00ebn 95%, p\u00ebrjetoi n\u00eb vitin 2025 temperatura vjetore mbi mesataren, me val\u00eb t\u00eb nxehti q\u00eb prek\u00ebn pjes\u00eb t\u00eb m\u00ebdha t\u00eb kontinentit, nga Mesdheu deri n\u00eb Arktik.<\/p>\n<p>K\u00ebto gjetje u publikuan n\u00eb raportin vjetor p\u00ebr gjendjen e klim\u00ebs n\u00eb Evrop\u00eb p\u00ebr vitin 2025, t\u00eb hartuar nga Qendra Evropiane p\u00ebr Parashikime Afatmesme t\u00eb Motit (ECMWF), q\u00eb zbaton sh\u00ebrbimin Copernicus p\u00ebr Ndryshimet Klimatike, dhe Organizata Bot\u00ebrore Meteorologjike (WMO).<\/p>\n<p>Nj\u00eb pjes\u00eb e madhe e Evrop\u00ebs p\u00ebrjetoi m\u00eb shum\u00eb dit\u00eb me stres t\u00eb lart\u00eb nga nxeht\u00ebsia krahasuar me mesataren, me Spanj\u00ebn Jugore dhe Lindore q\u00eb regjistruan deri n\u00eb 50 dit\u00eb m\u00eb shum\u00eb se mesatarja me temperatura mbi 32\u00b0C. Gjithashtu, temperaturat minimale mbet\u00ebn mbi mesataren p\u00ebr pjes\u00ebn m\u00eb t\u00eb madhe t\u00eb vitit.<\/p>\n<figure class=\"wp-block-image size-full\"><img data-recalc-dims=\"1\" loading=\"lazy\" decoding=\"async\" class=\"wp-image-1000000555224\" alt=\"\" src=\"https:\/\/i0.wp.com\/cdnimpuls.com\/oranews.tv\/media3\/a941ebc6e9f195dad1c60524eba152ea.jpg?resize=689%2C727&#038;ssl=1\" width=\"689\" height=\"727\" \/><\/figure>\n<p>Nj\u00eb rekord val\u00eb t\u00eb nxehti tre-javore goditi Norvegjin\u00eb, Suedin\u00eb dhe Finland\u00ebn subarktike, me temperatura q\u00eb n\u00eb disa raste brenda dhe pran\u00eb Rrethit Arktik kaluan 30\u00b0C. N\u00eb zon\u00ebn Frosta t\u00eb Norvegjis\u00eb u regjistrua temperatura 34.9\u00b0C. N\u00eb korrik dhe fillim gushti, nxeht\u00ebsi ekstreme preku edhe Evrop\u00ebn Juglindore.<\/p>\n<p>Sipas raportit, gjat\u00eb 30 viteve t\u00eb fundit Evropa \u00ebsht\u00eb ngrohur dy her\u00eb m\u00eb shpejt se mesatarja globale, duke u b\u00ebr\u00eb kontinenti q\u00eb ngrohet m\u00eb shpejt n\u00eb bot\u00eb. Evropa Lindore dhe Juglindore po ngrohen m\u00eb shpejt se Evropa Per\u00ebndimore, nd\u00ebrsa Svalbardi n\u00eb Arktikun evropian \u00ebsht\u00eb nj\u00eb nga rajonet me ngrohjen m\u00eb t\u00eb shpejt\u00eb n\u00eb bot\u00eb.<\/p>\n<p>Temperaturat mbi mesataren dhe reshjet n\u00ebn mesataren n\u00eb vitin 2025 \u00e7uan n\u00eb humbje t\u00eb madhe t\u00eb bor\u00ebs dhe akullit.<\/p>\n<p>N\u00eb mars 2025, sip\u00ebrfaqja e mbuluar me bor\u00eb n\u00eb Evrop\u00eb ishte rreth 1.32 milion km\u00b2 n\u00ebn mesataren (31%), nj\u00eb zon\u00eb e barabart\u00eb me sip\u00ebrfaqen e Franc\u00ebs, Italis\u00eb, Gjermanis\u00eb, Zvicr\u00ebs dhe Austris\u00eb s\u00eb bashku. Kjo sh\u00ebnoi nivelin e tret\u00eb m\u00eb t\u00eb ul\u00ebt q\u00eb nga fillimi i matjeve n\u00eb vitin 1983.<\/p>\n<p>Edhe akullnajat n\u00eb t\u00eb gjitha rajonet evropiane p\u00ebsuan humbje mase, nd\u00ebrsa Islanda regjistroi humbjen e dyt\u00eb m\u00eb t\u00eb madhe t\u00eb akullnajave ndonj\u00ebher\u00eb. Groenlanda humbi 139 miliard\u00eb ton akull, duke kontribuar n\u00eb rritjen e nivelit global t\u00eb detit.<\/p>\n<p class=\"has-text-align-center has-background\"><strong>Rritje e temperatur\u00ebs s\u00eb detit dhe rrezik p\u00ebr biodiversitetin<\/strong><\/p>\n<p>Temperatura mesatare vjetore e sip\u00ebrfaqes s\u00eb detit n\u00eb Evrop\u00eb ishte m\u00eb e larta e regjistruar ndonj\u00ebher\u00eb, duke sh\u00ebnuar vitin e kat\u00ebrt radhazi me rekord. Kjo tendenc\u00eb afatgjat\u00eb po d\u00ebmton biodiversitetin dhe ekosistemet detare.<\/p>\n<p>Val\u00ebt detare t\u00eb t\u00eb nxehtit prek\u00ebn 86% t\u00eb oqeanit evropian, me 36% t\u00eb zon\u00ebs q\u00eb p\u00ebrjetoi kushte t\u00eb r\u00ebnda ose ekstreme.<\/p>\n<p>N\u00eb Mesdhe, t\u00eb pakt\u00ebn nj\u00eb dit\u00eb me val\u00eb detare t\u00eb forta \u00ebsht\u00eb regjistruar \u00e7do vit gjat\u00eb tre viteve t\u00eb fundit.<\/p>\n<p class=\"has-text-align-center has-background\"><strong>Zjarre, p\u00ebrmbytje dhe ngjarje ekstreme<\/strong><\/p>\n<p>Sip\u00ebrfaqja e djegur nga zjarret arriti rekord, rreth 1.035 milion hektar\u00eb, s\u00eb bashku me emetimet nga zjarret.<\/p>\n<p>N\u00eb Evrop\u00ebn Juglindore, Qiproja, Turqia dhe disa vende t\u00eb Ballkanit, p\u00ebrfshir\u00eb\u00a0<strong><em>Shqip\u00ebrin\u00eb<\/em><\/strong>, Bullgarin\u00eb, Kosov\u00ebn, Malin e Zi, Maqedonin\u00eb e Veriut dhe Serbin\u00eb, p\u00ebrjetuan emetime mbi mesataren gjat\u00eb korrikut dhe gushtit, me Qipron q\u00eb sh\u00ebnoi rekord vjetor.<\/p>\n<p>N\u00eb Evrop\u00ebn Jugper\u00ebndimore, zjarret n\u00eb veriper\u00ebndim t\u00eb Spanj\u00ebs dhe n\u00eb veri t\u00eb Portugalis\u00eb n\u00eb mes t\u00eb gushtit gjeneruan emetime shum\u00eb mbi mesataren, duke kontribuar rreth gjysm\u00ebn e totalit evropian t\u00eb emetimeve nga zjarret p\u00ebr vitin. Spanja sh\u00ebnoi nj\u00eb rekord t\u00eb ri vjetor.<\/p>\n<p>N\u00eb Evrop\u00ebn Veriore, emetimet vjetore nga zjarret n\u00eb Mbret\u00ebrin\u00eb e Bashkuar, Holand\u00eb dhe Gjermani ishin gjithashtu m\u00eb t\u00eb lartat e regjistruara ndonj\u00ebher\u00eb.<\/p>\n<figure class=\"wp-block-image size-full\"><img data-recalc-dims=\"1\" loading=\"lazy\" decoding=\"async\" class=\"wp-image-1000000555226\" alt=\"\" src=\"https:\/\/i0.wp.com\/cdnimpuls.com\/oranews.tv\/media3\/6e16084f18aa39a09877f11430630d69.jpg?resize=957%2C785&#038;ssl=1\" width=\"957\" height=\"785\" \/><\/figure>\n<p>N\u00eb mes t\u00eb n\u00ebntorit, stuhia Claudia solli p\u00ebrmbytje t\u00eb konsiderueshme n\u00eb Portugali, Spanj\u00eb, Irland\u00eb dhe Mbret\u00ebrin\u00eb e Bashkuar. N\u00eb zona t\u00eb tjera, p\u00ebrmbytje t\u00eb shkurtra u raportuan n\u00eb pjes\u00eb t\u00eb Evrop\u00ebs Per\u00ebndimore dhe Veriore, zakonisht t\u00eb lidhura me periudha reshjesh intensive dhe tok\u00eb t\u00eb ngopur me uj\u00eb.<\/p>\n<p>N\u00eb fund t\u00eb n\u00ebntorit, reshje t\u00eb dendura shkaktuan daljen e lumenjve nga shtrati n\u00eb disa pjes\u00eb t\u00eb\u00a0Shqip\u00ebris\u00eb, duke sjell\u00eb p\u00ebrmbytje, evakuime dhe d\u00ebmtime t\u00eb infrastruktur\u00ebs.<\/p>\n<p>N\u00eb p\u00ebrgjith\u00ebsi, modeli i p\u00ebrmbytjeve n\u00eb vitin 2025 ishte i lokalizuar dhe jo i p\u00ebrhapur, duke reflektuar kontraste t\u00eb forta rajonale n\u00eb kushtet hidrologjike n\u00eb Evrop\u00eb.<\/p>\n<p>N\u00eb p\u00ebrgjith\u00ebsi, p\u00ebrmbytjet n\u00eb vitin 2025 ishin m\u00eb t\u00eb lokalizuara krahasuar me vitet e m\u00ebparshme.<\/p>\n<p>Liqeni natyror Prespa, i vendosur n\u00eb kufirin mes\u00a0Shqip\u00ebris\u00eb, Maqedonis\u00eb s\u00eb Veriut dhe Greqis\u00eb, vazhdoi trendin afatgjat\u00eb t\u00eb r\u00ebnies q\u00eb ka nisur n\u00eb vitet 1960, si pasoj\u00eb e nj\u00eb viti tjet\u00ebr t\u00eb that\u00eb n\u00eb Evrop\u00ebn Juglindore.<\/p>\n<p>Nd\u00ebrkoh\u00eb, rezervuari artificial Guadalhorce n\u00eb Spanj\u00eb, i cili ka p\u00ebsuar ulje t\u00eb niveleve t\u00eb ujit q\u00eb nga viti 2019 sh\u00ebnoi rikuperim, duke arritur nivele t\u00eb fundit t\u00eb regjistruara n\u00eb vitin 2021, me gjas\u00eb p\u00ebr shkak t\u00eb pranver\u00ebs jasht\u00ebzakonisht t\u00eb lag\u00ebsht.<\/p>\n<p>Nd\u00ebrkoh\u00eb, burimet e rinovueshme siguruan 46.4% t\u00eb energjis\u00eb elektrike n\u00eb Evrop\u00eb, me energjin\u00eb diellore q\u00eb arriti rekord prej 12.5%.<\/p>\n","protected":false},"excerpt":{"rendered":"<p>29 Prill 2026 Evropa, n\u00eb nj\u00eb p\u00ebrqindje d\u00ebrrmuese prej t\u00eb pakt\u00ebn 95%, p\u00ebrjetoi n\u00eb vitin 2025 temperatura vjetore mbi mesataren, me val\u00eb t\u00eb nxehti q\u00eb prek\u00ebn pjes\u00eb t\u00eb m\u00ebdha t\u00eb kontinentit, nga Mesdheu deri n\u00eb Arktik. K\u00ebto gjetje u publikuan n\u00eb raportin vjetor p\u00ebr gjendjen e klim\u00ebs n\u00eb Evrop\u00eb p\u00ebr vitin 2025, t\u00eb hartuar nga [&hellip;]<\/p>\n","protected":false},"author":9,"featured_media":99742,"comment_status":"open","ping_status":"open","sticky":false,"template":"","format":"standard","meta":{"jetpack_post_was_ever_published":false,"_jetpack_newsletter_access":"","_jetpack_dont_email_post_to_subs":false,"_jetpack_newsletter_tier_id":0,"_jetpack_memberships_contains_paywalled_content":false,"_jetpack_memberships_contains_paid_content":false,"footnotes":"","jetpack_publicize_message":"","jetpack_publicize_feature_enabled":true,"jetpack_social_post_already_shared":true,"jetpack_social_options":{"image_generator_settings":{"template":"highway","default_image_id":0,"font":"","enabled":false},"version":2}},"categories":[27,1,35],"tags":[],"class_list":["post-99741","post","type-post","status-publish","format-standard","has-post-thumbnail","hentry","category-blogu-i-udhetarit","category-njoftime-shtypi","category-shoqerore"],"jetpack_publicize_connections":[],"jetpack_featured_media_url":"https:\/\/i0.wp.com\/www.shqiperia.com\/blog\/wp-content\/uploads\/2026\/04\/640-0-c15d8c8743027e9d203cf5cdecf2616e.jpg?fit=640%2C426&ssl=1","jetpack_sharing_enabled":true,"jetpack_shortlink":"https:\/\/wp.me\/p5Z6wp-pWJ","jetpack-related-posts":[{"id":59484,"url":"https:\/\/www.shqiperia.com\/blog\/temperaturat-10-grade-mbi-mesataren-ne-qytetet-me-te-medha-kjo-eshte-alarmante-meterologet-te-shqetesuar\/","url_meta":{"origin":99741,"position":0},"title":"Temperaturat 10 grad\u00eb mbi mesataren n\u00eb qytetet m\u00eb t\u00eb m\u00ebdha! Kjo \u00ebsht\u00eb alarmante.- Meterolog\u00ebt t\u00eb shqet\u00ebsuar","author":"Kurt Farka","date":"June 28, 2022","format":false,"excerpt":"28 Qershor 2022 Nj\u00eb val\u00eb e nxeht\u00eb ka p\u00ebrfshir\u00eb mbar\u00eb Europ\u00ebn, ku temperaturat sh\u00ebnjojn\u00eb deri n\u00eb 10 grad\u00eb mbi mesataren. Sipas meteorolog\u00ebve, vala e t\u00eb nxehtit n\u00eb Europ\u00eb vjen si rrjedhoj\u00eb e anticiklonit Afrikan, i cili ka krijuar nj\u00eb shtres\u00eb nxeht\u00ebsie kryesisht n\u00eb Europ\u00ebn Per\u00ebndimore. \u201cTemperaturat jan\u00eb t\u00eb ngjashme me\u2026","rel":"","context":"In &quot;Blogu i Udh\u00ebtarit&quot;","block_context":{"text":"Blogu i Udh\u00ebtarit","link":"https:\/\/www.shqiperia.com\/blog\/category\/blogu-i-udhetarit\/"},"img":{"alt_text":"","src":"https:\/\/i0.wp.com\/www.shqiperia.com\/blog\/wp-content\/uploads\/2022\/06\/meterologet-te-shqetesuar.jpg?fit=800%2C403&ssl=1&resize=350%2C200","width":350,"height":200,"srcset":"https:\/\/i0.wp.com\/www.shqiperia.com\/blog\/wp-content\/uploads\/2022\/06\/meterologet-te-shqetesuar.jpg?fit=800%2C403&ssl=1&resize=350%2C200 1x, https:\/\/i0.wp.com\/www.shqiperia.com\/blog\/wp-content\/uploads\/2022\/06\/meterologet-te-shqetesuar.jpg?fit=800%2C403&ssl=1&resize=525%2C300 1.5x, https:\/\/i0.wp.com\/www.shqiperia.com\/blog\/wp-content\/uploads\/2022\/06\/meterologet-te-shqetesuar.jpg?fit=800%2C403&ssl=1&resize=700%2C400 2x"},"classes":[]},{"id":92056,"url":"https:\/\/www.shqiperia.com\/blog\/evropa-po-ngrohet-me-shpejt-se-kontinentet-e-tjera\/","url_meta":{"origin":99741,"position":1},"title":"Evropa po ngrohet m\u00eb shpejt se kontinentet e tjera","author":"Kurt Farka","date":"April 30, 2025","format":false,"excerpt":"30 Prill 2025 Evropa \u00ebsht\u00eb kontinenti me ngrohjen m\u00eb t\u00eb shpejt\u00eb, duke shkaktuar ngjarje t\u00eb r\u00ebnda t\u00eb motit dhe t\u00eb pakt\u00ebn 413,000 njer\u00ebz u prek\u00ebn nga p\u00ebrmbytjet n\u00eb t\u00eb gjith\u00eb Evrop\u00ebn vitin e kaluar, sipas raportit t\u00eb vitit 2024 nga Sh\u00ebrbimi i Ndryshimeve Klimatike Copernicus dhe Organizata Bot\u00ebrore Meteorologjike. Viti\u2026","rel":"","context":"In &quot;Blogu i Udh\u00ebtarit&quot;","block_context":{"text":"Blogu i Udh\u00ebtarit","link":"https:\/\/www.shqiperia.com\/blog\/category\/blogu-i-udhetarit\/"},"img":{"alt_text":"","src":"https:\/\/i0.wp.com\/www.shqiperia.com\/blog\/wp-content\/uploads\/2025\/04\/klima.webp?fit=818%2C477&ssl=1&resize=350%2C200","width":350,"height":200,"srcset":"https:\/\/i0.wp.com\/www.shqiperia.com\/blog\/wp-content\/uploads\/2025\/04\/klima.webp?fit=818%2C477&ssl=1&resize=350%2C200 1x, https:\/\/i0.wp.com\/www.shqiperia.com\/blog\/wp-content\/uploads\/2025\/04\/klima.webp?fit=818%2C477&ssl=1&resize=525%2C300 1.5x, https:\/\/i0.wp.com\/www.shqiperia.com\/blog\/wp-content\/uploads\/2025\/04\/klima.webp?fit=818%2C477&ssl=1&resize=700%2C400 2x"},"classes":[]},{"id":92133,"url":"https:\/\/www.shqiperia.com\/blog\/britania-e-madhe-digjet-ne-maj-rekord-nxehtesie-ne-pranvere\/","url_meta":{"origin":99741,"position":2},"title":"Britania e Madhe digjet n\u00eb Maj, rekord nxeht\u00ebsie n\u00eb Pranver\u00eb","author":"Kurt Farka","date":"May 2, 2025","format":false,"excerpt":"2 Maji 2025 Nj\u00eb rekord i ri p\u00ebr fillimin m\u00eb t\u00eb nxeht\u00eb t\u00eb muajit maj u vendos t\u00eb enjten n\u00eb Mbret\u00ebrin\u00eb e Bashkuar, kur temperaturat arrit\u00ebn n\u00eb 29.3\u00b0C (84.7\u00b0F) n\u00eb Kew Gardens, Lond\u00ebr. Ky maksimum historik theu rekordin e m\u00ebparsh\u00ebm prej 27.4\u00b0C i vendosur n\u00eb vitin 1990 n\u00eb Lossiemouth, Skoci,\u2026","rel":"","context":"In &quot;Blogu i Udh\u00ebtarit&quot;","block_context":{"text":"Blogu i Udh\u00ebtarit","link":"https:\/\/www.shqiperia.com\/blog\/category\/blogu-i-udhetarit\/"},"img":{"alt_text":"","src":"https:\/\/i0.wp.com\/www.shqiperia.com\/blog\/wp-content\/uploads\/2025\/05\/640-0-1193f124eb525dad26fc4120cd1af5f8.jpg?fit=640%2C339&ssl=1&resize=350%2C200","width":350,"height":200,"srcset":"https:\/\/i0.wp.com\/www.shqiperia.com\/blog\/wp-content\/uploads\/2025\/05\/640-0-1193f124eb525dad26fc4120cd1af5f8.jpg?fit=640%2C339&ssl=1&resize=350%2C200 1x, https:\/\/i0.wp.com\/www.shqiperia.com\/blog\/wp-content\/uploads\/2025\/05\/640-0-1193f124eb525dad26fc4120cd1af5f8.jpg?fit=640%2C339&ssl=1&resize=525%2C300 1.5x"},"classes":[]},{"id":72757,"url":"https:\/\/www.shqiperia.com\/blog\/i-nxehti-pritet-te-pushtoje-boten-nga-temperaturat-perveluese-te-stuhia-ja-si-parashikohet-moti-per-javen-e-ardhshme\/","url_meta":{"origin":99741,"position":3},"title":"I nxehti pritet \u201ct\u00eb pushtoj\u00eb\u201d bot\u00ebn\/ Nga temperaturat p\u00ebrv\u00ebluese te stuhia, ja si parashikohet moti p\u00ebr jav\u00ebn e ardhshme","author":"Kurt Farka","date":"July 17, 2023","format":false,"excerpt":"17 Korrik 2023 Gjat\u00eb jav\u00ebs q\u00eb vjen \u00ebsht\u00eb parashikuar mot ekstrem n\u00eb t\u00eb gjith\u00eb bot\u00ebn. Lajmin e kan\u00eb b\u00ebr\u00eb t\u00eb ditur mediat e huaja, sipas t\u00eb cilave Evropa Jugore dhe Afrika Veriore do t\u00eb \u201cpushtohen\u201d nga moti i nxeht\u00eb. Temperaturat n\u00eb k\u00ebto vende do t\u00eb arrijn\u00eb kulmin rreth 45 grad\u00eb\u2026","rel":"","context":"In &quot;Blogu i Udh\u00ebtarit&quot;","block_context":{"text":"Blogu i Udh\u00ebtarit","link":"https:\/\/www.shqiperia.com\/blog\/category\/blogu-i-udhetarit\/"},"img":{"alt_text":"","src":"https:\/\/i0.wp.com\/www.shqiperia.com\/blog\/wp-content\/uploads\/2023\/07\/800-0-e4b91c8a4d8267b8df6d4d8dfa70386e.jpg?fit=800%2C533&ssl=1&resize=350%2C200","width":350,"height":200,"srcset":"https:\/\/i0.wp.com\/www.shqiperia.com\/blog\/wp-content\/uploads\/2023\/07\/800-0-e4b91c8a4d8267b8df6d4d8dfa70386e.jpg?fit=800%2C533&ssl=1&resize=350%2C200 1x, https:\/\/i0.wp.com\/www.shqiperia.com\/blog\/wp-content\/uploads\/2023\/07\/800-0-e4b91c8a4d8267b8df6d4d8dfa70386e.jpg?fit=800%2C533&ssl=1&resize=525%2C300 1.5x, https:\/\/i0.wp.com\/www.shqiperia.com\/blog\/wp-content\/uploads\/2023\/07\/800-0-e4b91c8a4d8267b8df6d4d8dfa70386e.jpg?fit=800%2C533&ssl=1&resize=700%2C400 2x"},"classes":[]},{"id":89005,"url":"https:\/\/www.shqiperia.com\/blog\/shkrirja-e-akujve-po-ecen-me-ritem-te-shpejte-rriten-temperaturat-ne-polin-e-veriut-me-20-grade-celsius-mbi-mesataren\/","url_meta":{"origin":99741,"position":4},"title":"Shkrirja e akujve po ec\u00ebn me rit\u00ebm t\u00eb shpejt\u00eb, rriten temperaturat n\u00eb Polin e Veriut me 20 grad\u00eb Celsius mbi mesataren","author":"Kurt Farka","date":"February 4, 2025","format":false,"excerpt":"4 Shkurt 2025 Temperaturat n\u00eb polin verior u rrit\u00ebn m\u00eb shum\u00eb se 20 grad\u00eb Celsius mbi mesataren t\u00eb diel\u00ebn, duke kap\u00ebrcyer pragun e shkrirjes s\u00eb akullit. Temperaturat n\u00eb veri t\u00eb Svalbard n\u00eb Norvegji ishin rritur tashm\u00eb n\u00eb 18 grad\u00eb Celsius m\u00eb t\u00eb nxehta se mesatarja, sipas modeleve nga agjencit\u00eb e\u2026","rel":"","context":"In &quot;Blogu i Udh\u00ebtarit&quot;","block_context":{"text":"Blogu i Udh\u00ebtarit","link":"https:\/\/www.shqiperia.com\/blog\/category\/blogu-i-udhetarit\/"},"img":{"alt_text":"","src":"https:\/\/i0.wp.com\/www.shqiperia.com\/blog\/wp-content\/uploads\/2025\/02\/800-0-0e4fd4a6aaec1d667d6dce9ab91bc3d5.webp?fit=800%2C472&ssl=1&resize=350%2C200","width":350,"height":200,"srcset":"https:\/\/i0.wp.com\/www.shqiperia.com\/blog\/wp-content\/uploads\/2025\/02\/800-0-0e4fd4a6aaec1d667d6dce9ab91bc3d5.webp?fit=800%2C472&ssl=1&resize=350%2C200 1x, https:\/\/i0.wp.com\/www.shqiperia.com\/blog\/wp-content\/uploads\/2025\/02\/800-0-0e4fd4a6aaec1d667d6dce9ab91bc3d5.webp?fit=800%2C472&ssl=1&resize=525%2C300 1.5x, https:\/\/i0.wp.com\/www.shqiperia.com\/blog\/wp-content\/uploads\/2025\/02\/800-0-0e4fd4a6aaec1d667d6dce9ab91bc3d5.webp?fit=800%2C472&ssl=1&resize=700%2C400 2x"},"classes":[]},{"id":77933,"url":"https:\/\/www.shqiperia.com\/blog\/plazh-ne-mes-te-dimrit-ne-palermo\/","url_meta":{"origin":99741,"position":5},"title":"Plazh n\u00eb mes t\u00eb dimrit n\u00eb Palermo","author":"Kurt Farka","date":"February 4, 2024","format":false,"excerpt":"4 Shkurt 2024 Me temperatura t\u00eb ngjashme me pranver\u00ebn, banor\u00ebt e qytetit sicilian t\u00eb Palermos shijuan nj\u00eb dit\u00eb me diell dhe detin. Disa e shfryt\u00ebzuan at\u00eb p\u00ebr t\u00eb konsumuar di\u00e7ka buz\u00eb detit, nd\u00ebrsa t\u00eb tjer\u00eb duke praktikuar sporte ujore. \u201cNdihet mir\u00eb, \u00ebsht\u00eb pak shqet\u00ebsuese, sepse vitin e kaluar n\u00eb fakt\u2026","rel":"","context":"In &quot;Blogu i Udh\u00ebtarit&quot;","block_context":{"text":"Blogu i Udh\u00ebtarit","link":"https:\/\/www.shqiperia.com\/blog\/category\/blogu-i-udhetarit\/"},"img":{"alt_text":"","src":"https:\/\/i0.wp.com\/www.shqiperia.com\/blog\/wp-content\/uploads\/2024\/02\/plazh-palermo-1024x576-1.jpg?fit=1010%2C576&ssl=1&resize=350%2C200","width":350,"height":200,"srcset":"https:\/\/i0.wp.com\/www.shqiperia.com\/blog\/wp-content\/uploads\/2024\/02\/plazh-palermo-1024x576-1.jpg?fit=1010%2C576&ssl=1&resize=350%2C200 1x, https:\/\/i0.wp.com\/www.shqiperia.com\/blog\/wp-content\/uploads\/2024\/02\/plazh-palermo-1024x576-1.jpg?fit=1010%2C576&ssl=1&resize=525%2C300 1.5x, https:\/\/i0.wp.com\/www.shqiperia.com\/blog\/wp-content\/uploads\/2024\/02\/plazh-palermo-1024x576-1.jpg?fit=1010%2C576&ssl=1&resize=700%2C400 2x"},"classes":[]}],"_links":{"self":[{"href":"https:\/\/www.shqiperia.com\/blog\/wp-json\/wp\/v2\/posts\/99741","targetHints":{"allow":["GET"]}}],"collection":[{"href":"https:\/\/www.shqiperia.com\/blog\/wp-json\/wp\/v2\/posts"}],"about":[{"href":"https:\/\/www.shqiperia.com\/blog\/wp-json\/wp\/v2\/types\/post"}],"author":[{"embeddable":true,"href":"https:\/\/www.shqiperia.com\/blog\/wp-json\/wp\/v2\/users\/9"}],"replies":[{"embeddable":true,"href":"https:\/\/www.shqiperia.com\/blog\/wp-json\/wp\/v2\/comments?post=99741"}],"version-history":[{"count":1,"href":"https:\/\/www.shqiperia.com\/blog\/wp-json\/wp\/v2\/posts\/99741\/revisions"}],"predecessor-version":[{"id":99743,"href":"https:\/\/www.shqiperia.com\/blog\/wp-json\/wp\/v2\/posts\/99741\/revisions\/99743"}],"wp:featuredmedia":[{"embeddable":true,"href":"https:\/\/www.shqiperia.com\/blog\/wp-json\/wp\/v2\/media\/99742"}],"wp:attachment":[{"href":"https:\/\/www.shqiperia.com\/blog\/wp-json\/wp\/v2\/media?parent=99741"}],"wp:term":[{"taxonomy":"category","embeddable":true,"href":"https:\/\/www.shqiperia.com\/blog\/wp-json\/wp\/v2\/categories?post=99741"},{"taxonomy":"post_tag","embeddable":true,"href":"https:\/\/www.shqiperia.com\/blog\/wp-json\/wp\/v2\/tags?post=99741"}],"curies":[{"name":"wp","href":"https:\/\/api.w.org\/{rel}","templated":true}]}}