{"id":99738,"date":"2026-04-29T21:48:25","date_gmt":"2026-04-29T21:48:25","guid":{"rendered":"https:\/\/www.shqiperia.com\/blog\/?p=99738"},"modified":"2026-04-29T21:48:25","modified_gmt":"2026-04-29T21:48:25","slug":"syri-i-saharase-nuk-eshte-krater-meteori-zbulimi-i-ri-i-nasa-s-tregon-origjinen-e-vertete","status":"publish","type":"post","link":"https:\/\/www.shqiperia.com\/blog\/syri-i-saharase-nuk-eshte-krater-meteori-zbulimi-i-ri-i-nasa-s-tregon-origjinen-e-vertete\/","title":{"rendered":"\u201cSyri i Saharas\u00eb\u201d nuk \u00ebsht\u00eb krater meteori, zbulimi i ri i NASA-s tregon origjin\u00ebn e v\u00ebrtet\u00eb"},"content":{"rendered":"<p><img data-recalc-dims=\"1\" loading=\"lazy\" decoding=\"async\" data-attachment-id=\"99739\" data-permalink=\"https:\/\/www.shqiperia.com\/blog\/syri-i-saharase-nuk-eshte-krater-meteori-zbulimi-i-ri-i-nasa-s-tregon-origjinen-e-vertete\/mati-saxara-mkt\/\" data-orig-file=\"https:\/\/i0.wp.com\/www.shqiperia.com\/blog\/wp-content\/uploads\/2026\/04\/mati-saxara-mkt.jpg?fit=1360%2C706&amp;ssl=1\" data-orig-size=\"1360,706\" data-comments-opened=\"1\" data-image-meta=\"{&quot;aperture&quot;:&quot;0&quot;,&quot;credit&quot;:&quot;&quot;,&quot;camera&quot;:&quot;&quot;,&quot;caption&quot;:&quot;&quot;,&quot;created_timestamp&quot;:&quot;0&quot;,&quot;copyright&quot;:&quot;&quot;,&quot;focal_length&quot;:&quot;0&quot;,&quot;iso&quot;:&quot;0&quot;,&quot;shutter_speed&quot;:&quot;0&quot;,&quot;title&quot;:&quot;&quot;,&quot;orientation&quot;:&quot;0&quot;}\" data-image-title=\"mati-saxara-mkt\" data-image-description=\"\" data-image-caption=\"\" data-medium-file=\"https:\/\/i0.wp.com\/www.shqiperia.com\/blog\/wp-content\/uploads\/2026\/04\/mati-saxara-mkt.jpg?fit=300%2C156&amp;ssl=1\" data-large-file=\"https:\/\/i0.wp.com\/www.shqiperia.com\/blog\/wp-content\/uploads\/2026\/04\/mati-saxara-mkt.jpg?fit=1024%2C532&amp;ssl=1\" class=\"alignnone  wp-image-99739\" alt=\"\" src=\"https:\/\/i0.wp.com\/www.shqiperia.com\/blog\/wp-content\/uploads\/2026\/04\/mati-saxara-mkt.jpg?resize=738%2C384&#038;ssl=1\" width=\"738\" height=\"384\" srcset=\"https:\/\/i0.wp.com\/www.shqiperia.com\/blog\/wp-content\/uploads\/2026\/04\/mati-saxara-mkt.jpg?resize=300%2C156&amp;ssl=1 300w, https:\/\/i0.wp.com\/www.shqiperia.com\/blog\/wp-content\/uploads\/2026\/04\/mati-saxara-mkt.jpg?resize=1024%2C532&amp;ssl=1 1024w, https:\/\/i0.wp.com\/www.shqiperia.com\/blog\/wp-content\/uploads\/2026\/04\/mati-saxara-mkt.jpg?resize=768%2C399&amp;ssl=1 768w, https:\/\/i0.wp.com\/www.shqiperia.com\/blog\/wp-content\/uploads\/2026\/04\/mati-saxara-mkt.jpg?resize=450%2C234&amp;ssl=1 450w, https:\/\/i0.wp.com\/www.shqiperia.com\/blog\/wp-content\/uploads\/2026\/04\/mati-saxara-mkt.jpg?resize=600%2C311&amp;ssl=1 600w, https:\/\/i0.wp.com\/www.shqiperia.com\/blog\/wp-content\/uploads\/2026\/04\/mati-saxara-mkt.jpg?resize=1300%2C675&amp;ssl=1 1300w, https:\/\/i0.wp.com\/www.shqiperia.com\/blog\/wp-content\/uploads\/2026\/04\/mati-saxara-mkt.jpg?resize=400%2C208&amp;ssl=1 400w, https:\/\/i0.wp.com\/www.shqiperia.com\/blog\/wp-content\/uploads\/2026\/04\/mati-saxara-mkt.jpg?w=1360&amp;ssl=1 1360w\" sizes=\"auto, (max-width: 738px) 100vw, 738px\" \/><\/p>\n<p>29 Prill 2026<\/p>\n<p>Nj\u00eb nga formacionet m\u00eb misterioze n\u00eb planet, i njohur si \u201cSyri i Saharas\u00eb\u201d, ka rikthyer v\u00ebmendjen e shkenc\u00ebtar\u00ebve pas nj\u00eb analize t\u00eb re nga NASA Earth Observatory, e cila hedh posht\u00eb teorin\u00eb e vjet\u00ebr se ai \u00ebsht\u00eb krijuar nga nj\u00eb p\u00ebrplasje meteori.<\/p>\n<p>I vendosur n\u00eb Mauritania, formacioni i njohur shkenc\u00ebrisht si Richat Structure paraqitet si nj\u00eb struktur\u00eb gjigante rrethore me diamet\u00ebr rreth 40 kilometra. Nga hap\u00ebsira, ai duket si nj\u00eb \u201csy\u201d i madh i gdhendur n\u00eb shkret\u00ebtir\u00eb, duke u kthyer n\u00eb nj\u00eb pik\u00eb orientimi p\u00ebr astronaut\u00ebt q\u00eb kalojn\u00eb mbi Sahara Desert. Sipas studimit, struktura nuk \u00ebsht\u00eb krater impakti, por nj\u00eb kupol\u00eb gjeologjike e ngritur (antiklinal), e cila \u00ebsht\u00eb formuar nga proceset natyrore t\u00eb Tok\u00ebs. Me kalimin e miliona viteve, shtresat e shk\u00ebmbinjve jan\u00eb ngritur dhe m\u00eb pas jan\u00eb g\u00ebrryer gradualisht, duke krijuar unazat koncentrike karakteristike.<\/p>\n<p>Nj\u00eb element ky\u00e7 n\u00eb formimin e saj \u00ebsht\u00eb i ashtuquajturi erozion diferencial \u2013 proces ku lloje t\u00eb ndryshme shk\u00ebmbinjsh konsumohen me ritme t\u00eb ndryshme. Si rezultat, disa shtresa m\u00eb rezistente mbeten n\u00eb form\u00eb kreshtash rrethore, nd\u00ebrsa t\u00eb tjerat zhduken. Fotot e analiz\u00ebs jan\u00eb marr\u00eb nga International Space Station, ku \u201cSyri\u201d bie menj\u00ebher\u00eb n\u00eb sy mes uniformitetit t\u00eb shkret\u00ebtir\u00ebs. Imazhi i fundit \u00ebsht\u00eb realizuar n\u00eb vitin 2020 me nj\u00eb aparat Nikon D5 dhe \u00ebsht\u00eb p\u00ebrpunuar p\u00ebr t\u00eb nxjerr\u00eb n\u00eb pah detajet e struktur\u00ebs.<\/p>\n<p>P\u00ebrtej aspektit vizual, studimi thekson edhe rolin global t\u00eb Saharas\u00eb. \u00c7do vit, sipas t\u00eb dh\u00ebnave t\u00eb NASA, rreth 182 milion\u00eb ton pluhur ngrihen n\u00eb atmosfer\u00eb nga kjo shkret\u00ebtir\u00eb. Nj\u00eb pjes\u00eb e konsiderueshme e k\u00ebtij pluhuri arrin deri n\u00eb Amazon\u00eb, duke furnizuar tok\u00ebn me l\u00ebnd\u00eb ushqyese si fosfori. Nd\u00ebrkoh\u00eb, NOAA p\u00ebrshkruan fenomenin e \u201cShtres\u00ebs s\u00eb Ajrit Saharian\u201d, nj\u00eb mas\u00eb ajri e that\u00eb dhe e pasur me pluhur q\u00eb udh\u00ebton mij\u00ebra kilometra dhe ndikon n\u00eb motin global, p\u00ebrfshir\u00eb zhvillimin e stuhive tropikale. Zbulimi i ri e kthen Struktur\u00ebn Richat n\u00eb nj\u00eb shembull t\u00eb qart\u00eb se si natyra mund t\u00eb krijoj\u00eb forma spektakolare pa nd\u00ebrhyrje t\u00eb jashtme, duke d\u00ebshmuar se edhe peizazhet m\u00eb t\u00eb ashpra jan\u00eb pjes\u00eb e nj\u00eb sistemi dinamik q\u00eb ndikon n\u00eb gjith\u00eb planetin.<\/p>\n","protected":false},"excerpt":{"rendered":"<p>29 Prill 2026 Nj\u00eb nga formacionet m\u00eb misterioze n\u00eb planet, i njohur si \u201cSyri i Saharas\u00eb\u201d, ka rikthyer v\u00ebmendjen e shkenc\u00ebtar\u00ebve pas nj\u00eb analize t\u00eb re nga NASA Earth Observatory, e cila hedh posht\u00eb teorin\u00eb e vjet\u00ebr se ai \u00ebsht\u00eb krijuar nga nj\u00eb p\u00ebrplasje meteori. I vendosur n\u00eb Mauritania, formacioni i njohur shkenc\u00ebrisht si Richat [&hellip;]<\/p>\n","protected":false},"author":9,"featured_media":99739,"comment_status":"open","ping_status":"open","sticky":false,"template":"","format":"standard","meta":{"jetpack_post_was_ever_published":false,"_jetpack_newsletter_access":"","_jetpack_dont_email_post_to_subs":false,"_jetpack_newsletter_tier_id":0,"_jetpack_memberships_contains_paywalled_content":false,"_jetpack_memberships_contains_paid_content":false,"footnotes":"","jetpack_publicize_message":"","jetpack_publicize_feature_enabled":true,"jetpack_social_post_already_shared":true,"jetpack_social_options":{"image_generator_settings":{"template":"highway","default_image_id":0,"font":"","enabled":false},"version":2}},"categories":[27,14],"tags":[],"class_list":["post-99738","post","type-post","status-publish","format-standard","has-post-thumbnail","hentry","category-blogu-i-udhetarit","category-press-releases"],"jetpack_publicize_connections":[],"jetpack_featured_media_url":"https:\/\/i0.wp.com\/www.shqiperia.com\/blog\/wp-content\/uploads\/2026\/04\/mati-saxara-mkt.jpg?fit=1360%2C706&ssl=1","jetpack_sharing_enabled":true,"jetpack_shortlink":"https:\/\/wp.me\/p5Z6wp-pWG","jetpack-related-posts":[{"id":73921,"url":"https:\/\/www.shqiperia.com\/blog\/kuriozitet-ka-moshen-e-sistemit-diellor-gjendet-ne-sahara-meteori-me-i-vjeter-qe-ka-mberritur-ne-toke-nga-hapesira\/","url_meta":{"origin":99738,"position":0},"title":"KURIOZITET: &#8211; Ka mosh\u00ebn e sistemit diellor, gjendet n\u00eb Sahara meteori m\u00eb i vjet\u00ebr q\u00eb ka mb\u00ebrritur n\u00eb Tok\u00eb nga hap\u00ebsira","author":"Kurt Farka","date":"September 3, 2023","format":false,"excerpt":"3 Shtator 2023 Meteoritet kan\u00eb t\u00ebrhequr gjithmon\u00eb v\u00ebmendjen e qenies njer\u00ebzore. Edhe pse ato jan\u00eb t\u00eb ngjashme me asteroid\u00ebt dhe kometat, e v\u00ebrteta \u00ebsht\u00eb se ka dallime. Meteorit\u00ebt jan\u00eb ata shk\u00ebmbinj t\u00eb madh\u00ebsive t\u00eb ndryshme q\u00eb bien n\u00eb sip\u00ebrfaqen e tok\u00ebs. Po, \u00ebsht\u00eb e v\u00ebrtet\u00eb q\u00eb kemi frik\u00eb se me\u2026","rel":"","context":"In &quot;Blogu i Udh\u00ebtarit&quot;","block_context":{"text":"Blogu i Udh\u00ebtarit","link":"https:\/\/www.shqiperia.com\/blog\/category\/blogu-i-udhetarit\/"},"img":{"alt_text":"","src":"https:\/\/i0.wp.com\/www.shqiperia.com\/blog\/wp-content\/uploads\/2023\/09\/meteoriti-768x584-1.jpg?fit=768%2C584&ssl=1&resize=350%2C200","width":350,"height":200,"srcset":"https:\/\/i0.wp.com\/www.shqiperia.com\/blog\/wp-content\/uploads\/2023\/09\/meteoriti-768x584-1.jpg?fit=768%2C584&ssl=1&resize=350%2C200 1x, https:\/\/i0.wp.com\/www.shqiperia.com\/blog\/wp-content\/uploads\/2023\/09\/meteoriti-768x584-1.jpg?fit=768%2C584&ssl=1&resize=525%2C300 1.5x, https:\/\/i0.wp.com\/www.shqiperia.com\/blog\/wp-content\/uploads\/2023\/09\/meteoriti-768x584-1.jpg?fit=768%2C584&ssl=1&resize=700%2C400 2x"},"classes":[]},{"id":73380,"url":"https:\/\/www.shqiperia.com\/blog\/zbulohet-ne-zvicer-nje-arme-3000-vjecare-e-bere-nga-meteori\/","url_meta":{"origin":99738,"position":1},"title":"Zbulohet n\u00eb Zvic\u00ebr nj\u00eb arm\u00eb 3000-vje\u00e7are e b\u00ebr\u00eb nga meteori","author":"Kurt Farka","date":"August 7, 2023","format":false,"excerpt":"7 Gusht 2023 Nj\u00eb arm\u00eb e lasht\u00eb e zbuluar n\u00eb Zvic\u00ebr \u00ebsht\u00eb krijuar nga nj\u00eb meteorit, ka treguar nj\u00eb studim i ri. \u201c\u00cbsht\u00eb identifikuar nj\u00eb objekt i vet\u00ebm i b\u00ebr\u00eb nga hekuri meteoritik,\u201d\u00a0shkruajn\u00eb studiuesit n\u00eb studimin e botuar n\u00eb\u00a0Journal of Archaeological Science. Maja e shigjet\u00ebs \u00ebsht\u00eb nga epoka e bronzit\u2026","rel":"","context":"In &quot;Histori&quot;","block_context":{"text":"Histori","link":"https:\/\/www.shqiperia.com\/blog\/category\/histori\/"},"img":{"alt_text":"","src":"https:\/\/i0.wp.com\/www.shqiperia.com\/blog\/wp-content\/uploads\/2023\/08\/640-0-d9c94f44756cfbc27811ba38b19fe3bf.jpg?fit=640%2C360&ssl=1&resize=350%2C200","width":350,"height":200,"srcset":"https:\/\/i0.wp.com\/www.shqiperia.com\/blog\/wp-content\/uploads\/2023\/08\/640-0-d9c94f44756cfbc27811ba38b19fe3bf.jpg?fit=640%2C360&ssl=1&resize=350%2C200 1x, https:\/\/i0.wp.com\/www.shqiperia.com\/blog\/wp-content\/uploads\/2023\/08\/640-0-d9c94f44756cfbc27811ba38b19fe3bf.jpg?fit=640%2C360&ssl=1&resize=525%2C300 1.5x"},"classes":[]},{"id":80887,"url":"https:\/\/www.shqiperia.com\/blog\/porta-e-nentokes-nje-krater-i-madh-ne-siberi-po-behet-me-i-madh\/","url_meta":{"origin":99738,"position":2},"title":"&#8220;Porta e n\u00ebntok\u00ebs&#8221; &#8211; Nj\u00eb krater i madh n\u00eb Siberi po b\u00ebhet m\u00eb i madh","author":"Kurt Farka","date":"May 10, 2024","format":false,"excerpt":"10 Maji 2024 Nj\u00eb studim i ri ka zbuluar se \u201cPorta p\u00ebr n\u00eb n\u00ebntok\u00ebn\u201d e Siberis\u00eb, nj\u00eb krater i madh n\u00eb permafrost, po zgjerohet me rreth nj\u00eb milion metra kub \u00e7do vit nd\u00ebrsa akulli shkrihet ngadal\u00eb. Krateri, i njohur si Batagayka, u pa p\u00ebr her\u00eb t\u00eb par\u00eb n\u00eb vitin 1991\u2026","rel":"","context":"In &quot;Blogu i Udh\u00ebtarit&quot;","block_context":{"text":"Blogu i Udh\u00ebtarit","link":"https:\/\/www.shqiperia.com\/blog\/category\/blogu-i-udhetarit\/"},"img":{"alt_text":"","src":"https:\/\/i0.wp.com\/www.shqiperia.com\/blog\/wp-content\/uploads\/2024\/05\/640-0-ff3792defcb6cac96186b7a2cecb3e3a.jpg?fit=640%2C367&ssl=1&resize=350%2C200","width":350,"height":200,"srcset":"https:\/\/i0.wp.com\/www.shqiperia.com\/blog\/wp-content\/uploads\/2024\/05\/640-0-ff3792defcb6cac96186b7a2cecb3e3a.jpg?fit=640%2C367&ssl=1&resize=350%2C200 1x, https:\/\/i0.wp.com\/www.shqiperia.com\/blog\/wp-content\/uploads\/2024\/05\/640-0-ff3792defcb6cac96186b7a2cecb3e3a.jpg?fit=640%2C367&ssl=1&resize=525%2C300 1.5x"},"classes":[]},{"id":57655,"url":"https:\/\/www.shqiperia.com\/blog\/zbulohen-gjurmet-e-nje-krateri-36-milione-vjet-me-pare-te-formuar-ne-temperature-2300-grade\/","url_meta":{"origin":99738,"position":3},"title":"Zbulohen gjurm\u00ebt e nj\u00eb krateri 36 milion\u00eb vjet m\u00eb par\u00eb t\u00eb formuar n\u00eb temperatur\u00eb 2300 grad\u00eb","author":"Kurt Farka","date":"May 7, 2022","format":false,"excerpt":"Zbulohen gjurm\u00ebt e nj\u00eb krateri 36 milion\u00eb vjet m\u00eb par\u00eb t\u00eb formuar n\u00eb temperatur\u00eb 2300 grad\u00eb 4 Maji 2022 Zbulohen gjurm\u00ebt e nj\u00eb krateri 36 milion\u00eb vjet m\u00eb par\u00eb t\u00eb formuar n\u00eb temperatur\u00eb 2300 grad\u00eb Nj\u00eb cop\u00eb qelqi i zi sa nj\u00eb grusht, i zbuluar n\u00eb vitin 2011 n\u00eb nj\u00eb\u2026","rel":"","context":"In &quot;Blogu i Udh\u00ebtarit&quot;","block_context":{"text":"Blogu i Udh\u00ebtarit","link":"https:\/\/www.shqiperia.com\/blog\/category\/blogu-i-udhetarit\/"},"img":{"alt_text":"","src":"https:\/\/i0.wp.com\/www.shqiperia.com\/blog\/wp-content\/uploads\/2022\/05\/Zbulohen-gjurmet-e-nje-krateri-36-milione-vjet-me-pare-te-formuar-ne-temperature-2300-grade.jpg?fit=905%2C450&ssl=1&resize=350%2C200","width":350,"height":200,"srcset":"https:\/\/i0.wp.com\/www.shqiperia.com\/blog\/wp-content\/uploads\/2022\/05\/Zbulohen-gjurmet-e-nje-krateri-36-milione-vjet-me-pare-te-formuar-ne-temperature-2300-grade.jpg?fit=905%2C450&ssl=1&resize=350%2C200 1x, https:\/\/i0.wp.com\/www.shqiperia.com\/blog\/wp-content\/uploads\/2022\/05\/Zbulohen-gjurmet-e-nje-krateri-36-milione-vjet-me-pare-te-formuar-ne-temperature-2300-grade.jpg?fit=905%2C450&ssl=1&resize=525%2C300 1.5x, https:\/\/i0.wp.com\/www.shqiperia.com\/blog\/wp-content\/uploads\/2022\/05\/Zbulohen-gjurmet-e-nje-krateri-36-milione-vjet-me-pare-te-formuar-ne-temperature-2300-grade.jpg?fit=905%2C450&ssl=1&resize=700%2C400 2x"},"classes":[]},{"id":59557,"url":"https:\/\/www.shqiperia.com\/blog\/nje-anije-kozmike-enigme-e-paidentifikuar-rrezohet-ne-hene\/","url_meta":{"origin":99738,"position":4},"title":"Nj\u00eb anije kozmike enigme (e paidentifikuar) rr\u00ebzohet n\u00eb H\u00ebn\u00eb.","author":"Kurt Farka","date":"June 30, 2022","format":false,"excerpt":"29 Qershor 2022 Imazhet u p\u00ebrdor\u00ebn nga teoricien\u00ebt e konspiracionit, duke th\u00ebn\u00eb se kjo \u00ebsht\u00eb prov\u00eb e nj\u00eb aktiviteti t\u00eb UFO-ve. NASA ka shp\u00ebrndar\u00eb imazhet e nj\u00eb anije kozmike t\u00eb paidentifikuar q\u00eb u rr\u00ebzua n\u00eb H\u00ebn\u00eb. Pamjet zbulojn\u00eb se p\u00ebrplasja la nj\u00eb krater t\u00eb pazakont\u00eb n\u00eb an\u00ebn e larg\u00ebt t\u00eb\u2026","rel":"","context":"In &quot;Kultura&quot;","block_context":{"text":"Kultura","link":"https:\/\/www.shqiperia.com\/blog\/category\/kultura\/"},"img":{"alt_text":"","src":"https:\/\/i0.wp.com\/www.shqiperia.com\/blog\/wp-content\/uploads\/2022\/06\/Nje-anije-kozmike-e-paidentifikuar-rrezohet-ne-Hene.jpg?fit=640%2C346&ssl=1&resize=350%2C200","width":350,"height":200,"srcset":"https:\/\/i0.wp.com\/www.shqiperia.com\/blog\/wp-content\/uploads\/2022\/06\/Nje-anije-kozmike-e-paidentifikuar-rrezohet-ne-Hene.jpg?fit=640%2C346&ssl=1&resize=350%2C200 1x, https:\/\/i0.wp.com\/www.shqiperia.com\/blog\/wp-content\/uploads\/2022\/06\/Nje-anije-kozmike-e-paidentifikuar-rrezohet-ne-Hene.jpg?fit=640%2C346&ssl=1&resize=525%2C300 1.5x"},"classes":[]},{"id":87708,"url":"https:\/\/www.shqiperia.com\/blog\/popujt-misterioze-qe-jetuan-dikur-ne-saharane-e-gjelber\/","url_meta":{"origin":99738,"position":5},"title":"Popujt misterioz\u00eb q\u00eb jetuan dikur n\u00eb Saharan\u00eb e Gjelb\u00ebr","author":"Kurt Farka","date":"December 22, 2024","format":false,"excerpt":"21 Dhjetor 2024 Sot Saharaja \u00ebsht\u00eb nj\u00eb vend i shkretuar,q\u00ebp\u00ebr mij\u00ebra vjet ka qen\u00eb nj\u00eb penges\u00eb e pakalueshme q\u00eb ndan njer\u00ebzit, kafsh\u00ebt, madje edhe bim\u00ebt. Por nuk ka qen\u00eb gjithnj\u00eb k\u00ebshtu. Shkret\u00ebtira e Saharas\u00eb ishte dikur nj\u00eb zon\u00eb e gjelb\u00ebr dhe e harlisur me bim\u00ebsi, me liqene me uj\u00ebra t\u00eb\u2026","rel":"","context":"In &quot;Blogu i Udh\u00ebtarit&quot;","block_context":{"text":"Blogu i Udh\u00ebtarit","link":"https:\/\/www.shqiperia.com\/blog\/category\/blogu-i-udhetarit\/"},"img":{"alt_text":"","src":"https:\/\/i0.wp.com\/www.shqiperia.com\/blog\/wp-content\/uploads\/2024\/12\/640-0-fowhfoh-538.jpg?fit=640%2C388&ssl=1&resize=350%2C200","width":350,"height":200,"srcset":"https:\/\/i0.wp.com\/www.shqiperia.com\/blog\/wp-content\/uploads\/2024\/12\/640-0-fowhfoh-538.jpg?fit=640%2C388&ssl=1&resize=350%2C200 1x, https:\/\/i0.wp.com\/www.shqiperia.com\/blog\/wp-content\/uploads\/2024\/12\/640-0-fowhfoh-538.jpg?fit=640%2C388&ssl=1&resize=525%2C300 1.5x"},"classes":[]}],"_links":{"self":[{"href":"https:\/\/www.shqiperia.com\/blog\/wp-json\/wp\/v2\/posts\/99738","targetHints":{"allow":["GET"]}}],"collection":[{"href":"https:\/\/www.shqiperia.com\/blog\/wp-json\/wp\/v2\/posts"}],"about":[{"href":"https:\/\/www.shqiperia.com\/blog\/wp-json\/wp\/v2\/types\/post"}],"author":[{"embeddable":true,"href":"https:\/\/www.shqiperia.com\/blog\/wp-json\/wp\/v2\/users\/9"}],"replies":[{"embeddable":true,"href":"https:\/\/www.shqiperia.com\/blog\/wp-json\/wp\/v2\/comments?post=99738"}],"version-history":[{"count":1,"href":"https:\/\/www.shqiperia.com\/blog\/wp-json\/wp\/v2\/posts\/99738\/revisions"}],"predecessor-version":[{"id":99740,"href":"https:\/\/www.shqiperia.com\/blog\/wp-json\/wp\/v2\/posts\/99738\/revisions\/99740"}],"wp:featuredmedia":[{"embeddable":true,"href":"https:\/\/www.shqiperia.com\/blog\/wp-json\/wp\/v2\/media\/99739"}],"wp:attachment":[{"href":"https:\/\/www.shqiperia.com\/blog\/wp-json\/wp\/v2\/media?parent=99738"}],"wp:term":[{"taxonomy":"category","embeddable":true,"href":"https:\/\/www.shqiperia.com\/blog\/wp-json\/wp\/v2\/categories?post=99738"},{"taxonomy":"post_tag","embeddable":true,"href":"https:\/\/www.shqiperia.com\/blog\/wp-json\/wp\/v2\/tags?post=99738"}],"curies":[{"name":"wp","href":"https:\/\/api.w.org\/{rel}","templated":true}]}}