{"id":99735,"date":"2026-04-29T21:41:24","date_gmt":"2026-04-29T21:41:24","guid":{"rendered":"https:\/\/www.shqiperia.com\/blog\/?p=99735"},"modified":"2026-04-29T21:41:24","modified_gmt":"2026-04-29T21:41:24","slug":"trump-dhe-putin-zhvillojne-bisede-telefonike-per-mbi-1-ore-e-gjysme-zbardhen-diskutimet-rusia-propozon-armepushim-ne-ukraine-me-9-maj","status":"publish","type":"post","link":"https:\/\/www.shqiperia.com\/blog\/trump-dhe-putin-zhvillojne-bisede-telefonike-per-mbi-1-ore-e-gjysme-zbardhen-diskutimet-rusia-propozon-armepushim-ne-ukraine-me-9-maj\/","title":{"rendered":"Trump dhe Putin zhvillojn\u00eb bised\u00eb telefonike p\u00ebr mbi 1 or\u00eb e gjysm\u00eb, zbardhen diskutimet! &#8211; Rusia propozon arm\u00ebpushim n\u00eb Ukrain\u00eb m\u00eb 9 maj"},"content":{"rendered":"<p><img data-recalc-dims=\"1\" loading=\"lazy\" decoding=\"async\" data-attachment-id=\"99736\" data-permalink=\"https:\/\/www.shqiperia.com\/blog\/trump-dhe-putin-zhvillojne-bisede-telefonike-per-mbi-1-ore-e-gjysme-zbardhen-diskutimet-rusia-propozon-armepushim-ne-ukraine-me-9-maj\/maketa-trump-putin-2-770x433\/\" data-orig-file=\"https:\/\/i0.wp.com\/www.shqiperia.com\/blog\/wp-content\/uploads\/2026\/04\/maketa-trump-putin-2-770x433-1.jpg?fit=770%2C433&amp;ssl=1\" data-orig-size=\"770,433\" data-comments-opened=\"1\" data-image-meta=\"{&quot;aperture&quot;:&quot;0&quot;,&quot;credit&quot;:&quot;&quot;,&quot;camera&quot;:&quot;&quot;,&quot;caption&quot;:&quot;&quot;,&quot;created_timestamp&quot;:&quot;0&quot;,&quot;copyright&quot;:&quot;&quot;,&quot;focal_length&quot;:&quot;0&quot;,&quot;iso&quot;:&quot;0&quot;,&quot;shutter_speed&quot;:&quot;0&quot;,&quot;title&quot;:&quot;&quot;,&quot;orientation&quot;:&quot;0&quot;}\" data-image-title=\"maketa-trump-putin-2-770&#215;433\" data-image-description=\"\" data-image-caption=\"\" data-medium-file=\"https:\/\/i0.wp.com\/www.shqiperia.com\/blog\/wp-content\/uploads\/2026\/04\/maketa-trump-putin-2-770x433-1.jpg?fit=300%2C169&amp;ssl=1\" data-large-file=\"https:\/\/i0.wp.com\/www.shqiperia.com\/blog\/wp-content\/uploads\/2026\/04\/maketa-trump-putin-2-770x433-1.jpg?fit=770%2C433&amp;ssl=1\" class=\"alignnone  wp-image-99736\" alt=\"\" src=\"https:\/\/i0.wp.com\/www.shqiperia.com\/blog\/wp-content\/uploads\/2026\/04\/maketa-trump-putin-2-770x433-1.jpg?resize=691%2C389&#038;ssl=1\" width=\"691\" height=\"389\" srcset=\"https:\/\/i0.wp.com\/www.shqiperia.com\/blog\/wp-content\/uploads\/2026\/04\/maketa-trump-putin-2-770x433-1.jpg?resize=300%2C169&amp;ssl=1 300w, https:\/\/i0.wp.com\/www.shqiperia.com\/blog\/wp-content\/uploads\/2026\/04\/maketa-trump-putin-2-770x433-1.jpg?resize=768%2C432&amp;ssl=1 768w, https:\/\/i0.wp.com\/www.shqiperia.com\/blog\/wp-content\/uploads\/2026\/04\/maketa-trump-putin-2-770x433-1.jpg?resize=450%2C253&amp;ssl=1 450w, https:\/\/i0.wp.com\/www.shqiperia.com\/blog\/wp-content\/uploads\/2026\/04\/maketa-trump-putin-2-770x433-1.jpg?resize=600%2C337&amp;ssl=1 600w, https:\/\/i0.wp.com\/www.shqiperia.com\/blog\/wp-content\/uploads\/2026\/04\/maketa-trump-putin-2-770x433-1.jpg?resize=400%2C225&amp;ssl=1 400w, https:\/\/i0.wp.com\/www.shqiperia.com\/blog\/wp-content\/uploads\/2026\/04\/maketa-trump-putin-2-770x433-1.jpg?w=770&amp;ssl=1 770w\" sizes=\"auto, (max-width: 691px) 100vw, 691px\" \/><\/p>\n<p><strong>29 Prill 2026<\/strong><\/p>\n<p><strong>Nj\u00eb bised\u00eb telefonike miq\u00ebsore dhe profesionale, q\u00eb zgjati mbi 1 or\u00eb e gjysm\u00eb, zhvilluan t\u00eb m\u00ebrkur\u00ebn presidenti amerikan Donald Trump me homologun e tij rus, Vladimir Putin.<\/strong><\/p>\n<p>Sipas njoftimit nga Kremlini, biseda u p\u00ebrqendrua n\u00eb Lindjen e Mesme, ve\u00e7an\u00ebrisht n\u00eb Iran, si dhe n\u00eb luft\u00ebn n\u00eb Ukrain\u00eb.<\/p>\n<p>N\u00eb lidhje me Iranin, presidenti rus paraqiti ide p\u00ebr programin b\u00ebrthamor t\u00eb vendit dhe shprehu mb\u00ebshtetjen e tij p\u00ebr vendimin e Trump p\u00ebr t\u00eb zgjatur arm\u00ebpushimin me Iranin.<\/p>\n<p>Megjithat\u00eb, Putin paralajm\u00ebroi homologun amerikan se parashikon \u201cpasoja jasht\u00ebzakonisht shkat\u00ebrruese\u201d n\u00ebse Shtetet e Bashkuara dhe Izraeli rikthehen n\u00eb veprime ushtarake n\u00eb Lindjen e Mesme.<\/p>\n<p>Nga ana e tij, gjithmon\u00eb sipas Kremlinit, Trump beson se nj\u00eb marr\u00ebveshje p\u00ebr zgjidhjen e konfliktit n\u00eb Ukrain\u00eb \u00ebsht\u00eb af\u00ebr.<\/p>\n<p>Putin propozoi gjithashtu nj\u00eb arm\u00ebpushim n\u00eb Ukrain\u00eb me rastin e Dit\u00ebs s\u00eb Fitores, m\u00eb 9 maj, ide q\u00eb u mb\u00ebshtet nga Trump. Kujtojm\u00eb se nj\u00eb arm\u00ebpushim prej nj\u00eb dite e gjysm\u00eb\u00a0 u zbatua edhe p\u00ebr Pashk\u00ebt, m\u00eb 12 prill. Megjithat\u00eb, ai akuzoi Ukrain\u00ebn se p\u00ebrdor \u201cmetoda qart\u00ebsisht terroriste\u201d n\u00eb sulmet ndaj objektivave civile.<\/p>\n<p>Interes paraqet edhe referimi i Kremlinit p\u00ebr \u201csjelljen e qeveris\u00eb n\u00ebn Volodymyr Zelensky\u201d, ku thuhet se t\u00eb dy lider\u00ebt ndajn\u00eb q\u00ebndrime t\u00eb ngjashme mbi qasjen e Kievit, e cila sipas tyre e zgjat konfliktin.<\/p>\n<p>N\u00eb fund, Putin d\u00ebnoi ashp\u00ebr atentatin ndaj Trump, t\u00eb ndodhur t\u00eb shtun\u00ebn e kaluar.<\/p>\n","protected":false},"excerpt":{"rendered":"<p>29 Prill 2026 Nj\u00eb bised\u00eb telefonike miq\u00ebsore dhe profesionale, q\u00eb zgjati mbi 1 or\u00eb e gjysm\u00eb, zhvilluan t\u00eb m\u00ebrkur\u00ebn presidenti amerikan Donald Trump me homologun e tij rus, Vladimir Putin. Sipas njoftimit nga Kremlini, biseda u p\u00ebrqendrua n\u00eb Lindjen e Mesme, ve\u00e7an\u00ebrisht n\u00eb Iran, si dhe n\u00eb luft\u00ebn n\u00eb Ukrain\u00eb. N\u00eb lidhje me Iranin, presidenti [&hellip;]<\/p>\n","protected":false},"author":9,"featured_media":99736,"comment_status":"open","ping_status":"open","sticky":false,"template":"","format":"standard","meta":{"jetpack_post_was_ever_published":false,"_jetpack_newsletter_access":"","_jetpack_dont_email_post_to_subs":false,"_jetpack_newsletter_tier_id":0,"_jetpack_memberships_contains_paywalled_content":false,"_jetpack_memberships_contains_paid_content":false,"footnotes":"","jetpack_publicize_message":"","jetpack_publicize_feature_enabled":true,"jetpack_social_post_already_shared":true,"jetpack_social_options":{"image_generator_settings":{"template":"highway","default_image_id":0,"font":"","enabled":false},"version":2}},"categories":[27,2],"tags":[],"class_list":["post-99735","post","type-post","status-publish","format-standard","has-post-thumbnail","hentry","category-blogu-i-udhetarit","category-politika"],"jetpack_publicize_connections":[],"jetpack_featured_media_url":"https:\/\/i0.wp.com\/www.shqiperia.com\/blog\/wp-content\/uploads\/2026\/04\/maketa-trump-putin-2-770x433-1.jpg?fit=770%2C433&ssl=1","jetpack_sharing_enabled":true,"jetpack_shortlink":"https:\/\/wp.me\/p5Z6wp-pWD","jetpack-related-posts":[{"id":89565,"url":"https:\/\/www.shqiperia.com\/blog\/lufta-ne-ukraine-para-takimit-trump-putin-sekretari-amerikan-i-shtetit-bisede-telefonike-me-homologun-rus-zbardhen-diskutimet\/","url_meta":{"origin":99735,"position":0},"title":"Lufta n\u00eb Ukrain\u00eb\/ Para takimit Trump-Putin, Sekretari Amerikan i Shtetit bised\u00eb telefonike me homologun rus! Zbardhen diskutimet","author":"Kurt Farka","date":"February 16, 2025","format":false,"excerpt":"15 Shkurt 2025 Ministri i Jasht\u00ebm rus Sergei Lavrov dhe homologu i tij amerikan Marco Rubio pat\u00ebn nj\u00eb bised\u00eb telefonike t\u00eb shtun\u00ebn dhe ran\u00eb dakord p\u00ebr kontakte t\u00eb rregullta n\u00eb p\u00ebrgatitje p\u00ebr takimin mes presidentit rus Vladimir Putin dhe presidentit t\u00eb SHBA-s\u00eb, Donald Trump. Sipas Ministris\u00eb s\u00eb Jashtme ruse, komunikimi\u2026","rel":"","context":"In &quot;Blogu i Udh\u00ebtarit&quot;","block_context":{"text":"Blogu i Udh\u00ebtarit","link":"https:\/\/www.shqiperia.com\/blog\/category\/blogu-i-udhetarit\/"},"img":{"alt_text":"","src":"https:\/\/i0.wp.com\/www.shqiperia.com\/blog\/wp-content\/uploads\/2025\/02\/rubio-lavrov.jpg?fit=1123%2C631&ssl=1&resize=350%2C200","width":350,"height":200,"srcset":"https:\/\/i0.wp.com\/www.shqiperia.com\/blog\/wp-content\/uploads\/2025\/02\/rubio-lavrov.jpg?fit=1123%2C631&ssl=1&resize=350%2C200 1x, https:\/\/i0.wp.com\/www.shqiperia.com\/blog\/wp-content\/uploads\/2025\/02\/rubio-lavrov.jpg?fit=1123%2C631&ssl=1&resize=525%2C300 1.5x, https:\/\/i0.wp.com\/www.shqiperia.com\/blog\/wp-content\/uploads\/2025\/02\/rubio-lavrov.jpg?fit=1123%2C631&ssl=1&resize=700%2C400 2x, https:\/\/i0.wp.com\/www.shqiperia.com\/blog\/wp-content\/uploads\/2025\/02\/rubio-lavrov.jpg?fit=1123%2C631&ssl=1&resize=1050%2C600 3x"},"classes":[]},{"id":89303,"url":"https:\/\/www.shqiperia.com\/blog\/trump-bisede-telefonike-me-putin-presidenti-rus-nuk-deshiron-me-vdekje\/","url_meta":{"origin":99735,"position":1},"title":"Trump bised\u00eb telefonike me Putin: Presidenti rus nuk d\u00ebshiron m\u00eb vdekje","author":"Kurt Farka","date":"February 9, 2025","format":false,"excerpt":"9 Shkurt 2025 Presidenti amerikan Donald Trump\u00a0tha t\u00eb shtun\u00ebn se kishte nj\u00eb bised\u00eb telefonike me homologun e tij rus\u00a0Vladimir Putin p\u00ebr t\u00eb diskutuar p\u00ebrfundimin e luft\u00ebs n\u00eb Ukrain\u00eb. N\u00eb nj\u00eb intervist\u00eb n\u00eb bordin e Air Force One t\u00eb premten, Trump iu p\u00ebrgjigj nj\u00eb pyetjeje se sa her\u00eb kan\u00eb folur t\u00eb\u2026","rel":"","context":"In &quot;Blogu i Udh\u00ebtarit&quot;","block_context":{"text":"Blogu i Udh\u00ebtarit","link":"https:\/\/www.shqiperia.com\/blog\/category\/blogu-i-udhetarit\/"},"img":{"alt_text":"","src":"https:\/\/i0.wp.com\/www.shqiperia.com\/blog\/wp-content\/uploads\/2025\/02\/1x-1-1536x1154-1.jpg?fit=1200%2C756&ssl=1&resize=350%2C200","width":350,"height":200,"srcset":"https:\/\/i0.wp.com\/www.shqiperia.com\/blog\/wp-content\/uploads\/2025\/02\/1x-1-1536x1154-1.jpg?fit=1200%2C756&ssl=1&resize=350%2C200 1x, https:\/\/i0.wp.com\/www.shqiperia.com\/blog\/wp-content\/uploads\/2025\/02\/1x-1-1536x1154-1.jpg?fit=1200%2C756&ssl=1&resize=525%2C300 1.5x, https:\/\/i0.wp.com\/www.shqiperia.com\/blog\/wp-content\/uploads\/2025\/02\/1x-1-1536x1154-1.jpg?fit=1200%2C756&ssl=1&resize=700%2C400 2x, https:\/\/i0.wp.com\/www.shqiperia.com\/blog\/wp-content\/uploads\/2025\/02\/1x-1-1536x1154-1.jpg?fit=1200%2C756&ssl=1&resize=1050%2C600 3x"},"classes":[]},{"id":89425,"url":"https:\/\/www.shqiperia.com\/blog\/ukraina-drejt-paqes-trump-komunikon-ne-celular-me-presidentin-rus-biseda-me-putin-shume-produktive\/","url_meta":{"origin":99735,"position":2},"title":"Ukraina drejt paqes. Trump komunikon n\u00eb celular me Presidentin rus: &#8211; Biseda me Putin, shum\u00eb produktive","author":"Kurt Farka","date":"February 12, 2025","format":false,"excerpt":"12 Shkurt 2025 Presidenti amerikan Donald Trump ka zhvilluar nj\u00eb bised\u00eb telefonike me presidentin rus Vladimir Putin, e cila ka zgjatur rreth nj\u00eb or\u00eb e gjysm\u00eb. Trump e ka quajtur bised\u00ebn \u201cshum\u00eb produktive\u201d dhe ka diskutuar me Putinin p\u00ebr \u00e7\u00ebshtje t\u00eb ndryshme si Ukraina, Lindja e Mesme, energjia, inteligjenca artificiale\u2026","rel":"","context":"In &quot;Blogu i Udh\u00ebtarit&quot;","block_context":{"text":"Blogu i Udh\u00ebtarit","link":"https:\/\/www.shqiperia.com\/blog\/category\/blogu-i-udhetarit\/"},"img":{"alt_text":"","src":"https:\/\/i0.wp.com\/www.shqiperia.com\/blog\/wp-content\/uploads\/2025\/02\/trump5.jpg?fit=952%2C562&ssl=1&resize=350%2C200","width":350,"height":200,"srcset":"https:\/\/i0.wp.com\/www.shqiperia.com\/blog\/wp-content\/uploads\/2025\/02\/trump5.jpg?fit=952%2C562&ssl=1&resize=350%2C200 1x, https:\/\/i0.wp.com\/www.shqiperia.com\/blog\/wp-content\/uploads\/2025\/02\/trump5.jpg?fit=952%2C562&ssl=1&resize=525%2C300 1.5x, https:\/\/i0.wp.com\/www.shqiperia.com\/blog\/wp-content\/uploads\/2025\/02\/trump5.jpg?fit=952%2C562&ssl=1&resize=700%2C400 2x"},"classes":[]},{"id":56436,"url":"https:\/\/www.shqiperia.com\/blog\/be-i-kerkon-te-pozicionohet-vucic-zhvillon-bisede-telefonike-me-putin-refuzon-ta-braktise-rusine\/","url_meta":{"origin":99735,"position":3},"title":"BE i k\u00ebrkon t\u00eb pozicionohet, Vu\u00e7i\u00e7 zhvillon bised\u00eb telefonike me Putin, refuzon ta \u201cbraktis\u00eb\u201d Rusin\u00eb","author":"Kurt Farka","date":"April 6, 2022","format":false,"excerpt":"BE i k\u00ebrkon t\u00eb pozicionohet, Vu\u00e7i\u00e7 zhvillon bised\u00eb telefonike me Putin, refuzon ta \u201cbraktis\u00eb\u201d Rusin\u00eb 6 Prill 2022 Presidenti i Serbis\u00eb, Aleksand\u00ebr Vu\u00e7i\u00e7 pas fitores s\u00eb mandatit t\u00eb radh\u00ebs me 3 prill, k\u00ebt\u00eb t\u00eb m\u00ebrkur\u00eb po zhvillon nj\u00eb bised\u00eb telefonike me homologun e tij rus, Vladimir Putin. Mediat serbe b\u00ebjn\u00eb\u2026","rel":"","context":"In &quot;Blogu i Udh\u00ebtarit&quot;","block_context":{"text":"Blogu i Udh\u00ebtarit","link":"https:\/\/www.shqiperia.com\/blog\/category\/blogu-i-udhetarit\/"},"img":{"alt_text":"","src":"https:\/\/i0.wp.com\/www.shqiperia.com\/blog\/wp-content\/uploads\/2022\/04\/vucic-putin.jpg?fit=905%2C450&ssl=1&resize=350%2C200","width":350,"height":200,"srcset":"https:\/\/i0.wp.com\/www.shqiperia.com\/blog\/wp-content\/uploads\/2022\/04\/vucic-putin.jpg?fit=905%2C450&ssl=1&resize=350%2C200 1x, https:\/\/i0.wp.com\/www.shqiperia.com\/blog\/wp-content\/uploads\/2022\/04\/vucic-putin.jpg?fit=905%2C450&ssl=1&resize=525%2C300 1.5x, https:\/\/i0.wp.com\/www.shqiperia.com\/blog\/wp-content\/uploads\/2022\/04\/vucic-putin.jpg?fit=905%2C450&ssl=1&resize=700%2C400 2x"},"classes":[]},{"id":94323,"url":"https:\/\/www.shqiperia.com\/blog\/trump-konfirmon-takim-me-putinin-ne-hungari-synimi-ti-jepet-fund-luftes-te-palavdishme-ne-ukraine\/","url_meta":{"origin":99735,"position":4},"title":"Trump konfirmon takim me Putinin n\u00eb Hungari: &#8211; Synimi, t\u2019i jepet fund luft\u00ebs \u2018t\u00eb palavdishme\u2019 n\u00eb Ukrain\u00eb","author":"Kurt Farka","date":"October 16, 2025","format":false,"excerpt":"17 Tetor 2025 Presidenti amerikan, Donald Trump do t\u00eb takohet me homologun rus, Vlamdimir Putin n\u00eb Hungari. Pas nj\u00eb bisede telefonike,\u00a0Trump\u00a0tha se \u00e7do gj\u00eb shkoi mir\u00eb se dhe biseda ishte \u201cproduktive\u201d, duke shtuar se \u201ck\u00ebshilltar\u00ebt e nivelit t\u00eb lart\u00eb\u201d nga t\u00eb dy vendet do t\u00eb takohen jav\u00ebn e ardhshme. \u201cUn\u00eb\u2026","rel":"","context":"In &quot;Blogu i Udh\u00ebtarit&quot;","block_context":{"text":"Blogu i Udh\u00ebtarit","link":"https:\/\/www.shqiperia.com\/blog\/category\/blogu-i-udhetarit\/"},"img":{"alt_text":"","src":"https:\/\/i0.wp.com\/www.shqiperia.com\/blog\/wp-content\/uploads\/2025\/10\/webp_sd-1.jpg?fit=1200%2C675&ssl=1&resize=350%2C200","width":350,"height":200,"srcset":"https:\/\/i0.wp.com\/www.shqiperia.com\/blog\/wp-content\/uploads\/2025\/10\/webp_sd-1.jpg?fit=1200%2C675&ssl=1&resize=350%2C200 1x, https:\/\/i0.wp.com\/www.shqiperia.com\/blog\/wp-content\/uploads\/2025\/10\/webp_sd-1.jpg?fit=1200%2C675&ssl=1&resize=525%2C300 1.5x, https:\/\/i0.wp.com\/www.shqiperia.com\/blog\/wp-content\/uploads\/2025\/10\/webp_sd-1.jpg?fit=1200%2C675&ssl=1&resize=700%2C400 2x, https:\/\/i0.wp.com\/www.shqiperia.com\/blog\/wp-content\/uploads\/2025\/10\/webp_sd-1.jpg?fit=1200%2C675&ssl=1&resize=1050%2C600 3x"},"classes":[]},{"id":88596,"url":"https:\/\/www.shqiperia.com\/blog\/do-ti-jap-fund-konfliktit-ne-ukraine-per-24-ore-trump-i-rikthehet-premtimit-te-tij-kam-ende-gjysme-dite-kohe\/","url_meta":{"origin":99735,"position":5},"title":"\u201cDo t\u2019i jap fund konfliktit n\u00eb Ukrain\u00eb p\u00ebr 24 or\u00eb\u201d\/ Trump i rikthehet premtimit t\u00eb tij: &#8211; Kam ende gjysm\u00eb dite koh\u00eb","author":"Kurt Farka","date":"January 21, 2025","format":false,"excerpt":"21 Janar 2025 Presidenti i ri i SHBA-s\u00eb, Donald Trump tha se kishte ende \u201cgjysm\u00eb dite\u201d p\u00ebr t\u00eb gjetur nj\u00eb zgjidhje diplomatike p\u00ebr konfliktin e Ukrain\u00ebs, pasi iu kujtua premtimi i tij i m\u00ebparsh\u00ebm p\u00ebr t\u2019i dh\u00ebn\u00eb fund luftimeve brenda 24 or\u00ebve nga kthimi i tij n\u00eb Sht\u00ebpin\u00eb e Bardh\u00eb.\u2026","rel":"","context":"In &quot;Blogu i Udh\u00ebtarit&quot;","block_context":{"text":"Blogu i Udh\u00ebtarit","link":"https:\/\/www.shqiperia.com\/blog\/category\/blogu-i-udhetarit\/"},"img":{"alt_text":"","src":"https:\/\/i0.wp.com\/www.shqiperia.com\/blog\/wp-content\/uploads\/2025\/01\/250120-trump-ch-1946-a01485.webp?fit=762%2C508&ssl=1&resize=350%2C200","width":350,"height":200,"srcset":"https:\/\/i0.wp.com\/www.shqiperia.com\/blog\/wp-content\/uploads\/2025\/01\/250120-trump-ch-1946-a01485.webp?fit=762%2C508&ssl=1&resize=350%2C200 1x, https:\/\/i0.wp.com\/www.shqiperia.com\/blog\/wp-content\/uploads\/2025\/01\/250120-trump-ch-1946-a01485.webp?fit=762%2C508&ssl=1&resize=525%2C300 1.5x, https:\/\/i0.wp.com\/www.shqiperia.com\/blog\/wp-content\/uploads\/2025\/01\/250120-trump-ch-1946-a01485.webp?fit=762%2C508&ssl=1&resize=700%2C400 2x"},"classes":[]}],"_links":{"self":[{"href":"https:\/\/www.shqiperia.com\/blog\/wp-json\/wp\/v2\/posts\/99735","targetHints":{"allow":["GET"]}}],"collection":[{"href":"https:\/\/www.shqiperia.com\/blog\/wp-json\/wp\/v2\/posts"}],"about":[{"href":"https:\/\/www.shqiperia.com\/blog\/wp-json\/wp\/v2\/types\/post"}],"author":[{"embeddable":true,"href":"https:\/\/www.shqiperia.com\/blog\/wp-json\/wp\/v2\/users\/9"}],"replies":[{"embeddable":true,"href":"https:\/\/www.shqiperia.com\/blog\/wp-json\/wp\/v2\/comments?post=99735"}],"version-history":[{"count":1,"href":"https:\/\/www.shqiperia.com\/blog\/wp-json\/wp\/v2\/posts\/99735\/revisions"}],"predecessor-version":[{"id":99737,"href":"https:\/\/www.shqiperia.com\/blog\/wp-json\/wp\/v2\/posts\/99735\/revisions\/99737"}],"wp:featuredmedia":[{"embeddable":true,"href":"https:\/\/www.shqiperia.com\/blog\/wp-json\/wp\/v2\/media\/99736"}],"wp:attachment":[{"href":"https:\/\/www.shqiperia.com\/blog\/wp-json\/wp\/v2\/media?parent=99735"}],"wp:term":[{"taxonomy":"category","embeddable":true,"href":"https:\/\/www.shqiperia.com\/blog\/wp-json\/wp\/v2\/categories?post=99735"},{"taxonomy":"post_tag","embeddable":true,"href":"https:\/\/www.shqiperia.com\/blog\/wp-json\/wp\/v2\/tags?post=99735"}],"curies":[{"name":"wp","href":"https:\/\/api.w.org\/{rel}","templated":true}]}}