{"id":99732,"date":"2026-04-29T19:11:47","date_gmt":"2026-04-29T19:11:47","guid":{"rendered":"https:\/\/www.shqiperia.com\/blog\/?p=99732"},"modified":"2026-04-29T19:11:47","modified_gmt":"2026-04-29T19:11:47","slug":"lufta-ka-goditur-trashegimine-kulturore-te-iranit","status":"publish","type":"post","link":"https:\/\/www.shqiperia.com\/blog\/lufta-ka-goditur-trashegimine-kulturore-te-iranit\/","title":{"rendered":"Lufta ka goditur trash\u00ebgimin\u00eb kulturore t\u00eb Iranit"},"content":{"rendered":"<p><img data-recalc-dims=\"1\" loading=\"lazy\" decoding=\"async\" data-attachment-id=\"99733\" data-permalink=\"https:\/\/www.shqiperia.com\/blog\/lufta-ka-goditur-trashegimine-kulturore-te-iranit\/auto_file-20260410-57-coqemv1777040597\/\" data-orig-file=\"https:\/\/i0.wp.com\/www.shqiperia.com\/blog\/wp-content\/uploads\/2026\/04\/auto_file-20260410-57-coqemv1777040597.jpg?fit=1480%2C640&amp;ssl=1\" data-orig-size=\"1480,640\" data-comments-opened=\"1\" data-image-meta=\"{&quot;aperture&quot;:&quot;0&quot;,&quot;credit&quot;:&quot;&quot;,&quot;camera&quot;:&quot;&quot;,&quot;caption&quot;:&quot;&quot;,&quot;created_timestamp&quot;:&quot;0&quot;,&quot;copyright&quot;:&quot;&quot;,&quot;focal_length&quot;:&quot;0&quot;,&quot;iso&quot;:&quot;0&quot;,&quot;shutter_speed&quot;:&quot;0&quot;,&quot;title&quot;:&quot;&quot;,&quot;orientation&quot;:&quot;0&quot;}\" data-image-title=\"auto_file-20260410-57-coqemv1777040597\" data-image-description=\"\" data-image-caption=\"\" data-medium-file=\"https:\/\/i0.wp.com\/www.shqiperia.com\/blog\/wp-content\/uploads\/2026\/04\/auto_file-20260410-57-coqemv1777040597.jpg?fit=300%2C130&amp;ssl=1\" data-large-file=\"https:\/\/i0.wp.com\/www.shqiperia.com\/blog\/wp-content\/uploads\/2026\/04\/auto_file-20260410-57-coqemv1777040597.jpg?fit=1024%2C443&amp;ssl=1\" class=\"alignnone  wp-image-99733\" alt=\"\" src=\"https:\/\/i0.wp.com\/www.shqiperia.com\/blog\/wp-content\/uploads\/2026\/04\/auto_file-20260410-57-coqemv1777040597.jpg?resize=605%2C262&#038;ssl=1\" width=\"605\" height=\"262\" srcset=\"https:\/\/i0.wp.com\/www.shqiperia.com\/blog\/wp-content\/uploads\/2026\/04\/auto_file-20260410-57-coqemv1777040597.jpg?resize=300%2C130&amp;ssl=1 300w, https:\/\/i0.wp.com\/www.shqiperia.com\/blog\/wp-content\/uploads\/2026\/04\/auto_file-20260410-57-coqemv1777040597.jpg?resize=1024%2C443&amp;ssl=1 1024w, https:\/\/i0.wp.com\/www.shqiperia.com\/blog\/wp-content\/uploads\/2026\/04\/auto_file-20260410-57-coqemv1777040597.jpg?resize=768%2C332&amp;ssl=1 768w, https:\/\/i0.wp.com\/www.shqiperia.com\/blog\/wp-content\/uploads\/2026\/04\/auto_file-20260410-57-coqemv1777040597.jpg?resize=450%2C195&amp;ssl=1 450w, https:\/\/i0.wp.com\/www.shqiperia.com\/blog\/wp-content\/uploads\/2026\/04\/auto_file-20260410-57-coqemv1777040597.jpg?resize=600%2C259&amp;ssl=1 600w, https:\/\/i0.wp.com\/www.shqiperia.com\/blog\/wp-content\/uploads\/2026\/04\/auto_file-20260410-57-coqemv1777040597.jpg?resize=1300%2C562&amp;ssl=1 1300w, https:\/\/i0.wp.com\/www.shqiperia.com\/blog\/wp-content\/uploads\/2026\/04\/auto_file-20260410-57-coqemv1777040597.jpg?resize=400%2C173&amp;ssl=1 400w, https:\/\/i0.wp.com\/www.shqiperia.com\/blog\/wp-content\/uploads\/2026\/04\/auto_file-20260410-57-coqemv1777040597.jpg?w=1480&amp;ssl=1 1480w\" sizes=\"auto, (max-width: 605px) 100vw, 605px\" \/><\/p>\n<p>29 Prill 2026<\/p>\n<p>M\u00eb shum\u00eb se 131 site arkeologjike, muze dhe monumente historike jan\u00eb d\u00ebmtuar ose shkat\u00ebrruar gjat\u00eb luft\u00ebs mes SHBA-s\u00eb dhe Izraelit kund\u00ebr Iranit, midis 28 shkurtit dhe 8 prillit. Me d\u00ebshtimin e bisedimeve p\u00ebr paqe gjat\u00eb arm\u00ebpushimit dyjavor, mbetet e paqart\u00eb se \u00e7far\u00eb do t\u00eb ndodh\u00eb m\u00eb tej. Kjo e b\u00ebn t\u00eb nevojshme nj\u00eb vler\u00ebsim t\u00eb gjendjes s\u00eb trash\u00ebgimis\u00eb kulturore iraniane.<\/p>\n<p>Irani, p\u00ebr shkak t\u00eb territorit t\u00eb madh dhe pozicionit strategjik n\u00eb Azin\u00eb Per\u00ebndimore, ka qen\u00eb prej koh\u00ebsh nj\u00eb qend\u00ebr e r\u00ebnd\u00ebsishme e zhvillimit njer\u00ebzor dhe kulturor. Si nj\u00eb nga djepet m\u00eb t\u00eb vjetra t\u00eb qytet\u00ebrimit, ai ka nj\u00eb trash\u00ebgimi t\u00eb pasur arkeologjike dhe historike, t\u00eb krijuar gjat\u00eb mij\u00ebra viteve. Kjo p\u00ebrfshin periudha nga koha parahistorike, mbret\u00ebrin\u00eb Elamite, dinastin\u00eb Mede, perandorit\u00eb Akeamenide, Partiane dhe Sasanide, deri n\u00eb periudhat islame.<\/p>\n<p>Kjo vazhdim\u00ebsi reflektohet n\u00eb vendet arkeologjike, qytetet historike, monumentet dhe koleksionet muzeale. Vler\u00ebsohet se Irani ka qindra mij\u00ebra site arkeologjike, megjith\u00ebse vet\u00ebm nj\u00eb pjes\u00eb e vog\u00ebl \u00ebsht\u00eb regjistruar zyrtarisht. R\u00ebnd\u00ebsia nd\u00ebrkomb\u00ebtare e k\u00ebsaj trash\u00ebgimie tregohet edhe nga p\u00ebrfshirja e 29 siteve iraniane n\u00eb list\u00ebn e Trash\u00ebgimis\u00eb Bot\u00ebrore t\u00eb UNESCO-s.<\/p>\n<p>Organizatat nd\u00ebrkomb\u00ebtare kan\u00eb shprehur shqet\u00ebsim p\u00ebr d\u00ebmtimin e k\u00ebtyre pasurive. Shkat\u00ebrrimi i trash\u00ebgimis\u00eb kulturore, qoft\u00eb i q\u00ebllimsh\u00ebm apo aksidental, ka pasoja serioze dhe mund t\u00eb \u00e7oj\u00eb n\u00eb humbje t\u00eb pakthyeshme, jo vet\u00ebm p\u00ebr Iranin, por p\u00ebr gjith\u00eb rajonin.<\/p>\n<p><strong><span>Shkalla e d\u00ebmit<\/span><\/strong><\/p>\n<p>Sipas t\u00eb dh\u00ebnave zyrtare, d\u00ebmet jan\u00eb shp\u00ebrndar\u00eb n\u00eb 17 provinca dhe 26 qytete. Teherani \u00ebsht\u00eb m\u00eb i godituri, me 61 site t\u00eb d\u00ebmtuara, nd\u00ebrsa Isfahani renditet i dyti me 23. K\u00ebto dy zona p\u00ebrb\u00ebjn\u00eb mbi 60% t\u00eb d\u00ebmeve totale. Kur shtohen edhe provincat Khuzestan dhe Kurdistan, kat\u00ebr zonat kryesore p\u00ebrb\u00ebjn\u00eb mbi 80% t\u00eb d\u00ebmeve.<\/p>\n<p>Kjo shp\u00ebrndarje tregon se d\u00ebmet nuk jan\u00eb t\u00eb rast\u00ebsishme, por t\u00eb p\u00ebrqendruara n\u00eb zonat m\u00eb t\u00eb pasura me trash\u00ebgimi historike. K\u00ebto p\u00ebrfshijn\u00eb qytete me monumente t\u00eb r\u00ebnd\u00ebsishme, muze, lagje historike dhe komplekse mbret\u00ebrore.<\/p>\n<p>Konventa e Hag\u00ebs e vitit 1954 e konsideron d\u00ebmtimin e trash\u00ebgimis\u00eb kulturore si humbje p\u00ebr gjith\u00eb njer\u00ebzimin dhe k\u00ebrkon mbrojtje nd\u00ebrkomb\u00ebtare. Sulmet e q\u00ebllimshme ndaj k\u00ebtyre pasurive mund t\u00eb p\u00ebrb\u00ebjn\u00eb krime lufte sipas ligjit nd\u00ebrkomb\u00ebtar.<\/p>\n<p><strong><span>Teherani dhe Isfahani m\u00eb t\u00eb prekurit<\/span><\/strong><\/p>\n<p>N\u00eb Teheran jan\u00eb d\u00ebmtuar disa nga monumentet m\u00eb t\u00eb r\u00ebnd\u00ebsishme, p\u00ebrfshir\u00eb Pallatin Golestan, Pazarin e Madh historik, Pallatin e Mermerit, nd\u00ebrtesa shtet\u00ebrore dhe xhami t\u00eb r\u00ebnd\u00ebsishme. K\u00ebto jan\u00eb pjes\u00eb thelb\u00ebsore e historis\u00eb dhe identitetit kulturor t\u00eb vendit.<\/p>\n<p><img decoding=\"async\" alt=\"Image\" src=\"https:\/\/www.syri.net\/uploads\/syri.net\/images\/2026\/April\/24\/auto_file-20260409-71-5k14501777040597.avif\" \/><\/p>\n<p>N\u00eb Isfahan jan\u00eb d\u00ebmtuar gjithashtu komplekse t\u00eb njohura si sheshi Naqsh-e Jahan, Pallati Chehel Sotoun dhe xhami historike. K\u00ebto zona nuk jan\u00eb periferike, por qendra kryesore t\u00eb trash\u00ebgimis\u00eb arkitekturore dhe historike iraniane.<\/p>\n<p><span><strong>Nj\u00eb model i mundsh\u00ebm sulmi t\u00eb q\u00ebllimsh\u00ebm<\/strong><\/span><\/p>\n<p>Lloji i objekteve t\u00eb d\u00ebmtuara jep sinjale t\u00eb r\u00ebnd\u00ebsishme. Numri m\u00eb i madh i d\u00ebmeve p\u00ebrfshin sht\u00ebpi dhe rezidenca historike, t\u00eb ndjekura nga nd\u00ebrtesa publike si shkolla dhe institucione, si dhe xhami t\u00eb njohura. Jan\u00eb d\u00ebmtuar gjithashtu k\u00ebshtjella, mullinj, hamame dhe pallate t\u00eb periudhave t\u00eb ndryshme historike.<\/p>\n<p>Rreth 50 nj\u00ebsi muzeale jan\u00eb prekur, shpesh si pjes\u00eb e komplekseve m\u00eb t\u00eb m\u00ebdha historike. Kjo tregon se d\u00ebmi nuk \u00ebsht\u00eb vet\u00ebm fizik, por prek edhe m\u00ebnyr\u00ebn si ruhet dhe prezantohet historia.<\/p>\n<p>Jan\u00eb identifikuar edhe zona t\u00eb t\u00ebra historike urbane n\u00eb qytete si Teherani, Isfahani, Sanandaj, Kermanshah dhe Tabriz. K\u00ebto zona funksionojn\u00eb si sisteme t\u00eb nd\u00ebrlidhura kulturore. Kur d\u00ebmtohen, humbet jo vet\u00ebm arkitektura, por edhe kujtesa historike, m\u00ebnyra e jetes\u00ebs dhe identiteti kulturor.<\/p>\n<p>D\u00ebmet pritet t\u00eb jen\u00eb edhe m\u00eb t\u00eb m\u00ebdha, pasi shum\u00eb site jasht\u00eb qyteteve nuk jan\u00eb p\u00ebrfshir\u00eb ende n\u00eb vler\u00ebsime. P\u00ebrve\u00e7 nd\u00ebrtesave, jan\u00eb prekur edhe arkiva me dor\u00ebshkrime t\u00eb vjetra dhe vende fetare si xhami, kisha dhe sinagoga.<\/p>\n<p>Sulmet kan\u00eb goditur edhe institucione moderne dhe infrastruktur\u00eb, duke p\u00ebrforcuar iden\u00eb se shkat\u00ebrrimi nuk ka qen\u00eb rast\u00ebsor, por i q\u00ebllimsh\u00ebm dhe i organizuar.<\/p>\n<p><strong><span>Humbje n\u00eb shum\u00eb nivele<\/span><\/strong><\/p>\n<p>D\u00ebmet shtrihen n\u00eb periudha t\u00eb ndryshme historike, nga site shum\u00eb t\u00eb lashta arkeologjike deri te monumente mesjetare dhe nd\u00ebrtesa moderne. Kjo tregon se \u00ebsht\u00eb prekur nj\u00eb gam\u00eb e gjer\u00eb e trash\u00ebgimis\u00eb kulturore.<\/p>\n<p>K\u00ebto sulme p\u00ebrb\u00ebjn\u00eb nj\u00eb goditje jo vet\u00ebm ndaj objekteve fizike, por edhe ndaj kujtes\u00ebs historike dhe identitetit kulturor t\u00eb nj\u00eb prej qytet\u00ebrimeve m\u00eb t\u00eb vjetra n\u00eb bot\u00eb. Humbja nuk \u00ebsht\u00eb vet\u00ebm p\u00ebr Iranin, por p\u00ebr gjith\u00eb njer\u00ebzimin.<\/p>\n<p><img decoding=\"async\" alt=\"Image\" src=\"https:\/\/www.syri.net\/uploads\/syri.net\/images\/2026\/April\/24\/auto_file-20260410-57-gnu77z1777040597.avif\" \/><\/p>\n<p><span><strong>P\u00ebrgjegj\u00ebsia dhe hapat e nevojsh\u00ebm<\/strong><\/span><\/p>\n<p>Sipas ligjit nd\u00ebrkomb\u00ebtar, \u00e7do shtet p\u00ebrgjegj\u00ebs p\u00ebr d\u00ebme t\u00eb tilla duhet t\u00eb siguroj\u00eb d\u00ebmshp\u00ebrblim t\u00eb plot\u00eb. Por m\u00eb e r\u00ebnd\u00ebsishmja \u00ebsht\u00eb parandalimi i p\u00ebrs\u00ebritjes s\u00eb k\u00ebtyre veprimeve.<\/p>\n<p>Duhet t\u00eb merren masa urgjente p\u00ebr t\u00eb mbrojtur, dokumentuar dhe restauruar trash\u00ebgimin\u00eb e d\u00ebmtuar. Kjo k\u00ebrkon bashk\u00ebpunim nd\u00ebrkomb\u00ebtar dhe veprim t\u00eb koordinuar nga institucionet kulturore dhe organizatat globale.<\/p>\n<p>Mbrojtja e trash\u00ebgimis\u00eb kulturore nuk \u00ebsht\u00eb vet\u00ebm \u00e7\u00ebshtje monumentesh, por edhe mbrojtje e historis\u00eb, identitetit dhe dinjitetit njer\u00ebzor.<span> Nga:<\/span><strong>\u00a0The Conversation<\/strong><\/p>\n","protected":false},"excerpt":{"rendered":"<p>29 Prill 2026 M\u00eb shum\u00eb se 131 site arkeologjike, muze dhe monumente historike jan\u00eb d\u00ebmtuar ose shkat\u00ebrruar gjat\u00eb luft\u00ebs mes SHBA-s\u00eb dhe Izraelit kund\u00ebr Iranit, midis 28 shkurtit dhe 8 prillit. Me d\u00ebshtimin e bisedimeve p\u00ebr paqe gjat\u00eb arm\u00ebpushimit dyjavor, mbetet e paqart\u00eb se \u00e7far\u00eb do t\u00eb ndodh\u00eb m\u00eb tej. Kjo e b\u00ebn t\u00eb nevojshme [&hellip;]<\/p>\n","protected":false},"author":9,"featured_media":99733,"comment_status":"open","ping_status":"open","sticky":false,"template":"","format":"standard","meta":{"jetpack_post_was_ever_published":false,"_jetpack_newsletter_access":"","_jetpack_dont_email_post_to_subs":false,"_jetpack_newsletter_tier_id":0,"_jetpack_memberships_contains_paywalled_content":false,"_jetpack_memberships_contains_paid_content":false,"footnotes":"","jetpack_publicize_message":"","jetpack_publicize_feature_enabled":true,"jetpack_social_post_already_shared":true,"jetpack_social_options":{"image_generator_settings":{"template":"highway","default_image_id":0,"font":"","enabled":false},"version":2}},"categories":[87,85,10,86],"tags":[],"class_list":["post-99732","post","type-post","status-publish","format-standard","has-post-thumbnail","hentry","category-arte","category-histori","category-kultura","category-trashegimi-kulturore"],"jetpack_publicize_connections":[],"jetpack_featured_media_url":"https:\/\/i0.wp.com\/www.shqiperia.com\/blog\/wp-content\/uploads\/2026\/04\/auto_file-20260410-57-coqemv1777040597.jpg?fit=1480%2C640&ssl=1","jetpack_sharing_enabled":true,"jetpack_shortlink":"https:\/\/wp.me\/p5Z6wp-pWA","jetpack-related-posts":[{"id":99276,"url":"https:\/\/www.shqiperia.com\/blog\/projekt-1-mln-euro-per-transformimin-e-kalase-se-shkodres-sokoli-nderhyrja-me-e-rendesishme-pas-4-dekadash-ruajme-cdo-vlere-historike\/","url_meta":{"origin":99732,"position":0},"title":"Projekt 1 mln euro p\u00ebr transformimin e Kalas\u00eb s\u00eb Shkodr\u00ebs, Sokoli: &#8211; Nd\u00ebrhyrja m\u00eb e r\u00ebnd\u00ebsishme pas 4 dekadash, ruajm\u00eb \u00e7do vler\u00eb historike","author":"Kurt Farka","date":"April 9, 2026","format":false,"excerpt":"9 Prill 2026 Projekti \u201cRijet\u00ebzimi i Kalas\u00eb s\u00eb Shkodr\u00ebs\u201d tashm\u00eb \u00ebsht\u00eb gati, nj\u00eb investim i mb\u00ebshtetur nga\u00a0BERZH\u00a0dhe\u00a0Bashkimi Europian\u00a0me zbatues Fondin Shqiptar t\u00eb Zhvillimit. Ky projekt do ta kthej\u00eb k\u00ebt\u00eb monument n\u00eb nj\u00eb hap\u00ebsir\u00eb t\u00eb gjall\u00eb kulturore, turistike dhe edukative, duke p\u00ebrmir\u00ebsuar infrastruktur\u00ebn dhe p\u00ebrvoj\u00ebn e vizitor\u00ebve, nd\u00ebrsa ruan me kujdes\u2026","rel":"","context":"In &quot;Histori&quot;","block_context":{"text":"Histori","link":"https:\/\/www.shqiperia.com\/blog\/category\/histori\/"},"img":{"alt_text":"","src":"https:\/\/i0.wp.com\/www.shqiperia.com\/blog\/wp-content\/uploads\/2026\/04\/1775727353_kalajashkodres.jpg?fit=780%2C440&ssl=1&resize=350%2C200","width":350,"height":200,"srcset":"https:\/\/i0.wp.com\/www.shqiperia.com\/blog\/wp-content\/uploads\/2026\/04\/1775727353_kalajashkodres.jpg?fit=780%2C440&ssl=1&resize=350%2C200 1x, https:\/\/i0.wp.com\/www.shqiperia.com\/blog\/wp-content\/uploads\/2026\/04\/1775727353_kalajashkodres.jpg?fit=780%2C440&ssl=1&resize=525%2C300 1.5x, https:\/\/i0.wp.com\/www.shqiperia.com\/blog\/wp-content\/uploads\/2026\/04\/1775727353_kalajashkodres.jpg?fit=780%2C440&ssl=1&resize=700%2C400 2x"},"classes":[]},{"id":12254,"url":"https:\/\/www.shqiperia.com\/blog\/vajza-e-ali-kelcyres-leter-kryeministrit-per-kalane-e-kelcyres\/","url_meta":{"origin":99732,"position":1},"title":"Vajza e Ali K\u00eblcyr\u00ebs, let\u00ebr Kryeministrit p\u00ebr Kalan\u00eb e Kelcyres. &#8211;","author":"Kurt Farka","date":"October 4, 2018","format":false,"excerpt":"Vajza e Ali K\u00eblcyr\u00ebs, let\u00ebr Kryeministrit p\u00ebr Kalan\u00eb e Kelcyres. - -Hana Klissura: Zoti Rama, m\u00eb lejoni t\u00eb k\u00ebrkoj angazhimin Tuaj p\u00ebr ruajtjen dhe konsolidimin e rr\u00ebnojave t\u00eb kalas\u00eb dhe sarajeve t\u00eb K\u00eblcyr\u00ebs Nga Dhurata Hamzai. \u2013 Hana Klissura (K\u00eblcyra), e bija e Ali K\u00eblcyr\u00ebs - nj\u00ebrit prej personaliteteve m\u00eb\u2026","rel":"","context":"In &quot;Histori&quot;","block_context":{"text":"Histori","link":"https:\/\/www.shqiperia.com\/blog\/category\/histori\/"},"img":{"alt_text":"","src":"https:\/\/i0.wp.com\/www.shqiperia.com\/blog\/wp-content\/uploads\/2018\/10\/phoca_thumb_l_Castello-di-Ali-Bej-Kelcyre-3-Copy.jpg?fit=659%2C354&ssl=1&resize=350%2C200","width":350,"height":200,"srcset":"https:\/\/i0.wp.com\/www.shqiperia.com\/blog\/wp-content\/uploads\/2018\/10\/phoca_thumb_l_Castello-di-Ali-Bej-Kelcyre-3-Copy.jpg?fit=659%2C354&ssl=1&resize=350%2C200 1x, https:\/\/i0.wp.com\/www.shqiperia.com\/blog\/wp-content\/uploads\/2018\/10\/phoca_thumb_l_Castello-di-Ali-Bej-Kelcyre-3-Copy.jpg?fit=659%2C354&ssl=1&resize=525%2C300 1.5x"},"classes":[]},{"id":95392,"url":"https:\/\/www.shqiperia.com\/blog\/qindra-objekte-te-fshehura-gjate-luftes-kthehen-ne-muzeun-sirian\/","url_meta":{"origin":99732,"position":2},"title":"Qindra objekte t\u00eb fshehura gjat\u00eb luft\u00ebs, kthehen n\u00eb muzeun sirian","author":"Kurt Farka","date":"December 4, 2025","format":false,"excerpt":"4 Dhjetor 2025 Pas vitesh konflikti, qindra objekte t\u00eb humbura prej koh\u00ebsh jan\u00eb kthyer n\u00eb Muzeun e Idlibit n\u00eb Sirin\u00eb veriper\u00ebndimore. Nj\u00eb vit pasi sundimtari i hersh\u00ebm Bashar al-Assad u rr\u00ebzua nga pushteti, Ministri i Kultur\u00ebs i qeveris\u00eb kalimtare, Mohammed Yasin al-Saleh, njoftoi rikuperimin e 1,234 pllakave arkeologjike dhe 198\u2026","rel":"","context":"In &quot;Blogu i Udh\u00ebtarit&quot;","block_context":{"text":"Blogu i Udh\u00ebtarit","link":"https:\/\/www.shqiperia.com\/blog\/category\/blogu-i-udhetarit\/"},"img":{"alt_text":"","src":"https:\/\/i0.wp.com\/www.shqiperia.com\/blog\/wp-content\/uploads\/2025\/12\/auto_SIRI1764841569.jpeg?fit=900%2C506&ssl=1&resize=350%2C200","width":350,"height":200,"srcset":"https:\/\/i0.wp.com\/www.shqiperia.com\/blog\/wp-content\/uploads\/2025\/12\/auto_SIRI1764841569.jpeg?fit=900%2C506&ssl=1&resize=350%2C200 1x, https:\/\/i0.wp.com\/www.shqiperia.com\/blog\/wp-content\/uploads\/2025\/12\/auto_SIRI1764841569.jpeg?fit=900%2C506&ssl=1&resize=525%2C300 1.5x, https:\/\/i0.wp.com\/www.shqiperia.com\/blog\/wp-content\/uploads\/2025\/12\/auto_SIRI1764841569.jpeg?fit=900%2C506&ssl=1&resize=700%2C400 2x"},"classes":[]},{"id":98963,"url":"https:\/\/www.shqiperia.com\/blog\/pers-apo-iranian-ja-cili-eshte-ndryshimi\/","url_meta":{"origin":99732,"position":3},"title":"Pers apo iranian? Ja cili \u00ebsht\u00eb ndryshimi","author":"Kurt Farka","date":"April 1, 2026","format":false,"excerpt":"1 Prill 026 N\u00eb bisedat e p\u00ebrditshme, fjal\u00ebt \"pers\" dhe \"iranian\" shpesh p\u00ebrdoren sikur t\u00eb ken\u00eb t\u00eb nj\u00ebjtin kuptim. T\u00eb dyja i referohen t\u00eb nj\u00ebjtit territor, Iranit t\u00eb sot\u00ebm, dhe nj\u00eb kulture me mij\u00ebra vite histori. Por k\u00ebto dy terma nuk jan\u00eb identik\u00eb. Nj\u00ebri p\u00ebrshkruan nj\u00eb trash\u00ebgimi etnike dhe kulturore,\u2026","rel":"","context":"In &quot;Blogu i Udh\u00ebtarit&quot;","block_context":{"text":"Blogu i Udh\u00ebtarit","link":"https:\/\/www.shqiperia.com\/blog\/category\/blogu-i-udhetarit\/"},"img":{"alt_text":"","src":"https:\/\/i0.wp.com\/www.shqiperia.com\/blog\/wp-content\/uploads\/2026\/04\/download-2-300x150.jpg?resize=350%2C200&ssl=1","width":350,"height":200,"srcset":"https:\/\/i0.wp.com\/www.shqiperia.com\/blog\/wp-content\/uploads\/2026\/04\/download-2-300x150.jpg?resize=350%2C200&ssl=1 1x, https:\/\/i0.wp.com\/www.shqiperia.com\/blog\/wp-content\/uploads\/2026\/04\/download-2-300x150.jpg?resize=525%2C300&ssl=1 1.5x"},"classes":[]},{"id":76097,"url":"https:\/\/www.shqiperia.com\/blog\/bombardimet-ne-gaze-shkaterrojne-mbi-100-monumente-te-trashegimise-me-rendesi-per-historine-globale\/","url_meta":{"origin":99732,"position":4},"title":"Bombardimet n\u00eb Gaz\u00eb shkat\u00ebrrojn\u00eb mbi 100 monumente t\u00eb trash\u00ebgimise me r\u00ebnd\u00ebsi p\u00ebr historin\u00eb globale","author":"Kurt Farka","date":"December 6, 2023","format":false,"excerpt":"6 Dhjetor 2023 Sulmet e p\u00ebrs\u00ebritura ajrore t\u00eb Izraelit n\u00eb Gaz\u00eb kan\u00eb shkat\u00ebrruar m\u00eb shum\u00eb se 100 monumente kulturore dhe vende historike sipas nj\u00eb raporti paraprak nga OJQ-ja katalonjase \u201cHeritage for Peace\u201d Sulmet ajrore, t\u00eb cilat ndodh\u00ebn pas sulmit t\u00eb Hamasit t\u00eb 7 tetorit q\u00eb vrau 1.400 izraelit\u00eb dhe p\u00ebrfshiu\u2026","rel":"","context":"In &quot;Arte&quot;","block_context":{"text":"Arte","link":"https:\/\/www.shqiperia.com\/blog\/category\/arte\/"},"img":{"alt_text":"","src":"https:\/\/i0.wp.com\/www.shqiperia.com\/blog\/wp-content\/uploads\/2023\/12\/gazaa-scaled-1.jpeg?fit=1200%2C800&ssl=1&resize=350%2C200","width":350,"height":200,"srcset":"https:\/\/i0.wp.com\/www.shqiperia.com\/blog\/wp-content\/uploads\/2023\/12\/gazaa-scaled-1.jpeg?fit=1200%2C800&ssl=1&resize=350%2C200 1x, https:\/\/i0.wp.com\/www.shqiperia.com\/blog\/wp-content\/uploads\/2023\/12\/gazaa-scaled-1.jpeg?fit=1200%2C800&ssl=1&resize=525%2C300 1.5x, https:\/\/i0.wp.com\/www.shqiperia.com\/blog\/wp-content\/uploads\/2023\/12\/gazaa-scaled-1.jpeg?fit=1200%2C800&ssl=1&resize=700%2C400 2x, https:\/\/i0.wp.com\/www.shqiperia.com\/blog\/wp-content\/uploads\/2023\/12\/gazaa-scaled-1.jpeg?fit=1200%2C800&ssl=1&resize=1050%2C600 3x"},"classes":[]},{"id":68407,"url":"https:\/\/www.shqiperia.com\/blog\/delegacioni-europian-ne-tirane-zbulohen-objekte-arkeologjike-ne-durres\/","url_meta":{"origin":99732,"position":5},"title":"Delegacioni Europian n\u00eb Tiran\u00eb: &#8211; Zbulohen objekte arkeologjike n\u00eb Durr\u00ebs","author":"Kurt Farka","date":"February 21, 2023","format":false,"excerpt":"21 Shkurt 2023 Delegacioni Europian n\u00eb Tiran\u00eb ka shp\u00ebrndar\u00eb fotot dhe nj\u00eb tekst, p\u00ebr nj\u00eb zbulim arkeologjik, gjat\u00eb nd\u00ebrtimit t\u00eb nj\u00eb shkolle t\u00eb re n\u00eb Durr\u00ebs. Zbulime t\u00eb mahnitshme ndodh\u00ebn n\u00eb kantierin e shkoll\u00ebs 9-vje\u00e7are \u201cEftali Ko\u00e7i\u201d n\u00eb Durr\u00ebs, pjes\u00eb e programit #EU4Schools. Arkeolog\u00ebt zbuluan struktura dhe artefakte t\u00eb lashta,\u2026","rel":"","context":"In &quot;Arte&quot;","block_context":{"text":"Arte","link":"https:\/\/www.shqiperia.com\/blog\/category\/arte\/"},"img":{"alt_text":"","src":"https:\/\/i0.wp.com\/www.shqiperia.com\/blog\/wp-content\/uploads\/2023\/02\/Zbulohen-objekte-arkeologjike-ne-Durres-4.jpg?fit=375%2C284&ssl=1&resize=350%2C200","width":350,"height":200},"classes":[]}],"_links":{"self":[{"href":"https:\/\/www.shqiperia.com\/blog\/wp-json\/wp\/v2\/posts\/99732","targetHints":{"allow":["GET"]}}],"collection":[{"href":"https:\/\/www.shqiperia.com\/blog\/wp-json\/wp\/v2\/posts"}],"about":[{"href":"https:\/\/www.shqiperia.com\/blog\/wp-json\/wp\/v2\/types\/post"}],"author":[{"embeddable":true,"href":"https:\/\/www.shqiperia.com\/blog\/wp-json\/wp\/v2\/users\/9"}],"replies":[{"embeddable":true,"href":"https:\/\/www.shqiperia.com\/blog\/wp-json\/wp\/v2\/comments?post=99732"}],"version-history":[{"count":1,"href":"https:\/\/www.shqiperia.com\/blog\/wp-json\/wp\/v2\/posts\/99732\/revisions"}],"predecessor-version":[{"id":99734,"href":"https:\/\/www.shqiperia.com\/blog\/wp-json\/wp\/v2\/posts\/99732\/revisions\/99734"}],"wp:featuredmedia":[{"embeddable":true,"href":"https:\/\/www.shqiperia.com\/blog\/wp-json\/wp\/v2\/media\/99733"}],"wp:attachment":[{"href":"https:\/\/www.shqiperia.com\/blog\/wp-json\/wp\/v2\/media?parent=99732"}],"wp:term":[{"taxonomy":"category","embeddable":true,"href":"https:\/\/www.shqiperia.com\/blog\/wp-json\/wp\/v2\/categories?post=99732"},{"taxonomy":"post_tag","embeddable":true,"href":"https:\/\/www.shqiperia.com\/blog\/wp-json\/wp\/v2\/tags?post=99732"}],"curies":[{"name":"wp","href":"https:\/\/api.w.org\/{rel}","templated":true}]}}