{"id":99727,"date":"2026-04-29T18:58:52","date_gmt":"2026-04-29T18:58:52","guid":{"rendered":"https:\/\/www.shqiperia.com\/blog\/?p=99727"},"modified":"2026-04-29T18:58:52","modified_gmt":"2026-04-29T18:58:52","slug":"belinda-balluku-parate-te-rrethi-i-ngushte-familjar-veprime-korruptive","status":"publish","type":"post","link":"https:\/\/www.shqiperia.com\/blog\/belinda-balluku-parate-te-rrethi-i-ngushte-familjar-veprime-korruptive\/","title":{"rendered":"Belinda Balluku &#8211; Parat\u00eb te rrethi i ngusht\u00eb familjar, veprime korruptive"},"content":{"rendered":"<div id=\"attachment_98772\" style=\"width: 708px\" class=\"wp-caption alignnone\"><img data-recalc-dims=\"1\" loading=\"lazy\" decoding=\"async\" aria-describedby=\"caption-attachment-98772\" data-attachment-id=\"98772\" data-permalink=\"https:\/\/www.shqiperia.com\/blog\/fundoset-me-keq-balluku-gjkko-dha-ok-per-zberthimin-e-celulareve-te-njerezve-te-ish-zv-kryeministres-80-pajisje-dorezohen-per-ekspertim-brenda-40-diteve\/belinda-balluku1-4\/\" data-orig-file=\"https:\/\/i0.wp.com\/www.shqiperia.com\/blog\/wp-content\/uploads\/2026\/03\/Belinda-Balluku1-3.jpg?fit=800%2C451&amp;ssl=1\" data-orig-size=\"800,451\" data-comments-opened=\"1\" data-image-meta=\"{&quot;aperture&quot;:&quot;0&quot;,&quot;credit&quot;:&quot;&quot;,&quot;camera&quot;:&quot;&quot;,&quot;caption&quot;:&quot;&quot;,&quot;created_timestamp&quot;:&quot;0&quot;,&quot;copyright&quot;:&quot;&quot;,&quot;focal_length&quot;:&quot;0&quot;,&quot;iso&quot;:&quot;0&quot;,&quot;shutter_speed&quot;:&quot;0&quot;,&quot;title&quot;:&quot;&quot;,&quot;orientation&quot;:&quot;0&quot;}\" data-image-title=\"Belinda Balluku\" data-image-description=\"\" data-image-caption=\"&lt;p&gt;Belinda Balluku&lt;\/p&gt;\n\" data-medium-file=\"https:\/\/i0.wp.com\/www.shqiperia.com\/blog\/wp-content\/uploads\/2026\/03\/Belinda-Balluku1-3.jpg?fit=300%2C169&amp;ssl=1\" data-large-file=\"https:\/\/i0.wp.com\/www.shqiperia.com\/blog\/wp-content\/uploads\/2026\/03\/Belinda-Balluku1-3.jpg?fit=800%2C451&amp;ssl=1\" class=\" wp-image-98772\" alt=\"\" src=\"https:\/\/i0.wp.com\/www.shqiperia.com\/blog\/wp-content\/uploads\/2026\/03\/Belinda-Balluku1-3.jpg?resize=698%2C393&#038;ssl=1\" width=\"698\" height=\"393\" srcset=\"https:\/\/i0.wp.com\/www.shqiperia.com\/blog\/wp-content\/uploads\/2026\/03\/Belinda-Balluku1-3.jpg?resize=300%2C169&amp;ssl=1 300w, https:\/\/i0.wp.com\/www.shqiperia.com\/blog\/wp-content\/uploads\/2026\/03\/Belinda-Balluku1-3.jpg?resize=768%2C433&amp;ssl=1 768w, https:\/\/i0.wp.com\/www.shqiperia.com\/blog\/wp-content\/uploads\/2026\/03\/Belinda-Balluku1-3.jpg?resize=450%2C254&amp;ssl=1 450w, https:\/\/i0.wp.com\/www.shqiperia.com\/blog\/wp-content\/uploads\/2026\/03\/Belinda-Balluku1-3.jpg?resize=600%2C338&amp;ssl=1 600w, https:\/\/i0.wp.com\/www.shqiperia.com\/blog\/wp-content\/uploads\/2026\/03\/Belinda-Balluku1-3.jpg?resize=400%2C226&amp;ssl=1 400w, https:\/\/i0.wp.com\/www.shqiperia.com\/blog\/wp-content\/uploads\/2026\/03\/Belinda-Balluku1-3.jpg?w=800&amp;ssl=1 800w\" sizes=\"auto, (max-width: 698px) 100vw, 698px\" \/><p id=\"caption-attachment-98772\" class=\"wp-caption-text\">Belinda Balluku<\/p><\/div>\n<p>29 Prill 2026<\/p>\n<p>Prokuroria e Posa\u00e7me Kund\u00ebr Korrupsionit dhe Krimit t\u00eb Organizuar, (SPAK) po thellon hetimet n\u00eb \u00e7\u00ebshtjen q\u00eb p\u00ebrfshin ish-ministren e Infrastruktur\u00ebs dhe Energjis\u00eb, Belinda Balluku, duke e zgjeruar fokusin nga shkeljet procedurale n\u00eb akuza t\u00eb r\u00ebnda p\u00ebr korrupsion.<\/p>\n<p>N\u00eb qend\u00ebr t\u00eb hetimit jan\u00eb t\u00eb pakt\u00ebn 11 procedura prokurimi publik me nj\u00eb vler\u00eb totale prej 1.1 miliard\u00eb eurosh, ku dyshohet se jan\u00eb favorizuar n\u00eb m\u00ebnyr\u00eb t\u00eb paligjshme kompani t\u00eb caktuara.<\/p>\n<p>I ftuar n\u00eb nje studio televizive, juristi Marash Logu tha se SPAK ka ndjekur nj\u00eb logjik\u00eb hetimore, q\u00eb synon t\u00eb zbuloj\u00eb se ku ka p\u00ebrfunduar nj\u00eb pjes\u00eb e konsiderueshme e k\u00ebtyre fondeve.<\/p>\n<p>Veprimet e fundit hetimore tregojn\u00eb se prokuror\u00ebt kan\u00eb gjetur gjurm\u00eb konkrete t\u00eb transferimit t\u00eb parave, porse skema e dyshuar sipas Logut, p\u00ebrfshin kalimin e fondeve nga kompanit\u00eb q\u00eb kan\u00eb fituar tender\u00ebt drejt subjekteve t\u00eb tjera dhe individ\u00ebve t\u00eb lidhur ngusht\u00eb me ish-ministren.<\/p>\n<p>Hetimi \u00ebsht\u00eb p\u00ebrqendruar tek vet\u00eb Belinda Balluku, rrethi i saj i ngusht\u00eb familjar dhe bashk\u00ebpun\u00ebtor\u00ebt e saj m\u00eb t\u00eb af\u00ebrt.<\/p>\n<p>K\u00ebto zhvillime kan\u00eb \u00e7uar n\u00eb nj\u00eb proces rikualifikimi t\u00eb vepr\u00ebs penale, theksoi juristi, duke shtuar se akuza fillestare p\u00ebr \u201cshkelje t\u00eb barazis\u00eb n\u00eb tendera\u201d po z\u00ebvend\u00ebsohet me akuza shum\u00eb m\u00eb t\u00eb r\u00ebnda, t\u00eb cilat vijn\u00eb si pasoj\u00eb e natyrshme e gjetjeve.<\/p>\n<p>Akuzat e reja q\u00eb po shqyrtohen p\u00ebrfshijn\u00eb \u201ckorrupsionin pasiv t\u00eb funksionar\u00ebve t\u00eb lart\u00eb shtet\u00ebror\u00eb\u201d, \u201cfshehjen dhe mosdeklarimin e pasuris\u00eb\u201d dhe \u201cpastrimin e produkteve t\u00eb vepr\u00ebs penale\u201d.<\/p>\n<p>\u00c7ka tregon, sipas Logut, se hetimi ka kaluar nga nj\u00eb \u00e7\u00ebshtje abuzimi me detyr\u00ebn n\u00eb nj\u00eb skem\u00eb t\u00eb mir\u00ebfillt\u00eb korruptive, ku me gjas\u00eb SPAK do t\u00eb nd\u00ebrmarr\u00eb hapin e radh\u00ebs: nj\u00eb k\u00ebrkes\u00eb t\u00eb re drejtuar Kuvendit p\u00ebr heqjen e imunitetit t\u00eb deputetes Balluku, me q\u00ebllim vendosjen e masave t\u00eb sigurimit.<\/p>\n<p>Ajo q\u00eb ne kemi ditur deri m\u00eb tani ka qen\u00eb q\u00eb n\u00eb t\u00eb pakt\u00ebn 11 procedura prokurimi publik me vler\u00eb totale 1.1 miliard\u00eb euro, SPAK-u ka gjetur shkelje ligjore t\u00eb natyr\u00ebs q\u00eb kan\u00eb pasur t\u00eb b\u00ebjn\u00eb me q\u00ebllimin e subjekteve t\u00eb caktuara tregtare, pra favorizimin e disa kompanive n\u00eb raport me kompani t\u00eb tjera, duke e orientuar gjith\u00eb procedur\u00ebn me q\u00ebllim q\u00eb t\u00eb paracaktohet kush do ishte fitues i k\u00ebtyre procedurave.<\/p>\n<p>Tani, un\u00eb mendoj q\u00eb SPAK-u, po themi n\u00eb k\u00ebt\u00eb rast, prokuror\u00ebt e posa\u00e7\u00ebm kan\u00eb ndjekur logjik\u00eb normale, sepse shkelja e barazis\u00eb n\u00eb tendera b\u00ebhet gjithmon\u00eb p\u00ebr q\u00ebllime abuzimi dhe korrupsioni, pra nuk ka q\u00ebllime \u00eb k\u00ebshtu, dashamir\u00ebse ndaj dikujt n\u00eb raport me dik\u00eb tjet\u00ebr. Gjithmon\u00eb ka nj\u00eb q\u00ebllim, po themi, abuzimi dhe korrupsioni. Dhe ajo q\u00eb \u00ebsht\u00eb p\u00ebrpjekur SPAK-u t\u00eb kuptoj\u00eb \u00ebsht\u00eb se ku kan\u00eb shkuar nj\u00eb pjes\u00eb e k\u00ebtyre parave. Pra, n\u00eb k\u00ebt\u00eb vler\u00eb totale prej 1.1 miliard\u00eb eurosh, si m\u00eb pas ka shkuar nga k\u00ebto kompani q\u00eb kan\u00eb qen\u00eb p\u00ebrfituese t\u00eb drejtp\u00ebrdrejta t\u00eb procedurave t\u00eb prokurimit publik, tek subjektet e tjera apo tek personat e tjer\u00eb.<\/p>\n<p>Sigurisht fillimisht hetohet Belinda Balluku, rrethi i saj familjar, p\u00ebr t\u00eb kuptuar n\u00eb qoft\u00eb se kan\u00eb marr\u00ebdh\u00ebnie \u00eb financiare apo ekonomike me k\u00ebto kompani apo subjekte q\u00eb kan\u00eb fituar procedurat e prokurimit publik, p\u00ebr t\u00eb shkuar m\u00eb pas edhe tek bashk\u00ebpun\u00ebtor\u00ebt e saj, p\u00ebr ta zgjeruar pak m\u00eb shum\u00eb rrethin. Dhe duket sikur po themi t\u00eb pakt\u00ebn veprimet hetimore q\u00eb SPAK-u ka kryer gjat\u00eb k\u00ebtyre dit\u00ebve, tregojn\u00eb q\u00eb SPAK-u ka gjetur gjurm\u00eb n\u00eb fakt se si k\u00ebto para, pra k\u00ebto vlera shum\u00eb t\u00eb m\u00ebdha q\u00eb jan\u00eb kaluar nga ministria q\u00eb ka drejtuar Belinda Balluku apo struktura t\u00eb caktuara n\u00eb var\u00ebsi q\u00eb ka drejtuar Belinda Balluku.<\/p>\n<p>N\u00eb k\u00ebto kompani tregtare, m\u00eb pas jan\u00eb transferuar tek persona q\u00eb jan\u00eb rrethi i ngusht\u00eb i saj familjar apo edhe bashk\u00ebpun\u00ebtor\u00eb t\u00eb tjer\u00eb n\u00eb lidhje e k\u00ebshtu me radh\u00eb t\u00eb saj, p\u00ebr t\u00eb provuar at\u00eb q\u00eb qartazi, po themi, dhe k\u00ebtu nuk ka nevoj\u00eb p\u00ebr ta logjikuar shum\u00eb se \u00e7far\u00eb ka ndodhur, sepse qartazi kjo shkon n\u00eb kuad\u00ebr, themi, e veprimeve korruptive, n\u00eb logjik\u00ebn po themi e fshehjes dhe mosdeklarimit t\u00eb pasuris\u00eb.<\/p>\n<p>Pra, vijn\u00eb natyrsh\u00ebm t\u00eb gjitha akuzat m\u00eb pas p\u00ebr korrupsion \u00eb pasiv t\u00eb funksionar\u00ebve t\u00eb lart\u00eb shtet\u00ebror\u00eb, fshehje dhe mosdeklarim t\u00eb pasuris\u00eb dhe pastrimi i produkteve t\u00eb vepr\u00ebs, t\u00eb vepr\u00ebs penale, \u00e7ka n\u00eb fakt, nj\u00eb pjes\u00eb e dosjes, po themi, ose pjesa m\u00eb e madhe e asaj dosje q\u00eb ka ardhur, \u00ebsht\u00eb mbajtur, po themi, \u00ebsht\u00eb mbajtur sekret, por n\u00eb fakt nga p\u00ebrmbajtja e asaj dosje, dilnin sinjale t\u00eb qarta q\u00eb SPAK-u do t\u00eb shkonte n\u00eb at\u00eb drejtim, pra n\u00eb ngritjen e nj\u00eb akuze q\u00eb p\u00ebrfshinte korrupsionin pasiv t\u00eb funksionar\u00ebve t\u00eb lart\u00eb shtet\u00ebror\u00eb, fshehjen dhe mosdeklarimin e pasuris\u00eb dhe pastrimin e produkteve t\u00eb vepr\u00ebs penale.<\/p>\n<p>R\u00ebndimi i akuzave gjithmon\u00eb dometh\u00ebn\u00eb kusht\u00ebzon nevojat e sigurimit dhe po e hamend\u00ebsoj, po themi, k\u00ebt\u00eb q\u00eb edhe SPAK-u do vij\u00eb s\u00ebrish me nj\u00eb k\u00ebrkes\u00eb t\u00eb re p\u00ebr heqjen e imunitetit dhe dh\u00ebnien e autorizimit p\u00ebr vendosjen e masave t\u00eb sigurimit ndaj Belinda Ballukut, rrethit t\u00eb saj familjar apo bashk\u00ebpun\u00ebtor\u00ebve t\u00eb saj, t\u00eb cil\u00ebt ata \u00ebsht\u00eb m\u00eb e thjesht\u00eb sepse p\u00ebr shkak se nuk kan\u00eb imunitet, SPAK-u n\u00ebp\u00ebrmjet gjykat\u00ebs mund t\u00eb veproj\u00eb menj\u00ebher\u00eb, nd\u00ebrkoh\u00eb q\u00eb p\u00ebr Belinda Ballukun do k\u00ebrkohet s\u00ebrish, po themi dh\u00ebnia e autorizimit nga Parlamenti p\u00ebr t\u00eb vendosur masat e sigurimit.<\/p>\n<p>Un\u00eb prisja n\u00eb fakt q\u00eb Prokuroria e Posa\u00e7me t\u2019i drejtohej Gjykat\u00ebs Kushtetuese, sepse realisht Parlamenti, po themi mazhoranca socialiste, n\u00ebp\u00ebrmjet vendimit t\u00eb saj, cenoi kompetencat e Prokuroris\u00eb s\u00eb Posa\u00e7me dhe prisja q\u00eb ata t\u2019i drejtoheshin Gjykat\u00ebs Kushtetuese, por le ta themi q\u00eb me ardhjen e drejtuesit t\u00eb ri, po themi, SPAK-u ka nj\u00eb qasje shum\u00eb m\u00eb, si me th\u00ebn\u00eb, shum\u00eb m\u00eb t\u00eb matur dhe shum\u00eb m\u00eb pak agresive, po themi, n\u00eb veprimet q\u00eb ajo kryen dhe kjo mbase, \u00ebsht\u00eb interpretuar dhe nga publiku si nj\u00eb lloj stepje e SPAK-ut n\u00eb k\u00ebt\u00eb, n\u00eb k\u00ebt\u00eb lloj dosje hetimore. Pra, po t\u00eb shikoni qasjen q\u00eb ka aktualisht drejtuesi i SPAK-ut, \u00ebsht\u00eb nj\u00eb qasje m\u00eb e rezervuar, m\u00eb e matur, m\u00eb e moderuar, m\u00eb pak agresive n\u00eb veprime sesa ka qen\u00eb e paraardh\u00ebsit t\u00eb tij, e zotit Dumani.<\/p>\n","protected":false},"excerpt":{"rendered":"<p>29 Prill 2026 Prokuroria e Posa\u00e7me Kund\u00ebr Korrupsionit dhe Krimit t\u00eb Organizuar, (SPAK) po thellon hetimet n\u00eb \u00e7\u00ebshtjen q\u00eb p\u00ebrfshin ish-ministren e Infrastruktur\u00ebs dhe Energjis\u00eb, Belinda Balluku, duke e zgjeruar fokusin nga shkeljet procedurale n\u00eb akuza t\u00eb r\u00ebnda p\u00ebr korrupsion. N\u00eb qend\u00ebr t\u00eb hetimit jan\u00eb t\u00eb pakt\u00ebn 11 procedura prokurimi publik me nj\u00eb vler\u00eb totale [&hellip;]<\/p>\n","protected":false},"author":9,"featured_media":0,"comment_status":"open","ping_status":"open","sticky":false,"template":"","format":"standard","meta":{"jetpack_post_was_ever_published":false,"_jetpack_newsletter_access":"","_jetpack_dont_email_post_to_subs":false,"_jetpack_newsletter_tier_id":0,"_jetpack_memberships_contains_paywalled_content":false,"_jetpack_memberships_contains_paid_content":false,"footnotes":"","jetpack_publicize_message":"","jetpack_publicize_feature_enabled":true,"jetpack_social_post_already_shared":true,"jetpack_social_options":{"image_generator_settings":{"template":"highway","default_image_id":0,"font":"","enabled":false},"version":2}},"categories":[1,2],"tags":[],"class_list":["post-99727","post","type-post","status-publish","format-standard","hentry","category-njoftime-shtypi","category-politika"],"jetpack_publicize_connections":[],"jetpack_featured_media_url":"","jetpack_sharing_enabled":true,"jetpack_shortlink":"https:\/\/wp.me\/p5Z6wp-pWv","jetpack-related-posts":[{"id":90394,"url":"https:\/\/www.shqiperia.com\/blog\/belinda-ballukut-drejt-prangave-dosjet-e-aferave-ku-eshte-implikuar-ministrja-drejt-perfundimit-avokati-zbulon-se\/","url_meta":{"origin":99727,"position":0},"title":"Belinda Ballukut drejt prangave, dosjet e aferave ku \u00ebsht\u00eb implikuar ministrja drejt p\u00ebrfundimit, avokati zbulon se\u2026","author":"Kurt Farka","date":"March 14, 2025","format":false,"excerpt":"14 Mars 2025 Avokati zbulon se SPAK ka sekuestruar telefona, kompjuter\u00eb dhe dokumentacione q\u00eb fundosin z\u00ebvend\u00ebsen e Edi Ram\u00ebs Ministrja e Infrastruktur\u00ebs dhe Energjis\u00eb, Belinda Balluku, \u00ebsht\u00eb p\u00ebrfshir\u00eb n\u00eb nj\u00eb mori skandalesh q\u00eb po tronditin politik\u00ebn dhe administrat\u00ebn shtet\u00ebrore. Hetimet q\u00eb jan\u00eb zhvilluar nga SPAK (Prokuroria e Posa\u00e7me kund\u00ebr Korrupsionit\u2026","rel":"","context":"In &quot;Blogu i Udh\u00ebtarit&quot;","block_context":{"text":"Blogu i Udh\u00ebtarit","link":"https:\/\/www.shqiperia.com\/blog\/category\/blogu-i-udhetarit\/"},"img":{"alt_text":"","src":"https:\/\/i0.wp.com\/www.shqiperia.com\/blog\/wp-content\/uploads\/2025\/03\/foto-faqe-4-1140x570-1.jpg?fit=1140%2C570&ssl=1&resize=350%2C200","width":350,"height":200,"srcset":"https:\/\/i0.wp.com\/www.shqiperia.com\/blog\/wp-content\/uploads\/2025\/03\/foto-faqe-4-1140x570-1.jpg?fit=1140%2C570&ssl=1&resize=350%2C200 1x, https:\/\/i0.wp.com\/www.shqiperia.com\/blog\/wp-content\/uploads\/2025\/03\/foto-faqe-4-1140x570-1.jpg?fit=1140%2C570&ssl=1&resize=525%2C300 1.5x, https:\/\/i0.wp.com\/www.shqiperia.com\/blog\/wp-content\/uploads\/2025\/03\/foto-faqe-4-1140x570-1.jpg?fit=1140%2C570&ssl=1&resize=700%2C400 2x, https:\/\/i0.wp.com\/www.shqiperia.com\/blog\/wp-content\/uploads\/2025\/03\/foto-faqe-4-1140x570-1.jpg?fit=1140%2C570&ssl=1&resize=1050%2C600 3x"},"classes":[]},{"id":94718,"url":"https:\/\/www.shqiperia.com\/blog\/birn-balluku-vijon-te-mbaje-postet-ne-qeveri-edhe-pse-eshte-marre-e-pandehur-nga-spak\/","url_meta":{"origin":99727,"position":1},"title":"BIRN: &#8211; Balluku vijon t\u00eb mbaj\u00eb postet n\u00eb Qeveri edhe pse \u00ebsht\u00eb marr\u00eb e pandehur nga SPAK","author":"Kurt Farka","date":"November 7, 2025","format":false,"excerpt":"7 Nentor 2025 Nga: Blerina Gjoka | BIRN Belinda Balluku, zv.kryeministrja n\u00ebn akuz\u00eb e qeveris\u00eb \u201cRama\u201d, mungoi t\u00eb enjten n\u00eb Parlament, nd\u00ebrkoh\u00eb q\u00eb opozita k\u00ebrkonte nj\u00eb interpelanc\u00eb urgjente me t\u00eb p\u00ebr hetimin e Prokuroris\u00eb s\u00eb Posa\u00e7me mbi paracaktimin e fituesit t\u00eb tunelit t\u00eb Llogaras\u00eb \u2013 nj\u00eb nga veprat m\u00eb t\u00eb\u2026","rel":"","context":"In &quot;Blogu i Udh\u00ebtarit&quot;","block_context":{"text":"Blogu i Udh\u00ebtarit","link":"https:\/\/www.shqiperia.com\/blog\/category\/blogu-i-udhetarit\/"},"img":{"alt_text":"","src":"https:\/\/i0.wp.com\/www.shqiperia.com\/blog\/wp-content\/uploads\/2025\/11\/balluku-berberi-1.jpg?fit=600%2C368&ssl=1&resize=350%2C200","width":350,"height":200,"srcset":"https:\/\/i0.wp.com\/www.shqiperia.com\/blog\/wp-content\/uploads\/2025\/11\/balluku-berberi-1.jpg?fit=600%2C368&ssl=1&resize=350%2C200 1x, https:\/\/i0.wp.com\/www.shqiperia.com\/blog\/wp-content\/uploads\/2025\/11\/balluku-berberi-1.jpg?fit=600%2C368&ssl=1&resize=525%2C300 1.5x"},"classes":[]},{"id":96051,"url":"https:\/\/www.shqiperia.com\/blog\/spak-e-bkh-19-kontrolle-per-zyrtare-e-biznesmene-te-perfshire-ne-dosjen-balluku\/","url_meta":{"origin":99727,"position":2},"title":"SPAK e BKH, 19 kontrolle p\u00ebr zyrtar\u00eb e biznesmen\u00eb t\u00eb p\u00ebrfshir\u00eb n\u00eb dosjen \u201cBalluku\u201d","author":"Kurt Farka","date":"December 26, 2025","format":false,"excerpt":"26 Dhjetor 2025 Nga: Top Channel Si pjes\u00eb t\u00eb hetimit t\u00eb \u00e7\u00ebshtjeve t\u00eb lidhen me zv.kryeministren Belinda Balluku dhe disa bashk\u00ebpun\u00ebtor\u00ebve t\u00eb saj Byroja Komb\u00ebtare e Hetimit ka kryer 19 kontrolle n\u00eb dy kompani nd\u00ebrtimi dhe shum\u00eb punonj\u00ebs t\u00eb Autoritetit t\u00eb Rrug\u00ebve dhe Korporat\u00ebn Elektroenergjitike. Dy kompanit\u00eb e nd\u00ebrtimit jan\u00eb\u2026","rel":"","context":"In &quot;Blogu i Udh\u00ebtarit&quot;","block_context":{"text":"Blogu i Udh\u00ebtarit","link":"https:\/\/www.shqiperia.com\/blog\/category\/blogu-i-udhetarit\/"},"img":{"alt_text":"","src":"https:\/\/i0.wp.com\/www.shqiperia.com\/blog\/wp-content\/uploads\/2025\/12\/gfjhgfhfghf_sd.webp?fit=1200%2C675&ssl=1&resize=350%2C200","width":350,"height":200,"srcset":"https:\/\/i0.wp.com\/www.shqiperia.com\/blog\/wp-content\/uploads\/2025\/12\/gfjhgfhfghf_sd.webp?fit=1200%2C675&ssl=1&resize=350%2C200 1x, https:\/\/i0.wp.com\/www.shqiperia.com\/blog\/wp-content\/uploads\/2025\/12\/gfjhgfhfghf_sd.webp?fit=1200%2C675&ssl=1&resize=525%2C300 1.5x, https:\/\/i0.wp.com\/www.shqiperia.com\/blog\/wp-content\/uploads\/2025\/12\/gfjhgfhfghf_sd.webp?fit=1200%2C675&ssl=1&resize=700%2C400 2x, https:\/\/i0.wp.com\/www.shqiperia.com\/blog\/wp-content\/uploads\/2025\/12\/gfjhgfhfghf_sd.webp?fit=1200%2C675&ssl=1&resize=1050%2C600 3x"},"classes":[]},{"id":94661,"url":"https:\/\/www.shqiperia.com\/blog\/zbardhen-pergjimet-si-e-bleu-balluku-deputetin-e-bashes-porosia-per-evis-berberin-do-te-marre-arbri-e-kemi-patriot\/","url_meta":{"origin":99727,"position":3},"title":"Zbardhen p\u00ebrgjimet, si e \u201cbleu\u201d Balluku deputetin e Bash\u00ebs, porosia p\u00ebr Evis Berberin: &#8211; Do t\u00eb marr\u00eb Arbri, e kemi patriot","author":"Kurt Farka","date":"November 5, 2025","format":false,"excerpt":"5 Nentor 2025 N\u00eb dosjen hetimore t\u00eb SPAK p\u00ebr Belinda Ballukun, e cila \u00ebsht\u00eb n\u00ebn hetim p\u00ebr tunelin e Llogaras\u00eb del edhe emri i ish-deputetit t\u00eb Partis\u00eb Demokratike n\u00eb koh\u00ebn kur drejtohej nga Lulzim Basha, Arbi Agalliu. Agalli kishte denoncuar nga selia e PD, Belinda Ballukun dhe projektin e ndertimit\u2026","rel":"","context":"In &quot;Blogu i Udh\u00ebtarit&quot;","block_context":{"text":"Blogu i Udh\u00ebtarit","link":"https:\/\/www.shqiperia.com\/blog\/category\/blogu-i-udhetarit\/"},"img":{"alt_text":"","src":"https:\/\/i0.wp.com\/www.shqiperia.com\/blog\/wp-content\/uploads\/2025\/11\/rama-balluku-760x433-1.jpg?fit=760%2C433&ssl=1&resize=350%2C200","width":350,"height":200,"srcset":"https:\/\/i0.wp.com\/www.shqiperia.com\/blog\/wp-content\/uploads\/2025\/11\/rama-balluku-760x433-1.jpg?fit=760%2C433&ssl=1&resize=350%2C200 1x, https:\/\/i0.wp.com\/www.shqiperia.com\/blog\/wp-content\/uploads\/2025\/11\/rama-balluku-760x433-1.jpg?fit=760%2C433&ssl=1&resize=525%2C300 1.5x, https:\/\/i0.wp.com\/www.shqiperia.com\/blog\/wp-content\/uploads\/2025\/11\/rama-balluku-760x433-1.jpg?fit=760%2C433&ssl=1&resize=700%2C400 2x"},"classes":[]},{"id":96040,"url":"https:\/\/www.shqiperia.com\/blog\/zbardhet-pergjimi-qe-fundos-ballukun-publikohen-mesazhet-qe-implikojne-ramen-km-me-kerkoi-te-takoj\/","url_meta":{"origin":99727,"position":4},"title":"Zbardhet p\u00ebrgjimi q\u00eb fundos Ballukun\/ Publikohen mesazhet q\u00eb implikojn\u00eb Ram\u00ebn: KM m\u00eb k\u00ebrkoi t\u00eb takoj\u2026","author":"Kurt Farka","date":"December 26, 2025","format":false,"excerpt":"26 Dhjetor 2025 Zbardhen t\u00eb tjera detaje nga dosja hetimore e zv.kryeministres Belinda Balluku, p\u00ebr t\u00eb cil\u00ebn SPAK k\u00ebrkon arrestimin. N\u00eb nj\u00eb nga mesazhet d\u00ebrguar ish-vart\u00ebsit t\u00eb saj Evis Berberi, ish-kreu i ARRSH-s\u00eb, Belinda Balluku e informon k\u00ebt\u00eb t\u00eb fundit se ka takuar Ram\u00eb Gecin me k\u00ebrkes\u00ebn e kryeministrit Edi\u2026","rel":"","context":"In &quot;Blogu i Udh\u00ebtarit&quot;","block_context":{"text":"Blogu i Udh\u00ebtarit","link":"https:\/\/www.shqiperia.com\/blog\/category\/blogu-i-udhetarit\/"},"img":{"alt_text":"","src":"https:\/\/i0.wp.com\/www.shqiperia.com\/blog\/wp-content\/uploads\/2025\/12\/Rama-Balluku-2-1.jpg?fit=1200%2C677&ssl=1&resize=350%2C200","width":350,"height":200,"srcset":"https:\/\/i0.wp.com\/www.shqiperia.com\/blog\/wp-content\/uploads\/2025\/12\/Rama-Balluku-2-1.jpg?fit=1200%2C677&ssl=1&resize=350%2C200 1x, https:\/\/i0.wp.com\/www.shqiperia.com\/blog\/wp-content\/uploads\/2025\/12\/Rama-Balluku-2-1.jpg?fit=1200%2C677&ssl=1&resize=525%2C300 1.5x, https:\/\/i0.wp.com\/www.shqiperia.com\/blog\/wp-content\/uploads\/2025\/12\/Rama-Balluku-2-1.jpg?fit=1200%2C677&ssl=1&resize=700%2C400 2x, https:\/\/i0.wp.com\/www.shqiperia.com\/blog\/wp-content\/uploads\/2025\/12\/Rama-Balluku-2-1.jpg?fit=1200%2C677&ssl=1&resize=1050%2C600 3x"},"classes":[]},{"id":96093,"url":"https:\/\/www.shqiperia.com\/blog\/spak-perfundon-kontrollet-ne-banesat-dhe-zyrat-e-34-zyrtareve-dhe-biznesmeneve-te-perfshire-ne-dosjen-balluku-mes-tyre-shefja-e-kabinetit-sindi-dushku\/","url_meta":{"origin":99727,"position":5},"title":"SPAK p\u00ebrfundon kontrollet n\u00eb banesat dhe zyrat e 34 zyrtar\u00ebve dhe biznesmen\u00ebve t\u00eb p\u00ebrfshir\u00eb n\u00eb dosjen \u201cBalluku\u201d, mes tyre shefja e kabinetit Sindi Dushku","author":"Kurt Farka","date":"December 27, 2025","format":false,"excerpt":"27 Dhjetor 2025 Jan\u00eb t\u00eb pakt\u00ebn 54 kontrolle n\u00ebp\u00ebr banesa zyra dhe biznese q\u00eb po kryen nga agjent\u00ebt e Byros\u00eb Komb\u00ebtare t\u00eb Hetimit me urdh\u00ebr t\u00eb prokuroreve t\u00eb SPAK. Kontrollet po b\u00ebhen si pjes\u00eb t\u00eb hetimit p\u00ebr dosjen me akuzat ndaj zv.kryeministres Belinda Balluku dhe bashk\u00ebpun\u00ebtor\u00ebve t\u00eb saj, nj\u00eb pjes\u00eb\u2026","rel":"","context":"In &quot;Blogu i Udh\u00ebtarit&quot;","block_context":{"text":"Blogu i Udh\u00ebtarit","link":"https:\/\/www.shqiperia.com\/blog\/category\/blogu-i-udhetarit\/"},"img":{"alt_text":"","src":"https:\/\/i0.wp.com\/www.shqiperia.com\/blog\/wp-content\/uploads\/2025\/12\/balluku.webp?fit=1043%2C582&ssl=1&resize=350%2C200","width":350,"height":200,"srcset":"https:\/\/i0.wp.com\/www.shqiperia.com\/blog\/wp-content\/uploads\/2025\/12\/balluku.webp?fit=1043%2C582&ssl=1&resize=350%2C200 1x, https:\/\/i0.wp.com\/www.shqiperia.com\/blog\/wp-content\/uploads\/2025\/12\/balluku.webp?fit=1043%2C582&ssl=1&resize=525%2C300 1.5x, https:\/\/i0.wp.com\/www.shqiperia.com\/blog\/wp-content\/uploads\/2025\/12\/balluku.webp?fit=1043%2C582&ssl=1&resize=700%2C400 2x"},"classes":[]}],"_links":{"self":[{"href":"https:\/\/www.shqiperia.com\/blog\/wp-json\/wp\/v2\/posts\/99727","targetHints":{"allow":["GET"]}}],"collection":[{"href":"https:\/\/www.shqiperia.com\/blog\/wp-json\/wp\/v2\/posts"}],"about":[{"href":"https:\/\/www.shqiperia.com\/blog\/wp-json\/wp\/v2\/types\/post"}],"author":[{"embeddable":true,"href":"https:\/\/www.shqiperia.com\/blog\/wp-json\/wp\/v2\/users\/9"}],"replies":[{"embeddable":true,"href":"https:\/\/www.shqiperia.com\/blog\/wp-json\/wp\/v2\/comments?post=99727"}],"version-history":[{"count":1,"href":"https:\/\/www.shqiperia.com\/blog\/wp-json\/wp\/v2\/posts\/99727\/revisions"}],"predecessor-version":[{"id":99728,"href":"https:\/\/www.shqiperia.com\/blog\/wp-json\/wp\/v2\/posts\/99727\/revisions\/99728"}],"wp:attachment":[{"href":"https:\/\/www.shqiperia.com\/blog\/wp-json\/wp\/v2\/media?parent=99727"}],"wp:term":[{"taxonomy":"category","embeddable":true,"href":"https:\/\/www.shqiperia.com\/blog\/wp-json\/wp\/v2\/categories?post=99727"},{"taxonomy":"post_tag","embeddable":true,"href":"https:\/\/www.shqiperia.com\/blog\/wp-json\/wp\/v2\/tags?post=99727"}],"curies":[{"name":"wp","href":"https:\/\/api.w.org\/{rel}","templated":true}]}}