{"id":99724,"date":"2026-04-29T18:52:53","date_gmt":"2026-04-29T18:52:53","guid":{"rendered":"https:\/\/www.shqiperia.com\/blog\/?p=99724"},"modified":"2026-04-29T18:52:53","modified_gmt":"2026-04-29T18:52:53","slug":"drejtesia-sheh-qimen-e-opozites-por-jo-traun-e-rames-vasili-shperthen-kryeministri-ne-qender-te-cdo-skandali","status":"publish","type":"post","link":"https:\/\/www.shqiperia.com\/blog\/drejtesia-sheh-qimen-e-opozites-por-jo-traun-e-rames-vasili-shperthen-kryeministri-ne-qender-te-cdo-skandali\/","title":{"rendered":"\u201cDrejt\u00ebsia sheh \u2018qimen\u2019 e opozit\u00ebs, por jo \u2018traun\u2019 e Ram\u00ebs\u201d, Vasili \u2018shp\u00ebrthen\u2019: &#8211; Kryeministri n\u00eb qend\u00ebr t\u00eb \u00e7do skandali"},"content":{"rendered":"<p><img data-recalc-dims=\"1\" loading=\"lazy\" decoding=\"async\" data-attachment-id=\"99725\" data-permalink=\"https:\/\/www.shqiperia.com\/blog\/drejtesia-sheh-qimen-e-opozites-por-jo-traun-e-rames-vasili-shperthen-kryeministri-ne-qender-te-cdo-skandali\/auto_auto_auto_vasilirama159446708117499232381769357390-900x570\/\" data-orig-file=\"https:\/\/i0.wp.com\/www.shqiperia.com\/blog\/wp-content\/uploads\/2026\/04\/auto_auto_auto_vasilirama159446708117499232381769357390-900x570-1.jpeg?fit=900%2C570&amp;ssl=1\" data-orig-size=\"900,570\" data-comments-opened=\"1\" data-image-meta=\"{&quot;aperture&quot;:&quot;0&quot;,&quot;credit&quot;:&quot;&quot;,&quot;camera&quot;:&quot;&quot;,&quot;caption&quot;:&quot;&quot;,&quot;created_timestamp&quot;:&quot;0&quot;,&quot;copyright&quot;:&quot;&quot;,&quot;focal_length&quot;:&quot;0&quot;,&quot;iso&quot;:&quot;0&quot;,&quot;shutter_speed&quot;:&quot;0&quot;,&quot;title&quot;:&quot;&quot;,&quot;orientation&quot;:&quot;0&quot;}\" data-image-title=\"auto_auto_auto_vasilirama159446708117499232381769357390-900&#215;570\" data-image-description=\"\" data-image-caption=\"\" data-medium-file=\"https:\/\/i0.wp.com\/www.shqiperia.com\/blog\/wp-content\/uploads\/2026\/04\/auto_auto_auto_vasilirama159446708117499232381769357390-900x570-1.jpeg?fit=300%2C190&amp;ssl=1\" data-large-file=\"https:\/\/i0.wp.com\/www.shqiperia.com\/blog\/wp-content\/uploads\/2026\/04\/auto_auto_auto_vasilirama159446708117499232381769357390-900x570-1.jpeg?fit=900%2C570&amp;ssl=1\" class=\"alignnone  wp-image-99725\" alt=\"\" src=\"https:\/\/i0.wp.com\/www.shqiperia.com\/blog\/wp-content\/uploads\/2026\/04\/auto_auto_auto_vasilirama159446708117499232381769357390-900x570-1.jpeg?resize=609%2C386&#038;ssl=1\" width=\"609\" height=\"386\" srcset=\"https:\/\/i0.wp.com\/www.shqiperia.com\/blog\/wp-content\/uploads\/2026\/04\/auto_auto_auto_vasilirama159446708117499232381769357390-900x570-1.jpeg?resize=300%2C190&amp;ssl=1 300w, https:\/\/i0.wp.com\/www.shqiperia.com\/blog\/wp-content\/uploads\/2026\/04\/auto_auto_auto_vasilirama159446708117499232381769357390-900x570-1.jpeg?resize=768%2C486&amp;ssl=1 768w, https:\/\/i0.wp.com\/www.shqiperia.com\/blog\/wp-content\/uploads\/2026\/04\/auto_auto_auto_vasilirama159446708117499232381769357390-900x570-1.jpeg?resize=450%2C285&amp;ssl=1 450w, https:\/\/i0.wp.com\/www.shqiperia.com\/blog\/wp-content\/uploads\/2026\/04\/auto_auto_auto_vasilirama159446708117499232381769357390-900x570-1.jpeg?resize=600%2C380&amp;ssl=1 600w, https:\/\/i0.wp.com\/www.shqiperia.com\/blog\/wp-content\/uploads\/2026\/04\/auto_auto_auto_vasilirama159446708117499232381769357390-900x570-1.jpeg?resize=400%2C253&amp;ssl=1 400w, https:\/\/i0.wp.com\/www.shqiperia.com\/blog\/wp-content\/uploads\/2026\/04\/auto_auto_auto_vasilirama159446708117499232381769357390-900x570-1.jpeg?w=900&amp;ssl=1 900w\" sizes=\"auto, (max-width: 609px) 100vw, 609px\" \/><\/p>\n<p>29 Prill 2026<\/p>\n<p>Kontrolli i Lart\u00eb i Shtetit konstaton miliarda euro t\u00eb shp\u00ebrdoruara me firm\u00ebn e Ram\u00ebs, nd\u00ebrsa drejt\u00ebsia hesht.<\/p>\n<p>Drejt\u00ebsia sot \u00ebsht\u00eb kthyer n\u00eb nj\u00eb bunker ku strehohet Rama sa her\u00eb q\u00eb ka probleme t\u00eb m\u00ebdha apo zbulohen vjedhje kolosale u shpreh Petrit Vasili.<\/p>\n<p>N\u00eb vend q\u00eb t\u00eb ngrihej n\u00eb k\u00ebmb\u00eb dhe t\u00eb b\u00ebnte nat\u00ebn dit\u00eb p\u00ebrpara grabitjeve kolosale t\u00eb Ram\u00ebs dhe qeveris\u00eb s\u00eb tij, p\u00ebrkundrazi drejt\u00ebsia mbyll goj\u00ebn, syt\u00eb, vesh\u00ebt dhe mbyll dyert dhe nuk vepron.<\/p>\n<p>B\u00ebmat e Ram\u00ebs kan\u00eb kaluar edhe oqeanet dhe mbushin faqet e gazetave m\u00eb t\u00eb m\u00ebdha t\u00eb globit, por nuk e l\u00ebvizin asnj\u00eb milimet\u00ebr drejt\u00ebsin\u00eb, q\u00eb traun e Ram\u00ebs nuk e sheh, nd\u00ebrsa p\u00ebr opozitar\u00ebt k\u00ebrkon edhe qimen p\u00ebr ta b\u00ebr\u00eb tra.<\/p>\n<p>Kontrolli i Lart\u00eb i Shtetit konstaton miliarda euro t\u00eb shp\u00ebrdoruara me firm\u00ebn e Ram\u00ebs, nd\u00ebrsa drejt\u00ebsia hesht.<\/p>\n<p>Faktet dhe ngjarjet ku Rama \u00ebsht\u00eb p\u00ebrgjegj\u00ebs ul\u00ebrijn\u00eb, nd\u00ebrsa drejt\u00ebsia si mburoj\u00eb e tij thjesht po kalbet, po degradon dhe po shihet me neveri nga qytetar\u00ebt.<\/p>\n<p>B\u00ebmat e Edi Ram\u00ebs nuk mund t\u00eb mbyllen asnj\u00ebher\u00eb:<\/p>\n<p>Ja ku jan\u00eb vet\u00ebm nj\u00eb pjes\u00eb e fajeve personale t\u00eb Ram\u00ebs:<\/p>\n<p>1. Edi Rama, n\u00eb kund\u00ebrshtim me \u00e7do ligj n\u00eb fuqi, m\u00eb dat\u00eb 7.12.2016, firmosi dh\u00ebnien e bonusit prej 8% t\u00eb pik\u00ebve kompanis\u00eb Integrated Energy BV sh.p.k p\u00ebr procedur\u00ebn e konkurrimit, p\u00ebr nd\u00ebrtimin e inceneratorit t\u00eb Tiran\u00ebs, por q\u00eb n\u00eb fakt kjo kompani nuk ekzistonte n\u00eb momentin q\u00eb Kryeministri firmosi bonusin q\u00eb e favorizonte n\u00eb procedur\u00ebn konkurruese.<\/p>\n<p>2. Edi Rama ka firmosur n\u00eb kund\u00ebrshtim me ligjin \u201cP\u00ebr koncesionet dhe Partneritetin Publik\/Privat\u201d, p\u00ebr negocimin pa shpallje t\u00eb kontrat\u00ebs koncesionare p\u00ebr nd\u00ebrtimin e inceneratorit t\u00eb Elbasanit, edhe pasi Sekretari i P\u00ebrgjithsh\u00ebm i K\u00ebshillit t\u00eb Ministrave, Engj\u00ebll Aga\u00e7i, u njoftua zyrtarisht nga Drejtori i Agjencis\u00eb s\u00eb Prokurimeve Publike, z. Eduard Ahmeti, se procedura e p\u00ebrzgjedhur p\u00ebr dh\u00ebnien e k\u00ebtij koncesioni, negocim pa shpallje, \u00ebsht\u00eb e paligjshme.<\/p>\n<p>3. Edi Rama nuk ka vepruar q\u00ebllimisht, megjith\u00ebse \u00ebsht\u00eb njohur bot\u00ebrisht prej koh\u00ebsh p\u00ebr firm\u00ebn e paligjshme t\u00eb Erion Veliaj p\u00ebr miratimin e koncesionit 30-vje\u00e7ar t\u00eb inceneratorit fantazm\u00eb t\u00eb Tiran\u00ebs, n\u00eb shmangie t\u00eb vendimmarrjes s\u00eb K\u00ebshillit Bashkiak t\u00eb Tiran\u00ebs dhe n\u00eb shkelje t\u00eb ligjit.<\/p>\n<p>4. Edi Rama \u00ebsht\u00eb p\u00ebrfshir\u00eb kok\u00eb e k\u00ebmb\u00eb n\u00eb afer\u00ebn McGonigal, ku p\u00ebrgjegj\u00ebsit\u00eb e tij jan\u00eb shum\u00eb t\u00eb r\u00ebnda dhe t\u00eb certifikuara n\u00eb procesin penal n\u00eb SHBA.<\/p>\n<p>5. Edi Rama \u00ebsht\u00eb p\u00ebrgjegj\u00ebsi kryesor i certifikuar n\u00eb \u00e7\u00ebshtjen Becchetti, ku p\u00ebr shkak t\u00eb Ram\u00ebs humb\u00ebn 150 milion\u00eb euro dhe ku deklaratat e tij ishin p\u00ebrcaktuese n\u00eb humbjen e arbitrazhit.<\/p>\n<p>6. Edi Rama \u00ebsht\u00eb p\u00ebrgjegj\u00ebsi i vet\u00ebm p\u00ebr mosveprimet e tij t\u00eb q\u00ebllimshme, kur u informua me shkres\u00eb zyrtare nga Ministri i Drejt\u00ebsis\u00eb n\u00eb prill 2017 p\u00ebr rrezikun e humbjes s\u00eb 2 miliard\u00eb eurove n\u00eb arbitrazhe.<\/p>\n<p>7. Edi Rama \u00ebsht\u00eb p\u00ebrgjegj\u00ebsi kryesor p\u00ebr afer\u00ebn e shembjes s\u00eb Teatrit Komb\u00ebtar, p\u00ebr t\u00eb cilin ka vendim t\u00eb Gjykat\u00ebs Kushtetuese, ku ai miratoi ligj t\u00eb personalizuar p\u00ebr nj\u00eb kompani, n\u00eb shkelje t\u00eb hapur t\u00eb interesit publik dhe duke e prishur n\u00eb kulmin e pandemis\u00eb dhe t\u00eb gjendjes s\u00eb jasht\u00ebzakonshme, duke rrezikuar n\u00eb m\u00ebnyr\u00eb kriminale sh\u00ebndetin e njer\u00ebzve.<\/p>\n<p>8. Edi Rama \u00ebsht\u00eb p\u00ebrgjegj\u00ebsi kryesor i certifikuar p\u00ebr afer\u00ebn e Portit t\u00eb Durr\u00ebsit, ku u shkel \u00e7do ligj, ku u shkel Marr\u00ebveshja e Stabilizim-Asociimit dhe ku Parlamenti Europian dhe BE u shpreh\u00ebn qart\u00eb dhe nd\u00ebrpren\u00eb edhe kredit\u00eb.<\/p>\n<p>9. Edi Rama \u00ebsht\u00eb p\u00ebrgjegj\u00ebsi kryesor p\u00ebr afer\u00ebn e Bordit t\u00eb \u00e7mimeve t\u00eb ushqimeve dhe naft\u00ebs, ku bashk\u00eb me oligark\u00ebt klient\u00eb t\u00eb tij, t\u00eb ulur n\u00eb tavolin\u00ebn e Bordit, grabit\u00ebn qindra milion\u00eb euro qytetar\u00ebve dhe t\u00eb cilin Gjykata Kushtetuese e rr\u00ebzoi.<\/p>\n<p>10. Edi Rama \u00ebsht\u00eb p\u00ebrgjegj\u00ebsi direkt p\u00ebr k\u00ebrc\u00ebnimin e oficerit t\u00eb policis\u00eb Emiljano Nuhu p\u00ebr denoncimet e tij ndaj Taulant Ball\u00ebs, gj\u00eb q\u00eb e detyroi t\u00eb largohej nga Shqip\u00ebria dhe t\u00eb merrej n\u00eb mbrojtje nga nj\u00eb shtet i huaj.<\/p>\n<p>11. Edi Rama \u00ebsht\u00eb p\u00ebrgjegj\u00ebs p\u00ebr veprimet e tij gjat\u00eb pandemis\u00eb, kur deklaroi se maskat dhe testet jan\u00eb t\u00eb panevojshme, nd\u00ebrkoh\u00eb q\u00eb OBSH k\u00ebrkonte \u201ctestim, testim, testim\u201d, si dhe p\u00ebr mosdh\u00ebnien p\u00ebr muaj me radh\u00eb t\u00eb asnj\u00eb rimbursimi p\u00ebr ila\u00e7et p\u00ebr qindra mij\u00ebra shqiptar\u00eb q\u00eb vuanin COVID-in n\u00eb sht\u00ebpi.<\/p>\n<p>12. Edi Rama \u00ebsht\u00eb p\u00ebrgjegj\u00ebs p\u00ebr miratimin e paligjsh\u00ebm t\u00eb tij, si dhe p\u00ebr mosmarrjen e masave p\u00ebr nd\u00ebrprerjen e koncesionit t\u00eb sterilizimit; p\u00ebrkundrazi, ai me nd\u00ebrgjegje vazhdoi t\u00eb mashtronte opinionin publik jo vet\u00ebm p\u00ebrpara, por edhe pasi SPAK kishte filluar arrestimet p\u00ebr k\u00ebt\u00eb afer\u00eb.<\/p>\n<p>13. Edi Rama \u00ebsht\u00eb p\u00ebrgjegj\u00ebs personalisht p\u00ebr dosjen 184 t\u00eb zgjedhjeve n\u00eb Dib\u00ebr, ku vet\u00eb Rama, me z\u00ebrin e tij, v\u00ebrtetohet si pjes\u00eb aktive e krimit zgjedhor.<\/p>\n<p>14. N\u00eb deklaratat q\u00eb policia e shtetit t\u00eb hiqte uniformat dhe t\u00eb b\u00ebnte vota p\u00ebr partin\u00eb e Ram\u00ebs.<\/p>\n<p>15. P\u00ebr kontaktet e tij n\u00eb zyr\u00ebn e kryeministrit me personazhe t\u00eb narkotrafikut nd\u00ebrkomb\u00ebtar.<\/p>\n<p>16. P\u00ebr veprimet antishtet\u00ebrore personale tep\u00ebr t\u00eb r\u00ebnda lidhur me kufijt\u00eb detar\u00eb t\u00eb Republik\u00ebs s\u00eb Shqip\u00ebris\u00eb, t\u00eb denoncuara publikisht nga Presidenti Meta.<\/p>\n<p>17. Afera e AKSH dhe p\u00ebrfshirja familjare e Ram\u00ebs.<\/p>\n<p>18. Ekoparku n\u00eb Durr\u00ebs dhe p\u00ebrfshirja familjare e Ram\u00ebs.<\/p>\n","protected":false},"excerpt":{"rendered":"<p>29 Prill 2026 Kontrolli i Lart\u00eb i Shtetit konstaton miliarda euro t\u00eb shp\u00ebrdoruara me firm\u00ebn e Ram\u00ebs, nd\u00ebrsa drejt\u00ebsia hesht. Drejt\u00ebsia sot \u00ebsht\u00eb kthyer n\u00eb nj\u00eb bunker ku strehohet Rama sa her\u00eb q\u00eb ka probleme t\u00eb m\u00ebdha apo zbulohen vjedhje kolosale u shpreh Petrit Vasili. N\u00eb vend q\u00eb t\u00eb ngrihej n\u00eb k\u00ebmb\u00eb dhe t\u00eb b\u00ebnte [&hellip;]<\/p>\n","protected":false},"author":9,"featured_media":99725,"comment_status":"open","ping_status":"open","sticky":false,"template":"","format":"standard","meta":{"jetpack_post_was_ever_published":false,"_jetpack_newsletter_access":"","_jetpack_dont_email_post_to_subs":false,"_jetpack_newsletter_tier_id":0,"_jetpack_memberships_contains_paywalled_content":false,"_jetpack_memberships_contains_paid_content":false,"footnotes":"","jetpack_publicize_message":"","jetpack_publicize_feature_enabled":true,"jetpack_social_post_already_shared":true,"jetpack_social_options":{"image_generator_settings":{"template":"highway","default_image_id":0,"font":"","enabled":false},"version":2}},"categories":[1,2,35],"tags":[],"class_list":["post-99724","post","type-post","status-publish","format-standard","has-post-thumbnail","hentry","category-njoftime-shtypi","category-politika","category-shoqerore"],"jetpack_publicize_connections":[],"jetpack_featured_media_url":"https:\/\/i0.wp.com\/www.shqiperia.com\/blog\/wp-content\/uploads\/2026\/04\/auto_auto_auto_vasilirama159446708117499232381769357390-900x570-1.jpeg?fit=900%2C570&ssl=1","jetpack_sharing_enabled":true,"jetpack_shortlink":"https:\/\/wp.me\/p5Z6wp-pWs","jetpack-related-posts":[{"id":77900,"url":"https:\/\/www.shqiperia.com\/blog\/drejtesia-me-regji-e-kapur-nga-rama-eshte-kthyer-ne-polici-politike\/","url_meta":{"origin":99724,"position":0},"title":"&#8220;Drejt\u00ebsia me regji e kapur nga Rama \u00ebsht\u00eb kthyer n\u00eb polici politike&#8221;","author":"Kurt Farka","date":"February 3, 2024","format":false,"excerpt":"3 Shkurt 2024 Intervista e Arben Ahmetajt dy net m\u00eb par\u00eb p\u00ebr n\u00ebnkryetarin e Partis\u00eb s\u00eb Liris\u00eb, Petrit Vasili, tregoi dimensionet e portretit mafioz t\u00eb kryeministrit Edi Rama. \u201cOmerta\u201d, kercenime me vdekje, korrupsion, dimensionet e portretit mafioz te Edi Rames! Dimensionet e mesiperme te Edi Rames moren tashme nje vul\u00eb\u2026","rel":"","context":"In &quot;Blogu i Udh\u00ebtarit&quot;","block_context":{"text":"Blogu i Udh\u00ebtarit","link":"https:\/\/www.shqiperia.com\/blog\/category\/blogu-i-udhetarit\/"},"img":{"alt_text":"","src":"https:\/\/i0.wp.com\/www.shqiperia.com\/blog\/wp-content\/uploads\/2024\/02\/edi-rama-albania.jpg?fit=760%2C507&ssl=1&resize=350%2C200","width":350,"height":200,"srcset":"https:\/\/i0.wp.com\/www.shqiperia.com\/blog\/wp-content\/uploads\/2024\/02\/edi-rama-albania.jpg?fit=760%2C507&ssl=1&resize=350%2C200 1x, https:\/\/i0.wp.com\/www.shqiperia.com\/blog\/wp-content\/uploads\/2024\/02\/edi-rama-albania.jpg?fit=760%2C507&ssl=1&resize=525%2C300 1.5x, https:\/\/i0.wp.com\/www.shqiperia.com\/blog\/wp-content\/uploads\/2024\/02\/edi-rama-albania.jpg?fit=760%2C507&ssl=1&resize=700%2C400 2x"},"classes":[]},{"id":81476,"url":"https:\/\/www.shqiperia.com\/blog\/vasili-funerali-i-reformes-ne-drejtesi-komisioni-i-posacem-10-mujor\/","url_meta":{"origin":99724,"position":1},"title":"Vasili: &#8211; Funerali i Reform\u00ebs n\u00eb Drejt\u00ebsi! &#8211; Komisioni i Posa\u00e7\u00ebm 10 mujor","author":"Kurt Farka","date":"May 30, 2024","format":false,"excerpt":"30 Maji 2024 Deputeti i Partis\u00eb s\u00eb Liris\u00eb Petrit Vasili deklaron se Komisioni i Posa\u00e7\u00ebm 10 mujor p\u00ebr anti-korrupsionin q\u00eb do t\u00eb miratohet sot nga Kuvendi \u00ebsht\u00eb thjesht funerali i Reform\u00ebs n\u00eb Drejt\u00ebsi! REAGIMI I VASILIT Vendimi p\u00ebr ngritjen e Komisionit t\u00eb Posa\u00e7em 10 mujor p\u00ebr Antikorrupsionin, Komision me afat\u2026","rel":"","context":"In &quot;Blogu i Udh\u00ebtarit&quot;","block_context":{"text":"Blogu i Udh\u00ebtarit","link":"https:\/\/www.shqiperia.com\/blog\/category\/blogu-i-udhetarit\/"},"img":{"alt_text":"","src":"https:\/\/i0.wp.com\/www.shqiperia.com\/blog\/wp-content\/uploads\/2024\/05\/foto-reforma-opt.jpg?fit=852%2C488&ssl=1&resize=350%2C200","width":350,"height":200,"srcset":"https:\/\/i0.wp.com\/www.shqiperia.com\/blog\/wp-content\/uploads\/2024\/05\/foto-reforma-opt.jpg?fit=852%2C488&ssl=1&resize=350%2C200 1x, https:\/\/i0.wp.com\/www.shqiperia.com\/blog\/wp-content\/uploads\/2024\/05\/foto-reforma-opt.jpg?fit=852%2C488&ssl=1&resize=525%2C300 1.5x, https:\/\/i0.wp.com\/www.shqiperia.com\/blog\/wp-content\/uploads\/2024\/05\/foto-reforma-opt.jpg?fit=852%2C488&ssl=1&resize=700%2C400 2x"},"classes":[]},{"id":23351,"url":"https:\/\/www.shqiperia.com\/blog\/rama-kryeministri-me-hajdut-me-arrogant-dhe-me-mashtrues-basha-takime-ne-lezhe-drejtesia-teresisht-e-privatizuar\/","url_meta":{"origin":99724,"position":2},"title":"\u201cRama, kryeministri m\u00eb hajdut, m\u00eb arrogant dhe m\u00eb mashtrues\u201d-Basha takime n\u00eb Lezh\u00eb: Drejt\u00ebsia t\u00ebr\u00ebsisht e privatizuar","author":"Kurt Farka","date":"July 21, 2019","format":false,"excerpt":"\u201cRama, kryeministri m\u00eb hajdut, m\u00eb arrogant dhe m\u00eb mashtrues\u201d-Basha takime n\u00eb Lezh\u00eb: Drejt\u00ebsia t\u00ebr\u00ebsisht e privatizuar \u00a0 N\u00eb takimin me demokrat\u00ebt e Lezh\u00ebs, kreu i opozit\u00ebs e konsideroi Edi Ram\u00ebn si problemin m\u00eb t\u00eb madh p\u00ebr ekonomin\u00eb, papun\u00ebsin\u00eb dhe shkat\u00ebrrimin e drejt\u00ebsis\u00eb. \u00a0 Zoti Basha iu referua skandalit t\u00eb Gjykat\u00ebs\u2026","rel":"","context":"In &quot;Politika&quot;","block_context":{"text":"Politika","link":"https:\/\/www.shqiperia.com\/blog\/category\/politika\/"},"img":{"alt_text":"","src":"https:\/\/i0.wp.com\/www.shqiperia.com\/blog\/wp-content\/uploads\/2019\/07\/1558515096_edirama.jpg?fit=539%2C305&ssl=1&resize=350%2C200","width":350,"height":200,"srcset":"https:\/\/i0.wp.com\/www.shqiperia.com\/blog\/wp-content\/uploads\/2019\/07\/1558515096_edirama.jpg?fit=539%2C305&ssl=1&resize=350%2C200 1x, https:\/\/i0.wp.com\/www.shqiperia.com\/blog\/wp-content\/uploads\/2019\/07\/1558515096_edirama.jpg?fit=539%2C305&ssl=1&resize=525%2C300 1.5x"},"classes":[]},{"id":29099,"url":"https:\/\/www.shqiperia.com\/blog\/spartak-ngjela-flet-me-emra-dhe-ben-paralajmerimin-bombe-zbulon-3-politikanet-qe-do-te-fundosen-se-shpejti-gjendja-eshte-shume-e-rende-nuk-shpetojne-dot-nga-kontrolli\/","url_meta":{"origin":99724,"position":3},"title":"Spartak Ngjela flet me emra dhe b\u00ebn paralajm\u00ebrimin \u201cbomb\u00eb\u201d, zbulon 3 politikan\u00ebt q\u00eb do t\u00eb fundosen s\u00eb shpejti: Gjendja \u00ebsht\u00eb shum\u00eb e r\u00ebnd\u00eb! Nuk shp\u00ebtojn\u00eb dot nga kontrolli. &#8211;","author":"Kurt Farka","date":"December 9, 2019","format":false,"excerpt":"Spartak Ngjela flet me emra dhe b\u00ebn paralajm\u00ebrimin \u201cbomb\u00eb\u201d, zbulon 3 politikan\u00ebt q\u00eb do t\u00eb fundosen s\u00eb shpejti: Gjendja \u00ebsht\u00eb shum\u00eb e r\u00ebnd\u00eb! Nuk shp\u00ebtojn\u00eb dot nga kontrolli 08\/12\/2019 Avokat Spartak Ngjela deklaroi se tre persona jan\u00eb p\u00ebrgjegj\u00ebs p\u00ebr pasojat e t\u00ebrmetit shkat\u00ebrrues q\u00eb goditi vendin ton\u00eb m\u00ebngjesin e 26\u2026","rel":"","context":"In &quot;Blogu i Udh\u00ebtarit&quot;","block_context":{"text":"Blogu i Udh\u00ebtarit","link":"https:\/\/www.shqiperia.com\/blog\/category\/blogu-i-udhetarit\/"},"img":{"alt_text":"","src":"https:\/\/i0.wp.com\/www.shqiperia.com\/blog\/wp-content\/uploads\/2019\/12\/maxresdefault.jpg?fit=1200%2C675&ssl=1&resize=350%2C200","width":350,"height":200,"srcset":"https:\/\/i0.wp.com\/www.shqiperia.com\/blog\/wp-content\/uploads\/2019\/12\/maxresdefault.jpg?fit=1200%2C675&ssl=1&resize=350%2C200 1x, https:\/\/i0.wp.com\/www.shqiperia.com\/blog\/wp-content\/uploads\/2019\/12\/maxresdefault.jpg?fit=1200%2C675&ssl=1&resize=525%2C300 1.5x, https:\/\/i0.wp.com\/www.shqiperia.com\/blog\/wp-content\/uploads\/2019\/12\/maxresdefault.jpg?fit=1200%2C675&ssl=1&resize=700%2C400 2x, https:\/\/i0.wp.com\/www.shqiperia.com\/blog\/wp-content\/uploads\/2019\/12\/maxresdefault.jpg?fit=1200%2C675&ssl=1&resize=1050%2C600 3x"},"classes":[]},{"id":76433,"url":"https:\/\/www.shqiperia.com\/blog\/vasili-skaneri-i-burgut-te-peqinit-nuk-punon-i-kuvendit-po-deputetet-i-kontrollojne-te-burgosurit-i\/","url_meta":{"origin":99724,"position":4},"title":"Vasili: &#8211; Skaneri i burgut t\u00eb Peqinit nuk punon, i Kuvendit po. &#8211; Deputet\u00ebt i kontrollojn\u00eb, t\u00eb burgosurit i &#8230;","author":"Kurt Farka","date":"December 17, 2023","format":false,"excerpt":"17 Dhjetor 2023 Deputeti i Partis\u00eb s\u00eb Liris\u00eb Petrit Vasili \u00ebsht\u00eb shprehur p\u00ebrmes nj\u00eb reagimi n\u00eb rrjetet sociale se ai dhe koleg\u00ebt e tij t\u00eb opozit\u00ebs i n\u00ebnshtrohen nj\u00eb kontrolli me skaner e kamera n\u00eb Kuvend, me t\u00eb cilin as t\u00eb burgosurit nuk p\u00ebrballen. Ai shtoi se skaneri i burgut\u2026","rel":"","context":"In &quot;Blogu i Udh\u00ebtarit&quot;","block_context":{"text":"Blogu i Udh\u00ebtarit","link":"https:\/\/www.shqiperia.com\/blog\/category\/blogu-i-udhetarit\/"},"img":{"alt_text":"","src":"https:\/\/i0.wp.com\/www.shqiperia.com\/blog\/wp-content\/uploads\/2023\/12\/640-0-4d19a7a2680ed903d577a1ce7acc5692.jpg?fit=640%2C360&ssl=1&resize=350%2C200","width":350,"height":200,"srcset":"https:\/\/i0.wp.com\/www.shqiperia.com\/blog\/wp-content\/uploads\/2023\/12\/640-0-4d19a7a2680ed903d577a1ce7acc5692.jpg?fit=640%2C360&ssl=1&resize=350%2C200 1x, https:\/\/i0.wp.com\/www.shqiperia.com\/blog\/wp-content\/uploads\/2023\/12\/640-0-4d19a7a2680ed903d577a1ce7acc5692.jpg?fit=640%2C360&ssl=1&resize=525%2C300 1.5x"},"classes":[]},{"id":78347,"url":"https:\/\/www.shqiperia.com\/blog\/petrit-vasili-ilir-beqaj-eshte-me-akuze-eshte-i-lire-ndersa-sali-berisha-eshte-pa-akuze-ne-arrest-shtepie\/","url_meta":{"origin":99724,"position":5},"title":"Petrit Vasili: &#8211; Ilir Beqaj \u00ebsht\u00eb me akuz\u00eb \u00ebsht\u00eb i lir\u00eb, nd\u00ebrsa Sali Berisha \u00ebsht\u00eb pa akuz\u00eb n\u00eb arrest sht\u00ebpie.","author":"Kurt Farka","date":"February 16, 2024","format":false,"excerpt":"16 Shkurt 2024 N\u00ebnkryetari i Partis\u00eb s\u00eb Liris\u00eb, Petrit Vasili i ftuar n\u00eb nj\u00eb studio televizive, tha se hapi i sot\u00ebm i opozit\u00ebs me krijimin e federat\u00ebs \u00ebsht\u00eb p\u00ebrgjigja p\u00ebr mazhoranc\u00ebn aktuale, e cila p\u00ebr t\u00eb nuk \u00ebsht\u00eb e konsoliduar p\u00ebr sa koh\u00eb blen masivisht votat. \u201cNuk m\u00eb duket nj\u00eb\u2026","rel":"","context":"In &quot;Blogu i Udh\u00ebtarit&quot;","block_context":{"text":"Blogu i Udh\u00ebtarit","link":"https:\/\/www.shqiperia.com\/blog\/category\/blogu-i-udhetarit\/"},"img":{"alt_text":"","src":"https:\/\/i0.wp.com\/www.shqiperia.com\/blog\/wp-content\/uploads\/2024\/02\/800-0-65cfb4d286743.jpg?fit=647%2C395&ssl=1&resize=350%2C200","width":350,"height":200,"srcset":"https:\/\/i0.wp.com\/www.shqiperia.com\/blog\/wp-content\/uploads\/2024\/02\/800-0-65cfb4d286743.jpg?fit=647%2C395&ssl=1&resize=350%2C200 1x, https:\/\/i0.wp.com\/www.shqiperia.com\/blog\/wp-content\/uploads\/2024\/02\/800-0-65cfb4d286743.jpg?fit=647%2C395&ssl=1&resize=525%2C300 1.5x"},"classes":[]}],"_links":{"self":[{"href":"https:\/\/www.shqiperia.com\/blog\/wp-json\/wp\/v2\/posts\/99724","targetHints":{"allow":["GET"]}}],"collection":[{"href":"https:\/\/www.shqiperia.com\/blog\/wp-json\/wp\/v2\/posts"}],"about":[{"href":"https:\/\/www.shqiperia.com\/blog\/wp-json\/wp\/v2\/types\/post"}],"author":[{"embeddable":true,"href":"https:\/\/www.shqiperia.com\/blog\/wp-json\/wp\/v2\/users\/9"}],"replies":[{"embeddable":true,"href":"https:\/\/www.shqiperia.com\/blog\/wp-json\/wp\/v2\/comments?post=99724"}],"version-history":[{"count":1,"href":"https:\/\/www.shqiperia.com\/blog\/wp-json\/wp\/v2\/posts\/99724\/revisions"}],"predecessor-version":[{"id":99726,"href":"https:\/\/www.shqiperia.com\/blog\/wp-json\/wp\/v2\/posts\/99724\/revisions\/99726"}],"wp:featuredmedia":[{"embeddable":true,"href":"https:\/\/www.shqiperia.com\/blog\/wp-json\/wp\/v2\/media\/99725"}],"wp:attachment":[{"href":"https:\/\/www.shqiperia.com\/blog\/wp-json\/wp\/v2\/media?parent=99724"}],"wp:term":[{"taxonomy":"category","embeddable":true,"href":"https:\/\/www.shqiperia.com\/blog\/wp-json\/wp\/v2\/categories?post=99724"},{"taxonomy":"post_tag","embeddable":true,"href":"https:\/\/www.shqiperia.com\/blog\/wp-json\/wp\/v2\/tags?post=99724"}],"curies":[{"name":"wp","href":"https:\/\/api.w.org\/{rel}","templated":true}]}}