{"id":99721,"date":"2026-04-29T08:17:32","date_gmt":"2026-04-29T08:17:32","guid":{"rendered":"https:\/\/www.shqiperia.com\/blog\/?p=99721"},"modified":"2026-04-29T08:17:32","modified_gmt":"2026-04-29T08:17:32","slug":"kosto-ne-rritje-per-fermeret-shtrenjtohen-punimet-plehrat-dhe-nafta-rrezikohet-prodhimi-bujqesor","status":"publish","type":"post","link":"https:\/\/www.shqiperia.com\/blog\/kosto-ne-rritje-per-fermeret-shtrenjtohen-punimet-plehrat-dhe-nafta-rrezikohet-prodhimi-bujqesor\/","title":{"rendered":"Kosto n\u00eb rritje p\u00ebr fermer\u00ebt, shtrenjtohen punimet, plehrat dhe nafta, rrezikohet prodhimi bujq\u00ebsor"},"content":{"rendered":"<div class=\"firstP\">\n<p><img data-recalc-dims=\"1\" loading=\"lazy\" decoding=\"async\" data-attachment-id=\"99722\" data-permalink=\"https:\/\/www.shqiperia.com\/blog\/kosto-ne-rritje-per-fermeret-shtrenjtohen-punimet-plehrat-dhe-nafta-rrezikohet-prodhimi-bujqesor\/images_sd-6-800x450\/\" data-orig-file=\"https:\/\/i0.wp.com\/www.shqiperia.com\/blog\/wp-content\/uploads\/2026\/04\/images_sd-6-800x450-1.webp?fit=800%2C450&amp;ssl=1\" data-orig-size=\"800,450\" data-comments-opened=\"1\" data-image-meta=\"{&quot;aperture&quot;:&quot;0&quot;,&quot;credit&quot;:&quot;&quot;,&quot;camera&quot;:&quot;&quot;,&quot;caption&quot;:&quot;&quot;,&quot;created_timestamp&quot;:&quot;0&quot;,&quot;copyright&quot;:&quot;&quot;,&quot;focal_length&quot;:&quot;0&quot;,&quot;iso&quot;:&quot;0&quot;,&quot;shutter_speed&quot;:&quot;0&quot;,&quot;title&quot;:&quot;&quot;,&quot;orientation&quot;:&quot;0&quot;}\" data-image-title=\"images_sd-6-800&#215;450\" data-image-description=\"\" data-image-caption=\"\" data-medium-file=\"https:\/\/i0.wp.com\/www.shqiperia.com\/blog\/wp-content\/uploads\/2026\/04\/images_sd-6-800x450-1.webp?fit=300%2C169&amp;ssl=1\" data-large-file=\"https:\/\/i0.wp.com\/www.shqiperia.com\/blog\/wp-content\/uploads\/2026\/04\/images_sd-6-800x450-1.webp?fit=800%2C450&amp;ssl=1\" class=\"alignnone  wp-image-99722\" alt=\"\" src=\"https:\/\/i0.wp.com\/www.shqiperia.com\/blog\/wp-content\/uploads\/2026\/04\/images_sd-6-800x450-1.webp?resize=520%2C293&#038;ssl=1\" width=\"520\" height=\"293\" srcset=\"https:\/\/i0.wp.com\/www.shqiperia.com\/blog\/wp-content\/uploads\/2026\/04\/images_sd-6-800x450-1.webp?resize=300%2C169&amp;ssl=1 300w, https:\/\/i0.wp.com\/www.shqiperia.com\/blog\/wp-content\/uploads\/2026\/04\/images_sd-6-800x450-1.webp?resize=768%2C432&amp;ssl=1 768w, https:\/\/i0.wp.com\/www.shqiperia.com\/blog\/wp-content\/uploads\/2026\/04\/images_sd-6-800x450-1.webp?resize=450%2C253&amp;ssl=1 450w, https:\/\/i0.wp.com\/www.shqiperia.com\/blog\/wp-content\/uploads\/2026\/04\/images_sd-6-800x450-1.webp?resize=600%2C338&amp;ssl=1 600w, https:\/\/i0.wp.com\/www.shqiperia.com\/blog\/wp-content\/uploads\/2026\/04\/images_sd-6-800x450-1.webp?resize=400%2C225&amp;ssl=1 400w, https:\/\/i0.wp.com\/www.shqiperia.com\/blog\/wp-content\/uploads\/2026\/04\/images_sd-6-800x450-1.webp?w=800&amp;ssl=1 800w\" sizes=\"auto, (max-width: 520px) 100vw, 520px\" \/><\/p>\n<p>29 Prill 2026<\/p>\n<p>Rritja e \u00e7mimeve t\u00eb inputeve bujq\u00ebsore, si urea, nitrati dhe \u00e7mimi i naft\u00ebs, po ndikon drejtp\u00ebrdrejt n\u00eb sektorin e bujq\u00ebsis\u00eb n\u00eb qarkun e Gjirokastr\u00ebs.<\/p>\n<\/div>\n<p>K\u00ebto kosto t\u00eb shtuara kan\u00eb v\u00ebshtir\u00ebsuar ndjesh\u00ebm pun\u00ebn e fermer\u00ebve, duke i vendosur ata p\u00ebrball\u00eb sfidave t\u00eb reja n\u00eb prag t\u00eb sezonit t\u00eb mbjelljeve.<\/p>\n<p>Fermeri Vangjel Kondi, t\u00eb cilin e gjet\u00ebm n\u00eb tok\u00ebn e tij duke u p\u00ebrgatitur p\u00ebr t\u00eb mbjell\u00eb mis\u00ebr, shprehet se edhe pse puna nuk ndalet, pasiguria p\u00ebr tregun e b\u00ebn k\u00ebt\u00eb vit m\u00eb pesimist. Sipas tij, \u00e7mimet e inputeve jan\u00eb rritur me rreth 25%, duke e b\u00ebr\u00eb m\u00eb t\u00eb v\u00ebshtir\u00eb p\u00ebrballimin e kostove dhe sigurimin e fitimit.<\/p>\n<p>T\u00eb nj\u00ebjtin shqet\u00ebsim ndan edhe specialisti i bujq\u00ebsis\u00eb, Balil Bineri, i cili thekson se kjo rritje \u00e7mimesh ka nj\u00eb ndikim t\u00eb drejtp\u00ebrdrejt\u00eb n\u00eb uljen e prodhimit vendas. Sipas tij, shum\u00eb fermer\u00eb po detyrohen t\u00eb reduktojn\u00eb sip\u00ebrfaqet e mbjella ose t\u00eb kufizojn\u00eb p\u00ebrdorimin e plehrave kimike, \u00e7ka rrezikon t\u00eb sjell\u00eb nj\u00eb prodhim m\u00eb t\u00eb ul\u00ebt dhe m\u00eb pak konkurrues n\u00eb treg.<\/p>\n<p>N\u00eb k\u00ebto kushte, bujq\u00ebsia n\u00eb Gjirokast\u00ebr p\u00ebrballet me nj\u00eb situat\u00eb delikate, ku kostot n\u00eb rritje dhe pasiguria e tregut po v\u00ebn\u00eb n\u00eb pik\u00ebpyetje jo vet\u00ebm prodhimin e k\u00ebtij viti, por edhe t\u00eb ardhmen e k\u00ebtij sektori jetik p\u00ebr ekonomin\u00eb lokale.<\/p>\n","protected":false},"excerpt":{"rendered":"<p>29 Prill 2026 Rritja e \u00e7mimeve t\u00eb inputeve bujq\u00ebsore, si urea, nitrati dhe \u00e7mimi i naft\u00ebs, po ndikon drejtp\u00ebrdrejt n\u00eb sektorin e bujq\u00ebsis\u00eb n\u00eb qarkun e Gjirokastr\u00ebs. K\u00ebto kosto t\u00eb shtuara kan\u00eb v\u00ebshtir\u00ebsuar ndjesh\u00ebm pun\u00ebn e fermer\u00ebve, duke i vendosur ata p\u00ebrball\u00eb sfidave t\u00eb reja n\u00eb prag t\u00eb sezonit t\u00eb mbjelljeve. Fermeri Vangjel Kondi, t\u00eb [&hellip;]<\/p>\n","protected":false},"author":9,"featured_media":99722,"comment_status":"open","ping_status":"open","sticky":false,"template":"","format":"standard","meta":{"jetpack_post_was_ever_published":false,"_jetpack_newsletter_access":"","_jetpack_dont_email_post_to_subs":false,"_jetpack_newsletter_tier_id":0,"_jetpack_memberships_contains_paywalled_content":false,"_jetpack_memberships_contains_paid_content":false,"footnotes":"","jetpack_publicize_message":"","jetpack_publicize_feature_enabled":true,"jetpack_social_post_already_shared":true,"jetpack_social_options":{"image_generator_settings":{"template":"highway","default_image_id":0,"font":"","enabled":false},"version":2}},"categories":[27,2,35],"tags":[],"class_list":["post-99721","post","type-post","status-publish","format-standard","has-post-thumbnail","hentry","category-blogu-i-udhetarit","category-politika","category-shoqerore"],"jetpack_publicize_connections":[],"jetpack_featured_media_url":"https:\/\/i0.wp.com\/www.shqiperia.com\/blog\/wp-content\/uploads\/2026\/04\/images_sd-6-800x450-1.webp?fit=800%2C450&ssl=1","jetpack_sharing_enabled":true,"jetpack_shortlink":"https:\/\/wp.me\/p5Z6wp-pWp","jetpack-related-posts":[{"id":68298,"url":"https:\/\/www.shqiperia.com\/blog\/braktisja-e-fshatit-dhe-kostot-e-larta-po-cojne-ne-tkurrjen-e-numrit-te-krereve-te-bagetive\/","url_meta":{"origin":99721,"position":0},"title":"Braktisja e fshatit dhe kostot e larta po \u00e7ojn\u00eb n\u00eb tkurrjen e numrit t\u00eb krer\u00ebve te bagetive","author":"Kurt Farka","date":"February 18, 2023","format":false,"excerpt":"18 Shkurt 2023 Sektori i blegtoris\u00eb, dega kryesore e bujq\u00ebsis\u00eb shqiptare, ka vijuar r\u00ebnien edhe vitin e kaluar, si n\u00eb krer\u00eb, edhe n\u00eb prodhim. Qarqet e Beratit, Durr\u00ebsit, Elbasanit dhe Lezh\u00ebs kan\u00eb pasur reduktimin m\u00eb t\u00eb fort\u00eb. Teksa konsumator\u00ebt po p\u00ebrballen me \u00e7mime t\u00eb larta t\u00eb bulmetit, blegtor\u00ebt po tkurrin\u2026","rel":"","context":"In &quot;Blogu i Udh\u00ebtarit&quot;","block_context":{"text":"Blogu i Udh\u00ebtarit","link":"https:\/\/www.shqiperia.com\/blog\/category\/blogu-i-udhetarit\/"},"img":{"alt_text":"","src":"https:\/\/i0.wp.com\/www.shqiperia.com\/blog\/wp-content\/uploads\/2023\/02\/kfgkk.jpg?fit=816%2C458&ssl=1&resize=350%2C200","width":350,"height":200,"srcset":"https:\/\/i0.wp.com\/www.shqiperia.com\/blog\/wp-content\/uploads\/2023\/02\/kfgkk.jpg?fit=816%2C458&ssl=1&resize=350%2C200 1x, https:\/\/i0.wp.com\/www.shqiperia.com\/blog\/wp-content\/uploads\/2023\/02\/kfgkk.jpg?fit=816%2C458&ssl=1&resize=525%2C300 1.5x, https:\/\/i0.wp.com\/www.shqiperia.com\/blog\/wp-content\/uploads\/2023\/02\/kfgkk.jpg?fit=816%2C458&ssl=1&resize=700%2C400 2x"},"classes":[]},{"id":78579,"url":"https:\/\/www.shqiperia.com\/blog\/braktisja-e-fshatit-cojne-ne-tkurrjen-e-numrit-te-krereve\/","url_meta":{"origin":99721,"position":1},"title":"Braktisja e fshatit \u00e7ojn\u00eb n\u00eb tkurrjen e numrit t\u00eb krer\u00ebve","author":"Kurt Farka","date":"February 24, 2024","format":false,"excerpt":"24 Shkurt 2024 Sektori i blegtoris\u00eb, dega kryesore e bujq\u00ebsis\u00eb shqiptare, ka vijuar r\u00ebnien edhe vitin e kaluar, si n\u00eb krer\u00eb, edhe n\u00eb prodhim. Qarqet e Beratit, Durr\u00ebsit, Elbasanit dhe Lezh\u00ebs kan\u00eb pasur reduktimin m\u00eb t\u00eb fort\u00eb. Teksa konsumator\u00ebt po p\u00ebrballen me \u00e7mime t\u00eb larta t\u00eb bulmetit, blegtor\u00ebt po tkurrin\u2026","rel":"","context":"In &quot;Blogu i Udh\u00ebtarit&quot;","block_context":{"text":"Blogu i Udh\u00ebtarit","link":"https:\/\/www.shqiperia.com\/blog\/category\/blogu-i-udhetarit\/"},"img":{"alt_text":"","src":"https:\/\/i0.wp.com\/www.shqiperia.com\/blog\/wp-content\/uploads\/2024\/02\/blegtoria-1.jpeg?fit=1000%2C669&ssl=1&resize=350%2C200","width":350,"height":200,"srcset":"https:\/\/i0.wp.com\/www.shqiperia.com\/blog\/wp-content\/uploads\/2024\/02\/blegtoria-1.jpeg?fit=1000%2C669&ssl=1&resize=350%2C200 1x, https:\/\/i0.wp.com\/www.shqiperia.com\/blog\/wp-content\/uploads\/2024\/02\/blegtoria-1.jpeg?fit=1000%2C669&ssl=1&resize=525%2C300 1.5x, https:\/\/i0.wp.com\/www.shqiperia.com\/blog\/wp-content\/uploads\/2024\/02\/blegtoria-1.jpeg?fit=1000%2C669&ssl=1&resize=700%2C400 2x"},"classes":[]},{"id":51219,"url":"https:\/\/www.shqiperia.com\/blog\/vendimi-i-qeverise-po-gropos-bujqesine-heqja-e-kompensimit-6-dhe-favorizimin-e-qumshteve-te-ambalazhuara-qe-importohen-nga-rajoni-etj\/","url_meta":{"origin":99721,"position":2},"title":"Vendimi i QEVERIS\u00cb po \u201cgropos\u201d BUJQ\u00cbSIN\u00cb! &#8211; Heqja e kompensimit 6%, dhe favorizimin e qumshteve t\u00eb ambalazhuara q\u00eb importohen nga rajoni etj.","author":"Kurt Farka","date":"November 9, 2021","format":false,"excerpt":"Vendimi i QEVERIS\u00cb po \u201cgropos\u201d BUJQ\u00cbSIN\u00cb! - Heqja e kompensimit 6%, dhe favorizimin e qumshteve t\u00eb ambalazhuara q\u00eb importohen nga rajoni etj. 9 N\u00cbNTOR 2021 Ndryshimi i skem\u00ebs s\u00eb TVSH-s\u00eb p\u00ebr fermerin po v\u00eb n\u00eb ng\u00ebr\u00e7 t\u00eb gjith\u00eb industrin\u00eb agrop\u00ebrpunese n\u00eb vend. Edhe pse Shqip\u00ebria \u00ebsht\u00eb vendi m\u00eb bujq\u00ebsor n\u00eb\u2026","rel":"","context":"In &quot;Blogu i Udh\u00ebtarit&quot;","block_context":{"text":"Blogu i Udh\u00ebtarit","link":"https:\/\/www.shqiperia.com\/blog\/category\/blogu-i-udhetarit\/"},"img":{"alt_text":"","src":"https:\/\/i0.wp.com\/www.shqiperia.com\/blog\/wp-content\/uploads\/2021\/11\/Hashash-ne-serat-e-shtetit-ne-Lushnje-mes-domateve-etj.jpg?fit=1068%2C598&ssl=1&resize=350%2C200","width":350,"height":200,"srcset":"https:\/\/i0.wp.com\/www.shqiperia.com\/blog\/wp-content\/uploads\/2021\/11\/Hashash-ne-serat-e-shtetit-ne-Lushnje-mes-domateve-etj.jpg?fit=1068%2C598&ssl=1&resize=350%2C200 1x, https:\/\/i0.wp.com\/www.shqiperia.com\/blog\/wp-content\/uploads\/2021\/11\/Hashash-ne-serat-e-shtetit-ne-Lushnje-mes-domateve-etj.jpg?fit=1068%2C598&ssl=1&resize=525%2C300 1.5x, https:\/\/i0.wp.com\/www.shqiperia.com\/blog\/wp-content\/uploads\/2021\/11\/Hashash-ne-serat-e-shtetit-ne-Lushnje-mes-domateve-etj.jpg?fit=1068%2C598&ssl=1&resize=700%2C400 2x, https:\/\/i0.wp.com\/www.shqiperia.com\/blog\/wp-content\/uploads\/2021\/11\/Hashash-ne-serat-e-shtetit-ne-Lushnje-mes-domateve-etj.jpg?fit=1068%2C598&ssl=1&resize=1050%2C600 3x"},"classes":[]},{"id":48458,"url":"https:\/\/www.shqiperia.com\/blog\/ministria-e-bujqesise-pranon-mbjelljen-e-kanabisit-ne-seren-e-lushnjes-kryhet-me-kerkese-te-prokurorise-dhe-policise-se-shtetit\/","url_meta":{"origin":99721,"position":3},"title":"Ministria e Bujq\u00ebsis\u00eb pranon mbjelljen e kanabisit n\u00eb ser\u00ebn e Lushnjes: &#8211; Kryhet me k\u00ebrkes\u00eb t\u00eb Prokuroris\u00eb dhe Policis\u00eb s\u00eb Shtetit","author":"Kurt Farka","date":"July 13, 2021","format":false,"excerpt":"Ministria e Bujq\u00ebsis\u00eb pranon mbjelljen e kanabisit n\u00eb ser\u00ebn e Lushnjes: - Kryhet me k\u00ebrkes\u00eb t\u00eb Prokuroris\u00eb dhe Policis\u00eb s\u00eb Shtetit 13 korrik 2021 Ministria e Bujq\u00ebsis\u00eb pranon mbjelljen e kanabisit n\u00eb ser\u00ebn e Lushnjes: Kryhet me k\u00ebrkes\u00eb t\u00eb Prokuroris\u00eb dhe Policis\u00eb s\u00eb Shtetit Ministria e Bujq\u00ebsis\u00eb ka reaguar pas\u2026","rel":"","context":"In &quot;Blogu i Udh\u00ebtarit&quot;","block_context":{"text":"Blogu i Udh\u00ebtarit","link":"https:\/\/www.shqiperia.com\/blog\/category\/blogu-i-udhetarit\/"},"img":{"alt_text":"","src":"https:\/\/i0.wp.com\/www.shqiperia.com\/blog\/wp-content\/uploads\/2021\/07\/rtytyty-1024x593-1-905x450-1.jpg?fit=905%2C450&ssl=1&resize=350%2C200","width":350,"height":200,"srcset":"https:\/\/i0.wp.com\/www.shqiperia.com\/blog\/wp-content\/uploads\/2021\/07\/rtytyty-1024x593-1-905x450-1.jpg?fit=905%2C450&ssl=1&resize=350%2C200 1x, https:\/\/i0.wp.com\/www.shqiperia.com\/blog\/wp-content\/uploads\/2021\/07\/rtytyty-1024x593-1-905x450-1.jpg?fit=905%2C450&ssl=1&resize=525%2C300 1.5x, https:\/\/i0.wp.com\/www.shqiperia.com\/blog\/wp-content\/uploads\/2021\/07\/rtytyty-1024x593-1-905x450-1.jpg?fit=905%2C450&ssl=1&resize=700%2C400 2x"},"classes":[]},{"id":74984,"url":"https:\/\/www.shqiperia.com\/blog\/shqiperia-me-financimet-me-te-uleta-per-bujqesine-renditet-e-fundit-ne-evrope-ishte-nje-nga-perfituesit-me-te-medhenj-nga-programi-ipard-por-fondet-u-bllokuan\/","url_meta":{"origin":99721,"position":4},"title":"Shqip\u00ebria me financimet m\u00eb t\u00eb ul\u00ebta p\u00ebr bujq\u00ebsin\u00eb, renditet e fundit n\u00eb Evrop\u00eb! &#8211; Ishte nj\u00eb nga p\u00ebrfituesit m\u00eb t\u00eb m\u00ebdhenj nga programi IPARD, por fondet u bllokuan","author":"Kurt Farka","date":"October 24, 2023","format":false,"excerpt":"24 Tetor 2023 Shqip\u00ebria financoi mesatarisht m\u00eb 0.19% t\u00eb PBB sektorin bujq\u00ebsor gjat\u00eb viteve 2020-2021. Sipas nj\u00eb krahasimi t\u00eb Bank\u00ebs Bot\u00ebrore, ky \u00ebsht\u00eb niveli m\u00eb i ul\u00ebt n\u00eb Rajon dhe n\u00eb BE. N\u00eb t\u00eb nj\u00ebjt\u00ebn periudh\u00eb, vendet e BE-s\u00eb financuan bujq\u00ebsin\u00eb me 0.35% t\u00eb PBB-s\u00eb, nd\u00ebrsa tre vende t\u00eb Rajonit,\u2026","rel":"","context":"In &quot;Blogu i Udh\u00ebtarit&quot;","block_context":{"text":"Blogu i Udh\u00ebtarit","link":"https:\/\/www.shqiperia.com\/blog\/category\/blogu-i-udhetarit\/"},"img":{"alt_text":"","src":"https:\/\/i0.wp.com\/www.shqiperia.com\/blog\/wp-content\/uploads\/2023\/10\/krifca.jpg?fit=1042%2C685&ssl=1&resize=350%2C200","width":350,"height":200,"srcset":"https:\/\/i0.wp.com\/www.shqiperia.com\/blog\/wp-content\/uploads\/2023\/10\/krifca.jpg?fit=1042%2C685&ssl=1&resize=350%2C200 1x, https:\/\/i0.wp.com\/www.shqiperia.com\/blog\/wp-content\/uploads\/2023\/10\/krifca.jpg?fit=1042%2C685&ssl=1&resize=525%2C300 1.5x, https:\/\/i0.wp.com\/www.shqiperia.com\/blog\/wp-content\/uploads\/2023\/10\/krifca.jpg?fit=1042%2C685&ssl=1&resize=700%2C400 2x"},"classes":[]},{"id":93793,"url":"https:\/\/www.shqiperia.com\/blog\/ndotesi-paguan-birn-ligji-i-ri-per-mbetjet-sjell-kosto-shtese-per-qytetaret\/","url_meta":{"origin":99721,"position":5},"title":"\u201cNdot\u00ebsi paguan\u201d- BIRN: Ligji i ri p\u00ebr mbetjet sjell kosto shtes\u00eb p\u00ebr qytetar\u00ebt","author":"Kurt Farka","date":"September 17, 2025","format":false,"excerpt":"17 Shtator 2025 Projektligj i ri p\u00ebr Menaxhimin e Integruar t\u00eb Mbetjeve, i miratuar nga K\u00ebshilli i Ministrave, parashikon ngritjen e nj\u00eb superagjencie shtet\u00ebrore q\u00eb do t\u00eb administroj\u00eb t\u00eb gjith\u00eb infrastruktur\u00ebn e mbetjeve n\u00eb vend, duke sjell\u00eb rritje t\u00eb kostove dhe tarifave sipas parimit \u201cndot\u00ebsi paguan\u201d. N\u00eb nj\u00eb nism\u00eb t\u00eb\u2026","rel":"","context":"In &quot;Blogu i Udh\u00ebtarit&quot;","block_context":{"text":"Blogu i Udh\u00ebtarit","link":"https:\/\/www.shqiperia.com\/blog\/category\/blogu-i-udhetarit\/"},"img":{"alt_text":"","src":"https:\/\/i0.wp.com\/www.shqiperia.com\/blog\/wp-content\/uploads\/2025\/09\/Mbetjet-e-Fierit-1140x760-1.jpg?fit=1140%2C760&ssl=1&resize=350%2C200","width":350,"height":200,"srcset":"https:\/\/i0.wp.com\/www.shqiperia.com\/blog\/wp-content\/uploads\/2025\/09\/Mbetjet-e-Fierit-1140x760-1.jpg?fit=1140%2C760&ssl=1&resize=350%2C200 1x, https:\/\/i0.wp.com\/www.shqiperia.com\/blog\/wp-content\/uploads\/2025\/09\/Mbetjet-e-Fierit-1140x760-1.jpg?fit=1140%2C760&ssl=1&resize=525%2C300 1.5x, https:\/\/i0.wp.com\/www.shqiperia.com\/blog\/wp-content\/uploads\/2025\/09\/Mbetjet-e-Fierit-1140x760-1.jpg?fit=1140%2C760&ssl=1&resize=700%2C400 2x, https:\/\/i0.wp.com\/www.shqiperia.com\/blog\/wp-content\/uploads\/2025\/09\/Mbetjet-e-Fierit-1140x760-1.jpg?fit=1140%2C760&ssl=1&resize=1050%2C600 3x"},"classes":[]}],"_links":{"self":[{"href":"https:\/\/www.shqiperia.com\/blog\/wp-json\/wp\/v2\/posts\/99721","targetHints":{"allow":["GET"]}}],"collection":[{"href":"https:\/\/www.shqiperia.com\/blog\/wp-json\/wp\/v2\/posts"}],"about":[{"href":"https:\/\/www.shqiperia.com\/blog\/wp-json\/wp\/v2\/types\/post"}],"author":[{"embeddable":true,"href":"https:\/\/www.shqiperia.com\/blog\/wp-json\/wp\/v2\/users\/9"}],"replies":[{"embeddable":true,"href":"https:\/\/www.shqiperia.com\/blog\/wp-json\/wp\/v2\/comments?post=99721"}],"version-history":[{"count":1,"href":"https:\/\/www.shqiperia.com\/blog\/wp-json\/wp\/v2\/posts\/99721\/revisions"}],"predecessor-version":[{"id":99723,"href":"https:\/\/www.shqiperia.com\/blog\/wp-json\/wp\/v2\/posts\/99721\/revisions\/99723"}],"wp:featuredmedia":[{"embeddable":true,"href":"https:\/\/www.shqiperia.com\/blog\/wp-json\/wp\/v2\/media\/99722"}],"wp:attachment":[{"href":"https:\/\/www.shqiperia.com\/blog\/wp-json\/wp\/v2\/media?parent=99721"}],"wp:term":[{"taxonomy":"category","embeddable":true,"href":"https:\/\/www.shqiperia.com\/blog\/wp-json\/wp\/v2\/categories?post=99721"},{"taxonomy":"post_tag","embeddable":true,"href":"https:\/\/www.shqiperia.com\/blog\/wp-json\/wp\/v2\/tags?post=99721"}],"curies":[{"name":"wp","href":"https:\/\/api.w.org\/{rel}","templated":true}]}}