{"id":99718,"date":"2026-04-29T08:14:53","date_gmt":"2026-04-29T08:14:53","guid":{"rendered":"https:\/\/www.shqiperia.com\/blog\/?p=99718"},"modified":"2026-04-29T08:14:53","modified_gmt":"2026-04-29T08:14:53","slug":"shalqiri-i-divjakes-ne-treg-qe-ne-prill-fermeret-thone-se-tani-eshte-koha-e-fitimit-por-ankohen-se-tregu-ka-luhatje-te-medha","status":"publish","type":"post","link":"https:\/\/www.shqiperia.com\/blog\/shalqiri-i-divjakes-ne-treg-qe-ne-prill-fermeret-thone-se-tani-eshte-koha-e-fitimit-por-ankohen-se-tregu-ka-luhatje-te-medha\/","title":{"rendered":"Shalqiri i Divjak\u00ebs n\u00eb treg q\u00eb n\u00eb prill, fermer\u00ebt thon\u00eb se tani \u00ebsht\u00eb koha e fitimit, por ankohen se tregu ka luhatje t\u00eb m\u00ebdha"},"content":{"rendered":"<div class=\"firstP\">\n<p><img data-recalc-dims=\"1\" loading=\"lazy\" decoding=\"async\" data-attachment-id=\"99719\" data-permalink=\"https:\/\/www.shqiperia.com\/blog\/shalqiri-i-divjakes-ne-treg-qe-ne-prill-fermeret-thone-se-tani-eshte-koha-e-fitimit-por-ankohen-se-tregu-ka-luhatje-te-medha\/vlcsnap-2026-04-27-20h01m02s318_sd-800x450\/\" data-orig-file=\"https:\/\/i0.wp.com\/www.shqiperia.com\/blog\/wp-content\/uploads\/2026\/04\/vlcsnap-2026-04-27-20h01m02s318_sd-800x450-1.webp?fit=800%2C450&amp;ssl=1\" data-orig-size=\"800,450\" data-comments-opened=\"1\" data-image-meta=\"{&quot;aperture&quot;:&quot;0&quot;,&quot;credit&quot;:&quot;&quot;,&quot;camera&quot;:&quot;&quot;,&quot;caption&quot;:&quot;&quot;,&quot;created_timestamp&quot;:&quot;0&quot;,&quot;copyright&quot;:&quot;&quot;,&quot;focal_length&quot;:&quot;0&quot;,&quot;iso&quot;:&quot;0&quot;,&quot;shutter_speed&quot;:&quot;0&quot;,&quot;title&quot;:&quot;&quot;,&quot;orientation&quot;:&quot;0&quot;}\" data-image-title=\"vlcsnap-2026-04-27-20h01m02s318_sd-800&#215;450\" data-image-description=\"\" data-image-caption=\"\" data-medium-file=\"https:\/\/i0.wp.com\/www.shqiperia.com\/blog\/wp-content\/uploads\/2026\/04\/vlcsnap-2026-04-27-20h01m02s318_sd-800x450-1.webp?fit=300%2C169&amp;ssl=1\" data-large-file=\"https:\/\/i0.wp.com\/www.shqiperia.com\/blog\/wp-content\/uploads\/2026\/04\/vlcsnap-2026-04-27-20h01m02s318_sd-800x450-1.webp?fit=800%2C450&amp;ssl=1\" class=\"alignnone  wp-image-99719\" alt=\"\" src=\"https:\/\/i0.wp.com\/www.shqiperia.com\/blog\/wp-content\/uploads\/2026\/04\/vlcsnap-2026-04-27-20h01m02s318_sd-800x450-1.webp?resize=621%2C350&#038;ssl=1\" width=\"621\" height=\"350\" srcset=\"https:\/\/i0.wp.com\/www.shqiperia.com\/blog\/wp-content\/uploads\/2026\/04\/vlcsnap-2026-04-27-20h01m02s318_sd-800x450-1.webp?resize=300%2C169&amp;ssl=1 300w, https:\/\/i0.wp.com\/www.shqiperia.com\/blog\/wp-content\/uploads\/2026\/04\/vlcsnap-2026-04-27-20h01m02s318_sd-800x450-1.webp?resize=768%2C432&amp;ssl=1 768w, https:\/\/i0.wp.com\/www.shqiperia.com\/blog\/wp-content\/uploads\/2026\/04\/vlcsnap-2026-04-27-20h01m02s318_sd-800x450-1.webp?resize=450%2C253&amp;ssl=1 450w, https:\/\/i0.wp.com\/www.shqiperia.com\/blog\/wp-content\/uploads\/2026\/04\/vlcsnap-2026-04-27-20h01m02s318_sd-800x450-1.webp?resize=600%2C338&amp;ssl=1 600w, https:\/\/i0.wp.com\/www.shqiperia.com\/blog\/wp-content\/uploads\/2026\/04\/vlcsnap-2026-04-27-20h01m02s318_sd-800x450-1.webp?resize=400%2C225&amp;ssl=1 400w, https:\/\/i0.wp.com\/www.shqiperia.com\/blog\/wp-content\/uploads\/2026\/04\/vlcsnap-2026-04-27-20h01m02s318_sd-800x450-1.webp?w=800&amp;ssl=1 800w\" sizes=\"auto, (max-width: 621px) 100vw, 621px\" \/><\/p>\n<p>29 Prill 2026<\/p>\n<p>N\u00eb k\u00ebrkon para, at\u00ebher\u00eb duhet t\u00eb nxitosh n\u00eb kultivim. Ylli Ki\u00e7i, nga fshati Sulzot\u00eb i Divjak\u00ebs thot\u00eb se fruti i freskis\u00eb \u00ebsht\u00eb gati p\u00ebr konsumator\u00ebt, sipas tij ky \u00ebsht\u00eb momenti ideal p\u00ebr t\u00eb fituar para.<\/p>\n<\/div>\n<p><em>\u201cEj shqiptar\u00eb, jemi gati me shalqinin bio t\u00eb Divjak\u00ebs. Un\u00eb kam nj\u00eb jav\u00eb q\u00eb kam dal\u00eb n\u00eb treg dhe \u00e7mimi fillestar ka qen\u00eb 200 lek\u00eb\/kg, nd\u00ebrsa tani 150 lek\u00eb\/kg. Kushtet klimatike na soll\u00ebn m\u00eb shpejt n\u00eb treg, un\u00eb k\u00ebt\u00eb produkt e kam mbjell\u00eb m\u00eb 20 janar dhe ja ku jam n\u00eb prill n\u00eb treg. Shikoni, \u00ebsht\u00eb bio dhe mjalt i \u00ebmb\u00ebl\u201d,<\/em><span>\u00a0<\/span>tha fermeri Ylli Ki\u00e7i.<\/p>\n<p>Fermeri 34-vje\u00e7ar tregon se kjo leverdi financiare nuk vazhdon gjat\u00eb gjith\u00eb sezonit. Nj\u00eb vit m\u00eb par\u00eb, n\u00eb nj\u00eb sip\u00ebrfaqe toke prej 4 ha, ai nuk arriti t\u00eb shes\u00eb asnj\u00eb kg dhe kjo sepse pronar\u00ebt e pikave t\u00eb grumbullimit nga tregtar\u00eb kan\u00eb filluar t\u00eb b\u00ebhen prodhues e fermer\u00eb.<\/p>\n<p><em>\u201cKulmi i \u00e7mimit t\u00eb mir\u00eb vjet ka qen\u00eb muaji maj-qershor, nd\u00ebrsa n\u00eb gusht ra fare, sa q\u00eb ishte fat n\u00ebse e shisje me 4 lek\u00eb\/kg. Madje un\u00eb 4 ha nuk i shkula fare, mu zverdh shalqini n\u00eb fush\u00eb. Shiko, pikat e grumbullimit po e mbysin fermerin, ato b\u00ebhen 3-4 bashk\u00eb dhe nuk e marrin m\u00eb prodhimin ton\u00eb. Ato kan\u00eb shalqinin dhe tregun, e ne mbesim pa hi\u00e7\u201d,<\/em><span>\u00a0<\/span>tha fermeri, Ylli Ki\u00e7i.<\/p>\n<p>E pavar\u00ebsisht k\u00ebsaj, Ylli vazhdon t\u00eb b\u00ebj\u00eb thirrjen se mbi prodhimin Made in Albania ai thot\u00eb se produktet e importit mund t\u00eb na konkurrojn\u00eb vet\u00ebm me \u00e7mimin p\u00ebr shkak t\u00eb politikave t\u00eb subvencionimit, por shija dhe aroma e produkteve vendase nuk ka t\u00eb krahasuar.<\/p>\n","protected":false},"excerpt":{"rendered":"<p>29 Prill 2026 N\u00eb k\u00ebrkon para, at\u00ebher\u00eb duhet t\u00eb nxitosh n\u00eb kultivim. Ylli Ki\u00e7i, nga fshati Sulzot\u00eb i Divjak\u00ebs thot\u00eb se fruti i freskis\u00eb \u00ebsht\u00eb gati p\u00ebr konsumator\u00ebt, sipas tij ky \u00ebsht\u00eb momenti ideal p\u00ebr t\u00eb fituar para. \u201cEj shqiptar\u00eb, jemi gati me shalqinin bio t\u00eb Divjak\u00ebs. Un\u00eb kam nj\u00eb jav\u00eb q\u00eb kam dal\u00eb n\u00eb [&hellip;]<\/p>\n","protected":false},"author":9,"featured_media":99719,"comment_status":"open","ping_status":"open","sticky":false,"template":"","format":"standard","meta":{"jetpack_post_was_ever_published":false,"_jetpack_newsletter_access":"","_jetpack_dont_email_post_to_subs":false,"_jetpack_newsletter_tier_id":0,"_jetpack_memberships_contains_paywalled_content":false,"_jetpack_memberships_contains_paid_content":false,"footnotes":"","jetpack_publicize_message":"","jetpack_publicize_feature_enabled":true,"jetpack_social_post_already_shared":true,"jetpack_social_options":{"image_generator_settings":{"template":"highway","default_image_id":0,"font":"","enabled":false},"version":2}},"categories":[27,35],"tags":[],"class_list":["post-99718","post","type-post","status-publish","format-standard","has-post-thumbnail","hentry","category-blogu-i-udhetarit","category-shoqerore"],"jetpack_publicize_connections":[],"jetpack_featured_media_url":"https:\/\/i0.wp.com\/www.shqiperia.com\/blog\/wp-content\/uploads\/2026\/04\/vlcsnap-2026-04-27-20h01m02s318_sd-800x450-1.webp?fit=800%2C450&ssl=1","jetpack_sharing_enabled":true,"jetpack_shortlink":"https:\/\/wp.me\/p5Z6wp-pWm","jetpack-related-posts":[{"id":97206,"url":"https:\/\/www.shqiperia.com\/blog\/kur-e-majta-flet-si-treg-i-lire\/","url_meta":{"origin":99718,"position":0},"title":"Kur \u201ce majta\u201d flet si treg i lir\u00eb","author":"Kurt Farka","date":"January 31, 2026","format":false,"excerpt":"31 Janar 2026 Redaksionale Dita \u00c7far\u00eb \u00ebsht\u00eb debati i kryeministrit Edi Rama me fermerin n\u00eb Divjak\u00eb? Kush e mendon thjesht si nj\u00eb episod komunikimi t\u00eb ashp\u00ebr \u00ebsht\u00eb gabim. Ky \u00ebsht\u00eb nj\u00eb moment zbulese. Dhe nuk \u00ebsht\u00eb i pari. Identifikon m\u00ebnyr\u00ebn se si pushteti e kupton sot veten. Vecan\u00ebrisht identifikon larg\u00ebsin\u00eb\u2026","rel":"","context":"In &quot;Blogu i Udh\u00ebtarit&quot;","block_context":{"text":"Blogu i Udh\u00ebtarit","link":"https:\/\/www.shqiperia.com\/blog\/category\/blogu-i-udhetarit\/"},"img":{"alt_text":"","src":"https:\/\/i0.wp.com\/www.shqiperia.com\/blog\/wp-content\/uploads\/2026\/01\/Edi-Rama.jpeg?fit=1024%2C801&ssl=1&resize=350%2C200","width":350,"height":200,"srcset":"https:\/\/i0.wp.com\/www.shqiperia.com\/blog\/wp-content\/uploads\/2026\/01\/Edi-Rama.jpeg?fit=1024%2C801&ssl=1&resize=350%2C200 1x, https:\/\/i0.wp.com\/www.shqiperia.com\/blog\/wp-content\/uploads\/2026\/01\/Edi-Rama.jpeg?fit=1024%2C801&ssl=1&resize=525%2C300 1.5x, https:\/\/i0.wp.com\/www.shqiperia.com\/blog\/wp-content\/uploads\/2026\/01\/Edi-Rama.jpeg?fit=1024%2C801&ssl=1&resize=700%2C400 2x"},"classes":[]},{"id":97353,"url":"https:\/\/www.shqiperia.com\/blog\/flet-fermeri-qe-u-perplas-me-kryeministrin-ne-divjake-pa-ndihmen-e-shtetit-nuk-mbijetojme-dot\/","url_meta":{"origin":99718,"position":1},"title":"Flet fermeri q\u00eb u p\u00ebrplas me kryeministrin n\u00eb Divjak\u00eb: &#8211; Pa ndihm\u00ebn e shtetit nuk mbijetojm\u00eb dot","author":"Kurt Farka","date":"February 4, 2026","format":false,"excerpt":"4 Shkurt 2026 Lili Biti, disa dit\u00eb m\u00eb par\u00eb u b\u00eb fermeri m\u00eb i njohur n\u00eb Shqip\u00ebri pas nj\u00eb debati q\u00eb zhvilloi me kryeministrin Edi Rama. 61 vje\u00e7ari thot\u00eb se prej 35 vitesh merret me pun\u00ebt e bujq\u00ebsis\u00eb n\u00eb Divjak\u00eb dhe n\u00eb nj\u00eb sip\u00ebrfaqe toke prej 10 ha, n\u00eb t\u00eb\u2026","rel":"","context":"In &quot;Blogu i Udh\u00ebtarit&quot;","block_context":{"text":"Blogu i Udh\u00ebtarit","link":"https:\/\/www.shqiperia.com\/blog\/category\/blogu-i-udhetarit\/"},"img":{"alt_text":"","src":"https:\/\/i0.wp.com\/www.shqiperia.com\/blog\/wp-content\/uploads\/2026\/02\/WhatsApp-Image-2026-01-30-at-10_sd-800x450-1.webp?fit=800%2C450&ssl=1&resize=350%2C200","width":350,"height":200,"srcset":"https:\/\/i0.wp.com\/www.shqiperia.com\/blog\/wp-content\/uploads\/2026\/02\/WhatsApp-Image-2026-01-30-at-10_sd-800x450-1.webp?fit=800%2C450&ssl=1&resize=350%2C200 1x, https:\/\/i0.wp.com\/www.shqiperia.com\/blog\/wp-content\/uploads\/2026\/02\/WhatsApp-Image-2026-01-30-at-10_sd-800x450-1.webp?fit=800%2C450&ssl=1&resize=525%2C300 1.5x, https:\/\/i0.wp.com\/www.shqiperia.com\/blog\/wp-content\/uploads\/2026\/02\/WhatsApp-Image-2026-01-30-at-10_sd-800x450-1.webp?fit=800%2C450&ssl=1&resize=700%2C400 2x"},"classes":[]},{"id":91503,"url":"https:\/\/www.shqiperia.com\/blog\/sindroma-e-stokholmit\/","url_meta":{"origin":99718,"position":2},"title":"Sindroma e Stokholmit","author":"Kurt Farka","date":"April 16, 2025","format":false,"excerpt":"17 Prill 2025 Nga Lutfi Dervishi Me z\u00eb t\u00eb dridhur dhe mikrofonin e kryeministris\u00eb\u00a0 n\u00eb dor\u00eb, nj\u00eb fermer n\u00eb Lushnj\u00eb i shpjegoi sot Kryeministrit se toka q\u00eb punon \u00ebsht\u00eb e paregjistruar p\u00ebr faj t\u00eb burokracis\u00eb. I tha edhe se megjith\u00ebse \u00ebsht\u00eb n\u00eb pension, i duhet t\u00eb punoj\u00eb q\u00eb t\u00eb jetoj\u00eb.\u2026","rel":"","context":"In &quot;Blogu i Udh\u00ebtarit&quot;","block_context":{"text":"Blogu i Udh\u00ebtarit","link":"https:\/\/www.shqiperia.com\/blog\/category\/blogu-i-udhetarit\/"},"img":{"alt_text":"","src":"https:\/\/i0.wp.com\/www.shqiperia.com\/blog\/wp-content\/uploads\/2025\/04\/auto_New_Project_71744833970.jpg?fit=900%2C635&ssl=1&resize=350%2C200","width":350,"height":200,"srcset":"https:\/\/i0.wp.com\/www.shqiperia.com\/blog\/wp-content\/uploads\/2025\/04\/auto_New_Project_71744833970.jpg?fit=900%2C635&ssl=1&resize=350%2C200 1x, https:\/\/i0.wp.com\/www.shqiperia.com\/blog\/wp-content\/uploads\/2025\/04\/auto_New_Project_71744833970.jpg?fit=900%2C635&ssl=1&resize=525%2C300 1.5x, https:\/\/i0.wp.com\/www.shqiperia.com\/blog\/wp-content\/uploads\/2025\/04\/auto_New_Project_71744833970.jpg?fit=900%2C635&ssl=1&resize=700%2C400 2x"},"classes":[]},{"id":41440,"url":"https:\/\/www.shqiperia.com\/blog\/kushtuar-artit-dhe-kultures-lis-revista-me-e-re-ne-treg-qe-i-sjelle-lexuesit-ate-qe-i-ka-munguar\/","url_meta":{"origin":99718,"position":3},"title":"Kushtuar artit dhe kultur\u00ebs: \u201cLis\u201d, revista m\u00eb e re n\u00eb treg, q\u00eb i sjell\u00eb lexuesit at\u00eb q\u00eb i ka munguar","author":"Kurt Farka","date":"December 1, 2020","format":false,"excerpt":"Kushtuar artit dhe kultur\u00ebs: \u201cLis\u201d, revista m\u00eb e re n\u00eb treg, q\u00eb i sjell\u00eb lexuesit at\u00eb q\u00eb i ka munguar 30 N\u00cbNTOR 2020 Revista \u201cLis\u201d, \u00ebsht\u00eb botimi m\u00eb i ri n\u00eb tregun shqiptar, q\u00eb do i sjelli lexuesve at\u00eb q\u00eb deri m\u00eb tani thuajse ka munguar, kultur\u00eb dhe krijimtari. Numri\u2026","rel":"","context":"In &quot;Arte&quot;","block_context":{"text":"Arte","link":"https:\/\/www.shqiperia.com\/blog\/category\/arte\/"},"img":{"alt_text":"","src":"https:\/\/i0.wp.com\/www.shqiperia.com\/blog\/wp-content\/uploads\/2020\/12\/Revista-LIS.jpg?fit=640%2C393&ssl=1&resize=350%2C200","width":350,"height":200,"srcset":"https:\/\/i0.wp.com\/www.shqiperia.com\/blog\/wp-content\/uploads\/2020\/12\/Revista-LIS.jpg?fit=640%2C393&ssl=1&resize=350%2C200 1x, https:\/\/i0.wp.com\/www.shqiperia.com\/blog\/wp-content\/uploads\/2020\/12\/Revista-LIS.jpg?fit=640%2C393&ssl=1&resize=525%2C300 1.5x"},"classes":[]},{"id":52409,"url":"https:\/\/www.shqiperia.com\/blog\/ekskluzive-top-story-zbulimi-trondites-barna-te-shitura-si-vitamine-rezultojne-me-lende-kancerogjene\/","url_meta":{"origin":99718,"position":4},"title":"Ekskluzive Top Story. &#8211; \u00a0Zbulimi trondit\u00ebs, barna t\u00eb shitura si vitamin\u00eb rezultojn\u00eb me l\u00ebnd\u00eb kancerogjene","author":"Kurt Farka","date":"December 15, 2021","format":false,"excerpt":"Ekskluzive Top Story. - \u00a0Zbulimi trondit\u00ebs, barna t\u00eb shitura si vitamin\u00eb rezultojn\u00eb me l\u00ebnd\u00eb kancerogjene 15 DHJETOR 2021 \u2026 \u201cDimetritazoli \u00ebsht\u00eb preparat i ndaluar q\u00eb nga viti 1995 por cudit\u00ebrisht gjenden n\u00eb sasira t\u00eb konsiderushme p\u00ebr t\u00eb mos th\u00ebn\u00eb me tonelata p\u00ebr konsum ne Shqiperi\u2026\u201d \u2026 K\u00ebrkesa e Top Story\u2026","rel":"","context":"In &quot;Blogu i Udh\u00ebtarit&quot;","block_context":{"text":"Blogu i Udh\u00ebtarit","link":"https:\/\/www.shqiperia.com\/blog\/category\/blogu-i-udhetarit\/"},"img":{"alt_text":"","src":"https:\/\/i0.wp.com\/www.shqiperia.com\/blog\/wp-content\/uploads\/2021\/12\/640-0-61ba66b823c9a.jpg?fit=640%2C357&ssl=1&resize=350%2C200","width":350,"height":200,"srcset":"https:\/\/i0.wp.com\/www.shqiperia.com\/blog\/wp-content\/uploads\/2021\/12\/640-0-61ba66b823c9a.jpg?fit=640%2C357&ssl=1&resize=350%2C200 1x, https:\/\/i0.wp.com\/www.shqiperia.com\/blog\/wp-content\/uploads\/2021\/12\/640-0-61ba66b823c9a.jpg?fit=640%2C357&ssl=1&resize=525%2C300 1.5x"},"classes":[]},{"id":99380,"url":"https:\/\/www.shqiperia.com\/blog\/foto-cmenduri-kumbulla-shitet-22-mije-leke-kg-ne-treg\/","url_meta":{"origin":99718,"position":5},"title":"FOTO\/ \u00c7menduri, kumbulla shitet 22 mij\u00eb lek\u00eb\/kg n\u00eb treg","author":"Kurt Farka","date":"April 14, 2026","format":false,"excerpt":"14 Prill 2026 Abuzimi me rritjen e \u00e7mimeve ne vendin ton\u00eb duket se nuk ka t\u00eb ndalur. Pas rritjes s\u00eb perimeve edhe \u00e7mimi i kumbullave ka arritur shifra t\u00eb pap\u00ebrballueshme p\u00ebr tregun. Si\u00e7 mund t\u00eb shihet dhe n\u00eb foton e m\u00ebsip\u00ebrme kumbullat kan\u00eb kapur kufijt\u00eb e \u00e7mimit 22\u00a0mij\u00eb e kat\u00ebrqind\u2026","rel":"","context":"In &quot;Kultura&quot;","block_context":{"text":"Kultura","link":"https:\/\/www.shqiperia.com\/blog\/category\/kultura\/"},"img":{"alt_text":"","src":"https:\/\/i0.wp.com\/www.shqiperia.com\/blog\/wp-content\/uploads\/2026\/04\/auto_221776159701-1.png?fit=900%2C534&ssl=1&resize=350%2C200","width":350,"height":200,"srcset":"https:\/\/i0.wp.com\/www.shqiperia.com\/blog\/wp-content\/uploads\/2026\/04\/auto_221776159701-1.png?fit=900%2C534&ssl=1&resize=350%2C200 1x, https:\/\/i0.wp.com\/www.shqiperia.com\/blog\/wp-content\/uploads\/2026\/04\/auto_221776159701-1.png?fit=900%2C534&ssl=1&resize=525%2C300 1.5x, https:\/\/i0.wp.com\/www.shqiperia.com\/blog\/wp-content\/uploads\/2026\/04\/auto_221776159701-1.png?fit=900%2C534&ssl=1&resize=700%2C400 2x"},"classes":[]}],"_links":{"self":[{"href":"https:\/\/www.shqiperia.com\/blog\/wp-json\/wp\/v2\/posts\/99718","targetHints":{"allow":["GET"]}}],"collection":[{"href":"https:\/\/www.shqiperia.com\/blog\/wp-json\/wp\/v2\/posts"}],"about":[{"href":"https:\/\/www.shqiperia.com\/blog\/wp-json\/wp\/v2\/types\/post"}],"author":[{"embeddable":true,"href":"https:\/\/www.shqiperia.com\/blog\/wp-json\/wp\/v2\/users\/9"}],"replies":[{"embeddable":true,"href":"https:\/\/www.shqiperia.com\/blog\/wp-json\/wp\/v2\/comments?post=99718"}],"version-history":[{"count":1,"href":"https:\/\/www.shqiperia.com\/blog\/wp-json\/wp\/v2\/posts\/99718\/revisions"}],"predecessor-version":[{"id":99720,"href":"https:\/\/www.shqiperia.com\/blog\/wp-json\/wp\/v2\/posts\/99718\/revisions\/99720"}],"wp:featuredmedia":[{"embeddable":true,"href":"https:\/\/www.shqiperia.com\/blog\/wp-json\/wp\/v2\/media\/99719"}],"wp:attachment":[{"href":"https:\/\/www.shqiperia.com\/blog\/wp-json\/wp\/v2\/media?parent=99718"}],"wp:term":[{"taxonomy":"category","embeddable":true,"href":"https:\/\/www.shqiperia.com\/blog\/wp-json\/wp\/v2\/categories?post=99718"},{"taxonomy":"post_tag","embeddable":true,"href":"https:\/\/www.shqiperia.com\/blog\/wp-json\/wp\/v2\/tags?post=99718"}],"curies":[{"name":"wp","href":"https:\/\/api.w.org\/{rel}","templated":true}]}}