{"id":99708,"date":"2026-04-29T08:03:33","date_gmt":"2026-04-29T08:03:33","guid":{"rendered":"https:\/\/www.shqiperia.com\/blog\/?p=99708"},"modified":"2026-04-29T08:03:33","modified_gmt":"2026-04-29T08:03:33","slug":"arben-malaj-koha-per-te-filluar-levizje-te-re-politike-perballe-pushtetit-absolut","status":"publish","type":"post","link":"https:\/\/www.shqiperia.com\/blog\/arben-malaj-koha-per-te-filluar-levizje-te-re-politike-perballe-pushtetit-absolut\/","title":{"rendered":"Arben Malaj: &#8211; Koha p\u00ebr t\u00eb filluar l\u00ebvizje t\u00eb re politike p\u00ebrball\u00eb pushtetit absolut"},"content":{"rendered":"<p><img data-recalc-dims=\"1\" loading=\"lazy\" decoding=\"async\" data-attachment-id=\"99709\" data-permalink=\"https:\/\/www.shqiperia.com\/blog\/arben-malaj-koha-per-te-filluar-levizje-te-re-politike-perballe-pushtetit-absolut\/malaj-rama-spiropali\/\" data-orig-file=\"https:\/\/i0.wp.com\/www.shqiperia.com\/blog\/wp-content\/uploads\/2026\/04\/malaj-rama-spiropali.jpg?fit=711%2C462&amp;ssl=1\" data-orig-size=\"711,462\" data-comments-opened=\"1\" data-image-meta=\"{&quot;aperture&quot;:&quot;0&quot;,&quot;credit&quot;:&quot;Panorama Live&quot;,&quot;camera&quot;:&quot;&quot;,&quot;caption&quot;:&quot;&quot;,&quot;created_timestamp&quot;:&quot;1777454390&quot;,&quot;copyright&quot;:&quot;&quot;,&quot;focal_length&quot;:&quot;0&quot;,&quot;iso&quot;:&quot;0&quot;,&quot;shutter_speed&quot;:&quot;0&quot;,&quot;title&quot;:&quot;&quot;,&quot;orientation&quot;:&quot;0&quot;}\" data-image-title=\"malaj-rama-spiropali\" data-image-description=\"\" data-image-caption=\"\" data-medium-file=\"https:\/\/i0.wp.com\/www.shqiperia.com\/blog\/wp-content\/uploads\/2026\/04\/malaj-rama-spiropali.jpg?fit=300%2C195&amp;ssl=1\" data-large-file=\"https:\/\/i0.wp.com\/www.shqiperia.com\/blog\/wp-content\/uploads\/2026\/04\/malaj-rama-spiropali.jpg?fit=711%2C462&amp;ssl=1\" class=\"alignnone  wp-image-99709\" alt=\"\" src=\"https:\/\/i0.wp.com\/www.shqiperia.com\/blog\/wp-content\/uploads\/2026\/04\/malaj-rama-spiropali.jpg?resize=580%2C377&#038;ssl=1\" width=\"580\" height=\"377\" srcset=\"https:\/\/i0.wp.com\/www.shqiperia.com\/blog\/wp-content\/uploads\/2026\/04\/malaj-rama-spiropali.jpg?resize=300%2C195&amp;ssl=1 300w, https:\/\/i0.wp.com\/www.shqiperia.com\/blog\/wp-content\/uploads\/2026\/04\/malaj-rama-spiropali.jpg?resize=450%2C292&amp;ssl=1 450w, https:\/\/i0.wp.com\/www.shqiperia.com\/blog\/wp-content\/uploads\/2026\/04\/malaj-rama-spiropali.jpg?resize=600%2C390&amp;ssl=1 600w, https:\/\/i0.wp.com\/www.shqiperia.com\/blog\/wp-content\/uploads\/2026\/04\/malaj-rama-spiropali.jpg?resize=400%2C260&amp;ssl=1 400w, https:\/\/i0.wp.com\/www.shqiperia.com\/blog\/wp-content\/uploads\/2026\/04\/malaj-rama-spiropali.jpg?w=711&amp;ssl=1 711w\" sizes=\"auto, (max-width: 580px) 100vw, 580px\" \/><\/p>\n<p><strong>29 Prill 2026<\/strong><\/p>\n<p><strong>Ish-ministri i Financave, Arben Malaj, ka reaguar lidhur me zhvillimet brenda Partis\u00eb Socialiste, ku dy figura t\u00eb r\u00ebnd\u00ebsishme t\u00eb t\u00eb majt\u00ebs, Elisa Spiropali dhe Erion Bra\u00e7e kan\u00eb dal\u00eb kund\u00ebr liderit t\u00eb PS, Edi Rama.<\/strong><\/p>\n<p>Me an\u00eb t\u00eb nj\u00eb postimi n\u00eb Facebook, Malaj hedh iden\u00eb e krijimit t\u00eb nj\u00eb l\u00ebvizje t\u00eb re politike p\u00ebrball\u00eb asaj q\u00eb ai e quan \u2018pushteti absolut dhe i bab\u00ebzitur i rilindasve, q\u00eb vet\u00ebm rilindje nuk jan\u00eb\u2019.<\/p>\n<p>N\u00eb q\u00ebndrimin e tij, Malaj thekson se Spiropali duhet t\u00eb sfidoj\u00eb p\u00ebr t\u00eb fituar mb\u00ebshtetjen e publikut, ve\u00e7an\u00ebrisht t\u00eb elektoratit gri dhe qytetar\u00ebve t\u00eb zhg\u00ebnjyer, t\u00eb cil\u00ebt shpesh shprehin pak\u00ebnaq\u00ebsin\u00eb p\u00ebrmes mospjes\u00ebmarrjes n\u00eb votime. Sipas tij, nj\u00eb sfid\u00eb e till\u00eb duhet t\u00eb synoj\u00eb edhe rikthimin e besimit t\u00eb \u201csocialist\u00ebve t\u00eb v\u00ebrtet\u00eb\u201d.<\/p>\n<p><strong>Komenti i plot\u00eb i Arben Malajt\u00a0<\/strong><\/p>\n<div class=\"xdj266r x14z9mp xat24cr x1lziwak x1vvkbs x126k92a\">\n<p><em>Mirm\u00ebngjesi! Elisa duhet t\u00eb sfidoj\u00eb dhe t\u00eb meritoj\u00eb mb\u00ebshtetjen publike, t\u00eb elektoratit gri dhe t\u00eb t\u00eb zhg\u00ebnjyerve, t\u00eb cil\u00ebt protestojn\u00eb me mospjes\u00ebmarrje edhe n\u00eb votime.<\/em><\/p>\n<p><em>Por sidomos, Elisa duhet t\u00eb fitoj\u00eb shpres\u00ebn dhe mb\u00ebshtetjen e socialist\u00ebve t\u00eb v\u00ebrtet\u00eb.<\/em><img loading=\"lazy\" decoding=\"async\" alt=\"\" src=\"https:\/\/ads2.panorama.com.al\/www\/delivery\/lg.php?bannerid=0&amp;campaignid=0&amp;zoneid=1015&amp;loc=https%3A%2F%2Fwww.panorama.com.al%2Fkoha-per-te-filluar-levizje-te-re-politike-perballe-pushtetit-absolut-perplasjet-brenda-te-majtes-arben-malaj-elisa-dhe-erioni-politikane-atdhedashes-ps-ja-eshte-duke-u-tkurrur-n%2F&amp;referer=https%3A%2F%2Fwww.panorama.com.al%2F&amp;cb=7a861d8293\" width=\"0\" height=\"0\" \/><\/p>\n<p><em>Kur analizojm\u00eb q\u00ebndrimin deri tani sfidues t\u00eb Spiropalit, mund dhe duhet t\u00eb mbajm\u00eb parasysh disa momente:<\/em><\/p>\n<ol>\n<li><em>Pas vitit 2005, PS-ja nuk \u00ebsht\u00eb m\u00eb partia p\u00ebr t\u00eb cil\u00ebn shum\u00eb socialist\u00eb, p\u00ebrfshir\u00eb edhe mua, u inspiruan dhe u bashkuan.<\/em><\/li>\n<li><em>Nuk \u00ebsht\u00eb m\u00eb nj\u00eb parti e personaliteteve inspiruese si Drit\u00ebroi, Prof. Serveti, Nano dhe shum\u00eb personalitete t\u00eb tjera.<\/em><\/li>\n<\/ol>\n<p><em>PS-ja u krijua dhe arriti t\u00eb jet\u00eb partia me demokraci t\u00eb brendshme, ku nxitej dhe nuk d\u00ebnohej mendimi ndryshe.<\/em><\/p>\n<p><em>PS-ja kishte nj\u00eb proces p\u00ebrzgjedh\u00ebs dhe promovues p\u00ebr mandatet e larta n\u00eb politik\u00eb, n\u00eb institucionet kushtetuese dhe n\u00eb forumet partiake.<\/em><\/p>\n<p><em>Pra, n\u00eb k\u00ebt\u00eb rast, Rilindja \u00ebsht\u00eb nj\u00eb SHPK me pronar t\u00eb vet\u00ebm dhe 100% t\u00eb aksioneve,<\/em><\/p>\n<p><em>ku ndalohet dhe d\u00ebnohet mendimi ndryshe dhe<\/em><\/p>\n<p><em>ku po v\u00ebrtetohet se lakmia p\u00ebr pasurim kriminal ka infektuar rr\u00ebnj\u00ebt e saj.<\/em><\/p>\n<p><em>At\u00ebher\u00eb edhe Elisa, Erioni dhe kushdo tjet\u00ebr politikan atdhedash\u00ebs,<\/em><\/p>\n<p><em>ka t\u00eb drejt\u00eb t\u00eb inspirohet dhe t\u00eb veproj\u00eb pa frik\u00eb, i udh\u00ebhequr edhebnga integriteti i Churchill-it kur deklaronte: \u201cP\u00ebr parimet i ndryshoj partit\u00eb, por p\u00ebr partit\u00eb nuk i ndryshoj parimet.\u201d<\/em><\/p>\n<p><em>E dyta, ka nj\u00eb fushat\u00eb t\u00eb mir\u00ebdirigjuar p\u00ebr ta goditur Elis\u00ebn q\u00eb n\u00eb hapat e para q\u00eb t\u00eb t\u00ebrhiqet.<\/em><\/p>\n<p><em>Un\u00eb besoj dhe inspiroj q\u00eb t\u00eb kemi sa m\u00eb shum\u00eb z\u00ebra alternative deri edhe kund\u00ebrshtues edhe brenda Rilindjes.<\/em><\/p>\n<p><em>Aq m\u00eb tep\u00ebr q\u00eb PS-ja \u00ebsht\u00eb duke u tkurrur nga keqqeverisja e vendit, p\u00ebr shkak t\u00eb korrupsionit dhe sidomos nga kapja e shtetit.<\/em><\/p>\n<p><em>P\u00ebrball\u00eb k\u00ebtyre sulmeve t\u00eb divizioneve digjitale shpif\u00ebse t\u00eb patronazhist\u00ebve nepotik\u00eb, t\u00eb sponsorizuar edhe nga krimi, p\u00ebr Elis\u00ebn, Erionin p\u00ebr mua n\u00eb konkurrimin si i pavarur p\u00ebr kryetar bashkie n\u00eb Vlor\u00eb, vlen shum\u00eb shprehja e G\u00ebtes:<\/em><\/p>\n<p><em>\u201cKe humbur pasurin\u00eb?<\/em><\/p>\n<p><em>Ke humbur pak.<\/em><\/p>\n<p><em>Ke humbur nderin?<\/em><\/p>\n<p><em>Ke humbur shum\u00eb.<\/em><\/p>\n<p><em>Ke humbur guximin? At\u00ebher\u00eb m\u00eb mir\u00eb t\u00eb mos kesh lindur fare!\u201d<\/em><\/p>\n<p><em>Elisa duhet t\u00eb vler\u00ebsoj\u00eb r\u00ebnd\u00ebsin\u00eb e momentit.<\/em><\/p>\n<p><em>N\u00ebse inspirohet nga modeli hungarez, duhet kujtuar se Orb\u00e1n u mund duke i dal\u00eb p\u00ebrball\u00eb, jo nga brenda, sepse sipas Senek\u00ebs: \u201cNuk ka skllav\u00ebri m\u00eb t\u00eb turpshme se ajo e vullnetshmja.\u201d<\/em><\/p>\n<p><em>Rilindasit nuk duan t\u00eb nxitojn\u00eb ta p\u00ebrjashtojn\u00eb Elis\u00ebn vet\u00ebm p\u00ebr nj\u00eb q\u00ebllim:<\/em><\/p>\n<p><em>T\u2019i l\u00ebn\u00eb sa m\u00eb pak koh\u00eb t\u00eb organizohet p\u00ebr nj\u00eb alternativ\u00eb t\u00eb re politike p\u00ebrball\u00eb Ram\u00ebs.<\/em><\/p>\n<p><em>Momenti, qart\u00ebsia, vendosm\u00ebria, aft\u00ebsia inspiruese dhe sfiduese<\/em><\/p>\n<p><em>jan\u00eb kolonat ku Elisa, por jo vet\u00ebm Elisa, mund t\u00eb nis\u00eb nj\u00eb l\u00ebvizje t\u00eb re politike p\u00ebrball\u00eb pushtetit absolut dhe t\u00eb bab\u00ebzitur t\u00eb rilindasve, q\u00eb vet\u00ebm rilindje nuk jan\u00eb.<\/em><\/p>\n<p><em>Sepse rilindasit e v\u00ebrtet\u00eb vun\u00eb veten e tyre n\u00eb sh\u00ebrbim t\u00eb Shqip\u00ebris\u00eb, nd\u00ebrsa k\u00ebta po e shfryt\u00ebzojn\u00eb pap\u00ebrgjegjshm\u00ebrisht vendin p\u00ebrmes nj\u00eb pushteti absolut q\u00eb korrupton n\u00eb m\u00ebnyr\u00eb absolute.<\/em><\/p>\n<p><em>Nj\u00eb apel p\u00ebr socialist\u00ebt rilindas q\u00eb u verbuan nga pasurimi i shpejt\u00eb deri dhe kriminal, vjen nga pastori gjerman Martin Niem\u00f6ller kur apelonte:<\/em><\/p>\n<p><em>\u201cKur erdh\u00ebn p\u00ebr komunist\u00ebt, un\u00eb nuk fola, sepse nuk isha komunist.<\/em><\/p>\n<p><em>Kur erdh\u00ebn p\u00ebr socialist\u00ebt, un\u00eb nuk fola, sepse nuk isha socialist.<\/em><\/p>\n<p><em>Kur erdh\u00ebn p\u00ebr sindikalist\u00ebt, un\u00eb nuk fola, sepse nuk isha sindikalist.<\/em><\/p>\n<p><em>Kur erdh\u00ebn p\u00ebr hebrenjt\u00eb, un\u00eb nuk fola, sepse nuk isha hebre.<\/em><\/p>\n<p><em>Kur erdh\u00ebn p\u00ebr mua, nuk kishte mbetur m\u00eb askush t\u00eb fliste.\u201d<\/em><\/p>\n<p><em>Ky do te jete fati I deputeteve qe vet\u00eb sh\u00ebrbejn\u00eb,<\/em><\/p>\n<p><em>jo si deputet te votuesve<\/em><\/p>\n<p><em>por si skllev\u00ebr vullnetar\u00eb te kryetarit t\u00eb partis\u00eb.<\/em><\/p>\n<p><em>Dit\u00eb t\u00eb mbar\u00eb!<br \/>\n<\/em><\/p>\n<\/div>\n","protected":false},"excerpt":{"rendered":"<p>29 Prill 2026 Ish-ministri i Financave, Arben Malaj, ka reaguar lidhur me zhvillimet brenda Partis\u00eb Socialiste, ku dy figura t\u00eb r\u00ebnd\u00ebsishme t\u00eb t\u00eb majt\u00ebs, Elisa Spiropali dhe Erion Bra\u00e7e kan\u00eb dal\u00eb kund\u00ebr liderit t\u00eb PS, Edi Rama. Me an\u00eb t\u00eb nj\u00eb postimi n\u00eb Facebook, Malaj hedh iden\u00eb e krijimit t\u00eb nj\u00eb l\u00ebvizje t\u00eb re politike [&hellip;]<\/p>\n","protected":false},"author":9,"featured_media":99709,"comment_status":"open","ping_status":"open","sticky":false,"template":"","format":"standard","meta":{"jetpack_post_was_ever_published":false,"_jetpack_newsletter_access":"","_jetpack_dont_email_post_to_subs":false,"_jetpack_newsletter_tier_id":0,"_jetpack_memberships_contains_paywalled_content":false,"_jetpack_memberships_contains_paid_content":false,"footnotes":"","jetpack_publicize_message":"","jetpack_publicize_feature_enabled":true,"jetpack_social_post_already_shared":true,"jetpack_social_options":{"image_generator_settings":{"template":"highway","default_image_id":0,"font":"","enabled":false},"version":2}},"categories":[27,2],"tags":[],"class_list":["post-99708","post","type-post","status-publish","format-standard","has-post-thumbnail","hentry","category-blogu-i-udhetarit","category-politika"],"jetpack_publicize_connections":[],"jetpack_featured_media_url":"https:\/\/i0.wp.com\/www.shqiperia.com\/blog\/wp-content\/uploads\/2026\/04\/malaj-rama-spiropali.jpg?fit=711%2C462&ssl=1","jetpack_sharing_enabled":true,"jetpack_shortlink":"https:\/\/wp.me\/p5Z6wp-pWc","jetpack-related-posts":[{"id":49587,"url":"https:\/\/www.shqiperia.com\/blog\/priten-zhvillime-te-forta-arben-malaj-nxjerr-emrin-e-ministrit-qe-do-te-shkaktoje-trazira-ne-vlore-shqiptaret-nuk-donin-te-ishte-me-anetar-qeverie\/","url_meta":{"origin":99708,"position":0},"title":"Priten zhvillime t\u00eb forta! Arben Malaj nxjerr emrin e ministrit q\u00eb do t\u00eb shkaktoj\u00eb trazira n\u00eb Vlor\u00eb:  &#8211; Shqiptar\u00ebt nuk donin t\u00eb ishte m\u00eb an\u00ebtar qeverie&#8230;","author":"Kurt Farka","date":"September 3, 2021","format":false,"excerpt":"Priten zhvillime t\u00eb forta! Arben Malaj nxjerr emrin e ministrit q\u00eb do t\u00eb shkaktoj\u00eb trazira n\u00eb Vlor\u00eb: - Shqiptar\u00ebt nuk donin t\u00eb ishte m\u00eb an\u00ebtar qeverie... 2 SHTATOR 2021 \u2026 \u201cLufta n\u00eb Vlor\u00eb po b\u00ebhet p\u00ebr territore\u201d \u2026 Ish-ministri i PS-s\u00eb Arben Malaj, komentoi kabinetin e ri qeveris\u00ebs dhe tha\u2026","rel":"","context":"In &quot;Blogu i Udh\u00ebtarit&quot;","block_context":{"text":"Blogu i Udh\u00ebtarit","link":"https:\/\/www.shqiperia.com\/blog\/category\/blogu-i-udhetarit\/"},"img":{"alt_text":"","src":"https:\/\/i0.wp.com\/www.shqiperia.com\/blog\/wp-content\/uploads\/2021\/09\/800-0-6130fb0f7ec58.jpg?fit=734%2C416&ssl=1&resize=350%2C200","width":350,"height":200,"srcset":"https:\/\/i0.wp.com\/www.shqiperia.com\/blog\/wp-content\/uploads\/2021\/09\/800-0-6130fb0f7ec58.jpg?fit=734%2C416&ssl=1&resize=350%2C200 1x, https:\/\/i0.wp.com\/www.shqiperia.com\/blog\/wp-content\/uploads\/2021\/09\/800-0-6130fb0f7ec58.jpg?fit=734%2C416&ssl=1&resize=525%2C300 1.5x, https:\/\/i0.wp.com\/www.shqiperia.com\/blog\/wp-content\/uploads\/2021\/09\/800-0-6130fb0f7ec58.jpg?fit=734%2C416&ssl=1&resize=700%2C400 2x"},"classes":[]},{"id":91653,"url":"https:\/\/www.shqiperia.com\/blog\/arben-malaj-per-taulant-ballen-ka-probleme-me-ligjin\/","url_meta":{"origin":99708,"position":1},"title":"Arben Malaj p\u00ebr Taulant Ball\u00ebn: &#8211; Ka probleme me ligjin","author":"Kurt Farka","date":"April 20, 2025","format":false,"excerpt":"20 Prill 2025 Arben Malaj, ish-minist\u00ebr i Financave, n\u00eb nj\u00eb lidhje direkte me studion e \u201cOff the Record\u201d me Andrea Dangllin, n\u00eb A2 CNN, komentoi kritikat e tij ndaj zotit Taulant Balla sa i takon premtimeve elektorale. \u201cMe zotin Taulant Balla problemin e kam n\u00eb profilin publik. Nuk duhet q\u00eb\u2026","rel":"","context":"In &quot;Blogu i Udh\u00ebtarit&quot;","block_context":{"text":"Blogu i Udh\u00ebtarit","link":"https:\/\/www.shqiperia.com\/blog\/category\/blogu-i-udhetarit\/"},"img":{"alt_text":"","src":"https:\/\/i0.wp.com\/www.shqiperia.com\/blog\/wp-content\/uploads\/2025\/04\/arben-malaj-taulant-balla.png?fit=800%2C416&ssl=1&resize=350%2C200","width":350,"height":200,"srcset":"https:\/\/i0.wp.com\/www.shqiperia.com\/blog\/wp-content\/uploads\/2025\/04\/arben-malaj-taulant-balla.png?fit=800%2C416&ssl=1&resize=350%2C200 1x, https:\/\/i0.wp.com\/www.shqiperia.com\/blog\/wp-content\/uploads\/2025\/04\/arben-malaj-taulant-balla.png?fit=800%2C416&ssl=1&resize=525%2C300 1.5x, https:\/\/i0.wp.com\/www.shqiperia.com\/blog\/wp-content\/uploads\/2025\/04\/arben-malaj-taulant-balla.png?fit=800%2C416&ssl=1&resize=700%2C400 2x"},"classes":[]},{"id":69964,"url":"https:\/\/www.shqiperia.com\/blog\/arben-malaj-vendi-duhet-te-shkoje-ne-zgjedhje-te-parakohshme-boll-me-me-kete-qeverisje-arrogante\/","url_meta":{"origin":99708,"position":2},"title":"Arben Malaj: &#8211; \u201cVendi duhet t\u00eb shkoj\u00eb n\u00eb zgjedhje t\u00eb parakohshme\u201d. &#8211; Boll m\u00eb me k\u00ebt\u00eb qeverisje arrogante!\u00a0","author":"Kurt Farka","date":"March 23, 2023","format":false,"excerpt":"23 Mars 2023 Ish-ministri i Financave Arben Malaj, n\u00eb nj\u00eb intervist\u00eb n\u00eb\u00a0News24\u00a0foli p\u00ebr aksionin e paligjsh\u00ebm te \u201cPrestige Resort\u201d. Gjat\u00eb k\u00ebsaj interviste, ai tha se Gjykata Nd\u00ebrkomb\u00ebtare do t\u2019i jap\u00eb t\u00eb drejt\u00eb \u2018Prestige\u2019, duke shtuar se nuk duhet humbur asnj\u00eb minut\u00eb, por duhen ndjekur t\u00eb gjitha hapat juridik\u00eb. Gjithashtu Malaj\u2026","rel":"","context":"In &quot;Blogu i Udh\u00ebtarit&quot;","block_context":{"text":"Blogu i Udh\u00ebtarit","link":"https:\/\/www.shqiperia.com\/blog\/category\/blogu-i-udhetarit\/"},"img":{"alt_text":"","src":"https:\/\/i0.wp.com\/www.shqiperia.com\/blog\/wp-content\/uploads\/2023\/03\/arben-malaj-1-770x436-1.jpg?fit=770%2C436&ssl=1&resize=350%2C200","width":350,"height":200,"srcset":"https:\/\/i0.wp.com\/www.shqiperia.com\/blog\/wp-content\/uploads\/2023\/03\/arben-malaj-1-770x436-1.jpg?fit=770%2C436&ssl=1&resize=350%2C200 1x, https:\/\/i0.wp.com\/www.shqiperia.com\/blog\/wp-content\/uploads\/2023\/03\/arben-malaj-1-770x436-1.jpg?fit=770%2C436&ssl=1&resize=525%2C300 1.5x, https:\/\/i0.wp.com\/www.shqiperia.com\/blog\/wp-content\/uploads\/2023\/03\/arben-malaj-1-770x436-1.jpg?fit=770%2C436&ssl=1&resize=700%2C400 2x"},"classes":[]},{"id":97975,"url":"https:\/\/www.shqiperia.com\/blog\/arben-malaj-thirrje-socialisteve-neser-kerkojini-publikisht-rames-te-jape-doreheqjen\/","url_meta":{"origin":99708,"position":3},"title":"Arben Malaj thirrje socialist\u00ebve: &#8211; Nes\u00ebr k\u00ebrkojini publikisht Ram\u00ebs t\u00eb jap\u00eb dor\u00ebheqjen","author":"Kurt Farka","date":"February 26, 2026","format":false,"excerpt":"26 Shkurt 2026 Ish-ministri i Financave, Arben Malaj, u b\u00ebri thirrje publike socialist\u00ebve q\u00eb n\u00eb mbledhjen e s\u00eb enjtes t\u00eb strukturave drejtuese t\u00eb Partis\u00eb Socialiste p\u00ebr \u00e7\u00ebshtjen \u201cBalluku\u201d t\u00eb k\u00ebrkojn\u00eb dor\u00ebheqjen e kryeministrit Edi Rama. I ftuar n\u00eb emisionin \u201cOff the Record\u201d, Malaj deklaroi se kjo \u00ebsht\u00eb nj\u00eb mund\u00ebsi e\u2026","rel":"","context":"In &quot;Blogu i Udh\u00ebtarit&quot;","block_context":{"text":"Blogu i Udh\u00ebtarit","link":"https:\/\/www.shqiperia.com\/blog\/category\/blogu-i-udhetarit\/"},"img":{"alt_text":"","src":"https:\/\/i0.wp.com\/www.shqiperia.com\/blog\/wp-content\/uploads\/2026\/02\/auto_sd6f6sdf1772051371-900x570-1.jpg?fit=900%2C570&ssl=1&resize=350%2C200","width":350,"height":200,"srcset":"https:\/\/i0.wp.com\/www.shqiperia.com\/blog\/wp-content\/uploads\/2026\/02\/auto_sd6f6sdf1772051371-900x570-1.jpg?fit=900%2C570&ssl=1&resize=350%2C200 1x, https:\/\/i0.wp.com\/www.shqiperia.com\/blog\/wp-content\/uploads\/2026\/02\/auto_sd6f6sdf1772051371-900x570-1.jpg?fit=900%2C570&ssl=1&resize=525%2C300 1.5x, https:\/\/i0.wp.com\/www.shqiperia.com\/blog\/wp-content\/uploads\/2026\/02\/auto_sd6f6sdf1772051371-900x570-1.jpg?fit=900%2C570&ssl=1&resize=700%2C400 2x"},"classes":[]},{"id":23491,"url":"https:\/\/www.shqiperia.com\/blog\/shperthen-arben-malaj-nga-teatri-te-mblidhet-parlamenti-te-ndalohet-shembja\/","url_meta":{"origin":99708,"position":4},"title":"Shp\u00ebrthen Arben Malaj nga Teatri: T\u00eb mblidhet parlamenti, t\u00eb ndalohet shembja. &#8211;","author":"Kurt Farka","date":"July 24, 2019","format":false,"excerpt":"Shp\u00ebrthen Arben Malaj nga Teatri: T\u00eb mblidhet parlamenti, t\u00eb ndalohet shembja. - 24 Korrik, 2019. Protest\u00ebs s\u00eb artist\u00ebve tek Teatri Komb\u00ebtar i \u00ebsht\u00eb bashkaur dhe ish-minsitrii\u00a0 Financave, Arben Malaj. Ai u ka b\u00ebr\u00eb thirrje t\u00eb gjith\u00eb socialist\u00ebve t\u00eb reagojn\u00eb dhe t\u00eb mos lejojn\u00eb shembjen e Teatri Komb\u00ebtar. \u201cN\u00eb radh\u00eb t\u00eb\u2026","rel":"","context":"In &quot;Blogu i Udh\u00ebtarit&quot;","block_context":{"text":"Blogu i Udh\u00ebtarit","link":"https:\/\/www.shqiperia.com\/blog\/category\/blogu-i-udhetarit\/"},"img":{"alt_text":"","src":"https:\/\/i0.wp.com\/www.shqiperia.com\/blog\/wp-content\/uploads\/2019\/07\/malaj-759x405.png?fit=759%2C405&ssl=1&resize=350%2C200","width":350,"height":200,"srcset":"https:\/\/i0.wp.com\/www.shqiperia.com\/blog\/wp-content\/uploads\/2019\/07\/malaj-759x405.png?fit=759%2C405&ssl=1&resize=350%2C200 1x, https:\/\/i0.wp.com\/www.shqiperia.com\/blog\/wp-content\/uploads\/2019\/07\/malaj-759x405.png?fit=759%2C405&ssl=1&resize=525%2C300 1.5x, https:\/\/i0.wp.com\/www.shqiperia.com\/blog\/wp-content\/uploads\/2019\/07\/malaj-759x405.png?fit=759%2C405&ssl=1&resize=700%2C400 2x"},"classes":[]},{"id":23499,"url":"https:\/\/www.shqiperia.com\/blog\/shperthen-arben-malaj-nga-teatri-te-mblidhet-parlamenti-te-ndalohet-shembja-2\/","url_meta":{"origin":99708,"position":5},"title":"Shp\u00ebrthen Arben Malaj nga Teatri: T\u00eb mblidhet parlamenti, t\u00eb ndalohet shembja","author":"Kurt Farka","date":"July 24, 2019","format":false,"excerpt":"Shp\u00ebrthen Arben Malaj nga Teatri: T\u00eb mblidhet parlamenti, t\u00eb ndalohet shembja 24 Korrik, 2019 Protest\u00ebs s\u00eb artist\u00ebve tek Teatri Komb\u00ebtar i \u00ebsht\u00eb bashkaur dhe ish-minsitrii\u00a0 Financave, Arben Malaj. Ai u ka b\u00ebr\u00eb thirrje t\u00eb gjith\u00eb socialist\u00ebve t\u00eb reagojn\u00eb dhe t\u00eb mos lejojn\u00eb shembjen e Teatri Komb\u00ebtar. \u201cN\u00eb radh\u00eb t\u00eb par\u00eb\u2026","rel":"","context":"In &quot;Blogu i Udh\u00ebtarit&quot;","block_context":{"text":"Blogu i Udh\u00ebtarit","link":"https:\/\/www.shqiperia.com\/blog\/category\/blogu-i-udhetarit\/"},"img":{"alt_text":"","src":"https:\/\/i0.wp.com\/www.shqiperia.com\/blog\/wp-content\/uploads\/2019\/07\/malaj-759x405-2.png?fit=759%2C405&ssl=1&resize=350%2C200","width":350,"height":200,"srcset":"https:\/\/i0.wp.com\/www.shqiperia.com\/blog\/wp-content\/uploads\/2019\/07\/malaj-759x405-2.png?fit=759%2C405&ssl=1&resize=350%2C200 1x, https:\/\/i0.wp.com\/www.shqiperia.com\/blog\/wp-content\/uploads\/2019\/07\/malaj-759x405-2.png?fit=759%2C405&ssl=1&resize=525%2C300 1.5x, https:\/\/i0.wp.com\/www.shqiperia.com\/blog\/wp-content\/uploads\/2019\/07\/malaj-759x405-2.png?fit=759%2C405&ssl=1&resize=700%2C400 2x"},"classes":[]}],"_links":{"self":[{"href":"https:\/\/www.shqiperia.com\/blog\/wp-json\/wp\/v2\/posts\/99708","targetHints":{"allow":["GET"]}}],"collection":[{"href":"https:\/\/www.shqiperia.com\/blog\/wp-json\/wp\/v2\/posts"}],"about":[{"href":"https:\/\/www.shqiperia.com\/blog\/wp-json\/wp\/v2\/types\/post"}],"author":[{"embeddable":true,"href":"https:\/\/www.shqiperia.com\/blog\/wp-json\/wp\/v2\/users\/9"}],"replies":[{"embeddable":true,"href":"https:\/\/www.shqiperia.com\/blog\/wp-json\/wp\/v2\/comments?post=99708"}],"version-history":[{"count":1,"href":"https:\/\/www.shqiperia.com\/blog\/wp-json\/wp\/v2\/posts\/99708\/revisions"}],"predecessor-version":[{"id":99710,"href":"https:\/\/www.shqiperia.com\/blog\/wp-json\/wp\/v2\/posts\/99708\/revisions\/99710"}],"wp:featuredmedia":[{"embeddable":true,"href":"https:\/\/www.shqiperia.com\/blog\/wp-json\/wp\/v2\/media\/99709"}],"wp:attachment":[{"href":"https:\/\/www.shqiperia.com\/blog\/wp-json\/wp\/v2\/media?parent=99708"}],"wp:term":[{"taxonomy":"category","embeddable":true,"href":"https:\/\/www.shqiperia.com\/blog\/wp-json\/wp\/v2\/categories?post=99708"},{"taxonomy":"post_tag","embeddable":true,"href":"https:\/\/www.shqiperia.com\/blog\/wp-json\/wp\/v2\/tags?post=99708"}],"curies":[{"name":"wp","href":"https:\/\/api.w.org\/{rel}","templated":true}]}}