{"id":99705,"date":"2026-04-29T07:59:19","date_gmt":"2026-04-29T07:59:19","guid":{"rendered":"https:\/\/www.shqiperia.com\/blog\/?p=99705"},"modified":"2026-04-29T08:04:28","modified_gmt":"2026-04-29T08:04:28","slug":"von-der-leyen-lufta-ne-iran-po-i-kushton-be-se-500-milione-euro-energji-ne-dite-pasojat-do-te-ndihen-per-muaj-ose-vite","status":"publish","type":"post","link":"https:\/\/www.shqiperia.com\/blog\/von-der-leyen-lufta-ne-iran-po-i-kushton-be-se-500-milione-euro-energji-ne-dite-pasojat-do-te-ndihen-per-muaj-ose-vite\/","title":{"rendered":"Von der Leyen: Lufta n\u00eb Iran po i kushton BE-s\u00eb 500 milion\u00eb euro energji n\u00eb dit\u00eb, pasojat do t\u00eb ndihen p\u00ebr muaj ose vite"},"content":{"rendered":"<p><img data-recalc-dims=\"1\" loading=\"lazy\" decoding=\"async\" data-attachment-id=\"99706\" data-permalink=\"https:\/\/www.shqiperia.com\/blog\/von-der-leyen-lufta-ne-iran-po-i-kushton-be-se-500-milione-euro-energji-ne-dite-pasojat-do-te-ndihen-per-muaj-ose-vite\/von-der-leyten\/\" data-orig-file=\"https:\/\/i0.wp.com\/www.shqiperia.com\/blog\/wp-content\/uploads\/2026\/04\/von-der-leyten.jpg?fit=728%2C408&amp;ssl=1\" data-orig-size=\"728,408\" data-comments-opened=\"1\" data-image-meta=\"{&quot;aperture&quot;:&quot;0&quot;,&quot;credit&quot;:&quot;&quot;,&quot;camera&quot;:&quot;&quot;,&quot;caption&quot;:&quot;&quot;,&quot;created_timestamp&quot;:&quot;0&quot;,&quot;copyright&quot;:&quot;&quot;,&quot;focal_length&quot;:&quot;0&quot;,&quot;iso&quot;:&quot;0&quot;,&quot;shutter_speed&quot;:&quot;0&quot;,&quot;title&quot;:&quot;&quot;,&quot;orientation&quot;:&quot;0&quot;}\" data-image-title=\"von-der-leyten\" data-image-description=\"\" data-image-caption=\"\" data-medium-file=\"https:\/\/i0.wp.com\/www.shqiperia.com\/blog\/wp-content\/uploads\/2026\/04\/von-der-leyten.jpg?fit=300%2C168&amp;ssl=1\" data-large-file=\"https:\/\/i0.wp.com\/www.shqiperia.com\/blog\/wp-content\/uploads\/2026\/04\/von-der-leyten.jpg?fit=728%2C408&amp;ssl=1\" class=\"alignnone wp-image-99706\" alt=\"\" src=\"https:\/\/i0.wp.com\/www.shqiperia.com\/blog\/wp-content\/uploads\/2026\/04\/von-der-leyten.jpg?resize=702%2C393&#038;ssl=1\" width=\"702\" height=\"393\" srcset=\"https:\/\/i0.wp.com\/www.shqiperia.com\/blog\/wp-content\/uploads\/2026\/04\/von-der-leyten.jpg?resize=300%2C168&amp;ssl=1 300w, https:\/\/i0.wp.com\/www.shqiperia.com\/blog\/wp-content\/uploads\/2026\/04\/von-der-leyten.jpg?resize=450%2C252&amp;ssl=1 450w, https:\/\/i0.wp.com\/www.shqiperia.com\/blog\/wp-content\/uploads\/2026\/04\/von-der-leyten.jpg?resize=600%2C336&amp;ssl=1 600w, https:\/\/i0.wp.com\/www.shqiperia.com\/blog\/wp-content\/uploads\/2026\/04\/von-der-leyten.jpg?resize=400%2C224&amp;ssl=1 400w, https:\/\/i0.wp.com\/www.shqiperia.com\/blog\/wp-content\/uploads\/2026\/04\/von-der-leyten.jpg?w=728&amp;ssl=1 728w\" sizes=\"auto, (max-width: 702px) 100vw, 702px\" \/><\/p>\n<p>29 Prill 2026<\/p>\n<p>Duke folur n\u00eb seanc\u00ebn plenare t\u00eb Parlamenti Evropian n\u00eb Strasburg, ajo deklaroi se vet\u00ebm n\u00eb 60 dit\u00ebt e para t\u00eb konfliktit, shpenzimet e BE-s\u00eb p\u00ebr importet e l\u00ebnd\u00ebve djeg\u00ebse fosile jan\u00eb rritur me mbi 27 miliard\u00eb euro.<\/p>\n<p><em>\u201cPo humbasim pothuajse 500 milion\u00eb euro n\u00eb dit\u00eb\u201d<\/em>, u shpreh von der Leyen, duke e cil\u00ebsuar situat\u00ebn si kriz\u00ebn e dyt\u00eb t\u00eb madhe energjetike brenda kat\u00ebr viteve t\u00eb fundit.<\/p>\n<p>Sipas saj, zhvillimet e fundit tregojn\u00eb qart\u00eb se BE nuk mund t\u00eb mb\u00ebshtetet m\u00eb kaq shum\u00eb tek energjia e importuar. Ajo theksoi se rruga p\u00ebrpara \u00ebsht\u00eb ulja e var\u00ebsis\u00eb nga l\u00ebnd\u00ebt djeg\u00ebse fosile dhe rritja e prodhimit vendas t\u00eb energjis\u00eb s\u00eb past\u00ebr dhe t\u00eb p\u00ebrballueshme, p\u00ebrfshir\u00eb burimet e rinovueshme dhe energjin\u00eb b\u00ebrthamore.<\/p>\n<p>\u201c<em>Kjo \u00ebsht\u00eb kriza e dyt\u00eb e madhe energjetike n\u00eb nj\u00eb periudh\u00eb t\u00eb shkurt\u00ebr prej kat\u00ebr vitesh. M\u00ebsimi duhet t\u00eb jet\u00eb i qart\u00eb p\u00ebr t\u00eb gjith\u00eb. N\u00eb nj\u00eb bot\u00eb t\u00eb trazuar si e jona, thjesht nuk mund t\u00eb mb\u00ebshtetemi tep\u00ebr n\u00eb energjin\u00eb e importuar.<\/em><\/p>\n<p><em>Rruga p\u00ebrpara \u00ebsht\u00eb e qart\u00eb: duhet ta zvog\u00eblojm\u00eb var\u00ebsin\u00eb ton\u00eb t\u00eb tep\u00ebrt nga l\u00ebnd\u00ebt djeg\u00ebse fosile t\u00eb importuara dhe t\u00eb rrisim prodhimin ton\u00eb vendas t\u00eb energjis\u00eb s\u00eb past\u00ebr dhe t\u00eb p\u00ebrballueshme, nga burimet e rinovueshme te ato b\u00ebrthamore, duke respektuar plot\u00ebsisht neutralitetin teknologjik\u201d,<\/em><span>\u00a0<\/span>tha Von der Leyen.<\/p>\n<p>Von der Leyen shtoi gjithashtu se ekziston nj\u00eb \u201crealitet i ashp\u00ebr\u201d, pasi ndikimet e konfliktit n\u00eb Lindjen e Mesme do t\u00eb ken\u00eb efekt afatgjat\u00eb n\u00eb ekonomin\u00eb dhe sigurin\u00eb energjetike t\u00eb BE-s\u00eb.<\/p>\n<p><em>\u201cEkziston nj\u00eb realitet i ashp\u00ebr me t\u00eb cilin t\u00eb gjith\u00eb duhet t\u00eb p\u00ebrballemi: pasojat e konfliktit n\u00eb Iran mund t\u00eb ndihen p\u00ebr muaj ose edhe vite q\u00eb do t\u00eb vijn\u00eb. Q\u00ebllimi yn\u00eb i p\u00ebrbashk\u00ebt \u00ebsht\u00eb tani t\u00eb shohim nj\u00eb fund t\u00eb q\u00ebndruesh\u00ebm t\u00eb luft\u00ebs. Kjo p\u00ebrfshin rivendosjen e liris\u00eb s\u00eb plot\u00eb dhe t\u00eb p\u00ebrhershme t\u00eb lundrimit n\u00eb Ngushtic\u00ebn e Hormuzit pa taksa\u201d,<\/em><span>\u00a0<\/span>u shpreh m\u00eb tej Von der Leyen.<\/p>\n<p>Ajo n\u00ebnvizoi se q\u00ebllimi kryesor i komunitetit nd\u00ebrkomb\u00ebtar mbetet arritja e nj\u00eb paqeje t\u00eb q\u00ebndrueshme, duke p\u00ebrfshir\u00eb garantimin e liris\u00eb s\u00eb lundrimit n\u00eb Ngushtica e Hormuzit dhe adresimin e \u00e7\u00ebshtjeve q\u00eb lidhen me programin b\u00ebrthamor dhe raketor t\u00eb Iranit.<\/p>\n","protected":false},"excerpt":{"rendered":"<p>29 Prill 2026 Duke folur n\u00eb seanc\u00ebn plenare t\u00eb Parlamenti Evropian n\u00eb Strasburg, ajo deklaroi se vet\u00ebm n\u00eb 60 dit\u00ebt e para t\u00eb konfliktit, shpenzimet e BE-s\u00eb p\u00ebr importet e l\u00ebnd\u00ebve djeg\u00ebse fosile jan\u00eb rritur me mbi 27 miliard\u00eb euro. \u201cPo humbasim pothuajse 500 milion\u00eb euro n\u00eb dit\u00eb\u201d, u shpreh von der Leyen, duke e [&hellip;]<\/p>\n","protected":false},"author":9,"featured_media":99706,"comment_status":"open","ping_status":"open","sticky":false,"template":"","format":"standard","meta":{"jetpack_post_was_ever_published":false,"_jetpack_newsletter_access":"","_jetpack_dont_email_post_to_subs":false,"_jetpack_newsletter_tier_id":0,"_jetpack_memberships_contains_paywalled_content":false,"_jetpack_memberships_contains_paid_content":false,"footnotes":"","jetpack_publicize_message":"","jetpack_publicize_feature_enabled":true,"jetpack_social_post_already_shared":true,"jetpack_social_options":{"image_generator_settings":{"template":"highway","default_image_id":0,"font":"","enabled":false},"version":2}},"categories":[27,2,35],"tags":[],"class_list":["post-99705","post","type-post","status-publish","format-standard","has-post-thumbnail","hentry","category-blogu-i-udhetarit","category-politika","category-shoqerore"],"jetpack_publicize_connections":[],"jetpack_featured_media_url":"https:\/\/i0.wp.com\/www.shqiperia.com\/blog\/wp-content\/uploads\/2026\/04\/von-der-leyten.jpg?fit=728%2C408&ssl=1","jetpack_sharing_enabled":true,"jetpack_shortlink":"https:\/\/wp.me\/p5Z6wp-pW9","jetpack-related-posts":[{"id":96382,"url":"https:\/\/www.shqiperia.com\/blog\/zona-ku-baticat-me-te-larta-ne-bote-zbulojne-ishuj-balena-dhe-fosile-300-milione-vjecare\/","url_meta":{"origin":99705,"position":0},"title":"Zona ku baticat m\u00eb t\u00eb larta n\u00eb bot\u00eb zbulojn\u00eb ishuj, balena dhe fosile 300 milion\u00eb vje\u00e7are","author":"Kurt Farka","date":"January 9, 2026","format":false,"excerpt":"9 Janar 2026 Gjiri i Fundy-t konsiderohet si nj\u00eb nga fenomenet m\u00eb t\u00eb m\u00ebdha natyrore t\u00eb Amerik\u00ebs s\u00eb Veriut, duke u mburrur me gam\u00ebn m\u00eb t\u00eb lart\u00eb t\u00eb baticave n\u00eb bot\u00eb. Dy her\u00eb n\u00eb dit\u00eb, af\u00ebrsisht 160 miliard\u00eb ton uj\u00eb deti rrjedhin brenda dhe jasht\u00eb gjirit q\u00eb ndan provincat kanadeze\u2026","rel":"","context":"In &quot;Blogu i Udh\u00ebtarit&quot;","block_context":{"text":"Blogu i Udh\u00ebtarit","link":"https:\/\/www.shqiperia.com\/blog\/category\/blogu-i-udhetarit\/"},"img":{"alt_text":"","src":"https:\/\/i0.wp.com\/www.shqiperia.com\/blog\/wp-content\/uploads\/2026\/01\/hopewell_cape.webp?fit=1200%2C623&ssl=1&resize=350%2C200","width":350,"height":200,"srcset":"https:\/\/i0.wp.com\/www.shqiperia.com\/blog\/wp-content\/uploads\/2026\/01\/hopewell_cape.webp?fit=1200%2C623&ssl=1&resize=350%2C200 1x, https:\/\/i0.wp.com\/www.shqiperia.com\/blog\/wp-content\/uploads\/2026\/01\/hopewell_cape.webp?fit=1200%2C623&ssl=1&resize=525%2C300 1.5x, https:\/\/i0.wp.com\/www.shqiperia.com\/blog\/wp-content\/uploads\/2026\/01\/hopewell_cape.webp?fit=1200%2C623&ssl=1&resize=700%2C400 2x, https:\/\/i0.wp.com\/www.shqiperia.com\/blog\/wp-content\/uploads\/2026\/01\/hopewell_cape.webp?fit=1200%2C623&ssl=1&resize=1050%2C600 3x"},"classes":[]},{"id":56218,"url":"https:\/\/www.shqiperia.com\/blog\/qeveria-tender-15-milione-euro-per-blerjen-e-karburantit\/","url_meta":{"origin":99705,"position":1},"title":"Qeveria, tender 15 milion\u00eb euro p\u00ebr blerjen e karburantit","author":"Kurt Farka","date":"April 1, 2022","format":false,"excerpt":"Qeveria, tender 15 milion\u00eb euro p\u00ebr blerjen e karburantit - 01\/04\/22 N\u00eb 31 mars Agjencia e Blerjeve t\u00eb P\u00ebrqendruara ka hapur nj\u00eb tender 14 milion\u00eb euro p\u00ebr blerjen e karburantit. Tenderi \u00ebsht\u00eb i ndar\u00eb n\u00eb pes\u00eb lote. Afati i kontrat\u00ebs \u00ebsht\u00eb p\u00ebr tre dhe kat\u00ebr vite n\u00eb var\u00ebsi t\u00eb l\u00ebnd\u00ebs\u2026","rel":"","context":"In &quot;Blogu i Udh\u00ebtarit&quot;","block_context":{"text":"Blogu i Udh\u00ebtarit","link":"https:\/\/www.shqiperia.com\/blog\/category\/blogu-i-udhetarit\/"},"img":{"alt_text":"","src":"https:\/\/i0.wp.com\/www.shqiperia.com\/blog\/wp-content\/uploads\/2022\/04\/1200px-Ministria_e_Brendshme-scaled-1200x900-1.jpg?fit=1200%2C622&ssl=1&resize=350%2C200","width":350,"height":200,"srcset":"https:\/\/i0.wp.com\/www.shqiperia.com\/blog\/wp-content\/uploads\/2022\/04\/1200px-Ministria_e_Brendshme-scaled-1200x900-1.jpg?fit=1200%2C622&ssl=1&resize=350%2C200 1x, https:\/\/i0.wp.com\/www.shqiperia.com\/blog\/wp-content\/uploads\/2022\/04\/1200px-Ministria_e_Brendshme-scaled-1200x900-1.jpg?fit=1200%2C622&ssl=1&resize=525%2C300 1.5x, https:\/\/i0.wp.com\/www.shqiperia.com\/blog\/wp-content\/uploads\/2022\/04\/1200px-Ministria_e_Brendshme-scaled-1200x900-1.jpg?fit=1200%2C622&ssl=1&resize=700%2C400 2x, https:\/\/i0.wp.com\/www.shqiperia.com\/blog\/wp-content\/uploads\/2022\/04\/1200px-Ministria_e_Brendshme-scaled-1200x900-1.jpg?fit=1200%2C622&ssl=1&resize=1050%2C600 3x"},"classes":[]},{"id":92013,"url":"https:\/\/www.shqiperia.com\/blog\/djali-7-vjecar-zbulon-fosile-te-periudhes-jurassic-ne-kopshtin-e-tij\/","url_meta":{"origin":99705,"position":2},"title":"Djali 7-vje\u00e7ar zbulon fosile t\u00eb periudh\u00ebs Jurassic n\u00eb kopshtin e tij","author":"Kurt Farka","date":"April 29, 2025","format":false,"excerpt":"29 Prill 2025 Dorset \u00ebsht\u00eb nj\u00eb vend i Trash\u00ebgimis\u00eb Bot\u00ebrore t\u00eb Bregut Jurasik, zona m\u00eb e njohur n\u00eb Mbret\u00ebrin\u00eb e Bashkuar p\u00ebr mbledhjen e fosileve. Nj\u00eb djal\u00eb shtat\u00ebvje\u00e7ar n\u00eb Matlock, Derbyshire, zbuloi fosilet e lashta t\u00eb oqeanit pik\u00ebrisht n\u00eb oborrin e tij, dikur pjes\u00eb e nj\u00eb parajse oqeanike. Megjithat\u00eb, fosilet\u2026","rel":"","context":"In &quot;Blogu i Udh\u00ebtarit&quot;","block_context":{"text":"Blogu i Udh\u00ebtarit","link":"https:\/\/www.shqiperia.com\/blog\/category\/blogu-i-udhetarit\/"},"img":{"alt_text":"","src":"https:\/\/i0.wp.com\/www.shqiperia.com\/blog\/wp-content\/uploads\/2025\/04\/640-0-d2-1745905610.jpg?fit=640%2C480&ssl=1&resize=350%2C200","width":350,"height":200,"srcset":"https:\/\/i0.wp.com\/www.shqiperia.com\/blog\/wp-content\/uploads\/2025\/04\/640-0-d2-1745905610.jpg?fit=640%2C480&ssl=1&resize=350%2C200 1x, https:\/\/i0.wp.com\/www.shqiperia.com\/blog\/wp-content\/uploads\/2025\/04\/640-0-d2-1745905610.jpg?fit=640%2C480&ssl=1&resize=525%2C300 1.5x"},"classes":[]},{"id":64010,"url":"https:\/\/www.shqiperia.com\/blog\/beton-nga-levozhga-e-karkalecave\/","url_meta":{"origin":99705,"position":3},"title":"Beton nga\u2026 l\u00ebvozhga e karkalecave","author":"Kurt Farka","date":"November 5, 2022","format":false,"excerpt":"5 Nentor 2022 L\u00ebvozhga e karkalecave p\u00ebrmban nj\u00eb biopolimer, kitin, i cili, i shtuar n\u00eb p\u00ebrzierjen e \u00e7imentos, e b\u00ebn at\u00eb deri n\u00eb 40% m\u00eb rezistent, sipas nj\u00eb studimi t\u00eb botuar n\u00eb \u201dCement and Concrete Composites\u201d, shkruan focus.it. Studimi thekson se p\u00ebrdorimi i mbetjeve t\u00eb karkalecave do t\u00eb kontribuonte edhe\u2026","rel":"","context":"In &quot;Blogu i Udh\u00ebtarit&quot;","block_context":{"text":"Blogu i Udh\u00ebtarit","link":"https:\/\/www.shqiperia.com\/blog\/category\/blogu-i-udhetarit\/"},"img":{"alt_text":"","src":"https:\/\/i0.wp.com\/www.shqiperia.com\/blog\/wp-content\/uploads\/2022\/11\/Beton-nga%E2%80%A6-levozhga-e-karkalecave.jpg?fit=770%2C433&ssl=1&resize=350%2C200","width":350,"height":200,"srcset":"https:\/\/i0.wp.com\/www.shqiperia.com\/blog\/wp-content\/uploads\/2022\/11\/Beton-nga%E2%80%A6-levozhga-e-karkalecave.jpg?fit=770%2C433&ssl=1&resize=350%2C200 1x, https:\/\/i0.wp.com\/www.shqiperia.com\/blog\/wp-content\/uploads\/2022\/11\/Beton-nga%E2%80%A6-levozhga-e-karkalecave.jpg?fit=770%2C433&ssl=1&resize=525%2C300 1.5x, https:\/\/i0.wp.com\/www.shqiperia.com\/blog\/wp-content\/uploads\/2022\/11\/Beton-nga%E2%80%A6-levozhga-e-karkalecave.jpg?fit=770%2C433&ssl=1&resize=700%2C400 2x"},"classes":[]},{"id":93376,"url":"https:\/\/www.shqiperia.com\/blog\/ripercaktimi-i-jetes-ne-toke-tre-te-katertat-e-tokes-se-botes-po-thahen-pergjithmone\/","url_meta":{"origin":99705,"position":4},"title":"&#8220;Rip\u00ebrcaktimi i jet\u00ebs n\u00eb Tok\u00eb&#8221;: &#8211; Tre t\u00eb kat\u00ebrtat e tok\u00ebs s\u00eb bot\u00ebs po thahen p\u00ebrgjithmon\u00eb!","author":"Kurt Farka","date":"August 30, 2025","format":false,"excerpt":"30 Gusht 2025 M\u00eb shum\u00eb se tre t\u00eb kat\u00ebrtat e tok\u00ebs s\u00eb bot\u00ebs u b\u00ebn\u00eb p\u00ebrgjithmon\u00eb m\u00eb t\u00eb thata n\u00eb dekadat e fundit, sipas nj\u00eb raporti historik nga Konventa e OKB-s\u00eb p\u00ebr Luftimin e Shkret\u00ebtir\u00ebzimit (UNCCD). UNCCD thot\u00eb se 77.6 p\u00ebr qind e tok\u00ebs s\u00eb Tok\u00ebs p\u00ebrjetoi kushte m\u00eb t\u00eb\u2026","rel":"","context":"In &quot;Blogu i Udh\u00ebtarit&quot;","block_context":{"text":"Blogu i Udh\u00ebtarit","link":"https:\/\/www.shqiperia.com\/blog\/category\/blogu-i-udhetarit\/"},"img":{"alt_text":"","src":"https:\/\/i0.wp.com\/www.shqiperia.com\/blog\/wp-content\/uploads\/2025\/08\/900-0-1733845104xkullota-thatesira-805.jpg?fit=900%2C506&ssl=1&resize=350%2C200","width":350,"height":200,"srcset":"https:\/\/i0.wp.com\/www.shqiperia.com\/blog\/wp-content\/uploads\/2025\/08\/900-0-1733845104xkullota-thatesira-805.jpg?fit=900%2C506&ssl=1&resize=350%2C200 1x, https:\/\/i0.wp.com\/www.shqiperia.com\/blog\/wp-content\/uploads\/2025\/08\/900-0-1733845104xkullota-thatesira-805.jpg?fit=900%2C506&ssl=1&resize=525%2C300 1.5x, https:\/\/i0.wp.com\/www.shqiperia.com\/blog\/wp-content\/uploads\/2025\/08\/900-0-1733845104xkullota-thatesira-805.jpg?fit=900%2C506&ssl=1&resize=700%2C400 2x"},"classes":[]},{"id":57984,"url":"https:\/\/www.shqiperia.com\/blog\/namibia-vjen-ne-evrope-te-shese-diellin-e-saj-projekti-ambicioz-i-afrikaneve-qe-mund-te-zevendesoje-gazin-rus\/","url_meta":{"origin":99705,"position":5},"title":"Namibia vjen n\u00eb Evrop\u00eb t\u00eb shes\u00eb \u201cDiellin\u201d e saj. &#8211; Projekti ambicioz i afrikan\u00ebve q\u00eb mund t\u00eb z\u00ebvend\u00ebsoj\u00eb gazin rus","author":"Kurt Farka","date":"May 20, 2022","format":false,"excerpt":"Namibia vjen n\u00eb Evrop\u00eb t\u00eb shes\u00eb \u201cDiellin\u201d e saj. - Projekti ambicioz i afrikan\u00ebve q\u00eb mund t\u00eb z\u00ebvend\u00ebsoj\u00eb gazin rus 20 Maj 2022 Teksa Evropa p\u00ebrpiqet t\u00eb dekarbonizoj\u00eb ekonomin\u00eb e saj dhe t\u00eb largohet nga nafta dhe gazi rus, nj\u00eb nga vendet m\u00eb me diell dhe m\u00eb t\u00eb that\u00eb t\u00eb\u2026","rel":"","context":"In &quot;Blogu i Udh\u00ebtarit&quot;","block_context":{"text":"Blogu i Udh\u00ebtarit","link":"https:\/\/www.shqiperia.com\/blog\/category\/blogu-i-udhetarit\/"},"img":{"alt_text":"","src":"https:\/\/i0.wp.com\/www.shqiperia.com\/blog\/wp-content\/uploads\/2022\/05\/Namibia.jpg?fit=711%2C417&ssl=1&resize=350%2C200","width":350,"height":200,"srcset":"https:\/\/i0.wp.com\/www.shqiperia.com\/blog\/wp-content\/uploads\/2022\/05\/Namibia.jpg?fit=711%2C417&ssl=1&resize=350%2C200 1x, https:\/\/i0.wp.com\/www.shqiperia.com\/blog\/wp-content\/uploads\/2022\/05\/Namibia.jpg?fit=711%2C417&ssl=1&resize=525%2C300 1.5x, https:\/\/i0.wp.com\/www.shqiperia.com\/blog\/wp-content\/uploads\/2022\/05\/Namibia.jpg?fit=711%2C417&ssl=1&resize=700%2C400 2x"},"classes":[]}],"_links":{"self":[{"href":"https:\/\/www.shqiperia.com\/blog\/wp-json\/wp\/v2\/posts\/99705","targetHints":{"allow":["GET"]}}],"collection":[{"href":"https:\/\/www.shqiperia.com\/blog\/wp-json\/wp\/v2\/posts"}],"about":[{"href":"https:\/\/www.shqiperia.com\/blog\/wp-json\/wp\/v2\/types\/post"}],"author":[{"embeddable":true,"href":"https:\/\/www.shqiperia.com\/blog\/wp-json\/wp\/v2\/users\/9"}],"replies":[{"embeddable":true,"href":"https:\/\/www.shqiperia.com\/blog\/wp-json\/wp\/v2\/comments?post=99705"}],"version-history":[{"count":2,"href":"https:\/\/www.shqiperia.com\/blog\/wp-json\/wp\/v2\/posts\/99705\/revisions"}],"predecessor-version":[{"id":99711,"href":"https:\/\/www.shqiperia.com\/blog\/wp-json\/wp\/v2\/posts\/99705\/revisions\/99711"}],"wp:featuredmedia":[{"embeddable":true,"href":"https:\/\/www.shqiperia.com\/blog\/wp-json\/wp\/v2\/media\/99706"}],"wp:attachment":[{"href":"https:\/\/www.shqiperia.com\/blog\/wp-json\/wp\/v2\/media?parent=99705"}],"wp:term":[{"taxonomy":"category","embeddable":true,"href":"https:\/\/www.shqiperia.com\/blog\/wp-json\/wp\/v2\/categories?post=99705"},{"taxonomy":"post_tag","embeddable":true,"href":"https:\/\/www.shqiperia.com\/blog\/wp-json\/wp\/v2\/tags?post=99705"}],"curies":[{"name":"wp","href":"https:\/\/api.w.org\/{rel}","templated":true}]}}