{"id":99699,"date":"2026-04-28T23:00:08","date_gmt":"2026-04-28T23:00:08","guid":{"rendered":"https:\/\/www.shqiperia.com\/blog\/?p=99699"},"modified":"2026-04-28T23:00:08","modified_gmt":"2026-04-28T23:00:08","slug":"sejfulla-maleshova-si-e-dua-shqiperine","status":"publish","type":"post","link":"https:\/\/www.shqiperia.com\/blog\/sejfulla-maleshova-si-e-dua-shqiperine\/","title":{"rendered":"Sejfulla Mal\u00ebshova: &#8211; Si e dua Shqip\u00ebrin\u00eb\u2026"},"content":{"rendered":"<div id=\"attachment_99700\" style=\"width: 603px\" class=\"wp-caption alignnone\"><img data-recalc-dims=\"1\" loading=\"lazy\" decoding=\"async\" aria-describedby=\"caption-attachment-99700\" data-attachment-id=\"99700\" data-permalink=\"https:\/\/www.shqiperia.com\/blog\/sejfulla-maleshova-si-e-dua-shqiperine\/sejfulla-maleshova\/\" data-orig-file=\"https:\/\/i0.wp.com\/www.shqiperia.com\/blog\/wp-content\/uploads\/2026\/04\/Sejfulla-Maleshova.jpg?fit=720%2C510&amp;ssl=1\" data-orig-size=\"720,510\" data-comments-opened=\"1\" data-image-meta=\"{&quot;aperture&quot;:&quot;0&quot;,&quot;credit&quot;:&quot;&quot;,&quot;camera&quot;:&quot;&quot;,&quot;caption&quot;:&quot;&quot;,&quot;created_timestamp&quot;:&quot;0&quot;,&quot;copyright&quot;:&quot;&quot;,&quot;focal_length&quot;:&quot;0&quot;,&quot;iso&quot;:&quot;0&quot;,&quot;shutter_speed&quot;:&quot;0&quot;,&quot;title&quot;:&quot;&quot;,&quot;orientation&quot;:&quot;0&quot;}\" data-image-title=\"Sejfulla Mal\u00ebshova\" data-image-description=\"\" data-image-caption=\"&lt;p&gt;Sejfulla Mal\u00ebshova&lt;\/p&gt;\n\" data-medium-file=\"https:\/\/i0.wp.com\/www.shqiperia.com\/blog\/wp-content\/uploads\/2026\/04\/Sejfulla-Maleshova.jpg?fit=300%2C213&amp;ssl=1\" data-large-file=\"https:\/\/i0.wp.com\/www.shqiperia.com\/blog\/wp-content\/uploads\/2026\/04\/Sejfulla-Maleshova.jpg?fit=720%2C510&amp;ssl=1\" class=\" wp-image-99700\" alt=\"\" src=\"https:\/\/i0.wp.com\/www.shqiperia.com\/blog\/wp-content\/uploads\/2026\/04\/Sejfulla-Maleshova.jpg?resize=593%2C421&#038;ssl=1\" width=\"593\" height=\"421\" srcset=\"https:\/\/i0.wp.com\/www.shqiperia.com\/blog\/wp-content\/uploads\/2026\/04\/Sejfulla-Maleshova.jpg?resize=300%2C213&amp;ssl=1 300w, https:\/\/i0.wp.com\/www.shqiperia.com\/blog\/wp-content\/uploads\/2026\/04\/Sejfulla-Maleshova.jpg?resize=450%2C319&amp;ssl=1 450w, https:\/\/i0.wp.com\/www.shqiperia.com\/blog\/wp-content\/uploads\/2026\/04\/Sejfulla-Maleshova.jpg?resize=600%2C425&amp;ssl=1 600w, https:\/\/i0.wp.com\/www.shqiperia.com\/blog\/wp-content\/uploads\/2026\/04\/Sejfulla-Maleshova.jpg?resize=400%2C283&amp;ssl=1 400w, https:\/\/i0.wp.com\/www.shqiperia.com\/blog\/wp-content\/uploads\/2026\/04\/Sejfulla-Maleshova.jpg?w=720&amp;ssl=1 720w\" sizes=\"auto, (max-width: 593px) 100vw, 593px\" \/><p id=\"caption-attachment-99700\" class=\"wp-caption-text\">Sejfulla Mal\u00ebshova<\/p><\/div>\n<p><em>30 Prill 2026<\/em><\/p>\n<p><em>Sejfulla Mal\u00ebshova mbylli syt\u00eb n\u00eb vetmi n\u00eb nj\u00eb spital t\u00eb Fierit m\u00eb 1971, n\u00eb mosh\u00ebn 71 vje\u00e7are. Jeta e tij ishte nj\u00eb kalvar i pafund p\u00ebrpjekjesh, p\u00ebr t\u00eb cilat e meriton t\u00eb kujtohet.<\/em><\/p>\n<p>Sejfulla Mal\u00ebshova (Lame Kodra) u\u00a0 lind m\u00eb 19 korrik 1900 n\u00eb fshatin Limar t\u00eb Mal\u00ebshov\u00ebs s\u00eb P\u00ebrmetit. M\u00ebsimet e mesme i vazhdoi n\u00eb Kolegjin Sh\u00ebn Mit\u00ebr Korona t\u00eb Italis\u00eb, ku ka dh\u00ebn\u00eb m\u00ebsim Jeronim de Rad<\/p>\n<p>Pastaj vazhdoi universitetin n\u00eb Rom\u00eb, Fakultetin e Mjek\u00ebsis\u00eb, p\u00ebr t\u00eb p\u00ebrfunduar n\u00eb Mosk\u00eb, ku mbaroi p\u00ebr filozofi n\u00eb Universitetin \u201cLomonosov\u201d. U mbajt aty pedagog dhe m\u00eb pas mori postin e dekanit.<\/p>\n<p>Edhe pse i ri n\u00eb mosh\u00eb, u b\u00eb nj\u00eb em\u00ebr shum\u00eb i njohur. Dy nga mjeshtrit e m\u00ebdhenj t\u00eb gjuh\u00ebs shqipe, Faik Konica dhe Fan Noli, e konsiderojn\u00eb Lame Kodr\u00ebn (emri letrar i Sejfullait) si bashk\u00ebpun\u00ebtor t\u00eb radh\u00ebs s\u00eb par\u00eb.<\/p>\n<p>Botimet shqiptare, si n\u00eb Itali ashtu edhe ato t\u00eb Federat\u00ebs \u201cVatra\u201d n\u00eb Amerik\u00eb, d\u00ebshmojn\u00eb inteligjenc\u00ebn e mpreht\u00eb dhe p\u00ebr ndjenjat e kulluara t\u00eb patriotizmit t\u00eb Mal\u00ebshov\u00ebs. Noli, e mori n\u00eb kabinetin e tij qeveritar si kryesekretar.<\/p>\n<p>S\u00eb bashku me Avni Rustemin, dhe me intelektual\u00eb t\u00eb tjer\u00eb p\u00ebrparimtar\u00eb t\u00eb asaj kohe, Mal\u00ebshova doli n\u00eb parasken\u00ebn e politik\u00ebs shqiptare kur ishte vet\u00ebm 23 vje\u00e7.<\/p>\n<p>N\u00eb dhjetor 1924, si\u00e7 dihet edhe nga historia, Ahmet Zogu, i ndihmuar nga forcat serbe dhe ato bjellogardiste, rr\u00ebzoi me dhun\u00eb qeverin\u00eb e Fan Nolit. Mal\u00ebshova emigroi. Vazhdoi t\u00eb angazhohej n\u00eb Itali, Austri, Franc\u00eb dhe n\u00eb kuadrin e Kominternit, me shkrime dhe q\u00ebndrime publike.<\/p>\n<p>N\u00eb munges\u00eb t\u00eb t\u00eb dh\u00ebnave burimore nga shum\u00ebkush \u00ebsht\u00eb menduar se poeti Sejfulla Maleshova, i njohur me pseudonimin letrar,\u00a0 Lame Kodra, gjat\u00eb koh\u00ebs s\u00eb persekutimit e kish braktisur poezin\u00eb. Kjo arsyetohej me kushtet e r\u00ebnda qytetare dhe\u00a0 shpirt\u00ebrore q\u00eb iu krijuan pas vendosjes s\u00eb komunizmit.<\/p>\n<p>Por ashtu si Noli, edhe Maleshova do t\u00eb krijonte kryesisht n\u00eb momente t\u00eb caktuara, t\u00eb diktuara nga rrethana social-politike, por kjo praktik\u00eb krijuese lidhej dhe me k\u00ebrkesat e larta q\u00eb kish ndaj poezis\u00eb s\u00eb tij. K\u00ebshtu shpjegohet q\u00eb poeti sa qe gjall\u00eb botoi\u00a0 vet\u00ebm nj\u00eb lib\u00ebr, v\u00ebllimin poetik \u201cVjersha\u201d (1945) me 21 poezi, nd\u00ebrsa vjersha t\u00eb tjera mbet\u00ebn t\u00eb shp\u00ebrndara n\u00eb organet e\u00a0 shtypit t\u00eb viteve 20-40, t\u00eb cilat t\u00eb marra t\u00eb gjitha s\u00eb bashku nuk i kap\u00ebrcejn\u00eb pes\u00ebdhjet\u00eb.<\/p>\n<p><strong>Lame Kodra<\/strong><\/p>\n<p><strong>SI E DUA SHQIP\u00cbRIN\u00cb*<\/strong><\/p>\n<p><em>S\u2019kam \u00e7iflig e s\u2019kam pallate,<\/em><\/p>\n<p><em>S \u2019kam dyqan me kat\u00ebr kate<\/em><\/p>\n<p><em>Por e dua Shqip\u00ebrin\u00eb<\/em><\/p>\n<p><em>P\u00ebr nj\u00eb stan n\u00eb Trebeshin\u00eb,<\/em><\/p>\n<p><em>Per nj\u00eb shkarp\u00eb e p\u00ebr nj\u00eb gur<\/em><\/p>\n<p><em>P\u00ebr kasollen mi Selishte<\/em><\/p>\n<p><em>P\u00ebr dy ara n\u00eb Zallishte<\/em><\/p>\n<p><em>P\u00ebr nj\u00eb lop\u00eb e nj\u00eb gomar,<\/em><\/p>\n<p><em>P\u00ebr nj\u00eb Balo, nj\u00eb manar.<\/em><\/p>\n<p><em>P\u00ebr t\u00ebrfilin mi l\u00ebndin\u00eb,<\/em><\/p>\n<p><em>P\u00ebr nj\u00eb vajz\u00eb gjeraqin\u00eb,<\/em><\/p>\n<p><em>Dhe p\u00ebr uj\u00ebt q\u00eb buron<\/em><\/p>\n<p><em>Nga nj\u00eb shk\u00ebmb e gurgullon<\/em><\/p>\n<p><em>N\u00ebp\u00ebr lisat gjethe-shum\u00eb,<\/em><\/p>\n<p><em>Edhe zbret p\u00ebrposh n\u00eb lum\u00eb.<\/em><\/p>\n<p><em>Un\u00eb e dua Shqip\u00ebrin\u00eb<\/em><\/p>\n<p><em>P\u00ebr nj\u00eb zok q\u00eb fluturon,<\/em><\/p>\n<p><em>P\u00ebr bilbilin q\u00eb k\u00ebndon<\/em><\/p>\n<p><em>N\u2019ato ferra, n\u2019ato hije<\/em><\/p>\n<p><em>K\u00ebng\u00eb malli, dashurie.<\/em><\/p>\n<p><em>\u00a0<\/em><\/p>\n<p><em>Un\u00eb e dua Shqip\u00ebrin\u00eb<\/em><\/p>\n<p><em>Ku del bujku q\u00eb me nat\u00eb<\/em><\/p>\n<p><em>Me parm\u00ebnd\u00eb edhe me shat\u00eb,<\/em><\/p>\n<p><em>Mbjell e korr me diell e h\u00ebn\u00eb<\/em><\/p>\n<p><em>Dhe nuk ka buk\u00eb p\u00ebr t\u00eb ngr\u00ebn\u00eb<\/em><\/p>\n<p><em>Ku nallbani, samarxhiu,<\/em><\/p>\n<p><em>Krrusen dit\u00eb e krrusen nat\u00eb,<\/em><\/p>\n<p><em>Q\u00eb t\u00eb han\u00eb buk\u00ebn that\u00eb<\/em><\/p>\n<p><em>Ku hamalli n\u00ebp\u00ebr skela<\/em><\/p>\n<p><em>Ngarkon hekur e varela,<\/em><\/p>\n<p><em>K\u00ebmb\u00eb-zbathur, byth\u00eb \u00e7jerr\u00eb<\/em><\/p>\n<p><em>Punon vet\u00ebm p\u00ebr t\u00eb tjer\u00eb.<\/em><\/p>\n<p><em>Un\u00eb e dua Shqip\u00ebrin\u00eb<\/em><\/p>\n<p><em>Q\u00eb nga Shkupi n\u00eb Janin\u00eb,<\/em><\/p>\n<p><em>Ku nj\u00eb popull der\u00eb-zi<\/em><\/p>\n<p><em>Heq e vuan rob\u00ebri,<\/em><\/p>\n<p><em>Po ka shpirtin luft\u00ebtar.<\/em><\/p>\n<p><em>\u00a0<\/em><\/p>\n<p><em>Un\u00eb e dua Shqip\u00ebrin\u00eb<\/em><\/p>\n<p><em>Si nj\u00eb revolucionar\u2026<\/em><\/p>\n<p>\u2014-<\/p>\n<p><strong><em>Kjo poezi e botuar sot n\u00eb DITA \u00ebsht\u00eb shkruar m\u00eb 1939 dhe botuar p\u00ebr her\u00eb t\u00eb pat\u00eb n\u00eb vitin 1941 n\u00eb gazet\u00ebn \u201cLiria\u201d n\u00eb Amerik\u00eb. \u00cbsht\u00eb ribotuar n\u00eb \u201cVjersha\u201d n\u00eb 1945 dhe 1946<\/em><\/strong><\/p>\n","protected":false},"excerpt":{"rendered":"<p>30 Prill 2026 Sejfulla Mal\u00ebshova mbylli syt\u00eb n\u00eb vetmi n\u00eb nj\u00eb spital t\u00eb Fierit m\u00eb 1971, n\u00eb mosh\u00ebn 71 vje\u00e7are. Jeta e tij ishte nj\u00eb kalvar i pafund p\u00ebrpjekjesh, p\u00ebr t\u00eb cilat e meriton t\u00eb kujtohet. Sejfulla Mal\u00ebshova (Lame Kodra) u\u00a0 lind m\u00eb 19 korrik 1900 n\u00eb fshatin Limar t\u00eb Mal\u00ebshov\u00ebs s\u00eb P\u00ebrmetit. M\u00ebsimet e [&hellip;]<\/p>\n","protected":false},"author":9,"featured_media":99700,"comment_status":"open","ping_status":"open","sticky":false,"template":"","format":"standard","meta":{"jetpack_post_was_ever_published":false,"_jetpack_newsletter_access":"","_jetpack_dont_email_post_to_subs":false,"_jetpack_newsletter_tier_id":0,"_jetpack_memberships_contains_paywalled_content":false,"_jetpack_memberships_contains_paid_content":false,"footnotes":"","jetpack_publicize_message":"","jetpack_publicize_feature_enabled":true,"jetpack_social_post_already_shared":true,"jetpack_social_options":{"image_generator_settings":{"template":"highway","default_image_id":0,"font":"","enabled":false},"version":2}},"categories":[85,10,35],"tags":[],"class_list":["post-99699","post","type-post","status-publish","format-standard","has-post-thumbnail","hentry","category-histori","category-kultura","category-shoqerore"],"jetpack_publicize_connections":[],"jetpack_featured_media_url":"https:\/\/i0.wp.com\/www.shqiperia.com\/blog\/wp-content\/uploads\/2026\/04\/Sejfulla-Maleshova.jpg?fit=720%2C510&ssl=1","jetpack_sharing_enabled":true,"jetpack_shortlink":"https:\/\/wp.me\/p5Z6wp-pW3","jetpack-related-posts":[{"id":30409,"url":"https:\/\/www.shqiperia.com\/blog\/2denuar-nga-ata-qe-shpallen-republiken-e-11-janarit-1946-e2-te-pushkatuar-dhe-20-te-mrat\/","url_meta":{"origin":99699,"position":0},"title":"22 t\u00eb pushkatuar dhe 20 t\u00eb denuar, nga ata q\u00eb shpall\u00ebn Republik\u00ebn e 11 janarit 1946. (Emrat).","author":"Kurt Farka","date":"January 17, 2020","format":false,"excerpt":"22 t\u00eb pushkatuar dhe 20 t\u00eb denuar, nga ata q\u00eb shpall\u00ebn Republik\u00ebn e 11 janarit 1946. (Emrat). Republika e 11 janarit 1946 u shpall nga \u201ctradhtar\u00ebt dhe armiqt\u00eb\u201d e Partis\u00eb Asambleja Kushtetuese e vitit 1946. Ja si mund t\u00eb ishte fotoja po t\u00eb botohej n\u00eb at\u00eb koh\u00eb Nga Kastriot Dervishi\u2026","rel":"","context":"In &quot;Blogu i Udh\u00ebtarit&quot;","block_context":{"text":"Blogu i Udh\u00ebtarit","link":"https:\/\/www.shqiperia.com\/blog\/category\/blogu-i-udhetarit\/"},"img":{"alt_text":"","src":"https:\/\/i0.wp.com\/www.shqiperia.com\/blog\/wp-content\/uploads\/2020\/01\/image-31.jpg?fit=800%2C415&ssl=1&resize=350%2C200","width":350,"height":200,"srcset":"https:\/\/i0.wp.com\/www.shqiperia.com\/blog\/wp-content\/uploads\/2020\/01\/image-31.jpg?fit=800%2C415&ssl=1&resize=350%2C200 1x, https:\/\/i0.wp.com\/www.shqiperia.com\/blog\/wp-content\/uploads\/2020\/01\/image-31.jpg?fit=800%2C415&ssl=1&resize=525%2C300 1.5x, https:\/\/i0.wp.com\/www.shqiperia.com\/blog\/wp-content\/uploads\/2020\/01\/image-31.jpg?fit=800%2C415&ssl=1&resize=700%2C400 2x"},"classes":[]},{"id":6776,"url":"https:\/\/www.shqiperia.com\/blog\/zagoria-statistika-te-vitit-1895\/","url_meta":{"origin":99699,"position":1},"title":"Zagoria- Statistika te vitit 1895. &#8211;","author":"Kurt Farka","date":"April 21, 2018","format":false,"excerpt":"Zagoria- Statistika te vitit 1895. - Nga\u00a0 Spiro Nika. - Falenderoj kush\u00ebririn tim, Filip De\u00e7ka (me banim n\u00eb Athin\u00eb),i cili na ofroi k\u00ebt\u00eb material studimor me t\u00eb dh\u00ebna demografike p\u00ebr Zagorin\u00eb , Pogonin dhe gjith\u00eb vilajetin e Janin\u00ebs n\u00eb p\u00ebrgjith\u00ebsi. Libri titullohet : STATISTIKA TURKE E EPIRIT ,1895. N\u00eb koh\u00ebn\u2026","rel":"","context":"In &quot;Histori&quot;","block_context":{"text":"Histori","link":"https:\/\/www.shqiperia.com\/blog\/category\/histori\/"},"img":{"alt_text":"","src":"https:\/\/i0.wp.com\/www.shqiperia.com\/blog\/wp-content\/uploads\/2018\/04\/Zagoria..jpg?fit=960%2C720&ssl=1&resize=350%2C200","width":350,"height":200,"srcset":"https:\/\/i0.wp.com\/www.shqiperia.com\/blog\/wp-content\/uploads\/2018\/04\/Zagoria..jpg?fit=960%2C720&ssl=1&resize=350%2C200 1x, https:\/\/i0.wp.com\/www.shqiperia.com\/blog\/wp-content\/uploads\/2018\/04\/Zagoria..jpg?fit=960%2C720&ssl=1&resize=525%2C300 1.5x, https:\/\/i0.wp.com\/www.shqiperia.com\/blog\/wp-content\/uploads\/2018\/04\/Zagoria..jpg?fit=960%2C720&ssl=1&resize=700%2C400 2x"},"classes":[]},{"id":7035,"url":"https:\/\/www.shqiperia.com\/blog\/arthur-anastas-tashko-piktor-shqiptar-tek-ne-i-panjohur\/","url_meta":{"origin":99699,"position":2},"title":"Arthur (Anastas) Tashko &#8211; piktor shqiptar tek ne i panjohur. &#8211;","author":"Kurt Farka","date":"May 3, 2018","format":false,"excerpt":"Arthur Tashko - piktor shqiptar tek ne i panjohur. - \u00a0 Nga: Niko Kotherja. I panjohur mbetet ende ne Shqiperi piktori, muzikanti dhe artisti me fame boterore Anastas Tashko, qe njihet me emrin Arthur Tashko. I lindur ne Korce, me 1901, ai ishte djali i dyte i patriotit Athanas Tashko\u2026","rel":"","context":"In &quot;Arte&quot;","block_context":{"text":"Arte","link":"https:\/\/www.shqiperia.com\/blog\/category\/arte\/"},"img":{"alt_text":"","src":"https:\/\/i0.wp.com\/www.shqiperia.com\/blog\/wp-content\/uploads\/2018\/05\/Arthur-Tashko-Pianisti-1964.jpg?fit=960%2C643&ssl=1&resize=350%2C200","width":350,"height":200,"srcset":"https:\/\/i0.wp.com\/www.shqiperia.com\/blog\/wp-content\/uploads\/2018\/05\/Arthur-Tashko-Pianisti-1964.jpg?fit=960%2C643&ssl=1&resize=350%2C200 1x, https:\/\/i0.wp.com\/www.shqiperia.com\/blog\/wp-content\/uploads\/2018\/05\/Arthur-Tashko-Pianisti-1964.jpg?fit=960%2C643&ssl=1&resize=525%2C300 1.5x, https:\/\/i0.wp.com\/www.shqiperia.com\/blog\/wp-content\/uploads\/2018\/05\/Arthur-Tashko-Pianisti-1964.jpg?fit=960%2C643&ssl=1&resize=700%2C400 2x"},"classes":[]},{"id":18101,"url":"https:\/\/www.shqiperia.com\/blog\/18101-2\/","url_meta":{"origin":99699,"position":3},"title":"Si ndiqej Eqrem \u00c7abej nga Sigurimi, kush jan\u00eb koleg\u00ebt spiun\u00eb.","author":"Kurt Farka","date":"March 8, 2019","format":false,"excerpt":"Si ndiqej Eqrem \u00c7abej nga Sigurimi, kush jan\u00eb koleg\u00ebt spiun\u00eb. Kush e mban mend at\u00eb fotografin\u00eb e famshme ku shfaqet Enver Hoxha me shkenc\u00ebtarin Eqrem \u00c7abej, ku t\u00eb dy duket se po \u201chahen\u201d me nj\u00ebri-tjetrin me fjal\u00eb, e ka t\u00eb v\u00ebshtir\u00eb ta besoj\u00eb se diktatori e kishte hal\u00eb n\u00eb sy\u2026","rel":"","context":"In &quot;Blogu i Udh\u00ebtarit&quot;","block_context":{"text":"Blogu i Udh\u00ebtarit","link":"https:\/\/www.shqiperia.com\/blog\/category\/blogu-i-udhetarit\/"},"img":{"alt_text":"","src":"https:\/\/i0.wp.com\/www.shqiperia.com\/blog\/wp-content\/uploads\/2019\/03\/auto_Eqrem-Cabej1549104179.jpg?fit=900%2C497&ssl=1&resize=350%2C200","width":350,"height":200,"srcset":"https:\/\/i0.wp.com\/www.shqiperia.com\/blog\/wp-content\/uploads\/2019\/03\/auto_Eqrem-Cabej1549104179.jpg?fit=900%2C497&ssl=1&resize=350%2C200 1x, https:\/\/i0.wp.com\/www.shqiperia.com\/blog\/wp-content\/uploads\/2019\/03\/auto_Eqrem-Cabej1549104179.jpg?fit=900%2C497&ssl=1&resize=525%2C300 1.5x, https:\/\/i0.wp.com\/www.shqiperia.com\/blog\/wp-content\/uploads\/2019\/03\/auto_Eqrem-Cabej1549104179.jpg?fit=900%2C497&ssl=1&resize=700%2C400 2x"},"classes":[]},{"id":18105,"url":"https:\/\/www.shqiperia.com\/blog\/18105-2\/","url_meta":{"origin":99699,"position":4},"title":"Si ndiqej Eqrem \u00c7abej nga Sigurimi, kush jan\u00eb koleg\u00ebt spiun\u00eb.","author":"Kurt Farka","date":"March 8, 2019","format":false,"excerpt":"Si ndiqej Eqrem \u00c7abej nga Sigurimi, kush jan\u00eb koleg\u00ebt spiun\u00eb. Kush e mban mend at\u00eb fotografin\u00eb e famshme ku shfaqet Enver Hoxha me shkenc\u00ebtarin Eqrem \u00c7abej, ku t\u00eb dy duket se po \u201chahen\u201d me nj\u00ebri-tjetrin me fjal\u00eb, e ka t\u00eb v\u00ebshtir\u00eb ta besoj\u00eb se diktatori e kishte hal\u00eb n\u00eb sy\u2026","rel":"","context":"In &quot;Blogu i Udh\u00ebtarit&quot;","block_context":{"text":"Blogu i Udh\u00ebtarit","link":"https:\/\/www.shqiperia.com\/blog\/category\/blogu-i-udhetarit\/"},"img":{"alt_text":"","src":"https:\/\/i0.wp.com\/www.shqiperia.com\/blog\/wp-content\/uploads\/2019\/03\/auto_Eqrem-Cabej1549104179-1.jpg?fit=900%2C497&ssl=1&resize=350%2C200","width":350,"height":200,"srcset":"https:\/\/i0.wp.com\/www.shqiperia.com\/blog\/wp-content\/uploads\/2019\/03\/auto_Eqrem-Cabej1549104179-1.jpg?fit=900%2C497&ssl=1&resize=350%2C200 1x, https:\/\/i0.wp.com\/www.shqiperia.com\/blog\/wp-content\/uploads\/2019\/03\/auto_Eqrem-Cabej1549104179-1.jpg?fit=900%2C497&ssl=1&resize=525%2C300 1.5x, https:\/\/i0.wp.com\/www.shqiperia.com\/blog\/wp-content\/uploads\/2019\/03\/auto_Eqrem-Cabej1549104179-1.jpg?fit=900%2C497&ssl=1&resize=700%2C400 2x"},"classes":[]},{"id":80651,"url":"https:\/\/www.shqiperia.com\/blog\/u-shfaq-serish-pas-shume-vitesh-shkencetaret-zgjidhin-misterin-e-vrimes-gjigante-ne-antarktide\/","url_meta":{"origin":99699,"position":5},"title":"U shfaq s\u00ebrish pas shum\u00eb vitesh, shkenc\u00ebtar\u00ebt zgjidhin misterin e vrim\u00ebs gjigante n\u00eb Antarktid\u00eb","author":"Kurt Farka","date":"May 5, 2024","format":false,"excerpt":"5 Maji 2024 Shkenc\u00ebtar\u00ebt i kan\u00eb dh\u00ebn\u00eb fund misterit q\u00eb u formua tet\u00eb vjet m\u00eb par\u00eb, mbi nj\u00eb vrim\u00eb n\u00eb akullin e detit Antarktik, dy her\u00eb m\u00eb e madhe se Ne\u00eb Jersey. Fenomeni i quajtur polinya, i cili mbulon nj\u00eb sip\u00ebrfaqe prej rreth 78,000 kilometra katror\u00eb, u zbulua p\u00ebr her\u00eb\u2026","rel":"","context":"In &quot;Blogu i Udh\u00ebtarit&quot;","block_context":{"text":"Blogu i Udh\u00ebtarit","link":"https:\/\/www.shqiperia.com\/blog\/category\/blogu-i-udhetarit\/"},"img":{"alt_text":"","src":"https:\/\/i0.wp.com\/www.shqiperia.com\/blog\/wp-content\/uploads\/2024\/05\/640-0-542b623c689f18216a15774a85319c93.jpg?fit=640%2C384&ssl=1&resize=350%2C200","width":350,"height":200,"srcset":"https:\/\/i0.wp.com\/www.shqiperia.com\/blog\/wp-content\/uploads\/2024\/05\/640-0-542b623c689f18216a15774a85319c93.jpg?fit=640%2C384&ssl=1&resize=350%2C200 1x, https:\/\/i0.wp.com\/www.shqiperia.com\/blog\/wp-content\/uploads\/2024\/05\/640-0-542b623c689f18216a15774a85319c93.jpg?fit=640%2C384&ssl=1&resize=525%2C300 1.5x"},"classes":[]}],"_links":{"self":[{"href":"https:\/\/www.shqiperia.com\/blog\/wp-json\/wp\/v2\/posts\/99699","targetHints":{"allow":["GET"]}}],"collection":[{"href":"https:\/\/www.shqiperia.com\/blog\/wp-json\/wp\/v2\/posts"}],"about":[{"href":"https:\/\/www.shqiperia.com\/blog\/wp-json\/wp\/v2\/types\/post"}],"author":[{"embeddable":true,"href":"https:\/\/www.shqiperia.com\/blog\/wp-json\/wp\/v2\/users\/9"}],"replies":[{"embeddable":true,"href":"https:\/\/www.shqiperia.com\/blog\/wp-json\/wp\/v2\/comments?post=99699"}],"version-history":[{"count":1,"href":"https:\/\/www.shqiperia.com\/blog\/wp-json\/wp\/v2\/posts\/99699\/revisions"}],"predecessor-version":[{"id":99701,"href":"https:\/\/www.shqiperia.com\/blog\/wp-json\/wp\/v2\/posts\/99699\/revisions\/99701"}],"wp:featuredmedia":[{"embeddable":true,"href":"https:\/\/www.shqiperia.com\/blog\/wp-json\/wp\/v2\/media\/99700"}],"wp:attachment":[{"href":"https:\/\/www.shqiperia.com\/blog\/wp-json\/wp\/v2\/media?parent=99699"}],"wp:term":[{"taxonomy":"category","embeddable":true,"href":"https:\/\/www.shqiperia.com\/blog\/wp-json\/wp\/v2\/categories?post=99699"},{"taxonomy":"post_tag","embeddable":true,"href":"https:\/\/www.shqiperia.com\/blog\/wp-json\/wp\/v2\/tags?post=99699"}],"curies":[{"name":"wp","href":"https:\/\/api.w.org\/{rel}","templated":true}]}}