{"id":99696,"date":"2026-04-28T22:55:01","date_gmt":"2026-04-28T22:55:01","guid":{"rendered":"https:\/\/www.shqiperia.com\/blog\/?p=99696"},"modified":"2026-04-28T22:55:01","modified_gmt":"2026-04-28T22:55:01","slug":"rreth-10-mije-blete-pushtojne-bicikleten-ne-zemer-te-kryeqytetit-francez","status":"publish","type":"post","link":"https:\/\/www.shqiperia.com\/blog\/rreth-10-mije-blete-pushtojne-bicikleten-ne-zemer-te-kryeqytetit-francez\/","title":{"rendered":"Rreth 10 mij\u00eb blet\u00eb \u201cpushtojn\u00eb\u201d bi\u00e7iklet\u00ebn n\u00eb zem\u00ebr t\u00eb kryeqytetit francez"},"content":{"rendered":"<p><img data-recalc-dims=\"1\" loading=\"lazy\" decoding=\"async\" data-attachment-id=\"99697\" data-permalink=\"https:\/\/www.shqiperia.com\/blog\/rreth-10-mije-blete-pushtojne-bicikleten-ne-zemer-te-kryeqytetit-francez\/22325460-42df-11f1-9cf2-2b2a184d3db3-jpg\/\" data-orig-file=\"https:\/\/i0.wp.com\/www.shqiperia.com\/blog\/wp-content\/uploads\/2026\/04\/22325460-42df-11f1-9cf2-2b2a184d3db3.jpg.webp?fit=1024%2C576&amp;ssl=1\" data-orig-size=\"1024,576\" data-comments-opened=\"1\" data-image-meta=\"{&quot;aperture&quot;:&quot;0&quot;,&quot;credit&quot;:&quot;&quot;,&quot;camera&quot;:&quot;&quot;,&quot;caption&quot;:&quot;&quot;,&quot;created_timestamp&quot;:&quot;0&quot;,&quot;copyright&quot;:&quot;&quot;,&quot;focal_length&quot;:&quot;0&quot;,&quot;iso&quot;:&quot;0&quot;,&quot;shutter_speed&quot;:&quot;0&quot;,&quot;title&quot;:&quot;&quot;,&quot;orientation&quot;:&quot;0&quot;}\" data-image-title=\"22325460-42df-11f1-9cf2-2b2a184d3db3.jpg\" data-image-description=\"\" data-image-caption=\"\" data-medium-file=\"https:\/\/i0.wp.com\/www.shqiperia.com\/blog\/wp-content\/uploads\/2026\/04\/22325460-42df-11f1-9cf2-2b2a184d3db3.jpg.webp?fit=300%2C169&amp;ssl=1\" data-large-file=\"https:\/\/i0.wp.com\/www.shqiperia.com\/blog\/wp-content\/uploads\/2026\/04\/22325460-42df-11f1-9cf2-2b2a184d3db3.jpg.webp?fit=1024%2C576&amp;ssl=1\" class=\"alignnone  wp-image-99697\" alt=\"\" src=\"https:\/\/i0.wp.com\/www.shqiperia.com\/blog\/wp-content\/uploads\/2026\/04\/22325460-42df-11f1-9cf2-2b2a184d3db3.jpg.webp?resize=698%2C393&#038;ssl=1\" width=\"698\" height=\"393\" srcset=\"https:\/\/i0.wp.com\/www.shqiperia.com\/blog\/wp-content\/uploads\/2026\/04\/22325460-42df-11f1-9cf2-2b2a184d3db3.jpg.webp?resize=300%2C169&amp;ssl=1 300w, https:\/\/i0.wp.com\/www.shqiperia.com\/blog\/wp-content\/uploads\/2026\/04\/22325460-42df-11f1-9cf2-2b2a184d3db3.jpg.webp?resize=768%2C432&amp;ssl=1 768w, https:\/\/i0.wp.com\/www.shqiperia.com\/blog\/wp-content\/uploads\/2026\/04\/22325460-42df-11f1-9cf2-2b2a184d3db3.jpg.webp?resize=450%2C253&amp;ssl=1 450w, https:\/\/i0.wp.com\/www.shqiperia.com\/blog\/wp-content\/uploads\/2026\/04\/22325460-42df-11f1-9cf2-2b2a184d3db3.jpg.webp?resize=600%2C338&amp;ssl=1 600w, https:\/\/i0.wp.com\/www.shqiperia.com\/blog\/wp-content\/uploads\/2026\/04\/22325460-42df-11f1-9cf2-2b2a184d3db3.jpg.webp?resize=400%2C225&amp;ssl=1 400w, https:\/\/i0.wp.com\/www.shqiperia.com\/blog\/wp-content\/uploads\/2026\/04\/22325460-42df-11f1-9cf2-2b2a184d3db3.jpg.webp?w=1024&amp;ssl=1 1024w\" sizes=\"auto, (max-width: 698px) 100vw, 698px\" \/><\/p>\n<p>30 Prill 2026<\/p>\n<p>Nj\u00eb tuf\u00eb prej t\u00eb pakt\u00ebn 10 mij\u00eb blet\u00ebsh ka t\u00ebrhequr v\u00ebmendjen n\u00eb qend\u00ebr t\u00eb Parisit pasi ishte vendosur mbi nj\u00eb bi\u00e7iklet\u00eb t\u00eb parkuar jasht\u00eb nj\u00eb stacioni metroje pran\u00eb muzeut t\u00eb Luvrit.<\/p>\n<p>Sipas autoriteteve lokale, blet\u00ebt u grumbulluan posht\u00eb shal\u00ebs s\u00eb bi\u00e7iklet\u00ebs pak pasi ajo ishte lidhur n\u00eb kangjellat e stacionit<span>\u00a0<\/span><em>Palais Royal\u2013Mus\u00e9e du Louvre<\/em>, t\u00eb shtun\u00ebn pasdite.<\/p>\n<p>P\u00ebr shkak t\u00eb situat\u00ebs s\u00eb pazakont\u00eb, hyrja e metros\u00eb u mbyll p\u00ebrkoh\u00ebsisht, nd\u00ebrsa n\u00eb vendngjarje u thirr nj\u00eb blet\u00ebrrit\u00ebs p\u00ebr t\u00eb b\u00ebr\u00eb mbledhjen e tuf\u00ebs.<\/p>\n<p>Nj\u00eb d\u00ebshmitar, Volkan Tanaci, tha se pamja ishte e jasht\u00ebzakonshme dhe se me shum\u00eb gjas\u00eb n\u00eb qend\u00ebr t\u00eb tuf\u00ebs ndodhej nj\u00eb blet\u00eb mbret\u00ebresh\u00eb.<span>\u00a0<\/span><em>\u201cIshte sigurisht nj\u00eb vend i pazakont\u00eb, pik\u00ebrisht pran\u00eb hyrjes s\u00eb metros\u00eb,\u201d<\/em><span>\u00a0<\/span>tha Tanaci.<\/p>\n<p>Nd\u00ebrkoh\u00eb, pronari i bi\u00e7iklet\u00ebs e publikoi ngjarjen n\u00eb rrjetet sociale, duke th\u00ebn\u00eb se<span>\u00a0<\/span><em>\u201cbi\u00e7ikleta e vjet\u00ebr e gjyshit\u201d<span>\u00a0<\/span><\/em>kishte qen\u00eb e parkuar vet\u00ebm gjysm\u00eb ore p\u00ebrpara se t\u00eb mb\u00ebrrinin blet\u00ebt.<\/p>\n","protected":false},"excerpt":{"rendered":"<p>30 Prill 2026 Nj\u00eb tuf\u00eb prej t\u00eb pakt\u00ebn 10 mij\u00eb blet\u00ebsh ka t\u00ebrhequr v\u00ebmendjen n\u00eb qend\u00ebr t\u00eb Parisit pasi ishte vendosur mbi nj\u00eb bi\u00e7iklet\u00eb t\u00eb parkuar jasht\u00eb nj\u00eb stacioni metroje pran\u00eb muzeut t\u00eb Luvrit. Sipas autoriteteve lokale, blet\u00ebt u grumbulluan posht\u00eb shal\u00ebs s\u00eb bi\u00e7iklet\u00ebs pak pasi ajo ishte lidhur n\u00eb kangjellat e stacionit\u00a0Palais Royal\u2013Mus\u00e9e du [&hellip;]<\/p>\n","protected":false},"author":9,"featured_media":99697,"comment_status":"open","ping_status":"open","sticky":false,"template":"","format":"standard","meta":{"jetpack_post_was_ever_published":false,"_jetpack_newsletter_access":"","_jetpack_dont_email_post_to_subs":false,"_jetpack_newsletter_tier_id":0,"_jetpack_memberships_contains_paywalled_content":false,"_jetpack_memberships_contains_paid_content":false,"footnotes":"","jetpack_publicize_message":"","jetpack_publicize_feature_enabled":true,"jetpack_social_post_already_shared":true,"jetpack_social_options":{"image_generator_settings":{"template":"highway","default_image_id":0,"font":"","enabled":false},"version":2}},"categories":[27,14],"tags":[],"class_list":["post-99696","post","type-post","status-publish","format-standard","has-post-thumbnail","hentry","category-blogu-i-udhetarit","category-press-releases"],"jetpack_publicize_connections":[],"jetpack_featured_media_url":"https:\/\/i0.wp.com\/www.shqiperia.com\/blog\/wp-content\/uploads\/2026\/04\/22325460-42df-11f1-9cf2-2b2a184d3db3.jpg.webp?fit=1024%2C576&ssl=1","jetpack_sharing_enabled":true,"jetpack_shortlink":"https:\/\/wp.me\/p5Z6wp-pW0","jetpack-related-posts":[{"id":18587,"url":"https:\/\/www.shqiperia.com\/blog\/rreth-80-mije-blete-sulmojne-hajdutin-e-koshereve\/","url_meta":{"origin":99696,"position":0},"title":"Rreth 80 mij\u00eb blet\u00eb sulmojn\u00eb hajdutin e koshereve. &#8211;","author":"Kurt Farka","date":"March 19, 2019","format":false,"excerpt":"Rreth 80 mij\u00eb blet\u00eb sulmojn\u00eb hajdutin e koshereve. - Nj\u00eb hajdut kosheresh u ndoq nga 80 mij\u00eb blet\u00eb t\u00eb zem\u00ebruara pasi ai tentoi q\u00eb t\u00eb rr\u00ebmbente nj\u00ebr\u00ebn prej tyre. Autori k\u00ebrceu mbi nj\u00eb gardh dhe u rr\u00ebzua mbi koshere. Kjo b\u00ebri q\u00eb zgjuaji me afro 20 mij\u00eb insekte t\u00eb zem\u00ebrohej\u2026","rel":"","context":"In &quot;Blogu i Udh\u00ebtarit&quot;","block_context":{"text":"Blogu i Udh\u00ebtarit","link":"https:\/\/www.shqiperia.com\/blog\/category\/blogu-i-udhetarit\/"},"img":{"alt_text":"","src":"https:\/\/i0.wp.com\/www.shqiperia.com\/blog\/wp-content\/uploads\/2019\/03\/BBUFktS-640x912-Copy.jpg?fit=640%2C383&ssl=1&resize=350%2C200","width":350,"height":200,"srcset":"https:\/\/i0.wp.com\/www.shqiperia.com\/blog\/wp-content\/uploads\/2019\/03\/BBUFktS-640x912-Copy.jpg?fit=640%2C383&ssl=1&resize=350%2C200 1x, https:\/\/i0.wp.com\/www.shqiperia.com\/blog\/wp-content\/uploads\/2019\/03\/BBUFktS-640x912-Copy.jpg?fit=640%2C383&ssl=1&resize=525%2C300 1.5x"},"classes":[]},{"id":79576,"url":"https:\/\/www.shqiperia.com\/blog\/prani-e-nje-krijese-te-pazakonte-gjurmet-e-stermedha-cuditin-turistet\/","url_meta":{"origin":99696,"position":1},"title":"Prani e nj\u00eb krijese t\u00eb pazakont\u00eb? Gjurm\u00ebt e st\u00ebrm\u00ebdha \u00e7uditin turist\u00ebt","author":"Kurt Farka","date":"March 25, 2024","format":false,"excerpt":"24 Mars 2024 Nj\u00eb grup sh\u00ebtit\u00ebsish u habit\u00ebn pasi has\u00ebn n\u00eb nj\u00eb gjurm\u00eb t\u00eb st\u00ebrmadhe n\u00eb balt\u00eb n\u00eb Watcombe, MB, duke i l\u00ebn\u00eb ata t\u00eb spekulojn\u00eb p\u00ebr nj\u00eb krijes\u00eb t\u00eb pazakont\u00eb. Grupi ishte n\u00eb rrug\u00ebn pran\u00eb Maidencombe, Devon kur gjet\u00ebn k\u00ebt\u00eb gjurm\u00eb dhe menj\u00ebher\u00eb u erdhi n\u00eb mendje se mund\u2026","rel":"","context":"In &quot;Blogu i Udh\u00ebtarit&quot;","block_context":{"text":"Blogu i Udh\u00ebtarit","link":"https:\/\/www.shqiperia.com\/blog\/category\/blogu-i-udhetarit\/"},"img":{"alt_text":"","src":"https:\/\/i0.wp.com\/www.shqiperia.com\/blog\/wp-content\/uploads\/2024\/03\/900-0-1711099186xgjurmepng-486-676x450-1.png?fit=676%2C450&ssl=1&resize=350%2C200","width":350,"height":200,"srcset":"https:\/\/i0.wp.com\/www.shqiperia.com\/blog\/wp-content\/uploads\/2024\/03\/900-0-1711099186xgjurmepng-486-676x450-1.png?fit=676%2C450&ssl=1&resize=350%2C200 1x, https:\/\/i0.wp.com\/www.shqiperia.com\/blog\/wp-content\/uploads\/2024\/03\/900-0-1711099186xgjurmepng-486-676x450-1.png?fit=676%2C450&ssl=1&resize=525%2C300 1.5x"},"classes":[]},{"id":81728,"url":"https:\/\/www.shqiperia.com\/blog\/peshku-i-rralle-7-kembesh-i-dale-ne-bregun-e-oregonit-terheq-vemendjen-mbareboterore\/","url_meta":{"origin":99696,"position":2},"title":"Peshku i rrall\u00eb 7-k\u00ebmb\u00ebsh i dal\u00eb n\u00eb bregun e Oregonit t\u00ebrheq v\u00ebmendjen mbar\u00ebbot\u00ebrore","author":"Kurt Farka","date":"June 9, 2024","format":false,"excerpt":"10 Qershor 2024 Nj\u00eb peshk i rrall\u00eb q\u00eb mendohet se jeton vet\u00ebm n\u00eb uj\u00ebrat e but\u00eb n\u00eb hemisfer\u00ebn jugore ka dal\u00eb n\u00eb bregun verior t\u00eb Oregon, duke t\u00ebrhequr turmat e shikuesve kureshtar\u00eb t\u00eb intriguar nga pamja e pazakont\u00eb. Peshku (2.2 metra) u shfaq p\u00ebr her\u00eb t\u00eb par\u00eb n\u00eb plazhin n\u00eb\u2026","rel":"","context":"In &quot;Blogu i Udh\u00ebtarit&quot;","block_context":{"text":"Blogu i Udh\u00ebtarit","link":"https:\/\/www.shqiperia.com\/blog\/category\/blogu-i-udhetarit\/"},"img":{"alt_text":"","src":"https:\/\/i0.wp.com\/www.shqiperia.com\/blog\/wp-content\/uploads\/2024\/06\/05463e14-04a3-49b2-b4ab-95bc0d90b2b3.jpg?fit=640%2C427&ssl=1&resize=350%2C200","width":350,"height":200,"srcset":"https:\/\/i0.wp.com\/www.shqiperia.com\/blog\/wp-content\/uploads\/2024\/06\/05463e14-04a3-49b2-b4ab-95bc0d90b2b3.jpg?fit=640%2C427&ssl=1&resize=350%2C200 1x, https:\/\/i0.wp.com\/www.shqiperia.com\/blog\/wp-content\/uploads\/2024\/06\/05463e14-04a3-49b2-b4ab-95bc0d90b2b3.jpg?fit=640%2C427&ssl=1&resize=525%2C300 1.5x"},"classes":[]},{"id":65664,"url":"https:\/\/www.shqiperia.com\/blog\/deshira-e-pazakonte-102-vjecarja-kerkon-te-provoje-arrestimin\/","url_meta":{"origin":99696,"position":3},"title":"D\u00ebshira e pazakont\u00eb. &#8211; 102-vje\u00e7arja k\u00ebrkon te provoje Arrestimin\u00a0","author":"Kurt Farka","date":"December 25, 2022","format":false,"excerpt":"25 Dhjetor 2022 Nj\u00eb 102-vje\u00e7are mendoi di\u00e7ka jasht\u00eb t\u00eb zakonshmes dhe ligjit p\u00ebr Krishtlindje kur ajo doli me d\u00ebshir\u00ebn e saj p\u00ebr t'u arrestuar. \u00cbsht\u00eb e paqart\u00eb n\u00ebse pensionistja Edie Simms ka shkelur ndonj\u00ebher\u00eb ligjin gjat\u00eb gjith\u00eb shekullit q\u00eb kaloi n\u00eb Tok\u00eb, por n\u00ebse e b\u00ebri, me sa duket nuk\u2026","rel":"","context":"In &quot;Blogu i Udh\u00ebtarit&quot;","block_context":{"text":"Blogu i Udh\u00ebtarit","link":"https:\/\/www.shqiperia.com\/blog\/category\/blogu-i-udhetarit\/"},"img":{"alt_text":"","src":"https:\/\/i0.wp.com\/www.shqiperia.com\/blog\/wp-content\/uploads\/2022\/12\/640-0-f9414707ac0c17408921e0a2652700a1.jpg?fit=640%2C336&ssl=1&resize=350%2C200","width":350,"height":200,"srcset":"https:\/\/i0.wp.com\/www.shqiperia.com\/blog\/wp-content\/uploads\/2022\/12\/640-0-f9414707ac0c17408921e0a2652700a1.jpg?fit=640%2C336&ssl=1&resize=350%2C200 1x, https:\/\/i0.wp.com\/www.shqiperia.com\/blog\/wp-content\/uploads\/2022\/12\/640-0-f9414707ac0c17408921e0a2652700a1.jpg?fit=640%2C336&ssl=1&resize=525%2C300 1.5x"},"classes":[]},{"id":44353,"url":"https:\/\/www.shqiperia.com\/blog\/greqia-ne-kaos-pas-termetit-vendi-goditet-nga-nje-fenomen-i-pazakonte-tmerr-neper-rruge-zyrtaret-ne-mbledhje-urgjente\/","url_meta":{"origin":99696,"position":4},"title":"Greqia n\u00eb kaos\/ Pas t\u00ebrmetit vendi goditet nga nj\u00eb fenomen i pazakont\u00eb, tmerr n\u00ebp\u00ebr rrug\u00eb, zyrtar\u00ebt n\u00eb mbledhje urgjente","author":"Kurt Farka","date":"February 17, 2021","format":false,"excerpt":"Greqia n\u00eb kaos. -\u00a0 Pas t\u00ebrmetit vendi goditet nga nj\u00eb fenomen i pazakont\u00eb, tmerr n\u00ebp\u00ebr rrug\u00eb, zyrtar\u00ebt n\u00eb mbledhje urgjente 17 SHKURT 2021 Pak minuta m\u00eb par\u00eb Greqia u godit nga nj\u00eb t\u00ebrmet me magnitud\u00eb 5 ball\u00eb. Por, Greqia duket q\u00eb po p\u00ebrballet me nj\u00eb tjet\u00ebr dukuri natyrore, nj\u00eb ciklon\u2026","rel":"","context":"In &quot;Blogu i Udh\u00ebtarit&quot;","block_context":{"text":"Blogu i Udh\u00ebtarit","link":"https:\/\/www.shqiperia.com\/blog\/category\/blogu-i-udhetarit\/"},"img":{"alt_text":"","src":"https:\/\/i0.wp.com\/www.shqiperia.com\/blog\/wp-content\/uploads\/2021\/02\/athina3.jpg?fit=720%2C430&ssl=1&resize=350%2C200","width":350,"height":200,"srcset":"https:\/\/i0.wp.com\/www.shqiperia.com\/blog\/wp-content\/uploads\/2021\/02\/athina3.jpg?fit=720%2C430&ssl=1&resize=350%2C200 1x, https:\/\/i0.wp.com\/www.shqiperia.com\/blog\/wp-content\/uploads\/2021\/02\/athina3.jpg?fit=720%2C430&ssl=1&resize=525%2C300 1.5x, https:\/\/i0.wp.com\/www.shqiperia.com\/blog\/wp-content\/uploads\/2021\/02\/athina3.jpg?fit=720%2C430&ssl=1&resize=700%2C400 2x"},"classes":[]},{"id":29658,"url":"https:\/\/www.shqiperia.com\/blog\/demtoi-nje-peme-90-vjecare-gjobitet-me-70-mije-euro\/","url_meta":{"origin":99696,"position":5},"title":"D\u00ebmtoi nj\u00eb pem\u00eb 90-vje\u00e7are, gjobitet me 70 mij\u00eb euro. &#8211;","author":"Kurt Farka","date":"December 24, 2019","format":false,"excerpt":"D\u00ebmtoi nj\u00eb pem\u00eb 90-vje\u00e7are, gjobitet me 70 mij\u00eb euro 23\/12\/2019 Nj\u00eb pronar i sht\u00ebpis\u00eb q\u00eb d\u00ebmtoi nj\u00eb pem\u00eb 90-vje\u00e7are aq shum\u00eb sa duhej t\u00eb rr\u00ebzohej e t\u00ebra, \u00ebsht\u00eb gjobitur me mbi 70 mij\u00eb euro. Stephen Lawrence, nga Chelmsford, Essex, kishte zhveshur l\u00ebvor\u00ebn nga pjesa e poshtme e pem\u00ebs. K\u00ebshilli i\u2026","rel":"","context":"In &quot;Blogu i Udh\u00ebtarit&quot;","block_context":{"text":"Blogu i Udh\u00ebtarit","link":"https:\/\/www.shqiperia.com\/blog\/category\/blogu-i-udhetarit\/"},"img":{"alt_text":"","src":"https:\/\/i0.wp.com\/www.shqiperia.com\/blog\/wp-content\/uploads\/2019\/12\/80260329_703871833473877_1119832213270036480_n-780x439-1-640x360-1.jpg?fit=640%2C360&ssl=1&resize=350%2C200","width":350,"height":200,"srcset":"https:\/\/i0.wp.com\/www.shqiperia.com\/blog\/wp-content\/uploads\/2019\/12\/80260329_703871833473877_1119832213270036480_n-780x439-1-640x360-1.jpg?fit=640%2C360&ssl=1&resize=350%2C200 1x, https:\/\/i0.wp.com\/www.shqiperia.com\/blog\/wp-content\/uploads\/2019\/12\/80260329_703871833473877_1119832213270036480_n-780x439-1-640x360-1.jpg?fit=640%2C360&ssl=1&resize=525%2C300 1.5x"},"classes":[]}],"_links":{"self":[{"href":"https:\/\/www.shqiperia.com\/blog\/wp-json\/wp\/v2\/posts\/99696","targetHints":{"allow":["GET"]}}],"collection":[{"href":"https:\/\/www.shqiperia.com\/blog\/wp-json\/wp\/v2\/posts"}],"about":[{"href":"https:\/\/www.shqiperia.com\/blog\/wp-json\/wp\/v2\/types\/post"}],"author":[{"embeddable":true,"href":"https:\/\/www.shqiperia.com\/blog\/wp-json\/wp\/v2\/users\/9"}],"replies":[{"embeddable":true,"href":"https:\/\/www.shqiperia.com\/blog\/wp-json\/wp\/v2\/comments?post=99696"}],"version-history":[{"count":1,"href":"https:\/\/www.shqiperia.com\/blog\/wp-json\/wp\/v2\/posts\/99696\/revisions"}],"predecessor-version":[{"id":99698,"href":"https:\/\/www.shqiperia.com\/blog\/wp-json\/wp\/v2\/posts\/99696\/revisions\/99698"}],"wp:featuredmedia":[{"embeddable":true,"href":"https:\/\/www.shqiperia.com\/blog\/wp-json\/wp\/v2\/media\/99697"}],"wp:attachment":[{"href":"https:\/\/www.shqiperia.com\/blog\/wp-json\/wp\/v2\/media?parent=99696"}],"wp:term":[{"taxonomy":"category","embeddable":true,"href":"https:\/\/www.shqiperia.com\/blog\/wp-json\/wp\/v2\/categories?post=99696"},{"taxonomy":"post_tag","embeddable":true,"href":"https:\/\/www.shqiperia.com\/blog\/wp-json\/wp\/v2\/tags?post=99696"}],"curies":[{"name":"wp","href":"https:\/\/api.w.org\/{rel}","templated":true}]}}