{"id":99689,"date":"2026-04-28T22:50:46","date_gmt":"2026-04-28T22:50:46","guid":{"rendered":"https:\/\/www.shqiperia.com\/blog\/?p=99689"},"modified":"2026-04-28T22:50:46","modified_gmt":"2026-04-28T22:50:46","slug":"hapet-muzeu-arkeologjik-i-durresit","status":"publish","type":"post","link":"https:\/\/www.shqiperia.com\/blog\/hapet-muzeu-arkeologjik-i-durresit\/","title":{"rendered":"Hapet Muzeu Arkeologjik i Durr\u00ebsit"},"content":{"rendered":"<div id=\"attachment_99690\" style=\"width: 684px\" class=\"wp-caption alignnone\"><img data-recalc-dims=\"1\" loading=\"lazy\" decoding=\"async\" aria-describedby=\"caption-attachment-99690\" data-attachment-id=\"99690\" data-permalink=\"https:\/\/www.shqiperia.com\/blog\/hapet-muzeu-arkeologjik-i-durresit\/muzeu-arkeologjik-durres\/\" data-orig-file=\"https:\/\/i0.wp.com\/www.shqiperia.com\/blog\/wp-content\/uploads\/2026\/04\/Muzeu-Arkeologjik-Durres.jpg?fit=640%2C427&amp;ssl=1\" data-orig-size=\"640,427\" data-comments-opened=\"1\" data-image-meta=\"{&quot;aperture&quot;:&quot;0&quot;,&quot;credit&quot;:&quot;&quot;,&quot;camera&quot;:&quot;&quot;,&quot;caption&quot;:&quot;&quot;,&quot;created_timestamp&quot;:&quot;0&quot;,&quot;copyright&quot;:&quot;&quot;,&quot;focal_length&quot;:&quot;0&quot;,&quot;iso&quot;:&quot;0&quot;,&quot;shutter_speed&quot;:&quot;0&quot;,&quot;title&quot;:&quot;&quot;,&quot;orientation&quot;:&quot;0&quot;}\" data-image-title=\"Muzeu Arkeologjik Durres\" data-image-description=\"\" data-image-caption=\"&lt;p&gt;Muzeu Arkeologjik Durres&lt;\/p&gt;\n\" data-medium-file=\"https:\/\/i0.wp.com\/www.shqiperia.com\/blog\/wp-content\/uploads\/2026\/04\/Muzeu-Arkeologjik-Durres.jpg?fit=300%2C200&amp;ssl=1\" data-large-file=\"https:\/\/i0.wp.com\/www.shqiperia.com\/blog\/wp-content\/uploads\/2026\/04\/Muzeu-Arkeologjik-Durres.jpg?fit=640%2C427&amp;ssl=1\" class=\" wp-image-99690\" alt=\"\" src=\"https:\/\/i0.wp.com\/www.shqiperia.com\/blog\/wp-content\/uploads\/2026\/04\/Muzeu-Arkeologjik-Durres.jpg?resize=674%2C449&#038;ssl=1\" width=\"674\" height=\"449\" srcset=\"https:\/\/i0.wp.com\/www.shqiperia.com\/blog\/wp-content\/uploads\/2026\/04\/Muzeu-Arkeologjik-Durres.jpg?resize=300%2C200&amp;ssl=1 300w, https:\/\/i0.wp.com\/www.shqiperia.com\/blog\/wp-content\/uploads\/2026\/04\/Muzeu-Arkeologjik-Durres.jpg?resize=600%2C400&amp;ssl=1 600w, https:\/\/i0.wp.com\/www.shqiperia.com\/blog\/wp-content\/uploads\/2026\/04\/Muzeu-Arkeologjik-Durres.jpg?resize=450%2C300&amp;ssl=1 450w, https:\/\/i0.wp.com\/www.shqiperia.com\/blog\/wp-content\/uploads\/2026\/04\/Muzeu-Arkeologjik-Durres.jpg?resize=400%2C267&amp;ssl=1 400w, https:\/\/i0.wp.com\/www.shqiperia.com\/blog\/wp-content\/uploads\/2026\/04\/Muzeu-Arkeologjik-Durres.jpg?w=640&amp;ssl=1 640w\" sizes=\"auto, (max-width: 674px) 100vw, 674px\" \/><p id=\"caption-attachment-99690\" class=\"wp-caption-text\">Muzeu Arkeologjik Durres<\/p><\/div>\n<p>30 Prill 2026<\/p>\n<p>Pas nj\u00eb periudhe t\u00eb gjat\u00eb me dyer t\u00eb mbyllura p\u00ebr shkak t\u00eb rikonstruksionit pas d\u00ebmeve t\u00eb p\u00ebsuara nga t\u00ebrmeti i vitit 2019, Muzeu do t\u00eb jet\u00eb i hapur p\u00ebr vizitor\u00eb t\u00eb huaj e vendas.<\/p>\n<div id=\"attachment_99691\" style=\"width: 715px\" class=\"wp-caption alignnone\"><img data-recalc-dims=\"1\" loading=\"lazy\" decoding=\"async\" aria-describedby=\"caption-attachment-99691\" data-attachment-id=\"99691\" data-permalink=\"https:\/\/www.shqiperia.com\/blog\/hapet-muzeu-arkeologjik-i-durresit\/muzeu-arkeologjik-durres-2\/\" data-orig-file=\"https:\/\/i0.wp.com\/www.shqiperia.com\/blog\/wp-content\/uploads\/2026\/04\/Muzeu-Arkeologjik-Durres-2.jpg?fit=700%2C393&amp;ssl=1\" data-orig-size=\"700,393\" data-comments-opened=\"1\" data-image-meta=\"{&quot;aperture&quot;:&quot;0&quot;,&quot;credit&quot;:&quot;&quot;,&quot;camera&quot;:&quot;&quot;,&quot;caption&quot;:&quot;&quot;,&quot;created_timestamp&quot;:&quot;0&quot;,&quot;copyright&quot;:&quot;&quot;,&quot;focal_length&quot;:&quot;0&quot;,&quot;iso&quot;:&quot;0&quot;,&quot;shutter_speed&quot;:&quot;0&quot;,&quot;title&quot;:&quot;&quot;,&quot;orientation&quot;:&quot;0&quot;}\" data-image-title=\"Muzeu Arkeologjik Durres\" data-image-description=\"\" data-image-caption=\"&lt;p&gt;Muzeu Arkeologjik Durres&lt;\/p&gt;\n\" data-medium-file=\"https:\/\/i0.wp.com\/www.shqiperia.com\/blog\/wp-content\/uploads\/2026\/04\/Muzeu-Arkeologjik-Durres-2.jpg?fit=300%2C168&amp;ssl=1\" data-large-file=\"https:\/\/i0.wp.com\/www.shqiperia.com\/blog\/wp-content\/uploads\/2026\/04\/Muzeu-Arkeologjik-Durres-2.jpg?fit=700%2C393&amp;ssl=1\" class=\" wp-image-99691\" alt=\"\" src=\"https:\/\/i0.wp.com\/www.shqiperia.com\/blog\/wp-content\/uploads\/2026\/04\/Muzeu-Arkeologjik-Durres-2.jpg?resize=705%2C395&#038;ssl=1\" width=\"705\" height=\"395\" srcset=\"https:\/\/i0.wp.com\/www.shqiperia.com\/blog\/wp-content\/uploads\/2026\/04\/Muzeu-Arkeologjik-Durres-2.jpg?resize=300%2C168&amp;ssl=1 300w, https:\/\/i0.wp.com\/www.shqiperia.com\/blog\/wp-content\/uploads\/2026\/04\/Muzeu-Arkeologjik-Durres-2.jpg?resize=450%2C253&amp;ssl=1 450w, https:\/\/i0.wp.com\/www.shqiperia.com\/blog\/wp-content\/uploads\/2026\/04\/Muzeu-Arkeologjik-Durres-2.jpg?resize=600%2C337&amp;ssl=1 600w, https:\/\/i0.wp.com\/www.shqiperia.com\/blog\/wp-content\/uploads\/2026\/04\/Muzeu-Arkeologjik-Durres-2.jpg?resize=400%2C225&amp;ssl=1 400w, https:\/\/i0.wp.com\/www.shqiperia.com\/blog\/wp-content\/uploads\/2026\/04\/Muzeu-Arkeologjik-Durres-2.jpg?w=700&amp;ssl=1 700w\" sizes=\"auto, (max-width: 705px) 100vw, 705px\" \/><p id=\"caption-attachment-99691\" class=\"wp-caption-text\">Muzeu Arkeologjik Durres<\/p><\/div>\n<p>N\u00eb k\u00ebt\u00eb hapje, muzeut i shtohet dhe mozaiku i famsh\u00ebm \u201cBukuroshja e Durr\u00ebsit\u201d, q\u00eb kthehet m\u00eb n\u00eb fund n\u00eb sht\u00ebpin\u00eb e vet.<\/p>\n<div id=\"attachment_99692\" style=\"width: 707px\" class=\"wp-caption alignnone\"><img data-recalc-dims=\"1\" loading=\"lazy\" decoding=\"async\" aria-describedby=\"caption-attachment-99692\" data-attachment-id=\"99692\" data-permalink=\"https:\/\/www.shqiperia.com\/blog\/hapet-muzeu-arkeologjik-i-durresit\/muzeu-arkeologjik-busts-of-artemis\/\" data-orig-file=\"https:\/\/i0.wp.com\/www.shqiperia.com\/blog\/wp-content\/uploads\/2026\/04\/Muzeu-Arkeologjik-Durres-3.jpg?fit=2272%2C1704&amp;ssl=1\" data-orig-size=\"2272,1704\" data-comments-opened=\"1\" data-image-meta=\"{&quot;aperture&quot;:&quot;3.5&quot;,&quot;credit&quot;:&quot;Jaszmina Szendrey&quot;,&quot;camera&quot;:&quot;DMC-G3&quot;,&quot;caption&quot;:&quot;Muzeu Arkeologjik: Busts of Artemis&quot;,&quot;created_timestamp&quot;:&quot;1499259301&quot;,&quot;copyright&quot;:&quot;Jaszmina Szendrey&quot;,&quot;focal_length&quot;:&quot;14&quot;,&quot;iso&quot;:&quot;800&quot;,&quot;shutter_speed&quot;:&quot;0.02&quot;,&quot;title&quot;:&quot;Muzeu Arkeologjik: Busts of Artemis&quot;,&quot;orientation&quot;:&quot;0&quot;}\" data-image-title=\"Muzeu Arkeologjik Durres\" data-image-description=\"\" data-image-caption=\"&lt;p&gt;Muzeu Arkeologjik Durres&lt;\/p&gt;\n\" data-medium-file=\"https:\/\/i0.wp.com\/www.shqiperia.com\/blog\/wp-content\/uploads\/2026\/04\/Muzeu-Arkeologjik-Durres-3.jpg?fit=300%2C225&amp;ssl=1\" data-large-file=\"https:\/\/i0.wp.com\/www.shqiperia.com\/blog\/wp-content\/uploads\/2026\/04\/Muzeu-Arkeologjik-Durres-3.jpg?fit=1024%2C768&amp;ssl=1\" class=\" wp-image-99692\" alt=\"\" src=\"https:\/\/i0.wp.com\/www.shqiperia.com\/blog\/wp-content\/uploads\/2026\/04\/Muzeu-Arkeologjik-Durres-3.jpg?resize=697%2C523&#038;ssl=1\" width=\"697\" height=\"523\" srcset=\"https:\/\/i0.wp.com\/www.shqiperia.com\/blog\/wp-content\/uploads\/2026\/04\/Muzeu-Arkeologjik-Durres-3.jpg?resize=300%2C225&amp;ssl=1 300w, https:\/\/i0.wp.com\/www.shqiperia.com\/blog\/wp-content\/uploads\/2026\/04\/Muzeu-Arkeologjik-Durres-3.jpg?resize=1024%2C768&amp;ssl=1 1024w, https:\/\/i0.wp.com\/www.shqiperia.com\/blog\/wp-content\/uploads\/2026\/04\/Muzeu-Arkeologjik-Durres-3.jpg?resize=768%2C576&amp;ssl=1 768w, https:\/\/i0.wp.com\/www.shqiperia.com\/blog\/wp-content\/uploads\/2026\/04\/Muzeu-Arkeologjik-Durres-3.jpg?resize=1536%2C1152&amp;ssl=1 1536w, https:\/\/i0.wp.com\/www.shqiperia.com\/blog\/wp-content\/uploads\/2026\/04\/Muzeu-Arkeologjik-Durres-3.jpg?resize=2048%2C1536&amp;ssl=1 2048w, https:\/\/i0.wp.com\/www.shqiperia.com\/blog\/wp-content\/uploads\/2026\/04\/Muzeu-Arkeologjik-Durres-3.jpg?resize=2000%2C1500&amp;ssl=1 2000w, https:\/\/i0.wp.com\/www.shqiperia.com\/blog\/wp-content\/uploads\/2026\/04\/Muzeu-Arkeologjik-Durres-3.jpg?resize=450%2C338&amp;ssl=1 450w, https:\/\/i0.wp.com\/www.shqiperia.com\/blog\/wp-content\/uploads\/2026\/04\/Muzeu-Arkeologjik-Durres-3.jpg?resize=600%2C450&amp;ssl=1 600w, https:\/\/i0.wp.com\/www.shqiperia.com\/blog\/wp-content\/uploads\/2026\/04\/Muzeu-Arkeologjik-Durres-3.jpg?resize=1500%2C1125&amp;ssl=1 1500w, https:\/\/i0.wp.com\/www.shqiperia.com\/blog\/wp-content\/uploads\/2026\/04\/Muzeu-Arkeologjik-Durres-3.jpg?resize=1300%2C975&amp;ssl=1 1300w, https:\/\/i0.wp.com\/www.shqiperia.com\/blog\/wp-content\/uploads\/2026\/04\/Muzeu-Arkeologjik-Durres-3.jpg?resize=400%2C300&amp;ssl=1 400w\" sizes=\"auto, (max-width: 697px) 100vw, 697px\" \/><p id=\"caption-attachment-99692\" class=\"wp-caption-text\">Muzeu Arkeologjik Durres<\/p><\/div>\n","protected":false},"excerpt":{"rendered":"<p>30 Prill 2026 Pas nj\u00eb periudhe t\u00eb gjat\u00eb me dyer t\u00eb mbyllura p\u00ebr shkak t\u00eb rikonstruksionit pas d\u00ebmeve t\u00eb p\u00ebsuara nga t\u00ebrmeti i vitit 2019, Muzeu do t\u00eb jet\u00eb i hapur p\u00ebr vizitor\u00eb t\u00eb huaj e vendas. N\u00eb k\u00ebt\u00eb hapje, muzeut i shtohet dhe mozaiku i famsh\u00ebm \u201cBukuroshja e Durr\u00ebsit\u201d, q\u00eb kthehet m\u00eb n\u00eb fund [&hellip;]<\/p>\n","protected":false},"author":9,"featured_media":99690,"comment_status":"open","ping_status":"open","sticky":false,"template":"","format":"standard","meta":{"jetpack_post_was_ever_published":false,"_jetpack_newsletter_access":"","_jetpack_dont_email_post_to_subs":false,"_jetpack_newsletter_tier_id":0,"_jetpack_memberships_contains_paywalled_content":false,"_jetpack_memberships_contains_paid_content":false,"footnotes":"","jetpack_publicize_message":"","jetpack_publicize_feature_enabled":true,"jetpack_social_post_already_shared":true,"jetpack_social_options":{"image_generator_settings":{"template":"highway","default_image_id":0,"font":"","enabled":false},"version":2}},"categories":[87,85,10,35,86],"tags":[],"class_list":["post-99689","post","type-post","status-publish","format-standard","has-post-thumbnail","hentry","category-arte","category-histori","category-kultura","category-shoqerore","category-trashegimi-kulturore"],"jetpack_publicize_connections":[],"jetpack_featured_media_url":"https:\/\/i0.wp.com\/www.shqiperia.com\/blog\/wp-content\/uploads\/2026\/04\/Muzeu-Arkeologjik-Durres.jpg?fit=640%2C427&ssl=1","jetpack_sharing_enabled":true,"jetpack_shortlink":"https:\/\/wp.me\/p5Z6wp-pVT","jetpack-related-posts":[{"id":11095,"url":"https:\/\/www.shqiperia.com\/blog\/zhdukja-e-kleitas-ilire-nga-muzeu-arkeologjik-2-foto\/","url_meta":{"origin":99689,"position":0},"title":"Zhdukja e Kleitas ilire nga muzeu arkeologjik. ( 2 foto). &#8211;","author":"Kurt Farka","date":"August 29, 2018","format":false,"excerpt":"Zhdukja e Kleitas ilire nga muzeu arkeologjik. ( 2 foto). - \u2018N\u00eb Muzeun e Durr\u00ebsit u vodh Kleitia ilire pa vler\u00eb tregtare dhe u lan\u00eb vazot greke 50 mij\u00eb USD copa\u2019 Gazetari i vjet\u00ebr durrsak, Thanas Mustaqi, n\u00eb nj\u00eb postim n\u00eb Facebook, ka hedhur drit\u00eb mbi nj\u00eb moment t\u00eb trisht\u00eb\u2026","rel":"","context":"In &quot;Histori&quot;","block_context":{"text":"Histori","link":"https:\/\/www.shqiperia.com\/blog\/category\/histori\/"},"img":{"alt_text":"","src":"https:\/\/i0.wp.com\/www.shqiperia.com\/blog\/wp-content\/uploads\/2018\/08\/Kleitia-ilire-Copy.jpg?fit=606%2C446&ssl=1&resize=350%2C200","width":350,"height":200,"srcset":"https:\/\/i0.wp.com\/www.shqiperia.com\/blog\/wp-content\/uploads\/2018\/08\/Kleitia-ilire-Copy.jpg?fit=606%2C446&ssl=1&resize=350%2C200 1x, https:\/\/i0.wp.com\/www.shqiperia.com\/blog\/wp-content\/uploads\/2018\/08\/Kleitia-ilire-Copy.jpg?fit=606%2C446&ssl=1&resize=525%2C300 1.5x"},"classes":[]},{"id":43335,"url":"https:\/\/www.shqiperia.com\/blog\/zbulime-ne-thellesi-te-detit-muzeu-arkeologjik-i-durresit-mirepret-dhjetra-objekte-nga-zbulimet-nenujore\/","url_meta":{"origin":99689,"position":1},"title":"Zbulime n\u00eb thell\u00ebsi t\u00eb detit\/ Muzeu Arkeologjik i Durr\u00ebsit mir\u00ebpret dhjetra objekte nga zbulimet n\u00ebnujore","author":"Kurt Farka","date":"January 25, 2021","format":false,"excerpt":"Zbulime n\u00eb thell\u00ebsi t\u00eb detit\/ Muzeu Arkeologjik i Durr\u00ebsit mir\u00ebpret dhjetra objekte nga zbulimet n\u00ebnujore 20 Janar2021 Q\u00eb nga viti 2018 arkeolog\u00ebt n\u00ebnujor\u00eb kan\u00eb zbuluar pran\u00eb brigjeve t\u00eb Durr\u00ebsit dhjetra objekte me vler\u00eb, q\u00eb tashm\u00eb i p\u00ebrkasin trash\u00ebgimis\u00eb son\u00eb kulturore, nd\u00ebrsa zbulimet vazhdojn\u00eb, ku koh\u00ebt e fundit gjetjet e tjera\u2026","rel":"","context":"In &quot;Blogu i Udh\u00ebtarit&quot;","block_context":{"text":"Blogu i Udh\u00ebtarit","link":"https:\/\/www.shqiperia.com\/blog\/category\/blogu-i-udhetarit\/"},"img":{"alt_text":"","src":"https:\/\/i0.wp.com\/www.shqiperia.com\/blog\/wp-content\/uploads\/2021\/01\/1611138518_INTERVITSAFUTBOLLISITMETITRAMBYLLESE.00231806.Still003.jpg?fit=780%2C440&ssl=1&resize=350%2C200","width":350,"height":200,"srcset":"https:\/\/i0.wp.com\/www.shqiperia.com\/blog\/wp-content\/uploads\/2021\/01\/1611138518_INTERVITSAFUTBOLLISITMETITRAMBYLLESE.00231806.Still003.jpg?fit=780%2C440&ssl=1&resize=350%2C200 1x, https:\/\/i0.wp.com\/www.shqiperia.com\/blog\/wp-content\/uploads\/2021\/01\/1611138518_INTERVITSAFUTBOLLISITMETITRAMBYLLESE.00231806.Still003.jpg?fit=780%2C440&ssl=1&resize=525%2C300 1.5x, https:\/\/i0.wp.com\/www.shqiperia.com\/blog\/wp-content\/uploads\/2021\/01\/1611138518_INTERVITSAFUTBOLLISITMETITRAMBYLLESE.00231806.Still003.jpg?fit=780%2C440&ssl=1&resize=700%2C400 2x"},"classes":[]},{"id":21188,"url":"https:\/\/www.shqiperia.com\/blog\/muzeu-arkeologjik-korce\/","url_meta":{"origin":99689,"position":2},"title":"Muzeu arkeologjik, Kor\u00e7\u00eb. &#8211;","author":"Kurt Farka","date":"May 16, 2019","format":false,"excerpt":"Muzeu Arkeologjik i Kor\u00e7\u00ebs\u00a0u krijua n\u00eb vitin 1985 dhe mori form\u00eb m\u00eb t\u00eb gjer\u00eb e m\u00eb t\u00eb plot\u00eb pas organizimit t\u00eb vitit 1990. Ky muze \u00ebsht\u00eb vendosur n\u00eb dy banesa karakteristike kor\u00e7are t\u00eb fillim shekullit XIX (19-t\u00eb), t\u00eb cilat p\u00ebr vlerat arkitektonike t\u00eb tyre jan\u00eb shpallur monumente kulture.\u00a0 Muzeu Arkeologjik\u2026","rel":"","context":"In &quot;Histori&quot;","block_context":{"text":"Histori","link":"https:\/\/www.shqiperia.com\/blog\/category\/histori\/"},"img":{"alt_text":"","src":"https:\/\/i0.wp.com\/www.shqiperia.com\/blog\/wp-content\/uploads\/2019\/05\/1-Muzeu-Arkeologjik-Korce..jpg?fit=800%2C435&ssl=1&resize=350%2C200","width":350,"height":200,"srcset":"https:\/\/i0.wp.com\/www.shqiperia.com\/blog\/wp-content\/uploads\/2019\/05\/1-Muzeu-Arkeologjik-Korce..jpg?fit=800%2C435&ssl=1&resize=350%2C200 1x, https:\/\/i0.wp.com\/www.shqiperia.com\/blog\/wp-content\/uploads\/2019\/05\/1-Muzeu-Arkeologjik-Korce..jpg?fit=800%2C435&ssl=1&resize=525%2C300 1.5x, https:\/\/i0.wp.com\/www.shqiperia.com\/blog\/wp-content\/uploads\/2019\/05\/1-Muzeu-Arkeologjik-Korce..jpg?fit=800%2C435&ssl=1&resize=700%2C400 2x"},"classes":[]},{"id":2334,"url":"https:\/\/www.shqiperia.com\/blog\/muzeu-arkeologjik-apoloni\/","url_meta":{"origin":99689,"position":3},"title":"Muzeu Arkeologjik &#8211; Apoloni","author":"Kurt Farka","date":"January 31, 2018","format":false,"excerpt":"Muzeut arkeologjik sh\u00ebnon nj\u00eb periudh\u00eb t\u00eb art\u00eb p\u00ebr historikun e k\u00ebtij qyteti. N\u00ebp\u00ebrmjet objekteve t\u00eb ekspozuara vizitor\u00ebt do t\u00eb m\u00ebsojn\u00eb se Apolonia antike e krijuar nga kolon\u00ebt grek\u00eb rreth viteve 620 Para Krishtit \u00ebsht\u00eb nd\u00ebrtuar mbi rr\u00ebnj\u00ebt e nj\u00eb qytet\u00ebrimi shum\u00eb m\u00eb t\u00eb hersh\u00ebm. \u00a0\u00a0 \u00a0 T\u00eb pakt\u00ebn 800 objekte\u2026","rel":"","context":"In &quot;Histori&quot;","block_context":{"text":"Histori","link":"https:\/\/www.shqiperia.com\/blog\/category\/histori\/"},"img":{"alt_text":"","src":"https:\/\/i0.wp.com\/www.shqiperia.com\/blog\/wp-content\/uploads\/2018\/01\/Muzeu-arkeologjik-Apoloni-7-300x225.jpg?resize=350%2C200","width":350,"height":200},"classes":[]},{"id":11040,"url":"https:\/\/www.shqiperia.com\/blog\/epoka-e-pluhurit-per-here-te-pare-ne-muzeun-arkeologjik-ne-tirane\/","url_meta":{"origin":99689,"position":4},"title":"\u201cEpoka e Pluhurit\u201d, p\u00ebr her\u00eb t\u00eb par\u00eb n\u00eb Muzeun Arkeologjik n\u00eb Tiran\u00eb. &#8211;","author":"Kurt Farka","date":"August 28, 2018","format":false,"excerpt":"\u201cEpoka e Pluhurit\u201d, p\u00ebr her\u00eb t\u00eb par\u00eb n\u00eb Muzeun Arkeologjik n\u00eb Tiran\u00eb. - Nga: Eleni Laperi. - Ka shum\u00eb arsye pse njeriu mund t\u00eb mbetet pa fjal\u00eb p\u00ebr nj\u00eb koh\u00eb, duke r\u00ebn\u00eb n\u00eb nj\u00eb gjendje trishtimi pa ngush\u00ebllim. K\u00ebt\u00eb dhimbje emocionale, t\u00eb lidhur me ndjenjat e humbjes, d\u00ebshp\u00ebrimit, pik\u00ebllimit, pafuqis\u00eb,\u2026","rel":"","context":"In &quot;Histori&quot;","block_context":{"text":"Histori","link":"https:\/\/www.shqiperia.com\/blog\/category\/histori\/"},"img":{"alt_text":"","src":"https:\/\/i0.wp.com\/www.shqiperia.com\/blog\/wp-content\/uploads\/2018\/08\/Muzeu-Arkeolojik-Tirane.jpg?fit=585%2C320&ssl=1&resize=350%2C200","width":350,"height":200,"srcset":"https:\/\/i0.wp.com\/www.shqiperia.com\/blog\/wp-content\/uploads\/2018\/08\/Muzeu-Arkeolojik-Tirane.jpg?fit=585%2C320&ssl=1&resize=350%2C200 1x, https:\/\/i0.wp.com\/www.shqiperia.com\/blog\/wp-content\/uploads\/2018\/08\/Muzeu-Arkeolojik-Tirane.jpg?fit=585%2C320&ssl=1&resize=525%2C300 1.5x"},"classes":[]},{"id":72862,"url":"https:\/\/www.shqiperia.com\/blog\/muzeu-arkeologjik-i-korces-i-vetmi-muze-prehistorik-ne-vend\/","url_meta":{"origin":99689,"position":5},"title":"Muzeu Arkeologjik i Kor\u00e7\u00ebs, i vetmi muze prehistorik n\u00eb vend","author":"Kurt Farka","date":"July 22, 2023","format":false,"excerpt":"22 Korrik 2023 Sotiraq Filo, kryebashkiaku i Kor\u00e7\u00ebs, i nj\u00eb qyteti q\u00eb ka se \u00e7\u2019t\u2019u ofroj\u00eb turist\u00ebve, solli sot n\u00eb v\u00ebmendje Muzeun Arkeologjik t\u00eb Kor\u00e7\u00ebs, i cili \u00ebsht\u00eb muzeu i vet\u00ebm pre-historik n\u00eb Shqip\u00ebri. \u201cJan\u00eb 1111 objekte t\u00eb ndryshme n\u00eb k\u00ebt\u00eb muze, t\u00eb cilat datojn\u00eb nga Epokat Pre dhe Proto\u2026","rel":"","context":"In &quot;Histori&quot;","block_context":{"text":"Histori","link":"https:\/\/www.shqiperia.com\/blog\/category\/histori\/"},"img":{"alt_text":"","src":"https:\/\/i0.wp.com\/www.shqiperia.com\/blog\/wp-content\/uploads\/2023\/07\/640-0-3b2f2d5bcba8713423d0aed101f87464.jpg?fit=640%2C436&ssl=1&resize=350%2C200","width":350,"height":200,"srcset":"https:\/\/i0.wp.com\/www.shqiperia.com\/blog\/wp-content\/uploads\/2023\/07\/640-0-3b2f2d5bcba8713423d0aed101f87464.jpg?fit=640%2C436&ssl=1&resize=350%2C200 1x, https:\/\/i0.wp.com\/www.shqiperia.com\/blog\/wp-content\/uploads\/2023\/07\/640-0-3b2f2d5bcba8713423d0aed101f87464.jpg?fit=640%2C436&ssl=1&resize=525%2C300 1.5x"},"classes":[]}],"_links":{"self":[{"href":"https:\/\/www.shqiperia.com\/blog\/wp-json\/wp\/v2\/posts\/99689","targetHints":{"allow":["GET"]}}],"collection":[{"href":"https:\/\/www.shqiperia.com\/blog\/wp-json\/wp\/v2\/posts"}],"about":[{"href":"https:\/\/www.shqiperia.com\/blog\/wp-json\/wp\/v2\/types\/post"}],"author":[{"embeddable":true,"href":"https:\/\/www.shqiperia.com\/blog\/wp-json\/wp\/v2\/users\/9"}],"replies":[{"embeddable":true,"href":"https:\/\/www.shqiperia.com\/blog\/wp-json\/wp\/v2\/comments?post=99689"}],"version-history":[{"count":1,"href":"https:\/\/www.shqiperia.com\/blog\/wp-json\/wp\/v2\/posts\/99689\/revisions"}],"predecessor-version":[{"id":99693,"href":"https:\/\/www.shqiperia.com\/blog\/wp-json\/wp\/v2\/posts\/99689\/revisions\/99693"}],"wp:featuredmedia":[{"embeddable":true,"href":"https:\/\/www.shqiperia.com\/blog\/wp-json\/wp\/v2\/media\/99690"}],"wp:attachment":[{"href":"https:\/\/www.shqiperia.com\/blog\/wp-json\/wp\/v2\/media?parent=99689"}],"wp:term":[{"taxonomy":"category","embeddable":true,"href":"https:\/\/www.shqiperia.com\/blog\/wp-json\/wp\/v2\/categories?post=99689"},{"taxonomy":"post_tag","embeddable":true,"href":"https:\/\/www.shqiperia.com\/blog\/wp-json\/wp\/v2\/tags?post=99689"}],"curies":[{"name":"wp","href":"https:\/\/api.w.org\/{rel}","templated":true}]}}