{"id":99686,"date":"2026-04-28T22:29:58","date_gmt":"2026-04-28T22:29:58","guid":{"rendered":"https:\/\/www.shqiperia.com\/blog\/?p=99686"},"modified":"2026-04-28T22:29:58","modified_gmt":"2026-04-28T22:29:58","slug":"me-perjashto-spiropali-reagon-pas-paralajmerimit-te-rames-ne-grupin-e-ps-kur-familja-ime-politike-filloi-te-kete-frike-nga-fjala-ka-vetem-nje-zgjidhje","status":"publish","type":"post","link":"https:\/\/www.shqiperia.com\/blog\/me-perjashto-spiropali-reagon-pas-paralajmerimit-te-rames-ne-grupin-e-ps-kur-familja-ime-politike-filloi-te-kete-frike-nga-fjala-ka-vetem-nje-zgjidhje\/","title":{"rendered":"\u201cM\u00eb p\u00ebrjashto!\u201d, Spiropali reagon pas paralajm\u00ebrimit t\u00eb Ram\u00ebs n\u00eb Grupin e PS: &#8211; Kur familja ime politike filloi t\u00eb ket\u00eb frik\u00eb nga fjala, ka vet\u00ebm nj\u00eb zgjidhje"},"content":{"rendered":"<div class=\"firstP\">\n<p><img data-recalc-dims=\"1\" loading=\"lazy\" decoding=\"async\" data-attachment-id=\"99687\" data-permalink=\"https:\/\/www.shqiperia.com\/blog\/me-perjashto-spiropali-reagon-pas-paralajmerimit-te-rames-ne-grupin-e-ps-kur-familja-ime-politike-filloi-te-kete-frike-nga-fjala-ka-vetem-nje-zgjidhje\/elisa-spiropali-3-450x517\/\" data-orig-file=\"https:\/\/i0.wp.com\/www.shqiperia.com\/blog\/wp-content\/uploads\/2026\/04\/Elisa-Spiropali-3-450x517-1.jpg?fit=450%2C374&amp;ssl=1\" data-orig-size=\"450,374\" data-comments-opened=\"1\" data-image-meta=\"{&quot;aperture&quot;:&quot;0&quot;,&quot;credit&quot;:&quot;&quot;,&quot;camera&quot;:&quot;&quot;,&quot;caption&quot;:&quot;&quot;,&quot;created_timestamp&quot;:&quot;0&quot;,&quot;copyright&quot;:&quot;&quot;,&quot;focal_length&quot;:&quot;0&quot;,&quot;iso&quot;:&quot;0&quot;,&quot;shutter_speed&quot;:&quot;0&quot;,&quot;title&quot;:&quot;&quot;,&quot;orientation&quot;:&quot;0&quot;}\" data-image-title=\"Elisa-Spiropali-3-450&#215;517\" data-image-description=\"\" data-image-caption=\"\" data-medium-file=\"https:\/\/i0.wp.com\/www.shqiperia.com\/blog\/wp-content\/uploads\/2026\/04\/Elisa-Spiropali-3-450x517-1.jpg?fit=300%2C249&amp;ssl=1\" data-large-file=\"https:\/\/i0.wp.com\/www.shqiperia.com\/blog\/wp-content\/uploads\/2026\/04\/Elisa-Spiropali-3-450x517-1.jpg?fit=450%2C374&amp;ssl=1\" class=\"alignnone  wp-image-99687\" alt=\"\" src=\"https:\/\/i0.wp.com\/www.shqiperia.com\/blog\/wp-content\/uploads\/2026\/04\/Elisa-Spiropali-3-450x517-1.jpg?resize=783%2C650&#038;ssl=1\" width=\"783\" height=\"650\" srcset=\"https:\/\/i0.wp.com\/www.shqiperia.com\/blog\/wp-content\/uploads\/2026\/04\/Elisa-Spiropali-3-450x517-1.jpg?resize=300%2C249&amp;ssl=1 300w, https:\/\/i0.wp.com\/www.shqiperia.com\/blog\/wp-content\/uploads\/2026\/04\/Elisa-Spiropali-3-450x517-1.jpg?resize=400%2C332&amp;ssl=1 400w, https:\/\/i0.wp.com\/www.shqiperia.com\/blog\/wp-content\/uploads\/2026\/04\/Elisa-Spiropali-3-450x517-1.jpg?w=450&amp;ssl=1 450w\" sizes=\"auto, (max-width: 783px) 100vw, 783px\" \/><\/p>\n<p>30 Prill 2026<\/p>\n<p>Nj\u00eb dit\u00eb pas debatit me kryeministrin Edi Rama n\u00eb mbledhjen me dyer t\u00eb mbyllura t\u00eb grupit parlamentar socialist dhe kabinetit qeveritar, Elisa Spiropali ka b\u00ebr\u00eb nj\u00eb tjet\u00ebr reagim n\u00eb faqen e saj n\u00eb Facebook.<\/p>\n<\/div>\n<p>Pasi Rama ia quajti reagimin e par\u00eb \u201cnj\u00eb \u00e7ar\u00e7af\u201d, ish-ministrja e Jashtme e nis reagimin e saj me titullin \u201cm\u00eb p\u00ebrjashto\u201d.<\/p>\n<p>Ajo thot\u00eb se nuk e ka sulmuar partin\u00eb, por ka kritikuar modelin \u201cq\u00eb n\u00eb disa aspekte po d\u00ebmton edhe Partin\u00eb Socialiste\u201d.<\/p>\n<p>Kritikat e Elisa Spiropalit kan\u00eb nisur t\u00eb artikulohen publikisht pak dit\u00eb pasi ajo u shkarkua nga detyra e Ministres s\u00eb Jashtme.<\/p>\n<p>Deri n\u00eb momentin q\u00eb ka mbajtur postet e r\u00ebnd\u00ebsishme t\u00eb kryetares s\u00eb Parlamentit dhe kreut t\u00eb diplomacis\u00eb shqiptare, k\u00ebto problematika nuk jan\u00eb diskutuar, qoft\u00eb edhe n\u00eb mbledhjet me dyer t\u00eb mbyllura.<\/p>\n<p><em>\u201cM\u00eb p\u00ebrjashto!<span>\u00a0<\/span><\/em><em>Debatet e brendshme, sado t\u00eb forta, nuk duhet t\u00eb shndrrohen n\u00eb spektak\u00ebl nd\u00ebshkimor publik. N\u00ebse kjo ndodh, problemi nuk \u00ebsht\u00eb m\u00eb mospajtimi, \u00ebsht\u00eb frika nga mospajtimi. Ky fakt kok\u00ebfort, ky konstatim i duksh\u00ebm, m\u00eb tep\u00ebr se vet\u00eb paralajm\u00ebrimi, m\u00eb detyron t\u00eb flas. Kur paralajm\u00ebrimi publik b\u00ebhet instrument k\u00ebrc\u00ebnimi, heshtja nuk \u00ebsht\u00eb m\u00eb maturi, \u00ebsht\u00eb dor\u00ebzim.<\/em><\/p>\n<p><em>N\u00ebse q\u00ebndrimi im p\u00ebr m\u00ebnyr\u00ebn si po funksionon partia, qeveria, shteti, konsiderohet arsye p\u00ebr p\u00ebrjashtim, at\u00ebher\u00eb po e them qet\u00eb dhe qart\u00eb: M\u00eb p\u00ebrjashto. Jo si sfid\u00eb personale. Jo si dram\u00eb politike. Jo si show mediatik. Por si prov\u00eb se problemi nuk \u00ebsht\u00eb te fjala q\u00eb ngre shqet\u00ebsim, por te sistemi q\u00eb shqet\u00ebsimin nuk e duron.<\/em><\/p>\n<p><em>Nuk kam sulmuar Partis\u00eb Socialiste. Kam kritikuar modelin q\u00eb n\u00eb disa aspekte po d\u00ebmton edhe Partin\u00eb Socialiste. Kam folur p\u00ebr ndarjen e partis\u00eb nga shteti. P\u00ebr rrezikun q\u00eb politika t\u00eb z\u00ebvend\u00ebsohet nga administrimi. P\u00ebr nj\u00eb logjik\u00eb kontrolli. Ku struktura burokratike dhe pushteti administrativ rrezikojn\u00eb t\u00eb marrin vendin e p\u00ebrfaq\u00ebsimit politik.<\/em><\/p>\n<p><em>N\u00ebse k\u00ebto konsiderohen arsye p\u00ebr p\u00ebrjashtim, at\u00ebher\u00eb pyetja nuk \u00ebsht\u00eb pse flas un\u00eb. Pyetja \u00ebsht\u00eb pse k\u00ebto gj\u00ebra nuk lejohen t\u00eb thuhen. Pushteti nuk dob\u00ebsohet nga kritika. Pushteti dob\u00ebsohet kur humb aft\u00ebsin\u00eb p\u00ebr vet\u00ebkorrigjim. N\u00ebse n\u00eb nj\u00eb forc\u00eb politike q\u00eb ka lindur si projekt emancipimi komb\u00ebtar, kritika trajtohet si devijim, at\u00ebher\u00eb problemi \u00ebsht\u00eb m\u00eb i thell\u00eb se \u00e7do debat. \u00cbsht\u00eb kriz\u00eb kulture politike.<\/em><\/p>\n<p><em>N\u00ebse t\u00eb k\u00ebrkosh q\u00eb institucionet t\u00eb mos kontrollohen, personalizohen, instrumentalizohen, \u00ebsht\u00eb faj, at\u00ebher\u00eb m\u00eb p\u00ebrjashto. N\u00ebse t\u00eb k\u00ebrkosh gar\u00eb e merit\u00eb, brenda e jasht\u00eb partis\u00eb \u00ebsht\u00eb faj, m\u00eb p\u00ebrjashto. N\u00ebse t\u00eb k\u00ebrkosh q\u00eb socialist\u00ebt t\u00eb mos z\u00ebvend\u00ebsohen nga nj\u00eb model \u201cdrejtorokracie\u201d, ku kontributi politik zbehet p\u00ebrball\u00eb kontrollit administrativ, qenka munges\u00eb disipline, m\u00eb p\u00ebrjashto.<\/em><\/p>\n<p><em>N\u00ebse t\u00eb mendosh se pushteti duhet t\u00eb njoh\u00eb vetkufizim, dhe nuk duhet t\u00eb nj\u00ebsohet me strukturat q\u00eb e rrethojn\u00eb, qenka herezi e papranueshme, m\u00eb p\u00ebrjashto. Nuk po mbroj nj\u00eb pozicion. Aq m\u00eb pak nj\u00eb kolltuk. Kryetarll\u00ebkun dhe minist\u00ebrll\u00ebkun nuk ma ka l\u00ebn\u00eb gjyshi apo gjyshja. Po mbroj nj\u00eb parim.<\/em><\/p>\n<p><em>N\u00eb politik\u00eb mospajtimi nuk \u00ebsht\u00eb thyerje e besnik\u00ebris\u00eb. Mospajtimi \u00ebsht\u00eb forma m\u00eb e lart\u00eb e besnik\u00ebris\u00eb. Kur refuzimi p\u00ebr t\u2019u b\u00ebr\u00eb pjes\u00eb e nj\u00eb automatizmi votash n\u00eb Parlament interpretohet si largim nga grupi, at\u00ebher\u00eb problemi nuk \u00ebsht\u00eb disiplina, por ideja se bindja k\u00ebrkohet e verb\u00ebr, pa arsyetim, pa marr\u00eb parasysh pasojat. Kur refuzohet bindja si ritual, nuk po mbrohet uniteti, por po k\u00ebrkohet n\u00ebnshtrim.<\/em><\/p>\n<p><em>Kur nd\u00ebrgjegjja trajtohet si shkelje disipline vet\u00ebm sepse nuk dakord\u00ebsohet me automatizmin e veprimeve, at\u00ebher\u00eb problemi nuk \u00ebsht\u00eb mospajtimi, por modeli q\u00eb e ngat\u00ebrron bindjen me n\u00ebnshtrimin, duke tentuar t\u00eb normalizoj\u00eb deri edhe abuzimin. N\u00ebse edhe k\u00ebt\u00eb e kam gabim, m\u00eb p\u00ebrjashto.<\/em><\/p>\n<p><em>Por t\u00eb pakt\u00ebn t\u00eb b\u00ebhet e qart\u00eb se p\u00ebrjashtimi nuk po ndodh sepse dikush ka tradhtuar partin\u00eb. Po ndodh sepse dikush ka refuzuar t\u00eb hesht\u00eb p\u00ebr m\u00ebnyr\u00ebn si po vepron pushteti n\u00eb em\u00ebr t\u00eb saj. Dhe kjo nuk \u00ebsht\u00eb \u00e7\u00ebshtje personale. \u00cbsht\u00eb \u00e7\u00ebshtje se si kuptohet politika. \u00c7far\u00eb ndodh me nj\u00eb parti kur qoft\u00eb edhe nj\u00eb akt politik mosvotimi shihet si armiq\u00ebsi? \u00c7far\u00eb ndodh me nj\u00eb shtet kur kund\u00ebrshtimi trajtohet si k\u00ebrc\u00ebnim? \u00c7far\u00eb ndodh me nj\u00eb shoq\u00ebri kur bindja k\u00ebrkohet si n\u00ebnshtrim?<\/em><\/p>\n<p><em>K\u00ebto nuk jan\u00eb pyetje p\u00ebr fatin tim, t\u00eb cilin e b\u00ebj vet\u00eb pa ndihm\u00ebn e askujt. Jan\u00eb pyetje p\u00ebr m\u00ebnyr\u00ebn si qeveriset.<\/em><br \/>\n<em>K\u00ebrc\u00ebnimi p\u00ebr p\u00ebrjashtim nga grupi m\u00eb shqet\u00ebson m\u00eb pak se ideja se mund t\u00eb normalizohet mendimi q\u00eb nj\u00eb grupim politik duhet t\u00eb funksionoj\u00eb p\u00ebrmes frik\u00ebs. Nj\u00eb formacion politik ku askush nuk kund\u00ebrshton, nuk \u00ebsht\u00eb i fort\u00eb. \u00cbsht\u00eb i heshtur dhe duhet ruajtur nga zgripi.<\/em><\/p>\n<p><em>Heshtja politike ka qen\u00eb gjithmon\u00eb paralajm\u00ebrim i s\u00eb keqes. Jo rrall\u00eb, nuk tremb forca reale e kund\u00ebrshtarit. Tremb jehona q\u00eb i b\u00ebhet frik\u00ebs. Shum\u00eb struktura kontrolli mbahen jo aq nga forca e tyre, sa nga p\u00ebrfytyrimi i rrejsh\u00ebm q\u00eb t\u00eb tjer\u00ebt kan\u00eb p\u00ebr forc\u00ebn e tyre, p\u00ebr mekanizma q\u00eb mbijetojn\u00eb nga frika q\u00eb prodhojn\u00eb. N\u00ebse nuk dakord\u00ebsohemi as p\u00ebr kaq, m\u00eb p\u00ebrjashto. N\u00ebse nuk respektohet e drejta t\u00eb flas, madje dhe t\u00eb b\u00ebrtas, kur familja ime politike fillon t\u00eb ket\u00eb frik\u00eb nga fjala, nuk ka dilem\u00eb, zgjidhja \u00ebsht\u00eb 1, m\u00eb p\u00ebrjashto\u201d<\/em>, shkruan Spiropali.<\/p>\n","protected":false},"excerpt":{"rendered":"<p>30 Prill 2026 Nj\u00eb dit\u00eb pas debatit me kryeministrin Edi Rama n\u00eb mbledhjen me dyer t\u00eb mbyllura t\u00eb grupit parlamentar socialist dhe kabinetit qeveritar, Elisa Spiropali ka b\u00ebr\u00eb nj\u00eb tjet\u00ebr reagim n\u00eb faqen e saj n\u00eb Facebook. Pasi Rama ia quajti reagimin e par\u00eb \u201cnj\u00eb \u00e7ar\u00e7af\u201d, ish-ministrja e Jashtme e nis reagimin e saj me [&hellip;]<\/p>\n","protected":false},"author":9,"featured_media":99687,"comment_status":"open","ping_status":"open","sticky":false,"template":"","format":"standard","meta":{"jetpack_post_was_ever_published":false,"_jetpack_newsletter_access":"","_jetpack_dont_email_post_to_subs":false,"_jetpack_newsletter_tier_id":0,"_jetpack_memberships_contains_paywalled_content":false,"_jetpack_memberships_contains_paid_content":false,"footnotes":"","jetpack_publicize_message":"","jetpack_publicize_feature_enabled":true,"jetpack_social_post_already_shared":true,"jetpack_social_options":{"image_generator_settings":{"template":"highway","default_image_id":0,"font":"","enabled":false},"version":2}},"categories":[1,2,35],"tags":[],"class_list":["post-99686","post","type-post","status-publish","format-standard","has-post-thumbnail","hentry","category-njoftime-shtypi","category-politika","category-shoqerore"],"jetpack_publicize_connections":[],"jetpack_featured_media_url":"https:\/\/i0.wp.com\/www.shqiperia.com\/blog\/wp-content\/uploads\/2026\/04\/Elisa-Spiropali-3-450x517-1.jpg?fit=450%2C374&ssl=1","jetpack_sharing_enabled":true,"jetpack_shortlink":"https:\/\/wp.me\/p5Z6wp-pVQ","jetpack-related-posts":[{"id":74159,"url":"https:\/\/www.shqiperia.com\/blog\/berisha-ka-nje-video-per-spiropalin-qe-i-preu-endrren-ne-minuten-e-fundit\/","url_meta":{"origin":99686,"position":0},"title":"Berisha: &#8211; Ka nj\u00eb video p\u00ebr Spiropalin q\u00eb i preu \u00ebndrr\u00ebn n\u00eb minut\u00ebn e fundit","author":"Kurt Farka","date":"September 11, 2023","format":false,"excerpt":"11 Shtator 2023 Ish-kryeministri Sali Berisha i cil\u00ebsoi ndryshimet e fundit n\u00eb qeveri q\u00eb u miratuan sot n\u00eb Kuvend si t\u00eb diktuara nga krimi. P\u00ebr her\u00eb t\u00eb par\u00eb deklaroi se n\u00eb vendin e Igli Hasanit n\u00eb ministrin\u00eb e Jashtme ishte planifikuar Elisa Spiropali, por theksoi se nj\u00eb video q\u00eb qarkulloi\u2026","rel":"","context":"In &quot;Blogu i Udh\u00ebtarit&quot;","block_context":{"text":"Blogu i Udh\u00ebtarit","link":"https:\/\/www.shqiperia.com\/blog\/category\/blogu-i-udhetarit\/"},"img":{"alt_text":"","src":"https:\/\/i0.wp.com\/www.shqiperia.com\/blog\/wp-content\/uploads\/2023\/09\/0-500-1689325662xrama-spiropali11-621.jpg?fit=634%2C409&ssl=1&resize=350%2C200","width":350,"height":200,"srcset":"https:\/\/i0.wp.com\/www.shqiperia.com\/blog\/wp-content\/uploads\/2023\/09\/0-500-1689325662xrama-spiropali11-621.jpg?fit=634%2C409&ssl=1&resize=350%2C200 1x, https:\/\/i0.wp.com\/www.shqiperia.com\/blog\/wp-content\/uploads\/2023\/09\/0-500-1689325662xrama-spiropali11-621.jpg?fit=634%2C409&ssl=1&resize=525%2C300 1.5x"},"classes":[]},{"id":78996,"url":"https:\/\/www.shqiperia.com\/blog\/spiropali-i-shtrin-doren-opozites-te-gjejme-nje-zgjidhje-per-kete-absurditet-sillni-propozimet-per-reformen-zgjedhore\/","url_meta":{"origin":99686,"position":1},"title":"Spiropali &#8220;i shtrin dor\u00ebn&#8221; opozit\u00ebs: &#8211; T\u00eb gjejm\u00eb nj\u00eb zgjidhje p\u00ebr k\u00ebt\u00eb absurditet, sillni propozimet p\u00ebr Reform\u00ebn Zgjedhore","author":"Kurt Farka","date":"March 7, 2024","format":false,"excerpt":"7 Mars 2024 Ministrja e Shtetit p\u00ebr Marr\u00ebdh\u00ebniet me Parlamentin, Elisa Spiropali, u k\u00ebrkoi deputet\u00ebve t\u00eb opozit\u00ebs t\u00eb ndalin zhurm\u00ebn dhe t\u00eb ulen n\u00eb Konferenc\u00ebn e Kryetar\u00ebve dhe Komisionin e Reform\u00ebs Zgjedhore p\u00ebr t\u00eb gjetur nj\u00eb zgjidhje p\u00ebr situat\u00ebn e krijuar, q\u00eb ajo e cil\u00ebsoi si \u201cabsurditet\u201d. Spiropali tha se\u00a0\u201cjemi\u2026","rel":"","context":"In &quot;Blogu i Udh\u00ebtarit&quot;","block_context":{"text":"Blogu i Udh\u00ebtarit","link":"https:\/\/www.shqiperia.com\/blog\/category\/blogu-i-udhetarit\/"},"img":{"alt_text":"","src":"https:\/\/i0.wp.com\/www.shqiperia.com\/blog\/wp-content\/uploads\/2024\/03\/elisa-spiropali.jpg?fit=780%2C478&ssl=1&resize=350%2C200","width":350,"height":200,"srcset":"https:\/\/i0.wp.com\/www.shqiperia.com\/blog\/wp-content\/uploads\/2024\/03\/elisa-spiropali.jpg?fit=780%2C478&ssl=1&resize=350%2C200 1x, https:\/\/i0.wp.com\/www.shqiperia.com\/blog\/wp-content\/uploads\/2024\/03\/elisa-spiropali.jpg?fit=780%2C478&ssl=1&resize=525%2C300 1.5x, https:\/\/i0.wp.com\/www.shqiperia.com\/blog\/wp-content\/uploads\/2024\/03\/elisa-spiropali.jpg?fit=780%2C478&ssl=1&resize=700%2C400 2x"},"classes":[]},{"id":98884,"url":"https:\/\/www.shqiperia.com\/blog\/spiropali-flet-per-perplasjen-me-ramen-ajo-qe-ndodhi-nuk-eshte-thjesht-ceshtje-personale-por-model-qe-po-zgjerohet-frika\/","url_meta":{"origin":99686,"position":2},"title":"Spiropali flet p\u00ebr p\u00ebrplasjen me Ram\u00ebn: &#8211; Ajo q\u00eb ndodhi nuk \u00ebsht\u00eb thjesht \u00e7\u00ebshtje personale, por model q\u00eb po zgjerohet! Frika?","author":"Kurt Farka","date":"March 31, 2026","format":false,"excerpt":"31 Mars 2026 Ish-ministrja e Jashtme,\u00a0nj\u00ebher\u00ebsh deputetja e PS, Elisa Spiropali\u00a0ka reaguar p\u00ebr her\u00eb t\u00eb par\u00eb pas p\u00ebrplasjes q\u00eb ndodhi me kryeministrin Edi Rama gjat\u00eb mbledhjes s\u00eb me dyer t\u00eb mbyllura t\u00eb Grupit Parlamentar t\u00eb PS. Gjat\u00eb k\u00ebsaj mbledhje me tone t\u00eb larta, Rama i \u00ebsht\u00eb drejtuar Spiropalit q\u00eb t\u00eb\u2026","rel":"","context":"In &quot;Blogu i Udh\u00ebtarit&quot;","block_context":{"text":"Blogu i Udh\u00ebtarit","link":"https:\/\/www.shqiperia.com\/blog\/category\/blogu-i-udhetarit\/"},"img":{"alt_text":"","src":"https:\/\/i0.wp.com\/www.shqiperia.com\/blog\/wp-content\/uploads\/2026\/03\/rama-spiropali.jpg?fit=634%2C364&ssl=1&resize=350%2C200","width":350,"height":200,"srcset":"https:\/\/i0.wp.com\/www.shqiperia.com\/blog\/wp-content\/uploads\/2026\/03\/rama-spiropali.jpg?fit=634%2C364&ssl=1&resize=350%2C200 1x, https:\/\/i0.wp.com\/www.shqiperia.com\/blog\/wp-content\/uploads\/2026\/03\/rama-spiropali.jpg?fit=634%2C364&ssl=1&resize=525%2C300 1.5x"},"classes":[]},{"id":98179,"url":"https:\/\/www.shqiperia.com\/blog\/foli-nen-ze-se-belinda-po-krijon-kalaja-spiropali-kerkoi-distancimin-e-ps-nga-belinda\/","url_meta":{"origin":99686,"position":3},"title":"\u201cFoli n\u00ebn z\u00eb se Belinda po krijon\u2026\u201d\/ Kalaja: Spiropali k\u00ebrkoi distancimin e PS nga Belinda","author":"Kurt Farka","date":"March 6, 2026","format":false,"excerpt":"6 Mars 2026 Ish-kandidati i PD n\u00eb qarkun e Durr\u00ebsit, n\u00eb zgjedhjet e p\u00ebrgjithshme t\u00eb 11 majit, Aulon Kalaja, i ftuar n\u00eb nje studio televizive, deklaroi se arsyeja pse Elisa Spiropali u largua nga qeveria, \u00ebsht\u00eb nd\u00ebr t\u00eb tjera dhe q\u00ebndrimi i saj ndaj ish-zv\/kryeministres Belinda Balluku. Kalaja tha se\u2026","rel":"","context":"In &quot;Blogu i Udh\u00ebtarit&quot;","block_context":{"text":"Blogu i Udh\u00ebtarit","link":"https:\/\/www.shqiperia.com\/blog\/category\/blogu-i-udhetarit\/"},"img":{"alt_text":"","src":"https:\/\/i0.wp.com\/www.shqiperia.com\/blog\/wp-content\/uploads\/2026\/03\/aulon-kalaja.jpg?fit=900%2C506&ssl=1&resize=350%2C200","width":350,"height":200,"srcset":"https:\/\/i0.wp.com\/www.shqiperia.com\/blog\/wp-content\/uploads\/2026\/03\/aulon-kalaja.jpg?fit=900%2C506&ssl=1&resize=350%2C200 1x, https:\/\/i0.wp.com\/www.shqiperia.com\/blog\/wp-content\/uploads\/2026\/03\/aulon-kalaja.jpg?fit=900%2C506&ssl=1&resize=525%2C300 1.5x, https:\/\/i0.wp.com\/www.shqiperia.com\/blog\/wp-content\/uploads\/2026\/03\/aulon-kalaja.jpg?fit=900%2C506&ssl=1&resize=700%2C400 2x"},"classes":[]},{"id":43924,"url":"https:\/\/www.shqiperia.com\/blog\/dikur-lyente-duart-me-boje-kunder-fatos-nanos-sot-spiropali-me-ze-te-ngjirur-i-thur-lavde-nano-e-ben-gjumin-e-qete-e-njeh-mire-se-cilin-ka-perballe\/","url_meta":{"origin":99686,"position":4},"title":"Dikur lyente duart me boj\u00eb kund\u00ebr Fatos Nanos, sot Spiropali me z\u00eb t\u00eb ngjirur i thur lavde: Nano e b\u00ebn gjumin e qet\u00eb, e njeh mir\u00eb se cilin ka p\u00ebrball\u00eb","author":"Kurt Farka","date":"February 8, 2021","format":false,"excerpt":"Dikur lyente duart me boj\u00eb kund\u00ebr Fatos Nanos, sot Spiropali me z\u00eb t\u00eb ngjirur i thur lavde: Nano e b\u00ebn gjumin e qet\u00eb, e njeh mir\u00eb se cilin ka p\u00ebrball\u00eb 08.02.2021 nga\u00a0erjon dervishi. Gazeta Shekkulli P\u00ebr shum\u00ebkend Elisa Spriopali p\u00ebrfaq\u00ebson Partin\u00eb Socialiste n\u00eb Kuvendin e Shqip\u00ebris\u00eb. Por p\u00ebr disa t\u00eb\u2026","rel":"","context":"In &quot;Blogu i Udh\u00ebtarit&quot;","block_context":{"text":"Blogu i Udh\u00ebtarit","link":"https:\/\/www.shqiperia.com\/blog\/category\/blogu-i-udhetarit\/"},"img":{"alt_text":"","src":"https:\/\/i0.wp.com\/www.shqiperia.com\/blog\/wp-content\/uploads\/2021\/02\/elisa-spiropali-3-1536x1197-1.jpg?fit=1086%2C619&ssl=1&resize=350%2C200","width":350,"height":200,"srcset":"https:\/\/i0.wp.com\/www.shqiperia.com\/blog\/wp-content\/uploads\/2021\/02\/elisa-spiropali-3-1536x1197-1.jpg?fit=1086%2C619&ssl=1&resize=350%2C200 1x, https:\/\/i0.wp.com\/www.shqiperia.com\/blog\/wp-content\/uploads\/2021\/02\/elisa-spiropali-3-1536x1197-1.jpg?fit=1086%2C619&ssl=1&resize=525%2C300 1.5x, https:\/\/i0.wp.com\/www.shqiperia.com\/blog\/wp-content\/uploads\/2021\/02\/elisa-spiropali-3-1536x1197-1.jpg?fit=1086%2C619&ssl=1&resize=700%2C400 2x, https:\/\/i0.wp.com\/www.shqiperia.com\/blog\/wp-content\/uploads\/2021\/02\/elisa-spiropali-3-1536x1197-1.jpg?fit=1086%2C619&ssl=1&resize=1050%2C600 3x"},"classes":[]},{"id":98155,"url":"https:\/\/www.shqiperia.com\/blog\/rama-e-perzuri-spiropalin-pas-takimeve-ne-shtepine-e-bardhe-kellici-zbardh-prapaskenat-kryeministri-u-frikesua\/","url_meta":{"origin":99686,"position":5},"title":"\u201cRama e p\u00ebrzuri Spiropalin pas takimeve n\u00eb Sht\u00ebpin\u00eb e Bardh\u00eb\u201d, K\u00eblli\u00e7i zbardh prapaskenat: Kryeministri u frik\u00ebsua..","author":"Kurt Farka","date":"March 5, 2026","format":false,"excerpt":"5 Mars 2026 Deputeti demokrat Belind K\u00eblli\u00e7i zbardhi sot n\u00eb nj\u00eb emision televiziv tregon prapaskenat e shkarkimit t\u00eb Elisa Spiropalit nga kryeministri Edi Rama. I kthyer n\u00eb Kuvend pas pezullimit p\u00ebr mbi 2 muaj, vendim i marr\u00eb nga maxhoranca, K\u00eblli\u00e7i tha se gjeti nj\u00eb situat\u00eb t\u00eb tensionuar brenda maxhoran c\u00ebs.\u2026","rel":"","context":"In &quot;Blogu i Udh\u00ebtarit&quot;","block_context":{"text":"Blogu i Udh\u00ebtarit","link":"https:\/\/www.shqiperia.com\/blog\/category\/blogu-i-udhetarit\/"},"img":{"alt_text":"","src":"https:\/\/i0.wp.com\/www.shqiperia.com\/blog\/wp-content\/uploads\/2026\/03\/640-0-2d503d149071e6139289845c1d0fdf60.jpg?fit=640%2C336&ssl=1&resize=350%2C200","width":350,"height":200,"srcset":"https:\/\/i0.wp.com\/www.shqiperia.com\/blog\/wp-content\/uploads\/2026\/03\/640-0-2d503d149071e6139289845c1d0fdf60.jpg?fit=640%2C336&ssl=1&resize=350%2C200 1x, https:\/\/i0.wp.com\/www.shqiperia.com\/blog\/wp-content\/uploads\/2026\/03\/640-0-2d503d149071e6139289845c1d0fdf60.jpg?fit=640%2C336&ssl=1&resize=525%2C300 1.5x"},"classes":[]}],"_links":{"self":[{"href":"https:\/\/www.shqiperia.com\/blog\/wp-json\/wp\/v2\/posts\/99686","targetHints":{"allow":["GET"]}}],"collection":[{"href":"https:\/\/www.shqiperia.com\/blog\/wp-json\/wp\/v2\/posts"}],"about":[{"href":"https:\/\/www.shqiperia.com\/blog\/wp-json\/wp\/v2\/types\/post"}],"author":[{"embeddable":true,"href":"https:\/\/www.shqiperia.com\/blog\/wp-json\/wp\/v2\/users\/9"}],"replies":[{"embeddable":true,"href":"https:\/\/www.shqiperia.com\/blog\/wp-json\/wp\/v2\/comments?post=99686"}],"version-history":[{"count":1,"href":"https:\/\/www.shqiperia.com\/blog\/wp-json\/wp\/v2\/posts\/99686\/revisions"}],"predecessor-version":[{"id":99688,"href":"https:\/\/www.shqiperia.com\/blog\/wp-json\/wp\/v2\/posts\/99686\/revisions\/99688"}],"wp:featuredmedia":[{"embeddable":true,"href":"https:\/\/www.shqiperia.com\/blog\/wp-json\/wp\/v2\/media\/99687"}],"wp:attachment":[{"href":"https:\/\/www.shqiperia.com\/blog\/wp-json\/wp\/v2\/media?parent=99686"}],"wp:term":[{"taxonomy":"category","embeddable":true,"href":"https:\/\/www.shqiperia.com\/blog\/wp-json\/wp\/v2\/categories?post=99686"},{"taxonomy":"post_tag","embeddable":true,"href":"https:\/\/www.shqiperia.com\/blog\/wp-json\/wp\/v2\/tags?post=99686"}],"curies":[{"name":"wp","href":"https:\/\/api.w.org\/{rel}","templated":true}]}}