{"id":99683,"date":"2026-04-28T22:23:19","date_gmt":"2026-04-28T22:23:19","guid":{"rendered":"https:\/\/www.shqiperia.com\/blog\/?p=99683"},"modified":"2026-04-28T22:23:19","modified_gmt":"2026-04-28T22:23:19","slug":"po-barazohen-me-ndrangheten-komisioni-antimafia-ne-itali-raport-per-mafien-shqiptare-po-behet-gjithnje-e-me-e-pranishme-ne-vend","status":"publish","type":"post","link":"https:\/\/www.shqiperia.com\/blog\/po-barazohen-me-ndrangheten-komisioni-antimafia-ne-itali-raport-per-mafien-shqiptare-po-behet-gjithnje-e-me-e-pranishme-ne-vend\/","title":{"rendered":"\u201cPo barazohen me Ndranghet\u00ebn\u201d\/ Komisioni Antimafia n\u00eb Itali raport p\u00ebr mafien shqiptare: &#8211; Po b\u00ebhet gjithnj\u00eb e m\u00eb e pranishme n\u00eb vend"},"content":{"rendered":"<p><img data-recalc-dims=\"1\" loading=\"lazy\" decoding=\"async\" data-attachment-id=\"99684\" data-permalink=\"https:\/\/www.shqiperia.com\/blog\/po-barazohen-me-ndrangheten-komisioni-antimafia-ne-itali-raport-per-mafien-shqiptare-po-behet-gjithnje-e-me-e-pranishme-ne-vend\/mafia-itali_sd\/\" data-orig-file=\"https:\/\/i0.wp.com\/www.shqiperia.com\/blog\/wp-content\/uploads\/2026\/04\/mafia-itali_sd.webp?fit=1280%2C720&amp;ssl=1\" data-orig-size=\"1280,720\" data-comments-opened=\"1\" data-image-meta=\"{&quot;aperture&quot;:&quot;0&quot;,&quot;credit&quot;:&quot;&quot;,&quot;camera&quot;:&quot;&quot;,&quot;caption&quot;:&quot;&quot;,&quot;created_timestamp&quot;:&quot;0&quot;,&quot;copyright&quot;:&quot;&quot;,&quot;focal_length&quot;:&quot;0&quot;,&quot;iso&quot;:&quot;0&quot;,&quot;shutter_speed&quot;:&quot;0&quot;,&quot;title&quot;:&quot;&quot;,&quot;orientation&quot;:&quot;0&quot;}\" data-image-title=\"mafia-itali_sd\" data-image-description=\"\" data-image-caption=\"\" data-medium-file=\"https:\/\/i0.wp.com\/www.shqiperia.com\/blog\/wp-content\/uploads\/2026\/04\/mafia-itali_sd.webp?fit=300%2C169&amp;ssl=1\" data-large-file=\"https:\/\/i0.wp.com\/www.shqiperia.com\/blog\/wp-content\/uploads\/2026\/04\/mafia-itali_sd.webp?fit=1024%2C576&amp;ssl=1\" class=\"alignnone  wp-image-99684\" alt=\"\" src=\"https:\/\/i0.wp.com\/www.shqiperia.com\/blog\/wp-content\/uploads\/2026\/04\/mafia-itali_sd.webp?resize=705%2C397&#038;ssl=1\" width=\"705\" height=\"397\" srcset=\"https:\/\/i0.wp.com\/www.shqiperia.com\/blog\/wp-content\/uploads\/2026\/04\/mafia-itali_sd.webp?resize=300%2C169&amp;ssl=1 300w, https:\/\/i0.wp.com\/www.shqiperia.com\/blog\/wp-content\/uploads\/2026\/04\/mafia-itali_sd.webp?resize=1024%2C576&amp;ssl=1 1024w, https:\/\/i0.wp.com\/www.shqiperia.com\/blog\/wp-content\/uploads\/2026\/04\/mafia-itali_sd.webp?resize=768%2C432&amp;ssl=1 768w, https:\/\/i0.wp.com\/www.shqiperia.com\/blog\/wp-content\/uploads\/2026\/04\/mafia-itali_sd.webp?resize=450%2C253&amp;ssl=1 450w, https:\/\/i0.wp.com\/www.shqiperia.com\/blog\/wp-content\/uploads\/2026\/04\/mafia-itali_sd.webp?resize=600%2C338&amp;ssl=1 600w, https:\/\/i0.wp.com\/www.shqiperia.com\/blog\/wp-content\/uploads\/2026\/04\/mafia-itali_sd.webp?resize=400%2C225&amp;ssl=1 400w, https:\/\/i0.wp.com\/www.shqiperia.com\/blog\/wp-content\/uploads\/2026\/04\/mafia-itali_sd.webp?w=1280&amp;ssl=1 1280w\" sizes=\"auto, (max-width: 705px) 100vw, 705px\" \/><\/p>\n<p><strong>30 Prill 2026<\/strong><\/p>\n<p><strong>Nga: Top Channel<\/strong><\/p>\n<div class=\"firstP\">\n<p>\u201cHyrja e \u2018Ndrangheta dhe mbi t\u00eb gjitha, rritja e mafies shqiptare\u201d.<\/p>\n<\/div>\n<p>Kjo \u00ebsht\u00eb ajo q\u00eb ka dal nga raporti i Komisionit t\u00eb VI Rajonal Antimafia, i kryesuar nga Andrea Orlando, i paraqitur sot n\u00eb sall\u00eb gjat\u00eb k\u00ebshillit rajonal t\u00eb Ligurias n\u00eb Itali.<\/p>\n<p><em>\u201cN\u00eb vendin ton\u00eb ka nj\u00eb prani t\u00eb<\/em><span>\u00a0<\/span>organizatave<em><span>\u00a0<\/span>kryesore kriminale, me \u2018Ndranghet\u00ebn\u2019 q\u00eb mban nj\u00eb kontroll shum\u00eb t\u00eb fort\u00eb, dhe pastaj ka disa zhvillime t\u00eb reja, si\u00e7 \u00ebsht\u00eb roli dhe autonomia n\u00eb rritje e mafies shqiptare, e cila po b\u00ebhet nj\u00eb prani gjithnj\u00eb e m\u00eb e r\u00ebnd\u00ebsishme dhe e vazhdueshme\u201d,<\/em><span>\u00a0<\/span>tha Orlando si\u00e7 raporton<a href=\"https:\/\/www.ansa.it\/liguria\/notizie\/2026\/04\/28\/mafie-in-liguria-emergono-ndrangheta-e-mafia-albanese_809d3046-fe6e-4db8-ab34-f3966a4d4b06.html\"><span>\u00a0<\/span>ANSA.<\/a><\/p>\n<p><em>\u201cAktiviteti i kryer, \u00ebsht\u00eb ajo q\u00eb dim\u00eb nga procedurat gjyq\u00ebsore, ve\u00e7an\u00ebrisht n\u00eb lidhje me p\u00ebrdorimin e porteve p\u00ebr trafikimin e drog\u00ebs, dhe ana tjet\u00ebr e medaljes \u00ebsht\u00eb p\u00ebrdorimi i disa prej k\u00ebtyre burimeve p\u00ebr t\u00eb infiltruar para n\u00eb ekonomin\u00eb e ligjshme.<\/em><\/p>\n<p><em>Ne kemi nd\u00ebrtuar nj\u00eb pamje p\u00ebrmes nj\u00eb sistemi seancash shum\u00eb t\u00eb thelluara, t\u00eb cilat besoj se sot na kan\u00eb siguruar k\u00ebt\u00eb raport, i cili q\u00eb tani e tutje do t\u00eb sh\u00ebrbej\u00eb si pik\u00eb referimi p\u00ebr monitorimin e evolucionit t\u00eb k\u00ebtij fenomeni\u201d,<\/em><span>\u00a0<\/span>tha Andrea Orlando.<\/p>\n<p>Sipas raportit, nd\u00ebr sekuestrimet m\u00eb t\u00eb r\u00ebnd\u00ebsishme n\u00eb periudh\u00ebn 2022-2024: 445 kg kokain\u00eb n\u00eb Xhenova (7 shkurt 2022), 412 kg n\u00eb La Spezia (janar 2022), 968 kg n\u00eb Vado Ligure (17 janar 2023) dhe 116 kg n\u00eb Vado Ligure (mars 2024).<\/p>\n<p>Sipas raportit, Liguria p\u00ebrb\u00ebn 18.2% t\u00eb totalit t\u00eb sekuestrimeve n\u00eb t\u00eb gjith\u00eb vendin, shifra m\u00eb e lart\u00eb n\u00eb Italin\u00eb Veriore. Edhe n\u00eb lidhje me logjistik\u00ebn e trafikimit t\u00eb drog\u00ebs, u theksua se krimi i organizuar q\u00eb vepron n\u00eb Liguria nuk \u00ebsht\u00eb ekskluzivisht italian.<\/p>\n<p>Krahas rolit ende qendror t\u00eb \u2018Ndranghet\u00ebs, raporti thekson \u201cnj\u00eb bashk\u00ebpunim tani t\u00eb barabart\u00eb me krimin e organizuar shqiptar, i cili ka braktisur progresivisht rolet e thjeshta t\u00eb pun\u00ebs p\u00ebr t\u2019u specializuar n\u00eb sh\u00ebrbimet logjistike, duke trajtuar rikuperimin, ruajtjen dhe shp\u00ebrndarjen e narkotik\u00ebve dhe i cili, n\u00eb t\u00eb nj\u00ebjt\u00ebn koh\u00eb, ka demonstruar autonomi operacionale n\u00eb rritje\u201d.<\/p>\n","protected":false},"excerpt":{"rendered":"<p>30 Prill 2026 Nga: Top Channel \u201cHyrja e \u2018Ndrangheta dhe mbi t\u00eb gjitha, rritja e mafies shqiptare\u201d. Kjo \u00ebsht\u00eb ajo q\u00eb ka dal nga raporti i Komisionit t\u00eb VI Rajonal Antimafia, i kryesuar nga Andrea Orlando, i paraqitur sot n\u00eb sall\u00eb gjat\u00eb k\u00ebshillit rajonal t\u00eb Ligurias n\u00eb Itali. \u201cN\u00eb vendin ton\u00eb ka nj\u00eb prani t\u00eb\u00a0organizatave\u00a0kryesore [&hellip;]<\/p>\n","protected":false},"author":9,"featured_media":99684,"comment_status":"open","ping_status":"open","sticky":false,"template":"","format":"standard","meta":{"jetpack_post_was_ever_published":false,"_jetpack_newsletter_access":"","_jetpack_dont_email_post_to_subs":false,"_jetpack_newsletter_tier_id":0,"_jetpack_memberships_contains_paywalled_content":false,"_jetpack_memberships_contains_paid_content":false,"footnotes":"","jetpack_publicize_message":"","jetpack_publicize_feature_enabled":true,"jetpack_social_post_already_shared":true,"jetpack_social_options":{"image_generator_settings":{"template":"highway","default_image_id":0,"font":"","enabled":false},"version":2}},"categories":[27,1,2],"tags":[],"class_list":["post-99683","post","type-post","status-publish","format-standard","has-post-thumbnail","hentry","category-blogu-i-udhetarit","category-njoftime-shtypi","category-politika"],"jetpack_publicize_connections":[],"jetpack_featured_media_url":"https:\/\/i0.wp.com\/www.shqiperia.com\/blog\/wp-content\/uploads\/2026\/04\/mafia-itali_sd.webp?fit=1280%2C720&ssl=1","jetpack_sharing_enabled":true,"jetpack_shortlink":"https:\/\/wp.me\/p5Z6wp-pVN","jetpack-related-posts":[{"id":43254,"url":"https:\/\/www.shqiperia.com\/blog\/pergjimet-dhe-arrestimet-italiane-tregojne-fakte-tronditese-te-zbarkimit-te-mafies-italiane-ne-tirane\/","url_meta":{"origin":99683,"position":0},"title":"P\u00ebrgjimet dhe arrestimet italiane tregojn\u00eb fakte trondit\u00ebse t\u00eb zbarkimit t\u00eb mafies italiane n\u00eb Tiran\u00eb","author":"Kurt Farka","date":"January 23, 2021","format":false,"excerpt":"P\u00ebrgjimet dhe arrestimet italiane tregojn\u00eb fakte trondit\u00ebse t\u00eb zbarkimit t\u00eb mafies italiane n\u00eb Tiran\u00eb 23\/01\/2021 Nga Mili Xhani Prokuroria Italiane ka arrestuar 50 an\u00ebtar\u00eb t\u00eb nj\u00eb grupi mafioz, aktivitetet e t\u00eb cilit p\u00ebrfshijn\u00eb dhe Shqip\u00ebrin\u00eb. Hetimet n\u00eb vendin fqinj lidhen me nj\u00eb deg\u00eb t\u00eb mafies italiane, q\u00eb vler\u00ebsohet dhe m\u00eb\u2026","rel":"","context":"In &quot;Blogu i Udh\u00ebtarit&quot;","block_context":{"text":"Blogu i Udh\u00ebtarit","link":"https:\/\/www.shqiperia.com\/blog\/category\/blogu-i-udhetarit\/"},"img":{"alt_text":"","src":"https:\/\/i0.wp.com\/www.shqiperia.com\/blog\/wp-content\/uploads\/2021\/01\/mafia-shqiptare-727x375-2.jpg?fit=727%2C375&ssl=1&resize=350%2C200","width":350,"height":200,"srcset":"https:\/\/i0.wp.com\/www.shqiperia.com\/blog\/wp-content\/uploads\/2021\/01\/mafia-shqiptare-727x375-2.jpg?fit=727%2C375&ssl=1&resize=350%2C200 1x, https:\/\/i0.wp.com\/www.shqiperia.com\/blog\/wp-content\/uploads\/2021\/01\/mafia-shqiptare-727x375-2.jpg?fit=727%2C375&ssl=1&resize=525%2C300 1.5x, https:\/\/i0.wp.com\/www.shqiperia.com\/blog\/wp-content\/uploads\/2021\/01\/mafia-shqiptare-727x375-2.jpg?fit=727%2C375&ssl=1&resize=700%2C400 2x"},"classes":[]},{"id":43711,"url":"https:\/\/www.shqiperia.com\/blog\/media-italiane-tentakulat-e-mafies-shqiptare-mbi-italine-dhe-paktet-me-politiken-ne-tirane\/","url_meta":{"origin":99683,"position":1},"title":"Media italiane: &#8211; Tentakulat e mafies shqiptare mbi Italin\u00eb dhe paktet me politik\u00ebn n\u00eb Tiran\u00eb","author":"Kurt Farka","date":"February 3, 2021","format":false,"excerpt":"Media italiane: - Tentakulat e mafies shqiptare mbi Italin\u00eb dhe paktet me politik\u00ebn n\u00eb Tiran\u00eb 01\/02\/2021 Nga Pietro Mecarozzi (Il Fatto Quotidiano) E heshtur dhe vdekjeprur\u00ebse. E organizuar me nj\u00eb struktur\u00eb piramidale dhe bashk\u00ebsi familjesh me lidhje gjaku. N\u00eb vendin e par\u00eb midis organizatave kriminale t\u00eb huaja t\u00eb pranishme n\u00eb\u2026","rel":"","context":"In &quot;Blogu i Udh\u00ebtarit&quot;","block_context":{"text":"Blogu i Udh\u00ebtarit","link":"https:\/\/www.shqiperia.com\/blog\/category\/blogu-i-udhetarit\/"},"img":{"alt_text":"","src":"https:\/\/i0.wp.com\/www.shqiperia.com\/blog\/wp-content\/uploads\/2021\/02\/Il-fatto-Copy.jpeg?fit=1055%2C520&ssl=1&resize=350%2C200","width":350,"height":200,"srcset":"https:\/\/i0.wp.com\/www.shqiperia.com\/blog\/wp-content\/uploads\/2021\/02\/Il-fatto-Copy.jpeg?fit=1055%2C520&ssl=1&resize=350%2C200 1x, https:\/\/i0.wp.com\/www.shqiperia.com\/blog\/wp-content\/uploads\/2021\/02\/Il-fatto-Copy.jpeg?fit=1055%2C520&ssl=1&resize=525%2C300 1.5x, https:\/\/i0.wp.com\/www.shqiperia.com\/blog\/wp-content\/uploads\/2021\/02\/Il-fatto-Copy.jpeg?fit=1055%2C520&ssl=1&resize=700%2C400 2x, https:\/\/i0.wp.com\/www.shqiperia.com\/blog\/wp-content\/uploads\/2021\/02\/Il-fatto-Copy.jpeg?fit=1055%2C520&ssl=1&resize=1050%2C600 3x"},"classes":[]},{"id":33591,"url":"https:\/\/www.shqiperia.com\/blog\/mafia-eshte-gati-te-perdore-koronavirusin-cnn-nxjerr-prapaskenat-e-renda-dhe-del-me-paralajmerimin-shqetesues-shfrytezimi-i-nevojes-per-para-si-po-marrin-ne-dore-bizneset-dhe-ekonomine\/","url_meta":{"origin":99683,"position":2},"title":"Mafia \u00ebsht\u00eb gati t\u00eb perdore koronavirusin, CNN nxjerr prapaskenat e r\u00ebnda dhe del me paralajm\u00ebrimin shqet\u00ebsues: Shfryt\u00ebzimi i nevoj\u00ebs p\u00ebr para, si po marrin n\u00eb dor\u00eb bizneset dhe ekonomin\u00eb!","author":"Kurt Farka","date":"April 21, 2020","format":false,"excerpt":"Mafia \u00ebsht\u00eb gati t\u00eb perdore koronavirusin, CNN nxjerr prapaskenat e r\u00ebnda dhe del me paralajm\u00ebrimin shqet\u00ebsues: Shfryt\u00ebzimi i nevoj\u00ebs p\u00ebr para, si po marrin n\u00eb dor\u00eb bizneset dhe ekonomin\u00eb! 19 PRILL 2020 N\u00eb fillim t\u00eb k\u00ebtij muaji, pati nj\u00eb procesion funerali n\u00eb qytetin Sicilian t\u00eb Messinas, n\u00eb kund\u00ebrshtim me nj\u00eb\u2026","rel":"","context":"In &quot;Blogu i Udh\u00ebtarit&quot;","block_context":{"text":"Blogu i Udh\u00ebtarit","link":"https:\/\/www.shqiperia.com\/blog\/category\/blogu-i-udhetarit\/"},"img":{"alt_text":"","src":"https:\/\/i0.wp.com\/www.shqiperia.com\/blog\/wp-content\/uploads\/2020\/04\/800-0-5e9c4502642db.jpg?fit=800%2C449&ssl=1&resize=350%2C200","width":350,"height":200,"srcset":"https:\/\/i0.wp.com\/www.shqiperia.com\/blog\/wp-content\/uploads\/2020\/04\/800-0-5e9c4502642db.jpg?fit=800%2C449&ssl=1&resize=350%2C200 1x, https:\/\/i0.wp.com\/www.shqiperia.com\/blog\/wp-content\/uploads\/2020\/04\/800-0-5e9c4502642db.jpg?fit=800%2C449&ssl=1&resize=525%2C300 1.5x, https:\/\/i0.wp.com\/www.shqiperia.com\/blog\/wp-content\/uploads\/2020\/04\/800-0-5e9c4502642db.jpg?fit=800%2C449&ssl=1&resize=700%2C400 2x"},"classes":[]},{"id":80369,"url":"https:\/\/www.shqiperia.com\/blog\/rai-akuzon-sekretarin-e-rames-avokat-i-trafikanteve-te-droges-korruptoi-konsulentin-e-kreut-te-interpolit\/","url_meta":{"origin":99683,"position":3},"title":"RAI akuzon sekretarin e Ram\u00ebs: &#8211; Avokat i trafikant\u00ebve t\u00eb drog\u00ebs, korruptoi konsulentin e kreut t\u00eb Interpolit","author":"Kurt Farka","date":"April 22, 2024","format":false,"excerpt":"22 Prill 2024 Nga Gazeta Dita Emisioni investigativ Report n\u00eb Rai Tre n\u00eb Itali ka trajtuar marr\u00ebveshjen mes Italis\u00eb dhe Shqip\u00ebris\u00eb p\u00ebr emigrant\u00ebt, ku nd\u00ebr t\u00eb tjera thot\u00eb se njeriu ky\u00e7 i paktit \u00ebsht\u00eb \u00cbngj\u00ebll Aga\u00e7i, Sekretari i P\u00ebrgjithsh\u00ebm i K\u00ebshillit t\u00eb Ministrave, por e quan at\u00eb ish avokat t\u00eb\u2026","rel":"","context":"In &quot;Blogu i Udh\u00ebtarit&quot;","block_context":{"text":"Blogu i Udh\u00ebtarit","link":"https:\/\/www.shqiperia.com\/blog\/category\/blogu-i-udhetarit\/"},"img":{"alt_text":"","src":"https:\/\/i0.wp.com\/www.shqiperia.com\/blog\/wp-content\/uploads\/2024\/04\/640-0-1713764719x640-0-1713709922xagaci-emigrantet-870-299-jpg.jpg?fit=637%2C375&ssl=1&resize=350%2C200","width":350,"height":200,"srcset":"https:\/\/i0.wp.com\/www.shqiperia.com\/blog\/wp-content\/uploads\/2024\/04\/640-0-1713764719x640-0-1713709922xagaci-emigrantet-870-299-jpg.jpg?fit=637%2C375&ssl=1&resize=350%2C200 1x, https:\/\/i0.wp.com\/www.shqiperia.com\/blog\/wp-content\/uploads\/2024\/04\/640-0-1713764719x640-0-1713709922xagaci-emigrantet-870-299-jpg.jpg?fit=637%2C375&ssl=1&resize=525%2C300 1.5x"},"classes":[]},{"id":57596,"url":"https:\/\/www.shqiperia.com\/blog\/ekskluzive-qeveria-shqiptare-lehtesonte-trafikun-e-droges-deshmia-e-te-penduarit-te-mafies-italiane-dosja\/","url_meta":{"origin":99683,"position":4},"title":"EKSKLUZIVE: &#8211; &#8220;Qeveria shqiptare leht\u00ebsonte trafikun e drog\u00ebs&#8221;, d\u00ebshmia e t\u00eb penduarit t\u00eb mafies italiane (Dosja)","author":"Kurt Farka","date":"May 5, 2022","format":false,"excerpt":"EKSKLUZIVE: - \"Qeveria shqiptare leht\u00ebsonte trafikun e drog\u00ebs\", d\u00ebshmia e t\u00eb penduarit t\u00eb mafies italiane (Dosja) 5 MAJ 2022 Dit\u00ebn e djeshme mediat italiane b\u00ebn\u00eb publik nj\u00eb artikull q\u00eb zbardhte detaje nga bashk\u00ebpunimi i italian\u00ebve dhe shqiptar\u00ebve n\u00eb trafikun e drog\u00ebs. Ishte pik\u00ebrisht nj\u00eb trafikant i penduar, q\u00eb vendosi t\u00eb\u2026","rel":"","context":"In &quot;Blogu i Udh\u00ebtarit&quot;","block_context":{"text":"Blogu i Udh\u00ebtarit","link":"https:\/\/www.shqiperia.com\/blog\/category\/blogu-i-udhetarit\/"},"img":{"alt_text":"","src":"https:\/\/i0.wp.com\/www.shqiperia.com\/blog\/wp-content\/uploads\/2022\/05\/640-0-4b2eeea3215c3b1bd38a80765e9dec1d.jpg?fit=640%2C680&ssl=1&resize=350%2C200","width":350,"height":200,"srcset":"https:\/\/i0.wp.com\/www.shqiperia.com\/blog\/wp-content\/uploads\/2022\/05\/640-0-4b2eeea3215c3b1bd38a80765e9dec1d.jpg?fit=640%2C680&ssl=1&resize=350%2C200 1x, https:\/\/i0.wp.com\/www.shqiperia.com\/blog\/wp-content\/uploads\/2022\/05\/640-0-4b2eeea3215c3b1bd38a80765e9dec1d.jpg?fit=640%2C680&ssl=1&resize=525%2C300 1.5x"},"classes":[]},{"id":81579,"url":"https:\/\/www.shqiperia.com\/blog\/rama-kreu-i-mafies-gazetari-i-njohur-ben-deklaraten-e-forte-godina-e-kryeministrise-eshte-marre-me-qira-nga\/","url_meta":{"origin":99683,"position":5},"title":"&#8220;Rama kreu i mafies&#8221;, gazetari i njohur b\u00ebn deklarat\u00ebn e fort\u00eb: &#8211; Godina e Kryeministris\u00eb \u00ebsht\u00eb marr\u00eb me qira nga&#8230;","author":"Kurt Farka","date":"June 3, 2024","format":false,"excerpt":"3 Qershor 2024 Gazetari Basir \u00c7ollaku ka komentuar takimin e kryeministrit Edi Rama me Luftar Hys\u00ebn, t\u00eb akuzuar nga mediat meksikane dhe ato kanadeze si pastrues i parave t\u00eb kartelit t\u00eb Sinaloas. \u00c7ollaku theksoi se sipas deklaratave t\u00eb ish-z\u00ebvend\u00ebskryeministrit Ahmetaj, Rama i takon mafioz\u00ebt n\u00eb zyr\u00eb, ku b\u00ebn mbledhje me\u2026","rel":"","context":"In &quot;Blogu i Udh\u00ebtarit&quot;","block_context":{"text":"Blogu i Udh\u00ebtarit","link":"https:\/\/www.shqiperia.com\/blog\/category\/blogu-i-udhetarit\/"},"img":{"alt_text":"","src":"https:\/\/i0.wp.com\/www.shqiperia.com\/blog\/wp-content\/uploads\/2024\/06\/images.jpg?resize=350%2C200&ssl=1","width":350,"height":200,"srcset":"https:\/\/i0.wp.com\/www.shqiperia.com\/blog\/wp-content\/uploads\/2024\/06\/images.jpg?resize=350%2C200&ssl=1 1x, https:\/\/i0.wp.com\/www.shqiperia.com\/blog\/wp-content\/uploads\/2024\/06\/images.jpg?resize=525%2C300&ssl=1 1.5x, https:\/\/i0.wp.com\/www.shqiperia.com\/blog\/wp-content\/uploads\/2024\/06\/images.jpg?resize=700%2C400&ssl=1 2x"},"classes":[]}],"_links":{"self":[{"href":"https:\/\/www.shqiperia.com\/blog\/wp-json\/wp\/v2\/posts\/99683","targetHints":{"allow":["GET"]}}],"collection":[{"href":"https:\/\/www.shqiperia.com\/blog\/wp-json\/wp\/v2\/posts"}],"about":[{"href":"https:\/\/www.shqiperia.com\/blog\/wp-json\/wp\/v2\/types\/post"}],"author":[{"embeddable":true,"href":"https:\/\/www.shqiperia.com\/blog\/wp-json\/wp\/v2\/users\/9"}],"replies":[{"embeddable":true,"href":"https:\/\/www.shqiperia.com\/blog\/wp-json\/wp\/v2\/comments?post=99683"}],"version-history":[{"count":1,"href":"https:\/\/www.shqiperia.com\/blog\/wp-json\/wp\/v2\/posts\/99683\/revisions"}],"predecessor-version":[{"id":99685,"href":"https:\/\/www.shqiperia.com\/blog\/wp-json\/wp\/v2\/posts\/99683\/revisions\/99685"}],"wp:featuredmedia":[{"embeddable":true,"href":"https:\/\/www.shqiperia.com\/blog\/wp-json\/wp\/v2\/media\/99684"}],"wp:attachment":[{"href":"https:\/\/www.shqiperia.com\/blog\/wp-json\/wp\/v2\/media?parent=99683"}],"wp:term":[{"taxonomy":"category","embeddable":true,"href":"https:\/\/www.shqiperia.com\/blog\/wp-json\/wp\/v2\/categories?post=99683"},{"taxonomy":"post_tag","embeddable":true,"href":"https:\/\/www.shqiperia.com\/blog\/wp-json\/wp\/v2\/tags?post=99683"}],"curies":[{"name":"wp","href":"https:\/\/api.w.org\/{rel}","templated":true}]}}