{"id":99680,"date":"2026-04-28T22:20:22","date_gmt":"2026-04-28T22:20:22","guid":{"rendered":"https:\/\/www.shqiperia.com\/blog\/?p=99680"},"modified":"2026-04-28T22:20:22","modified_gmt":"2026-04-28T22:20:22","slug":"kosova-shkon-ne-zgjedhje-te-parakohshme","status":"publish","type":"post","link":"https:\/\/www.shqiperia.com\/blog\/kosova-shkon-ne-zgjedhje-te-parakohshme\/","title":{"rendered":"Kosova shkon n\u00eb zgjedhje t\u00eb parakohshme,"},"content":{"rendered":"<div class=\"firstP\">\n<p><img data-recalc-dims=\"1\" loading=\"lazy\" decoding=\"async\" data-attachment-id=\"99681\" data-permalink=\"https:\/\/www.shqiperia.com\/blog\/kosova-shkon-ne-zgjedhje-te-parakohshme\/whatsapp-image-2026-04-28-at-5-15-32-pm\/\" data-orig-file=\"https:\/\/i0.wp.com\/www.shqiperia.com\/blog\/wp-content\/uploads\/2026\/04\/WhatsApp-Image-2026-04-28-at-5.15.32-PM.jpeg?fit=1600%2C900&amp;ssl=1\" data-orig-size=\"1600,900\" data-comments-opened=\"1\" data-image-meta=\"{&quot;aperture&quot;:&quot;0&quot;,&quot;credit&quot;:&quot;&quot;,&quot;camera&quot;:&quot;&quot;,&quot;caption&quot;:&quot;&quot;,&quot;created_timestamp&quot;:&quot;0&quot;,&quot;copyright&quot;:&quot;&quot;,&quot;focal_length&quot;:&quot;0&quot;,&quot;iso&quot;:&quot;0&quot;,&quot;shutter_speed&quot;:&quot;0&quot;,&quot;title&quot;:&quot;&quot;,&quot;orientation&quot;:&quot;0&quot;}\" data-image-title=\"WhatsApp-Image-2026-04-28-at-5.15.32-PM\" data-image-description=\"\" data-image-caption=\"\" data-medium-file=\"https:\/\/i0.wp.com\/www.shqiperia.com\/blog\/wp-content\/uploads\/2026\/04\/WhatsApp-Image-2026-04-28-at-5.15.32-PM.jpeg?fit=300%2C169&amp;ssl=1\" data-large-file=\"https:\/\/i0.wp.com\/www.shqiperia.com\/blog\/wp-content\/uploads\/2026\/04\/WhatsApp-Image-2026-04-28-at-5.15.32-PM.jpeg?fit=1024%2C576&amp;ssl=1\" class=\"alignnone  wp-image-99681\" alt=\"\" src=\"https:\/\/i0.wp.com\/www.shqiperia.com\/blog\/wp-content\/uploads\/2026\/04\/WhatsApp-Image-2026-04-28-at-5.15.32-PM.jpeg?resize=620%2C349&#038;ssl=1\" width=\"620\" height=\"349\" srcset=\"https:\/\/i0.wp.com\/www.shqiperia.com\/blog\/wp-content\/uploads\/2026\/04\/WhatsApp-Image-2026-04-28-at-5.15.32-PM.jpeg?resize=300%2C169&amp;ssl=1 300w, https:\/\/i0.wp.com\/www.shqiperia.com\/blog\/wp-content\/uploads\/2026\/04\/WhatsApp-Image-2026-04-28-at-5.15.32-PM.jpeg?resize=1024%2C576&amp;ssl=1 1024w, https:\/\/i0.wp.com\/www.shqiperia.com\/blog\/wp-content\/uploads\/2026\/04\/WhatsApp-Image-2026-04-28-at-5.15.32-PM.jpeg?resize=768%2C432&amp;ssl=1 768w, https:\/\/i0.wp.com\/www.shqiperia.com\/blog\/wp-content\/uploads\/2026\/04\/WhatsApp-Image-2026-04-28-at-5.15.32-PM.jpeg?resize=1536%2C864&amp;ssl=1 1536w, https:\/\/i0.wp.com\/www.shqiperia.com\/blog\/wp-content\/uploads\/2026\/04\/WhatsApp-Image-2026-04-28-at-5.15.32-PM.jpeg?resize=450%2C253&amp;ssl=1 450w, https:\/\/i0.wp.com\/www.shqiperia.com\/blog\/wp-content\/uploads\/2026\/04\/WhatsApp-Image-2026-04-28-at-5.15.32-PM.jpeg?resize=600%2C338&amp;ssl=1 600w, https:\/\/i0.wp.com\/www.shqiperia.com\/blog\/wp-content\/uploads\/2026\/04\/WhatsApp-Image-2026-04-28-at-5.15.32-PM.jpeg?resize=1500%2C844&amp;ssl=1 1500w, https:\/\/i0.wp.com\/www.shqiperia.com\/blog\/wp-content\/uploads\/2026\/04\/WhatsApp-Image-2026-04-28-at-5.15.32-PM.jpeg?resize=1300%2C731&amp;ssl=1 1300w, https:\/\/i0.wp.com\/www.shqiperia.com\/blog\/wp-content\/uploads\/2026\/04\/WhatsApp-Image-2026-04-28-at-5.15.32-PM.jpeg?resize=400%2C225&amp;ssl=1 400w, https:\/\/i0.wp.com\/www.shqiperia.com\/blog\/wp-content\/uploads\/2026\/04\/WhatsApp-Image-2026-04-28-at-5.15.32-PM.jpeg?w=1600&amp;ssl=1 1600w\" sizes=\"auto, (max-width: 620px) 100vw, 620px\" \/><\/p>\n<p>30 Prill 2026<\/p>\n<p>Kuvendi i Kosov\u00ebs d\u00ebshtoi mbr\u00ebmjen e sotme (e mart\u00eb) t\u00eb zgjedh\u00eb Presidentin e ri t\u00eb vendit, megjith\u00ebse Gjykata Kushtetuese i dha 34 dit\u00eb koh\u00eb, duke \u00e7uar vendin s\u00ebrish n\u00eb zgjedhje t\u00eb parakohshme.<\/p>\n<\/div>\n<p>N\u00eb minutat e fundit t\u00eb k\u00ebtij afati, kryeministri i Kosov\u00ebs, Albin Kurti ka hedhur akuza t\u00eb r\u00ebnda ndaj opozit\u00ebs.<\/p>\n<p>\u201cKosova mund t\u00eb ket\u00eb presidente t\u00eb re, por p\u00ebr t\u00eb pasur presidente t\u00eb re duhet t\u00eb ket\u00eb opozit\u00eb t\u00eb re. Opozita \u00ebsht\u00eb e vjet\u00ebr, kjo opozit\u00eb mundet me sjell\u00eb ndonj\u00eb fytyr\u00eb t\u00eb re por zanatin e karakterin e ka t\u00eb vjet\u00ebr. Prandaj jan\u00eb edhe n\u00eb r\u00ebnie t\u00eb lir\u00eb\u201d, tha Kurti n\u00eb Kuvend.<\/p>\n<p>\u201cJan\u00eb duke r\u00ebn\u00eb vazhdimisht, sa m\u00eb shum\u00eb q\u00eb b\u00ebhen zgjedhje aq m\u00eb posht\u00eb po shkojn\u00eb dhe asnj\u00eb m\u00ebsim nuk po e nxjerrin..\u201d, tha ai.<\/p>\n<p>K\u00ebshtu, pas p\u00ebrfundimit t\u00eb afatit kushtetues vendi shkon n\u00eb zgjedhje t\u00eb jasht\u00ebzakonshme parlamentare, pasi Kuvendi i Kosov\u00ebs shp\u00ebrndahet automatikisht sipas aktgjykimit t\u00eb Gjykat\u00ebs Kushtetuese.<\/p>\n<p>Kjo n\u00ebnkupton q\u00eb zgjedhjet e reja duhet t\u00eb mbahen brenda afatit prej 45 dit\u00ebsh.<\/p>\n<p>N\u00eb or\u00ebn 23:00 Kuvendi u mblodh p\u00ebr t\u00eb kat\u00ebrt\u00ebn her\u00eb brenda dit\u00ebs. Kryetarja e Kuvendit, Albuena Haxhiu, teksa njoftoi vazhdimin e pun\u00ebs s\u00eb seanc\u00ebs p\u00ebr zgjedhjen e kreut t\u00eb Shtetit, ajo tha se \u201cpo presin n\u00ebse deputet\u00ebt po kthehen\u201d.<\/p>\n<p>Ajo akuzoi opozit\u00ebn se mungon \u201cvullneti\u201d p\u00ebr zgjedhjen e Presidentit.<\/p>\n<p>\u201cP\u00ebrkund\u00ebr thirrjes q\u00eb deputet\u00ebt t\u00eb jen\u00eb t\u00eb pranish\u00ebm n\u00eb seanc\u00eb, si\u00e7 po e shihni opozita, deputet\u00ebt e PDK, LDK, AAK, Lista Serbe, Duda Balje\u2026, nuk jan\u00eb t\u00eb pranishme as n\u00eb p\u00ebrpjekjen e fundit p\u00ebr ta zgjedh\u00eb presidentin e vendit\u2026Po presim n\u00ebse deputet\u00ebt po kthehen\u201d, tha Haxhiu.<\/p>\n<div class=\"adGroupWrapper\">\n<div class=\"adGroupWrapperInner\" data-max-slots=\"2\">\n<div class=\"oneAdBlock\">\n<div class=\"abd\" id=\"div-gpt-ad-1508427039785-4\" data-google-query-id=\"CLqXgtLJkZQDFa0-VQgdkUsS-g\">\n<div id=\"google_ads_iframe_\/52408802\/TOPCHHOME4_0__container__\"><\/div>\n<\/div>\n<\/div>\n<div class=\"oneAdBlock\">\n<div class=\"abd\" id=\"div-gpt-ad-1508427039785-5\" data-google-query-id=\"CLuXgtLJkZQDFa0-VQgdkUsS-g\"><\/div>\n<\/div>\n<\/div>\n<\/div>\n","protected":false},"excerpt":{"rendered":"<p>30 Prill 2026 Kuvendi i Kosov\u00ebs d\u00ebshtoi mbr\u00ebmjen e sotme (e mart\u00eb) t\u00eb zgjedh\u00eb Presidentin e ri t\u00eb vendit, megjith\u00ebse Gjykata Kushtetuese i dha 34 dit\u00eb koh\u00eb, duke \u00e7uar vendin s\u00ebrish n\u00eb zgjedhje t\u00eb parakohshme. N\u00eb minutat e fundit t\u00eb k\u00ebtij afati, kryeministri i Kosov\u00ebs, Albin Kurti ka hedhur akuza t\u00eb r\u00ebnda ndaj opozit\u00ebs. \u201cKosova [&hellip;]<\/p>\n","protected":false},"author":9,"featured_media":99681,"comment_status":"open","ping_status":"open","sticky":false,"template":"","format":"standard","meta":{"jetpack_post_was_ever_published":false,"_jetpack_newsletter_access":"","_jetpack_dont_email_post_to_subs":false,"_jetpack_newsletter_tier_id":0,"_jetpack_memberships_contains_paywalled_content":false,"_jetpack_memberships_contains_paid_content":false,"footnotes":"","jetpack_publicize_message":"","jetpack_publicize_feature_enabled":true,"jetpack_social_post_already_shared":true,"jetpack_social_options":{"image_generator_settings":{"template":"highway","default_image_id":0,"font":"","enabled":false},"version":2}},"categories":[1,2],"tags":[],"class_list":["post-99680","post","type-post","status-publish","format-standard","has-post-thumbnail","hentry","category-njoftime-shtypi","category-politika"],"jetpack_publicize_connections":[],"jetpack_featured_media_url":"https:\/\/i0.wp.com\/www.shqiperia.com\/blog\/wp-content\/uploads\/2026\/04\/WhatsApp-Image-2026-04-28-at-5.15.32-PM.jpeg?fit=1600%2C900&ssl=1","jetpack_sharing_enabled":true,"jetpack_shortlink":"https:\/\/wp.me\/p5Z6wp-pVK","jetpack-related-posts":[{"id":72597,"url":"https:\/\/www.shqiperia.com\/blog\/lajcak-pas-takimeve-ne-prishtine-e-beograd-vizita-ne-rajon-ndihmoi-ne-qartesimin-e-hapave-te-ardhshem\/","url_meta":{"origin":99680,"position":0},"title":"Laj\u00e7ak pas takimeve n\u00eb Prishtin\u00eb e Beograd: &#8211; Vizita n\u00eb rajon ndihmoi n\u00eb qart\u00ebsimin e hapave t\u00eb ardhsh\u00ebm","author":"Kurt Farka","date":"July 5, 2023","format":false,"excerpt":"5 Korrik 2023 I d\u00ebrguari evropian p\u00ebr bisedimet Kosov\u00eb \u2013 Serbi, Miroslav Laj\u00e7ak, tha t\u00eb m\u00ebrkur\u00ebn se vizita n\u00eb Prishtin\u00eb e Beograd i kan\u00eb ndihmuar n\u00eb qart\u00ebsimin e hapave t\u00eb ardhsh\u00ebm p\u00ebr shtensionimin e situat\u00ebs. Ai i b\u00ebri k\u00ebto komente n\u00eb rrjetet sociale pas takimit me presidentin e Serbis\u00eb, Aleksandar\u2026","rel":"","context":"In &quot;Blogu i Udh\u00ebtarit&quot;","block_context":{"text":"Blogu i Udh\u00ebtarit","link":"https:\/\/www.shqiperia.com\/blog\/category\/blogu-i-udhetarit\/"},"img":{"alt_text":"","src":"https:\/\/i0.wp.com\/www.shqiperia.com\/blog\/wp-content\/uploads\/2023\/07\/sjkdk.jpg?fit=1053%2C610&ssl=1&resize=350%2C200","width":350,"height":200,"srcset":"https:\/\/i0.wp.com\/www.shqiperia.com\/blog\/wp-content\/uploads\/2023\/07\/sjkdk.jpg?fit=1053%2C610&ssl=1&resize=350%2C200 1x, https:\/\/i0.wp.com\/www.shqiperia.com\/blog\/wp-content\/uploads\/2023\/07\/sjkdk.jpg?fit=1053%2C610&ssl=1&resize=525%2C300 1.5x, https:\/\/i0.wp.com\/www.shqiperia.com\/blog\/wp-content\/uploads\/2023\/07\/sjkdk.jpg?fit=1053%2C610&ssl=1&resize=700%2C400 2x, https:\/\/i0.wp.com\/www.shqiperia.com\/blog\/wp-content\/uploads\/2023\/07\/sjkdk.jpg?fit=1053%2C610&ssl=1&resize=1050%2C600 3x"},"classes":[]},{"id":27859,"url":"https:\/\/www.shqiperia.com\/blog\/basha-shqiperia-ska-asnje-bashki-shume-shpejt-zgjedhje-te-parakohshme-parlamentare-e-lokale\/","url_meta":{"origin":99680,"position":1},"title":"Basha: &#8211; Shqip\u00ebria s\u2019ka asnj\u00eb bashki. Shum\u00eb shpejt zgjedhje t\u00eb parakohshme parlamentare e lokale. &#8211;","author":"Kurt Farka","date":"November 6, 2019","format":false,"excerpt":"Basha: - Shqip\u00ebria s\u2019ka asnj\u00eb bashki. Shum\u00eb shpejt zgjedhje t\u00eb parakohshme parlamentare e lokale 6 nentor 2019 Nga Shkodra, kreu\u00a0 i PD, Lulzim Basha tha se shum\u00eb shpejt do t\u00eb ket\u00eb zgjedhje t\u00eb parakohshme parlamentare dhe lokale. Jasht\u00eb takimit me t\u00eb rinjt\u00eb, Basha tha se kryetar bashkis\u00eb nuk ka n\u00eb\u2026","rel":"","context":"In &quot;Blogu i Udh\u00ebtarit&quot;","block_context":{"text":"Blogu i Udh\u00ebtarit","link":"https:\/\/www.shqiperia.com\/blog\/category\/blogu-i-udhetarit\/"},"img":{"alt_text":"","src":"https:\/\/i0.wp.com\/www.shqiperia.com\/blog\/wp-content\/uploads\/2019\/11\/7880-94-Copy.jpg?fit=548%2C329&ssl=1&resize=350%2C200","width":350,"height":200,"srcset":"https:\/\/i0.wp.com\/www.shqiperia.com\/blog\/wp-content\/uploads\/2019\/11\/7880-94-Copy.jpg?fit=548%2C329&ssl=1&resize=350%2C200 1x, https:\/\/i0.wp.com\/www.shqiperia.com\/blog\/wp-content\/uploads\/2019\/11\/7880-94-Copy.jpg?fit=548%2C329&ssl=1&resize=525%2C300 1.5x"},"classes":[]},{"id":48049,"url":"https:\/\/www.shqiperia.com\/blog\/deklarata-e-bujshme-e-analistit-te-njohur-mund-te-kete-zgjedhje-te-parakohshme-pd-nuk-mund-te-vije-ne-pushtet-me\/","url_meta":{"origin":99680,"position":2},"title":"Deklarata e bujshme e analistit t\u00eb njohur: &#8211; Mund t\u00eb ket\u00eb zgjedhje t\u00eb parakohshme, PD nuk mund t\u00eb vij\u00eb n\u00eb pushtet me&#8230;","author":"Kurt Farka","date":"June 21, 2021","format":false,"excerpt":"Deklarata e bujshme e analistit t\u00eb njohur: Mund t\u00eb ket\u00eb zgjedhje t\u00eb parakohshme, PD nuk mund t\u00eb vij\u00eb n\u00eb pushtet me... 21 QERSHOR 2021 Politologu Adri Nurellari ka folur p\u00ebr zgjedhjet p\u00ebr kreun e PD-s\u00eb, ku pohoi se n\u00eb k\u00ebt\u00eb proces nuk pati nj\u00eb gar\u00eb t\u00eb ndershme. Teksa nuk p\u00ebrjashtoi\u2026","rel":"","context":"In &quot;Blogu i Udh\u00ebtarit&quot;","block_context":{"text":"Blogu i Udh\u00ebtarit","link":"https:\/\/www.shqiperia.com\/blog\/category\/blogu-i-udhetarit\/"},"img":{"alt_text":"","src":"https:\/\/i0.wp.com\/www.shqiperia.com\/blog\/wp-content\/uploads\/2021\/06\/800-0-60d0ecd880d43.jpg?fit=800%2C438&ssl=1&resize=350%2C200","width":350,"height":200,"srcset":"https:\/\/i0.wp.com\/www.shqiperia.com\/blog\/wp-content\/uploads\/2021\/06\/800-0-60d0ecd880d43.jpg?fit=800%2C438&ssl=1&resize=350%2C200 1x, https:\/\/i0.wp.com\/www.shqiperia.com\/blog\/wp-content\/uploads\/2021\/06\/800-0-60d0ecd880d43.jpg?fit=800%2C438&ssl=1&resize=525%2C300 1.5x, https:\/\/i0.wp.com\/www.shqiperia.com\/blog\/wp-content\/uploads\/2021\/06\/800-0-60d0ecd880d43.jpg?fit=800%2C438&ssl=1&resize=700%2C400 2x"},"classes":[]},{"id":30524,"url":"https:\/\/www.shqiperia.com\/blog\/a-do-kete-zgjedhje-te-parakohshme-paloka-befason-me-deklaraten-rama-mund-te-thote-dhe-ne-2021-nuk-duam\/","url_meta":{"origin":99680,"position":3},"title":"A do ket\u00eb zgjedhje t\u00eb parakohshme? Paloka befason me deklarat\u00ebn: Rama mund te thot\u00eb dhe n\u00eb 2021 nuk duam!","author":"Kurt Farka","date":"January 21, 2020","format":false,"excerpt":"A do ket\u00eb zgjedhje t\u00eb parakohshme? Paloka befason me deklarat\u00ebn: Rama mund te thot\u00eb dhe n\u00eb 2021 nuk duam! 20 JANAR 2020 N\u00ebnkryetari i PD-s\u00eb, Edi Paloka thot\u00eb se opozita detyroi Ram\u00ebn t\u00eb ulet n\u00eb tryez\u00ebn e reform\u00ebs zgjedhore dhe se nuk mendon q\u00eb do ket\u00eb zgjedhje t\u00eb parakohshme. A\u2026","rel":"","context":"In &quot;Blogu i Udh\u00ebtarit&quot;","block_context":{"text":"Blogu i Udh\u00ebtarit","link":"https:\/\/www.shqiperia.com\/blog\/category\/blogu-i-udhetarit\/"},"img":{"alt_text":"","src":"https:\/\/i0.wp.com\/www.shqiperia.com\/blog\/wp-content\/uploads\/2020\/01\/Rdi-Paloka.jpg?fit=800%2C489&ssl=1&resize=350%2C200","width":350,"height":200,"srcset":"https:\/\/i0.wp.com\/www.shqiperia.com\/blog\/wp-content\/uploads\/2020\/01\/Rdi-Paloka.jpg?fit=800%2C489&ssl=1&resize=350%2C200 1x, https:\/\/i0.wp.com\/www.shqiperia.com\/blog\/wp-content\/uploads\/2020\/01\/Rdi-Paloka.jpg?fit=800%2C489&ssl=1&resize=525%2C300 1.5x, https:\/\/i0.wp.com\/www.shqiperia.com\/blog\/wp-content\/uploads\/2020\/01\/Rdi-Paloka.jpg?fit=800%2C489&ssl=1&resize=700%2C400 2x"},"classes":[]},{"id":71955,"url":"https:\/\/www.shqiperia.com\/blog\/kurti-ka-rere-ne-kurth-gazetari-i-njohur-plas-deklaraten-e-forte-zgjedhjet-e-reja-skenar-i-parapergatitur-nga-qarqet-anti-shqiptare\/","url_meta":{"origin":99680,"position":4},"title":"\u201cKurti ka r\u00ebr\u00eb n\u00eb kurth\u201d, gazetari i njohur plas deklarat\u00ebn e fort\u00eb: &#8211; Zgjedhjet e reja, skenar i parap\u00ebrgatitur nga qarqet anti-shqiptare","author":"Kurt Farka","date":"June 4, 2023","format":false,"excerpt":"4 Qershor 2023 Gazetari Asllan Bajrami i ftuar n\u00eb Euronews Albania tha se \u00ebsht\u00eb skeptik p\u00ebr zgjedhjet e reja q\u00eb mund t\u00eb zhvillohen n\u00eb veri t\u00eb Kosov\u00ebs. Ai tha se mendon se k\u00ebto zgjedhje mund t\u00eb zhvillohen s\u00ebrish, por dyshon se serb\u00ebt s\u00ebrish nuk do t\u00eb merrnin pjes\u00eb n\u00eb zgjedhje.\u2026","rel":"","context":"In &quot;Blogu i Udh\u00ebtarit&quot;","block_context":{"text":"Blogu i Udh\u00ebtarit","link":"https:\/\/www.shqiperia.com\/blog\/category\/blogu-i-udhetarit\/"},"img":{"alt_text":"","src":"https:\/\/i0.wp.com\/www.shqiperia.com\/blog\/wp-content\/uploads\/2023\/06\/800-0-647cdb6922327.jpg?fit=800%2C440&ssl=1&resize=350%2C200","width":350,"height":200,"srcset":"https:\/\/i0.wp.com\/www.shqiperia.com\/blog\/wp-content\/uploads\/2023\/06\/800-0-647cdb6922327.jpg?fit=800%2C440&ssl=1&resize=350%2C200 1x, https:\/\/i0.wp.com\/www.shqiperia.com\/blog\/wp-content\/uploads\/2023\/06\/800-0-647cdb6922327.jpg?fit=800%2C440&ssl=1&resize=525%2C300 1.5x, https:\/\/i0.wp.com\/www.shqiperia.com\/blog\/wp-content\/uploads\/2023\/06\/800-0-647cdb6922327.jpg?fit=800%2C440&ssl=1&resize=700%2C400 2x"},"classes":[]},{"id":29412,"url":"https:\/\/www.shqiperia.com\/blog\/tani-eshte-radha-e-rames-karikatura-virale-e-kapexhiu\/","url_meta":{"origin":99680,"position":5},"title":"Tani \u00ebsht\u00eb radha e Ram\u00ebs: &#8211; Karikatura virale e Kapexhiu. &#8211;","author":"Kurt Farka","date":"December 17, 2019","format":false,"excerpt":"Tani \u00ebsht\u00eb radha e Ram\u00ebs: - Karikatura virale e Kapexhiu. - mapo.al Pas Kosov\u00ebs, edhe Maqedonia e Veriut po shkon drejt zgjedhjeve t\u00eb parakohshme. Por edhe pse rajoni po e ushtron demokracin\u00eb n\u00eb m\u00ebnyr\u00eb t\u00eb admirueshme, Shqip\u00ebria po mbetet prapa, edhe pse u citua si vendi m\u00eb problematik kur u\u2026","rel":"","context":"In &quot;Blogu i Udh\u00ebtarit&quot;","block_context":{"text":"Blogu i Udh\u00ebtarit","link":"https:\/\/www.shqiperia.com\/blog\/category\/blogu-i-udhetarit\/"},"img":{"alt_text":"","src":"https:\/\/i0.wp.com\/www.shqiperia.com\/blog\/wp-content\/uploads\/2019\/12\/Tani-%C3%ABsht%C3%AB-radhe-jote-e1571594706686.jpg?fit=650%2C390&ssl=1&resize=350%2C200","width":350,"height":200,"srcset":"https:\/\/i0.wp.com\/www.shqiperia.com\/blog\/wp-content\/uploads\/2019\/12\/Tani-%C3%ABsht%C3%AB-radhe-jote-e1571594706686.jpg?fit=650%2C390&ssl=1&resize=350%2C200 1x, https:\/\/i0.wp.com\/www.shqiperia.com\/blog\/wp-content\/uploads\/2019\/12\/Tani-%C3%ABsht%C3%AB-radhe-jote-e1571594706686.jpg?fit=650%2C390&ssl=1&resize=525%2C300 1.5x"},"classes":[]}],"_links":{"self":[{"href":"https:\/\/www.shqiperia.com\/blog\/wp-json\/wp\/v2\/posts\/99680","targetHints":{"allow":["GET"]}}],"collection":[{"href":"https:\/\/www.shqiperia.com\/blog\/wp-json\/wp\/v2\/posts"}],"about":[{"href":"https:\/\/www.shqiperia.com\/blog\/wp-json\/wp\/v2\/types\/post"}],"author":[{"embeddable":true,"href":"https:\/\/www.shqiperia.com\/blog\/wp-json\/wp\/v2\/users\/9"}],"replies":[{"embeddable":true,"href":"https:\/\/www.shqiperia.com\/blog\/wp-json\/wp\/v2\/comments?post=99680"}],"version-history":[{"count":1,"href":"https:\/\/www.shqiperia.com\/blog\/wp-json\/wp\/v2\/posts\/99680\/revisions"}],"predecessor-version":[{"id":99682,"href":"https:\/\/www.shqiperia.com\/blog\/wp-json\/wp\/v2\/posts\/99680\/revisions\/99682"}],"wp:featuredmedia":[{"embeddable":true,"href":"https:\/\/www.shqiperia.com\/blog\/wp-json\/wp\/v2\/media\/99681"}],"wp:attachment":[{"href":"https:\/\/www.shqiperia.com\/blog\/wp-json\/wp\/v2\/media?parent=99680"}],"wp:term":[{"taxonomy":"category","embeddable":true,"href":"https:\/\/www.shqiperia.com\/blog\/wp-json\/wp\/v2\/categories?post=99680"},{"taxonomy":"post_tag","embeddable":true,"href":"https:\/\/www.shqiperia.com\/blog\/wp-json\/wp\/v2\/tags?post=99680"}],"curies":[{"name":"wp","href":"https:\/\/api.w.org\/{rel}","templated":true}]}}