{"id":99671,"date":"2026-04-27T18:30:28","date_gmt":"2026-04-27T18:30:28","guid":{"rendered":"https:\/\/www.shqiperia.com\/blog\/?p=99671"},"modified":"2026-04-27T18:30:28","modified_gmt":"2026-04-27T18:30:28","slug":"rrezikohet-simboli-i-pavaresise-demtime-serioze-ne-ndertesen-e-muzeut-kombetar-ne-vlore","status":"publish","type":"post","link":"https:\/\/www.shqiperia.com\/blog\/rrezikohet-simboli-i-pavaresise-demtime-serioze-ne-ndertesen-e-muzeut-kombetar-ne-vlore\/","title":{"rendered":"Rrezikohet simboli i Pavar\u00ebsis\u00eb: &#8211; D\u00ebmtime serioze n\u00eb ndertesen e Muzeut Komb\u00ebtar n\u00eb Vlor\u00eb"},"content":{"rendered":"<p><img data-recalc-dims=\"1\" loading=\"lazy\" decoding=\"async\" data-attachment-id=\"99672\" data-permalink=\"https:\/\/www.shqiperia.com\/blog\/rrezikohet-simboli-i-pavaresise-demtime-serioze-ne-ndertesen-e-muzeut-kombetar-ne-vlore\/independence_museum\/\" data-orig-file=\"https:\/\/i0.wp.com\/www.shqiperia.com\/blog\/wp-content\/uploads\/2026\/04\/Independence_Museum.png?fit=611%2C380&amp;ssl=1\" data-orig-size=\"611,380\" data-comments-opened=\"1\" data-image-meta=\"{&quot;aperture&quot;:&quot;0&quot;,&quot;credit&quot;:&quot;&quot;,&quot;camera&quot;:&quot;&quot;,&quot;caption&quot;:&quot;&quot;,&quot;created_timestamp&quot;:&quot;0&quot;,&quot;copyright&quot;:&quot;&quot;,&quot;focal_length&quot;:&quot;0&quot;,&quot;iso&quot;:&quot;0&quot;,&quot;shutter_speed&quot;:&quot;0&quot;,&quot;title&quot;:&quot;&quot;,&quot;orientation&quot;:&quot;0&quot;}\" data-image-title=\"Independence_Museum\" data-image-description=\"\" data-image-caption=\"\" data-medium-file=\"https:\/\/i0.wp.com\/www.shqiperia.com\/blog\/wp-content\/uploads\/2026\/04\/Independence_Museum.png?fit=300%2C187&amp;ssl=1\" data-large-file=\"https:\/\/i0.wp.com\/www.shqiperia.com\/blog\/wp-content\/uploads\/2026\/04\/Independence_Museum.png?fit=611%2C380&amp;ssl=1\" class=\"alignnone  wp-image-99672\" alt=\"\" src=\"https:\/\/i0.wp.com\/www.shqiperia.com\/blog\/wp-content\/uploads\/2026\/04\/Independence_Museum.png?resize=613%2C382&#038;ssl=1\" width=\"613\" height=\"382\" srcset=\"https:\/\/i0.wp.com\/www.shqiperia.com\/blog\/wp-content\/uploads\/2026\/04\/Independence_Museum.png?resize=300%2C187&amp;ssl=1 300w, https:\/\/i0.wp.com\/www.shqiperia.com\/blog\/wp-content\/uploads\/2026\/04\/Independence_Museum.png?resize=450%2C280&amp;ssl=1 450w, https:\/\/i0.wp.com\/www.shqiperia.com\/blog\/wp-content\/uploads\/2026\/04\/Independence_Museum.png?resize=600%2C373&amp;ssl=1 600w, https:\/\/i0.wp.com\/www.shqiperia.com\/blog\/wp-content\/uploads\/2026\/04\/Independence_Museum.png?resize=400%2C249&amp;ssl=1 400w, https:\/\/i0.wp.com\/www.shqiperia.com\/blog\/wp-content\/uploads\/2026\/04\/Independence_Museum.png?w=611&amp;ssl=1 611w\" sizes=\"auto, (max-width: 613px) 100vw, 613px\" \/><\/p>\n<p>27 Prill 2026<\/p>\n<p>Nj\u00eb prej simboleve m\u00eb t\u00eb r\u00ebnd\u00ebsishme t\u00eb historis\u00eb komb\u00ebtare shqiptare, Muzeu Komb\u00ebtar i Pavar\u00ebsis\u00eb, n\u00eb Vlor\u00eb i njohur si \u201cSht\u00ebpia e Flamurit\u201d, po p\u00ebrballet me nj\u00eb situat\u00eb shqet\u00ebsuese q\u00eb lidhet me d\u00ebmtime t\u00eb dukshme n\u00eb struktur\u00ebn e godin\u00ebs.<\/p>\n<p>Sipas v\u00ebzhgimeve n\u00eb terren, n\u00eb muret e muzeut kan\u00eb filluar t\u00eb shfaqen \u00e7arje, t\u00eb cilat po p\u00ebrhapen gradualisht.<\/p>\n<p>Dyshohet se k\u00ebto d\u00ebmtime lidhen me dridhjet dhe gj\u00ebmimet e vazhdueshme nga punimet dhe aktiviteti i mjeteve t\u00eb r\u00ebnda n\u00eb af\u00ebrsi t\u00eb zon\u00ebs, p\u00ebrfshir\u00eb projektin Vlora Marina.<\/p>\n<p>Situata ka ngritur shqet\u00ebsim te qytetar\u00ebt dhe specialist\u00ebt, t\u00eb cil\u00ebt paralajm\u00ebrojn\u00eb p\u00ebr rrezikun q\u00eb mund t\u2019i kanoset nj\u00eb prej objekteve m\u00eb t\u00eb r\u00ebnd\u00ebsishme historike n\u00eb vend, n\u00ebse nuk nd\u00ebrhyhet n\u00eb koh\u00eb.<\/p>\n<div id=\"attachment_99673\" style=\"width: 732px\" class=\"wp-caption alignnone\"><img data-recalc-dims=\"1\" loading=\"lazy\" decoding=\"async\" aria-describedby=\"caption-attachment-99673\" data-attachment-id=\"99673\" data-permalink=\"https:\/\/www.shqiperia.com\/blog\/rrezikohet-simboli-i-pavaresise-demtime-serioze-ne-ndertesen-e-muzeut-kombetar-ne-vlore\/muzeu-i-pavarsise-vlore\/\" data-orig-file=\"https:\/\/i0.wp.com\/www.shqiperia.com\/blog\/wp-content\/uploads\/2026\/04\/Muzeu-i-Pavarsise-Vlore.png?fit=640%2C351&amp;ssl=1\" data-orig-size=\"640,351\" data-comments-opened=\"1\" data-image-meta=\"{&quot;aperture&quot;:&quot;0&quot;,&quot;credit&quot;:&quot;&quot;,&quot;camera&quot;:&quot;&quot;,&quot;caption&quot;:&quot;&quot;,&quot;created_timestamp&quot;:&quot;0&quot;,&quot;copyright&quot;:&quot;&quot;,&quot;focal_length&quot;:&quot;0&quot;,&quot;iso&quot;:&quot;0&quot;,&quot;shutter_speed&quot;:&quot;0&quot;,&quot;title&quot;:&quot;&quot;,&quot;orientation&quot;:&quot;0&quot;}\" data-image-title=\"Muzeu i Pavarsise Vlore\" data-image-description=\"\" data-image-caption=\"&lt;p&gt;Muzeu i Pavarsise Vlore&lt;\/p&gt;\n\" data-medium-file=\"https:\/\/i0.wp.com\/www.shqiperia.com\/blog\/wp-content\/uploads\/2026\/04\/Muzeu-i-Pavarsise-Vlore.png?fit=300%2C165&amp;ssl=1\" data-large-file=\"https:\/\/i0.wp.com\/www.shqiperia.com\/blog\/wp-content\/uploads\/2026\/04\/Muzeu-i-Pavarsise-Vlore.png?fit=640%2C351&amp;ssl=1\" class=\" wp-image-99673\" alt=\"\" src=\"https:\/\/i0.wp.com\/www.shqiperia.com\/blog\/wp-content\/uploads\/2026\/04\/Muzeu-i-Pavarsise-Vlore.png?resize=722%2C397&#038;ssl=1\" width=\"722\" height=\"397\" srcset=\"https:\/\/i0.wp.com\/www.shqiperia.com\/blog\/wp-content\/uploads\/2026\/04\/Muzeu-i-Pavarsise-Vlore.png?resize=300%2C165&amp;ssl=1 300w, https:\/\/i0.wp.com\/www.shqiperia.com\/blog\/wp-content\/uploads\/2026\/04\/Muzeu-i-Pavarsise-Vlore.png?resize=450%2C247&amp;ssl=1 450w, https:\/\/i0.wp.com\/www.shqiperia.com\/blog\/wp-content\/uploads\/2026\/04\/Muzeu-i-Pavarsise-Vlore.png?resize=600%2C329&amp;ssl=1 600w, https:\/\/i0.wp.com\/www.shqiperia.com\/blog\/wp-content\/uploads\/2026\/04\/Muzeu-i-Pavarsise-Vlore.png?resize=400%2C219&amp;ssl=1 400w, https:\/\/i0.wp.com\/www.shqiperia.com\/blog\/wp-content\/uploads\/2026\/04\/Muzeu-i-Pavarsise-Vlore.png?w=640&amp;ssl=1 640w\" sizes=\"auto, (max-width: 722px) 100vw, 722px\" \/><p id=\"caption-attachment-99673\" class=\"wp-caption-text\">Muzeu i Pavarsise Vlore<\/p><\/div>\n<p><em>\u201cSi qytetar i Vlor\u00ebs, ndjej shum\u00eb shqet\u00ebsim dhe dhimbje kur shoh gjendjen e Muzeut t\u00eb Pavar\u00ebsis\u00eb, \u2018Sht\u00ebpis\u00eb s\u00eb Flamurit\u2019. Kjo nuk \u00ebsht\u00eb thjesht nj\u00eb godin\u00eb, por \u00ebsht\u00eb historia jon\u00eb.<\/em><\/p>\n<p><em>\u00c7arjet q\u00eb po shfaqen n\u00eb mure jan\u00eb alarm serioz dhe nuk mund t\u00eb injorohen. \u00cbsht\u00eb e papranueshme q\u00eb nj\u00eb simbol kaq i r\u00ebnd\u00ebsish\u00ebm t\u00eb rrezikohet nga punimet p\u00ebrreth.<\/em><\/p>\n","protected":false},"excerpt":{"rendered":"<p>27 Prill 2026 Nj\u00eb prej simboleve m\u00eb t\u00eb r\u00ebnd\u00ebsishme t\u00eb historis\u00eb komb\u00ebtare shqiptare, Muzeu Komb\u00ebtar i Pavar\u00ebsis\u00eb, n\u00eb Vlor\u00eb i njohur si \u201cSht\u00ebpia e Flamurit\u201d, po p\u00ebrballet me nj\u00eb situat\u00eb shqet\u00ebsuese q\u00eb lidhet me d\u00ebmtime t\u00eb dukshme n\u00eb struktur\u00ebn e godin\u00ebs. Sipas v\u00ebzhgimeve n\u00eb terren, n\u00eb muret e muzeut kan\u00eb filluar t\u00eb shfaqen \u00e7arje, t\u00eb [&hellip;]<\/p>\n","protected":false},"author":9,"featured_media":99672,"comment_status":"open","ping_status":"open","sticky":false,"template":"","format":"standard","meta":{"jetpack_post_was_ever_published":false,"_jetpack_newsletter_access":"","_jetpack_dont_email_post_to_subs":false,"_jetpack_newsletter_tier_id":0,"_jetpack_memberships_contains_paywalled_content":false,"_jetpack_memberships_contains_paid_content":false,"footnotes":"","jetpack_publicize_message":"","jetpack_publicize_feature_enabled":true,"jetpack_social_post_already_shared":true,"jetpack_social_options":{"image_generator_settings":{"template":"highway","default_image_id":0,"font":"","enabled":false},"version":2}},"categories":[85,1,86],"tags":[],"class_list":["post-99671","post","type-post","status-publish","format-standard","has-post-thumbnail","hentry","category-histori","category-njoftime-shtypi","category-trashegimi-kulturore"],"jetpack_publicize_connections":[],"jetpack_featured_media_url":"https:\/\/i0.wp.com\/www.shqiperia.com\/blog\/wp-content\/uploads\/2026\/04\/Independence_Museum.png?fit=611%2C380&ssl=1","jetpack_sharing_enabled":true,"jetpack_shortlink":"https:\/\/wp.me\/p5Z6wp-pVB","jetpack-related-posts":[{"id":2156,"url":"https:\/\/www.shqiperia.com\/blog\/armet-e-rralla-te-shqiptareve-ne-nje-ekspozite-ne-muzeun-historik-kombetar\/","url_meta":{"origin":99671,"position":0},"title":"Arm\u00ebt e rralla t\u00eb shqiptar\u00ebve ne nj\u00eb ekspozite n\u00eb Muzeun Historik Komb\u00ebtar","author":"Kurt Farka","date":"January 29, 2018","format":false,"excerpt":"Arm\u00ebt e rralla t\u00eb shqiptar\u00ebve brenda nj\u00eb ekspozite mahnit\u00ebse n\u00eb Muzeun Historik Komb\u00ebtar \u00a0 N\u00eb kuad\u00ebr t\u00eb 105-vjetorit t\u00eb shpalljes s\u00eb Pavar\u00ebsis\u00eb s\u00eb Shqip\u00ebris\u00eb, n\u00eb Hollin Kryesor t\u00eb Muzeut Historik Komb\u00ebtar u organizua ekspozita \u201cArm\u00eb t\u00eb mjesht\u00ebrve shqiptar\u00eb\u201d. N\u00eb k\u00ebt\u00eb ekspozit\u00eb jan\u00eb ekspozuar 47 objekte: 21 kobure, 8 pushk\u00eb, 10\u2026","rel":"","context":"In &quot;Histori&quot;","block_context":{"text":"Histori","link":"https:\/\/www.shqiperia.com\/blog\/category\/histori\/"},"img":{"alt_text":"","src":"https:\/\/i0.wp.com\/www.shqiperia.com\/blog\/wp-content\/uploads\/2018\/01\/Muzeu-Historik-Tirane.jpg?fit=960%2C720&ssl=1&resize=350%2C200","width":350,"height":200,"srcset":"https:\/\/i0.wp.com\/www.shqiperia.com\/blog\/wp-content\/uploads\/2018\/01\/Muzeu-Historik-Tirane.jpg?fit=960%2C720&ssl=1&resize=350%2C200 1x, https:\/\/i0.wp.com\/www.shqiperia.com\/blog\/wp-content\/uploads\/2018\/01\/Muzeu-Historik-Tirane.jpg?fit=960%2C720&ssl=1&resize=525%2C300 1.5x, https:\/\/i0.wp.com\/www.shqiperia.com\/blog\/wp-content\/uploads\/2018\/01\/Muzeu-Historik-Tirane.jpg?fit=960%2C720&ssl=1&resize=700%2C400 2x"},"classes":[]},{"id":81672,"url":"https:\/\/www.shqiperia.com\/blog\/rrethohet-kantieri-i-muzeut-historik-kombetar-per-punimet-e-rikonstruksionit-studiuesit-nga-meki-mungon-transparenca\/","url_meta":{"origin":99671,"position":1},"title":"Rrethohet kantieri i Muzeut Historik Komb\u00ebtar p\u00ebr punimet e rikonstruksionit, studiuesit: Nga MEKI mungon transparenca","author":"Kurt Farka","date":"June 7, 2024","format":false,"excerpt":"7 Qershor 2024 Nga Julia Vrapi Projekti p\u00ebr restaurimin, rikonstruksionin dhe muzealizimin e Muzeut Historik Komb\u00ebtar sjell dhe mbylljen e institucionit m\u00eb t\u00eb r\u00ebnd\u00ebsish\u00ebm muzeor n\u00eb vend. Tashm\u00eb \u00ebsht\u00eb rrethuar dhe kantieri i Muzeut Historik Komb\u00ebtar p\u00ebr punimet e rikonstruksionit. N\u00eb nj\u00eb pjes\u00eb t\u00eb fasad\u00ebs s\u00eb MHK-s\u00eb jan\u00eb vendosur dhe\u2026","rel":"","context":"In &quot;Arte&quot;","block_context":{"text":"Arte","link":"https:\/\/www.shqiperia.com\/blog\/category\/arte\/"},"img":{"alt_text":"","src":"https:\/\/i0.wp.com\/www.shqiperia.com\/blog\/wp-content\/uploads\/2024\/06\/muz.jpg?fit=1024%2C614&ssl=1&resize=350%2C200","width":350,"height":200,"srcset":"https:\/\/i0.wp.com\/www.shqiperia.com\/blog\/wp-content\/uploads\/2024\/06\/muz.jpg?fit=1024%2C614&ssl=1&resize=350%2C200 1x, https:\/\/i0.wp.com\/www.shqiperia.com\/blog\/wp-content\/uploads\/2024\/06\/muz.jpg?fit=1024%2C614&ssl=1&resize=525%2C300 1.5x, https:\/\/i0.wp.com\/www.shqiperia.com\/blog\/wp-content\/uploads\/2024\/06\/muz.jpg?fit=1024%2C614&ssl=1&resize=700%2C400 2x"},"classes":[]},{"id":3923,"url":"https:\/\/www.shqiperia.com\/blog\/muzeui-kosoves-ekspozite-identiteti-kulturor-dhe-historik-kosoves-_\/","url_meta":{"origin":99671,"position":2},"title":"Muzeui Kosoves-Ekspozite: Identiteti kulturor dhe historik i Kosov\u00ebs. _","author":"Kurt Farka","date":"February 26, 2018","format":false,"excerpt":"Hapet \u201cEkspozita Baz\u00eb\u201d n\u00eb Muzeun e Kosov\u00ebs Eksponate t\u00eb periudhave t\u00eb ndryshme t\u00eb trash\u00ebgimis\u00eb kulturore nga periudha e Neolitit e deri n\u00eb Shpalljen e Pavar\u00ebsis\u00eb s\u00eb Kosov\u00ebs m\u00eb 2008, jan\u00eb prezantuar n\u00eb hapjen e \u2018Ekspozit\u00ebs Baz\u00eb\u2019 n\u00eb Muzeun e Kosov\u00ebs. Eksponate t\u00eb rralla dhe t\u00eb r\u00ebnd\u00ebsis\u00eb s\u00eb ve\u00e7ant\u00eb jan\u00eb prezantuar\u2026","rel":"","context":"In &quot;Trashegimi Kulturore&quot;","block_context":{"text":"Trashegimi Kulturore","link":"https:\/\/www.shqiperia.com\/blog\/category\/trashegimi-kulturore\/"},"img":{"alt_text":"","src":"https:\/\/i0.wp.com\/www.shqiperia.com\/blog\/wp-content\/uploads\/2018\/02\/Revolverii-Isa-Buletinit.jpg?fit=640%2C535&ssl=1&resize=350%2C200","width":350,"height":200,"srcset":"https:\/\/i0.wp.com\/www.shqiperia.com\/blog\/wp-content\/uploads\/2018\/02\/Revolverii-Isa-Buletinit.jpg?fit=640%2C535&ssl=1&resize=350%2C200 1x, https:\/\/i0.wp.com\/www.shqiperia.com\/blog\/wp-content\/uploads\/2018\/02\/Revolverii-Isa-Buletinit.jpg?fit=640%2C535&ssl=1&resize=525%2C300 1.5x"},"classes":[]},{"id":64684,"url":"https:\/\/www.shqiperia.com\/blog\/jaho-brahaj-shpallja-e-pavaresise-kombetare-1912-si-u-ngrite-flamuri-kombetar-ne-shqiperine-etnike\/","url_meta":{"origin":99671,"position":3},"title":"Jaho Brahaj: &#8211; Shpallja e Pavar\u00ebsis\u00eb Kombetare 1912: &#8211; Si u ngrit\u00eb Flamuri Kombetar n\u00eb Shqip\u00ebrin\u00eb Etnike.","author":"Kurt Farka","date":"November 23, 2022","format":false,"excerpt":"Shpallja e Pavar\u00ebsis\u00eb 1912, si u Nga Jaho Brahaj (Pjese nga Libri Studimor monografik: \"Flamuri i Kombit Shqiptar\" te autorit Jaho Brahaj) Trevat q\u00eb u shpall\u00ebn t\u00eb pavarura u p\u00ebrfaq\u00ebsuan me delegat\u00eb n\u00eb Vlor\u00eb m\u00eb 28 n\u00ebntor 1912. Nga Kuvendi Komb\u00ebtar i 28 n\u00ebntorit 1912 u proklamua Pavar\u00ebsia e tokave\u2026","rel":"","context":"In &quot;Blogu i Udh\u00ebtarit&quot;","block_context":{"text":"Blogu i Udh\u00ebtarit","link":"https:\/\/www.shqiperia.com\/blog\/category\/blogu-i-udhetarit\/"},"img":{"alt_text":"","src":"https:\/\/i0.wp.com\/www.shqiperia.com\/blog\/wp-content\/uploads\/2022\/11\/Jaho-Brahaj-Flamuri-I-Kombit-Shqipetar.jpg?fit=787%2C471&ssl=1&resize=350%2C200","width":350,"height":200,"srcset":"https:\/\/i0.wp.com\/www.shqiperia.com\/blog\/wp-content\/uploads\/2022\/11\/Jaho-Brahaj-Flamuri-I-Kombit-Shqipetar.jpg?fit=787%2C471&ssl=1&resize=350%2C200 1x, https:\/\/i0.wp.com\/www.shqiperia.com\/blog\/wp-content\/uploads\/2022\/11\/Jaho-Brahaj-Flamuri-I-Kombit-Shqipetar.jpg?fit=787%2C471&ssl=1&resize=525%2C300 1.5x, https:\/\/i0.wp.com\/www.shqiperia.com\/blog\/wp-content\/uploads\/2022\/11\/Jaho-Brahaj-Flamuri-I-Kombit-Shqipetar.jpg?fit=787%2C471&ssl=1&resize=700%2C400 2x"},"classes":[]},{"id":28800,"url":"https:\/\/www.shqiperia.com\/blog\/jaho-brahaj-shpallja-e-pavaresise-si-u-ngriten-flamujt-ne-shqiperine-etnike\/","url_meta":{"origin":99671,"position":4},"title":"Jaho Brahaj &#8211; Shpallja e Pavar\u00ebsis\u00eb, si u ngrit\u00ebn flamujt n\u00eb Shqip\u00ebrin\u00eb etnike. &#8211;","author":"Kurt Farka","date":"November 28, 2019","format":false,"excerpt":"Shpallja e Pavar\u00ebsis\u00eb, si u ngrit\u00ebn flamujt n\u00eb Shqip\u00ebrin\u00eb etnike. - Nga Jaho Brahaj Pavar\u00ebsia nisi t\u00eb shpallej nga Gjakova, n\u00eb Plav\u00eb e Guci; nga Peja n\u00eb Oh\u00ebr dhe Strug\u00eb; nga Tetova n\u00eb Prizren, Mitrovic\u00eb e \u00c7am\u00ebri, si dhe n\u00eb kolonit\u00eb shqiptare. Trevat q\u00eb u shpall\u00ebn t\u00eb pavarura u p\u00ebrfaq\u00ebsuan\u2026","rel":"","context":"In &quot;Histori&quot;","block_context":{"text":"Histori","link":"https:\/\/www.shqiperia.com\/blog\/category\/histori\/"},"img":{"alt_text":"","src":"https:\/\/i0.wp.com\/www.shqiperia.com\/blog\/wp-content\/uploads\/2019\/11\/auto_29mist1543482317.jpg?fit=900%2C600&ssl=1&resize=350%2C200","width":350,"height":200,"srcset":"https:\/\/i0.wp.com\/www.shqiperia.com\/blog\/wp-content\/uploads\/2019\/11\/auto_29mist1543482317.jpg?fit=900%2C600&ssl=1&resize=350%2C200 1x, https:\/\/i0.wp.com\/www.shqiperia.com\/blog\/wp-content\/uploads\/2019\/11\/auto_29mist1543482317.jpg?fit=900%2C600&ssl=1&resize=525%2C300 1.5x, https:\/\/i0.wp.com\/www.shqiperia.com\/blog\/wp-content\/uploads\/2019\/11\/auto_29mist1543482317.jpg?fit=900%2C600&ssl=1&resize=700%2C400 2x"},"classes":[]},{"id":51781,"url":"https:\/\/www.shqiperia.com\/blog\/shpallja-e-pavaresise-kombetare-si-u-ngrite-flamuri-kombetare-ne-shqiperine-etnike\/","url_meta":{"origin":99671,"position":5},"title":"Jaho Brahaj: &#8211; Shpallja e Pavar\u00ebsis\u00eb Kombetare, si u ngrit\u00eb flamuri Kombetare n\u00eb Shqip\u00ebrin\u00eb etnike.","author":"Kurt Farka","date":"November 28, 2021","format":false,"excerpt":"Shpallja e Pavar\u00ebsis\u00eb Kombetare, si u ngrit\u00eb flamuri Kombetare n\u00eb Shqip\u00ebrin\u00eb etnike. Nga: Jaho Brahaj Pavar\u00ebsia nisi t\u00eb shpallej nga Gjakova, n\u00eb Plav\u00eb e Guci; nga Peja n\u00eb\u00a0 Oh\u00ebr dhe Strug\u00eb; nga Tetova n\u00eb Prizren, Mitrovic\u00eb e \u00c7am\u00ebri, si dhe n\u00eb kolonit\u00eb shqiptare. Trevat q\u00eb u shpall\u00ebn t\u00eb pavarura u\u2026","rel":"","context":"In &quot;Histori&quot;","block_context":{"text":"Histori","link":"https:\/\/www.shqiperia.com\/blog\/category\/histori\/"},"img":{"alt_text":"","src":"https:\/\/i0.wp.com\/www.shqiperia.com\/blog\/wp-content\/uploads\/2021\/11\/Flamuri-i-Kombit-Shqiptar-28-Nentor-1912.jpg?fit=720%2C415&ssl=1&resize=350%2C200","width":350,"height":200,"srcset":"https:\/\/i0.wp.com\/www.shqiperia.com\/blog\/wp-content\/uploads\/2021\/11\/Flamuri-i-Kombit-Shqiptar-28-Nentor-1912.jpg?fit=720%2C415&ssl=1&resize=350%2C200 1x, https:\/\/i0.wp.com\/www.shqiperia.com\/blog\/wp-content\/uploads\/2021\/11\/Flamuri-i-Kombit-Shqiptar-28-Nentor-1912.jpg?fit=720%2C415&ssl=1&resize=525%2C300 1.5x, https:\/\/i0.wp.com\/www.shqiperia.com\/blog\/wp-content\/uploads\/2021\/11\/Flamuri-i-Kombit-Shqiptar-28-Nentor-1912.jpg?fit=720%2C415&ssl=1&resize=700%2C400 2x"},"classes":[]}],"_links":{"self":[{"href":"https:\/\/www.shqiperia.com\/blog\/wp-json\/wp\/v2\/posts\/99671","targetHints":{"allow":["GET"]}}],"collection":[{"href":"https:\/\/www.shqiperia.com\/blog\/wp-json\/wp\/v2\/posts"}],"about":[{"href":"https:\/\/www.shqiperia.com\/blog\/wp-json\/wp\/v2\/types\/post"}],"author":[{"embeddable":true,"href":"https:\/\/www.shqiperia.com\/blog\/wp-json\/wp\/v2\/users\/9"}],"replies":[{"embeddable":true,"href":"https:\/\/www.shqiperia.com\/blog\/wp-json\/wp\/v2\/comments?post=99671"}],"version-history":[{"count":1,"href":"https:\/\/www.shqiperia.com\/blog\/wp-json\/wp\/v2\/posts\/99671\/revisions"}],"predecessor-version":[{"id":99674,"href":"https:\/\/www.shqiperia.com\/blog\/wp-json\/wp\/v2\/posts\/99671\/revisions\/99674"}],"wp:featuredmedia":[{"embeddable":true,"href":"https:\/\/www.shqiperia.com\/blog\/wp-json\/wp\/v2\/media\/99672"}],"wp:attachment":[{"href":"https:\/\/www.shqiperia.com\/blog\/wp-json\/wp\/v2\/media?parent=99671"}],"wp:term":[{"taxonomy":"category","embeddable":true,"href":"https:\/\/www.shqiperia.com\/blog\/wp-json\/wp\/v2\/categories?post=99671"},{"taxonomy":"post_tag","embeddable":true,"href":"https:\/\/www.shqiperia.com\/blog\/wp-json\/wp\/v2\/tags?post=99671"}],"curies":[{"name":"wp","href":"https:\/\/api.w.org\/{rel}","templated":true}]}}