{"id":99668,"date":"2026-04-27T18:24:20","date_gmt":"2026-04-27T18:24:20","guid":{"rendered":"https:\/\/www.shqiperia.com\/blog\/?p=99668"},"modified":"2026-04-27T18:24:20","modified_gmt":"2026-04-27T18:24:20","slug":"bardhi-kerkon-doreheqjen-e-ferit-hoxhes-e-papranueshme-smund-te-qendroje-asnje-minute-si-minister","status":"publish","type":"post","link":"https:\/\/www.shqiperia.com\/blog\/bardhi-kerkon-doreheqjen-e-ferit-hoxhes-e-papranueshme-smund-te-qendroje-asnje-minute-si-minister\/","title":{"rendered":"Bardhi k\u00ebrkon dor\u00ebheqjen e Ferit Hoxh\u00ebs: &#8211; E papranueshme, s\u2019mund t\u00eb q\u00ebndroj\u00eb asnj\u00eb minut\u00eb si minist\u00ebr!"},"content":{"rendered":"<p><img data-recalc-dims=\"1\" loading=\"lazy\" decoding=\"async\" data-attachment-id=\"99669\" data-permalink=\"https:\/\/www.shqiperia.com\/blog\/bardhi-kerkon-doreheqjen-e-ferit-hoxhes-e-papranueshme-smund-te-qendroje-asnje-minute-si-minister\/gazment-bardhi-ferit-hoxha\/\" data-orig-file=\"https:\/\/i0.wp.com\/www.shqiperia.com\/blog\/wp-content\/uploads\/2026\/04\/gazment-bardhi-ferit-hoxha.jpg?fit=765%2C447&amp;ssl=1\" data-orig-size=\"765,447\" data-comments-opened=\"1\" data-image-meta=\"{&quot;aperture&quot;:&quot;0&quot;,&quot;credit&quot;:&quot;User&quot;,&quot;camera&quot;:&quot;&quot;,&quot;caption&quot;:&quot;&quot;,&quot;created_timestamp&quot;:&quot;1777307150&quot;,&quot;copyright&quot;:&quot;&quot;,&quot;focal_length&quot;:&quot;0&quot;,&quot;iso&quot;:&quot;0&quot;,&quot;shutter_speed&quot;:&quot;0&quot;,&quot;title&quot;:&quot;&quot;,&quot;orientation&quot;:&quot;0&quot;}\" data-image-title=\"gazment-bardhi-ferit-hoxha\" data-image-description=\"\" data-image-caption=\"\" data-medium-file=\"https:\/\/i0.wp.com\/www.shqiperia.com\/blog\/wp-content\/uploads\/2026\/04\/gazment-bardhi-ferit-hoxha.jpg?fit=300%2C175&amp;ssl=1\" data-large-file=\"https:\/\/i0.wp.com\/www.shqiperia.com\/blog\/wp-content\/uploads\/2026\/04\/gazment-bardhi-ferit-hoxha.jpg?fit=765%2C447&amp;ssl=1\" class=\"alignnone  wp-image-99669\" alt=\"\" src=\"https:\/\/i0.wp.com\/www.shqiperia.com\/blog\/wp-content\/uploads\/2026\/04\/gazment-bardhi-ferit-hoxha.jpg?resize=605%2C353&#038;ssl=1\" width=\"605\" height=\"353\" srcset=\"https:\/\/i0.wp.com\/www.shqiperia.com\/blog\/wp-content\/uploads\/2026\/04\/gazment-bardhi-ferit-hoxha.jpg?resize=300%2C175&amp;ssl=1 300w, https:\/\/i0.wp.com\/www.shqiperia.com\/blog\/wp-content\/uploads\/2026\/04\/gazment-bardhi-ferit-hoxha.jpg?resize=450%2C263&amp;ssl=1 450w, https:\/\/i0.wp.com\/www.shqiperia.com\/blog\/wp-content\/uploads\/2026\/04\/gazment-bardhi-ferit-hoxha.jpg?resize=600%2C351&amp;ssl=1 600w, https:\/\/i0.wp.com\/www.shqiperia.com\/blog\/wp-content\/uploads\/2026\/04\/gazment-bardhi-ferit-hoxha.jpg?resize=400%2C234&amp;ssl=1 400w, https:\/\/i0.wp.com\/www.shqiperia.com\/blog\/wp-content\/uploads\/2026\/04\/gazment-bardhi-ferit-hoxha.jpg?w=765&amp;ssl=1 765w\" sizes=\"auto, (max-width: 605px) 100vw, 605px\" \/><\/p>\n<p><strong>27 Prill 2026<\/strong><\/p>\n<p><strong>Mesazhet e ministrit p\u00ebr Pun\u00ebt e Jashtme dhe Evrop\u00ebn, Ferit Hoxha, kan\u00eb trazuar jo vet\u00ebm politik\u00ebn shqiptare, por edhe faktorin shqiptar n\u00eb Maqedonin\u00eb e Veriut, t\u00eb cilit i adresohej etiketimi \u201cata idiot\u00ebt\u201d.<\/strong><\/p>\n<p>Edhe kreu i Grupit Parlamentar t\u00eb Partis\u00eb Demokratike, Gazment Bardhi, ka reaguar p\u00ebrmes nj\u00eb postimi n\u00eb rrjetet sociale lidhur me deklarat\u00ebn e ministrit pas debatit t\u00eb krijuar p\u00ebr nj\u00eb mesazh t\u00eb atribuuar k\u00ebtij t\u00eb fundit, ku ai ofendonte shqiptar\u00ebt n\u00eb RMV.<\/p>\n<p>Hoxha e cil\u00ebsoi sot me nj\u00eb reagim t\u00eb shkurt\u00ebr nga nj\u00eb event, si t\u00eb tejkaluar \u00e7\u00ebshtjen, por Bardhi shprehet se jo vet\u00ebm nuk \u00ebsht\u00eb e till\u00eb, por ministri duhet t\u00eb largohet nga detyra, t\u00eb jap\u00eb llogari n\u00eb Parlament, pasi \u00ebsht\u00eb e papranueshme nj\u00eb sjellje e till\u00eb e kryediplomatit shqiptar.<\/p>\n<p><em>\u201cMinistri Ferit Hoxha do t\u00eb thirret n\u00eb Kuvend p\u00ebr t\u00eb dh\u00ebn\u00eb llogari mbi q\u00ebndrimin e tij ndaj shqiptar\u00ebve p\u00ebrtej kufirit, q\u00eb p\u00ebrkon te jet\u00eb i nj\u00ebjt\u00eb me q\u00ebndrimin e Nikolla Pashiqin apo Vasa \u00c7ubrillovi\u00e7 ndaj shqiptar\u00ebve. N\u00eb krye t\u00eb Ministris\u00eb p\u00ebr Pun\u00ebt e Jashtme t\u00eb Republik\u00ebs s\u00eb Shqip\u00ebris\u00eb nuk mund t\u00eb q\u00ebndroj\u00eb asnj\u00eb minut as Nikolla Pashiqi dhe as Vasa \u00c7ubrillovi\u00e7i, pavar\u00ebsisht se n\u00eb publik prezantohet si Ferit Hoxha apo Edi Rama!\u201d, shkruan ai mes t\u00eb tjerash.<\/em><\/p>\n<p>Sipas tij, p\u00ebrdorimi i termit \u201cidiot\u00eb\u201d ndaj shqiptar\u00ebve q\u00eb jetojn\u00eb n\u00eb Maqedonin\u00eb e Veriut p\u00ebrb\u00ebn nj\u00eb shkelje t\u00eb r\u00ebnd\u00eb t\u00eb detyrimeve kushtetuese t\u00eb autoriteteve shqiptare ndaj diaspor\u00ebs.<\/p>\n<p>Deputeti demokrat b\u00ebn p\u00ebrgjegj\u00ebs edhe kryeministrin p\u00ebr heshtjen e tij.<\/p>\n<p><strong>Reagimi i plot\u00eb i Gazment Bardhit:<\/strong><\/p>\n<p>\u201c<em>Fyerja ndaj shqiptar\u00ebve t\u00eb Maqedonis\u00eb s\u00eb Veriut, duke i cil\u00ebsuar ato si \u201cidiot\u00eb\u201d, nuk mund t\u00eb jet\u00eb kurr\u00eb nj\u00eb \u00e7\u00ebshtje e tejkaluar, pa mbajtur p\u00ebrgjegj\u00ebsi politike. Ky cil\u00ebsim nga ministri p\u00ebrgjegj\u00ebs p\u00ebr politik\u00ebn e jashtme t\u00eb Republik\u00ebs s\u00eb Shqip\u00ebris\u00eb, vjen n\u00eb nj\u00eb koh\u00eb ku shqiptar\u00ebt e Maqedonis\u00eb s\u00eb Veriut po p\u00ebrballen me shum\u00eb sfida dhe p\u00ebrb\u00ebn nj\u00eb shkelje t\u00eb r\u00ebnd\u00eb t\u00eb detyrimeve kushtetuese q\u00eb kan\u00eb autoritetet shqiptare n\u00eb Republik\u00ebn e Shqip\u00ebris\u00eb, ndaj shqiptar\u00ebve q\u00eb jetojn\u00eb jasht\u00eb kufirit shtet\u00ebror\u00eb.<\/em><\/p>\n<p><em>Mungesa e reflektimit nga ana e Ministrit Ferit Hoxha, nuk mund t\u00eb kalohet me takime t\u00eb stisura, ku mysafir\u00ebt as nuk lejohen t\u00eb p\u00ebrgjigjen lirisht. Fillimisht g\u00ebnjeu q\u00eb sms ishte e fabrikuar, m\u00eb pas u detyrua t\u00eb fshinte, m\u00eb pas t\u00eb dilte nga grupi n\u00eb \u00cbhatsapp, dhe sot kishte stisur nj\u00eb takim p\u00ebr t\u00eb bindur shqiptar\u00ebt se \u00ebsht\u00eb nj\u00eb \u00e7\u00ebshtje e tejkaluar. T\u00eb gjitha k\u00ebto veprime konfirmojn\u00eb se \u00ebsht\u00eb duke vepruar n\u00ebn panik dhe n\u00ebn pesh\u00ebn e p\u00ebrgjegj\u00ebsis\u00eb s\u00eb munguar.<\/em><\/p>\n<p><em>Akoma m\u00eb shqet\u00ebsuese \u00ebsht\u00eb heshtja e Kryeministrit Edi Rama, duke provuar se cil\u00ebsimi i Ministrit Ferit Hoxha ndaj shqiptar\u00ebve nuk \u00ebsht\u00eb personal, por linj\u00eb shtet\u00ebrore e qeveris\u00eb s\u00eb Edi Ram\u00ebs. Kjo \u00ebsht\u00eb m\u00eb shum\u00eb se e papranueshme.<\/em><\/p>\n<p><em>Ministri Ferit Hoxha do t\u00eb thirret n\u00eb Kuvend p\u00ebr t\u00eb dh\u00ebn\u00eb llogari mbi q\u00ebndrimin e tij ndaj shqiptar\u00ebve p\u00ebrtej kufirit, q\u00eb p\u00ebrkon te jet\u00eb i nj\u00ebjt\u00eb me q\u00ebndrimin e Nikolla Pashiqin apo Vasa \u00c7ubrillovi\u00e7 ndaj shqiptar\u00ebve. N\u00eb krye t\u00eb Ministris\u00eb p\u00ebr Pun\u00ebt e Jashtme t\u00eb Republik\u00ebs s\u00eb Shqip\u00ebris\u00eb nuk mund t\u00eb q\u00ebndroj\u00eb asnj\u00eb minut as Nikolla Pashiqi dhe as Vasa \u00c7ubrillovi\u00e7i, pavar\u00ebsisht se n\u00eb publik prezantohet si Ferit Hoxha apo Edi Rama!\u201d.<\/em><\/p>\n","protected":false},"excerpt":{"rendered":"<p>27 Prill 2026 Mesazhet e ministrit p\u00ebr Pun\u00ebt e Jashtme dhe Evrop\u00ebn, Ferit Hoxha, kan\u00eb trazuar jo vet\u00ebm politik\u00ebn shqiptare, por edhe faktorin shqiptar n\u00eb Maqedonin\u00eb e Veriut, t\u00eb cilit i adresohej etiketimi \u201cata idiot\u00ebt\u201d. Edhe kreu i Grupit Parlamentar t\u00eb Partis\u00eb Demokratike, Gazment Bardhi, ka reaguar p\u00ebrmes nj\u00eb postimi n\u00eb rrjetet sociale lidhur me [&hellip;]<\/p>\n","protected":false},"author":9,"featured_media":99669,"comment_status":"open","ping_status":"open","sticky":false,"template":"","format":"standard","meta":{"jetpack_post_was_ever_published":false,"_jetpack_newsletter_access":"","_jetpack_dont_email_post_to_subs":false,"_jetpack_newsletter_tier_id":0,"_jetpack_memberships_contains_paywalled_content":false,"_jetpack_memberships_contains_paid_content":false,"footnotes":"","jetpack_publicize_message":"","jetpack_publicize_feature_enabled":true,"jetpack_social_post_already_shared":true,"jetpack_social_options":{"image_generator_settings":{"template":"highway","default_image_id":0,"font":"","enabled":false},"version":2}},"categories":[27,10,1,2],"tags":[],"class_list":["post-99668","post","type-post","status-publish","format-standard","has-post-thumbnail","hentry","category-blogu-i-udhetarit","category-kultura","category-njoftime-shtypi","category-politika"],"jetpack_publicize_connections":[],"jetpack_featured_media_url":"https:\/\/i0.wp.com\/www.shqiperia.com\/blog\/wp-content\/uploads\/2026\/04\/gazment-bardhi-ferit-hoxha.jpg?fit=765%2C447&ssl=1","jetpack_sharing_enabled":true,"jetpack_shortlink":"https:\/\/wp.me\/p5Z6wp-pVy","jetpack-related-posts":[{"id":80212,"url":"https:\/\/www.shqiperia.com\/blog\/po-griset-kushtetuta-sepse-deputetet-e-opozites-duan-te-jete-avokate-te-olsi-rames-bardhi-reagon-ashper-ka-kaluar-nje-muaj-nga-denoncimi-me-fakte-asnje-pergjigje\/","url_meta":{"origin":99668,"position":0},"title":"\u201cPo griset kushtetuta, sepse deputet\u00ebt e opozit\u00ebs duan t\u00eb jet\u00eb avokat\u00eb t\u00eb Olsi Ram\u00ebs&#8221;. &#8211;  Bardhi reagon ashp\u00ebr: &#8211; Ka kaluar nj\u00eb muaj nga denoncimi me fakte, asnj\u00eb p\u00ebrgjigje","author":"Kurt Farka","date":"April 17, 2024","format":false,"excerpt":"17 Prill 2024 Kreu i Grupit Parlametar t\u00eb Partis\u00eb Demokratike, Gazmend Bardhi n\u00eb nj\u00eb komunikim p\u00ebr mediat \u00ebsht\u00eb shprehur se PD do t\u00eb rip\u00ebrs\u00ebris\u00eb shqet\u00ebsimin p\u00ebr mohimin e t\u00eb drejtave t\u00eb opozit\u00ebs n\u00eb parlament. Bardhi \u00ebsht\u00eb shprehur se brenda dy jav\u00ebve dy k\u00ebrkesa t\u00eb deputet\u00ebve t\u00eb opozit\u00ebs jan\u00eb mohuar pa\u2026","rel":"","context":"In &quot;Blogu i Udh\u00ebtarit&quot;","block_context":{"text":"Blogu i Udh\u00ebtarit","link":"https:\/\/www.shqiperia.com\/blog\/category\/blogu-i-udhetarit\/"},"img":{"alt_text":"","src":"https:\/\/i0.wp.com\/www.shqiperia.com\/blog\/wp-content\/uploads\/2024\/04\/800-0-565198c897c407af82f0f6f6140b9f1e-1.jpeg?fit=800%2C481&ssl=1&resize=350%2C200","width":350,"height":200,"srcset":"https:\/\/i0.wp.com\/www.shqiperia.com\/blog\/wp-content\/uploads\/2024\/04\/800-0-565198c897c407af82f0f6f6140b9f1e-1.jpeg?fit=800%2C481&ssl=1&resize=350%2C200 1x, https:\/\/i0.wp.com\/www.shqiperia.com\/blog\/wp-content\/uploads\/2024\/04\/800-0-565198c897c407af82f0f6f6140b9f1e-1.jpeg?fit=800%2C481&ssl=1&resize=525%2C300 1.5x, https:\/\/i0.wp.com\/www.shqiperia.com\/blog\/wp-content\/uploads\/2024\/04\/800-0-565198c897c407af82f0f6f6140b9f1e-1.jpeg?fit=800%2C481&ssl=1&resize=700%2C400 2x"},"classes":[]},{"id":85072,"url":"https:\/\/www.shqiperia.com\/blog\/pse-ecja-mbrapsht-mund-te-jete-shume-e-mire-per-shendetin-dhe-trurin-tuaj\/","url_meta":{"origin":99668,"position":1},"title":"Pse ecja mbrapsht mund t\u00eb jet\u00eb shum\u00eb e mir\u00eb p\u00ebr sh\u00ebndetin dhe trurin tuaj","author":"Kurt Farka","date":"September 27, 2024","format":false,"excerpt":"27 Shtator 2024 Gjat\u00eb shekullit t\u00eb 19-t\u00eb, aktiviteti i \u201cecjes mbrapsht\u201d ishte nj\u00eb hob i \u00e7uditsh\u00ebm, por sot hulumtimet po zbulojn\u00eb se mund t\u00eb ket\u00eb p\u00ebrfitime reale p\u00ebr sh\u00ebndetin dhe trurin e njeriut. Patrick Harmon, nj\u00eb pronar 50-vje\u00e7ar i dyqanit t\u00eb purove, vendosi nj\u00eb bast n\u00eb vitin 1915 p\u00ebr t\u00eb\u2026","rel":"","context":"In &quot;Blogu i Udh\u00ebtarit&quot;","block_context":{"text":"Blogu i Udh\u00ebtarit","link":"https:\/\/www.shqiperia.com\/blog\/category\/blogu-i-udhetarit\/"},"img":{"alt_text":"","src":"https:\/\/i0.wp.com\/www.shqiperia.com\/blog\/wp-content\/uploads\/2024\/09\/63dcb4a503509.png?fit=911%2C490&ssl=1&resize=350%2C200","width":350,"height":200,"srcset":"https:\/\/i0.wp.com\/www.shqiperia.com\/blog\/wp-content\/uploads\/2024\/09\/63dcb4a503509.png?fit=911%2C490&ssl=1&resize=350%2C200 1x, https:\/\/i0.wp.com\/www.shqiperia.com\/blog\/wp-content\/uploads\/2024\/09\/63dcb4a503509.png?fit=911%2C490&ssl=1&resize=525%2C300 1.5x, https:\/\/i0.wp.com\/www.shqiperia.com\/blog\/wp-content\/uploads\/2024\/09\/63dcb4a503509.png?fit=911%2C490&ssl=1&resize=700%2C400 2x"},"classes":[]},{"id":79816,"url":"https:\/\/www.shqiperia.com\/blog\/gazmend-bardhi-blendi-fevziu-olsi-rama-ne-spak-dhe-ai-qe-po-i-futet-ne-pantallona-ulsiut\/","url_meta":{"origin":99668,"position":2},"title":"Gazmend Bardhi, Blendi Fevziu, &#8211; \u201cOlsi Rama n\u00eb SPAK\u201d (dhe ai q\u00eb po i futet n\u00eb pantallona Ulsiut).","author":"Kurt Farka","date":"April 2, 2024","format":false,"excerpt":"2 Prill 2024 Nga Adriatik Do\u00e7i Ka 10 vjet q\u00eb opozita humbet \u00e7do pal\u00eb zgjedhje, saq\u00eb vitet e fundit ka nisur t\u00eb zbehet edhe kureshtja p\u00ebr rezultatin. Krer\u00ebt e saj kan\u00eb pretendimet e tyre p\u00ebr shkaqet e serialit t\u00eb humbjeve n\u00eb 2013, 2015, 2017, 2019, 2021, 2023\u2026 Albert Einstein-it i\u2026","rel":"","context":"In &quot;Blogu i Udh\u00ebtarit&quot;","block_context":{"text":"Blogu i Udh\u00ebtarit","link":"https:\/\/www.shqiperia.com\/blog\/category\/blogu-i-udhetarit\/"},"img":{"alt_text":"","src":"https:\/\/i0.wp.com\/www.shqiperia.com\/blog\/wp-content\/uploads\/2024\/04\/800-0-ab3bfa5204db268caddbca6ded128966.jpg?fit=757%2C452&ssl=1&resize=350%2C200","width":350,"height":200,"srcset":"https:\/\/i0.wp.com\/www.shqiperia.com\/blog\/wp-content\/uploads\/2024\/04\/800-0-ab3bfa5204db268caddbca6ded128966.jpg?fit=757%2C452&ssl=1&resize=350%2C200 1x, https:\/\/i0.wp.com\/www.shqiperia.com\/blog\/wp-content\/uploads\/2024\/04\/800-0-ab3bfa5204db268caddbca6ded128966.jpg?fit=757%2C452&ssl=1&resize=525%2C300 1.5x, https:\/\/i0.wp.com\/www.shqiperia.com\/blog\/wp-content\/uploads\/2024\/04\/800-0-ab3bfa5204db268caddbca6ded128966.jpg?fit=757%2C452&ssl=1&resize=700%2C400 2x"},"classes":[]},{"id":81268,"url":"https:\/\/www.shqiperia.com\/blog\/pyetja-e-vetme-qe-me-bene-ishte-bardhi-del-nga-spak-vetem-pak-minuta-pasi-mberrin-ka-rinisur-hetimi-per-identifikimin-e-personave-te-perfshire\/","url_meta":{"origin":99668,"position":3},"title":"&#8220;Pyetja e vetme q\u00eb m\u00eb b\u00ebn\u00eb ishte&#8230;&#8221;, Bardhi del nga SPAK vet\u00ebm pak minuta pasi mb\u00ebrrin: &#8211; Ka rinisur hetimi p\u00ebr identifikimin e personave t\u00eb p\u00ebrfshir\u00eb","author":"Kurt Farka","date":"May 24, 2024","format":false,"excerpt":"24 Maji 2024 Deputeti i Rithemelimit, Gazment Bardhi \u00ebsht\u00eb paraqitur n\u00eb Prokurorin\u00eb e Posa\u00e7me (SPAK) k\u00ebt\u00eb t\u00eb premte (24 Maj), n\u00eb or\u00ebn 10:00 p\u00ebr t\u00eb d\u00ebshmuar n\u00eb lidhje me dosjen e laboratorit t\u00eb kokain\u00ebs n\u00eb Xibrak\u00eb, ku pretendon se n\u00eb t\u00eb \u00ebsht\u00eb i implikuar edhe Olsi Rama, v\u00ebllai i kryeministrit\u2026","rel":"","context":"In &quot;Blogu i Udh\u00ebtarit&quot;","block_context":{"text":"Blogu i Udh\u00ebtarit","link":"https:\/\/www.shqiperia.com\/blog\/category\/blogu-i-udhetarit\/"},"img":{"alt_text":"","src":"https:\/\/i0.wp.com\/www.shqiperia.com\/blog\/wp-content\/uploads\/2024\/05\/800-0-6650511fcdd9d.jpg?fit=800%2C453&ssl=1&resize=350%2C200","width":350,"height":200,"srcset":"https:\/\/i0.wp.com\/www.shqiperia.com\/blog\/wp-content\/uploads\/2024\/05\/800-0-6650511fcdd9d.jpg?fit=800%2C453&ssl=1&resize=350%2C200 1x, https:\/\/i0.wp.com\/www.shqiperia.com\/blog\/wp-content\/uploads\/2024\/05\/800-0-6650511fcdd9d.jpg?fit=800%2C453&ssl=1&resize=525%2C300 1.5x, https:\/\/i0.wp.com\/www.shqiperia.com\/blog\/wp-content\/uploads\/2024\/05\/800-0-6650511fcdd9d.jpg?fit=800%2C453&ssl=1&resize=700%2C400 2x"},"classes":[]},{"id":75580,"url":"https:\/\/www.shqiperia.com\/blog\/gazment-bardhi-basha-ka-humbur-eshte-fshehur-e-kam-pare-vetem-nje-here-te-vrapoje-ne\/","url_meta":{"origin":99668,"position":4},"title":"Gazment Bardhi &#8211; \u00a0Basha ka humbur, \u00ebsht\u00eb fshehur. E kam par\u00eb vet\u00ebm nj\u00eb her\u00eb t\u00eb vrapoj\u00eb n\u00eb\u2026","author":"Kurt Farka","date":"November 14, 2023","format":false,"excerpt":"14 Nentor 2023 Kreu i Grupit t\u00eb opozit\u00ebs, Gazment Bardhi ka deklaruar se kryetari i Partis\u00eb Demokratike, Lulzim Basha i ka humbur nga syt\u00eb. Ai deklaroi se kushdo q\u00eb ndihet opozit\u00eb, mund t\u2019i bashkohet aksionit opozitar, por i drejtua gazetar\u00ebve duke th\u00ebn\u00eb se: \u201cK\u00ebrkojeni q\u00eb t\u00eb dal\u00eb n\u00ebse \u00ebsht\u00eb fshehur\u201d.\u2026","rel":"","context":"In &quot;Blogu i Udh\u00ebtarit&quot;","block_context":{"text":"Blogu i Udh\u00ebtarit","link":"https:\/\/www.shqiperia.com\/blog\/category\/blogu-i-udhetarit\/"},"img":{"alt_text":"","src":"https:\/\/i0.wp.com\/www.shqiperia.com\/blog\/wp-content\/uploads\/2023\/11\/basha-ner-prokurori-850x450-1.jpg?fit=850%2C450&ssl=1&resize=350%2C200","width":350,"height":200,"srcset":"https:\/\/i0.wp.com\/www.shqiperia.com\/blog\/wp-content\/uploads\/2023\/11\/basha-ner-prokurori-850x450-1.jpg?fit=850%2C450&ssl=1&resize=350%2C200 1x, https:\/\/i0.wp.com\/www.shqiperia.com\/blog\/wp-content\/uploads\/2023\/11\/basha-ner-prokurori-850x450-1.jpg?fit=850%2C450&ssl=1&resize=525%2C300 1.5x, https:\/\/i0.wp.com\/www.shqiperia.com\/blog\/wp-content\/uploads\/2023\/11\/basha-ner-prokurori-850x450-1.jpg?fit=850%2C450&ssl=1&resize=700%2C400 2x"},"classes":[]},{"id":69614,"url":"https:\/\/www.shqiperia.com\/blog\/deputeti-flamur-hoxha-propozim-te-ri-deget-e-pd-te-zgjedhin-kandidatin-ne-ti-mbeshtesim-pavaresisht-se-ku-regjistrohen\/","url_meta":{"origin":99668,"position":5},"title":"Deputeti Flamur Hoxha propozim t\u00eb ri: &#8211; Deg\u00ebt e PD t\u00eb zgjedhin kandidatin, ne t&#8217;i mb\u00ebshtesim pavar\u00ebsisht se ku regjistrohen","author":"Kurt Farka","date":"March 14, 2023","format":false,"excerpt":"14 Mars 2023 Flamur Hoxha, i mandatuar bashk\u00eb me koleg\u00ebt Gazmend Bardhi dhe Merita Bakiu p\u00ebr t\u00eb gjetur nj\u00eb zgjidhje me pjes\u00ebn tjeter t\u00eb Partis\u00eb Demorkatike p\u00ebr 14 majin, ka ofruar nj\u00eb formul\u00eb t\u00eb re bashkimi p\u00ebr demorkat\u00ebt. Hoxha tha se p\u00ebr t\u00eb dal\u00eb me kandidat t\u00eb p\u00ebrbashk\u00ebt, pal\u00ebt do\u2026","rel":"","context":"In &quot;Blogu i Udh\u00ebtarit&quot;","block_context":{"text":"Blogu i Udh\u00ebtarit","link":"https:\/\/www.shqiperia.com\/blog\/category\/blogu-i-udhetarit\/"},"img":{"alt_text":"","src":"https:\/\/i0.wp.com\/www.shqiperia.com\/blog\/wp-content\/uploads\/2023\/03\/1647090063_muli-1.jpg?fit=780%2C440&ssl=1&resize=350%2C200","width":350,"height":200,"srcset":"https:\/\/i0.wp.com\/www.shqiperia.com\/blog\/wp-content\/uploads\/2023\/03\/1647090063_muli-1.jpg?fit=780%2C440&ssl=1&resize=350%2C200 1x, https:\/\/i0.wp.com\/www.shqiperia.com\/blog\/wp-content\/uploads\/2023\/03\/1647090063_muli-1.jpg?fit=780%2C440&ssl=1&resize=525%2C300 1.5x, https:\/\/i0.wp.com\/www.shqiperia.com\/blog\/wp-content\/uploads\/2023\/03\/1647090063_muli-1.jpg?fit=780%2C440&ssl=1&resize=700%2C400 2x"},"classes":[]}],"_links":{"self":[{"href":"https:\/\/www.shqiperia.com\/blog\/wp-json\/wp\/v2\/posts\/99668","targetHints":{"allow":["GET"]}}],"collection":[{"href":"https:\/\/www.shqiperia.com\/blog\/wp-json\/wp\/v2\/posts"}],"about":[{"href":"https:\/\/www.shqiperia.com\/blog\/wp-json\/wp\/v2\/types\/post"}],"author":[{"embeddable":true,"href":"https:\/\/www.shqiperia.com\/blog\/wp-json\/wp\/v2\/users\/9"}],"replies":[{"embeddable":true,"href":"https:\/\/www.shqiperia.com\/blog\/wp-json\/wp\/v2\/comments?post=99668"}],"version-history":[{"count":1,"href":"https:\/\/www.shqiperia.com\/blog\/wp-json\/wp\/v2\/posts\/99668\/revisions"}],"predecessor-version":[{"id":99670,"href":"https:\/\/www.shqiperia.com\/blog\/wp-json\/wp\/v2\/posts\/99668\/revisions\/99670"}],"wp:featuredmedia":[{"embeddable":true,"href":"https:\/\/www.shqiperia.com\/blog\/wp-json\/wp\/v2\/media\/99669"}],"wp:attachment":[{"href":"https:\/\/www.shqiperia.com\/blog\/wp-json\/wp\/v2\/media?parent=99668"}],"wp:term":[{"taxonomy":"category","embeddable":true,"href":"https:\/\/www.shqiperia.com\/blog\/wp-json\/wp\/v2\/categories?post=99668"},{"taxonomy":"post_tag","embeddable":true,"href":"https:\/\/www.shqiperia.com\/blog\/wp-json\/wp\/v2\/tags?post=99668"}],"curies":[{"name":"wp","href":"https:\/\/api.w.org\/{rel}","templated":true}]}}