{"id":99661,"date":"2026-04-27T17:16:03","date_gmt":"2026-04-27T17:16:03","guid":{"rendered":"https:\/\/www.shqiperia.com\/blog\/?p=99661"},"modified":"2026-04-27T17:16:03","modified_gmt":"2026-04-27T17:16:03","slug":"rama-paralajmeron-spiropalin-po-ndodhi-edhe-nje-here-do-te","status":"publish","type":"post","link":"https:\/\/www.shqiperia.com\/blog\/rama-paralajmeron-spiropalin-po-ndodhi-edhe-nje-here-do-te\/","title":{"rendered":"Rama paralajm\u00ebron Spiropalin: &#8211; Po ndodhi edhe nj\u00eb her\u00eb do t\u00eb&#8230;"},"content":{"rendered":"<p><img data-recalc-dims=\"1\" loading=\"lazy\" decoding=\"async\" data-attachment-id=\"99397\" data-permalink=\"https:\/\/www.shqiperia.com\/blog\/afera-partizani-gjkko-pranon-kerkesen-e-mbrojtjes-per-thirrjen-e-edi-rames\/edi-rama-154\/\" data-orig-file=\"https:\/\/i0.wp.com\/www.shqiperia.com\/blog\/wp-content\/uploads\/2026\/04\/edi-rama.jpg?fit=1295%2C948&amp;ssl=1\" data-orig-size=\"1295,948\" data-comments-opened=\"1\" data-image-meta=\"{&quot;aperture&quot;:&quot;0&quot;,&quot;credit&quot;:&quot;Panorama Live&quot;,&quot;camera&quot;:&quot;&quot;,&quot;caption&quot;:&quot;&quot;,&quot;created_timestamp&quot;:&quot;1773084630&quot;,&quot;copyright&quot;:&quot;&quot;,&quot;focal_length&quot;:&quot;0&quot;,&quot;iso&quot;:&quot;0&quot;,&quot;shutter_speed&quot;:&quot;0&quot;,&quot;title&quot;:&quot;&quot;,&quot;orientation&quot;:&quot;0&quot;}\" data-image-title=\"edi rama\" data-image-description=\"\" data-image-caption=\"\" data-medium-file=\"https:\/\/i0.wp.com\/www.shqiperia.com\/blog\/wp-content\/uploads\/2026\/04\/edi-rama.jpg?fit=300%2C220&amp;ssl=1\" data-large-file=\"https:\/\/i0.wp.com\/www.shqiperia.com\/blog\/wp-content\/uploads\/2026\/04\/edi-rama.jpg?fit=1024%2C750&amp;ssl=1\" class=\"alignnone  wp-image-99397\" alt=\"\" src=\"https:\/\/i0.wp.com\/www.shqiperia.com\/blog\/wp-content\/uploads\/2026\/04\/edi-rama.jpg?resize=541%2C397&#038;ssl=1\" width=\"541\" height=\"397\" srcset=\"https:\/\/i0.wp.com\/www.shqiperia.com\/blog\/wp-content\/uploads\/2026\/04\/edi-rama.jpg?resize=300%2C220&amp;ssl=1 300w, https:\/\/i0.wp.com\/www.shqiperia.com\/blog\/wp-content\/uploads\/2026\/04\/edi-rama.jpg?resize=1024%2C750&amp;ssl=1 1024w, https:\/\/i0.wp.com\/www.shqiperia.com\/blog\/wp-content\/uploads\/2026\/04\/edi-rama.jpg?resize=768%2C562&amp;ssl=1 768w, https:\/\/i0.wp.com\/www.shqiperia.com\/blog\/wp-content\/uploads\/2026\/04\/edi-rama.jpg?resize=450%2C329&amp;ssl=1 450w, https:\/\/i0.wp.com\/www.shqiperia.com\/blog\/wp-content\/uploads\/2026\/04\/edi-rama.jpg?resize=600%2C439&amp;ssl=1 600w, https:\/\/i0.wp.com\/www.shqiperia.com\/blog\/wp-content\/uploads\/2026\/04\/edi-rama.jpg?resize=400%2C293&amp;ssl=1 400w, https:\/\/i0.wp.com\/www.shqiperia.com\/blog\/wp-content\/uploads\/2026\/04\/edi-rama.jpg?w=1295&amp;ssl=1 1295w\" sizes=\"auto, (max-width: 541px) 100vw, 541px\" \/><\/p>\n<p>27\u00a0 Prill 2026<\/p>\n<p>Kryeministri Edi Rama ka paralajm\u00ebruar p\u00ebrjashtimin e deputetes Elisa Spiropali nga Grupi Parlamentar, pas q\u00ebndrimeve dhe postimeve t\u00eb saj n\u00eb rrjetet sociale.<\/p>\n<p>Burime p\u00ebr &#8220;Ora News&#8221; b\u00ebjn\u00eb me dije se Rama, gjat\u00eb fjal\u00ebs s\u00eb tij n\u00eb fund t\u00eb mbledhjes s\u00eb k\u00ebsaj t\u00eb h\u00ebne, \u00ebsht\u00eb ndalur disa minuta tek Spiropali, duke p\u00ebrmendur munges\u00ebn e saj n\u00eb votime dhe reagimet publike.<\/p>\n<p>\u201cHer\u00ebn e par\u00eb nuk erdhe n\u00eb votim. Her\u00ebn e dyt\u00eb b\u00ebr\u00eb \u00e7ar\u00e7afin (i referohet postimit n\u00eb fb) dhe her\u00ebn e tret\u00eb nuk ka, del jasht\u00eb k\u00ebtij grupi\u201d, m\u00ebsohet t\u00eb ket\u00eb th\u00ebn\u00eb Rama, duke e paralajm\u00ebruar p\u00ebr p\u00ebrjashtim nga grupi parlamentar.<\/p>\n<p>Kryeministri, sipas t\u00eb nj\u00ebjtave burime, ka theksuar gjithashtu se n\u00eb parti \u201cnuk mund t\u00eb krijohen drama\u201d, duke iu drejtuar drejtp\u00ebrdrejt Spiropalit:<\/p>\n<p>\u201cTek puna e partis\u00eb nuk mund t\u00eb b\u00ebni drama, dhe p\u00ebr k\u00ebt\u00eb po t\u00eb drejtohem ty Elisa. Nuk dua t\u00eb krijoni situata n\u00eb parti. Partia ka dy ngjyra, bardh\u00eb e zi. ose bardh\u00eb dhe me ne, ose zi dhe p\u00ebrball\u00eb nesh.\u201d<\/p>\n<p>M\u00eb tej, Rama ka shtuar se kjo ishte p\u00ebrgjigje p\u00ebr postimet e saj n\u00eb rrjetet sociale. N\u00eb fund t\u00eb mbledhjes, sipas burimeve, Elisa Spiropali ka k\u00ebrkuar t\u00eb marr\u00eb fjal\u00ebn, por nuk \u00ebsht\u00eb lejuar.<\/p>\n<p>\u201cTi s\u2019mund t\u00eb replikosh k\u00ebtu, ti nuk merr fjal\u00eb m\u00eb, me ty \u00ebsht\u00eb investuar PS dhe un\u00eb\u201d, m\u00ebsohet t\u00eb ket\u00eb th\u00ebn\u00eb kryeministri n\u00eb p\u00ebrfundim t\u00eb diskutimit.<\/p>\n","protected":false},"excerpt":{"rendered":"<p>27\u00a0 Prill 2026 Kryeministri Edi Rama ka paralajm\u00ebruar p\u00ebrjashtimin e deputetes Elisa Spiropali nga Grupi Parlamentar, pas q\u00ebndrimeve dhe postimeve t\u00eb saj n\u00eb rrjetet sociale. Burime p\u00ebr &#8220;Ora News&#8221; b\u00ebjn\u00eb me dije se Rama, gjat\u00eb fjal\u00ebs s\u00eb tij n\u00eb fund t\u00eb mbledhjes s\u00eb k\u00ebsaj t\u00eb h\u00ebne, \u00ebsht\u00eb ndalur disa minuta tek Spiropali, duke p\u00ebrmendur munges\u00ebn [&hellip;]<\/p>\n","protected":false},"author":9,"featured_media":0,"comment_status":"open","ping_status":"open","sticky":false,"template":"","format":"standard","meta":{"jetpack_post_was_ever_published":false,"_jetpack_newsletter_access":"","_jetpack_dont_email_post_to_subs":false,"_jetpack_newsletter_tier_id":0,"_jetpack_memberships_contains_paywalled_content":false,"_jetpack_memberships_contains_paid_content":false,"footnotes":"","jetpack_publicize_message":"","jetpack_publicize_feature_enabled":true,"jetpack_social_post_already_shared":true,"jetpack_social_options":{"image_generator_settings":{"template":"highway","default_image_id":0,"font":"","enabled":false},"version":2}},"categories":[27,10,1,2],"tags":[],"class_list":["post-99661","post","type-post","status-publish","format-standard","hentry","category-blogu-i-udhetarit","category-kultura","category-njoftime-shtypi","category-politika"],"jetpack_publicize_connections":[],"jetpack_featured_media_url":"","jetpack_sharing_enabled":true,"jetpack_shortlink":"https:\/\/wp.me\/p5Z6wp-pVr","jetpack-related-posts":[{"id":98179,"url":"https:\/\/www.shqiperia.com\/blog\/foli-nen-ze-se-belinda-po-krijon-kalaja-spiropali-kerkoi-distancimin-e-ps-nga-belinda\/","url_meta":{"origin":99661,"position":0},"title":"\u201cFoli n\u00ebn z\u00eb se Belinda po krijon\u2026\u201d\/ Kalaja: Spiropali k\u00ebrkoi distancimin e PS nga Belinda","author":"Kurt Farka","date":"March 6, 2026","format":false,"excerpt":"6 Mars 2026 Ish-kandidati i PD n\u00eb qarkun e Durr\u00ebsit, n\u00eb zgjedhjet e p\u00ebrgjithshme t\u00eb 11 majit, Aulon Kalaja, i ftuar n\u00eb nje studio televizive, deklaroi se arsyeja pse Elisa Spiropali u largua nga qeveria, \u00ebsht\u00eb nd\u00ebr t\u00eb tjera dhe q\u00ebndrimi i saj ndaj ish-zv\/kryeministres Belinda Balluku. Kalaja tha se\u2026","rel":"","context":"In &quot;Blogu i Udh\u00ebtarit&quot;","block_context":{"text":"Blogu i Udh\u00ebtarit","link":"https:\/\/www.shqiperia.com\/blog\/category\/blogu-i-udhetarit\/"},"img":{"alt_text":"","src":"https:\/\/i0.wp.com\/www.shqiperia.com\/blog\/wp-content\/uploads\/2026\/03\/aulon-kalaja.jpg?fit=900%2C506&ssl=1&resize=350%2C200","width":350,"height":200,"srcset":"https:\/\/i0.wp.com\/www.shqiperia.com\/blog\/wp-content\/uploads\/2026\/03\/aulon-kalaja.jpg?fit=900%2C506&ssl=1&resize=350%2C200 1x, https:\/\/i0.wp.com\/www.shqiperia.com\/blog\/wp-content\/uploads\/2026\/03\/aulon-kalaja.jpg?fit=900%2C506&ssl=1&resize=525%2C300 1.5x, https:\/\/i0.wp.com\/www.shqiperia.com\/blog\/wp-content\/uploads\/2026\/03\/aulon-kalaja.jpg?fit=900%2C506&ssl=1&resize=700%2C400 2x"},"classes":[]},{"id":98911,"url":"https:\/\/www.shqiperia.com\/blog\/edi-rama-paralajmeron-shkermoqjen-e-ps-ne-fraksione-situata-e-degraduar-e-mazhorances-detyron-kryeministrin\/","url_meta":{"origin":99661,"position":1},"title":"Edi Rama paralajm\u00ebron shk\u00ebrmoqjen e PS n\u00eb fraksione, situata e degraduar e mazhoranc\u00ebs detyron kryeministrin\u2026","author":"Kurt Farka","date":"March 31, 2026","format":false,"excerpt":"31 Mars 2026 Nj\u00eb alarm i fort\u00eb ka tronditur korridoret e pushtetit, teksa kryeministri Edi Rama ka paralajm\u00ebruar p\u00ebr nj\u00eb skenar t\u00eb err\u00ebt brenda Partia Socialiste. Burime nga mbledhja e fundit e zgjeruar e grupit parlamentar socialiste dhe qeveris\u00eb e mbajtur k\u00ebt\u00eb fundjav\u00eb (t\u00eb shtun\u00eb 28 mars 2026) flasin p\u00ebr\u2026","rel":"","context":"In &quot;Blogu i Udh\u00ebtarit&quot;","block_context":{"text":"Blogu i Udh\u00ebtarit","link":"https:\/\/www.shqiperia.com\/blog\/category\/blogu-i-udhetarit\/"},"img":{"alt_text":"","src":"https:\/\/i0.wp.com\/www.shqiperia.com\/blog\/wp-content\/uploads\/2026\/02\/Rruga-eshte-hapur--300x245.jpg?resize=350%2C200&ssl=1","width":350,"height":200,"srcset":"https:\/\/i0.wp.com\/www.shqiperia.com\/blog\/wp-content\/uploads\/2026\/02\/Rruga-eshte-hapur--300x245.jpg?resize=350%2C200&ssl=1 1x, https:\/\/i0.wp.com\/www.shqiperia.com\/blog\/wp-content\/uploads\/2026\/02\/Rruga-eshte-hapur--300x245.jpg?resize=525%2C300&ssl=1 1.5x"},"classes":[]},{"id":66840,"url":"https:\/\/www.shqiperia.com\/blog\/nisma-per-shkarkimin-e-lindita-nikolles-e-iniciuar-nga-vete-kryeministri-per-te-hequr-vemendjen-nga-kerkesa-per-doreheqjen-e-tij\/","url_meta":{"origin":99661,"position":2},"title":"Nisma p\u00ebr shkarkimin e Lindita Nikoll\u00ebs, e iniciuar nga vet\u00eb kryeministri p\u00ebr t\u00eb hequr v\u00ebmendjen nga k\u00ebrkesa p\u00ebr dor\u00ebheqjen e tij","author":"Kurt Farka","date":"January 27, 2023","format":false,"excerpt":"27 Janar 2023 Deputeti i Partis\u00eb Demokratike, Tritan Shehu thot\u00eb se pas k\u00ebrkes\u00ebs s\u00eb Enkelejt Alibeaj p\u00ebr shkarkimin e kryetares s\u00eb Kuvendit, Lindita Nikolla \u00ebsht\u00eb e iniciuar nga vet\u00eb kryeministri Rama p\u00ebr t\u00eb hequr v\u00ebmendjen dor\u00ebheqja e tij pas skandalit me McGonigal. Shehu n\u00eb nj\u00eb intervist\u00eb p\u00ebr Panorama TV tha\u2026","rel":"","context":"In &quot;Blogu i Udh\u00ebtarit&quot;","block_context":{"text":"Blogu i Udh\u00ebtarit","link":"https:\/\/www.shqiperia.com\/blog\/category\/blogu-i-udhetarit\/"},"img":{"alt_text":"","src":"https:\/\/i0.wp.com\/www.shqiperia.com\/blog\/wp-content\/uploads\/2023\/01\/635030FC-A43E-4E8C-9FA0-D0408F92270C-300x182.jpeg?resize=350%2C200&ssl=1","width":350,"height":200,"srcset":"https:\/\/i0.wp.com\/www.shqiperia.com\/blog\/wp-content\/uploads\/2023\/01\/635030FC-A43E-4E8C-9FA0-D0408F92270C-300x182.jpeg?resize=350%2C200&ssl=1 1x, https:\/\/i0.wp.com\/www.shqiperia.com\/blog\/wp-content\/uploads\/2023\/01\/635030FC-A43E-4E8C-9FA0-D0408F92270C-300x182.jpeg?resize=525%2C300&ssl=1 1.5x"},"classes":[]},{"id":15237,"url":"https:\/\/www.shqiperia.com\/blog\/zbardhet-mbledhja-me-dyer-te-mbyllura-e-kryesise-se-ps-cfare-u-vendos-per-ndryshimet-ne-kabinet\/","url_meta":{"origin":99661,"position":3},"title":"Zbardhet mbledhja me dyer t\u00eb mbyllura e Kryesis\u00eb s\u00eb PS, \u00e7far\u00eb u vendos p\u00ebr ndryshimet n\u00eb kabinet. &#8211;","author":"Kurt Farka","date":"December 24, 2018","format":false,"excerpt":"Zbardhet mbledhja me dyer t\u00eb mbyllura e Kryesis\u00eb s\u00eb PS, \u00e7far\u00eb u vendos p\u00ebr ndryshimet n\u00eb kabinet. - 24dhjetor, 2018 Kryesia e Partis\u00eb Socialiste ka vendosur t\u00eb th\u00ebrras\u00eb dit\u00ebn e premte Asamblen\u00eb e P\u00ebrgjithshme t\u00eb PS-s\u00eb. Nd\u00ebrkoh\u00eb q\u00eb po sot, Kryesia ka vendosur t\u00eb mbledh\u00eb n\u00eb 30 mars, Kongresin e\u2026","rel":"","context":"In &quot;Blogu i Udh\u00ebtarit&quot;","block_context":{"text":"Blogu i Udh\u00ebtarit","link":"https:\/\/www.shqiperia.com\/blog\/category\/blogu-i-udhetarit\/"},"img":{"alt_text":"","src":"https:\/\/i0.wp.com\/www.shqiperia.com\/blog\/wp-content\/uploads\/2018\/12\/rama-kryesia2-1024x774.jpg?fit=1024%2C520&ssl=1&resize=350%2C200","width":350,"height":200,"srcset":"https:\/\/i0.wp.com\/www.shqiperia.com\/blog\/wp-content\/uploads\/2018\/12\/rama-kryesia2-1024x774.jpg?fit=1024%2C520&ssl=1&resize=350%2C200 1x, https:\/\/i0.wp.com\/www.shqiperia.com\/blog\/wp-content\/uploads\/2018\/12\/rama-kryesia2-1024x774.jpg?fit=1024%2C520&ssl=1&resize=525%2C300 1.5x, https:\/\/i0.wp.com\/www.shqiperia.com\/blog\/wp-content\/uploads\/2018\/12\/rama-kryesia2-1024x774.jpg?fit=1024%2C520&ssl=1&resize=700%2C400 2x"},"classes":[]},{"id":86987,"url":"https:\/\/www.shqiperia.com\/blog\/grupi-parlamentar-i-pd-kerkon-me-kerkese-urgjente-ndaj-kryeministrit-rama\/","url_meta":{"origin":99661,"position":4},"title":"Grupi Parlamentar i PD k\u00ebrkon me k\u00ebrkes\u00eb urgjente ndaj kryeministrit Rama","author":"Kurt Farka","date":"December 2, 2024","format":false,"excerpt":"2 Dhjetor 2024 Grupi Parlamentar i PD ka k\u00ebrkuar nj\u00eb interpelanc\u00eb urgjente me kryeministrin Edi Rama. Kryetari i Grupit Parlamentar t\u00eb PD, Gazment Bardhi i \u00ebsht\u00eb drejtuar me nj\u00eb shkres\u00eb kryeparlamentares, Elisa Spiropali, ku n\u00eb mb\u00ebshtetje t\u00eb nenit 80 t\u00eb Kushtetut\u00ebs s\u00eb Shqip\u00ebris\u00eb dhe neni 97 t\u00eb Rregullores s\u00eb Kuvendit,\u2026","rel":"","context":"In &quot;Blogu i Udh\u00ebtarit&quot;","block_context":{"text":"Blogu i Udh\u00ebtarit","link":"https:\/\/www.shqiperia.com\/blog\/category\/blogu-i-udhetarit\/"},"img":{"alt_text":"","src":"https:\/\/i0.wp.com\/www.shqiperia.com\/blog\/wp-content\/uploads\/2024\/12\/97994874_2727663004123652_.jpg.webp?fit=905%2C450&ssl=1&resize=350%2C200","width":350,"height":200,"srcset":"https:\/\/i0.wp.com\/www.shqiperia.com\/blog\/wp-content\/uploads\/2024\/12\/97994874_2727663004123652_.jpg.webp?fit=905%2C450&ssl=1&resize=350%2C200 1x, https:\/\/i0.wp.com\/www.shqiperia.com\/blog\/wp-content\/uploads\/2024\/12\/97994874_2727663004123652_.jpg.webp?fit=905%2C450&ssl=1&resize=525%2C300 1.5x, https:\/\/i0.wp.com\/www.shqiperia.com\/blog\/wp-content\/uploads\/2024\/12\/97994874_2727663004123652_.jpg.webp?fit=905%2C450&ssl=1&resize=700%2C400 2x"},"classes":[]},{"id":98155,"url":"https:\/\/www.shqiperia.com\/blog\/rama-e-perzuri-spiropalin-pas-takimeve-ne-shtepine-e-bardhe-kellici-zbardh-prapaskenat-kryeministri-u-frikesua\/","url_meta":{"origin":99661,"position":5},"title":"\u201cRama e p\u00ebrzuri Spiropalin pas takimeve n\u00eb Sht\u00ebpin\u00eb e Bardh\u00eb\u201d, K\u00eblli\u00e7i zbardh prapaskenat: Kryeministri u frik\u00ebsua..","author":"Kurt Farka","date":"March 5, 2026","format":false,"excerpt":"5 Mars 2026 Deputeti demokrat Belind K\u00eblli\u00e7i zbardhi sot n\u00eb nj\u00eb emision televiziv tregon prapaskenat e shkarkimit t\u00eb Elisa Spiropalit nga kryeministri Edi Rama. I kthyer n\u00eb Kuvend pas pezullimit p\u00ebr mbi 2 muaj, vendim i marr\u00eb nga maxhoranca, K\u00eblli\u00e7i tha se gjeti nj\u00eb situat\u00eb t\u00eb tensionuar brenda maxhoran c\u00ebs.\u2026","rel":"","context":"In &quot;Blogu i Udh\u00ebtarit&quot;","block_context":{"text":"Blogu i Udh\u00ebtarit","link":"https:\/\/www.shqiperia.com\/blog\/category\/blogu-i-udhetarit\/"},"img":{"alt_text":"","src":"https:\/\/i0.wp.com\/www.shqiperia.com\/blog\/wp-content\/uploads\/2026\/03\/640-0-2d503d149071e6139289845c1d0fdf60.jpg?fit=640%2C336&ssl=1&resize=350%2C200","width":350,"height":200,"srcset":"https:\/\/i0.wp.com\/www.shqiperia.com\/blog\/wp-content\/uploads\/2026\/03\/640-0-2d503d149071e6139289845c1d0fdf60.jpg?fit=640%2C336&ssl=1&resize=350%2C200 1x, https:\/\/i0.wp.com\/www.shqiperia.com\/blog\/wp-content\/uploads\/2026\/03\/640-0-2d503d149071e6139289845c1d0fdf60.jpg?fit=640%2C336&ssl=1&resize=525%2C300 1.5x"},"classes":[]}],"_links":{"self":[{"href":"https:\/\/www.shqiperia.com\/blog\/wp-json\/wp\/v2\/posts\/99661","targetHints":{"allow":["GET"]}}],"collection":[{"href":"https:\/\/www.shqiperia.com\/blog\/wp-json\/wp\/v2\/posts"}],"about":[{"href":"https:\/\/www.shqiperia.com\/blog\/wp-json\/wp\/v2\/types\/post"}],"author":[{"embeddable":true,"href":"https:\/\/www.shqiperia.com\/blog\/wp-json\/wp\/v2\/users\/9"}],"replies":[{"embeddable":true,"href":"https:\/\/www.shqiperia.com\/blog\/wp-json\/wp\/v2\/comments?post=99661"}],"version-history":[{"count":1,"href":"https:\/\/www.shqiperia.com\/blog\/wp-json\/wp\/v2\/posts\/99661\/revisions"}],"predecessor-version":[{"id":99662,"href":"https:\/\/www.shqiperia.com\/blog\/wp-json\/wp\/v2\/posts\/99661\/revisions\/99662"}],"wp:attachment":[{"href":"https:\/\/www.shqiperia.com\/blog\/wp-json\/wp\/v2\/media?parent=99661"}],"wp:term":[{"taxonomy":"category","embeddable":true,"href":"https:\/\/www.shqiperia.com\/blog\/wp-json\/wp\/v2\/categories?post=99661"},{"taxonomy":"post_tag","embeddable":true,"href":"https:\/\/www.shqiperia.com\/blog\/wp-json\/wp\/v2\/tags?post=99661"}],"curies":[{"name":"wp","href":"https:\/\/api.w.org\/{rel}","templated":true}]}}