{"id":99657,"date":"2026-04-27T17:12:25","date_gmt":"2026-04-27T17:12:25","guid":{"rendered":"https:\/\/www.shqiperia.com\/blog\/?p=99657"},"modified":"2026-04-27T17:12:25","modified_gmt":"2026-04-27T17:12:25","slug":"as-terroristet-nuk-i-lene-ne-kafaz-meta-gjykim-ne-kafazin-e-xhamte-avokati-gjokutaj-denigruese","status":"publish","type":"post","link":"https:\/\/www.shqiperia.com\/blog\/as-terroristet-nuk-i-lene-ne-kafaz-meta-gjykim-ne-kafazin-e-xhamte-avokati-gjokutaj-denigruese\/","title":{"rendered":"\u201cAs terrorist\u00ebt nuk i l\u00ebn\u00eb n\u00eb kafaz\u201d\/ Meta gjykim n\u00eb kafazin e xhamt\u00eb, avokati Gjokutaj: Denigruese"},"content":{"rendered":"<p><img data-recalc-dims=\"1\" loading=\"lazy\" decoding=\"async\" data-attachment-id=\"99659\" data-permalink=\"https:\/\/www.shqiperia.com\/blog\/as-terroristet-nuk-i-lene-ne-kafaz-meta-gjykim-ne-kafazin-e-xhamte-avokati-gjokutaj-denigruese\/gjokutaj-1\/\" data-orig-file=\"https:\/\/i0.wp.com\/www.shqiperia.com\/blog\/wp-content\/uploads\/2026\/04\/gjokutaj-1.jpg?fit=675%2C361&amp;ssl=1\" data-orig-size=\"675,361\" data-comments-opened=\"1\" data-image-meta=\"{&quot;aperture&quot;:&quot;0&quot;,&quot;credit&quot;:&quot;Panorama Live&quot;,&quot;camera&quot;:&quot;&quot;,&quot;caption&quot;:&quot;&quot;,&quot;created_timestamp&quot;:&quot;1680721728&quot;,&quot;copyright&quot;:&quot;&quot;,&quot;focal_length&quot;:&quot;0&quot;,&quot;iso&quot;:&quot;0&quot;,&quot;shutter_speed&quot;:&quot;0&quot;,&quot;title&quot;:&quot;&quot;,&quot;orientation&quot;:&quot;0&quot;}\" data-image-title=\"gjokutaj-1\" data-image-description=\"\" data-image-caption=\"\" data-medium-file=\"https:\/\/i0.wp.com\/www.shqiperia.com\/blog\/wp-content\/uploads\/2026\/04\/gjokutaj-1.jpg?fit=300%2C160&amp;ssl=1\" data-large-file=\"https:\/\/i0.wp.com\/www.shqiperia.com\/blog\/wp-content\/uploads\/2026\/04\/gjokutaj-1.jpg?fit=675%2C361&amp;ssl=1\" class=\"alignnone  wp-image-99659\" alt=\"\" src=\"https:\/\/i0.wp.com\/www.shqiperia.com\/blog\/wp-content\/uploads\/2026\/04\/gjokutaj-1.jpg?resize=626%2C334&#038;ssl=1\" width=\"626\" height=\"334\" srcset=\"https:\/\/i0.wp.com\/www.shqiperia.com\/blog\/wp-content\/uploads\/2026\/04\/gjokutaj-1.jpg?resize=300%2C160&amp;ssl=1 300w, https:\/\/i0.wp.com\/www.shqiperia.com\/blog\/wp-content\/uploads\/2026\/04\/gjokutaj-1.jpg?resize=450%2C241&amp;ssl=1 450w, https:\/\/i0.wp.com\/www.shqiperia.com\/blog\/wp-content\/uploads\/2026\/04\/gjokutaj-1.jpg?resize=600%2C321&amp;ssl=1 600w, https:\/\/i0.wp.com\/www.shqiperia.com\/blog\/wp-content\/uploads\/2026\/04\/gjokutaj-1.jpg?resize=400%2C214&amp;ssl=1 400w, https:\/\/i0.wp.com\/www.shqiperia.com\/blog\/wp-content\/uploads\/2026\/04\/gjokutaj-1.jpg?w=675&amp;ssl=1 675w\" sizes=\"auto, (max-width: 626px) 100vw, 626px\" \/><\/p>\n<p>27 Prill 2026<\/p>\n<p>N\u00eb gjykat\u00ebn kund\u00ebr Korrupsionit dhe Krimit t\u00eb Organizuar nisi sot gjyqi n\u00eb themel ndaj Ilir Met\u00ebs. P\u00ebr avokatin Genc Gjokutaj mbajtja e ish- presidentit t\u00eb Republik\u00ebs Ilir Meta n\u00eb nj\u00eb kafaz xhami \u00ebsht\u00eb praktik\u00eb si denigruese dhe n\u00eb kund\u00ebrshtim me parimet themelore t\u00eb drejt\u00ebsis\u00eb<\/p>\n<p>I ftuar n\u00eb nje studio televizive Gjokutaj n\u00ebnvizoi se vendosja e nj\u00eb t\u00eb pandehuri, aq m\u00eb tep\u00ebr nj\u00eb ish-kryetar shteti pa rrezikshm\u00ebri shoq\u00ebrore, brenda nj\u00eb kafazi xhami \u00ebsht\u00eb nj\u00eb praktik\u00eb e d\u00ebnuar edhe nga Gjykata e Strasburgut.<\/p>\n<p>Ai theksoi se kjo mas\u00eb c\u00ebnon r\u00ebnd\u00eb dinjitetin njer\u00ebzor, por edhe aspektin praktik t\u00eb mbrojtjes e b\u00ebn t\u00eb pamundur nj\u00eb mbrojtje efektive.<\/p>\n<p>\u201cP\u00ebr dijenin\u00eb tuaj ka nj\u00eb praktik\u00eb t\u00eb Strasburgut, i cili e quan shum\u00eb denigrues futjen e nj\u00eb njeriu, p\u00ebr m\u00eb tep\u00ebr persona si zoti Meta e t\u00eb tjer\u00eb q\u00eb nuk p\u00ebrb\u00ebjn\u00eb asnj\u00eb, rrezikshm\u00ebri shoq\u00ebrore. Ajo c\u00ebnon jo vet\u00ebm, jo vet\u00ebm nga ana e dinjitetit njer\u00ebzor, po ajo c\u00ebnon diskrecionin dhe konfidencialitetin e mbrojtjes me t\u00eb p\u00ebrfaq\u00ebsuarin. As terrorist\u00ebt e Banjsk\u00ebs nuk i lan\u00eb n\u00eb kafaz\u201d<\/p>\n<p>Nj\u00eb tjet\u00ebr pik\u00eb kritike e ngritur nga Gjokutaj ishte dhe ajo e paraburgimit t\u00eb zgjatur t\u00eb zotit Meta duke u shnd\u00ebrruar n\u00eb nj\u00eb sanksion penal de facto, e shkelur prezumimin e pafaj\u00ebsis\u00eb. Ai shton se nj\u00eb paraburgim i gjat\u00eb mund t\u00eb vendos\u00eb presion mbi gjykat\u00ebsit p\u00ebr t\u00eb dh\u00ebn\u00eb nj\u00eb d\u00ebnim, qoft\u00eb edhe vet\u00ebm p\u00ebr t\u00eb justifikuar koh\u00ebn q\u00eb i pandehuri ka kaluar n\u00eb qeli.<\/p>\n<p>\u201cShkon n\u00eb kund\u00ebrshtim me principin e drejt\u00ebsis\u00eb. Pra e prezumimit t\u00eb pafaj\u00ebsis\u00eb. Paraburgimi shkon dy vjet, po dy vjet dit\u00eb m\u00eb dit\u00eb, i thon\u00eb tre vjet burg. Dhe gjykat\u00ebsit shpeshher\u00eb edhe n\u00eb gjykim pa prova, kur kan\u00eb qen\u00eb t\u00eb bindur p\u00ebr pafaj\u00ebsin\u00eb kan\u00eb dh\u00ebn\u00eb koh\u00ebn e paraburgimit vet\u00ebm justifikojn\u00eb burgun. E kupton? Q\u00eb t\u00eb mos dali se prokuroria ka shkelur ligjin\u201d.<\/p>\n<p>Lidhur me p\u00ebrjashtimin e medias nga salla e gjyqit, avokati argumentoi se kjo nuk i sh\u00ebrben drejt\u00ebsis\u00eb, por politik\u00ebs. \u201cPrezenca e medias n\u00eb sall\u00eb i sjell d\u00ebm politik\u00ebs, jo gjykat\u00ebs apo prokurorit,\u201d tha ai, duke l\u00ebn\u00eb t\u00eb kuptohet se mbyllja e dyerve synon t\u00eb fsheh\u00eb nga opinioni publik \u00e7\u00ebshtjet e montuara politikisht dhe q\u00eb kan\u00eb nisur mbi interesa politike.<\/p>\n<p>\u201cPrezenca e medias n\u00eb sall\u00eb i sjell d\u00ebm politik\u00ebs. \u00c7\u00ebshtjet e montuara politikisht dhe kan\u00eb filluar mbi interes politik nuk i intereson pushtetit q\u00eb atje t\u00eb d\u00ebgjohen me z\u00eb e figur\u00eb. Prandaj i kemi b\u00ebr\u00eb konferencat publike se jemi t\u00eb detyruar t\u00eb nxjerrim publikisht dokumentet sepse prokuror\u00ebt tan\u00eb g\u00ebnjejn\u00eb dit\u00ebn p\u00ebr diell. Vet\u00ebm me z\u00eb e figur\u00eb opinioni publik e merr vesh si \u00ebsht\u00eb e v\u00ebrteta. Duhet d\u00ebgjuar ligj\u00ebrat\u00eb t\u00eb drejt\u00eb \u00e7far\u00eb thot\u00eb i pandehuri, avokati, eksperti etj etj.\u201d<\/p>\n","protected":false},"excerpt":{"rendered":"<p>27 Prill 2026 N\u00eb gjykat\u00ebn kund\u00ebr Korrupsionit dhe Krimit t\u00eb Organizuar nisi sot gjyqi n\u00eb themel ndaj Ilir Met\u00ebs. P\u00ebr avokatin Genc Gjokutaj mbajtja e ish- presidentit t\u00eb Republik\u00ebs Ilir Meta n\u00eb nj\u00eb kafaz xhami \u00ebsht\u00eb praktik\u00eb si denigruese dhe n\u00eb kund\u00ebrshtim me parimet themelore t\u00eb drejt\u00ebsis\u00eb I ftuar n\u00eb nje studio televizive Gjokutaj n\u00ebnvizoi [&hellip;]<\/p>\n","protected":false},"author":9,"featured_media":99659,"comment_status":"open","ping_status":"open","sticky":false,"template":"","format":"standard","meta":{"jetpack_post_was_ever_published":false,"_jetpack_newsletter_access":"","_jetpack_dont_email_post_to_subs":false,"_jetpack_newsletter_tier_id":0,"_jetpack_memberships_contains_paywalled_content":false,"_jetpack_memberships_contains_paid_content":false,"footnotes":"","jetpack_publicize_message":"","jetpack_publicize_feature_enabled":true,"jetpack_social_post_already_shared":true,"jetpack_social_options":{"image_generator_settings":{"template":"highway","default_image_id":0,"font":"","enabled":false},"version":2}},"categories":[27,10,1,35],"tags":[],"class_list":["post-99657","post","type-post","status-publish","format-standard","has-post-thumbnail","hentry","category-blogu-i-udhetarit","category-kultura","category-njoftime-shtypi","category-shoqerore"],"jetpack_publicize_connections":[],"jetpack_featured_media_url":"https:\/\/i0.wp.com\/www.shqiperia.com\/blog\/wp-content\/uploads\/2026\/04\/gjokutaj-1.jpg?fit=675%2C361&ssl=1","jetpack_sharing_enabled":true,"jetpack_shortlink":"https:\/\/wp.me\/p5Z6wp-pVn","jetpack-related-posts":[{"id":52606,"url":"https:\/\/www.shqiperia.com\/blog\/avokati-gjokutaj-baton-haxhiu-spiuni-i-serbeve-qe-paguhet-18-mln-leke-ne-muaj\/","url_meta":{"origin":99657,"position":0},"title":"Avokati Gjokutaj: Baton Haxhiu, spiuni i serb\u00ebve q\u00eb paguhet 18 mln lek\u00eb n\u00eb muaj","author":"Kurt Farka","date":"December 22, 2021","format":false,"excerpt":"Avokati Gjokutaj: Baton Haxhiu, spiuni i serb\u00ebve q\u00eb paguhet 18 mln lek\u00eb n\u00eb muaj Nga Gazeta Telegraf - 22 Dhjetor 2021 Avokati i njohur Genc Gjokutaj deklaron duke iu refereuar databaz\u00ebs s\u00eb t\u00eb dh\u00ebnave t\u00eb pagave, se Baton Haxhiu paguhet 18 mln lek\u00eb n\u00eb muaj nga nj\u00eb spital privat. I\u2026","rel":"","context":"In &quot;Blogu i Udh\u00ebtarit&quot;","block_context":{"text":"Blogu i Udh\u00ebtarit","link":"https:\/\/www.shqiperia.com\/blog\/category\/blogu-i-udhetarit\/"},"img":{"alt_text":"","src":"https:\/\/i0.wp.com\/www.shqiperia.com\/blog\/wp-content\/uploads\/2021\/12\/Genc-Gjokutaj.jpg?fit=890%2C502&ssl=1&resize=350%2C200","width":350,"height":200,"srcset":"https:\/\/i0.wp.com\/www.shqiperia.com\/blog\/wp-content\/uploads\/2021\/12\/Genc-Gjokutaj.jpg?fit=890%2C502&ssl=1&resize=350%2C200 1x, https:\/\/i0.wp.com\/www.shqiperia.com\/blog\/wp-content\/uploads\/2021\/12\/Genc-Gjokutaj.jpg?fit=890%2C502&ssl=1&resize=525%2C300 1.5x, https:\/\/i0.wp.com\/www.shqiperia.com\/blog\/wp-content\/uploads\/2021\/12\/Genc-Gjokutaj.jpg?fit=890%2C502&ssl=1&resize=700%2C400 2x"},"classes":[]},{"id":58599,"url":"https:\/\/www.shqiperia.com\/blog\/avokati-deklarate-ndaj-gazetarit-te-njohur-artan-hoxha-ka-kryer-nje-krim-te-rende-mos-te\/","url_meta":{"origin":99657,"position":1},"title":"Avokati deklarat\u00eb ndaj gazetarit t\u00eb njohur: &#8211; Artan Hoxha ka kryer nj\u00eb krim t\u00eb r\u00ebnd\u00eb! &#8211; Mos t\u00eb&#8230;","author":"Kurt Farka","date":"June 5, 2022","format":false,"excerpt":"5 Qershor 2022 Avokati Genc Gjokutaj ka b\u00ebr\u00eb thirrje q\u00eb gazetari i njohur i kronik\u00ebs Artan Hoxha, t\u00eb mos ftohet m\u00eb n\u00ebp\u00ebr emisione. Reagimi i tij vjen pas nj\u00eb deklarate t\u00eb fort\u00eb q\u00eb b\u00ebri Hoxha, mbi d\u00ebshmin\u00eb e t\u00eb penduarit t\u00eb drejt\u00ebsis\u00eb Nuredin Dumani. Sipas tij, Dumani ka d\u00ebshmuar n\u00eb\u2026","rel":"","context":"In &quot;Blogu i Udh\u00ebtarit&quot;","block_context":{"text":"Blogu i Udh\u00ebtarit","link":"https:\/\/www.shqiperia.com\/blog\/category\/blogu-i-udhetarit\/"},"img":{"alt_text":"","src":"https:\/\/i0.wp.com\/www.shqiperia.com\/blog\/wp-content\/uploads\/2022\/06\/SPAKU.jpg?fit=770%2C434&ssl=1&resize=350%2C200","width":350,"height":200,"srcset":"https:\/\/i0.wp.com\/www.shqiperia.com\/blog\/wp-content\/uploads\/2022\/06\/SPAKU.jpg?fit=770%2C434&ssl=1&resize=350%2C200 1x, https:\/\/i0.wp.com\/www.shqiperia.com\/blog\/wp-content\/uploads\/2022\/06\/SPAKU.jpg?fit=770%2C434&ssl=1&resize=525%2C300 1.5x, https:\/\/i0.wp.com\/www.shqiperia.com\/blog\/wp-content\/uploads\/2022\/06\/SPAKU.jpg?fit=770%2C434&ssl=1&resize=700%2C400 2x"},"classes":[]},{"id":66554,"url":"https:\/\/www.shqiperia.com\/blog\/genc-gjokutaj-ai-pergjim-i-artan-hoxhes-nuk-eshte-prove\/","url_meta":{"origin":99657,"position":2},"title":"Genc Gjokutaj: Ai p\u00ebrgjim (i Artan Hoxh\u00ebs) nuk \u00ebsht\u00eb prov\u00eb!","author":"Kurt Farka","date":"January 22, 2023","format":false,"excerpt":"22 Janar 2023 Avokati Genc Gjokutaj thot\u00eb se p\u00ebrgjimi i publikuar nga gazetari Artan Hoxha nuk \u00ebsht\u00eb prov\u00eb. N\u00eb nj\u00eb lidhje me Skype p\u00ebr edicionin e pasdites n\u00eb Syri Tv ai tha se 21 janari \u00ebsht\u00eb hetuar me pasion nga kryeprokurorja e at\u00ebhershme, Ina Rama e cila tentoi me \u00e7do\u2026","rel":"","context":"In &quot;Blogu i Udh\u00ebtarit&quot;","block_context":{"text":"Blogu i Udh\u00ebtarit","link":"https:\/\/www.shqiperia.com\/blog\/category\/blogu-i-udhetarit\/"},"img":{"alt_text":"","src":"https:\/\/i0.wp.com\/www.shqiperia.com\/blog\/wp-content\/uploads\/2023\/01\/Untitled-design-10-5.jpg?fit=1200%2C675&ssl=1&resize=350%2C200","width":350,"height":200,"srcset":"https:\/\/i0.wp.com\/www.shqiperia.com\/blog\/wp-content\/uploads\/2023\/01\/Untitled-design-10-5.jpg?fit=1200%2C675&ssl=1&resize=350%2C200 1x, https:\/\/i0.wp.com\/www.shqiperia.com\/blog\/wp-content\/uploads\/2023\/01\/Untitled-design-10-5.jpg?fit=1200%2C675&ssl=1&resize=525%2C300 1.5x, https:\/\/i0.wp.com\/www.shqiperia.com\/blog\/wp-content\/uploads\/2023\/01\/Untitled-design-10-5.jpg?fit=1200%2C675&ssl=1&resize=700%2C400 2x, https:\/\/i0.wp.com\/www.shqiperia.com\/blog\/wp-content\/uploads\/2023\/01\/Untitled-design-10-5.jpg?fit=1200%2C675&ssl=1&resize=1050%2C600 3x"},"classes":[]},{"id":32009,"url":"https:\/\/www.shqiperia.com\/blog\/avokati-i-njohur-zbulon-ne-mes-te-emisionin-kush-eshte-zyrtari-i-larte-i-drejtesise-qe-u-takua-me-henri-cilin-eshte-ai-qe-ka-edhe-nje-kallezim-penal\/","url_meta":{"origin":99657,"position":3},"title":"Avokati i njohur zbulon n\u00eb mes t\u00eb emisionin kush \u00ebsht\u00eb zyrtari i lart\u00eb i drejt\u00ebsis\u00eb q\u00eb u takua me Henri \u00c7ilin: \u00cbsht\u00eb ai q\u00eb ka edhe nj\u00eb kall\u00ebzim penal!","author":"Kurt Farka","date":"March 3, 2020","format":false,"excerpt":"Avokati i njohur zbulon n\u00eb mes t\u00eb emisionin kush \u00ebsht\u00eb zyrtari i lart\u00eb i drejt\u00ebsis\u00eb q\u00eb u takua me Henri \u00c7ilin: \u00cbsht\u00eb ai q\u00eb ka edhe nj\u00eb kall\u00ebzim penal! 3 MARS 2020 Avokati Genc Gjokutaj ka folur mbr\u00ebmjen e djeshme rreth emrit t\u00eb gjyqtarit q\u00eb \u00ebsht\u00eb takuar me Henri \u00c7ilin.\u2026","rel":"","context":"In &quot;Blogu i Udh\u00ebtarit&quot;","block_context":{"text":"Blogu i Udh\u00ebtarit","link":"https:\/\/www.shqiperia.com\/blog\/category\/blogu-i-udhetarit\/"},"img":{"alt_text":"","src":"https:\/\/i0.wp.com\/www.shqiperia.com\/blog\/wp-content\/uploads\/2020\/03\/drejtesia-gjyqesia-e1546963204920.jpg?fit=424%2C230&ssl=1&resize=350%2C200","width":350,"height":200},"classes":[]},{"id":98429,"url":"https:\/\/www.shqiperia.com\/blog\/kina-po-e-pushton-heshturazi-ballkanin-gjokutaj-si-po-sfidohet-amerika-dhe-si-perfshihet-shqiperia-ne-lojen-e-madhe\/","url_meta":{"origin":99657,"position":4},"title":"&#8220;Kina po e \u2018pushton\u2019 heshturazi Ballkanin&#8221;\/ Gjokutaj: &#8211; Si po sfidohet Amerika dhe si p\u00ebrfshihet Shqip\u00ebria n\u00eb loj\u00ebn e madhe","author":"Kurt Farka","date":"March 17, 2026","format":false,"excerpt":"17 Mars 2026 Analisti Eduart Gjokutaj u shpreh n\u00eb emisionin \u201cDrejt\u201d n\u00eb Ora News se ndikimi ekonomik i Kin\u00ebs \u00ebsht\u00eb zgjeruar ndjesh\u00ebm n\u00eb vitet e fundit, duke theksuar se nj\u00eb grup shtetesh t\u00eb lidhura me Pekinin tashm\u00eb zot\u00ebrojn\u00eb rreth 37% t\u00eb ekonomis\u00eb globale. \"Tashm\u00eb u tha q\u00eb Kina v\u00ebrtet\u00eb \u00ebsht\u00eb\u2026","rel":"","context":"In &quot;Blogu i Udh\u00ebtarit&quot;","block_context":{"text":"Blogu i Udh\u00ebtarit","link":"https:\/\/www.shqiperia.com\/blog\/category\/blogu-i-udhetarit\/"},"img":{"alt_text":"","src":"https:\/\/i0.wp.com\/www.shqiperia.com\/blog\/wp-content\/uploads\/2026\/03\/600-388-capturepng-1773694175.png?fit=600%2C388&ssl=1&resize=350%2C200","width":350,"height":200,"srcset":"https:\/\/i0.wp.com\/www.shqiperia.com\/blog\/wp-content\/uploads\/2026\/03\/600-388-capturepng-1773694175.png?fit=600%2C388&ssl=1&resize=350%2C200 1x, https:\/\/i0.wp.com\/www.shqiperia.com\/blog\/wp-content\/uploads\/2026\/03\/600-388-capturepng-1773694175.png?fit=600%2C388&ssl=1&resize=525%2C300 1.5x"},"classes":[]},{"id":72249,"url":"https:\/\/www.shqiperia.com\/blog\/te-nise-hetim-policia-ka-perdorur-dhune-kontrollet-ne-kampin-mek-avokati-gjokutaj-per-panorama-tv-ngjarje-e-rende-ata-jane-popullsi-me-mbrojtje-te-posacme-nga-shba\/","url_meta":{"origin":99657,"position":5},"title":"\u201cT\u00eb nis\u00eb hetim, policia ka p\u00ebrdorur dhun\u00eb\u201d. &#8211; Kontrollet n\u00eb kampin MEK, avokati Gjokutaj p\u00ebr Panorama TV: &#8211; Ngjarje e r\u00ebnd\u00eb! Ata jan\u00eb popullsi me mbrojtje t\u00eb posa\u00e7me nga SHBA","author":"Kurt Farka","date":"June 20, 2023","format":false,"excerpt":"20 qershor 2023 Avokati i muxhahedin\u00ebve, Genc Gjokutaj ka reaguar n\u00eb lidhje me tensionet e ndodhura k\u00ebt\u00eb t\u00eb mart\u00eb n\u00eb kampin e MEK n\u00eb Man\u00ebz, Durr\u00ebs pas kontrolleve t\u00eb policis\u00eb. Gjokutaj tha se pas kontrolleve t\u00eb policis\u00eb ka dhe viktima, dhe p\u00ebr k\u00ebt\u00eb duhet t\u00eb ket\u00eb nj\u00eb hetim pasi muxhahedin\u00ebt\u2026","rel":"","context":"In &quot;Blogu i Udh\u00ebtarit&quot;","block_context":{"text":"Blogu i Udh\u00ebtarit","link":"https:\/\/www.shqiperia.com\/blog\/category\/blogu-i-udhetarit\/"},"img":{"alt_text":"","src":"https:\/\/i0.wp.com\/www.shqiperia.com\/blog\/wp-content\/uploads\/2023\/06\/800-0-5b17539ee08eb4ac979db3098ab564c4.jpg?fit=800%2C418&ssl=1&resize=350%2C200","width":350,"height":200,"srcset":"https:\/\/i0.wp.com\/www.shqiperia.com\/blog\/wp-content\/uploads\/2023\/06\/800-0-5b17539ee08eb4ac979db3098ab564c4.jpg?fit=800%2C418&ssl=1&resize=350%2C200 1x, https:\/\/i0.wp.com\/www.shqiperia.com\/blog\/wp-content\/uploads\/2023\/06\/800-0-5b17539ee08eb4ac979db3098ab564c4.jpg?fit=800%2C418&ssl=1&resize=525%2C300 1.5x, https:\/\/i0.wp.com\/www.shqiperia.com\/blog\/wp-content\/uploads\/2023\/06\/800-0-5b17539ee08eb4ac979db3098ab564c4.jpg?fit=800%2C418&ssl=1&resize=700%2C400 2x"},"classes":[]}],"_links":{"self":[{"href":"https:\/\/www.shqiperia.com\/blog\/wp-json\/wp\/v2\/posts\/99657","targetHints":{"allow":["GET"]}}],"collection":[{"href":"https:\/\/www.shqiperia.com\/blog\/wp-json\/wp\/v2\/posts"}],"about":[{"href":"https:\/\/www.shqiperia.com\/blog\/wp-json\/wp\/v2\/types\/post"}],"author":[{"embeddable":true,"href":"https:\/\/www.shqiperia.com\/blog\/wp-json\/wp\/v2\/users\/9"}],"replies":[{"embeddable":true,"href":"https:\/\/www.shqiperia.com\/blog\/wp-json\/wp\/v2\/comments?post=99657"}],"version-history":[{"count":1,"href":"https:\/\/www.shqiperia.com\/blog\/wp-json\/wp\/v2\/posts\/99657\/revisions"}],"predecessor-version":[{"id":99660,"href":"https:\/\/www.shqiperia.com\/blog\/wp-json\/wp\/v2\/posts\/99657\/revisions\/99660"}],"wp:featuredmedia":[{"embeddable":true,"href":"https:\/\/www.shqiperia.com\/blog\/wp-json\/wp\/v2\/media\/99659"}],"wp:attachment":[{"href":"https:\/\/www.shqiperia.com\/blog\/wp-json\/wp\/v2\/media?parent=99657"}],"wp:term":[{"taxonomy":"category","embeddable":true,"href":"https:\/\/www.shqiperia.com\/blog\/wp-json\/wp\/v2\/categories?post=99657"},{"taxonomy":"post_tag","embeddable":true,"href":"https:\/\/www.shqiperia.com\/blog\/wp-json\/wp\/v2\/tags?post=99657"}],"curies":[{"name":"wp","href":"https:\/\/api.w.org\/{rel}","templated":true}]}}