{"id":98482,"date":"2026-03-18T07:09:07","date_gmt":"2026-03-18T07:09:07","guid":{"rendered":"https:\/\/www.shqiperia.com\/blog\/?p=98482"},"modified":"2026-03-18T07:09:07","modified_gmt":"2026-03-18T07:09:07","slug":"aktorja-shqiptare-arrin-sukses-ne-skenen-me-te-madhe-te-filmit-merr-cmim-oscar","status":"publish","type":"post","link":"https:\/\/www.shqiperia.com\/blog\/aktorja-shqiptare-arrin-sukses-ne-skenen-me-te-madhe-te-filmit-merr-cmim-oscar\/","title":{"rendered":"Aktorja shqiptare arrin sukses n\u00eb sken\u00ebn m\u00eb t\u00eb madhe t\u00eb filmit, merr \u00e7mim Oscar"},"content":{"rendered":"<div id=\"attachment_98483\" style=\"width: 569px\" class=\"wp-caption alignnone\"><img data-recalc-dims=\"1\" loading=\"lazy\" decoding=\"async\" aria-describedby=\"caption-attachment-98483\" data-attachment-id=\"98483\" data-permalink=\"https:\/\/www.shqiperia.com\/blog\/aktorja-shqiptare-arrin-sukses-ne-skenen-me-te-madhe-te-filmit-merr-cmim-oscar\/luana-bajrami\/\" data-orig-file=\"https:\/\/i0.wp.com\/www.shqiperia.com\/blog\/wp-content\/uploads\/2026\/03\/luana-bajrami.jpg?fit=815%2C503&amp;ssl=1\" data-orig-size=\"815,503\" data-comments-opened=\"1\" data-image-meta=\"{&quot;aperture&quot;:&quot;0&quot;,&quot;credit&quot;:&quot;Panorama Live&quot;,&quot;camera&quot;:&quot;&quot;,&quot;caption&quot;:&quot;&quot;,&quot;created_timestamp&quot;:&quot;1773651433&quot;,&quot;copyright&quot;:&quot;&quot;,&quot;focal_length&quot;:&quot;0&quot;,&quot;iso&quot;:&quot;0&quot;,&quot;shutter_speed&quot;:&quot;0&quot;,&quot;title&quot;:&quot;&quot;,&quot;orientation&quot;:&quot;0&quot;}\" data-image-title=\"luana bajrami\" data-image-description=\"\" data-image-caption=\"&lt;p&gt;luana bajrami&lt;\/p&gt;\n\" data-medium-file=\"https:\/\/i0.wp.com\/www.shqiperia.com\/blog\/wp-content\/uploads\/2026\/03\/luana-bajrami.jpg?fit=300%2C185&amp;ssl=1\" data-large-file=\"https:\/\/i0.wp.com\/www.shqiperia.com\/blog\/wp-content\/uploads\/2026\/03\/luana-bajrami.jpg?fit=815%2C503&amp;ssl=1\" class=\" wp-image-98483\" alt=\"\" src=\"https:\/\/i0.wp.com\/www.shqiperia.com\/blog\/wp-content\/uploads\/2026\/03\/luana-bajrami.jpg?resize=559%2C345&#038;ssl=1\" width=\"559\" height=\"345\" srcset=\"https:\/\/i0.wp.com\/www.shqiperia.com\/blog\/wp-content\/uploads\/2026\/03\/luana-bajrami.jpg?resize=300%2C185&amp;ssl=1 300w, https:\/\/i0.wp.com\/www.shqiperia.com\/blog\/wp-content\/uploads\/2026\/03\/luana-bajrami.jpg?resize=768%2C474&amp;ssl=1 768w, https:\/\/i0.wp.com\/www.shqiperia.com\/blog\/wp-content\/uploads\/2026\/03\/luana-bajrami.jpg?resize=450%2C278&amp;ssl=1 450w, https:\/\/i0.wp.com\/www.shqiperia.com\/blog\/wp-content\/uploads\/2026\/03\/luana-bajrami.jpg?resize=600%2C370&amp;ssl=1 600w, https:\/\/i0.wp.com\/www.shqiperia.com\/blog\/wp-content\/uploads\/2026\/03\/luana-bajrami.jpg?resize=400%2C247&amp;ssl=1 400w, https:\/\/i0.wp.com\/www.shqiperia.com\/blog\/wp-content\/uploads\/2026\/03\/luana-bajrami.jpg?w=815&amp;ssl=1 815w\" sizes=\"auto, (max-width: 559px) 100vw, 559px\" \/><p id=\"caption-attachment-98483\" class=\"wp-caption-text\">luana bajrami<\/p><\/div>\n<p><strong>18 Mars 2026<\/strong><\/p>\n<p><strong>Regjisorja dhe aktorja kosovare me fam\u00eb bot\u00ebrore, Luana Bajrami, bashk\u00eb me ekipin e filmit t\u00eb saj t\u00eb ri \u201cTwo People Exchanging Saliva\u201d, u ngjit n\u00eb sken\u00ebn prestigjioze t\u00eb ceremonis\u00eb \u201cOscar\u201d, p\u00ebr ta marr\u00eb \u00e7mimin \u201cFilmi m\u00eb i mir\u00eb i shkurt\u00ebr\u201d.<\/strong><\/p>\n<p>Regjisor\u00ebt e filmit n\u00ebn emocione t\u00eb m\u00ebdha p\u00ebrmend\u00ebn dhe prejardhjen nga Kosova t\u00eb nj\u00ebr\u00ebs prej protagonisteve n\u00eb film, Bajramit, duke shtuar se \u00ebsht\u00eb nj\u00eb projekt i punuar nga nj\u00eb ekip i p\u00ebrb\u00ebr\u00eb kryesisht nga grat\u00eb.<\/p>\n<div>\n<div id=\"outbrain-3\"><\/div>\n<\/div>\n<p><a href=\"https:\/\/i0.wp.com\/www.panorama.com.al\/wp-content\/uploads\/2026\/03\/luana.jpg?ssl=1\"><img data-recalc-dims=\"1\" loading=\"lazy\" decoding=\"async\" class=\"alignnone size-full wp-image-1633493\" alt=\"luana\" src=\"https:\/\/i0.wp.com\/www.panorama.com.al\/wp-content\/uploads\/2026\/03\/luana.jpg?resize=306%2C405&#038;ssl=1\" width=\"306\" height=\"405\" \/><\/a><\/p>\n<p>N\u00eb k\u00ebt\u00eb film, Bajrami interpreton nj\u00eb personazh n\u00eb nj\u00eb histori t\u00eb vendosur n\u00eb nj\u00eb Paris t\u00eb pazakont\u00eb, ku puthjet jan\u00eb t\u00eb ndaluara me ligj. Rr\u00ebfimi paraqet nj\u00eb realitet absurd dhe t\u00eb ftoht\u00eb, ku personazhet p\u00ebrballen me rregulla t\u00eb \u00e7uditshme dhe kufizime t\u00eb pazakonta.<\/p>\n<p>Fitorja e k\u00ebtij \u00e7mimi e vendos edhe emrin e Bajramit n\u00eb sken\u00ebn m\u00eb t\u00eb madhe t\u00eb kinematografis\u00eb bot\u00ebrore.<\/p>\n","protected":false},"excerpt":{"rendered":"<p>18 Mars 2026 Regjisorja dhe aktorja kosovare me fam\u00eb bot\u00ebrore, Luana Bajrami, bashk\u00eb me ekipin e filmit t\u00eb saj t\u00eb ri \u201cTwo People Exchanging Saliva\u201d, u ngjit n\u00eb sken\u00ebn prestigjioze t\u00eb ceremonis\u00eb \u201cOscar\u201d, p\u00ebr ta marr\u00eb \u00e7mimin \u201cFilmi m\u00eb i mir\u00eb i shkurt\u00ebr\u201d. Regjisor\u00ebt e filmit n\u00ebn emocione t\u00eb m\u00ebdha p\u00ebrmend\u00ebn dhe prejardhjen nga Kosova [&hellip;]<\/p>\n","protected":false},"author":9,"featured_media":98483,"comment_status":"open","ping_status":"open","sticky":false,"template":"","format":"standard","meta":{"jetpack_post_was_ever_published":false,"_jetpack_newsletter_access":"","_jetpack_dont_email_post_to_subs":false,"_jetpack_newsletter_tier_id":0,"_jetpack_memberships_contains_paywalled_content":false,"_jetpack_memberships_contains_paid_content":false,"footnotes":"","jetpack_publicize_message":"","jetpack_publicize_feature_enabled":true,"jetpack_social_post_already_shared":true,"jetpack_social_options":{"image_generator_settings":{"template":"highway","default_image_id":0,"font":"","enabled":false},"version":2}},"categories":[87,27,10,35],"tags":[],"class_list":["post-98482","post","type-post","status-publish","format-standard","has-post-thumbnail","hentry","category-arte","category-blogu-i-udhetarit","category-kultura","category-shoqerore"],"jetpack_publicize_connections":[],"jetpack_featured_media_url":"https:\/\/i0.wp.com\/www.shqiperia.com\/blog\/wp-content\/uploads\/2026\/03\/luana-bajrami.jpg?fit=815%2C503&ssl=1","jetpack_sharing_enabled":true,"jetpack_shortlink":"https:\/\/wp.me\/p5Z6wp-pCq","jetpack-related-posts":[{"id":98174,"url":"https:\/\/www.shqiperia.com\/blog\/violeta-manushi-aktorja-qe-shkelqeu-ne-teater-dhe-film-perkujtim-ne-korce\/","url_meta":{"origin":98482,"position":0},"title":"Violeta Manushi aktorja q\u00eb shk\u00eblqeu n\u00eb teat\u00ebr dhe film, p\u00ebrkujtim n\u00eb Kor\u00e7\u00eb","author":"Kurt Farka","date":"March 5, 2026","format":false,"excerpt":"5 Mars 2026 Aktorja Violeta Manushit nj\u00eb nga figurat e shquara t\u00eb sken\u00ebs dhe filmit shqiptar, ku n\u00eb qytetin e Kor\u00e7\u00ebs nj\u00eb aktivitet u zhvillua n\u00eb nder t\u00eb saj. Aktorja e njohur p\u00ebr interpretimet e saj t\u00eb paharrueshme u p\u00ebrkujtua n\u00eb 100-vjetorin e lindjes nga Bashkia e Kor\u00e7\u00ebs, q\u00eb zhvilloi\u2026","rel":"","context":"In &quot;Kultura&quot;","block_context":{"text":"Kultura","link":"https:\/\/www.shqiperia.com\/blog\/category\/kultura\/"},"img":{"alt_text":"","src":"https:\/\/i0.wp.com\/www.shqiperia.com\/blog\/wp-content\/uploads\/2026\/03\/800-0-1722076521ximg-2719-728x430-158.jpeg?fit=800%2C473&ssl=1&resize=350%2C200","width":350,"height":200,"srcset":"https:\/\/i0.wp.com\/www.shqiperia.com\/blog\/wp-content\/uploads\/2026\/03\/800-0-1722076521ximg-2719-728x430-158.jpeg?fit=800%2C473&ssl=1&resize=350%2C200 1x, https:\/\/i0.wp.com\/www.shqiperia.com\/blog\/wp-content\/uploads\/2026\/03\/800-0-1722076521ximg-2719-728x430-158.jpeg?fit=800%2C473&ssl=1&resize=525%2C300 1.5x, https:\/\/i0.wp.com\/www.shqiperia.com\/blog\/wp-content\/uploads\/2026\/03\/800-0-1722076521ximg-2719-728x430-158.jpeg?fit=800%2C473&ssl=1&resize=700%2C400 2x"},"classes":[]},{"id":48765,"url":"https:\/\/www.shqiperia.com\/blog\/btha-eshte-e-jotja-elva-karrigia-jo-u-mbylli-deren-e-ministrise-se-kultures-reagon-aktorja-te-ishte-per-te-peshtyre-ne-surrat-sic-e-meriton-do-e-kisha-bere-kur\/","url_meta":{"origin":98482,"position":1},"title":"\u201cB*tha \u00ebsht\u00eb e jotja Elva, karrigia jo\u201d- U mbylli der\u00ebn e Ministris\u00eb s\u00eb Kultur\u00ebs, reagon aktorja: &#8211; T\u00eb ishte p\u00ebr t\u00eb p\u00ebshtyr\u00eb n\u00eb surrat si\u00e7 e meriton, do e kisha b\u00ebr\u00eb kur\u2026","author":"Kurt Farka","date":"July 28, 2021","format":false,"excerpt":"\u201cB*tha \u00ebsht\u00eb e jotja Elva, karrigia jo\u201d- U mbylli der\u00ebn e Ministris\u00eb s\u00eb Kultur\u00ebs, reagon aktorja: - T\u00eb ishte p\u00ebr t\u00eb p\u00ebshtyr\u00eb n\u00eb surrat si\u00e7 e meriton, do e kisha b\u00ebr\u00eb kur\u2026 28 korrik 2021 Ministria e Kultur\u00ebs u ka mbyllur sot der\u00ebn e institucionit aktor\u00ebve t\u00eb Teatrit Komb\u00ebtar, t\u00eb\u2026","rel":"","context":"In &quot;Blogu i Udh\u00ebtarit&quot;","block_context":{"text":"Blogu i Udh\u00ebtarit","link":"https:\/\/www.shqiperia.com\/blog\/category\/blogu-i-udhetarit\/"},"img":{"alt_text":"","src":"https:\/\/i0.wp.com\/www.shqiperia.com\/blog\/wp-content\/uploads\/2021\/07\/FZH_9619.jpg?fit=1200%2C609&ssl=1&resize=350%2C200","width":350,"height":200,"srcset":"https:\/\/i0.wp.com\/www.shqiperia.com\/blog\/wp-content\/uploads\/2021\/07\/FZH_9619.jpg?fit=1200%2C609&ssl=1&resize=350%2C200 1x, https:\/\/i0.wp.com\/www.shqiperia.com\/blog\/wp-content\/uploads\/2021\/07\/FZH_9619.jpg?fit=1200%2C609&ssl=1&resize=525%2C300 1.5x, https:\/\/i0.wp.com\/www.shqiperia.com\/blog\/wp-content\/uploads\/2021\/07\/FZH_9619.jpg?fit=1200%2C609&ssl=1&resize=700%2C400 2x, https:\/\/i0.wp.com\/www.shqiperia.com\/blog\/wp-content\/uploads\/2021\/07\/FZH_9619.jpg?fit=1200%2C609&ssl=1&resize=1050%2C600 3x"},"classes":[]},{"id":62217,"url":"https:\/\/www.shqiperia.com\/blog\/irena-pappas-smund-ta-le-kete-bote-pa-thene-se-jam-shqiptare-ndahet-nga-jeta-aktorja-e-njohur\/","url_meta":{"origin":98482,"position":2},"title":"Irena Pappas. &#8211; \u201cS\u2019mund ta l\u00eb k\u00ebt\u00eb bot\u00eb pa th\u00ebn\u00eb se jam shqiptare\u201d. &#8211;  Ndahet nga jeta aktorja e njohur","author":"Kurt Farka","date":"September 14, 2022","format":false,"excerpt":"14 Shtator 2022 Ka nd\u00ebrruar jet\u00eb n\u00eb mosh\u00ebn 96-vje\u00e7are, aktorja shqiptare me fam\u00eb bot\u00ebrore, Irena Pappas. Origjina shqiptare e aktores s\u00eb njohur greke Irena Papa Leleku, \u00ebsht\u00eb kund\u00ebrshtuar shpesh, sidomos nga biograf\u00ebt grek\u00eb. Gjat\u00eb bashk\u00ebbisedimeve q\u00eb ka pasur me aktorin shqiptar Bekim Fehmiu ajo e ka pranuar origjin\u00ebn e saj\u2026","rel":"","context":"In &quot;Arte&quot;","block_context":{"text":"Arte","link":"https:\/\/www.shqiperia.com\/blog\/category\/arte\/"},"img":{"alt_text":"","src":"https:\/\/i0.wp.com\/www.shqiperia.com\/blog\/wp-content\/uploads\/2022\/09\/irene-papas.jpg?fit=491%2C341&ssl=1&resize=350%2C200","width":350,"height":200},"classes":[]},{"id":40465,"url":"https:\/\/www.shqiperia.com\/blog\/dolen-per-xhirimin-e-filmit-ne-natyre-aktoret-ka-nje-jave-qe-po-largojne-mbeturinat\/","url_meta":{"origin":98482,"position":3},"title":"Dol\u00ebn p\u00ebr xhirimin e filmit n\u00eb natyr\u00eb, aktor\u00ebt ka nj\u00eb jav\u00eb q\u00eb po largojn\u00eb mbeturinat","author":"Kurt Farka","date":"November 3, 2020","format":false,"excerpt":"Dol\u00ebn p\u00ebr xhirimin e filmit n\u00eb natyr\u00eb, aktor\u00ebt ka nj\u00eb jav\u00eb q\u00eb po largojn\u00eb mbeturinat 1 N\u00cbNTOR 2020 Aktorja kosovare Aurita Agushi, s\u00eb fundmi ka marr\u00eb nj\u00eb rol p\u00ebr nj\u00eb projekt kinematografik. Ajo p\u00ebrmes nj\u00eb postimi t\u00eb b\u00ebr\u00eb n\u00eb Facebook ka treguar se nj\u00eb pjes\u00eb t\u00eb filmit jan\u00eb duke e\u2026","rel":"","context":"In &quot;Blogu i Udh\u00ebtarit&quot;","block_context":{"text":"Blogu i Udh\u00ebtarit","link":"https:\/\/www.shqiperia.com\/blog\/category\/blogu-i-udhetarit\/"},"img":{"alt_text":"","src":"https:\/\/i0.wp.com\/www.shqiperia.com\/blog\/wp-content\/uploads\/2020\/11\/auto_123485118.jpg?fit=651%2C345&ssl=1&resize=350%2C200","width":350,"height":200,"srcset":"https:\/\/i0.wp.com\/www.shqiperia.com\/blog\/wp-content\/uploads\/2020\/11\/auto_123485118.jpg?fit=651%2C345&ssl=1&resize=350%2C200 1x, https:\/\/i0.wp.com\/www.shqiperia.com\/blog\/wp-content\/uploads\/2020\/11\/auto_123485118.jpg?fit=651%2C345&ssl=1&resize=525%2C300 1.5x"},"classes":[]},{"id":8439,"url":"https:\/\/www.shqiperia.com\/blog\/ju-kujtohet-pavlina-mani-aktorja-e-teatrit-dhe-kinemase-shqiptare\/","url_meta":{"origin":98482,"position":4},"title":"Ju kujtohet Pavlina Mani, aktorja e teatrit dhe kinemase shqiptare. &#8211;","author":"Kurt Farka","date":"June 5, 2018","format":false,"excerpt":"Ju kujtohet Pavlina Mani, aktorja e teatrit dhe kinemase shqiptare. - Ajo eshte padyshim nje nga aktoret me fantastike qe ka prodhuar kinematografia dhe teatri shqiptar. Po flasim per Pavlina Manin, aktorja qe per brezin pas \u201990-\u00ebs mbahet mend per serialin e famsh\u00ebm te filmit \u201cNjer\u00ebz dhe fate\u201d, ndersa per\u2026","rel":"","context":"In &quot;Arte&quot;","block_context":{"text":"Arte","link":"https:\/\/www.shqiperia.com\/blog\/category\/arte\/"},"img":{"alt_text":"","src":"https:\/\/i0.wp.com\/www.shqiperia.com\/blog\/wp-content\/uploads\/2018\/06\/Pvlina-dhe-Piro-Mani.jpg?fit=696%2C348&ssl=1&resize=350%2C200","width":350,"height":200,"srcset":"https:\/\/i0.wp.com\/www.shqiperia.com\/blog\/wp-content\/uploads\/2018\/06\/Pvlina-dhe-Piro-Mani.jpg?fit=696%2C348&ssl=1&resize=350%2C200 1x, https:\/\/i0.wp.com\/www.shqiperia.com\/blog\/wp-content\/uploads\/2018\/06\/Pvlina-dhe-Piro-Mani.jpg?fit=696%2C348&ssl=1&resize=525%2C300 1.5x"},"classes":[]},{"id":4722,"url":"https:\/\/www.shqiperia.com\/blog\/alfa-film-per-realizimin-e-filmin-kalorsi-krujes\/","url_meta":{"origin":98482,"position":5},"title":"Alfa Film per realizimin e filmin \u201cKalorsi i Krujes\u201d. &#8211;","author":"Kurt Farka","date":"March 12, 2018","format":false,"excerpt":"Nga Hasan Aliaj. - Duke shfletuar revisten Radio Tirana te vitit 1940 u ndesha ne kete shkrim te shoqeruar me dy foto. Shkrimi flet per inisiativen e shoqerise produktive te Alfa Film per te realizuar filmin \u201cKalorsi i Krujes\u201d me regjisor Carlo Campogalliani, operator Aldo Tonti ndersa muzika eshte e\u2026","rel":"","context":"In &quot;Arte&quot;","block_context":{"text":"Arte","link":"https:\/\/www.shqiperia.com\/blog\/category\/arte\/"},"img":{"alt_text":"","src":"https:\/\/i0.wp.com\/www.shqiperia.com\/blog\/wp-content\/uploads\/2018\/03\/Revista-RADIO-korrik-1940.-2-Copy.jpg?fit=720%2C657&ssl=1&resize=350%2C200","width":350,"height":200,"srcset":"https:\/\/i0.wp.com\/www.shqiperia.com\/blog\/wp-content\/uploads\/2018\/03\/Revista-RADIO-korrik-1940.-2-Copy.jpg?fit=720%2C657&ssl=1&resize=350%2C200 1x, https:\/\/i0.wp.com\/www.shqiperia.com\/blog\/wp-content\/uploads\/2018\/03\/Revista-RADIO-korrik-1940.-2-Copy.jpg?fit=720%2C657&ssl=1&resize=525%2C300 1.5x, https:\/\/i0.wp.com\/www.shqiperia.com\/blog\/wp-content\/uploads\/2018\/03\/Revista-RADIO-korrik-1940.-2-Copy.jpg?fit=720%2C657&ssl=1&resize=700%2C400 2x"},"classes":[]}],"_links":{"self":[{"href":"https:\/\/www.shqiperia.com\/blog\/wp-json\/wp\/v2\/posts\/98482","targetHints":{"allow":["GET"]}}],"collection":[{"href":"https:\/\/www.shqiperia.com\/blog\/wp-json\/wp\/v2\/posts"}],"about":[{"href":"https:\/\/www.shqiperia.com\/blog\/wp-json\/wp\/v2\/types\/post"}],"author":[{"embeddable":true,"href":"https:\/\/www.shqiperia.com\/blog\/wp-json\/wp\/v2\/users\/9"}],"replies":[{"embeddable":true,"href":"https:\/\/www.shqiperia.com\/blog\/wp-json\/wp\/v2\/comments?post=98482"}],"version-history":[{"count":1,"href":"https:\/\/www.shqiperia.com\/blog\/wp-json\/wp\/v2\/posts\/98482\/revisions"}],"predecessor-version":[{"id":98484,"href":"https:\/\/www.shqiperia.com\/blog\/wp-json\/wp\/v2\/posts\/98482\/revisions\/98484"}],"wp:featuredmedia":[{"embeddable":true,"href":"https:\/\/www.shqiperia.com\/blog\/wp-json\/wp\/v2\/media\/98483"}],"wp:attachment":[{"href":"https:\/\/www.shqiperia.com\/blog\/wp-json\/wp\/v2\/media?parent=98482"}],"wp:term":[{"taxonomy":"category","embeddable":true,"href":"https:\/\/www.shqiperia.com\/blog\/wp-json\/wp\/v2\/categories?post=98482"},{"taxonomy":"post_tag","embeddable":true,"href":"https:\/\/www.shqiperia.com\/blog\/wp-json\/wp\/v2\/tags?post=98482"}],"curies":[{"name":"wp","href":"https:\/\/api.w.org\/{rel}","templated":true}]}}