{"id":98477,"date":"2026-03-18T02:56:05","date_gmt":"2026-03-18T02:56:05","guid":{"rendered":"https:\/\/www.shqiperia.com\/blog\/?p=98477"},"modified":"2026-03-18T03:00:27","modified_gmt":"2026-03-18T03:00:27","slug":"ura-e-nivanit-monument-me-histori-dhe-arkitekture-te-vecante","status":"publish","type":"post","link":"https:\/\/www.shqiperia.com\/blog\/ura-e-nivanit-monument-me-histori-dhe-arkitekture-te-vecante\/","title":{"rendered":"Ura e Nivanit, monument me histori dhe arkitektur\u00eb t\u00eb ve\u00e7ant\u00eb"},"content":{"rendered":"<div id=\"attachment_98479\" style=\"width: 606px\" class=\"wp-caption alignnone\"><img data-recalc-dims=\"1\" loading=\"lazy\" decoding=\"async\" aria-describedby=\"caption-attachment-98479\" data-attachment-id=\"98479\" data-permalink=\"https:\/\/www.shqiperia.com\/blog\/ura-e-nivanit-monument-me-histori-dhe-arkitekture-te-vecante\/ura-e-nivanit-2\/\" data-orig-file=\"https:\/\/i0.wp.com\/www.shqiperia.com\/blog\/wp-content\/uploads\/2026\/03\/Ura-e-Nivanit.jpg?fit=640%2C360&amp;ssl=1\" data-orig-size=\"640,360\" data-comments-opened=\"1\" data-image-meta=\"{&quot;aperture&quot;:&quot;0&quot;,&quot;credit&quot;:&quot;&quot;,&quot;camera&quot;:&quot;&quot;,&quot;caption&quot;:&quot;&quot;,&quot;created_timestamp&quot;:&quot;0&quot;,&quot;copyright&quot;:&quot;&quot;,&quot;focal_length&quot;:&quot;0&quot;,&quot;iso&quot;:&quot;0&quot;,&quot;shutter_speed&quot;:&quot;0&quot;,&quot;title&quot;:&quot;&quot;,&quot;orientation&quot;:&quot;0&quot;}\" data-image-title=\"Ura e Nivanit\" data-image-description=\"\" data-image-caption=\"&lt;p&gt;Ura e Nivanit&lt;\/p&gt;\n\" data-medium-file=\"https:\/\/i0.wp.com\/www.shqiperia.com\/blog\/wp-content\/uploads\/2026\/03\/Ura-e-Nivanit.jpg?fit=300%2C169&amp;ssl=1\" data-large-file=\"https:\/\/i0.wp.com\/www.shqiperia.com\/blog\/wp-content\/uploads\/2026\/03\/Ura-e-Nivanit.jpg?fit=640%2C360&amp;ssl=1\" class=\" wp-image-98479\" alt=\"\" src=\"https:\/\/i0.wp.com\/www.shqiperia.com\/blog\/wp-content\/uploads\/2026\/03\/Ura-e-Nivanit.jpg?resize=596%2C336&#038;ssl=1\" width=\"596\" height=\"336\" srcset=\"https:\/\/i0.wp.com\/www.shqiperia.com\/blog\/wp-content\/uploads\/2026\/03\/Ura-e-Nivanit.jpg?resize=300%2C169&amp;ssl=1 300w, https:\/\/i0.wp.com\/www.shqiperia.com\/blog\/wp-content\/uploads\/2026\/03\/Ura-e-Nivanit.jpg?resize=450%2C253&amp;ssl=1 450w, https:\/\/i0.wp.com\/www.shqiperia.com\/blog\/wp-content\/uploads\/2026\/03\/Ura-e-Nivanit.jpg?resize=600%2C338&amp;ssl=1 600w, https:\/\/i0.wp.com\/www.shqiperia.com\/blog\/wp-content\/uploads\/2026\/03\/Ura-e-Nivanit.jpg?resize=400%2C225&amp;ssl=1 400w, https:\/\/i0.wp.com\/www.shqiperia.com\/blog\/wp-content\/uploads\/2026\/03\/Ura-e-Nivanit.jpg?w=640&amp;ssl=1 640w\" sizes=\"auto, (max-width: 596px) 100vw, 596px\" \/><p id=\"caption-attachment-98479\" class=\"wp-caption-text\">Ura e Nivanit<\/p><\/div>\n<p>10 Mars 2026<\/p>\n<p>Ura e Nivanit, n\u00eb Zagori, \u00ebsht\u00eb Monument Kulture me vlera t\u00eb r\u00ebnd\u00ebsishme historike dhe arkitekturore.<\/p>\n<p>Kjo ur\u00eb i dha jet\u00eb komunikimit jo vet\u00ebm tregtar, por edhe shpirt\u00ebror mes Gjirokastr\u00ebs dhe P\u00ebrmetit. Karvanet kalonin mbi ur\u00ebn e Nivanit ndaleshin m\u00eb pas n\u00eb Manastirin e Nivanit, vijonin n\u00eb Sheper n\u00eb Qaf\u00ebn e Dh\u00ebmbelit e m\u00eb pas n\u00eb P\u00ebrmet. Sot ajo vizitohet p\u00ebr historin\u00eb, vlerat arkitektonike dhe natyr\u00ebn e bukur p\u00ebrreth.<\/p>\n<p>Ura e Nivanit mbi lumin e Zagories lidh sot Nivanin me Nd\u00ebranin e Topov\u00ebn. Ajo ndodhet ngjitur me mullirin me dy kate t\u00eb fshatit dhe af\u00ebr manastirit t\u00eb Nivanit, nj\u00eb nd\u00ebrtim i shekullit XVIII.<\/p>\n<p>Kjo ur\u00eb ngrihet me kurriz mjaft t\u00eb lart\u00eb n\u00eb ky\u00e7in e harkut kryesor. Si kompozim \u00ebsht\u00eb zgjidhur me nj\u00eb hark t\u00eb madh mbi rrjedh\u00ebn e lumit dhe me nj\u00eb m\u00eb t\u00eb vog\u00ebl mbi tok\u00eb, djathtas tij, si edhe me nj\u00eb dritare leht\u00ebsuese nd\u00ebrmjet tyre. Harku i madh me hap\u00ebsir\u00eb 13,4 m \u00ebsht\u00eb i punuar me qemer t\u00eb dyfisht\u00eb (1,12 m) e me mb\u00ebshtetje t\u00eb pjerr\u00ebt rreth 3,5 m mbi nivelin e ujit.<\/p>\n<p><span>Nga OraNews<\/span><\/p>\n","protected":false},"excerpt":{"rendered":"<p>10 Mars 2026 Ura e Nivanit, n\u00eb Zagori, \u00ebsht\u00eb Monument Kulture me vlera t\u00eb r\u00ebnd\u00ebsishme historike dhe arkitekturore. Kjo ur\u00eb i dha jet\u00eb komunikimit jo vet\u00ebm tregtar, por edhe shpirt\u00ebror mes Gjirokastr\u00ebs dhe P\u00ebrmetit. Karvanet kalonin mbi ur\u00ebn e Nivanit ndaleshin m\u00eb pas n\u00eb Manastirin e Nivanit, vijonin n\u00eb Sheper n\u00eb Qaf\u00ebn e Dh\u00ebmbelit e [&hellip;]<\/p>\n","protected":false},"author":9,"featured_media":98479,"comment_status":"open","ping_status":"open","sticky":false,"template":"","format":"standard","meta":{"jetpack_post_was_ever_published":false,"_jetpack_newsletter_access":"","_jetpack_dont_email_post_to_subs":false,"_jetpack_newsletter_tier_id":0,"_jetpack_memberships_contains_paywalled_content":false,"_jetpack_memberships_contains_paid_content":false,"footnotes":"","jetpack_publicize_message":"","jetpack_publicize_feature_enabled":true,"jetpack_social_post_already_shared":true,"jetpack_social_options":{"image_generator_settings":{"template":"highway","default_image_id":0,"font":"","enabled":false},"version":2}},"categories":[27,85,10,86],"tags":[],"class_list":["post-98477","post","type-post","status-publish","format-standard","has-post-thumbnail","hentry","category-blogu-i-udhetarit","category-histori","category-kultura","category-trashegimi-kulturore"],"jetpack_publicize_connections":[],"jetpack_featured_media_url":"https:\/\/i0.wp.com\/www.shqiperia.com\/blog\/wp-content\/uploads\/2026\/03\/Ura-e-Nivanit.jpg?fit=640%2C360&ssl=1","jetpack_sharing_enabled":true,"jetpack_shortlink":"https:\/\/wp.me\/p5Z6wp-pCl","jetpack-related-posts":[{"id":9285,"url":"https:\/\/www.shqiperia.com\/blog\/restaurohet-ura-e-nivanit-zagori\/","url_meta":{"origin":98477,"position":0},"title":"Restaurohet  Ura e Nivanit, Zagori. &#8211;","author":"Kurt Farka","date":"June 29, 2018","format":false,"excerpt":"Restaurohet\u00a0 Ura e Nivanit, Zagori. - Instituti I Monumenteve te Kultures K\u00ebshilli Komb\u00ebtar i Restaurimeve, n\u00eb mbledhjen e fundit t\u00eb muajit maj, miratoi: \u201cProjekt restaurimin e Ur\u00ebs s\u00eb Nivanit\u201d, hartuar nga Instituti i Monumenteve t\u00eb Kultur\u00ebs. Ura e Nivanit, monument kulture i kategoris\u00eb s\u00eb I-r\u00eb, ndodhet mbi lumin e Zagoris\u00eb,\u2026","rel":"","context":"In &quot;Arte&quot;","block_context":{"text":"Arte","link":"https:\/\/www.shqiperia.com\/blog\/category\/arte\/"},"img":{"alt_text":"","src":"https:\/\/i0.wp.com\/www.shqiperia.com\/blog\/wp-content\/uploads\/2018\/06\/Ura-e-Nivanit-Zagori.jpg?fit=451%2C295&ssl=1&resize=350%2C200","width":350,"height":200},"classes":[]},{"id":26527,"url":"https:\/\/www.shqiperia.com\/blog\/monmente-ura-e-nivanit\/","url_meta":{"origin":98477,"position":1},"title":"Monmente: &#8211; Ura e Nivanit","author":"Kurt Farka","date":"October 1, 2019","format":false,"excerpt":"Monmente: - Ura e Nivanit. Ura e Nivanit mbi lumin e Zagoris\u00eb n\u00eb Gjirokast\u00ebr duhet t\u00eb jet\u00eb nd\u00ebrtuar nga Ali Pash\u00eb Tepelena, i cili n\u00eb shenj\u00eb mir\u00ebnjohje ka investuar n\u00eb fillimet e karrier\u00ebs s\u00eb tij, kur qe em\u00ebruar si Derven Pasha. N\u00eb hyrje t\u00eb ur\u00ebs kur zbret nga \u00c7ajupi, ruhet\u2026","rel":"","context":"In &quot;Histori&quot;","block_context":{"text":"Histori","link":"https:\/\/www.shqiperia.com\/blog\/category\/histori\/"},"img":{"alt_text":"","src":"https:\/\/i0.wp.com\/www.shqiperia.com\/blog\/wp-content\/uploads\/2019\/10\/Ura-e-Nivanit-mbi-lumin-e-Zagoris%C3%AB-n%C3%AB-Gjirokast%C3%ABr.jpg?fit=960%2C522&ssl=1&resize=350%2C200","width":350,"height":200,"srcset":"https:\/\/i0.wp.com\/www.shqiperia.com\/blog\/wp-content\/uploads\/2019\/10\/Ura-e-Nivanit-mbi-lumin-e-Zagoris%C3%AB-n%C3%AB-Gjirokast%C3%ABr.jpg?fit=960%2C522&ssl=1&resize=350%2C200 1x, https:\/\/i0.wp.com\/www.shqiperia.com\/blog\/wp-content\/uploads\/2019\/10\/Ura-e-Nivanit-mbi-lumin-e-Zagoris%C3%AB-n%C3%AB-Gjirokast%C3%ABr.jpg?fit=960%2C522&ssl=1&resize=525%2C300 1.5x, https:\/\/i0.wp.com\/www.shqiperia.com\/blog\/wp-content\/uploads\/2019\/10\/Ura-e-Nivanit-mbi-lumin-e-Zagoris%C3%AB-n%C3%AB-Gjirokast%C3%ABr.jpg?fit=960%2C522&ssl=1&resize=700%2C400 2x"},"classes":[]},{"id":9625,"url":"https:\/\/www.shqiperia.com\/blog\/keshilli-kombetar-i-restaurimeve-ka-miratuar-disa-projekte-restaurimi-per-monumente-te-ndryshime-ne-te-githe-vendin\/","url_meta":{"origin":98477,"position":2},"title":"K\u00ebshilli Komb\u00ebtar i Restaurimeve ka miratuar disa projekte restaurimi p\u00ebr monumente t\u00eb ndryshime n\u00eb t\u00eb gith\u00eb vendin. &#8211;","author":"Kurt Farka","date":"July 12, 2018","format":false,"excerpt":"K\u00ebshilli Komb\u00ebtar i Restaurimeve ka miratuar disa projekte restaurimi p\u00ebr monumente t\u00eb ndryshime n\u00eb t\u00eb gith\u00eb vendin. - Njofton: Mirela Kumbaro. \u201cUra e Nivanit\u201d ne Zagori , mjaft e rrezikuar nga gerryerjet e brigjeve, do te restaurohet brenda vitit. Mes objekteve t\u00eb tjera p\u00ebr restaurim projektet e te cilave u\u2026","rel":"","context":"In &quot;Kultura&quot;","block_context":{"text":"Kultura","link":"https:\/\/www.shqiperia.com\/blog\/category\/kultura\/"},"img":{"alt_text":"","src":"https:\/\/i0.wp.com\/www.shqiperia.com\/blog\/wp-content\/uploads\/2018\/07\/ura-e-nivanit.jpg?fit=630%2C401&ssl=1&resize=350%2C200","width":350,"height":200,"srcset":"https:\/\/i0.wp.com\/www.shqiperia.com\/blog\/wp-content\/uploads\/2018\/07\/ura-e-nivanit.jpg?fit=630%2C401&ssl=1&resize=350%2C200 1x, https:\/\/i0.wp.com\/www.shqiperia.com\/blog\/wp-content\/uploads\/2018\/07\/ura-e-nivanit.jpg?fit=630%2C401&ssl=1&resize=525%2C300 1.5x"},"classes":[]},{"id":26273,"url":"https:\/\/www.shqiperia.com\/blog\/ura-monument-ne-kartmonedhen-100-frangeshe-te-vitit-1926\/","url_meta":{"origin":98477,"position":3},"title":"Ura- monument n\u00eb kartmonedhen 100 Frang\u00ebshe te vitit 1926. &#8211;","author":"Kurt Farka","date":"September 25, 2019","format":false,"excerpt":"Ura- monument n\u00eb kartmonedhen 100 Frang\u00ebshe te vitit 1926. - Nj\u00eb monument kulture nga rrethi i Puk\u00ebs, q\u00eb sot nuk ekziston \u00ebsht\u00eb dhe Ura e Hoxh\u00ebs, q\u00eb ishte n\u00eb Gomsiqen e Poshter. Ura ishte me nj\u00eb hark, e ndertuar e gjitha prej guri. Gojdhana thot\u00eb se ajo \u00ebsht\u00eb ndertuar nga\u2026","rel":"","context":"In &quot;Histori&quot;","block_context":{"text":"Histori","link":"https:\/\/www.shqiperia.com\/blog\/category\/histori\/"},"img":{"alt_text":"","src":"https:\/\/i0.wp.com\/www.shqiperia.com\/blog\/wp-content\/uploads\/2019\/09\/100-ranga-te-vitit-1926-1-1-300x164.jpg?resize=350%2C200&ssl=1","width":350,"height":200,"srcset":"https:\/\/i0.wp.com\/www.shqiperia.com\/blog\/wp-content\/uploads\/2019\/09\/100-ranga-te-vitit-1926-1-1-300x164.jpg?resize=350%2C200&ssl=1 1x, https:\/\/i0.wp.com\/www.shqiperia.com\/blog\/wp-content\/uploads\/2019\/09\/100-ranga-te-vitit-1926-1-1-300x164.jpg?resize=525%2C300&ssl=1 1.5x"},"classes":[]},{"id":51136,"url":"https:\/\/www.shqiperia.com\/blog\/ura-monument-ne-kartmonedhen-100-frangeshe-te-vitit-1926-2\/","url_meta":{"origin":98477,"position":4},"title":"Ura- monument n\u00eb kartmonedhen 100 Frang\u00ebshe te vitit 1926. \u2013","author":"Kurt Farka","date":"November 7, 2021","format":false,"excerpt":"Ura- monument n\u00eb kartmonedhen 100 Frang\u00ebshe te vitit 1926. \u2013 Per koleksionistet eshte nje objekt teper i rralle. - Nj\u00eb monument kulture nga rrethi i Puk\u00ebs, q\u00eb sot nuk ekziston \u00ebsht\u00eb dhe Ura e Hoxh\u00ebs, q\u00eb ishte n\u00eb Gomsiqen e Poshter. - Ura ishte me nj\u00eb hark, e ndertuar e\u2026","rel":"","context":"In &quot;Arte&quot;","block_context":{"text":"Arte","link":"https:\/\/www.shqiperia.com\/blog\/category\/arte\/"},"img":{"alt_text":"","src":"https:\/\/i0.wp.com\/www.shqiperia.com\/blog\/wp-content\/uploads\/2021\/11\/100-ranga-te-vitit-1926-1.jpg?fit=590%2C323&ssl=1&resize=350%2C200","width":350,"height":200,"srcset":"https:\/\/i0.wp.com\/www.shqiperia.com\/blog\/wp-content\/uploads\/2021\/11\/100-ranga-te-vitit-1926-1.jpg?fit=590%2C323&ssl=1&resize=350%2C200 1x, https:\/\/i0.wp.com\/www.shqiperia.com\/blog\/wp-content\/uploads\/2021\/11\/100-ranga-te-vitit-1926-1.jpg?fit=590%2C323&ssl=1&resize=525%2C300 1.5x"},"classes":[]},{"id":51141,"url":"https:\/\/www.shqiperia.com\/blog\/ura-monument-ne-kartmonedhen-100-frangeshe-te-vitit-1926-3\/","url_meta":{"origin":98477,"position":5},"title":"Ura &#8211; monument n\u00eb kartmonedhen 100 Frang\u00ebshe te vitit 1926. \u2013","author":"Kurt Farka","date":"November 7, 2021","format":false,"excerpt":"Ura - monument n\u00eb kartmonedhen 100 Frang\u00ebshe te vitit 1926. \u2013 Per koleksionistet e Europes eshte nje objekt teper i rralle, - Nj\u00eb monument kulture nga rrethi i Puk\u00ebs, q\u00eb sot nuk ekziston \u00ebsht\u00eb dhe Ura e Hoxh\u00ebs, q\u00eb ishte n\u00eb Gomsiqen e Poshter. - Ura ishte me nj\u00eb hark,\u2026","rel":"","context":"In &quot;Arte&quot;","block_context":{"text":"Arte","link":"https:\/\/www.shqiperia.com\/blog\/category\/arte\/"},"img":{"alt_text":"","src":"https:\/\/i0.wp.com\/www.shqiperia.com\/blog\/wp-content\/uploads\/2021\/11\/kartmonedha-shqiptare-100-Frangeshe-e-vitit-1926.-%E2%80%93.jpg?fit=590%2C323&ssl=1&resize=350%2C200","width":350,"height":200,"srcset":"https:\/\/i0.wp.com\/www.shqiperia.com\/blog\/wp-content\/uploads\/2021\/11\/kartmonedha-shqiptare-100-Frangeshe-e-vitit-1926.-%E2%80%93.jpg?fit=590%2C323&ssl=1&resize=350%2C200 1x, https:\/\/i0.wp.com\/www.shqiperia.com\/blog\/wp-content\/uploads\/2021\/11\/kartmonedha-shqiptare-100-Frangeshe-e-vitit-1926.-%E2%80%93.jpg?fit=590%2C323&ssl=1&resize=525%2C300 1.5x"},"classes":[]}],"_links":{"self":[{"href":"https:\/\/www.shqiperia.com\/blog\/wp-json\/wp\/v2\/posts\/98477","targetHints":{"allow":["GET"]}}],"collection":[{"href":"https:\/\/www.shqiperia.com\/blog\/wp-json\/wp\/v2\/posts"}],"about":[{"href":"https:\/\/www.shqiperia.com\/blog\/wp-json\/wp\/v2\/types\/post"}],"author":[{"embeddable":true,"href":"https:\/\/www.shqiperia.com\/blog\/wp-json\/wp\/v2\/users\/9"}],"replies":[{"embeddable":true,"href":"https:\/\/www.shqiperia.com\/blog\/wp-json\/wp\/v2\/comments?post=98477"}],"version-history":[{"count":2,"href":"https:\/\/www.shqiperia.com\/blog\/wp-json\/wp\/v2\/posts\/98477\/revisions"}],"predecessor-version":[{"id":98481,"href":"https:\/\/www.shqiperia.com\/blog\/wp-json\/wp\/v2\/posts\/98477\/revisions\/98481"}],"wp:featuredmedia":[{"embeddable":true,"href":"https:\/\/www.shqiperia.com\/blog\/wp-json\/wp\/v2\/media\/98479"}],"wp:attachment":[{"href":"https:\/\/www.shqiperia.com\/blog\/wp-json\/wp\/v2\/media?parent=98477"}],"wp:term":[{"taxonomy":"category","embeddable":true,"href":"https:\/\/www.shqiperia.com\/blog\/wp-json\/wp\/v2\/categories?post=98477"},{"taxonomy":"post_tag","embeddable":true,"href":"https:\/\/www.shqiperia.com\/blog\/wp-json\/wp\/v2\/tags?post=98477"}],"curies":[{"name":"wp","href":"https:\/\/api.w.org\/{rel}","templated":true}]}}