{"id":98471,"date":"2026-03-18T02:44:02","date_gmt":"2026-03-18T02:44:02","guid":{"rendered":"https:\/\/www.shqiperia.com\/blog\/?p=98471"},"modified":"2026-03-18T02:44:02","modified_gmt":"2026-03-18T02:44:02","slug":"gara-per-kreun-e-pd-ndizet-nje-tjeter-emer-sfidon-sali-berishen","status":"publish","type":"post","link":"https:\/\/www.shqiperia.com\/blog\/gara-per-kreun-e-pd-ndizet-nje-tjeter-emer-sfidon-sali-berishen\/","title":{"rendered":"Gara p\u00ebr kreun e PD ndizet\/ Nj\u00eb tjet\u00ebr em\u00ebr sfidon Sali Berish\u00ebn"},"content":{"rendered":"<div id=\"attachment_98472\" style=\"width: 615px\" class=\"wp-caption alignnone\"><img data-recalc-dims=\"1\" loading=\"lazy\" decoding=\"async\" aria-describedby=\"caption-attachment-98472\" data-attachment-id=\"98472\" data-permalink=\"https:\/\/www.shqiperia.com\/blog\/gara-per-kreun-e-pd-ndizet-nje-tjeter-emer-sfidon-sali-berishen\/alesia-balliu\/\" data-orig-file=\"https:\/\/i0.wp.com\/www.shqiperia.com\/blog\/wp-content\/uploads\/2026\/03\/Alesia-Balliu.jpg?fit=742%2C487&amp;ssl=1\" data-orig-size=\"742,487\" data-comments-opened=\"1\" data-image-meta=\"{&quot;aperture&quot;:&quot;0&quot;,&quot;credit&quot;:&quot;&quot;,&quot;camera&quot;:&quot;&quot;,&quot;caption&quot;:&quot;&quot;,&quot;created_timestamp&quot;:&quot;0&quot;,&quot;copyright&quot;:&quot;&quot;,&quot;focal_length&quot;:&quot;0&quot;,&quot;iso&quot;:&quot;0&quot;,&quot;shutter_speed&quot;:&quot;0&quot;,&quot;title&quot;:&quot;&quot;,&quot;orientation&quot;:&quot;0&quot;}\" data-image-title=\"Alesia Balliu\" data-image-description=\"\" data-image-caption=\"&lt;p&gt;Alesia Balliu&lt;\/p&gt;\n\" data-medium-file=\"https:\/\/i0.wp.com\/www.shqiperia.com\/blog\/wp-content\/uploads\/2026\/03\/Alesia-Balliu.jpg?fit=300%2C197&amp;ssl=1\" data-large-file=\"https:\/\/i0.wp.com\/www.shqiperia.com\/blog\/wp-content\/uploads\/2026\/03\/Alesia-Balliu.jpg?fit=742%2C487&amp;ssl=1\" class=\" wp-image-98472\" alt=\"\" src=\"https:\/\/i0.wp.com\/www.shqiperia.com\/blog\/wp-content\/uploads\/2026\/03\/Alesia-Balliu.jpg?resize=605%2C397&#038;ssl=1\" width=\"605\" height=\"397\" srcset=\"https:\/\/i0.wp.com\/www.shqiperia.com\/blog\/wp-content\/uploads\/2026\/03\/Alesia-Balliu.jpg?resize=300%2C197&amp;ssl=1 300w, https:\/\/i0.wp.com\/www.shqiperia.com\/blog\/wp-content\/uploads\/2026\/03\/Alesia-Balliu.jpg?resize=450%2C295&amp;ssl=1 450w, https:\/\/i0.wp.com\/www.shqiperia.com\/blog\/wp-content\/uploads\/2026\/03\/Alesia-Balliu.jpg?resize=600%2C394&amp;ssl=1 600w, https:\/\/i0.wp.com\/www.shqiperia.com\/blog\/wp-content\/uploads\/2026\/03\/Alesia-Balliu.jpg?resize=400%2C263&amp;ssl=1 400w, https:\/\/i0.wp.com\/www.shqiperia.com\/blog\/wp-content\/uploads\/2026\/03\/Alesia-Balliu.jpg?w=742&amp;ssl=1 742w\" sizes=\"auto, (max-width: 605px) 100vw, 605px\" \/><p id=\"caption-attachment-98472\" class=\"wp-caption-text\">Alesia Balliu<\/p><\/div>\n<p>18 Mars 2026<\/p>\n<p>Nj\u00eb tjet\u00ebr em\u00ebr ka shfaqur ambicie p\u00ebr kreun e Partis\u00eb Demokratike.<\/p>\n<p>Gara p\u00ebr drejtimin e PD-s\u00eb po zgjerohet, nd\u00ebrsa nj\u00eb tjet\u00ebr kandidate i shtohet list\u00ebs s\u00eb sfidant\u00ebve t\u00eb Sali Berish\u00ebs p\u00ebr zgjedhjet e 23 majit.<\/p>\n<p>Deri m\u00eb tani, jan\u00eb t\u00eb pakt\u00ebn tre emra q\u00eb pritet t\u00eb garojn\u00eb p\u00ebr postin e kryetarit t\u00eb PD-s\u00eb. E fundit q\u00eb ka konfirmuar publikisht kandidatur\u00ebn \u00ebsht\u00eb Alesia Balliu, aktiviste dhe an\u00ebtare e Partis\u00eb Demokratike.<\/p>\n<p>N\u00eb nj\u00eb intervist\u00eb televizive, Balliu b\u00ebri t\u00eb ditur se do t\u00eb hyj\u00eb n\u00eb gar\u00eb dhe se n\u00eb dit\u00ebt n\u00eb vijim do t\u00eb paraqes\u00eb platform\u00ebn e saj.<\/p>\n<p>\u201cDit\u00ebt n\u00eb vijim do t\u00eb jap nj\u00eb platform\u00eb dhe do t\u00eb dor\u00ebzoj dokumentet. Kam qen\u00eb n\u00eb krye t\u00eb forumit rinor, kam qen\u00eb drejtuese p\u00ebr rinin\u00eb n\u00eb gjith\u00eb qarkun e Elbasanit, kam dh\u00ebn\u00eb dor\u00ebheqjen nga postet drejtuese n\u00eb PD, por jam an\u00ebtare. Nuk di t\u00eb jet\u00eb marr\u00eb ndonj\u00eb vendim p\u00ebr p\u00ebrjashtimin tim nga PD\u201d u shpreh ajo.<\/p>\n<p>Balliu theksoi eksperienc\u00ebn e saj n\u00eb strukturat e partis\u00eb dhe u shfaq kritike ndaj lidershipit aktual.<\/p>\n<p>\u201cKoha e Sali Berish\u00ebs ka p\u00ebrfunduar\u2026 nuk mendoj q\u00eb nj\u00eb person 81 vje\u00e7 mund t\u00eb ec\u00eb me ritmin e koh\u00ebs dhe padyshim nuk e shoh t\u00eb arsyeshme. Mosha biologjike nuk e lejon Berish\u00ebn ta b\u00ebj\u00eb PD nj\u00eb parti fituese. Nga ana tjet\u00ebr jam nj\u00eb vajz\u00eb e re, e pakorruptuar dhe kam qen\u00eb nj\u00eb z\u00eb kritik\u201d, deklaroi ajo, duke shtuar se PD ka nevoj\u00eb p\u00ebr rinovim dhe figura t\u00eb reja.<\/p>\n<p>Ajo e konsideroi veten si nj\u00eb alternativ\u00eb t\u00eb pakorruptuar dhe n\u00eb linj\u00eb me k\u00ebrkesat e demokrat\u00ebve.<\/p>\n<p>\u201cJam nj\u00eb vajz\u00eb e re, e pakorruptuar, kam avantazh padiskutim at\u00eb \u00e7ka do populli dhe demokrat\u00ebt p\u00ebr momentin, q\u00eb \u00ebsht\u00eb rinovimi dhe figurat e reja n\u00eb PD. K\u00ebto figura nuk mund t\u00eb garojn\u00eb p\u00ebr her\u00eb t\u00eb pest\u00eb dhe t\u00eb thon\u00eb q\u00eb po b\u00ebjm\u00eb ndryshimin e madh\u201d, u shpreh Balliu.<\/p>\n<p>Nd\u00ebrkoh\u00eb, burime pran\u00eb ish-deputetit Ervin Salianji b\u00ebjn\u00eb me dije se edhe ai pritet t\u00eb jet\u00eb pjes\u00eb e gar\u00ebs p\u00ebr drejtimin e Partis\u00eb Demokratike.<\/p>\n<p>Gjithashtu, kandidatur\u00ebn e saj e ka shpallur edhe aktivistja shqiptaro-amerikane Evi Kokalari, duke e b\u00ebr\u00eb gar\u00ebn p\u00ebr kreun e PD-s\u00eb m\u00eb t\u00eb hapur dhe konkurruese.<\/p>\n","protected":false},"excerpt":{"rendered":"<p>18 Mars 2026 Nj\u00eb tjet\u00ebr em\u00ebr ka shfaqur ambicie p\u00ebr kreun e Partis\u00eb Demokratike. Gara p\u00ebr drejtimin e PD-s\u00eb po zgjerohet, nd\u00ebrsa nj\u00eb tjet\u00ebr kandidate i shtohet list\u00ebs s\u00eb sfidant\u00ebve t\u00eb Sali Berish\u00ebs p\u00ebr zgjedhjet e 23 majit. Deri m\u00eb tani, jan\u00eb t\u00eb pakt\u00ebn tre emra q\u00eb pritet t\u00eb garojn\u00eb p\u00ebr postin e kryetarit t\u00eb [&hellip;]<\/p>\n","protected":false},"author":9,"featured_media":98472,"comment_status":"open","ping_status":"open","sticky":false,"template":"","format":"standard","meta":{"jetpack_post_was_ever_published":false,"_jetpack_newsletter_access":"","_jetpack_dont_email_post_to_subs":false,"_jetpack_newsletter_tier_id":0,"_jetpack_memberships_contains_paywalled_content":false,"_jetpack_memberships_contains_paid_content":false,"footnotes":"","jetpack_publicize_message":"","jetpack_publicize_feature_enabled":true,"jetpack_social_post_already_shared":true,"jetpack_social_options":{"image_generator_settings":{"template":"highway","default_image_id":0,"font":"","enabled":false},"version":2}},"categories":[2,14,35],"tags":[],"class_list":["post-98471","post","type-post","status-publish","format-standard","has-post-thumbnail","hentry","category-politika","category-press-releases","category-shoqerore"],"jetpack_publicize_connections":[],"jetpack_featured_media_url":"https:\/\/i0.wp.com\/www.shqiperia.com\/blog\/wp-content\/uploads\/2026\/03\/Alesia-Balliu.jpg?fit=742%2C487&ssl=1","jetpack_sharing_enabled":true,"jetpack_shortlink":"https:\/\/wp.me\/p5Z6wp-pCf","jetpack-related-posts":[{"id":52576,"url":"https:\/\/www.shqiperia.com\/blog\/pas-kullurit-nje-tjeter-demokrat-sfidon-berishen-shpall-kandidaturen-per-kreun-e-pd\/","url_meta":{"origin":98471,"position":0},"title":"Pas Kullurit nj\u00eb tjet\u00ebr demokrat sfidon Berish\u00ebn, shpall kandidatur\u00ebn p\u00ebr kreun e PD","author":"Kurt Farka","date":"December 21, 2021","format":false,"excerpt":"Pas Kullurit nj\u00eb tjet\u00ebr demokrat sfidon Berish\u00ebn, shpall kandidatur\u00ebn p\u00ebr kreun e PD 21 DHJETOR 2021 Fatbardh Kadilli ka shpallur s\u00ebrish kandidatur\u00ebn p\u00ebr t\u00eb marr\u00eb drejtimin e Partis\u00eb Demokratike, por k\u00ebsaj here p\u00ebrball\u00eb ish kryeministrit Sali Berisha. K\u00ebt\u00eb l\u00ebvizje, Kadilli e ka b\u00ebr\u00eb t\u00eb ditur p\u00ebr A2 CNN, duke iu\u2026","rel":"","context":"In &quot;Blogu i Udh\u00ebtarit&quot;","block_context":{"text":"Blogu i Udh\u00ebtarit","link":"https:\/\/www.shqiperia.com\/blog\/category\/blogu-i-udhetarit\/"},"img":{"alt_text":"","src":"https:\/\/i0.wp.com\/www.shqiperia.com\/blog\/wp-content\/uploads\/2021\/12\/vula-pd.jpg?fit=485%2C311&ssl=1&resize=350%2C200","width":350,"height":200},"classes":[]},{"id":70271,"url":"https:\/\/www.shqiperia.com\/blog\/alibeajt-i-iken-nje-tjeter-kandidat-per-zgjedhjet-e-14-majit-sabah-sheta-ne-kruje\/","url_meta":{"origin":98471,"position":1},"title":"Alibeajt i ik\u00ebn nj\u00eb tjet\u00ebr kandidat p\u00ebr zgjedhjet e 14 majit, Sabah Sheta ne Kruje","author":"Kurt Farka","date":"March 30, 2023","format":false,"excerpt":"30 Mars 2023 Nj\u00eb tjet\u00ebr kandidat i PD s\u00eb p\u00ebrfaq\u00ebsuar nga kryetari i komanduar Enkelejd Alibeaj \u00ebsht\u00eb t\u00ebrhequr nga gara p\u00ebr zgjedhjet lokale t\u00eb 14 majit. B\u00ebhet fjal\u00eb p\u00ebr kandidatin e Bashkis\u00eb Kruj\u00eb, Sabah Sheta. Ky i fundit ka lajm\u00ebruar p\u00ebrmes rrjeteve sociale se ka hequr dor\u00eb nga kandidimi pasi\u2026","rel":"","context":"In &quot;Blogu i Udh\u00ebtarit&quot;","block_context":{"text":"Blogu i Udh\u00ebtarit","link":"https:\/\/www.shqiperia.com\/blog\/category\/blogu-i-udhetarit\/"},"img":{"alt_text":"","src":"https:\/\/i0.wp.com\/www.shqiperia.com\/blog\/wp-content\/uploads\/2023\/03\/Sabah-Sheta.jpg?fit=780%2C440&ssl=1&resize=350%2C200","width":350,"height":200,"srcset":"https:\/\/i0.wp.com\/www.shqiperia.com\/blog\/wp-content\/uploads\/2023\/03\/Sabah-Sheta.jpg?fit=780%2C440&ssl=1&resize=350%2C200 1x, https:\/\/i0.wp.com\/www.shqiperia.com\/blog\/wp-content\/uploads\/2023\/03\/Sabah-Sheta.jpg?fit=780%2C440&ssl=1&resize=525%2C300 1.5x, https:\/\/i0.wp.com\/www.shqiperia.com\/blog\/wp-content\/uploads\/2023\/03\/Sabah-Sheta.jpg?fit=780%2C440&ssl=1&resize=700%2C400 2x"},"classes":[]},{"id":38381,"url":"https:\/\/www.shqiperia.com\/blog\/lista-me-emra-pd-balliu-policia-nen-drejtimin-e-ish-sigurimit-te-shtetit\/","url_meta":{"origin":98471,"position":2},"title":"Lista me emra. PD, Balliu: &#8211; Policia n\u00ebn drejtimin e ish-Sigurimit t\u00eb Shtetit","author":"Kurt Farka","date":"September 13, 2020","format":false,"excerpt":"Lista me emra. PD, Balliu: - Policia n\u00ebn drejtimin e ish-Sigurimit t\u00eb Shtetit \u00a013 SHTATOR 2020 Partia Demokratike ka hedhur t\u00eb tjera akuza ndaj kryeministrit Rama. N\u00eb nj\u00eb komunikim me mediat nga selia blu, ish deputeti, Klevis Balliu u shpreh se kryeministri futi n\u00eb Policis\u00eb e Shtetit, ish bashk\u00ebpun\u00ebtor\u00ebt e\u2026","rel":"","context":"In &quot;Blogu i Udh\u00ebtarit&quot;","block_context":{"text":"Blogu i Udh\u00ebtarit","link":"https:\/\/www.shqiperia.com\/blog\/category\/blogu-i-udhetarit\/"},"img":{"alt_text":"","src":"https:\/\/i0.wp.com\/www.shqiperia.com\/blog\/wp-content\/uploads\/2020\/09\/800-0-78e7ea200a572c9711d5fa4021be43ac.jpg?fit=800%2C453&ssl=1&resize=350%2C200","width":350,"height":200,"srcset":"https:\/\/i0.wp.com\/www.shqiperia.com\/blog\/wp-content\/uploads\/2020\/09\/800-0-78e7ea200a572c9711d5fa4021be43ac.jpg?fit=800%2C453&ssl=1&resize=350%2C200 1x, https:\/\/i0.wp.com\/www.shqiperia.com\/blog\/wp-content\/uploads\/2020\/09\/800-0-78e7ea200a572c9711d5fa4021be43ac.jpg?fit=800%2C453&ssl=1&resize=525%2C300 1.5x, https:\/\/i0.wp.com\/www.shqiperia.com\/blog\/wp-content\/uploads\/2020\/09\/800-0-78e7ea200a572c9711d5fa4021be43ac.jpg?fit=800%2C453&ssl=1&resize=700%2C400 2x"},"classes":[]},{"id":53011,"url":"https:\/\/www.shqiperia.com\/blog\/perjashtimi-i-berishes-nga-pd-ne-fshehtesi-te-plote-lulzim-basha-u-mblodhi-celularet-anetareve-te-kryesise\/","url_meta":{"origin":98471,"position":3},"title":"P\u00ebrjashtimi i Berish\u00ebs nga PD ne fshehtesi te plote. \u00a0Lulzim Basha &#8220;u mblodhi&#8221; celular\u00ebt an\u00ebtar\u00ebve t\u00eb Kryesis\u00eb","author":"Kurt Farka","date":"January 11, 2022","format":false,"excerpt":"P\u00ebrjashtimi i Berish\u00ebs nga PD ne fshehtesi te plote. \u00a0Lulzim Basha \"u mblodhi\" celular\u00ebt an\u00ebtar\u00ebve t\u00eb Kryesis\u00eb 11 JANAR 2022 Tiran\u00eb- Ish-kryeministri Sali Berisha \u00ebsht\u00eb p\u00ebrjashtuar p\u00ebrgjithmon\u00eb nga Partia Demokratike me vendim t\u00eb Kryesis\u00eb s\u00eb selis\u00eb blu n\u00eb mbledhjen e cila nisi pasditen e djeshme dhe zgjati deri n\u00eb or\u00ebt\u2026","rel":"","context":"In &quot;Politika&quot;","block_context":{"text":"Politika","link":"https:\/\/www.shqiperia.com\/blog\/category\/politika\/"},"img":{"alt_text":"","src":"https:\/\/i0.wp.com\/www.shqiperia.com\/blog\/wp-content\/uploads\/2022\/01\/basha4-2.jpg?fit=1200%2C720&ssl=1&resize=350%2C200","width":350,"height":200,"srcset":"https:\/\/i0.wp.com\/www.shqiperia.com\/blog\/wp-content\/uploads\/2022\/01\/basha4-2.jpg?fit=1200%2C720&ssl=1&resize=350%2C200 1x, https:\/\/i0.wp.com\/www.shqiperia.com\/blog\/wp-content\/uploads\/2022\/01\/basha4-2.jpg?fit=1200%2C720&ssl=1&resize=525%2C300 1.5x, https:\/\/i0.wp.com\/www.shqiperia.com\/blog\/wp-content\/uploads\/2022\/01\/basha4-2.jpg?fit=1200%2C720&ssl=1&resize=700%2C400 2x, https:\/\/i0.wp.com\/www.shqiperia.com\/blog\/wp-content\/uploads\/2022\/01\/basha4-2.jpg?fit=1200%2C720&ssl=1&resize=1050%2C600 3x"},"classes":[]},{"id":56308,"url":"https:\/\/www.shqiperia.com\/blog\/ervin-salianji-si-mund-te-ndodh-bashkimi-i-partise-demokratike-ka-vetem-nje-rruge\/","url_meta":{"origin":98471,"position":4},"title":"Ervin Salianji si mund t\u00eb ndodh bashkimi i Partis\u00eb Demokratike: &#8211; Ka vet\u00ebm nj\u00eb rrug\u00eb","author":"Kurt Farka","date":"April 3, 2022","format":false,"excerpt":"Ervin Salianji si mund t\u00eb ndodh bashkimi i Partis\u00eb Demokratike: - Ka vet\u00ebm nj\u00eb rrug\u00eb 3 PRILL 2022 Deputeti i Partis\u00eb Demokratike, Ervin Salianji ka qen\u00eb i pranish\u00ebm n\u00eb Kor\u00e7\u00eb, n\u00eb vigjilje t\u00eb strukturave t\u00eb reja q\u00eb pritet t\u00eb zgjidhen n\u00eb \u00e7do sektor. Mesazhi i deputetit ishte i qart\u00eb. Ai\u2026","rel":"","context":"In &quot;Politika&quot;","block_context":{"text":"Politika","link":"https:\/\/www.shqiperia.com\/blog\/category\/politika\/"},"img":{"alt_text":"","src":"https:\/\/i0.wp.com\/www.shqiperia.com\/blog\/wp-content\/uploads\/2022\/04\/800-0-a4b79a5163425ea0011607fecb087441.jpg?fit=800%2C474&ssl=1&resize=350%2C200","width":350,"height":200,"srcset":"https:\/\/i0.wp.com\/www.shqiperia.com\/blog\/wp-content\/uploads\/2022\/04\/800-0-a4b79a5163425ea0011607fecb087441.jpg?fit=800%2C474&ssl=1&resize=350%2C200 1x, https:\/\/i0.wp.com\/www.shqiperia.com\/blog\/wp-content\/uploads\/2022\/04\/800-0-a4b79a5163425ea0011607fecb087441.jpg?fit=800%2C474&ssl=1&resize=525%2C300 1.5x, https:\/\/i0.wp.com\/www.shqiperia.com\/blog\/wp-content\/uploads\/2022\/04\/800-0-a4b79a5163425ea0011607fecb087441.jpg?fit=800%2C474&ssl=1&resize=700%2C400 2x"},"classes":[]},{"id":57398,"url":"https:\/\/www.shqiperia.com\/blog\/a-do-te-kandidoje-per-kreun-e-pd-agron-shehaj-zbulon-vendimin-qe-ka-marre\/","url_meta":{"origin":98471,"position":5},"title":"A do t\u00eb kandidoj\u00eb p\u00ebr kreun e PD? Agron Shehaj zbulon vendimin q\u00eb ka marr\u00eb","author":"Kurt Farka","date":"April 30, 2022","format":false,"excerpt":"A do t\u00eb kandidoj\u00eb p\u00ebr kreun e PD? Agron Shehaj zbulon vendimin q\u00eb ka marr\u00eb 30 PRILL 2022 Deputeti i Partis\u00eb Demokratike, Agron Shehaj ka folur p\u00ebr marr\u00ebdh\u00ebniet me ish-kryeministrin Sali Berisha, duke th\u00ebn\u00eb se me t\u00eb ruan raporte mes demokrat\u00ebsh. Ai tha n\u00eb \u201cZon\u00eb e Lir\u00eb\u201d se nuk do\u2026","rel":"","context":"In &quot;Blogu i Udh\u00ebtarit&quot;","block_context":{"text":"Blogu i Udh\u00ebtarit","link":"https:\/\/www.shqiperia.com\/blog\/category\/blogu-i-udhetarit\/"},"img":{"alt_text":"","src":"https:\/\/i0.wp.com\/www.shqiperia.com\/blog\/wp-content\/uploads\/2022\/04\/800-0-626ce7bd1d494.jpg?fit=800%2C456&ssl=1&resize=350%2C200","width":350,"height":200,"srcset":"https:\/\/i0.wp.com\/www.shqiperia.com\/blog\/wp-content\/uploads\/2022\/04\/800-0-626ce7bd1d494.jpg?fit=800%2C456&ssl=1&resize=350%2C200 1x, https:\/\/i0.wp.com\/www.shqiperia.com\/blog\/wp-content\/uploads\/2022\/04\/800-0-626ce7bd1d494.jpg?fit=800%2C456&ssl=1&resize=525%2C300 1.5x, https:\/\/i0.wp.com\/www.shqiperia.com\/blog\/wp-content\/uploads\/2022\/04\/800-0-626ce7bd1d494.jpg?fit=800%2C456&ssl=1&resize=700%2C400 2x"},"classes":[]}],"_links":{"self":[{"href":"https:\/\/www.shqiperia.com\/blog\/wp-json\/wp\/v2\/posts\/98471","targetHints":{"allow":["GET"]}}],"collection":[{"href":"https:\/\/www.shqiperia.com\/blog\/wp-json\/wp\/v2\/posts"}],"about":[{"href":"https:\/\/www.shqiperia.com\/blog\/wp-json\/wp\/v2\/types\/post"}],"author":[{"embeddable":true,"href":"https:\/\/www.shqiperia.com\/blog\/wp-json\/wp\/v2\/users\/9"}],"replies":[{"embeddable":true,"href":"https:\/\/www.shqiperia.com\/blog\/wp-json\/wp\/v2\/comments?post=98471"}],"version-history":[{"count":1,"href":"https:\/\/www.shqiperia.com\/blog\/wp-json\/wp\/v2\/posts\/98471\/revisions"}],"predecessor-version":[{"id":98473,"href":"https:\/\/www.shqiperia.com\/blog\/wp-json\/wp\/v2\/posts\/98471\/revisions\/98473"}],"wp:featuredmedia":[{"embeddable":true,"href":"https:\/\/www.shqiperia.com\/blog\/wp-json\/wp\/v2\/media\/98472"}],"wp:attachment":[{"href":"https:\/\/www.shqiperia.com\/blog\/wp-json\/wp\/v2\/media?parent=98471"}],"wp:term":[{"taxonomy":"category","embeddable":true,"href":"https:\/\/www.shqiperia.com\/blog\/wp-json\/wp\/v2\/categories?post=98471"},{"taxonomy":"post_tag","embeddable":true,"href":"https:\/\/www.shqiperia.com\/blog\/wp-json\/wp\/v2\/tags?post=98471"}],"curies":[{"name":"wp","href":"https:\/\/api.w.org\/{rel}","templated":true}]}}