{"id":98468,"date":"2026-03-18T02:37:53","date_gmt":"2026-03-18T02:37:53","guid":{"rendered":"https:\/\/www.shqiperia.com\/blog\/?p=98468"},"modified":"2026-03-18T02:37:53","modified_gmt":"2026-03-18T02:37:53","slug":"sulmi-kibernetik-ndaj-kuvendit-dervishi-nuk-u-be-nga-irani-por-njerezit-qe-kontrollonin-akshi-n","status":"publish","type":"post","link":"https:\/\/www.shqiperia.com\/blog\/sulmi-kibernetik-ndaj-kuvendit-dervishi-nuk-u-be-nga-irani-por-njerezit-qe-kontrollonin-akshi-n\/","title":{"rendered":"Sulmi kibernetik ndaj Kuvendit\/ Dervishi: Nuk u b\u00eb nga Irani, por njer\u00ebzit q\u00eb kontrollonin AKSHI-n"},"content":{"rendered":"<p><img data-recalc-dims=\"1\" loading=\"lazy\" decoding=\"async\" data-attachment-id=\"98469\" data-permalink=\"https:\/\/www.shqiperia.com\/blog\/sulmi-kibernetik-ndaj-kuvendit-dervishi-nuk-u-be-nga-irani-por-njerezit-qe-kontrollonin-akshi-n\/capture-344\/\" data-orig-file=\"https:\/\/i0.wp.com\/www.shqiperia.com\/blog\/wp-content\/uploads\/2026\/03\/Capture-344.jpg?fit=791%2C439&amp;ssl=1\" data-orig-size=\"791,439\" data-comments-opened=\"1\" data-image-meta=\"{&quot;aperture&quot;:&quot;0&quot;,&quot;credit&quot;:&quot;user&quot;,&quot;camera&quot;:&quot;&quot;,&quot;caption&quot;:&quot;&quot;,&quot;created_timestamp&quot;:&quot;1773786029&quot;,&quot;copyright&quot;:&quot;&quot;,&quot;focal_length&quot;:&quot;0&quot;,&quot;iso&quot;:&quot;0&quot;,&quot;shutter_speed&quot;:&quot;0&quot;,&quot;title&quot;:&quot;&quot;,&quot;orientation&quot;:&quot;0&quot;}\" data-image-title=\"Capture-344\" data-image-description=\"\" data-image-caption=\"\" data-medium-file=\"https:\/\/i0.wp.com\/www.shqiperia.com\/blog\/wp-content\/uploads\/2026\/03\/Capture-344.jpg?fit=300%2C166&amp;ssl=1\" data-large-file=\"https:\/\/i0.wp.com\/www.shqiperia.com\/blog\/wp-content\/uploads\/2026\/03\/Capture-344.jpg?fit=791%2C439&amp;ssl=1\" class=\"alignnone  wp-image-98469\" alt=\"\" src=\"https:\/\/i0.wp.com\/www.shqiperia.com\/blog\/wp-content\/uploads\/2026\/03\/Capture-344.jpg?resize=598%2C331&#038;ssl=1\" width=\"598\" height=\"331\" srcset=\"https:\/\/i0.wp.com\/www.shqiperia.com\/blog\/wp-content\/uploads\/2026\/03\/Capture-344.jpg?resize=300%2C166&amp;ssl=1 300w, https:\/\/i0.wp.com\/www.shqiperia.com\/blog\/wp-content\/uploads\/2026\/03\/Capture-344.jpg?resize=768%2C426&amp;ssl=1 768w, https:\/\/i0.wp.com\/www.shqiperia.com\/blog\/wp-content\/uploads\/2026\/03\/Capture-344.jpg?resize=450%2C250&amp;ssl=1 450w, https:\/\/i0.wp.com\/www.shqiperia.com\/blog\/wp-content\/uploads\/2026\/03\/Capture-344.jpg?resize=600%2C333&amp;ssl=1 600w, https:\/\/i0.wp.com\/www.shqiperia.com\/blog\/wp-content\/uploads\/2026\/03\/Capture-344.jpg?resize=400%2C222&amp;ssl=1 400w, https:\/\/i0.wp.com\/www.shqiperia.com\/blog\/wp-content\/uploads\/2026\/03\/Capture-344.jpg?w=791&amp;ssl=1 791w\" sizes=\"auto, (max-width: 598px) 100vw, 598px\" \/><\/p>\n<p>18 Mars 2026<\/p>\n<p>Gazetari Ferdinand Dervishi ka deklaruar se sulmi kibernetik ndaj Kuvendit, nuk ishte nga hekerat iranian\u00eb, por njer\u00ebzit q\u00eb kontrollonin AKSHI-n. Sipas Dervishit ata k\u00ebrkojn\u00eb t\u00eb thon\u00eb q\u00eb jan\u00eb t\u00eb paz\u00ebvend\u00ebsuesh\u00ebm dhe se k\u00ebrkojn\u00eb mbrojtje.<\/p>\n<p>\u201cU kalua shum\u00eb n\u00eb heshtje kjo histori. Kemi sulm t\u00eb armatosur ndaj Iranit nga SHBA dhe Izraeli q\u00eb ndodhi m\u00eb 28 shkurt. M\u00eb 10 mars kur ishte kulmi i lajmeve p\u00ebr k\u00ebt\u00eb pun\u00eb, ne na hekerohet Kuvendi. N\u00eb nj\u00eb moment kur shteti yt \u00ebsht\u00eb i sulmuar, t\u00eb shkat\u00ebrrojn\u00eb gjith\u00e7ka, hakerat iranian\u00eb gjet\u00ebn koh\u00ebn t\u00eb merren me di\u00e7ka q\u00eb ka zero vler\u00eb. Nuk kemi t\u00eb b\u00ebjm\u00eb me sulm nga hakerat iranian\u00eb. \u00cbsht\u00eb di\u00e7ka tjet\u00ebr. \u00cbsht\u00eb e besueshme dhe k\u00ebt\u00eb thon\u00eb ata q\u00eb un\u00eb kam pyetur. Nuk ka lidhje me hakerat iranian\u00eb. Kjo b\u00ebhet nga brenda. Kemi pasur dyshime, ekspert\u00eb shqiptar\u00eb t\u00eb zot\u00eb q\u00eb t\u00eb pakt\u00ebn nj\u00eb sulm i ngjash\u00ebm koh\u00eb m\u00eb par\u00eb \u00ebsht\u00eb iniciuar nga vet\u00eb brenda AKSHI-t. Ekspert\u00ebt kishin par\u00eb q\u00eb IP nga vinte sulmi ishte nga nj\u00eb PC brenda AKSHI-t. Provokohet nj\u00eb sulm p\u00ebr t\u00eb th\u00ebn\u00eb q\u00eb ka ardhur koha q\u00eb t\u00eb b\u00ebjm\u00eb nj\u00eb tender p\u00ebr k\u00ebt\u00eb institucion se u hakerua.<\/p>\n<p>Tani ka nj\u00eb gj\u00eb tjet\u00ebr p\u00ebr t\u00eb b\u00ebr\u00eb nj\u00eb hakerim fals.<\/p>\n<p>P\u00ebr mendimin tim dhe t\u00eb burimeve q\u00eb un\u00eb kam folur mendohet se sulmet b\u00ebhet nga disa njer\u00ebz q\u00eb kan\u00eb r\u00ebn\u00eb nga pushteti, me n\u00eb krye Agasin, Beqirin. Jan\u00eb n\u00eb k\u00ebrkim, por nuk e pranojn\u00eb dot k\u00ebt\u00eb gj\u00eb, q\u00eb i jan\u00eb hequr dekoratat. Nj\u00eb nga k\u00ebta funksiononte si kryeminist\u00ebr n\u00eb hije.<\/p>\n<p>K\u00ebta njer\u00ebz kan\u00eb punuar fort q\u00eb t\u00eb ken\u00eb sistemet. Ka dubluar sistemet. Kan\u00eb vjedhur TIMS, hipotekat, e-albania-n. e gjith\u00eb ajo q\u00eb ka ndodhur \u00ebsht\u00eb kjo: Ne jemi t\u00eb paz\u00ebvend\u00ebsuesh\u00ebm, ne duhet t\u00eb mbrohemi dhe t\u00eb sillemi aty ku ishim. Kuvendi nuk ka sekrete. Gjith\u00e7ka q\u00eb flitet n\u00eb Kuvend, regjistrohet dhe zbardhet, jan\u00eb nga vitit 1991. Ka gj\u00ebra burokratike dhe asnj\u00eb sekrete. Nuk ka pse hakerohet. E vetmja logjik\u00eb \u00ebsht\u00eb q\u00eb ata thon\u00eb ;ne jemi t\u00eb paz\u00ebvend\u00ebsuesh\u00ebm, duhet t\u00eb mbrohemi.<\/p>\n<p>Po financohet dhe televizione p\u00ebr t\u00eb th\u00ebn\u00eb q\u00eb k\u00ebta jan\u00eb burra t\u00eb mir\u00eb.<\/p>\n<p>Sulm i b\u00ebr\u00eb nga brenda, p\u00ebr t\u00eb th\u00ebn\u00eb q\u00eb ne njer\u00ebzve q\u00eb e kontrollonim k\u00ebt\u00eb gj\u00eb, duhet t\u00eb na ndihmoni.<\/p>\n<p>\u00cbsht\u00eb zgjedhur Kuvendi, mbase p\u00ebr t\u00eb b\u00ebr\u00eb m\u00eb shum\u00eb buj\u00eb\u201d-\u00a0tha Dervishi.<\/p>\n","protected":false},"excerpt":{"rendered":"<p>18 Mars 2026 Gazetari Ferdinand Dervishi ka deklaruar se sulmi kibernetik ndaj Kuvendit, nuk ishte nga hekerat iranian\u00eb, por njer\u00ebzit q\u00eb kontrollonin AKSHI-n. Sipas Dervishit ata k\u00ebrkojn\u00eb t\u00eb thon\u00eb q\u00eb jan\u00eb t\u00eb paz\u00ebvend\u00ebsuesh\u00ebm dhe se k\u00ebrkojn\u00eb mbrojtje. \u201cU kalua shum\u00eb n\u00eb heshtje kjo histori. Kemi sulm t\u00eb armatosur ndaj Iranit nga SHBA dhe Izraeli q\u00eb [&hellip;]<\/p>\n","protected":false},"author":9,"featured_media":98469,"comment_status":"open","ping_status":"open","sticky":false,"template":"","format":"standard","meta":{"jetpack_post_was_ever_published":false,"_jetpack_newsletter_access":"","_jetpack_dont_email_post_to_subs":false,"_jetpack_newsletter_tier_id":0,"_jetpack_memberships_contains_paywalled_content":false,"_jetpack_memberships_contains_paid_content":false,"footnotes":"","jetpack_publicize_message":"","jetpack_publicize_feature_enabled":true,"jetpack_social_post_already_shared":true,"jetpack_social_options":{"image_generator_settings":{"template":"highway","default_image_id":0,"font":"","enabled":false},"version":2}},"categories":[27,1,2,35],"tags":[],"class_list":["post-98468","post","type-post","status-publish","format-standard","has-post-thumbnail","hentry","category-blogu-i-udhetarit","category-njoftime-shtypi","category-politika","category-shoqerore"],"jetpack_publicize_connections":[],"jetpack_featured_media_url":"https:\/\/i0.wp.com\/www.shqiperia.com\/blog\/wp-content\/uploads\/2026\/03\/Capture-344.jpg?fit=791%2C439&ssl=1","jetpack_sharing_enabled":true,"jetpack_shortlink":"https:\/\/wp.me\/p5Z6wp-pCc","jetpack-related-posts":[{"id":62034,"url":"https:\/\/www.shqiperia.com\/blog\/sulmi-kibernetik-irani-hakmerret-ndaj-shqiperise-karamuco-ben-paralajmerimin-e-forte\/","url_meta":{"origin":98468,"position":0},"title":"Sulmi kibernetik\/ \u201cIrani hakmerret ndaj Shqip\u00ebris\u00eb\u201d, Karamu\u00e7o b\u00ebn paralajm\u00ebrimin e fort\u00eb.","author":"Kurt Farka","date":"September 10, 2022","format":false,"excerpt":"10 Shtator 2022 Pas sulmeve t\u00eb vazhdueshme me t\u00eb cilat vendi u p\u00ebrball p\u00ebrgjat\u00eb korrikut t\u00eb vitit t\u00eb shkuar, Irani nuk po ndalon. Pas shk\u00ebputjes s\u00eb marr\u00ebdh\u00ebnieve diplomatike duket se Irani ka nd\u00ebrmarr\u00eb nj\u00eb tjet\u00ebr ofensiv\u00eb kundrejt Shqip\u00ebris\u00eb. Mbr\u00ebmjen e djeshme hakerat iranian\u00eb kan\u00eb sulmuar sistemin TIMS t\u00eb Shqip\u00ebris\u00eb q\u00eb\u2026","rel":"","context":"In &quot;Blogu i Udh\u00ebtarit&quot;","block_context":{"text":"Blogu i Udh\u00ebtarit","link":"https:\/\/www.shqiperia.com\/blog\/category\/blogu-i-udhetarit\/"},"img":{"alt_text":"","src":"https:\/\/i0.wp.com\/www.shqiperia.com\/blog\/wp-content\/uploads\/2022\/09\/Ervin-Karamuco.jpeg?fit=800%2C400&ssl=1&resize=350%2C200","width":350,"height":200,"srcset":"https:\/\/i0.wp.com\/www.shqiperia.com\/blog\/wp-content\/uploads\/2022\/09\/Ervin-Karamuco.jpeg?fit=800%2C400&ssl=1&resize=350%2C200 1x, https:\/\/i0.wp.com\/www.shqiperia.com\/blog\/wp-content\/uploads\/2022\/09\/Ervin-Karamuco.jpeg?fit=800%2C400&ssl=1&resize=525%2C300 1.5x, https:\/\/i0.wp.com\/www.shqiperia.com\/blog\/wp-content\/uploads\/2022\/09\/Ervin-Karamuco.jpeg?fit=800%2C400&ssl=1&resize=700%2C400 2x"},"classes":[]},{"id":76706,"url":"https:\/\/www.shqiperia.com\/blog\/shteti-nen-sulm-hakerohen-edhe-faqet-e-akshi-t-klsh-se-tatimeve-dhe-ilkdpi-se\/","url_meta":{"origin":98468,"position":1},"title":"SHTETI N\u00cbN SULM &#8211; Hakerohen edhe faqet e AKSHI-t, KLSH-s\u00eb, Tatimeve dhe ILKDPI-s\u00eb","author":"Kurt Farka","date":"December 27, 2023","format":false,"excerpt":"27 Dhjetor 2023 Vazhdojn\u00eb sulmet e hackerave ndaj faqeve t\u00eb institucioneve shqiptare. K\u00ebt\u00eb her\u00eb n\u00ebn sulmin e tyre kan\u00eb ran\u00eb faqja e KLSH-s\u00eb, Tatimeve dhe ILDPI-s\u00eb. P\u00ebrmes nj\u00eb njofitmi AKSHI- pohoi se gjendemi n\u00ebn sulme masive duke bllokuar rrjetin me tentativa ilegjitime aksesimi t\u00eb faqeve publike, por siguron se situata\u2026","rel":"","context":"In &quot;Blogu i Udh\u00ebtarit&quot;","block_context":{"text":"Blogu i Udh\u00ebtarit","link":"https:\/\/www.shqiperia.com\/blog\/category\/blogu-i-udhetarit\/"},"img":{"alt_text":"","src":"https:\/\/i0.wp.com\/www.shqiperia.com\/blog\/wp-content\/uploads\/2023\/12\/640-0-screenshot-2-1703676938.jpg?fit=640%2C352&ssl=1&resize=350%2C200","width":350,"height":200,"srcset":"https:\/\/i0.wp.com\/www.shqiperia.com\/blog\/wp-content\/uploads\/2023\/12\/640-0-screenshot-2-1703676938.jpg?fit=640%2C352&ssl=1&resize=350%2C200 1x, https:\/\/i0.wp.com\/www.shqiperia.com\/blog\/wp-content\/uploads\/2023\/12\/640-0-screenshot-2-1703676938.jpg?fit=640%2C352&ssl=1&resize=525%2C300 1.5x"},"classes":[]},{"id":62888,"url":"https:\/\/www.shqiperia.com\/blog\/dalin-te-dhenat-e-sistemit-me-informacionet-sekrete-te-policise-se-shtetit-per-kriminelet-shqiptarenga-hakerat-iranian\/","url_meta":{"origin":98468,"position":2},"title":"Dalin t\u00eb dh\u00ebnat e sistemit me informacionet sekrete t\u00eb Policis\u00eb s\u00eb Shtetit p\u00ebr kriminel\u00ebt shqiptar\u00ebnga hakerat iranian","author":"Kurt Farka","date":"October 3, 2022","format":false,"excerpt":"3 Tetor 2022 Grupi kriminal i\u00a0 financuar nga Irani q\u00eb i b\u00ebri sulm kibernetik Shqip\u00ebris\u00eb, \u201cHomeland Justice\u201d, ka publikuar dit\u00ebn e sotme t\u00eb dh\u00ebna sensitive t\u00eb sistemit \u2018MEMEX\u2019, i cili p\u00ebrmban list\u00ebn e personave t\u00eb dyshuar si t\u00eb p\u00ebrfshir\u00eb n\u00eb veprimtari kriminale. \u201cHomeland Justice\u201d, n\u00eb vijim t\u00eb veprimeve kriminale, ka\u2026","rel":"","context":"In &quot;Blogu i Udh\u00ebtarit&quot;","block_context":{"text":"Blogu i Udh\u00ebtarit","link":"https:\/\/www.shqiperia.com\/blog\/category\/blogu-i-udhetarit\/"},"img":{"alt_text":"","src":"https:\/\/i0.wp.com\/www.shqiperia.com\/blog\/wp-content\/uploads\/2022\/10\/14435715176054628927.jpg?fit=500%2C261&ssl=1&resize=350%2C200","width":350,"height":200},"classes":[]},{"id":62542,"url":"https:\/\/www.shqiperia.com\/blog\/dhjetera-sulme-kibernetike-nga-irani-drejt-izraelit\/","url_meta":{"origin":98468,"position":3},"title":"Dhjet\u00ebra sulme kibernetike nga Irani drejt Izraelit","author":"Kurt Farka","date":"September 21, 2022","format":false,"excerpt":"21 Shtator 2022 Nj\u00eb oficer i lart\u00eb i Forcave t\u00eb Mbrojtjes t\u00eb\u00a0Izraelit deklaroi se ushtria ka penguar dhjet\u00ebra tentativa p\u00ebr sulme kibernetike iraniane, kryesisht n\u00eb infrastruktur\u00ebn civile izraelite, gjat\u00eb vitit t\u00eb kaluar. Izraeli dhe Irani jan\u00eb p\u00ebrfshir\u00eb prej vitesh n\u00eb nj\u00eb luft\u00eb kibernetike kryesisht klandestine q\u00eb her\u00eb pas here del\u2026","rel":"","context":"In &quot;Blogu i Udh\u00ebtarit&quot;","block_context":{"text":"Blogu i Udh\u00ebtarit","link":"https:\/\/www.shqiperia.com\/blog\/category\/blogu-i-udhetarit\/"},"img":{"alt_text":"","src":"https:\/\/i0.wp.com\/www.shqiperia.com\/blog\/wp-content\/uploads\/2022\/09\/800-0-632b2ebf436f7.jpeg?fit=800%2C500&ssl=1&resize=350%2C200","width":350,"height":200,"srcset":"https:\/\/i0.wp.com\/www.shqiperia.com\/blog\/wp-content\/uploads\/2022\/09\/800-0-632b2ebf436f7.jpeg?fit=800%2C500&ssl=1&resize=350%2C200 1x, https:\/\/i0.wp.com\/www.shqiperia.com\/blog\/wp-content\/uploads\/2022\/09\/800-0-632b2ebf436f7.jpeg?fit=800%2C500&ssl=1&resize=525%2C300 1.5x, https:\/\/i0.wp.com\/www.shqiperia.com\/blog\/wp-content\/uploads\/2022\/09\/800-0-632b2ebf436f7.jpeg?fit=800%2C500&ssl=1&resize=700%2C400 2x"},"classes":[]},{"id":63909,"url":"https:\/\/www.shqiperia.com\/blog\/kjo-tejkaloi-cdo-vije-te-kuqe-deputeti-shkermoqet-e-gjithe-struktura-e-shish-rrezikohet-konflikt-i-madh-social\/","url_meta":{"origin":98468,"position":4},"title":"\u201cKjo tejkaloi \u00e7do vij\u00eb t\u00eb kuqe\u201d. Deputeti: &#8211; Shk\u00ebrmoqet e gjith\u00eb struktura e SHISH, rrezikohet konflikt i madh social","author":"Kurt Farka","date":"November 3, 2022","format":false,"excerpt":"3 Nentor 2022 \"Lista p\u00ebrmban q\u00eb nga raportuesit e thjesht\u00eb deri te personat qe p\u00ebrdorin identitet t\u00eb dyfisht\u00eb e q\u00eb infiltrohen n\u00eb situata q\u00eb rrezikojn\u00eb jet\u00ebn e tyre\". Deputeti i Partis\u00eb Demokratike, Dashnor Sula ka reaguar n\u00eb lidhje me publikimin e t\u00eb dh\u00ebnave t\u00eb SHISH, ku u b\u00ebn\u00eb publike emrat\u2026","rel":"","context":"In &quot;Blogu i Udh\u00ebtarit&quot;","block_context":{"text":"Blogu i Udh\u00ebtarit","link":"https:\/\/www.shqiperia.com\/blog\/category\/blogu-i-udhetarit\/"},"img":{"alt_text":"","src":"https:\/\/i0.wp.com\/www.shqiperia.com\/blog\/wp-content\/uploads\/2022\/11\/800-0-4b2dbc3d267dfb08cd78162ae1191b47.jpg?fit=800%2C478&ssl=1&resize=350%2C200","width":350,"height":200,"srcset":"https:\/\/i0.wp.com\/www.shqiperia.com\/blog\/wp-content\/uploads\/2022\/11\/800-0-4b2dbc3d267dfb08cd78162ae1191b47.jpg?fit=800%2C478&ssl=1&resize=350%2C200 1x, https:\/\/i0.wp.com\/www.shqiperia.com\/blog\/wp-content\/uploads\/2022\/11\/800-0-4b2dbc3d267dfb08cd78162ae1191b47.jpg?fit=800%2C478&ssl=1&resize=525%2C300 1.5x, https:\/\/i0.wp.com\/www.shqiperia.com\/blog\/wp-content\/uploads\/2022\/11\/800-0-4b2dbc3d267dfb08cd78162ae1191b47.jpg?fit=800%2C478&ssl=1&resize=700%2C400 2x"},"classes":[]},{"id":63160,"url":"https:\/\/www.shqiperia.com\/blog\/artan-hoxha-hakerat-kane-ne-duar-sistemin-bankar-hipotekat-dhe-aluizn\/","url_meta":{"origin":98468,"position":5},"title":"Artan Hoxha: &#8211; Hakerat kan\u00eb n\u00eb duar sistemin bankar, hipotekat dhe ALUIZN","author":"Kurt Farka","date":"October 11, 2022","format":false,"excerpt":"11 Tetor 2022 Gazetari investigativ Artan Hoxha ka komentuar s\u00ebrish sulmet kibernetike iraniane q\u00eb kan\u00eb goditur vendin ton\u00eb q\u00eb prejkorrikut. Sa i takon hakerimit t\u00eb sistemit t\u00eb policis\u00eb \"Deep Sea\", Hoxha shprehet se personazhet e bot\u00ebs s\u00eb krimit interesohen \u00e7do dit\u00eb p\u00ebr t\u00eb dh\u00ebnat q\u00eb nxjerrin hakerat iranin\u00eb, duke theksuar\u2026","rel":"","context":"In &quot;Blogu i Udh\u00ebtarit&quot;","block_context":{"text":"Blogu i Udh\u00ebtarit","link":"https:\/\/www.shqiperia.com\/blog\/category\/blogu-i-udhetarit\/"},"img":{"alt_text":"","src":"https:\/\/i0.wp.com\/www.shqiperia.com\/blog\/wp-content\/uploads\/2022\/10\/640-0-1665488639xgfdbf-926.jpg?fit=640%2C360&ssl=1&resize=350%2C200","width":350,"height":200,"srcset":"https:\/\/i0.wp.com\/www.shqiperia.com\/blog\/wp-content\/uploads\/2022\/10\/640-0-1665488639xgfdbf-926.jpg?fit=640%2C360&ssl=1&resize=350%2C200 1x, https:\/\/i0.wp.com\/www.shqiperia.com\/blog\/wp-content\/uploads\/2022\/10\/640-0-1665488639xgfdbf-926.jpg?fit=640%2C360&ssl=1&resize=525%2C300 1.5x"},"classes":[]}],"_links":{"self":[{"href":"https:\/\/www.shqiperia.com\/blog\/wp-json\/wp\/v2\/posts\/98468","targetHints":{"allow":["GET"]}}],"collection":[{"href":"https:\/\/www.shqiperia.com\/blog\/wp-json\/wp\/v2\/posts"}],"about":[{"href":"https:\/\/www.shqiperia.com\/blog\/wp-json\/wp\/v2\/types\/post"}],"author":[{"embeddable":true,"href":"https:\/\/www.shqiperia.com\/blog\/wp-json\/wp\/v2\/users\/9"}],"replies":[{"embeddable":true,"href":"https:\/\/www.shqiperia.com\/blog\/wp-json\/wp\/v2\/comments?post=98468"}],"version-history":[{"count":1,"href":"https:\/\/www.shqiperia.com\/blog\/wp-json\/wp\/v2\/posts\/98468\/revisions"}],"predecessor-version":[{"id":98470,"href":"https:\/\/www.shqiperia.com\/blog\/wp-json\/wp\/v2\/posts\/98468\/revisions\/98470"}],"wp:featuredmedia":[{"embeddable":true,"href":"https:\/\/www.shqiperia.com\/blog\/wp-json\/wp\/v2\/media\/98469"}],"wp:attachment":[{"href":"https:\/\/www.shqiperia.com\/blog\/wp-json\/wp\/v2\/media?parent=98468"}],"wp:term":[{"taxonomy":"category","embeddable":true,"href":"https:\/\/www.shqiperia.com\/blog\/wp-json\/wp\/v2\/categories?post=98468"},{"taxonomy":"post_tag","embeddable":true,"href":"https:\/\/www.shqiperia.com\/blog\/wp-json\/wp\/v2\/tags?post=98468"}],"curies":[{"name":"wp","href":"https:\/\/api.w.org\/{rel}","templated":true}]}}