{"id":98465,"date":"2026-03-18T02:34:18","date_gmt":"2026-03-18T02:34:18","guid":{"rendered":"https:\/\/www.shqiperia.com\/blog\/?p=98465"},"modified":"2026-03-18T02:34:18","modified_gmt":"2026-03-18T02:34:18","slug":"mali-i-zi-mbyll-kapitullin-14-te-negociatave-me-bashkimin-evropian-shqiperia-deshton-ne-kapitullin-e-i","status":"publish","type":"post","link":"https:\/\/www.shqiperia.com\/blog\/mali-i-zi-mbyll-kapitullin-14-te-negociatave-me-bashkimin-evropian-shqiperia-deshton-ne-kapitullin-e-i\/","title":{"rendered":"Mali i Zi mbyll kapitullin 14 t\u00eb negociatave me Bashkimin Evropian, Shqip\u00ebria d\u00ebshton n\u00eb kapitullin e I."},"content":{"rendered":"<p><img data-recalc-dims=\"1\" loading=\"lazy\" decoding=\"async\" data-attachment-id=\"98466\" data-permalink=\"https:\/\/www.shqiperia.com\/blog\/mali-i-zi-mbyll-kapitullin-14-te-negociatave-me-bashkimin-evropian-shqiperia-deshton-ne-kapitullin-e-i\/o_38049610_1280-1140x570\/\" data-orig-file=\"https:\/\/i0.wp.com\/www.shqiperia.com\/blog\/wp-content\/uploads\/2026\/03\/o_38049610_1280-1140x570-1.jpg?fit=1140%2C570&amp;ssl=1\" data-orig-size=\"1140,570\" data-comments-opened=\"1\" data-image-meta=\"{&quot;aperture&quot;:&quot;0&quot;,&quot;credit&quot;:&quot;&quot;,&quot;camera&quot;:&quot;&quot;,&quot;caption&quot;:&quot;&quot;,&quot;created_timestamp&quot;:&quot;0&quot;,&quot;copyright&quot;:&quot;&quot;,&quot;focal_length&quot;:&quot;0&quot;,&quot;iso&quot;:&quot;0&quot;,&quot;shutter_speed&quot;:&quot;0&quot;,&quot;title&quot;:&quot;&quot;,&quot;orientation&quot;:&quot;0&quot;}\" data-image-title=\"o_38049610_1280-1140&#215;570\" data-image-description=\"\" data-image-caption=\"\" data-medium-file=\"https:\/\/i0.wp.com\/www.shqiperia.com\/blog\/wp-content\/uploads\/2026\/03\/o_38049610_1280-1140x570-1.jpg?fit=300%2C150&amp;ssl=1\" data-large-file=\"https:\/\/i0.wp.com\/www.shqiperia.com\/blog\/wp-content\/uploads\/2026\/03\/o_38049610_1280-1140x570-1.jpg?fit=1024%2C512&amp;ssl=1\" class=\"alignnone  wp-image-98466\" alt=\"\" src=\"https:\/\/i0.wp.com\/www.shqiperia.com\/blog\/wp-content\/uploads\/2026\/03\/o_38049610_1280-1140x570-1.jpg?resize=514%2C257&#038;ssl=1\" width=\"514\" height=\"257\" srcset=\"https:\/\/i0.wp.com\/www.shqiperia.com\/blog\/wp-content\/uploads\/2026\/03\/o_38049610_1280-1140x570-1.jpg?resize=300%2C150&amp;ssl=1 300w, https:\/\/i0.wp.com\/www.shqiperia.com\/blog\/wp-content\/uploads\/2026\/03\/o_38049610_1280-1140x570-1.jpg?resize=1024%2C512&amp;ssl=1 1024w, https:\/\/i0.wp.com\/www.shqiperia.com\/blog\/wp-content\/uploads\/2026\/03\/o_38049610_1280-1140x570-1.jpg?resize=768%2C384&amp;ssl=1 768w, https:\/\/i0.wp.com\/www.shqiperia.com\/blog\/wp-content\/uploads\/2026\/03\/o_38049610_1280-1140x570-1.jpg?resize=450%2C225&amp;ssl=1 450w, https:\/\/i0.wp.com\/www.shqiperia.com\/blog\/wp-content\/uploads\/2026\/03\/o_38049610_1280-1140x570-1.jpg?resize=600%2C300&amp;ssl=1 600w, https:\/\/i0.wp.com\/www.shqiperia.com\/blog\/wp-content\/uploads\/2026\/03\/o_38049610_1280-1140x570-1.jpg?resize=400%2C200&amp;ssl=1 400w, https:\/\/i0.wp.com\/www.shqiperia.com\/blog\/wp-content\/uploads\/2026\/03\/o_38049610_1280-1140x570-1.jpg?w=1140&amp;ssl=1 1140w\" sizes=\"auto, (max-width: 514px) 100vw, 514px\" \/><\/p>\n<p>18 Mars 2026<\/p>\n<p>T\u00eb mart\u00ebn, n\u00eb Konferenc\u00ebn Nd\u00ebrqeveritare n\u00eb Bruksel, Mali i Zi mbylli p\u00ebrkoh\u00ebsisht Kapitullin 21 \u2013 rrjetet trans-evropiane, k\u00ebshtu q\u00eb 19 nga 33 kapitujt e tjer\u00eb mbeten t\u00eb hapur n\u00eb negociatat e pranimit me Bashkimin Evropian, nd\u00ebrkoh\u00eb q\u00eb Shqip\u00ebris\u00eb ju bllokua mund\u00ebsia p\u00ebr t\u00eb mbyllur kapitullin e par\u00eb, q\u00eb p\u00ebrfshin shtetin e s\u00eb drejt\u00ebs, t\u00eb drejtat e njeriut, luft\u00ebn kund\u00ebr korrupsionit dhe krimit t\u00eb organizuar.<\/p>\n<p>Komisionerja Evropiane p\u00ebr Zgjerim, Marta Kos, theksoi se puna e palodhur dhe p\u00ebrkushtimi i Malit t\u00eb Zi kan\u00eb dh\u00ebn\u00eb fryte dhe theksoi se vendi \u00ebsht\u00eb m\u00eb i p\u00ebrparuari n\u00eb procesin e pranimit n\u00eb BE.<\/p>\n<p>\u201cP\u00ebr t\u00eb shmangur \u00e7do konfuzion, miqt\u00eb e mi t\u00eb dashur n\u00eb Mal t\u00eb Zi, po e mbyllim Kapitullin 21 \u2013 rrjetet trans-evropiane. I p\u00ebrg\u00ebzoj t\u00eb gjith\u00eb n\u00eb Mal t\u00eb Zi\u201d, tha Kos n\u00eb nj\u00eb konferenc\u00eb p\u00ebr shtyp pas Konferenc\u00ebs Nd\u00ebrqeveritare n\u00eb Bruksel.<\/p>\n<p>Ajo theksoi se \u00ebsht\u00eb e sigurt se, me vullnet dhe angazhim t\u00eb fort\u00eb politik, Mali i Zi do t\u00eb vazhdoj\u00eb me nj\u00eb rit\u00ebm t\u00eb shk\u00eblqyer.<\/p>\n<p>\u201cKy Komision ju mb\u00ebshtet plot\u00ebsisht n\u00eb ruajtjen e k\u00ebtij momenti\u201d, theksoi Kos, por shtoi se vendi duhet t\u00eb forcoj\u00eb sundimin e ligjit, t\u00eb punoj\u00eb p\u00ebr t\u00eb forcuar nj\u00eb gjyq\u00ebsor t\u00eb pavarur dhe profesional dhe t\u00eb harmonizoj\u00eb politik\u00ebn e saj t\u00eb vizave me at\u00eb t\u00eb Bashkimit Evropian.<\/p>\n<p>An\u00ebtar\u00ebt e Unionit hodh\u00ebn posht\u00eb iden\u00eb e Komisionit Evropian p\u00ebr pranim t\u00eb shpejt\u00eb t\u00eb Ukrain\u00ebs dhe t\u00eb tjer\u00ebve<\/p>\n<p>Kryeministri malazez Milojko Spaji\u0107 theksoi se Kapitulli 14 n\u00eb negociatat midis Malit t\u00eb Zi dhe BE-s\u00eb u mbyll sot n\u00eb Bruksel dhe se mbyllja e Kapitullit 21 krijon kushte p\u00ebr p\u00ebrmir\u00ebsimin e zhvillimit t\u00eb sistemeve t\u00eb transportit, energjis\u00eb dhe telekomunikacionit n\u00eb p\u00ebrputhje me standardet evropiane.<\/p>\n<p>\u201cInfrastruktura do t\u00eb thot\u00eb t\u00eb lidh\u00ebsh njer\u00ebzit, ekonomit\u00eb, mund\u00ebsit\u00eb dhe idet\u00eb. N\u00eb k\u00ebt\u00eb kuptim, hapi i sot\u00ebm p\u00ebrfaq\u00ebson shum\u00eb m\u00eb tep\u00ebr sesa thjesht rrjete; \u00ebsht\u00eb nj\u00eb shenj\u00eb e r\u00ebnd\u00ebsishme se Mali i Zi dhe qytetar\u00ebt e tij po integrohen gjithnj\u00eb e m\u00eb shum\u00eb n\u00eb struktur\u00ebn e Bashkimit Evropian\u201d, tha Spaji\u0107.<\/p>\n<p>Ai theksoi se e sheh p\u00ebrmir\u00ebsimin dhe zhvillimin e rrjetit transevropian t\u00eb transportit dhe energjis\u00eb p\u00ebr Malin e Zi si q\u00ebllimin e tij strategjik brenda sistemit m\u00eb t\u00eb gjer\u00eb evropian t\u00eb l\u00ebvizshm\u00ebris\u00eb, logjistik\u00ebs dhe integrimit ekonomik.<\/p>\n<p>\u201cKjo do t\u00eb thot\u00eb q\u00eb \u00e7do vendim i madh infrastrukturor q\u00eb marrim udh\u00ebhiqet nga nj\u00eb perspektiv\u00eb m\u00eb e gjer\u00eb, dhe nga m\u00ebnyra se si Mali i Zi lidhet me fqinj\u00ebt e tij, si lidhet Ballkani Per\u00ebndimor me Bashkimin Evropian dhe si k\u00ebto lidhje kontribuojn\u00eb n\u00eb nj\u00eb kontinent evropian m\u00eb t\u00eb integruar, nj\u00eb q\u00ebllim r\u00ebnd\u00ebsia e t\u00eb cilit sot \u00ebsht\u00eb m\u00eb e madhe se kurr\u00eb\u201d, tha Kryeministri malazez.<\/p>\n<p>Mali i Zi zyrtarisht filloi negociatat p\u00ebr an\u00ebtar\u00ebsim n\u00eb Bashkimin Evropian n\u00eb qershor 2012. Si nj\u00eb lider n\u00eb negociatat n\u00eb Ballkanin Per\u00ebndimor, vendi ka hapur t\u00eb gjitha kapitujt e negociatave dhe ka mbyllur 14, me q\u00ebllim p\u00ebrfundimin teknik t\u00eb procesit deri n\u00eb fund t\u00eb vitit 2026 dhe b\u00ebrjen an\u00ebtar i plot\u00eb i BE-s\u00eb n\u00eb vitin 2028.<\/p>\n<p>Nga: Gazeta Sot<\/p>\n","protected":false},"excerpt":{"rendered":"<p>18 Mars 2026 T\u00eb mart\u00ebn, n\u00eb Konferenc\u00ebn Nd\u00ebrqeveritare n\u00eb Bruksel, Mali i Zi mbylli p\u00ebrkoh\u00ebsisht Kapitullin 21 \u2013 rrjetet trans-evropiane, k\u00ebshtu q\u00eb 19 nga 33 kapitujt e tjer\u00eb mbeten t\u00eb hapur n\u00eb negociatat e pranimit me Bashkimin Evropian, nd\u00ebrkoh\u00eb q\u00eb Shqip\u00ebris\u00eb ju bllokua mund\u00ebsia p\u00ebr t\u00eb mbyllur kapitullin e par\u00eb, q\u00eb p\u00ebrfshin shtetin e s\u00eb [&hellip;]<\/p>\n","protected":false},"author":9,"featured_media":98466,"comment_status":"open","ping_status":"open","sticky":false,"template":"","format":"standard","meta":{"jetpack_post_was_ever_published":false,"_jetpack_newsletter_access":"","_jetpack_dont_email_post_to_subs":false,"_jetpack_newsletter_tier_id":0,"_jetpack_memberships_contains_paywalled_content":false,"_jetpack_memberships_contains_paid_content":false,"footnotes":"","jetpack_publicize_message":"","jetpack_publicize_feature_enabled":true,"jetpack_social_post_already_shared":true,"jetpack_social_options":{"image_generator_settings":{"template":"highway","default_image_id":0,"font":"","enabled":false},"version":2}},"categories":[27,2,35],"tags":[],"class_list":["post-98465","post","type-post","status-publish","format-standard","has-post-thumbnail","hentry","category-blogu-i-udhetarit","category-politika","category-shoqerore"],"jetpack_publicize_connections":[],"jetpack_featured_media_url":"https:\/\/i0.wp.com\/www.shqiperia.com\/blog\/wp-content\/uploads\/2026\/03\/o_38049610_1280-1140x570-1.jpg?fit=1140%2C570&ssl=1","jetpack_sharing_enabled":true,"jetpack_shortlink":"https:\/\/wp.me\/p5Z6wp-pC9","jetpack-related-posts":[{"id":77894,"url":"https:\/\/www.shqiperia.com\/blog\/keshillit-te-be-se-i-dergohet-propozimi-qe-kushtezon-anetaresimin-e-serbise-me-zbatimin-e-marreveshjeve-me-kosoven\/","url_meta":{"origin":98465,"position":0},"title":"K\u00ebshillit t\u00eb BE-s\u00eb i d\u00ebrgohet propozimi q\u00eb kusht\u00ebzon an\u00ebtar\u00ebsimin e Serbis\u00eb me zbatimin e marr\u00ebveshjeve me Kosov\u00ebn","author":"Kurt Farka","date":"February 3, 2024","format":false,"excerpt":"3 Shkurt 2024 Komisioni Evropian dhe Sh\u00ebrbimi i Veprimit t\u00eb Jasht\u00ebm i Bashkimit Evropian (EEAS) ia kan\u00eb dor\u00ebzuar t\u00eb premten K\u00ebshillit t\u00eb BE-s\u00eb nj\u00eb propozim p\u00ebr ta ndryshuar dhe plot\u00ebsuar korniz\u00ebn e bisedimeve me Serbin\u00eb p\u00ebr an\u00ebtar\u00ebsimin e saj n\u00eb bllok. Ndryshimet n\u00eb kapitullin 35 kan\u00eb t\u00eb b\u00ebjn\u00eb me p\u00ebrfshirjen\u2026","rel":"","context":"In &quot;Blogu i Udh\u00ebtarit&quot;","block_context":{"text":"Blogu i Udh\u00ebtarit","link":"https:\/\/www.shqiperia.com\/blog\/category\/blogu-i-udhetarit\/"},"img":{"alt_text":"","src":"https:\/\/i0.wp.com\/www.shqiperia.com\/blog\/wp-content\/uploads\/2024\/02\/BE.jpg?fit=1005%2C550&ssl=1&resize=350%2C200","width":350,"height":200,"srcset":"https:\/\/i0.wp.com\/www.shqiperia.com\/blog\/wp-content\/uploads\/2024\/02\/BE.jpg?fit=1005%2C550&ssl=1&resize=350%2C200 1x, https:\/\/i0.wp.com\/www.shqiperia.com\/blog\/wp-content\/uploads\/2024\/02\/BE.jpg?fit=1005%2C550&ssl=1&resize=525%2C300 1.5x, https:\/\/i0.wp.com\/www.shqiperia.com\/blog\/wp-content\/uploads\/2024\/02\/BE.jpg?fit=1005%2C550&ssl=1&resize=700%2C400 2x"},"classes":[]},{"id":98297,"url":"https:\/\/www.shqiperia.com\/blog\/integrimi-ne-pikepyetje-marta-kos-terhiqet-nga-afatet-per-shqiperia-ne-bashkimi-europian\/","url_meta":{"origin":98465,"position":1},"title":"Integrimi n\u00eb pik\u00ebpyetje? Marta Kos t\u00ebrhiqet nga afatet p\u00ebr Shqip\u00ebria n\u00eb Bashkimi Europian","author":"Kurt Farka","date":"March 11, 2026","format":false,"excerpt":"11 Mars 2026 Komisionerja p\u00ebr Zgjerimin n\u00eb Komisioni Evropian, Marta Kos, ka dh\u00ebn\u00eb nj\u00eb mesazh t\u00eb qart\u00eb p\u00ebr vendet kandidate gjat\u00eb nj\u00eb seance n\u00eb Parlamenti Evropian, duke theksuar se procesi i an\u00ebtar\u00ebsimit n\u00eb Bashkimi Evropian do t\u00eb mbetet i bazuar te reformat dhe standardet demokratike. N\u00eb fjal\u00ebn e saj, Kos\u2026","rel":"","context":"In &quot;Blogu i Udh\u00ebtarit&quot;","block_context":{"text":"Blogu i Udh\u00ebtarit","link":"https:\/\/www.shqiperia.com\/blog\/category\/blogu-i-udhetarit\/"},"img":{"alt_text":"","src":"https:\/\/i0.wp.com\/www.shqiperia.com\/blog\/wp-content\/uploads\/2026\/03\/Capture-188.jpg?fit=626%2C409&ssl=1&resize=350%2C200","width":350,"height":200,"srcset":"https:\/\/i0.wp.com\/www.shqiperia.com\/blog\/wp-content\/uploads\/2026\/03\/Capture-188.jpg?fit=626%2C409&ssl=1&resize=350%2C200 1x, https:\/\/i0.wp.com\/www.shqiperia.com\/blog\/wp-content\/uploads\/2026\/03\/Capture-188.jpg?fit=626%2C409&ssl=1&resize=525%2C300 1.5x"},"classes":[]},{"id":76606,"url":"https:\/\/www.shqiperia.com\/blog\/analiza-e-voa-mali-i-zi-ne-ngercin-politik-mes-forcave-pro-evropiane-dhe-atyre-serbe\/","url_meta":{"origin":98465,"position":2},"title":"Analiza e VOA: &#8211; Mali i Zi n\u00eb ng\u00ebr\u00e7in politik mes forcave pro-evropiane dhe atyre serbe","author":"Kurt Farka","date":"December 23, 2023","format":false,"excerpt":"23 Dhjetor 2023 Mali i Zi vazhdon t\u00eb jet\u00eb n\u00eb nj\u00eb ng\u00ebr\u00e7 politik mes forcave politike q\u00eb mb\u00ebshtesin proceset euroatlantike dhe t\u00eb atyre proserbe dhe pro-ruse q\u00eb jan\u00eb kund\u00ebr integrimit t\u00eb Malit t\u00eb Zi n\u00eb Bashkimin Europian. Fitorja e Partis\u00eb Progresive Serbe t\u00eb Aleksandar Vu\u00e7iq n\u00eb zgjedhjet parlamentare n\u00eb Serbi,\u2026","rel":"","context":"In &quot;Blogu i Udh\u00ebtarit&quot;","block_context":{"text":"Blogu i Udh\u00ebtarit","link":"https:\/\/www.shqiperia.com\/blog\/category\/blogu-i-udhetarit\/"},"img":{"alt_text":"","src":"https:\/\/i0.wp.com\/www.shqiperia.com\/blog\/wp-content\/uploads\/2023\/12\/800-0-6587258d8102c.jpg?fit=800%2C532&ssl=1&resize=350%2C200","width":350,"height":200,"srcset":"https:\/\/i0.wp.com\/www.shqiperia.com\/blog\/wp-content\/uploads\/2023\/12\/800-0-6587258d8102c.jpg?fit=800%2C532&ssl=1&resize=350%2C200 1x, https:\/\/i0.wp.com\/www.shqiperia.com\/blog\/wp-content\/uploads\/2023\/12\/800-0-6587258d8102c.jpg?fit=800%2C532&ssl=1&resize=525%2C300 1.5x, https:\/\/i0.wp.com\/www.shqiperia.com\/blog\/wp-content\/uploads\/2023\/12\/800-0-6587258d8102c.jpg?fit=800%2C532&ssl=1&resize=700%2C400 2x"},"classes":[]},{"id":79757,"url":"https:\/\/www.shqiperia.com\/blog\/mali-i-zi-analistet-per-voa-te-shqetesuar-per-veprimet-nacionaliste-te-forcave-politike-pro-serbe-dhe-pro-ruse\/","url_meta":{"origin":98465,"position":3},"title":"Mali i Zi\/ Analist\u00ebt p\u00ebr VOA : &#8211; T\u00eb shqet\u00ebsuar p\u00ebr veprimet nacionaliste t\u00eb forcave politike pro-serbe dhe pro-ruse","author":"Kurt Farka","date":"March 30, 2024","format":false,"excerpt":"31 Mars 2024 Forcat politike pro-ruse dhe pro-serbe kan\u00eb shtuar retorik\u00ebn n\u00eb mb\u00ebshtetje t\u00eb Mosk\u00ebs dhe Beogradit, gj\u00eb q\u00eb sipas analist\u00ebve do t\u00eb b\u00ebhet penges\u00eb e Malit t\u00eb Zi drejt integrimit t\u00eb shpejt\u00eb n\u00eb BE. Analist\u00ebt vler\u00ebsojn\u00eb se k\u00ebto p\u00ebrpjekje t\u00eb politik\u00ebs pro-serbe dhe pro-ruse po e rrezikojn\u00eb seriozisht marr\u00ebdh\u00ebniet\u2026","rel":"","context":"In &quot;Blogu i Udh\u00ebtarit&quot;","block_context":{"text":"Blogu i Udh\u00ebtarit","link":"https:\/\/www.shqiperia.com\/blog\/category\/blogu-i-udhetarit\/"},"img":{"alt_text":"","src":"https:\/\/i0.wp.com\/www.shqiperia.com\/blog\/wp-content\/uploads\/2024\/03\/800-0-bb90bfc0f73b681485b436e2d43adffe.jpg?fit=800%2C450&ssl=1&resize=350%2C200","width":350,"height":200,"srcset":"https:\/\/i0.wp.com\/www.shqiperia.com\/blog\/wp-content\/uploads\/2024\/03\/800-0-bb90bfc0f73b681485b436e2d43adffe.jpg?fit=800%2C450&ssl=1&resize=350%2C200 1x, https:\/\/i0.wp.com\/www.shqiperia.com\/blog\/wp-content\/uploads\/2024\/03\/800-0-bb90bfc0f73b681485b436e2d43adffe.jpg?fit=800%2C450&ssl=1&resize=525%2C300 1.5x, https:\/\/i0.wp.com\/www.shqiperia.com\/blog\/wp-content\/uploads\/2024\/03\/800-0-bb90bfc0f73b681485b436e2d43adffe.jpg?fit=800%2C450&ssl=1&resize=700%2C400 2x"},"classes":[]},{"id":75561,"url":"https:\/\/www.shqiperia.com\/blog\/shqiperise-i-duhen-48-vite-te-futet-ne-be-deklarata-e-zyrtares-se-parlamentit-evropian\/","url_meta":{"origin":98465,"position":4},"title":"Shqip\u00ebris\u00eb i duhen 48 vite t\u00eb futet n\u00eb BE. &#8211; Deklarata e zyrtares s\u00eb Parlamentit Evropian","author":"Kurt Farka","date":"November 13, 2023","format":false,"excerpt":"13 Nentor 2023 Federica Woelk, asistente e Parlamentit Evropian ka publikuar nj\u00eb hart\u00eb me vitet q\u00eb mund t\u2019i duhen Shqip\u00ebris\u00eb dhe pes\u00eb vendeve t\u00eb tjera t\u00eb rajonit t\u00eb Ballkanit Per\u00ebndimor, p\u00ebr t\u2019u an\u00ebtar\u00ebsuar n\u00eb Bashkimin Evropian. Sipas progresionit t\u00eb publikuar nga zyrtarja evropiane, Shqip\u00ebria do t\u00eb an\u00ebtar\u00ebsohet pas 48 vitesh\u2026","rel":"","context":"In &quot;Blogu i Udh\u00ebtarit&quot;","block_context":{"text":"Blogu i Udh\u00ebtarit","link":"https:\/\/www.shqiperia.com\/blog\/category\/blogu-i-udhetarit\/"},"img":{"alt_text":"","src":"https:\/\/i0.wp.com\/www.shqiperia.com\/blog\/wp-content\/uploads\/2023\/11\/800-0-65528e8f126a2-1.jpg?fit=800%2C450&ssl=1&resize=350%2C200","width":350,"height":200,"srcset":"https:\/\/i0.wp.com\/www.shqiperia.com\/blog\/wp-content\/uploads\/2023\/11\/800-0-65528e8f126a2-1.jpg?fit=800%2C450&ssl=1&resize=350%2C200 1x, https:\/\/i0.wp.com\/www.shqiperia.com\/blog\/wp-content\/uploads\/2023\/11\/800-0-65528e8f126a2-1.jpg?fit=800%2C450&ssl=1&resize=525%2C300 1.5x, https:\/\/i0.wp.com\/www.shqiperia.com\/blog\/wp-content\/uploads\/2023\/11\/800-0-65528e8f126a2-1.jpg?fit=800%2C450&ssl=1&resize=700%2C400 2x"},"classes":[]},{"id":1207,"url":"https:\/\/www.shqiperia.com\/blog\/trashegimia-kulturore-ne-presheve-libri-ri\/","url_meta":{"origin":98465,"position":5},"title":"Trash\u00ebgimia kulturore n\u00eb Preshev\u00eb &#8211; Libri i ri i autorit Xhemaledin Salihu","author":"Kurt Farka","date":"January 13, 2018","format":false,"excerpt":"Trash\u00ebgimia kulturore n\u00eb Preshev\u00eb pasurohet me nj\u00eb tjet\u00ebr lib\u00ebr monografik. B\u00ebhet fjal\u00eb p\u00ebr librin \u201cPresheva- pjes\u00eb e pandar\u00eb e L\u00ebvizjes Komb\u00ebtare n\u00ebp\u00ebr shekuj\u201d, e autorit preshevar, profesor Xhemaledin Salihu. Sevdail Hyseni shkruan se autorit i ka lindur ideja p\u00ebr nj\u00eb monografi t\u00eb p\u00ebrgjithshme p\u00ebr Preshev\u00ebn prej koh\u00ebsh, duke hulumtuar, grumbulluar\u2026","rel":"","context":"In &quot;Kultura&quot;","block_context":{"text":"Kultura","link":"https:\/\/www.shqiperia.com\/blog\/category\/kultura\/"},"img":{"alt_text":"","src":"https:\/\/i0.wp.com\/www.shqiperia.com\/blog\/wp-content\/uploads\/2018\/01\/presheva-227x300.jpg?resize=350%2C200","width":350,"height":200},"classes":[]}],"_links":{"self":[{"href":"https:\/\/www.shqiperia.com\/blog\/wp-json\/wp\/v2\/posts\/98465","targetHints":{"allow":["GET"]}}],"collection":[{"href":"https:\/\/www.shqiperia.com\/blog\/wp-json\/wp\/v2\/posts"}],"about":[{"href":"https:\/\/www.shqiperia.com\/blog\/wp-json\/wp\/v2\/types\/post"}],"author":[{"embeddable":true,"href":"https:\/\/www.shqiperia.com\/blog\/wp-json\/wp\/v2\/users\/9"}],"replies":[{"embeddable":true,"href":"https:\/\/www.shqiperia.com\/blog\/wp-json\/wp\/v2\/comments?post=98465"}],"version-history":[{"count":1,"href":"https:\/\/www.shqiperia.com\/blog\/wp-json\/wp\/v2\/posts\/98465\/revisions"}],"predecessor-version":[{"id":98467,"href":"https:\/\/www.shqiperia.com\/blog\/wp-json\/wp\/v2\/posts\/98465\/revisions\/98467"}],"wp:featuredmedia":[{"embeddable":true,"href":"https:\/\/www.shqiperia.com\/blog\/wp-json\/wp\/v2\/media\/98466"}],"wp:attachment":[{"href":"https:\/\/www.shqiperia.com\/blog\/wp-json\/wp\/v2\/media?parent=98465"}],"wp:term":[{"taxonomy":"category","embeddable":true,"href":"https:\/\/www.shqiperia.com\/blog\/wp-json\/wp\/v2\/categories?post=98465"},{"taxonomy":"post_tag","embeddable":true,"href":"https:\/\/www.shqiperia.com\/blog\/wp-json\/wp\/v2\/tags?post=98465"}],"curies":[{"name":"wp","href":"https:\/\/api.w.org\/{rel}","templated":true}]}}