{"id":98462,"date":"2026-03-17T16:32:45","date_gmt":"2026-03-17T16:32:45","guid":{"rendered":"https:\/\/www.shqiperia.com\/blog\/?p=98462"},"modified":"2026-03-17T16:32:45","modified_gmt":"2026-03-17T16:32:45","slug":"idete-e-carl-segan-paradoksi-i-qyteterimit-teknologjik-varesia-absolute-nga-dicka-qe-nuk-kuptohet-nje-formule-e-sigurt-per-katastrofe","status":"publish","type":"post","link":"https:\/\/www.shqiperia.com\/blog\/idete-e-carl-segan-paradoksi-i-qyteterimit-teknologjik-varesia-absolute-nga-dicka-qe-nuk-kuptohet-nje-formule-e-sigurt-per-katastrofe\/","title":{"rendered":"IDET\u00cb E CARL SEGAN! Paradoksi i qytet\u00ebrimit teknologjik, var\u00ebsia absolute nga di\u00e7ka q\u00eb nuk kuptohet, nj\u00eb formul\u00eb e sigurt p\u00ebr katastrof\u00eb"},"content":{"rendered":"<p><img data-recalc-dims=\"1\" loading=\"lazy\" decoding=\"async\" data-attachment-id=\"98463\" data-permalink=\"https:\/\/www.shqiperia.com\/blog\/idete-e-carl-segan-paradoksi-i-qyteterimit-teknologjik-varesia-absolute-nga-dicka-qe-nuk-kuptohet-nje-formule-e-sigurt-per-katastrofe\/640-0-segan-1773744126\/\" data-orig-file=\"https:\/\/i0.wp.com\/www.shqiperia.com\/blog\/wp-content\/uploads\/2026\/03\/640-0-segan-1773744126.jpg?fit=640%2C490&amp;ssl=1\" data-orig-size=\"640,490\" data-comments-opened=\"1\" data-image-meta=\"{&quot;aperture&quot;:&quot;0&quot;,&quot;credit&quot;:&quot;&quot;,&quot;camera&quot;:&quot;&quot;,&quot;caption&quot;:&quot;&quot;,&quot;created_timestamp&quot;:&quot;0&quot;,&quot;copyright&quot;:&quot;&quot;,&quot;focal_length&quot;:&quot;0&quot;,&quot;iso&quot;:&quot;0&quot;,&quot;shutter_speed&quot;:&quot;0&quot;,&quot;title&quot;:&quot;&quot;,&quot;orientation&quot;:&quot;0&quot;}\" data-image-title=\"-640-0-segan-1773744126\" data-image-description=\"\" data-image-caption=\"\" data-medium-file=\"https:\/\/i0.wp.com\/www.shqiperia.com\/blog\/wp-content\/uploads\/2026\/03\/640-0-segan-1773744126.jpg?fit=300%2C230&amp;ssl=1\" data-large-file=\"https:\/\/i0.wp.com\/www.shqiperia.com\/blog\/wp-content\/uploads\/2026\/03\/640-0-segan-1773744126.jpg?fit=640%2C490&amp;ssl=1\" class=\"alignnone  wp-image-98463\" alt=\"\" src=\"https:\/\/i0.wp.com\/www.shqiperia.com\/blog\/wp-content\/uploads\/2026\/03\/640-0-segan-1773744126.jpg?resize=566%2C434&#038;ssl=1\" width=\"566\" height=\"434\" srcset=\"https:\/\/i0.wp.com\/www.shqiperia.com\/blog\/wp-content\/uploads\/2026\/03\/640-0-segan-1773744126.jpg?resize=300%2C230&amp;ssl=1 300w, https:\/\/i0.wp.com\/www.shqiperia.com\/blog\/wp-content\/uploads\/2026\/03\/640-0-segan-1773744126.jpg?resize=450%2C345&amp;ssl=1 450w, https:\/\/i0.wp.com\/www.shqiperia.com\/blog\/wp-content\/uploads\/2026\/03\/640-0-segan-1773744126.jpg?resize=600%2C459&amp;ssl=1 600w, https:\/\/i0.wp.com\/www.shqiperia.com\/blog\/wp-content\/uploads\/2026\/03\/640-0-segan-1773744126.jpg?resize=400%2C306&amp;ssl=1 400w, https:\/\/i0.wp.com\/www.shqiperia.com\/blog\/wp-content\/uploads\/2026\/03\/640-0-segan-1773744126.jpg?w=640&amp;ssl=1 640w\" sizes=\"auto, (max-width: 566px) 100vw, 566px\" \/><\/p>\n<p>17 Mars 2026<\/p>\n<p>N\u00eb reflektimin e tij t\u00eb njohur mbi marr\u00ebdh\u00ebnien mes demokracis\u00eb dhe dijes shkencore, Carl Sagan formulon nj\u00eb paralajm\u00ebrim q\u00eb ting\u00ebllon sot edhe m\u00eb i mpreht\u00eb se n\u00eb koh\u00ebn kur u shkrua. Ai v\u00ebren se njer\u00ebzimi jeton n\u00eb nj\u00eb shoq\u00ebri q\u00eb varet pothuajse plot\u00ebsisht nga shkenca dhe teknologjia, por n\u00eb t\u00eb nj\u00ebjt\u00ebn koh\u00eb ka nd\u00ebrtuar nj\u00eb sistem kulturor e politik ku shumica e njer\u00ebzve nuk i kuptojn\u00eb ato. Ky paradoks, var\u00ebsia absolute nga di\u00e7ka q\u00eb nuk kuptohet, \u00ebsht\u00eb, sipas tij, nj\u00eb formul\u00eb e sigurt p\u00ebr katastrof\u00eb.<\/p>\n<p>N\u00eb thelb, ky mendim nuk \u00ebsht\u00eb vet\u00ebm nj\u00eb kritik\u00eb ndaj munges\u00ebs s\u00eb edukimit shkencor, ai \u00ebsht\u00eb nj\u00eb diagnoz\u00eb e gjendjes s\u00eb vet\u00eb qytet\u00ebrimit modern. Dhe, n\u00ebse lexohet m\u00eb thell\u00eb, mund t\u00eb kuptohet si nj\u00eb lloj profilaksie ekzistenciale, nj\u00eb paralajm\u00ebrim q\u00eb k\u00ebrkon t\u00eb parandaloj\u00eb nj\u00eb kriz\u00eb t\u00eb ardhshme t\u00eb vet\u00ebdijes njer\u00ebzore.<\/p>\n<p>Asnj\u00eb epok\u00eb tjet\u00ebr n\u00eb histori nuk ka qen\u00eb kaq e varur nga infrastruktura e padukshme e shkenc\u00ebs. Energjia q\u00eb ndri\u00e7on qytetet, satelit\u00ebt q\u00eb lidhin kontinentet, algoritmet q\u00eb organizojn\u00eb ekonomin\u00eb globale, mjek\u00ebsia q\u00eb zgjat jet\u00ebn, t\u00eb gjitha jan\u00eb produkte t\u00eb nj\u00eb universi konceptesh dhe metodash q\u00eb shumica e njer\u00ebzve nuk i njohin.<\/p>\n<p>N\u00eb nj\u00ebfar\u00eb m\u00ebnyre, qytet\u00ebrimi modern funksionon si nj\u00eb makineri gjigande e besimit. Shumica e njer\u00ebzve nuk e din\u00eb si funksionon energjia b\u00ebrthamore, interneti, apo vaksinat, por besojn\u00eb se dikush diku e di. Ky besim ka b\u00ebr\u00eb t\u00eb mundur p\u00ebrparimin, por n\u00eb t\u00eb nj\u00ebjt\u00ebn koh\u00eb krijon nj\u00eb terren t\u00eb brisht\u00eb, n\u00eb momentin kur besimi z\u00ebvend\u00ebsohet nga dyshimi, frika apo manipulimi, shoq\u00ebria mund t\u00eb rr\u00ebshqas\u00eb drejt irracionalitetit.<\/p>\n<p>Kjo \u00ebsht\u00eb arsyeja pse paralajm\u00ebrimi i Saganit nuk \u00ebsht\u00eb vet\u00ebm epistemologjik; ai \u00ebsht\u00eb politik dhe moral. Sepse nj\u00eb shoq\u00ebri q\u00eb nuk kupton mekanizmat q\u00eb e mbajn\u00eb n\u00eb k\u00ebmb\u00eb, rrezikon t\u00eb b\u00ebhet e manipulueshme.<\/p>\n<p>Demokracia presupozon nj\u00eb qytetar t\u00eb informuar. Ideja themelore \u00ebsht\u00eb se qytetar\u00ebt mbajn\u00eb p\u00ebrgjegj\u00ebs p\u00ebrfaq\u00ebsuesit e tyre dhe orientimin e politikave publike. Por kur \u00e7\u00ebshtjet m\u00eb vendimtare, energjia, klima, teknologjia, bioetika, inteligjenca artificiale, k\u00ebrkojn\u00eb njohuri t\u00eb specializuara, krijohet nj\u00eb hendek mes vendimmarrjes dhe kuptimit.<\/p>\n<p>N\u00eb k\u00ebt\u00eb pik\u00eb lind nj\u00eb tension thelb\u00ebsor, si mund t\u00eb funksionoj\u00eb demokracia kur vendimet m\u00eb t\u00eb r\u00ebnd\u00ebsishme k\u00ebrkojn\u00eb nj\u00eb alfabetizim shkencor q\u00eb shumica nuk e ka t\u00eb rrokshme?<\/p>\n<p>Sagan nuk k\u00ebrkon q\u00eb \u00e7do qytetar t\u00eb b\u00ebhet shkenc\u00ebtar. Ai k\u00ebrkon di\u00e7ka m\u00eb themelore, nj\u00eb kultur\u00eb t\u00eb mendimit kritik, nj\u00eb aft\u00ebsi p\u00ebr t\u00eb dalluar prov\u00ebn nga propaganda, arsyen nga manipulimi<\/p>\n<p>N\u00eb k\u00ebt\u00eb kuptim, shkenca nuk \u00ebsht\u00eb vet\u00ebm nj\u00eb trup njohurish, ajo \u00ebsht\u00eb nj\u00eb metod\u00eb p\u00ebr t\u00eb mbrojtur shoq\u00ebrin\u00eb nga gabimi kolektiv.<\/p>\n<p>Nj\u00eb nga kontributet m\u00eb t\u00eb m\u00ebdha t\u00eb shkenc\u00ebs n\u00eb qytet\u00ebrim nuk \u00ebsht\u00eb teknologjia, por m\u00ebnyra e t\u00eb menduarit q\u00eb ajo promovon. Shkenca e nd\u00ebrton t\u00eb v\u00ebrtet\u00ebn p\u00ebrmes dyshimit, prov\u00ebs dhe korrigjimit t\u00eb vazhduesh\u00ebm.<\/p>\n<p>Ky \u00ebsht\u00eb nj\u00eb model i rrall\u00eb n\u00eb historin\u00eb e ideve. Shumica e sistemeve t\u00eb mendimit kan\u00eb pretenduar autoritet absolut; shkenca, p\u00ebrkundrazi, e nd\u00ebrton autoritetin e saj mbi mund\u00ebsin\u00eb e gabimit.<\/p>\n<p>N\u00eb k\u00ebt\u00eb sens, shkenca \u00ebsht\u00eb nj\u00eb etik\u00eb e p\u00ebrul\u00ebsis\u00eb intelektuale.<\/p>\n<p>Dhe pik\u00ebrisht kjo etik\u00eb \u00ebsht\u00eb ajo q\u00eb mund t\u00eb funksionoj\u00eb si nj\u00eb profilaksi ekzistenciale. Sepse ajo e mbron shoq\u00ebrin\u00eb nga dy rreziqe t\u00eb m\u00ebdha, nga arroganca e dogm\u00ebs dhe patjet\u00ebr manipulimi i padituris\u00eb.<\/p>\n<p>Ironia e koh\u00ebs son\u00eb \u00ebsht\u00eb se jetojm\u00eb n\u00eb epok\u00ebn e informacionit, por kjo nuk do t\u00eb thot\u00eb se jetojm\u00eb n\u00eb epok\u00ebn e dijes. Sasia e informacionit \u00ebsht\u00eb rritur n\u00eb m\u00ebnyr\u00eb eksponenciale, nd\u00ebrsa aft\u00ebsia p\u00ebr ta filtruar dhe kuptuar at\u00eb nuk \u00ebsht\u00eb rritur n\u00eb t\u00eb nj\u00ebjtin rit\u00ebm.<\/p>\n<p>Kjo krijon nj\u00eb situat\u00eb paradoksale: njer\u00ebzit jan\u00eb t\u00eb rrethuar nga t\u00eb dh\u00ebna, por shpesh mbeten t\u00eb pambrojtur ndaj dezinformimit. N\u00eb k\u00ebt\u00eb kontekst, analfabetizmi shkencor b\u00ebhet nj\u00eb terren i p\u00ebrshtatsh\u00ebm p\u00ebr teorit\u00eb konspirative, p\u00ebr manipulimin politik dhe p\u00ebr populizmin teknologjik.<\/p>\n<p>N\u00eb nj\u00eb bot\u00eb ku vendimet p\u00ebr klim\u00ebn, energjin\u00eb, gjenetik\u00ebn apo inteligjenc\u00ebn artificiale mund t\u00eb ndikojn\u00eb fatin e njer\u00ebzimit p\u00ebr shekuj, padituria nuk \u00ebsht\u00eb thjesht nj\u00eb problem kulturor; ajo b\u00ebhet nj\u00eb rrezik civilizues.<\/p>\n<p>N\u00eb mjek\u00ebsi, profilaksia \u00ebsht\u00eb parandalimi i s\u00ebmundjes para se ajo t\u00eb shfaqet. N\u00eb planin kulturor dhe politik, mendimi i Saganit mund t\u00eb lexohet si nj\u00eb p\u00ebrpjekje p\u00ebr t\u00eb nd\u00ebrtuar nj\u00eb profilaksi t\u00eb mendjes kolektive.<\/p>\n<p>Kjo profilaksi nuk realizohet p\u00ebrmes frik\u00ebs, por p\u00ebrmes edukimit, p\u00ebrmes p\u00ebrhapjes s\u00eb mendimit kritik dhe p\u00ebrmes nj\u00eb kulture q\u00eb e vler\u00ebson dijen.<\/p>\n<p>N\u00eb k\u00ebt\u00eb perspektiv\u00eb, shkenca nuk \u00ebsht\u00eb vet\u00ebm nj\u00eb instrument p\u00ebr t\u00eb ndryshuar bot\u00ebn fizike; ajo \u00ebsht\u00eb nj\u00eb m\u00ebnyr\u00eb p\u00ebr t\u00eb mbrojtur vet\u00eb qytet\u00ebrimin nga r\u00ebnia n\u00eb irracionalitet.<\/p>\n<p>N\u00ebse demokracia \u00ebsht\u00eb nj\u00eb form\u00eb e organizimit politik, at\u00ebher\u00eb kultura shkencore \u00ebsht\u00eb nj\u00eb nga kushtet e mbijetes\u00ebs s\u00eb saj.<\/p>\n<p>Mesazhi i Carl Sagan mbetet, n\u00eb thelb, nj\u00eb apel p\u00ebr vet\u00ebdije. Ai nuk \u00ebsht\u00eb nj\u00eb paralajm\u00ebrim apokaliptik, por nj\u00eb thirrje p\u00ebr p\u00ebrgjegj\u00ebsi.<\/p>\n<p>Sepse qytet\u00ebrimi modern \u00ebsht\u00eb nd\u00ebrtuar mbi nj\u00eb paradoks: njer\u00ebzit kan\u00eb krijuar mjete me fuqi t\u00eb jasht\u00ebzakonshme, por nuk kan\u00eb zhvilluar gjithmon\u00eb n\u00eb t\u00eb nj\u00ebjt\u00ebn mas\u00eb aft\u00ebsin\u00eb p\u00ebr t\u2019i kuptuar dhe p\u00ebr t\u2019i p\u00ebrdorur me men\u00e7uri.<\/p>\n<p>N\u00eb k\u00ebt\u00eb pik\u00eb, pyetja e v\u00ebrtet\u00eb nuk \u00ebsht\u00eb vet\u00ebm teknologjike apo politike; ajo \u00ebsht\u00eb ekzistenciale.<\/p>\n<p>A do t\u00eb jet\u00eb njer\u00ebzimi n\u00eb gjendje t\u00eb zhvilloj\u00eb nj\u00eb vet\u00ebdije q\u00eb \u00ebsht\u00eb n\u00eb p\u00ebrpjes\u00ebtim me fuqin\u00eb q\u00eb ka krijuar?<\/p>\n<p>N\u00ebse p\u00ebrgjigjja \u00ebsht\u00eb po, at\u00ebher\u00eb shkenca nuk do t\u00eb jet\u00eb vet\u00ebm motori i p\u00ebrparimit, por edhe nj\u00eb mjet i vet\u00ebmbrojtjes s\u00eb njer\u00ebzimit.<\/p>\n<p>N\u00ebse jo, paralajm\u00ebrimi i Saganit mund t\u00eb mbetet nj\u00eb nga profecit\u00eb m\u00eb t\u00eb kthjell\u00ebta dhe m\u00eb t\u00eb trishta t\u00eb koh\u00ebs son\u00eb.<\/p>\n<p><strong>P\u00ebrgatiti: Albert Vataj<\/strong><\/p>\n","protected":false},"excerpt":{"rendered":"<p>17 Mars 2026 N\u00eb reflektimin e tij t\u00eb njohur mbi marr\u00ebdh\u00ebnien mes demokracis\u00eb dhe dijes shkencore, Carl Sagan formulon nj\u00eb paralajm\u00ebrim q\u00eb ting\u00ebllon sot edhe m\u00eb i mpreht\u00eb se n\u00eb koh\u00ebn kur u shkrua. Ai v\u00ebren se njer\u00ebzimi jeton n\u00eb nj\u00eb shoq\u00ebri q\u00eb varet pothuajse plot\u00ebsisht nga shkenca dhe teknologjia, por n\u00eb t\u00eb nj\u00ebjt\u00ebn koh\u00eb [&hellip;]<\/p>\n","protected":false},"author":9,"featured_media":98463,"comment_status":"open","ping_status":"open","sticky":false,"template":"","format":"standard","meta":{"jetpack_post_was_ever_published":false,"_jetpack_newsletter_access":"","_jetpack_dont_email_post_to_subs":false,"_jetpack_newsletter_tier_id":0,"_jetpack_memberships_contains_paywalled_content":false,"_jetpack_memberships_contains_paid_content":false,"footnotes":"","jetpack_publicize_message":"","jetpack_publicize_feature_enabled":true,"jetpack_social_post_already_shared":true,"jetpack_social_options":{"image_generator_settings":{"template":"highway","default_image_id":0,"font":"","enabled":false},"version":2}},"categories":[27,10,35],"tags":[],"class_list":["post-98462","post","type-post","status-publish","format-standard","has-post-thumbnail","hentry","category-blogu-i-udhetarit","category-kultura","category-shoqerore"],"jetpack_publicize_connections":[],"jetpack_featured_media_url":"https:\/\/i0.wp.com\/www.shqiperia.com\/blog\/wp-content\/uploads\/2026\/03\/640-0-segan-1773744126.jpg?fit=640%2C490&ssl=1","jetpack_sharing_enabled":true,"jetpack_shortlink":"https:\/\/wp.me\/p5Z6wp-pC6","jetpack-related-posts":[{"id":15056,"url":"https:\/\/www.shqiperia.com\/blog\/analiza-e-spartak-ngjeles-pse-perplasja-e-rames-nuk-eshte-vetem-me-studentet-por-edhe-me\/","url_meta":{"origin":98462,"position":0},"title":"Analiza e Spartak Ngjel\u00ebs: Pse p\u00ebrplasja e Ram\u00ebs nuk \u00ebsht\u00eb vet\u00ebm me student\u00ebt, por edhe me\u2026 &#8211;","author":"Kurt Farka","date":"December 20, 2018","format":false,"excerpt":"Analiza e Spartak Ngjel\u00ebs: Pse p\u00ebrplasja e Ram\u00ebs nuk \u00ebsht\u00eb vet\u00ebm me student\u00ebt, por edhe me\u2026 - 20 Dhjetor 2018. \u00a0 Nga Spartak Ngjela \u00a0 Nj\u00eb shoku im, Budion Pojani, tani inxhinjer n\u00eb Amerik\u00eb, n\u00eb fillim t\u00eb viteve shtat\u00ebdhjet\u00eb t\u00eb shekullit q\u00eb kaloi na tha se: \u201cEnver Hoxha ka hyr\u00eb\u2026","rel":"","context":"In &quot;Blogu i Udh\u00ebtarit&quot;","block_context":{"text":"Blogu i Udh\u00ebtarit","link":"https:\/\/www.shqiperia.com\/blog\/category\/blogu-i-udhetarit\/"},"img":{"alt_text":"","src":"https:\/\/i0.wp.com\/www.shqiperia.com\/blog\/wp-content\/uploads\/2018\/12\/spartak-ngjela-Copy.jpg?fit=789%2C505&ssl=1&resize=350%2C200","width":350,"height":200,"srcset":"https:\/\/i0.wp.com\/www.shqiperia.com\/blog\/wp-content\/uploads\/2018\/12\/spartak-ngjela-Copy.jpg?fit=789%2C505&ssl=1&resize=350%2C200 1x, https:\/\/i0.wp.com\/www.shqiperia.com\/blog\/wp-content\/uploads\/2018\/12\/spartak-ngjela-Copy.jpg?fit=789%2C505&ssl=1&resize=525%2C300 1.5x, https:\/\/i0.wp.com\/www.shqiperia.com\/blog\/wp-content\/uploads\/2018\/12\/spartak-ngjela-Copy.jpg?fit=789%2C505&ssl=1&resize=700%2C400 2x"},"classes":[]},{"id":45143,"url":"https:\/\/www.shqiperia.com\/blog\/eshte-si-nje-bombe-atomike-shkencetaret-paralajmerojne-rreth-variantit-brazilian-te-covid-katastrofe-nese\/","url_meta":{"origin":98462,"position":1},"title":"\u201c\u00cbsht\u00eb si nj\u00eb bomb\u00eb atomike\u201d- Shkenc\u00ebtar\u00ebt paralajm\u00ebrojn\u00eb rreth variantit brazilian t\u00eb COVID: Katastrof\u00eb n\u00ebse&#8230;","author":"Kurt Farka","date":"March 10, 2021","format":false,"excerpt":"\u201c\u00cbsht\u00eb si nj\u00eb bomb\u00eb atomike\u201d- Shkenc\u00ebtar\u00ebt paralajm\u00ebrojn\u00eb rreth variantit brazilian t\u00eb COVID: Katastrof\u00eb n\u00ebse... 10 MARS 2021 Shkenc\u00ebtar\u00ebt po paralajm\u00ebrojn\u00eb se shp\u00ebrthimi i pakontrolluar i koronavirusit n\u00eb Brazil mund t\u00eb k\u00ebrc\u00ebnoj\u00eb luft\u00ebn globale p\u00ebr t'i dh\u00ebn\u00eb fund pandemis\u00eb. Varianti m\u00eb infektues, q\u00eb u shfaq fillimisht atje, tashm\u00eb \u00ebsht\u00eb b\u00ebr\u00eb dominues\u2026","rel":"","context":"In &quot;Blogu i Udh\u00ebtarit&quot;","block_context":{"text":"Blogu i Udh\u00ebtarit","link":"https:\/\/www.shqiperia.com\/blog\/category\/blogu-i-udhetarit\/"},"img":{"alt_text":"","src":"https:\/\/i0.wp.com\/www.shqiperia.com\/blog\/wp-content\/uploads\/2021\/03\/640-0-6048a1aedf29e.jpg?fit=640%2C349&ssl=1&resize=350%2C200","width":350,"height":200,"srcset":"https:\/\/i0.wp.com\/www.shqiperia.com\/blog\/wp-content\/uploads\/2021\/03\/640-0-6048a1aedf29e.jpg?fit=640%2C349&ssl=1&resize=350%2C200 1x, https:\/\/i0.wp.com\/www.shqiperia.com\/blog\/wp-content\/uploads\/2021\/03\/640-0-6048a1aedf29e.jpg?fit=640%2C349&ssl=1&resize=525%2C300 1.5x"},"classes":[]},{"id":31390,"url":"https:\/\/www.shqiperia.com\/blog\/anti-kck-film-me-metrazh-te-shkurt\/","url_meta":{"origin":98462,"position":2},"title":"Anti KCK, film me metrazh te shkurt.","author":"Kurt Farka","date":"February 10, 2020","format":false,"excerpt":"Anti KCK, film me metrazh te shkurt. Kreu i partise \u201cBindja Demokratike\u201d, Astrit Patozi ne nje reagim per aktualitetin politik, ne nje ane me operacionet Anti K\u00c7K\u00a0 dhe ne anen tjeter, ate qe e quan\u00a0filma me metrazh t\u00eb shkurt\u00ebr, videoklipe e premtimet per zgjedhje t\u00eb parakohshme, keshillon shqiptaret ta marrin\u2026","rel":"","context":"In &quot;Blogu i Udh\u00ebtarit&quot;","block_context":{"text":"Blogu i Udh\u00ebtarit","link":"https:\/\/www.shqiperia.com\/blog\/category\/blogu-i-udhetarit\/"},"img":{"alt_text":"","src":"https:\/\/i0.wp.com\/www.shqiperia.com\/blog\/wp-content\/uploads\/2020\/02\/patozi.jpg?fit=726%2C445&ssl=1&resize=350%2C200","width":350,"height":200,"srcset":"https:\/\/i0.wp.com\/www.shqiperia.com\/blog\/wp-content\/uploads\/2020\/02\/patozi.jpg?fit=726%2C445&ssl=1&resize=350%2C200 1x, https:\/\/i0.wp.com\/www.shqiperia.com\/blog\/wp-content\/uploads\/2020\/02\/patozi.jpg?fit=726%2C445&ssl=1&resize=525%2C300 1.5x, https:\/\/i0.wp.com\/www.shqiperia.com\/blog\/wp-content\/uploads\/2020\/02\/patozi.jpg?fit=726%2C445&ssl=1&resize=700%2C400 2x"},"classes":[]},{"id":60303,"url":"https:\/\/www.shqiperia.com\/blog\/ajo-dere-ende-nuk-eshte-hapur-per-mua-papa-francesku-flet-per-mundesine-e-dhenies-se-doreheqjes-pas-problemeve-me-gjurin-seshte-tabu-e-as-katastrofe\/","url_meta":{"origin":98462,"position":3},"title":"\u201cAjo der\u00eb ende nuk \u00ebsht\u00eb hapur p\u00ebr mua\u201d- Papa Fran\u00e7esku flet p\u00ebr mund\u00ebsin\u00eb e dh\u00ebnies s\u00eb dor\u00ebheqjes pas problemeve me gjurin: S\u2019\u00ebsht\u00eb tabu e as katastrof\u00eb","author":"Kurt Farka","date":"July 30, 2022","format":false,"excerpt":"30 Korrik 2022 Papa Fran\u00e7esku \u00ebsht\u00eb shprehur se koha kur ai mund t\u00eb marr\u00eb n\u00eb konsiderat\u00eb dor\u00ebheqjen mund t\u00eb vij\u00eb shpejt. Ai do ta b\u00ebnte k\u00ebt\u00eb n\u00ebse mendon se sh\u00ebndeti i tij\u00a0\u201cnuk do t\u00eb mund t\u00eb sh\u00ebrbente ashtu si\u00e7 duhet\u201d. Papa b\u00ebri komentet gjat\u00eb nj\u00eb udh\u00ebtimi n\u00eb Kanaba. Papa 85-vje\u00e7ar\u2026","rel":"","context":"In &quot;Blogu i Udh\u00ebtarit&quot;","block_context":{"text":"Blogu i Udh\u00ebtarit","link":"https:\/\/www.shqiperia.com\/blog\/category\/blogu-i-udhetarit\/"},"img":{"alt_text":"","src":"https:\/\/i0.wp.com\/www.shqiperia.com\/blog\/wp-content\/uploads\/2022\/07\/papa1-500x281-1.jpg?fit=500%2C281&ssl=1&resize=350%2C200","width":350,"height":200},"classes":[]},{"id":78039,"url":"https:\/\/www.shqiperia.com\/blog\/unicef-ngre-alarmin-varesia-nga-perdorimi-i-rrjeteve-sociale-po-kthehet-ne\/","url_meta":{"origin":98462,"position":4},"title":"UNICEF ngre alarmin: &#8211; Var\u00ebsia nga p\u00ebrdorimi i rrjeteve sociale po kthehet n\u00eb&#8230;","author":"Kurt Farka","date":"February 8, 2024","format":false,"excerpt":"8 Shkurt 2024 Var\u00ebsia nga p\u00ebrdorimi i rrjeteve sociale\u00a0 po kthehet sipas t\u00eb gjitha vler\u00ebsimeve studimore nj\u00eb emergjenc\u00eb\u00a0 sh\u00ebndet\u00ebsore. Sipas UNICEF-it, \u00e7do dit\u00eb, m\u00eb shum\u00eb se 180 mij\u00eb f\u00ebmij\u00eb hyjn\u00eb online p\u00ebr her\u00eb t\u00eb pare nd\u00ebrsa m\u00eb shum\u00eb se 1 n\u00eb 10 nx\u00ebn\u00ebs rrezikon var\u00ebsin\u00eb nga video - loj\u00ebrat\u00a0 apo\u2026","rel":"","context":"In &quot;Blogu i Udh\u00ebtarit&quot;","block_context":{"text":"Blogu i Udh\u00ebtarit","link":"https:\/\/www.shqiperia.com\/blog\/category\/blogu-i-udhetarit\/"},"img":{"alt_text":"","src":"https:\/\/i0.wp.com\/www.shqiperia.com\/blog\/wp-content\/uploads\/2024\/02\/800-0-65c4da922f37a.jpg?fit=800%2C454&ssl=1&resize=350%2C200","width":350,"height":200,"srcset":"https:\/\/i0.wp.com\/www.shqiperia.com\/blog\/wp-content\/uploads\/2024\/02\/800-0-65c4da922f37a.jpg?fit=800%2C454&ssl=1&resize=350%2C200 1x, https:\/\/i0.wp.com\/www.shqiperia.com\/blog\/wp-content\/uploads\/2024\/02\/800-0-65c4da922f37a.jpg?fit=800%2C454&ssl=1&resize=525%2C300 1.5x, https:\/\/i0.wp.com\/www.shqiperia.com\/blog\/wp-content\/uploads\/2024\/02\/800-0-65c4da922f37a.jpg?fit=800%2C454&ssl=1&resize=700%2C400 2x"},"classes":[]},{"id":16582,"url":"https:\/\/www.shqiperia.com\/blog\/e-ka-kapur-demin-nga-briret-ngjela-ben-deklaraten-e-forte-dhe-nxjerr-emrat-e-4-politikaneve-qe-po-e-mbajne-peng-shqiperine\/","url_meta":{"origin":98462,"position":5},"title":"\u201cE ka kapur demin nga brir\u00ebt\u201d, Ngjela b\u00ebn deklarat\u00ebn e fort\u00eb dhe nxjerr emrat e 4 politikan\u00ebve q\u00eb po e mbajn\u00eb peng Shqip\u00ebrin\u00eb.-","author":"Kurt Farka","date":"January 25, 2019","format":false,"excerpt":"24\/01\/2019 Avokati Spartak Ngjela p\u00ebrmes nj\u00eb statusi n\u00eb \u2018Facebook\u2019 deklaroi se politika n\u00eb Shqip\u00ebri dhe Kosov\u00eb po shkon n\u00eb nj\u00eb lidhje t\u00eb drejtp\u00ebrdrejt\u00eb. Ngjela theksoi se rasti m\u00eb i mir\u00eb q\u00eb e tregoi k\u00ebt\u00eb \u00ebsht\u00eb kryeministri Ramush Haradinaj me vendimin p\u00ebr rritjen e taks\u00ebs p\u00ebr mallrat serbe q\u00eb hyjn\u00eb n\u00eb\u2026","rel":"","context":"In &quot;Blogu i Udh\u00ebtarit&quot;","block_context":{"text":"Blogu i Udh\u00ebtarit","link":"https:\/\/www.shqiperia.com\/blog\/category\/blogu-i-udhetarit\/"},"img":{"alt_text":"","src":"https:\/\/i0.wp.com\/www.shqiperia.com\/blog\/wp-content\/uploads\/2019\/01\/images-6-300x164.jpg?resize=350%2C200","width":350,"height":200},"classes":[]}],"_links":{"self":[{"href":"https:\/\/www.shqiperia.com\/blog\/wp-json\/wp\/v2\/posts\/98462","targetHints":{"allow":["GET"]}}],"collection":[{"href":"https:\/\/www.shqiperia.com\/blog\/wp-json\/wp\/v2\/posts"}],"about":[{"href":"https:\/\/www.shqiperia.com\/blog\/wp-json\/wp\/v2\/types\/post"}],"author":[{"embeddable":true,"href":"https:\/\/www.shqiperia.com\/blog\/wp-json\/wp\/v2\/users\/9"}],"replies":[{"embeddable":true,"href":"https:\/\/www.shqiperia.com\/blog\/wp-json\/wp\/v2\/comments?post=98462"}],"version-history":[{"count":1,"href":"https:\/\/www.shqiperia.com\/blog\/wp-json\/wp\/v2\/posts\/98462\/revisions"}],"predecessor-version":[{"id":98464,"href":"https:\/\/www.shqiperia.com\/blog\/wp-json\/wp\/v2\/posts\/98462\/revisions\/98464"}],"wp:featuredmedia":[{"embeddable":true,"href":"https:\/\/www.shqiperia.com\/blog\/wp-json\/wp\/v2\/media\/98463"}],"wp:attachment":[{"href":"https:\/\/www.shqiperia.com\/blog\/wp-json\/wp\/v2\/media?parent=98462"}],"wp:term":[{"taxonomy":"category","embeddable":true,"href":"https:\/\/www.shqiperia.com\/blog\/wp-json\/wp\/v2\/categories?post=98462"},{"taxonomy":"post_tag","embeddable":true,"href":"https:\/\/www.shqiperia.com\/blog\/wp-json\/wp\/v2\/tags?post=98462"}],"curies":[{"name":"wp","href":"https:\/\/api.w.org\/{rel}","templated":true}]}}